{"id":1671,"date":"2016-06-17T14:59:37","date_gmt":"2016-06-17T14:59:37","guid":{"rendered":"https:\/\/projetoslayerup.com.br\/layerup\/hml\/\/?p=1671"},"modified":"2016-06-17T14:59:37","modified_gmt":"2016-06-17T14:59:37","slug":"a-vez-das-pequenas-empresas-como-a-crise-pode-te-ajudar","status":"publish","type":"post","link":"https:\/\/projetoslayerup.com.br\/layerup\/a-vez-das-pequenas-empresas-como-a-crise-pode-te-ajudar\/","title":{"rendered":"A vez das pequenas empresas: como a crise pode te ajudar"},"content":{"rendered":"<h2>Como\u00a0o Marketing Digital pode auxiliar\u00a0as pequenas empresas a driblarem a economia inst\u00e1vel?<\/h2>\n<p>A <strong>crise<\/strong>\u00a0econ\u00f4mica \u00e9\u00a0amea\u00e7adora em um primeiro momento, mas vou focar em seu <strong>lado positivo<\/strong> e mostrar como esse cen\u00e1rio pode impulsionar as <strong>pequenas empresas<\/strong>.<br \/>\nPara falar sobre esse tema, trago aqui algumas ideias comuns em tempos de economia inst\u00e1vel e vou rebat\u00ea-las com os &#8220;mantras&#8221; positivos do <strong>Marketing Digital<\/strong>. Combinado? Ent\u00e3o vamos l\u00e1!<\/p>\n<h3>3 pensamentos comuns do pequeno empres\u00e1rio na crise<\/h3>\n<ol>\n<li>\n<h4>Com a crise os pre\u00e7os dispararam e minha empresa n\u00e3o acompanha esse ritmo<\/h4>\n<p>Realmente fazer parte do quadro de <strong>pequenas empresas<\/strong> e enfrentar a oscila\u00e7\u00e3o de taxas n\u00e3o \u00e9 tarefa f\u00e1cil. A quest\u00e3o aqui \u00e9: <strong>como se fortalecer na crise<\/strong>?<br \/>\n<em><strong>Personalizar uma estrat\u00e9gia de acordo com o perfil do neg\u00f3cio \u00e9 a sacada &#8220;m\u00e1gica&#8221; do Inbound Marketing.<\/strong><\/em><br \/>\nO plano perfeito \u00e9 aquele com mais chances de sucesso e a personaliza\u00e7\u00e3o \u00e9 um dos itens indispens\u00e1veis para isso. Por meio da descoberta de <strong><a href=\"https:\/\/projetoslayerup.com.br\/layerup\/hml\/\/buyer-personas-o-que-sao-e-como-cria-las\/\" target=\"_blank\" rel=\"noopener noreferrer\">Buyer Personas<\/a><\/strong>, de <strong>palavras-chave<\/strong>, da dedica\u00e7\u00e3o ao <strong><a href=\"https:\/\/dicassociais.com.br\/2015\/07\/marketing-de-conteudo-seu-forte-aliado-pos-venda\/\" target=\"_blank\" rel=\"noopener noreferrer\">Marketing de Conte\u00fado<\/a><\/strong>, entre outros fatores que se adequam \u00e0 proposta de sua empresa, j\u00e1 \u00e9 poss\u00edvel tra\u00e7ar a\u00e7\u00f5es eficazes e metas corajosas para combater a crise.<\/li>\n<li>\n<h4>Ningu\u00e9m compra na minha loja por causa da crise<\/h4>\n<p>Essa \u00e9 uma <strong>frase perigosa<\/strong> que muitos pequenos empres\u00e1rios podem usar para justificar a queda nas vendas. A solu\u00e7\u00e3o que a internet oferece, al\u00e9m de se adaptar a v\u00e1rios n\u00edveis de<strong> <em>budget<\/em><\/strong>, aumenta as chances de um resultado mais r\u00e1pido do que se imagina.<br \/>\n<em><strong>A publicidade online \u00e9 um dos artefatos mais eficientes do Marketing Digital para alavancar as vendas.<\/strong><\/em><br \/>\nA vantagem das <strong>pequenas empresas<\/strong> ao optar por esse modelo de an\u00fancio \u00e9 que, o que seria um gasto para uma grande companhia j\u00e1 posicionada e com p\u00fablico consolidado, \u00e9 um investimento bem aplicado para elas. Al\u00e9m de aumentar as vendas, os <strong>an\u00fancios<\/strong> instigam o p\u00fablico a conhecer melhor o produto e o neg\u00f3cio.<br \/>\nComentei recentemente sobre algumas ferramentas para vender mais <strong><a href=\"https:\/\/projetoslayerup.com.br\/layerup\/hml\/\/como-vender-mais-e-alavancar-seu-negocio-com-a-ajuda-do-marketing\/\" target=\"_blank\" rel=\"noopener noreferrer\">aqui<\/a><\/strong>.<\/li>\n<li>\n<h4>S\u00f3 os grandes neg\u00f3cios v\u00e3o ter aten\u00e7\u00e3o com essa economia<\/h4>\n<p>As<strong> pequenas empresas<\/strong> podem articular a economia tanto quanto as grandes. Como? Vamos ao &#8220;mantra&#8221;:<br \/>\n<em><strong>O Marketing Digital \u00e9 uma das maneiras\u00a0mais r\u00e1pidas e eficazes de se construir uma imagem forte no mercado e se comunicar com seus clientes em potencial. \u00a0 \u00a0 \u00a0 \u00a0 \u00a0 \u00a0 \u00a0 \u00a0 \u00a0 \u00a0 \u00a0 \u00a0 \u00a0 \u00a0 \u00a0 \u00a0 \u00a0 \u00a0 \u00a0 \u00a0 \u00a0 \u00a0 \u00a0 \u00a0 \u00a0 \u00a0 \u00a0 \u00a0 \u00a0 \u00a0 <\/strong><\/em><br \/>\n<span style=\"line-height: 1.5;\">Microempreendedor, se voc\u00ea focar na estrat\u00e9gia correta, seu espa\u00e7o estar\u00e1 garantido no mercado. S\u00f3 \u00e9 visto e percebido quem mostra o que tem a oferecer. Ao mirar no p\u00fablico certo e usar a internet para divulgar o que seu neg\u00f3cio tem de melhor, seja com <\/span><strong style=\"line-height: 1.5;\"><a href=\"https:\/\/dicassociais.com.br\/2015\/11\/vimo-youtube-melhor-para-sua-empresa\/\" target=\"_blank\" rel=\"noopener noreferrer\">v\u00eddeos<\/a><\/strong><span style=\"line-height: 1.5;\">, por meio de um <\/span><strong style=\"line-height: 1.5;\"><a href=\"https:\/\/projetoslayerup.com.br\/layerup\/hml\/\/como-administrar-bem-o-blog-da-sua-empresa-marketing-de-conteudo\/\" target=\"_blank\" rel=\"noopener noreferrer\">blog<\/a><\/strong><span style=\"line-height: 1.5;\">, ou pelas <\/span><strong style=\"line-height: 1.5;\"><a href=\"https:\/\/dicassociais.com.br\/2016\/02\/mais-engajamento-midias-sociais\/\" target=\"_blank\" rel=\"noopener noreferrer\">m\u00eddias sociais<\/a><\/strong><span style=\"line-height: 1.5;\">, \u00e9 poss\u00edvel estabelecer autoridade e enfrentar os grandalh\u00f5es do mercado, mesmo na crise.<\/span><\/li>\n<\/ol>\n<h3>Por que a crise no Brasil \u00e9 a grande chance das pequenas empresas?<\/h3>\n<p>A crise fez surgir no Brasil um <strong>novo tipo de empreendedor<\/strong>. Com as recorrentes demiss\u00f5es, diversos profissionais com alto n\u00edvel de escolaridade seguem sem emprego e na busca de um neg\u00f3cio pr\u00f3prio. O que isso significa?<\/p>\n<ul>\n<li>Aproveite que a crise destacou o empreendedorismo no pa\u00eds e usufrua do entusiasmo em valorizar o\u00a0<strong>microempreendedor<\/strong>.<\/li>\n<li>N\u00e3o precisa ter <strong>medo da crise<\/strong>. Ser empreendedor \u00e9 encarar novos desafios. <strong>Pequenas empresas<\/strong> evitam gastos altos por conta da <strong>equipe enxuta<\/strong> e atendem, geralmente, uma fatia do mercado muito espec\u00edfica, o que se faz com muito mais aten\u00e7\u00e3o e at\u00e9 de forma personalizada.<\/li>\n<\/ul>\n<p>Com a aplica\u00e7\u00e3o das ferramentas oferecidas pelo <strong>Marketing Digital,<\/strong> principalmente, no relacionamento com o cliente, fica mais f\u00e1cil manter o ritmo das vendas mesmo com a economia inst\u00e1vel.<br \/>\nAli\u00e1s, no pr\u00f3ximo post vou falar justamente sobre <strong>como vender mais<\/strong>, mas dessa vez, encarando a concorr\u00eancia.<br \/>\nSurgiu alguma d\u00favida sobre esse tema? Sem problemas! \u00c9 s\u00f3 <a href=\"https:\/\/projetoslayerup.com.br\/layerup\/#contato\" target=\"_blank\" rel=\"noopener noreferrer\">entrar em contato<\/a> que vamos lhe ajudar.<br \/>\n&nbsp;<br \/>\n<a href=\"https:\/\/inboundmarketing.layerup.com.br\/como-estruturar-o-marketing-de-sua-empresa\" target=\"_blank\" rel=\"noopener noreferrer\"><img loading=\"lazy\" decoding=\"async\" class=\"aligncenter wp-image-44403 size-full\" src=\"https:\/\/projetoslayerup.com.br\/layerup\/wp-content\/uploads\/2016\/06\/pequenas-empresas-720x427-1.png\" alt=\"pequenas empresas\" width=\"720\" height=\"427\" srcset=\"https:\/\/projetoslayerup.com.br\/layerup\/wp-content\/uploads\/2016\/06\/pequenas-empresas-720x427-1.png 720w, https:\/\/projetoslayerup.com.br\/layerup\/wp-content\/uploads\/2016\/06\/pequenas-empresas-720x427-1-300x178.png 300w\" sizes=\"auto, (max-width: 720px) 100vw, 720px\" \/><\/a><\/p>\n<div id=\"1_cc-marketing-digital-1e84aadabf0fe0b03cb1\" role=\"main\"><\/div>\n<p><script type=\"text\/javascript\" src=\"https:\/\/d335luupugsy2.cloudfront.net\/js\/rdstation-forms\/stable\/rdstation-forms.min.js\"><\/script><br \/>\n<script type=\"text\/javascript\">\n  new RDStationForms('1_cc-marketing-digital-1e84aadabf0fe0b03cb1-html', 'UA-65449464-1').createForm();\n<\/script><\/p>\n","protected":false},"excerpt":{"rendered":"<p>Como\u00a0o Marketing Digital pode auxiliar\u00a0as pequenas empresas a driblarem a economia inst\u00e1vel? A crise\u00a0econ\u00f4mica \u00e9\u00a0amea\u00e7adora em um primeiro momento, mas vou focar em seu lado positivo e mostrar como esse cen\u00e1rio pode impulsionar as pequenas empresas. Para falar sobre esse tema, trago aqui algumas ideias comuns em tempos de economia inst\u00e1vel e vou rebat\u00ea-las com [&hellip;]<\/p>\n","protected":false},"author":4,"featured_media":25162,"comment_status":"open","ping_status":"open","sticky":false,"template":"","format":"standard","meta":{"_acf_changed":false,"footnotes":""},"categories":[22,38,24],"tags":[],"class_list":["post-1671","post","type-post","status-publish","format-standard","has-post-thumbnail","hentry","category-marketing-digital","category-midias-sociais","category-performance"],"acf":[],"_links":{"self":[{"href":"https:\/\/projetoslayerup.com.br\/layerup\/wp-json\/wp\/v2\/posts\/1671","targetHints":{"allow":["GET"]}}],"collection":[{"href":"https:\/\/projetoslayerup.com.br\/layerup\/wp-json\/wp\/v2\/posts"}],"about":[{"href":"https:\/\/projetoslayerup.com.br\/layerup\/wp-json\/wp\/v2\/types\/post"}],"author":[{"embeddable":true,"href":"https:\/\/projetoslayerup.com.br\/layerup\/wp-json\/wp\/v2\/users\/4"}],"replies":[{"embeddable":true,"href":"https:\/\/projetoslayerup.com.br\/layerup\/wp-json\/wp\/v2\/comments?post=1671"}],"version-history":[{"count":0,"href":"https:\/\/projetoslayerup.com.br\/layerup\/wp-json\/wp\/v2\/posts\/1671\/revisions"}],"wp:featuredmedia":[{"embeddable":true,"href":"https:\/\/projetoslayerup.com.br\/layerup\/wp-json\/wp\/v2\/media\/25162"}],"wp:attachment":[{"href":"https:\/\/projetoslayerup.com.br\/layerup\/wp-json\/wp\/v2\/media?parent=1671"}],"wp:term":[{"taxonomy":"category","embeddable":true,"href":"https:\/\/projetoslayerup.com.br\/layerup\/wp-json\/wp\/v2\/categories?post=1671"},{"taxonomy":"post_tag","embeddable":true,"href":"https:\/\/projetoslayerup.com.br\/layerup\/wp-json\/wp\/v2\/tags?post=1671"}],"curies":[{"name":"wp","href":"https:\/\/api.w.org\/{rel}","templated":true}]}}