{"id":2129,"date":"2016-09-15T15:16:28","date_gmt":"2016-09-15T15:16:28","guid":{"rendered":"https:\/\/projetoslayerup.com.br\/layerup\/hml\/\/?p=2129"},"modified":"2021-03-30T21:45:39","modified_gmt":"2021-03-31T00:45:39","slug":"producao-de-conteudo-para-blog","status":"publish","type":"post","link":"https:\/\/projetoslayerup.com.br\/layerup\/producao-de-conteudo-para-blog\/","title":{"rendered":"Por que valorizar a produ\u00e7\u00e3o de conte\u00fado para blog?"},"content":{"rendered":"<h2>O que aprendi sobre a produ\u00e7\u00e3o de conte\u00fado para blog com a\u00a0experi\u00eancia\u00a0na produ\u00e7\u00e3o editorial<\/h2>\n<p>Como j\u00e1 dizia M\u00e1rio Quintana, \u201co segredo \u00e9 n\u00e3o correr atr\u00e1s das borboletas. \u00c9 cuidar do jardim para que elas venham at\u00e9 voc\u00ea\u201d. No caso da rela\u00e7\u00e3o entre empresa e cliente, a l\u00f3gica \u00e9 a mesma: n\u00e3o adianta mais vencer o p\u00fablico pelo cansa\u00e7o. Para atrai-lo, o segredo \u00e9 investir na produ\u00e7\u00e3o de <strong><a href=\"https:\/\/projetoslayerup.com.br\/layerup\/como-administrar-um-blog\/\" rel=\"noopener noreferrer\">conte\u00fado para blog<\/a><\/strong>, p\u00e1gina que ser\u00e1 o jardim da sua pequena empresa.<br \/>\nAqui na <a href=\"https:\/\/projetoslayerup.com.br\/layerup\/\" target=\"_blank\" rel=\"noopener noreferrer\">Layer Up<\/a> n\u00f3s valorizamos o <a href=\"https:\/\/projetoslayerup.com.br\/layerup\/hml\/\/marketing-de-conteudo-e-suas-principais-ferramentas\/\" target=\"_blank\" rel=\"noopener noreferrer\">Marketing de Conte\u00fado<\/a>, pois acreditamos que, ajudando o empres\u00e1rio a escrever e a publicar textos de qualidade, ele se tornar\u00e1:<\/p>\n<ul>\n<li><strong>autoridade<\/strong> no segmento em que atua;<\/li>\n<li>fonte para que o mercado seja abastecido com conte\u00fado para blog e\u00a0<strong>informa\u00e7\u00f5es relevantes<\/strong>;<\/li>\n<li>e<strong> refer\u00eancia<\/strong> para aqueles que buscam se identificar com a marca antes de adquirir os produtos vendidos por ela.<\/li>\n<\/ul>\n<h2>Trajet\u00f3ria<\/h2>\n<p>A minha trajet\u00f3ria profissional fez com que eu valorizasse desde cedo um bom conte\u00fado para blog. Comecei a trabalhar na <strong>Editora Abril<\/strong>\u00a0como designer quando tinha 18 anos. Ali, passei por diversas reda\u00e7\u00f5es, como as das revistas <em>Exame<\/em>, <em>VOC\u00ca S\/A<\/em>, <em>Casa Claudia<\/em>,\u00a0<em>Arquitetura &amp; Constru\u00e7\u00e3o,<\/em>\u00a0<em>Bons Fluidos<\/em>, entre outras. Com a rotina, pude conhecer tamb\u00e9m o lado do jornalista e o do produtor.<\/p>\n<p>Mesmo estando atenta a cada detalhe para que nenhum erro de diagrama\u00e7\u00e3o chegasse \u00e0 vers\u00e3o final das publica\u00e7\u00f5es, aprendi a valorizar tamb\u00e9m o conte\u00fado. Sem ele, a identidade visual n\u00e3o surte o mesmo efeito. E vice-versa. O texto, sem a imagem n\u00e3o atrai tanto o p\u00fablico, como mostram, por exemplo, estas t\u00e9cnicas para aumentar a participa\u00e7\u00e3o no Facebook.<\/p>\n<p>Depois de dois\u00a0anos trabalhando na editora, decidi fazer a gradua\u00e7\u00e3o em Propaganda e Marketing, mas o curso n\u00e3o mostrou ser o que eu esperava. Al\u00e9m disso, por querer entender a mec\u00e2nica da produ\u00e7\u00e3o de conte\u00fado e por amar os livros, no ano seguinte, comecei a estudar <strong>Produ\u00e7\u00e3o Editorial<\/strong>.<\/p>\n<p>A faculdade me trouxe muita experi\u00eancia, porque o curso envolvia Marketing\u00a0e conte\u00fado, e focava bastante nos processos editoriais. Ter visto o outro lado, que n\u00e3o fosse o do designer, trouxe uma grande bagagem para a minha carreira. No fim da gradua\u00e7\u00e3o, eu j\u00e1 estava completando sete anos de Editora Abril, na qual fiquei por mais tr\u00eas anos.<\/p>\n<h2>Experi\u00eancia em conte\u00fado para blog<\/h2>\n<p>De l\u00e1, passei a trabalhar em uma revista de beleza do grupo Ikesaki. Nela, pude me envolver com feiras e eventos, e tamb\u00e9m com o lado do Marketing de pensar em <a href=\"https:\/\/projetoslayerup.com.br\/layerup\/leads-sua-definicao-e-importancia-para-seu-negocio\/\" rel=\"noopener noreferrer\">p\u00fablico-alvo<\/a>, produ\u00e7\u00e3o de conte\u00fado para blog\u00a0e\u00a0<strong>posicionamento de marca<\/strong>.<\/p>\n<p>Como comecei a me interessar por essa \u00e1rea, fui fazer um MBA em Marketing na ESPM, que me trouxe uma <a href=\"https:\/\/projetoslayerup.com.br\/layerup\/o-que-aprendi-sobre-planejamento-estrategico-fazendo-um-mochilao-pela-europa\/\" rel=\"noopener noreferrer\">bagagem estrat\u00e9gica<\/a> de conhecimento, mesmo que ainda fosse de uma vis\u00e3o de Marketing tradicional. Nessa \u00e9poca, embora j\u00e1 existisse o <strong>Marketing Digital<\/strong>, ele ainda n\u00e3o estava t\u00e3o presente nas faculdades e universidades.<br \/>\nCerca de dois anos depois de trabalhar na revista do grupo Ikesaki, fui para o CERS Cursos Online, no qual fui contratada para ser coordenadora da editora, que produzia somente livros digitais \u2013 uma raridade no Brasil. Foi muito desafiador e tive que conhecer o universo digital, inclusive saber o que eram <a href=\"https:\/\/projetoslayerup.com.br\/layerup\/8-estrategias-de-marketing-digital-para-fidelizar-clientes\/\" rel=\"noopener noreferrer\">Marketing Digital<\/a>, <a href=\"https:\/\/projetoslayerup.com.br\/layerup\/hml\/\/seo-otimize-o-seu-site-para-o-google\/\" target=\"_blank\" rel=\"noopener noreferrer\">SEO<\/a> e <a href=\"https:\/\/projetoslayerup.com.br\/layerup\/remarketing-a-ferramenta-que-te-ajuda-a-conquistar-aqueles-que-se-foram\/\" target=\"_blank\" rel=\"noopener noreferrer\">Remarketing<\/a>.<\/p>\n<p>E da\u00ed, precisei estudar. Fiz cursos voltados para m\u00eddias sociais, <a href=\"https:\/\/projetoslayerup.com.br\/layerup\/google-adwords-os-erros-que-prejudicam-os-resultados\/\" rel=\"noopener noreferrer\">Google Adwords<\/a> e Google Analytics. Nesse per\u00edodo, descobri a HubSpot, empresa idealizadora\u00a0da metodologia do <a href=\"https:\/\/projetoslayerup.com.br\/layerup\/5-tecnicas-de-inbound-marketing-vencer-concorrencia\/\" rel=\"noopener noreferrer\">Inbound Marketing<\/a>, que valoriza a produ\u00e7\u00e3o de conte\u00fado para blog. Fiz a certifica\u00e7\u00e3o deles online.\u00a0Depois de tr\u00eas anos no CERS, chegou o momento em que tive vontade de ter o meu <strong>pr\u00f3prio neg\u00f3cio<\/strong>.<\/p>\n<h2>Layer UP<\/h2>\n<p>Na <strong>Layer Up<\/strong>, pude colocar em pr\u00e1tica toda a experi\u00eancia de estrat\u00e9gia e, especificamente, de produ\u00e7\u00e3o de conte\u00fado que adquiri durante a\u00a0minha trajet\u00f3ria profissional. E foi construindo<strong> planejamentos<\/strong> e analisando <strong>resultados<\/strong> que compreendi o poder de atra\u00e7\u00e3o que o conte\u00fado para blog proporciona para as empresas. \u00c9 ele que as pessoas buscam no Google\u00a0e\u00a0que os usu\u00e1rios compartilham nas redes sociais.<\/p>\n<p>\u00c9 o conte\u00fado ainda o respons\u00e1vel pelo processo de convers\u00e3o de um potencial cliente em <strong><em>lead<\/em>\u00a0<\/strong>e de um <em>lead<\/em> em cliente. Com ele,\u00a0somos capazes de nos aproximar do p\u00fablico certo e ajud\u00e1-lo a entender nossos valores e diferenciais.<\/p>\n<p>O conte\u00fado para blog tem uma <strong>for\u00e7a de atra\u00e7\u00e3o<\/strong> enorme. Se voc\u00ea est\u00e1 aqui lendo o post at\u00e9 este ponto, \u00e9 a prova de que um texto\u00a0de qualidade e envolvente \u00e9 capaz de estreitar o la\u00e7o entre o visitante e a empresa.<\/p>\n<p>No pr\u00f3ximo post, contarei sobre outro fator importante, al\u00e9m\u00a0do\u00a0bom conte\u00fado para blog, para uma a\u00e7\u00e3o de Marketing bem-sucedida: \u00a0a import\u00e2ncia de contar com <strong>profissionais especializados<\/strong>. Caso\u00a0queira\u00a0receber conte\u00fados exclusivos e uma notifica\u00e7\u00e3o assim que a publica\u00e7\u00e3o for ao ar, inscreva-se no formul\u00e1rio abaixo.<br \/>\n<a href=\"https:\/\/projetoslayerup.com.br\/layerup\/servicos-layerup\/inbound-marketing\/\" rel=\"noopener noreferrer\"><img loading=\"lazy\" decoding=\"async\" class=\"aligncenter wp-image-44228 size-full\" src=\"https:\/\/projetoslayerup.com.br\/layerup\/wp-content\/uploads\/2016\/09\/conteudo-para-blog1-720x427-1.jpg\" alt=\"conteudo para blog layer up\" width=\"720\" height=\"427\" srcset=\"https:\/\/projetoslayerup.com.br\/layerup\/wp-content\/uploads\/2016\/09\/conteudo-para-blog1-720x427-1.jpg 720w, https:\/\/projetoslayerup.com.br\/layerup\/wp-content\/uploads\/2016\/09\/conteudo-para-blog1-720x427-1-300x178.jpg 300w\" sizes=\"auto, (max-width: 720px) 100vw, 720px\" \/><\/a><\/p>\n<div id=\"1_cc-inbound-3256bc7634c55b60c813\" role=\"main\"><\/div>\n<p><script type=\"text\/javascript\" src=\"https:\/\/d335luupugsy2.cloudfront.net\/js\/rdstation-forms\/stable\/rdstation-forms.min.js\"><\/script><br \/>\n<script type=\"text\/javascript\">\n  new RDStationForms('1_cc-inbound-3256bc7634c55b60c813-html', 'UA-65449464-1').createForm();\n<\/script><\/p>\n","protected":false},"excerpt":{"rendered":"<p>O que aprendi sobre a produ\u00e7\u00e3o de conte\u00fado para blog com a\u00a0experi\u00eancia\u00a0na produ\u00e7\u00e3o editorial Como j\u00e1 dizia M\u00e1rio Quintana, \u201co segredo \u00e9 n\u00e3o correr atr\u00e1s das borboletas. \u00c9 cuidar do jardim para que elas venham at\u00e9 voc\u00ea\u201d. No caso da rela\u00e7\u00e3o entre empresa e cliente, a l\u00f3gica \u00e9 a mesma: n\u00e3o adianta mais vencer o [&hellip;]<\/p>\n","protected":false},"author":4,"featured_media":25170,"comment_status":"open","ping_status":"open","sticky":false,"template":"","format":"standard","meta":{"_acf_changed":false,"footnotes":""},"categories":[28,20,21,22,47],"tags":[],"class_list":["post-2129","post","type-post","status-publish","format-standard","has-post-thumbnail","hentry","category-conteudo-estrategico","category-inbound-marketing","category-marketing-de-conteudo","category-marketing-digital","category-seo"],"acf":[],"_links":{"self":[{"href":"https:\/\/projetoslayerup.com.br\/layerup\/wp-json\/wp\/v2\/posts\/2129","targetHints":{"allow":["GET"]}}],"collection":[{"href":"https:\/\/projetoslayerup.com.br\/layerup\/wp-json\/wp\/v2\/posts"}],"about":[{"href":"https:\/\/projetoslayerup.com.br\/layerup\/wp-json\/wp\/v2\/types\/post"}],"author":[{"embeddable":true,"href":"https:\/\/projetoslayerup.com.br\/layerup\/wp-json\/wp\/v2\/users\/4"}],"replies":[{"embeddable":true,"href":"https:\/\/projetoslayerup.com.br\/layerup\/wp-json\/wp\/v2\/comments?post=2129"}],"version-history":[{"count":3,"href":"https:\/\/projetoslayerup.com.br\/layerup\/wp-json\/wp\/v2\/posts\/2129\/revisions"}],"predecessor-version":[{"id":49471,"href":"https:\/\/projetoslayerup.com.br\/layerup\/wp-json\/wp\/v2\/posts\/2129\/revisions\/49471"}],"wp:featuredmedia":[{"embeddable":true,"href":"https:\/\/projetoslayerup.com.br\/layerup\/wp-json\/wp\/v2\/media\/25170"}],"wp:attachment":[{"href":"https:\/\/projetoslayerup.com.br\/layerup\/wp-json\/wp\/v2\/media?parent=2129"}],"wp:term":[{"taxonomy":"category","embeddable":true,"href":"https:\/\/projetoslayerup.com.br\/layerup\/wp-json\/wp\/v2\/categories?post=2129"},{"taxonomy":"post_tag","embeddable":true,"href":"https:\/\/projetoslayerup.com.br\/layerup\/wp-json\/wp\/v2\/tags?post=2129"}],"curies":[{"name":"wp","href":"https:\/\/api.w.org\/{rel}","templated":true}]}}