{"id":45070,"date":"2019-01-07T18:17:48","date_gmt":"2019-01-07T20:17:48","guid":{"rendered":"https:\/\/projetoslayerup.com.br\/layerup\/?p=45070"},"modified":"2021-02-17T14:13:20","modified_gmt":"2021-02-17T17:13:20","slug":"qualificacao-profissional","status":"publish","type":"post","link":"https:\/\/projetoslayerup.com.br\/layerup\/qualificacao-profissional\/","title":{"rendered":"Invista na qualifica\u00e7\u00e3o profissional da sua equipe e prepare sua empresa para o futuro"},"content":{"rendered":"<p>Melhorar o desempenho de sua equipe \u00e9 um grande desafio para qualquer gestor, independentemente do setor de atua\u00e7\u00e3o. Muitos n\u00e3o sabem, mas investir na qualifica\u00e7\u00e3o profissional dos colaboradores \u00e9 uma iniciativa que sempre traz bons frutos aos empreendimentos.<\/p>\n<p>Quando se investe nos colaboradores, voc\u00ea est\u00e1 investindo no seu pr\u00f3prio neg\u00f3cio. \u00c9 uma forma de prepar\u00e1-los para desafios que est\u00e3o por vir. Com eles mais capacitados, a produ\u00e7\u00e3o da equipe como um todo ser\u00e1 maior e a qualidade tamb\u00e9m ser\u00e1 elevada. E o melhor de tudo: ajudar\u00e1 seu neg\u00f3cio a crescer rapidamente de forma mais efetiva.<\/p>\n<p>Se deixar de investir na qualifica\u00e7\u00e3o profissional do seu time, voc\u00ea sentir\u00e1 reflexos desta decis\u00e3o rapidamente e a capacidade de inova\u00e7\u00e3o da sua empresa ficar\u00e1 estagnada.<\/p>\n<p>No \u00faltimo ano, n\u00f3s da <strong><span style=\"color: #ffc000;\">Layer Up<\/span><\/strong> tiramos uma ideia do papel: o <span style=\"color: #ffc000;\"><strong>Layer Talks<\/strong><\/span>. Trata-se de um projeto em que colaboradores \u2014 ou at\u00e9 mesmo nossa CEO \u2014 preparam palestras para falar sobre algum assunto que domina e que agregar\u00e1 conhecimento aos demais. Os interessados se inscrevem e, em um dia pr\u00e9-definido, participam do encontro aqui mesmo na ag\u00eancia.<\/p>\n<p>J\u00e1 tivemos um <span style=\"color: #ffc000;\"><strong>Layer Talks<\/strong><\/span> ministrado pela <a href=\"https:\/\/www.linkedin.com\/in\/samira-cardoso-69656720\/\" target=\"_blank\" rel=\"noopener noreferrer\">Samira Cardoso<\/a> sobre \u201c<a href=\"https:\/\/projetoslayerup.com.br\/layerup\/essencia-de-lideranca\/\" target=\"_blank\" rel=\"noopener noreferrer\">Ess\u00eancia de Lideran\u00e7a<\/a>\u201d. Al\u00e9m de outro com\u00a0<a href=\"https:\/\/www.linkedin.com\/in\/eric-luiz-porto-49863a8a\/\" target=\"_blank\" rel=\"noopener noreferrer\">Eric Porto<\/a>, l\u00edder do nosso time Y, que falou dos 3 pilares da automa\u00e7\u00e3o de marketing.<\/p>\n<p>Ainda \u00e9 uma iniciativa que est\u00e1 se desenvolvendo, mas tem potencial para cada vez mais ser parte da nossa rotina. E o melhor: ir\u00e1 agregar conhecimento e aperfei\u00e7oar o trabalho do nosso time.<\/p>\n<p>Esse aprendizado constante, ainda mais na \u00e1rea de marketing e vendas, est\u00e1 diretamente ligado a inova\u00e7\u00e3o e transforma\u00e7\u00e3o digital, dois pilares que falamos bastante aqui no blog da Layer.<\/p>\n<h2>Qualifica\u00e7\u00e3o profissional do futuro<\/h2>\n<p><img loading=\"lazy\" decoding=\"async\" class=\"aligncenter wp-image-45071\" src=\"https:\/\/projetoslayerup.com.br\/layerup\/wp-content\/uploads\/2019\/01\/shutterstock_357987203-300x203.jpg\" alt=\"Qualifica\u00e7\u00e3o profissional\" width=\"520\" height=\"352\" srcset=\"https:\/\/projetoslayerup.com.br\/layerup\/wp-content\/uploads\/2019\/01\/shutterstock_357987203-300x203.jpg 300w, https:\/\/projetoslayerup.com.br\/layerup\/wp-content\/uploads\/2019\/01\/shutterstock_357987203-1024x693.jpg 1024w, https:\/\/projetoslayerup.com.br\/layerup\/wp-content\/uploads\/2019\/01\/shutterstock_357987203-768x520.jpg 768w, https:\/\/projetoslayerup.com.br\/layerup\/wp-content\/uploads\/2019\/01\/shutterstock_357987203-1536x1039.jpg 1536w, https:\/\/projetoslayerup.com.br\/layerup\/wp-content\/uploads\/2019\/01\/shutterstock_357987203-2048x1386.jpg 2048w\" sizes=\"auto, (max-width: 520px) 100vw, 520px\" \/><br \/>\nTodo colaborador \u2014 ou pelo menos a maior parte deles \u2014 sempre tem planos que visam o crescimento profissional por meio de aperfei\u00e7oamento de habilidades. E se eles puderem fazer isso dentro da empresa que trabalham?<\/p>\n<p>A verdade \u00e9 que a <a href=\"https:\/\/projetoslayerup.com.br\/layerup\/transformacao-digital-na-sua-empresa\/\" target=\"_blank\" rel=\"noopener noreferrer\">transforma\u00e7\u00e3o digital<\/a> chegou com tudo e promete mudar muitas coisas. Profiss\u00f5es que hoje existem, daqui alguns anos podem n\u00e3o existir mais. Assim como outras ir\u00e3o surgir.<\/p>\n<p>Embora este cen\u00e1rio seja empolgante para muitos, como as pessoas que ocupam posi\u00e7\u00f5es que n\u00e3o ir\u00e3o existir lidar\u00e3o com isso? Bom, essa \u00e9 uma quest\u00e3o important\u00edssima, mas voc\u00ea sabia que nem todas profiss\u00f5es ir\u00e3o exigir novas habilidades t\u00e9cnicas?<\/p>\n<p>Como usamos termos como \u201ctransforma\u00e7\u00e3o digital, \u201cinova\u00e7\u00e3o\u201d, \u00e9 comum que associem essas novas profiss\u00f5es a cargos que ir\u00e3o exigir um alto n\u00edvel de habilidade t\u00e9cnica, mas as coisas n\u00e3o ir\u00e3o funcionar bem assim.<\/p>\n<p>Sim, algumas profiss\u00f5es ser\u00e3o somente para quem tem habilidades t\u00e9cnicas, mas, sozinhas, elas n\u00e3o ser\u00e3o relevantes.\u00a0Em um palestra no <em><strong>Ted Talk<\/strong><\/em>, <a href=\"https:\/\/www.linkedin.com\/in\/mtschneider\/\" target=\"_blank\" rel=\"noopener noreferrer\">Michelle Schneider<\/a>, gerente de vendas do LinkedIn, disse que a universidade americana <strong>Minerva Schools<\/strong> afirma que as habilidades do futuro est\u00e3o mais relacionadas ao comportamento, n\u00e3o \u00e0 t\u00e9cnica. Por este motivo esta universidade tamb\u00e9m se preocupa em desenvolver habilidades comportamentais de seus alunos.<\/p>\n<p><em>Como assim, o comportamento ser\u00e1 mais importante que t\u00e9cnicas?\u00a0<\/em>Algumas habilidades t\u00e9cnicas que antes eram feitas por humanos j\u00e1 foram dominadas por rob\u00f4s. Muitas outras ainda ser\u00e3o, mas, pelo menos por enquanto, eles n\u00e3o s\u00e3o capazes de dominar habilidades comportamentais e, por isso, ela ser\u00e3o fundamentais para <strong>profissionais do futuro<\/strong>.<\/p>\n<p>Veja algumas habilidades comportamentais que ser\u00e3o cada vez mais exigidas:<\/p>\n<ul>\n<li style=\"font-weight: 400;\"><span style=\"font-weight: 400;\">Resolu\u00e7\u00e3o de problemas complexos<\/span><\/li>\n<li style=\"font-weight: 400;\"><span style=\"font-weight: 400;\">Trabalho em equipe<\/span><\/li>\n<li>Pensamento cr\u00edtico<\/li>\n<li>Criatividade<\/li>\n<li>Gest\u00e3o de pessoas e lideran\u00e7a<\/li>\n<li>Negocia\u00e7\u00e3o<\/li>\n<li>Flexibilidade cognitiva<\/li>\n<li>Intelig\u00eancia emocional<\/li>\n<\/ul>\n<p>N\u00e3o, isso n\u00e3o quer dizer que n\u00e3o haver\u00e1 exig\u00eancias relacionadas \u00e0s novas t\u00e9cnicas do mercado de trabalho. Elas apenas <strong>n\u00e3o ter\u00e3o o mesmo peso que habilidades comportamentais<\/strong>, pois ter\u00e3o um per\u00edodo de validade muito curto.<\/p>\n<p>Vamos relembrar todas nossas habilidades t\u00e9cnicas de dois ou tr\u00eas anos atr\u00e1s e compar\u00e1-las com as atuais. Bem prov\u00e1vel que uma ou outra voc\u00ea j\u00e1 tenha deixado de lado, enquanto algumas passaram a ser utilizadas com mais frequ\u00eancia.<\/p>\n<p>\u00c9 por isso que habilidades comportamentais ser\u00e3o mais relevantes para profissionais do futuro, pois as novidades t\u00e9cnicas entram no mercado com prazo de validade quase definido.<\/p>\n<p>Consequentemente, profissionais do futuro, al\u00e9m de trabalhar no <strong>desenvolvimento de habilidades comportamentais<\/strong>, ter\u00e3o que aprender para sempre se quiserem ser considerados bem-sucedidos em suas posi\u00e7\u00f5es.<\/p>\n<p>Portanto, para que sua empresa n\u00e3o perca espa\u00e7o no mercado, voc\u00ea ter\u00e1 que investir n\u00e3o apenas nas habilidades t\u00e9cnicas dos colaboradores, mas tamb\u00e9m em habilidades comportamentais que ser\u00e3o cruciais para o crescimento do seu neg\u00f3cio.<\/p>\n<p>Dar um UP nas capacidades t\u00e9cnicas e comportamentais da sua equipe \u00e9 um grande passo rumo ao sucesso do seu empreendimento. Voc\u00ea est\u00e1 pronto para essa <strong>evolu\u00e7\u00e3o digital<\/strong>?<\/p>\n<div id=\"1_cc-transformacao-digital-e1a43db577349e0e11ee\" role=\"main\"><\/div>\n<p><script type=\"text\/javascript\" src=\"https:\/\/d335luupugsy2.cloudfront.net\/js\/rdstation-forms\/stable\/rdstation-forms.min.js\"><\/script><br \/>\n<script type=\"text\/javascript\">\nnew RDStationForms('1_cc-transformacao-digital-e1a43db577349e0e11ee-html', 'UA-65449464-1').createForm();\n<\/script><\/p>\n","protected":false},"excerpt":{"rendered":"<p>Melhorar o desempenho de sua equipe \u00e9 um grande desafio para qualquer gestor, independentemente do setor de atua\u00e7\u00e3o. Muitos n\u00e3o sabem, mas investir na qualifica\u00e7\u00e3o profissional dos colaboradores \u00e9 uma iniciativa que sempre traz bons frutos aos empreendimentos. Quando se investe nos colaboradores, voc\u00ea est\u00e1 investindo no seu pr\u00f3prio neg\u00f3cio. \u00c9 uma forma de prepar\u00e1-los [&hellip;]<\/p>\n","protected":false},"author":5,"featured_media":45075,"comment_status":"open","ping_status":"open","sticky":false,"template":"","format":"standard","meta":{"_acf_changed":false,"footnotes":""},"categories":[138,155,48,91],"tags":[188,189,190,125],"class_list":["post-45070","post","type-post","status-publish","format-standard","has-post-thumbnail","hentry","category-empreendedorismo","category-gestao-de-pessoas","category-a-layer-up","category-transformacao-digital","tag-capacitacao-profissional","tag-profissional-do-futuro","tag-qualificacao-profissional","tag-transformacao-digital"],"acf":[],"_links":{"self":[{"href":"https:\/\/projetoslayerup.com.br\/layerup\/wp-json\/wp\/v2\/posts\/45070","targetHints":{"allow":["GET"]}}],"collection":[{"href":"https:\/\/projetoslayerup.com.br\/layerup\/wp-json\/wp\/v2\/posts"}],"about":[{"href":"https:\/\/projetoslayerup.com.br\/layerup\/wp-json\/wp\/v2\/types\/post"}],"author":[{"embeddable":true,"href":"https:\/\/projetoslayerup.com.br\/layerup\/wp-json\/wp\/v2\/users\/5"}],"replies":[{"embeddable":true,"href":"https:\/\/projetoslayerup.com.br\/layerup\/wp-json\/wp\/v2\/comments?post=45070"}],"version-history":[{"count":1,"href":"https:\/\/projetoslayerup.com.br\/layerup\/wp-json\/wp\/v2\/posts\/45070\/revisions"}],"predecessor-version":[{"id":48900,"href":"https:\/\/projetoslayerup.com.br\/layerup\/wp-json\/wp\/v2\/posts\/45070\/revisions\/48900"}],"wp:featuredmedia":[{"embeddable":true,"href":"https:\/\/projetoslayerup.com.br\/layerup\/wp-json\/wp\/v2\/media\/45075"}],"wp:attachment":[{"href":"https:\/\/projetoslayerup.com.br\/layerup\/wp-json\/wp\/v2\/media?parent=45070"}],"wp:term":[{"taxonomy":"category","embeddable":true,"href":"https:\/\/projetoslayerup.com.br\/layerup\/wp-json\/wp\/v2\/categories?post=45070"},{"taxonomy":"post_tag","embeddable":true,"href":"https:\/\/projetoslayerup.com.br\/layerup\/wp-json\/wp\/v2\/tags?post=45070"}],"curies":[{"name":"wp","href":"https:\/\/api.w.org\/{rel}","templated":true}]}}