{"id":45539,"date":"2019-04-12T18:31:30","date_gmt":"2019-04-12T21:31:30","guid":{"rendered":"https:\/\/projetoslayerup.com.br\/layerup\/?p=45539"},"modified":"2021-03-22T14:22:38","modified_gmt":"2021-03-22T17:22:38","slug":"layer-up-no-premio-abradi-2019","status":"publish","type":"post","link":"https:\/\/projetoslayerup.com.br\/layerup\/layer-up-no-premio-abradi-2019\/","title":{"rendered":"Mais uma conquista: Layer Up se destaca em Pr\u00eamio ABRADi Profissional Digital 2019"},"content":{"rendered":"<p>Se voc\u00ea acompanha os canais da Layer Up, j\u00e1 deve saber que conquistamos mais um trof\u00e9u para nossa prateleira: o <strong>Pr\u00eamio ABRADi Profissional Digital 2019<\/strong>, na categoria Gest\u00e3o de Projetos, representados pela nossa co-fundadora <a href=\"https:\/\/www.linkedin.com\/in\/leticia-previatti\/\" target=\"_blank\" rel=\"noopener noreferrer\">Leticia Previatti<\/a>.<\/p>\n<p>Em 2014, a <strong>ABRADi (Associa\u00e7\u00e3o Brasileira de Agentes Digitais)<\/strong>, junto \u00e0 C\u00e2mara Municipal de S\u00e3o Paulo, aprovou um projeto de lei que tornou a data 4 de abril o Dia do Profissional Digital na cidade de S\u00e3o Paulo.<\/p>\n<p>No ano seguinte, no audit\u00f3rio da C\u00e2mara, houve uma comemora\u00e7\u00e3o e alguns especialistas digitais foram homenageados.<\/p>\n<p>A partir do ano de 2016, a <strong>ABRADi-SP<\/strong> passou a apostar em premia\u00e7\u00f5es. J\u00e1 na quarta edi\u00e7\u00e3o, a Leticia trouxe essa conquista para a <span style=\"color: #febf00;\"><strong><a style=\"color: #febf00;\" href=\"https:\/\/projetoslayerup.com.br\/layerup\/\" target=\"_blank\" rel=\"noopener noreferrer\">Layer Up<\/a><\/strong><\/span>.<\/p>\n<h2>Como foi o Pr\u00eamio ABRADi 2019<\/h2>\n<p>Em fevereiro, a Leticia Previatti recebeu a not\u00edcia de que estaria na disputa da premia\u00e7\u00e3o, na categoria Gest\u00e3o de Projetos. Desde ent\u00e3o, come\u00e7amos a divulgar o evento em todos os nossos canais.<\/p>\n<p>Foram campanhas de e-mail marketing para nossa base de contatos e, claro, para nossos clientes. Al\u00e9m de publica\u00e7\u00f5es nas redes sociais e o <strong>engajamento de toda equipe<\/strong> da Layer Up.<\/p>\n<p>Tivemos muitas respostas por e-mail. Prova disso, \u00e9 esse trof\u00e9u que agora est\u00e1 aqui na ag\u00eancia \u2764? e os mais de <strong>20 mil votos contabilizados<\/strong>!<\/p>\n<div id=\"attachment_45547\" style=\"width: 616px\" class=\"wp-caption aligncenter\"><img loading=\"lazy\" decoding=\"async\" aria-describedby=\"caption-attachment-45547\" class=\" wp-image-45547\" src=\"https:\/\/projetoslayerup.com.br\/layerup\/wp-content\/uploads\/2019\/04\/download-11-1024x682-1.jpg\" alt=\"Mais uma conquista: Layer Up se destaca em Pr\u00eamio ABRADi Profissional Digital 2019\" width=\"606\" height=\"404\" srcset=\"https:\/\/projetoslayerup.com.br\/layerup\/wp-content\/uploads\/2019\/04\/download-11-1024x682-1.jpg 1024w, https:\/\/projetoslayerup.com.br\/layerup\/wp-content\/uploads\/2019\/04\/download-11-1024x682-1-300x200.jpg 300w, https:\/\/projetoslayerup.com.br\/layerup\/wp-content\/uploads\/2019\/04\/download-11-1024x682-1-768x512.jpg 768w\" sizes=\"auto, (max-width: 606px) 100vw, 606px\" \/><p id=\"caption-attachment-45547\" class=\"wp-caption-text\">Mais uma conquista: Layer Up se destaca em Pr\u00eamio ABRADi Profissional Digital 2019<\/p><\/div>\n<p>O evento contou com profissionais de peso de \u00e1reas como <strong>M\u00eddia<\/strong>, <strong>Programa\u00e7\u00e3o Web<\/strong>, <strong>Programa\u00e7\u00e3o Mobile<\/strong>, <strong>Planejamento<\/strong>, <strong>Gest\u00e3o de Pessoas<\/strong>, <strong>Cria\u00e7\u00e3o<\/strong>, entre outras categorias.<\/p>\n<p>Vale destacar a presen\u00e7a de <a href=\"https:\/\/www.linkedin.com\/in\/marcelo-lacerda-06479571\/?originalSubdomain=br\" target=\"_blank\" rel=\"noopener noreferrer\">Marcelo Lacerda<\/a>, profissional com curr\u00edculo invej\u00e1vel, que foi homenageado e ganhou <strong>Pr\u00eamio Especial ABRADi Profissional Digital<\/strong>.<\/p>\n<p>Marcelo \u00e9 criador do <strong>Portal Terra<\/strong>, co-fundador das da ag\u00eancia <strong>F.Biz<\/strong> e da operadora <strong>Blue Telecom<\/strong>, al\u00e9m da <a href=\"https:\/\/www.magnopus.com\/\" target=\"_blank\" rel=\"noopener noreferrer\">Magnopus<\/a>, empresa de computa\u00e7\u00e3o gr\u00e1fica com sede na cidade de Los Angeles, que emplacou projetos na Pixar.<\/p>\n<p>Como conseguimos conquistar esse pr\u00eamio?<\/p>\n<p>Consequ\u00eancia de uma <strong>gest\u00e3o de projetos s\u00f3lida<\/strong>, focada nos resultados dos nossos parceiros e com <strong>entregas de alta qualidade<\/strong>. Al\u00e9m disso, buscamos diariamente aperfei\u00e7oar nossos processos para garantir uma performance cada vez melhor.<\/p>\n<p>Acha que o <strong>Pr\u00eamio ABRADi Profissional Digital 2019<\/strong> n\u00e3o foi citado em nenhum outro lugar? Que nada!<\/p>\n<p>Teve repercuss\u00e3o na m\u00eddia, sim! Veja os conte\u00fados da <a href=\"https:\/\/adnews.com.br\/midia\/vencedores-do-4o-premio-abradi-profissional-digital-sao-reconhecidos-durante-a-festa-de-celebracao-do-404digitalday\/?utm_campaign=premio_abradi_-_ganhamos&amp;utm_medium=email&amp;utm_source=RD+Station\" target=\"_blank\" rel=\"noopener noreferrer\">Adnews <\/a>e do <a href=\"https:\/\/propmark.com.br\/premios\/confira-os-vencedores-do-4o-premio-abradi-profissional-digital?utm_campaign=premio_abradi_-_ganhamos&amp;utm_medium=email&amp;utm_source=RD+Station\" target=\"_blank\" rel=\"noopener noreferrer\">PropMark <\/a>quando tiver um tempinho.<br \/>\nAt\u00e9 a pr\u00f3xima! ?<\/p>\n<p><a href=\"https:\/\/projetoslayerup.com.br\/layerup\/como-criar-um-playbook-de-vendas\/\"><img loading=\"lazy\" decoding=\"async\" class=\"aligncenter wp-image-47964 size-full\" src=\"https:\/\/projetoslayerup.com.br\/layerup\/wp-content\/uploads\/2019\/08\/CTA-QUER-SABER-MAIS-1.png\" alt=\"A Leticia Previatti trouxe mais uma conquista para o time Layer Up! Saiba como foi o Pr\u00eamio ABRADi Profissional Digital 2019.\" width=\"900\" height=\"350\" srcset=\"https:\/\/projetoslayerup.com.br\/layerup\/wp-content\/uploads\/2019\/08\/CTA-QUER-SABER-MAIS-1.png 900w, https:\/\/projetoslayerup.com.br\/layerup\/wp-content\/uploads\/2019\/08\/CTA-QUER-SABER-MAIS-1-300x117.png 300w, https:\/\/projetoslayerup.com.br\/layerup\/wp-content\/uploads\/2019\/08\/CTA-QUER-SABER-MAIS-1-768x299.png 768w, https:\/\/projetoslayerup.com.br\/layerup\/wp-content\/uploads\/2019\/08\/CTA-QUER-SABER-MAIS-1-389x150.png 389w\" sizes=\"auto, (max-width: 900px) 100vw, 900px\" \/><\/a><\/p>\n","protected":false},"excerpt":{"rendered":"<p>Se voc\u00ea acompanha os canais da Layer Up, j\u00e1 deve saber que conquistamos mais um trof\u00e9u para nossa prateleira: o Pr\u00eamio ABRADi Profissional Digital 2019, na categoria Gest\u00e3o de Projetos, representados pela nossa co-fundadora Leticia Previatti. Em 2014, a ABRADi (Associa\u00e7\u00e3o Brasileira de Agentes Digitais), junto \u00e0 C\u00e2mara Municipal de S\u00e3o Paulo, aprovou um projeto [&hellip;]<\/p>\n","protected":false},"author":5,"featured_media":45541,"comment_status":"open","ping_status":"open","sticky":false,"template":"","format":"standard","meta":{"_acf_changed":false,"footnotes":""},"categories":[138,48,24],"tags":[224,225,37,226],"class_list":["post-45539","post","type-post","status-publish","format-standard","has-post-thumbnail","hentry","category-empreendedorismo","category-a-layer-up","category-performance","tag-abradi","tag-abradi2019","tag-layer-up","tag-leticia-previatti"],"acf":[],"_links":{"self":[{"href":"https:\/\/projetoslayerup.com.br\/layerup\/wp-json\/wp\/v2\/posts\/45539","targetHints":{"allow":["GET"]}}],"collection":[{"href":"https:\/\/projetoslayerup.com.br\/layerup\/wp-json\/wp\/v2\/posts"}],"about":[{"href":"https:\/\/projetoslayerup.com.br\/layerup\/wp-json\/wp\/v2\/types\/post"}],"author":[{"embeddable":true,"href":"https:\/\/projetoslayerup.com.br\/layerup\/wp-json\/wp\/v2\/users\/5"}],"replies":[{"embeddable":true,"href":"https:\/\/projetoslayerup.com.br\/layerup\/wp-json\/wp\/v2\/comments?post=45539"}],"version-history":[{"count":2,"href":"https:\/\/projetoslayerup.com.br\/layerup\/wp-json\/wp\/v2\/posts\/45539\/revisions"}],"predecessor-version":[{"id":49377,"href":"https:\/\/projetoslayerup.com.br\/layerup\/wp-json\/wp\/v2\/posts\/45539\/revisions\/49377"}],"wp:featuredmedia":[{"embeddable":true,"href":"https:\/\/projetoslayerup.com.br\/layerup\/wp-json\/wp\/v2\/media\/45541"}],"wp:attachment":[{"href":"https:\/\/projetoslayerup.com.br\/layerup\/wp-json\/wp\/v2\/media?parent=45539"}],"wp:term":[{"taxonomy":"category","embeddable":true,"href":"https:\/\/projetoslayerup.com.br\/layerup\/wp-json\/wp\/v2\/categories?post=45539"},{"taxonomy":"post_tag","embeddable":true,"href":"https:\/\/projetoslayerup.com.br\/layerup\/wp-json\/wp\/v2\/tags?post=45539"}],"curies":[{"name":"wp","href":"https:\/\/api.w.org\/{rel}","templated":true}]}}