{"id":45924,"date":"2019-06-12T19:36:25","date_gmt":"2019-06-12T22:36:25","guid":{"rendered":"https:\/\/projetoslayerup.com.br\/layerup\/?p=45924"},"modified":"2021-03-30T11:29:04","modified_gmt":"2021-03-30T14:29:04","slug":"como-contratar-designers","status":"publish","type":"post","link":"https:\/\/projetoslayerup.com.br\/layerup\/como-contratar-designers\/","title":{"rendered":"Como contratar designers que fazem os olhos dos clientes brilharem"},"content":{"rendered":"<p>Ter uma equipe de arte qualificada \u00e9 crucial para qualquer empresa que deseja se aventurar no mundo do marketing digital. Por isso, saber <strong>contratar designers que atendam suas expectativas<\/strong> pode ser um desafio e tanto, mas, para facilitar sua vida, n\u00f3s vamos dar algumas dicas para voc\u00ea.<\/p>\n<p>Aqui, n\u00f3s vamos falar desde o processo de sele\u00e7\u00e3o e passaremos pelo t\u00f3pico que discute a lideran\u00e7a desta equipe. Claro, vamos bater um papo com o l\u00edder dos designers da<span style=\"color: #febf00;\"><strong> Layer Up<\/strong><\/span>.<\/p>\n<p>Fique com a gente e veja como construir uma equipe de alta performance, que d\u00ea ainda mais vida aos conte\u00fados produzidos. Afinal, um conte\u00fado sem um toque especial de arte pode n\u00e3o ser t\u00e3o atrativo para o seu p\u00fablico-alvo.<\/p>\n<h2>Primeiro passo para contratar designers com o perfil ideal<\/h2>\n<p>Montar um equipe criativa, como j\u00e1 falamos, \u00e9 uma tarefa desafiadora. Afinal, s\u00e3o muitas op\u00e7\u00f5es para pouco espa\u00e7o dentro do time. Ent\u00e3o, \u00e9 preciso criar um filtro que mais se aproxime do profissional ideal para sua empresa.<\/p>\n<p>Na <span style=\"color: #febf00;\">Layer Up<\/span>, por exemplo, existe um alinhamento entre a equipe de recursos humanos e o <a href=\"https:\/\/www.linkedin.com\/in\/lucas-rodrigues-761597125\/\" target=\"_blank\" rel=\"noopener noreferrer\">Lucas Rodrigues<\/a>, l\u00edder do nosso time de arte. Ele passa para o RH quais s\u00e3o os requisitos e, assim, alguns perfis s\u00e3o selecionados para a primeira entrevista.<\/p>\n<p>Os candidatos s\u00e3o contatados e iniciamos as primeiras entrevistas para a vaga. O RH fica encarregado de identificar durante o bate-papo se o profissional se enquadra no perfil e na <a href=\"https:\/\/projetoslayerup.com.br\/layerup\/cultura-organizacional-e-transformacao-digital-a-combinacao-perfeita\/\" target=\"_blank\" rel=\"noopener noreferrer\">cultura organizacional<\/a> da Layer.<\/p>\n<p>Aqui, essa constata\u00e7\u00e3o \u00e9 feita com suposi\u00e7\u00f5es. Por exemplo, um dos tra\u00e7os mais fortes da nossa cultura \u00e9 a<strong> leveza e flexibilidade<\/strong>.<\/p>\n<p>Durante a conversa, tentamos extrair respostas que deixem claro como o profissional agiria em determinadas situa\u00e7\u00f5es de trabalho.<\/p>\n<p>Ap\u00f3s esta fase, o candidato \u00e0 vaga conversa com Lucas para uma avalia\u00e7\u00e3o mais t\u00e9cnica. Por\u00e9m, antes disso, o portf\u00f3lio do profissional \u00e9 avaliado n\u00e3o s\u00f3 pelo l\u00edder, mas por todos na equipe, que tem liberdade para opinar.<\/p>\n<h3>Conversa com a Leticia Previatti<\/h3>\n<p>Assim que o conhecimento t\u00e9cnico \u00e9 avaliado, o profissional \u00e9 direcionado para etapa seguinte. Nela, a conversa \u00e9 conduzida pela nossa co-fundadora e gestora de projetos, <a href=\"https:\/\/www.linkedin.com\/in\/leticia-previatti\/\" target=\"_blank\" rel=\"noopener noreferrer\">Leticia Previatti<\/a>.<\/p>\n<p>Durante a entrevista, ela fala sobre a cultura organizacional da Layer e procura ouvir bastante o profissional. Ao escut\u00e1-lo, \u00e9 poss\u00edvel <strong>notar se ele est\u00e1 alinhado ou n\u00e3o com a vaga que desejamos preencher<\/strong>.<\/p>\n<p>Uma coisa super importante, de acordo com a Leticia, \u00e9 comparar a experi\u00eancia com os \u00faltimos funcion\u00e1rios que passaram por aqui. Seja aqueles que tiveram um bom desempenho ou outros que n\u00e3o foram t\u00e3o bem assim.<\/p>\n<p>Assim que essa avalia\u00e7\u00e3o \u00e9 feita, a miss\u00e3o de identificar se o perfil do candidato \u00e9 o ideal para a vaga passa a ser mais assertiva.<\/p>\n<p>Outro ponto que tamb\u00e9m \u00e9 relevante para a an\u00e1lise do profissional s\u00e3o suas <strong>\u00faltimas experi\u00eancias<\/strong>. Saber quais foram os motivos da sua sa\u00eddas das \u00faltimas empresas pode evitar uma contrata\u00e7\u00e3o que talvez gere apenas desgaste no futuro.<\/p>\n<p>Al\u00e9m disso, nossa co-fundadora destaca que, embora a <span style=\"color: #febf00;\"><strong>Layer Up<\/strong><\/span> tenha um ambiente descontra\u00eddo, n\u00f3s <strong>olhamos muito para a produtividade<\/strong> das pessoas e j\u00e1 informamos qual \u00e9 o nosso modelo de trabalho ainda na entrevista.<\/p>\n<p>Essa conversa \u00e9 e deve ser muito transparente para que depois da contrata\u00e7\u00e3o n\u00e3o existam surpresas para ningu\u00e9m. Por isso, a Leticia diz que \u201c<em>vende e \u2018desvende<\/em>\u2019\u201d a empresa ao mesmo tempo.<\/p>\n<p>Isso quer dizer que deixamos claro todos os aspectos da nossa cultura, at\u00e9 aqueles que talvez n\u00e3o agradem \u00e0s pessoas.<\/p>\n<p>Com isso, n\u00e3o corremos o risco de contratar um profissional e em pouco tempo termos atritos que poderiam ser evitados.<\/p>\n<p>Acima de tudo, focamos em candidatos que desejam se <strong>desenvolver profissionalmente<\/strong>. Pois, al\u00e9m de ter um ambiente leve e descontra\u00eddo, ele \u00e9 prop\u00edcio para <strong>pessoas que buscam aprendizado<\/strong>.<\/p>\n<h2>Avalia\u00e7\u00e3o t\u00e9cnica: como fazemos?<\/h2>\n<p><img loading=\"lazy\" decoding=\"async\" class=\"aligncenter wp-image-45927\" src=\"https:\/\/projetoslayerup.com.br\/layerup\/wp-content\/uploads\/2019\/06\/shutterstock_525066322.jpg\" alt=\"Contratar designers\" width=\"520\" height=\"347\" \/><br \/>\nComo falamos, ap\u00f3s a etapa em que o candidato \u00e9 selecionado pelo setor de recursos humanos, temos que avaliar sua capacidade t\u00e9cnica. Para isso, o l\u00edder da equipe de arte entra em a\u00e7\u00e3o.<\/p>\n<p>Durante o processo seletivo, listamos alguns requisitos que s\u00e3o indispens\u00e1veis para contratar designers. No bate-papo com o nosso l\u00edder de equipe de arte, Lucas Rodrigues, ele apontou quais s\u00e3o eles:<\/p>\n<ul>\n<li>No\u00e7\u00e3o b\u00e1sica do pacote Adobe<\/li>\n<li>Comprometimento<\/li>\n<li><span style=\"font-weight: 400;\">Proatividade<\/span><\/li>\n<li style=\"font-weight: 400;\"><span style=\"font-weight: 400;\">Trabalho em equipe<\/span><\/li>\n<\/ul>\n<p>Note que as <strong>habilidades comportamentais<\/strong> tamb\u00e9m t\u00eam sua relev\u00e2ncia. Ali\u00e1s, essas caracter\u00edsticas tendem a ser cada vez mais importantes no mercado de trabalho. Afinal, tudo aquilo que se refere \u00e0 t\u00e9cnica tem um prazo de validade cada vez menor.<\/p>\n<p>Portanto, o comportamento ser\u00e1 cada vez mais valorizado.<\/p>\n<p>Se quiser saber um pouquinho mais sobre isso, temos um conte\u00fado que fala do recrutamento do departamento de <a href=\"https:\/\/projetoslayerup.com.br\/layerup\/departamento-de-recursos-humanos\/\" target=\"_blank\" rel=\"noopener noreferrer\">recursos humanos<\/a>. Vale conferir.<\/p>\n<p>Bom, voltando \u00e0 conversa com o Lucas\u2026 Para que o colaborador atenda todas as demandas do dia, ter o m\u00ednimo de afinidade com o <strong>pacote Adobe<\/strong> \u00e9 necess\u00e1rio.<\/p>\n<p>Sem <strong>comprometimento<\/strong>, o trabalho de toda equipe \u00e9 afetado. J\u00e1 a <strong>proatividade<\/strong>, em um ambiente como o nosso, tamb\u00e9m \u00e9 pe\u00e7a-chave para o sucesso.<\/p>\n<p>O l\u00edder tem como miss\u00e3o distribuir atividades. Por\u00e9m, se isso depender exclusivamente dele, sem nenhuma iniciativa da equipe, ele passar\u00e1 o dia inteiro delegando tarefas, o que n\u00e3o \u00e9 positivo.<\/p>\n<p>Portanto, \u00e9 importante que sempre exista proatividade por parte dos integrantes da equipe.<\/p>\n<h3>Equil\u00edbrio nas demandas<\/h3>\n<p>Trabalhamos com alguns clientes e a demanda para a equipe de design pode ser alta. Por isso, temos que desenhar uma estrat\u00e9gia que <strong>respeite o ritmo de cada colaborador<\/strong> para, assim, n\u00e3o gerar desconfortos no futuro.<\/p>\n<p>Para isso, o Lucas tem adotado algumas a\u00e7\u00f5es que deixam os processos mais org\u00e2nicos, sem sobrecarregar ningu\u00e9m. O m\u00e9todo consiste em delegar atividades espec\u00edficas para cada colaborador.<\/p>\n<p>Por exemplo: se um deles tem mais facilidade para diagramar e-books, ele estar\u00e1 encarregado desta tarefa. Ou seja, as <strong>demandas s\u00e3o distribu\u00eddas de acordo com a habilidade dos colaboradores<\/strong>.<\/p>\n<p>Essa pr\u00e1tica, aqui na <span style=\"color: #febf00;\"><strong>Layer<\/strong><\/span>, se aplica \u00e0s semanas mais corridas, em que temos muitos entregas para realizar.<\/p>\n<h3>Desenvolvendo profissionais<\/h3>\n<p>Uma rotina repleta de <strong>oportunidades de aprendizado<\/strong> \u00e9 um outro elemento muito presente da nossa cultura. Na equipe de arte isso \u00e9 muito forte, por isso, durante a entrevista, destacamos essa informa\u00e7\u00e3o. Afinal, um ambiente prop\u00edcio para o desenvolvimento profissional \u00e9 um grande atrativo.<\/p>\n<p>Em per\u00edodos mais calmos, o Lucas muda um pouco a estrat\u00e9gia de distribui\u00e7\u00e3o de atividades. Em vez de delegar atividades de acordo com a facilidade do time, ele distribui focado em <strong>desenvolver habilidades<\/strong> no designer.<\/p>\n<p>Se a pessoa tem dificuldade na edi\u00e7\u00e3o de v\u00eddeo, por exemplo, em tempos de \u201cpoucas\u201d tarefas, ela ficar\u00e1 encarregada de atividades que servir\u00e3o para desenvolver esse ponto fraco identificado.<\/p>\n<p>Com isso, todos ganham: o <strong>profissional desenvolve uma nova habilidade<\/strong>, os <strong>produtos que trabalhamos ficar\u00e3o cada vez melhores<\/strong> e a <strong>satisfa\u00e7\u00e3o do cliente certamente ser\u00e1 maior<\/strong>.<\/p>\n<p>Nossa equipe de arte trabalha com diversos formatos de pe\u00e7as gr\u00e1ficas. Ent\u00e3o, os colaboradores t\u00eam total liberdade para aperfei\u00e7oar as habilidades que acharem necess\u00e1rias.<\/p>\n<h2>Construa uma equipe de alta performance<\/h2>\n<p>Pronto! Agora voc\u00ea j\u00e1 ideia dos processos que deve seguir para contratar designers e montar uma equipe que d\u00ea bons resultados.<\/p>\n<p>N\u00e3o existe conte\u00fado que performe bem somente com textos, mesmo que ele seja altamente qualificado e completo. Por isso, \u00e9 preciso ter consci\u00eancia que <strong>contratar designers \u00e9 um investimento necess\u00e1rio<\/strong> e que gera resultados.<\/p>\n<p>Hoje, textos publicados na web s\u00e3o completamente diferentes dos que est\u00e1vamos acostumados a ler h\u00e1 alguns anos. E o trabalho de uma equipe de arte por tr\u00e1s desses materiais tem sido cada vez mais importante.<\/p>\n<p>Sabemos que nem sempre \u00e9 poss\u00edvel construir uma equipe de design completa. Por isso, entre os servi\u00e7os que a <span style=\"color: #febf00;\"><strong>Layer Up<\/strong><\/span> disponibiliza, existe um<strong> time de arte altamente qualificado<\/strong> para fazer as pe\u00e7as que voc\u00ea deseja.<\/p>\n<p><a href=\"https:\/\/projetoslayerup.com.br\/layerup\/video-marketing\/\"><img loading=\"lazy\" decoding=\"async\" class=\"aligncenter wp-image-49427 size-full\" src=\"https:\/\/projetoslayerup.com.br\/layerup\/wp-content\/uploads\/2021\/03\/CTA-QUER-SABER-MAIS.png\" alt=\"\" width=\"900\" height=\"350\" srcset=\"https:\/\/projetoslayerup.com.br\/layerup\/wp-content\/uploads\/2021\/03\/CTA-QUER-SABER-MAIS.png 900w, https:\/\/projetoslayerup.com.br\/layerup\/wp-content\/uploads\/2021\/03\/CTA-QUER-SABER-MAIS-300x117.png 300w, https:\/\/projetoslayerup.com.br\/layerup\/wp-content\/uploads\/2021\/03\/CTA-QUER-SABER-MAIS-768x299.png 768w, https:\/\/projetoslayerup.com.br\/layerup\/wp-content\/uploads\/2021\/03\/CTA-QUER-SABER-MAIS-389x150.png 389w\" sizes=\"auto, (max-width: 900px) 100vw, 900px\" \/><\/a><\/p>\n","protected":false},"excerpt":{"rendered":"<p>Ter uma equipe de arte qualificada \u00e9 crucial para qualquer empresa que deseja se aventurar no mundo do marketing digital. Por isso, saber contratar designers que atendam suas expectativas pode ser um desafio e tanto, mas, para facilitar sua vida, n\u00f3s vamos dar algumas dicas para voc\u00ea. Aqui, n\u00f3s vamos falar desde o processo de [&hellip;]<\/p>\n","protected":false},"author":5,"featured_media":45930,"comment_status":"open","ping_status":"open","sticky":false,"template":"","format":"standard","meta":{"_acf_changed":false,"footnotes":""},"categories":[48,22,24,256],"tags":[253,254,255],"class_list":["post-45924","post","type-post","status-publish","format-standard","has-post-thumbnail","hentry","category-a-layer-up","category-marketing-digital","category-performance","category-producao-de-conteudo","tag-contratar-designers","tag-equipe-de-arte","tag-equipe-de-design"],"acf":[],"_links":{"self":[{"href":"https:\/\/projetoslayerup.com.br\/layerup\/wp-json\/wp\/v2\/posts\/45924","targetHints":{"allow":["GET"]}}],"collection":[{"href":"https:\/\/projetoslayerup.com.br\/layerup\/wp-json\/wp\/v2\/posts"}],"about":[{"href":"https:\/\/projetoslayerup.com.br\/layerup\/wp-json\/wp\/v2\/types\/post"}],"author":[{"embeddable":true,"href":"https:\/\/projetoslayerup.com.br\/layerup\/wp-json\/wp\/v2\/users\/5"}],"replies":[{"embeddable":true,"href":"https:\/\/projetoslayerup.com.br\/layerup\/wp-json\/wp\/v2\/comments?post=45924"}],"version-history":[{"count":4,"href":"https:\/\/projetoslayerup.com.br\/layerup\/wp-json\/wp\/v2\/posts\/45924\/revisions"}],"predecessor-version":[{"id":49435,"href":"https:\/\/projetoslayerup.com.br\/layerup\/wp-json\/wp\/v2\/posts\/45924\/revisions\/49435"}],"wp:featuredmedia":[{"embeddable":true,"href":"https:\/\/projetoslayerup.com.br\/layerup\/wp-json\/wp\/v2\/media\/45930"}],"wp:attachment":[{"href":"https:\/\/projetoslayerup.com.br\/layerup\/wp-json\/wp\/v2\/media?parent=45924"}],"wp:term":[{"taxonomy":"category","embeddable":true,"href":"https:\/\/projetoslayerup.com.br\/layerup\/wp-json\/wp\/v2\/categories?post=45924"},{"taxonomy":"post_tag","embeddable":true,"href":"https:\/\/projetoslayerup.com.br\/layerup\/wp-json\/wp\/v2\/tags?post=45924"}],"curies":[{"name":"wp","href":"https:\/\/api.w.org\/{rel}","templated":true}]}}