{"id":46071,"date":"2019-08-06T16:48:20","date_gmt":"2019-08-06T19:48:20","guid":{"rendered":"https:\/\/projetoslayerup.com.br\/layerup\/?p=46071"},"modified":"2021-06-24T15:27:05","modified_gmt":"2021-06-24T18:27:05","slug":"geracao-c","status":"publish","type":"post","link":"https:\/\/projetoslayerup.com.br\/layerup\/geracao-c\/","title":{"rendered":"Como entender a gera\u00e7\u00e3o C pode mudar sua estrat\u00e9gia de marketing digital"},"content":{"rendered":"<p><span style=\"font-weight: 400;\">Lembra dos famosos <\/span><i><span style=\"font-weight: 400;\">baby boomers<\/span><\/i><span style=\"font-weight: 400;\"> e das gera\u00e7\u00f5es X, Y ou Z? Geralmente, elas s\u00e3o divididas pelo per\u00edodo em que as pessoas que fazem parte dela nasceram. Mas esse conceito hoje em dia n\u00e3o \u00e9 mais suficiente para definir um grupo e a <\/span><b>gera\u00e7\u00e3o C<\/b><span style=\"font-weight: 400;\"> prova isso!<\/span><\/p>\n<p><span style=\"font-weight: 400;\">Ela \u00e9 uma nova categoria de consumidores, que o <\/span><span style=\"font-weight: 400;\"><a href=\"https:\/\/think.storage.googleapis.com\/intl\/ALL_br\/docs\/introducing-gen-c-the-youtube-generation_research-studies.pdf\">Google explica<\/a> que n\u00e3o \u00e9 dividida por uma uma faixa et\u00e1ria, mas sim por uma <\/span><b>atitude e mentalidade<\/b><span style=\"font-weight: 400;\">.<\/span><\/p>\n<p><span style=\"font-weight: 400;\">Segundo empresa, a maior parte da gera\u00e7\u00e3o C (80%) ainda \u00e9 constitu\u00edda de pessoas da gera\u00e7\u00e3o Y (pessoas entre nove e 39 anos). <\/span><\/p>\n<p><span style=\"font-weight: 400;\">Mas, cada vez mais, os h\u00e1bitos comportamentais t\u00eam feito esse n\u00famero mudar, abrindo espa\u00e7o para <\/span><b>pessoas de todas as faixas et\u00e1rias<\/b><span style=\"font-weight: 400;\">.<\/span><\/p>\n<p><span style=\"font-weight: 400;\">Ent\u00e3o se voc\u00ea est\u00e1 frequentemente conectado por meio do seu smartphone, atualiza com grande frequ\u00eancia suas redes sociais, \u00e9 influenciado pelo que l\u00ea ou assiste na internet, parab\u00e9ns! Voc\u00ea faz parte dessa gera\u00e7\u00e3o que n\u00f3s vamos entender mais agora!<\/span><\/p>\n<h2><b>Os quatro C\u2019s<\/b><\/h2>\n<p><span style=\"font-weight: 400;\">Como provocamos ali no come\u00e7o, a gera\u00e7\u00e3o C n\u00e3o \u00e9 definida por um espa\u00e7o determinado de tempo, mas sim pelos <\/span><b>interesses <\/b><span style=\"font-weight: 400;\">e <\/span><b>caracter\u00edsticas <\/b><span style=\"font-weight: 400;\">em comum que esse grupo apresenta.\u00a0<\/span><\/p>\n<p><span style=\"font-weight: 400;\">Pra voc\u00ea entender melhor, vamos detalhar! N\u00e3o se trata de colocar em uma mesma caixinha pessoas que nasceram na mesma d\u00e9cada e padronizar os seus comportamentos.<\/span><\/p>\n<p>Como falamos acima, por mais que a gera\u00e7\u00e3o C seja formada por muitas pessoas da gera\u00e7\u00e3o Y, nada impede que os <i><span style=\"font-weight: 400;\">baby boomers<\/span><\/i><span style=\"font-weight: 400;\">, por exemplo, tamb\u00e9m fa\u00e7am parte dela.<\/span><br \/>\n<b><\/b><\/p>\n<p><b>Estar conectado<\/b><span style=\"font-weight: 400;\"> e <\/span><b>interagir na internet <\/b><span style=\"font-weight: 400;\">n\u00e3o \u00e9 mais um tra\u00e7o exclusivo da gera\u00e7\u00e3o Y, mas sim uma necessidade de cada vez mais pessoas, independente da idade.<br \/>\n<\/span><br \/>\n<span style=\"font-weight: 400;\">Ent\u00e3o, o que define esse agrupamento s\u00e3o <\/span><b>quatro caracter\u00edsticas <\/b><span style=\"font-weight: 400;\">comuns entre as pessoas:<\/span><\/p>\n<ul>\n<li style=\"font-weight: 400;\"><b>Cria\u00e7\u00e3o:<\/b><span style=\"font-weight: 400;\"> a gera\u00e7\u00e3o atual sente a necessidade de extravasar a sua criatividade por causa da mudan\u00e7a no modelo de comunica\u00e7\u00e3o, em que o receptor agora tamb\u00e9m pode emitir uma mensagem &#8211; ou seja, agora o conte\u00fado pode vir do pr\u00f3prio p\u00fablico<\/span><\/li>\n<li style=\"font-weight: 400;\"><b>Comunidade:<\/b><span style=\"font-weight: 400;\"> n\u00e3o seguem apenas um l\u00edder e se agrupam por meio de conex\u00f5es em redes sociais e gostos em comum, tendo um comportamento similar a um enxame ou cardume, indo de encontro a uma determinada dire\u00e7\u00e3o<\/span><\/li>\n<li style=\"font-weight: 400;\"><b>Compartilhamento:<\/b><span style=\"font-weight: 400;\"> naturalmente, quando um usu\u00e1rio gosta do <a href=\"https:\/\/projetoslayerup.com.br\/layerup\/video-marketing\/\">v\u00eddeo<\/a>, ele tem meios de disseminar o conte\u00fado entre os amigos ou ainda compartilhar em suas redes<\/span><\/li>\n<li style=\"font-weight: 400;\"><b>Conex\u00e3o:<\/b><span style=\"font-weight: 400;\"> para a gera\u00e7\u00e3o C existir, \u00e9 necess\u00e1rio conex\u00e3o \u00e0 internet, um dispositivo m\u00f3vel e o forte uso das redes sociais<\/span><\/li>\n<\/ul>\n<h2><b>Gera\u00e7\u00e3o YouTube?<\/b><\/h2>\n<p><span style=\"font-weight: 400;\">Esse \u00e9 outro nome utilizado por especialistas do Google. O motivo \u00e9: o <\/span><b>YouTube impulsionou todas essas caracter\u00edsticas <\/b><span style=\"font-weight: 400;\">nas pessoas que fazem uso da plataforma, transformando todas elas em representantes da gera\u00e7\u00e3o C.<\/span><\/p>\n<p><iframe loading=\"lazy\" class=\"giphy-embed\" src=\"https:\/\/giphy.com\/embed\/1kkxWqT5nvLXupUTwK\" width=\"475\" height=\"480\" frameborder=\"0\" allowfullscreen=\"allowfullscreen\"><\/iframe><br \/>\n<span style=\"font-weight: 400;\"><br \/>\nVamos ver na pr\u00e1tica:<\/span><\/p>\n<ul>\n<li style=\"font-weight: 400;\"><b>Cria\u00e7\u00e3o:<\/b><span style=\"font-weight: 400;\"> o YouTube d\u00e1 todas as ferramentas para que um usu\u00e1rio comum use a ferramenta para criar o conte\u00fado que deseja ver ou fazer &#8211; prova disso \u00e9 a ascens\u00e3o dos youtubers e os conte\u00fados virais<\/span><\/li>\n<li style=\"font-weight: 400;\"><b>Comunidade: <\/b><span style=\"font-weight: 400;\">o espa\u00e7o \u00e9 feito por todos os tipos de pessoas que t\u00eam o mesmo potencial de influenciar outros usu\u00e1rios do ambiente\u00a0<\/span><\/li>\n<li style=\"font-weight: 400;\"><b>Compartilhamento:<\/b><span style=\"font-weight: 400;\"> a ferramenta oferece funcionalidades para curtir o conte\u00fado, comentar, disseminar para amigos ou compartilhar em outras redes<\/span><\/li>\n<li style=\"font-weight: 400;\"><b>Conex\u00e3o:<\/b><span style=\"font-weight: 400;\"> obviamente, o YouTube s\u00f3 pode ser acessado uma vez que o usu\u00e1rio esteja conectado na internet, ent\u00e3o esse quesito tamb\u00e9m faz sentido<\/span><\/li>\n<\/ul>\n<h2><b>A gera\u00e7\u00e3o C em n\u00fameros<\/b><\/h2>\n<p><span style=\"font-weight: 400;\">Al\u00e9m de estudar e definir o que \u00e9 a gera\u00e7\u00e3o C ou gera\u00e7\u00e3o YouTube, o Google definiu com n\u00fameros o comportamento desse grupo:<\/span><\/p>\n<ul>\n<li style=\"font-weight: 400;\"><b>Nove entre 10 pessoas<\/b><span style=\"font-weight: 400;\"> da Gera\u00e7\u00e3o C criam e publicam seu pr\u00f3prio conte\u00fado ao menos uma vez por m\u00eas e n\u00e3o ficam apenas no consumo\u00a0<\/span><\/li>\n<li style=\"font-weight: 400;\"><span style=\"font-weight: 400;\">A gera\u00e7\u00e3o \u00e9 <\/span><b>tr\u00eas vezes mais<\/b><span style=\"font-weight: 400;\"> propensa a adquirir produtos ou servi\u00e7os do que os demais grupos, por causa da influ\u00eancia em que est\u00e3o submetidos na internet<\/span><\/li>\n<li style=\"font-weight: 400;\"><span style=\"font-weight: 400;\">Ela tamb\u00e9m \u00e9 <\/span><b>duas vezes mais<\/b><span style=\"font-weight: 400;\"> propensa a se tornar <\/span><i><span style=\"font-weight: 400;\">early adopters<\/span><\/i><span style=\"font-weight: 400;\"> e influenciadora nas decis\u00f5es de compra de outras pessoas<\/span><\/li>\n<li style=\"font-weight: 400;\"><b>85% deles<\/b><span style=\"font-weight: 400;\"> perguntam a opini\u00e3o de colegas no momento de compra<\/span><\/li>\n<li style=\"font-weight: 400;\"><b>39% das pessoas<\/b><span style=\"font-weight: 400;\"> do grupo n\u00e3o se op\u00f5em a an\u00fancios que sejam relevantes<\/span><\/li>\n<\/ul>\n<h2><b>Como engajar a gera\u00e7\u00e3o C?<\/b><\/h2>\n<p><span style=\"font-weight: 400;\">Uma velha f\u00f3rmula ainda funciona com essa gera\u00e7\u00e3o, que est\u00e1 cada vez mais exigente e com meios para expressar a sua opini\u00e3o: um <\/span><b>conte\u00fado relevante e de qualidade<\/b><span style=\"font-weight: 400;\">.<\/span><\/p>\n<p><span style=\"font-weight: 400;\">No entanto, esse conte\u00fado precisa de um qu\u00ea a mais: al\u00e9m de ser relevante e \u00fatil, para o dia a dia do p\u00fablico, ele funciona melhor quando \u00e9 <\/span><b>divertido <\/b><span style=\"font-weight: 400;\">e tem uma <\/span><b>linguagem mais leve<\/b><span style=\"font-weight: 400;\">.<\/span><\/p>\n<p><span style=\"font-weight: 400;\">Vale lembrar que a gera\u00e7\u00e3o C \u00e9 mais seletiva, <\/span><b>conseguindo diferenciar campanhas de conte\u00fados mais informativos<\/b><span style=\"font-weight: 400;\">.<\/span><\/p>\n<p>Ent\u00e3o, aquelas com vieses mais comerciais tendem a n\u00e3o engajar a gera\u00e7\u00e3o C da mesma forma que poderia um material com dados que agreguem \u00e0 vida de quem a integra.<\/p>\n<p><span style=\"font-weight: 400;\">O conte\u00fado tamb\u00e9m deve ser <\/span><b>objetivo<\/b><span style=\"font-weight: 400;\">. A gera\u00e7\u00e3o C \u00e9 composta em grande parte pela gera\u00e7\u00e3o Y, que est\u00e1 acostumada a consumir materiais em <\/span><b>pequenas partes<\/b><span style=\"font-weight: 400;\">, quase sempre de forma fragmentada.<\/span><\/p>\n<p><span style=\"font-weight: 400;\">Outro ponto que as marcas devem se atentar para atingir esse p\u00fablico \u00e9 em <a href=\"https:\/\/projetoslayerup.com.br\/layerup\/gestao-de-sites-eficiente\/\">se manter presente<\/a> na vida dessas pessoas de forma regular.<\/span><\/p>\n<p>A gera\u00e7\u00e3o C precisa de <b>est\u00edmulos cont\u00ednuos<\/b><span style=\"font-weight: 400;\"> para seguir engajada. Ou seja, postagens frequentes e pe\u00e7as que se comuniquem entre si, para gerar a <\/span><b>mem\u00f3ria de marca <\/b><span style=\"font-weight: 400;\">e a pr\u00f3pria <\/span><b>participa\u00e7\u00e3o<\/b><span style=\"font-weight: 400;\">.<\/span><\/p>\n<p><span style=\"font-weight: 400;\">Mais um ponto crucial para se comunicar da maneira ideal \u00e9 dar ferramentas para que o p\u00fablico <\/span><b>participe, interaja, compartilhe ou at\u00e9 mesmo produza conte\u00fado<\/b><span style=\"font-weight: 400;\"> em conjunto com voc\u00ea.<\/span><\/p>\n<p><span style=\"font-weight: 400;\">Os dados refor\u00e7am isso. Segundo o Google, a gera\u00e7\u00e3o C alimenta a cultura com fotos, v\u00eddeos, memes, mash-ups e 67% dela faz upload de suas pr\u00f3prias fotos em redes sociais.<\/span><\/p>\n<h2><b>E as suas a\u00e7\u00f5es digitais?<\/b><\/h2>\n<p><span style=\"font-weight: 400;\">Trazendo isso para o contexto do <\/span><a href=\"https:\/\/projetoslayerup.com.br\/layerup\/marketing-digital-o-que-e-na-pratica\/?utm_medium=blogpost&amp;utm_source=site&amp;utm_campaign=geracao-c&amp;utm_content=hiperlink-\"><b>marketing digital<\/b><\/a><span style=\"font-weight: 400;\">, al\u00e9m de mudar a forma como o conte\u00fado \u00e9 constru\u00eddo, \u00e9 necess\u00e1rio pensar em novas <a href=\"https:\/\/projetoslayerup.com.br\/layerup\/aplique-o-metodo-aida-em-suas-estrategias-de-midia-social\/\">estrat\u00e9gias de m\u00eddia<\/a>.\u00a0<\/span><\/p>\n<p><span style=\"font-weight: 400;\">Vamos exemplificar: imagine que voc\u00ea seja uma marca de coleiras personalizadas para cachorros, que pretende fazer uma campanha nas redes sociais. Um racioc\u00ednio seria segmentar por idade, levando em considera\u00e7\u00e3o que os jovens tendem a tratar os seus pets como filhos, sempre dando presentes especiais.<\/span><\/p>\n<p><span style=\"font-weight: 400;\">A gera\u00e7\u00e3o C mostra que na verdade essa divis\u00e3o pode <\/span><b>excluir pessoas<\/b><span style=\"font-weight: 400;\"> das outras idades com o mesmo potencial de compra e os mesmos interesses e h\u00e1bitos de consumo. Faz sentido, n\u00e3o \u00e9?<\/span><\/p>\n<p><span style=\"font-weight: 400;\">Levar em conta essa gera\u00e7\u00e3o na hora de criar a\u00e7\u00f5es na internet \u00e9 crucial para conseguir resultados! O <a href=\"https:\/\/projetoslayerup.com.br\/layerup\/como-funciona-o-google\/\">Google<\/a> diz que <\/span><b>a gera\u00e7\u00e3o C define as redes sociais<\/b><span style=\"font-weight: 400;\">,<\/span> <span style=\"font-weight: 400;\">\u00a0j\u00e1 que 88% t\u00eam um perfil social e 65% deste n\u00famero atualizam o perfil diariamente, interagindo com conte\u00fado.<\/span><\/p>\n<p><span style=\"font-weight: 400;\">Entendeu por que \u00e9 muito importante ficar de olho no comportamento da gera\u00e7\u00e3o C para definir suas estrat\u00e9gias de marketing digital?\u00a0<\/span><\/p>\n<div id=\"1_cc-marketing-digital-1e84aadabf0fe0b03cb1\" role=\"main\"><a href=\"https:\/\/inboundmarketing.layerup.com.br\/pesquisa-apps?utm_medium=blogpost&amp;utm_source=site&amp;utm_campaign=geracao-c&amp;utm_content=cta-\"><img loading=\"lazy\" decoding=\"async\" class=\"alignnone wp-image-47968 size-full\" src=\"https:\/\/projetoslayerup.com.br\/layerup\/wp-content\/uploads\/2019\/08\/CTA-MERCADO-APPS-1-1.png\" alt=\"Segmenta\u00e7\u00e3o por idade, profiss\u00e3o, g\u00eanero e localiza\u00e7\u00e3o n\u00e3o deve ser sua \u00fanica estrat\u00e9gia de marketing digital: a gera\u00e7\u00e3o C exige isso!\" width=\"900\" height=\"350\" srcset=\"https:\/\/projetoslayerup.com.br\/layerup\/wp-content\/uploads\/2019\/08\/CTA-MERCADO-APPS-1-1.png 900w, https:\/\/projetoslayerup.com.br\/layerup\/wp-content\/uploads\/2019\/08\/CTA-MERCADO-APPS-1-1-300x117.png 300w, https:\/\/projetoslayerup.com.br\/layerup\/wp-content\/uploads\/2019\/08\/CTA-MERCADO-APPS-1-1-768x299.png 768w, https:\/\/projetoslayerup.com.br\/layerup\/wp-content\/uploads\/2019\/08\/CTA-MERCADO-APPS-1-1-389x150.png 389w\" sizes=\"auto, (max-width: 900px) 100vw, 900px\" \/><\/a><\/div>\n<p>&nbsp;<\/p>\n","protected":false},"excerpt":{"rendered":"<p>Lembra dos famosos baby boomers e das gera\u00e7\u00f5es X, Y ou Z? Geralmente, elas s\u00e3o divididas pelo per\u00edodo em que as pessoas que fazem parte dela nasceram. Mas esse conceito hoje em dia n\u00e3o \u00e9 mais suficiente para definir um grupo e a gera\u00e7\u00e3o C prova isso! Ela \u00e9 uma nova categoria de consumidores, que [&hellip;]<\/p>\n","protected":false},"author":8,"featured_media":46073,"comment_status":"open","ping_status":"open","sticky":false,"template":"","format":"standard","meta":{"_acf_changed":false,"footnotes":""},"categories":[155,22,91],"tags":[19,193,476],"class_list":["post-46071","post","type-post","status-publish","format-standard","has-post-thumbnail","hentry","category-gestao-de-pessoas","category-marketing-digital","category-transformacao-digital","tag-estrategia-de-marketing-digital","tag-funcionamento-do-google","tag-geracao-c"],"acf":[],"_links":{"self":[{"href":"https:\/\/projetoslayerup.com.br\/layerup\/wp-json\/wp\/v2\/posts\/46071","targetHints":{"allow":["GET"]}}],"collection":[{"href":"https:\/\/projetoslayerup.com.br\/layerup\/wp-json\/wp\/v2\/posts"}],"about":[{"href":"https:\/\/projetoslayerup.com.br\/layerup\/wp-json\/wp\/v2\/types\/post"}],"author":[{"embeddable":true,"href":"https:\/\/projetoslayerup.com.br\/layerup\/wp-json\/wp\/v2\/users\/8"}],"replies":[{"embeddable":true,"href":"https:\/\/projetoslayerup.com.br\/layerup\/wp-json\/wp\/v2\/comments?post=46071"}],"version-history":[{"count":5,"href":"https:\/\/projetoslayerup.com.br\/layerup\/wp-json\/wp\/v2\/posts\/46071\/revisions"}],"predecessor-version":[{"id":49800,"href":"https:\/\/projetoslayerup.com.br\/layerup\/wp-json\/wp\/v2\/posts\/46071\/revisions\/49800"}],"wp:featuredmedia":[{"embeddable":true,"href":"https:\/\/projetoslayerup.com.br\/layerup\/wp-json\/wp\/v2\/media\/46073"}],"wp:attachment":[{"href":"https:\/\/projetoslayerup.com.br\/layerup\/wp-json\/wp\/v2\/media?parent=46071"}],"wp:term":[{"taxonomy":"category","embeddable":true,"href":"https:\/\/projetoslayerup.com.br\/layerup\/wp-json\/wp\/v2\/categories?post=46071"},{"taxonomy":"post_tag","embeddable":true,"href":"https:\/\/projetoslayerup.com.br\/layerup\/wp-json\/wp\/v2\/tags?post=46071"}],"curies":[{"name":"wp","href":"https:\/\/api.w.org\/{rel}","templated":true}]}}