{"id":46784,"date":"2019-10-01T12:12:40","date_gmt":"2019-10-01T15:12:40","guid":{"rendered":"https:\/\/projetoslayerup.com.br\/layerup\/?p=46784"},"modified":"2019-10-01T12:12:40","modified_gmt":"2019-10-01T15:12:40","slug":"facebook-para-empresas","status":"publish","type":"post","link":"https:\/\/projetoslayerup.com.br\/layerup\/facebook-para-empresas\/","title":{"rendered":"Facebook para empresas: ainda vale o investimento?"},"content":{"rendered":"\n<p class=\"wp-block-paragraph\">O Facebook \u00e9 a <strong>maior rede social do mundo<\/strong>. Com mais de 2,2 bilh\u00f5es de usu\u00e1rios ativos mensalmente (127 milh\u00f5es s\u00f3 no Brasil), a rede social criada por Mark Zuckerberg completou 15 anos em 2019 esbanjando n\u00fameros expressivos. Mas com a ascens\u00e3o de outras redes, uma pergunta ainda persiste: continua relevante usar o Facebook para empresas?<\/p>\n\n\n<p class=\"wp-block-paragraph\">Presente em mais de <strong>92% das empresas<\/strong>, a plataforma ainda gera d\u00favidas, principalmente em neg\u00f3cios que est\u00e3o a procura de um canal diversificado para investir. Afinal, investimento \u00e9 coisa s\u00e9ria e precisamos sempre pensar nos retornos, n\u00e9?<\/p>\n\n\n<p class=\"wp-block-paragraph\">Por isso, neste post, vamos ajudar voc\u00ea a responder a quest\u00e3o: <strong>ser\u00e1 que o Facebook vale a pena para todos os tipos de neg\u00f3cios<\/strong>? Confira!&nbsp;<\/p>\n\n\n<h2 class=\"wp-block-heading\"><strong>O Facebook pode ser utilizado por todos os segmentos?<\/strong><\/h2>\n\n\n<p class=\"wp-block-paragraph\">A <strong>presen\u00e7a digital de uma marca \u00e9 importante e inquestion\u00e1vel<\/strong>. Mas \u00e9 essencial que a empresa tenha <strong>objetivos de marketing digital bem claros<\/strong> para conseguir definir qual m\u00eddia social \u00e9 a mais indicada.<\/p>\n\n\n<p class=\"wp-block-paragraph\">H\u00e1 claras diferen\u00e7as entre o Facebook, o Instagram, o Twitter e o LinkedIn, por exemplo. Desse modo, antes de criar uma p\u00e1gina em cada um deles, \u00e9 fundamental <strong>tra\u00e7ar todas as metas que a empresa espera atingir<\/strong>.&nbsp;<\/p>\n\n\n<p class=\"wp-block-paragraph\">O Facebook possui uma grande quantidade de usu\u00e1rios, como falamos acima. Nenhuma outra rede social o alcan\u00e7a nesse sentido. Por\u00e9m, as <strong>atualiza\u00e7\u00f5es de algoritmos<\/strong> s\u00e3o pontos que precisam ser analisados com cuidado.&nbsp;<\/p>\n\n\n<p class=\"wp-block-paragraph\">Em 2018, a <strong>Folha de S. Paulo<\/strong>, um dos maiores jornais do pa\u00eds, <a href=\"https:\/\/www1.folha.uol.com.br\/poder\/2018\/02\/folha-deixa-de-publicar-conteudo-no-facebook.shtml\">optou por apagar a sua conta no Facebook.<\/a> Isso aconteceu porque em uma das maiores atualiza\u00e7\u00f5es de algoritmos, a plataforma escolheu dar <strong>maior visibilidade para posts patrocinados<\/strong>. Assim, as publica\u00e7\u00f5es normais, que antes atingiam uma parcela de usu\u00e1rios, passaram a perder espa\u00e7o.\u00a0<\/p>\n\n\n<p class=\"wp-block-paragraph\">Como um portal igual a Folha tende a n\u00e3o impulsionar grande parte dos seus posts, j\u00e1 que a maioria das publica\u00e7\u00f5es s\u00e3o not\u00edcias, o Facebook deixou de ser um local atrativo para eles.&nbsp;<\/p>\n\n\n<p class=\"wp-block-paragraph\">\u00c9 claro que existem diferen\u00e7as entre a Folha e uma empresa em si. Mas serve como exemplo para ilustrar que o Facebook pode n\u00e3o ser vantajoso para todos e deve ser inclu\u00eddo em um planejamento de marketing detalhado, para analisar as vantagens e as desvantagens do investimento!<\/p>\n\n\n<h2 class=\"wp-block-heading\"><strong>Ainda vale a pena apostar no Facebook para empresas?&nbsp;<\/strong><\/h2>\n\n\n<p class=\"wp-block-paragraph\">Outra quest\u00e3o que p\u00f5e em xeque a relev\u00e2ncia atual do Facebook \u00e9 a exist\u00eancia de <strong>outras m\u00eddias e outras maneiras de anunciar na internet<\/strong>.&nbsp;<\/p>\n\n\n<p class=\"wp-block-paragraph\">Al\u00e9m das redes sociais que j\u00e1 citamos, o Google, por meio do <strong><a href=\"https:\/\/projetoslayerup.com.br\/layerup\/google-adwords-os-erros-que-prejudicam-os-resultados\/?utm_medium=blogpost&amp;utm_source=site&amp;utm_campaign=facebook-para-empresas&amp;utm_content=hiperlink-\">Adwords<\/a><\/strong> ou da utiliza\u00e7\u00e3o de m\u00e9todos de <strong><a href=\"https:\/\/projetoslayerup.com.br\/layerup\/seo-otimize-o-seu-site-para-o-google\/?utm_medium=blogpost&amp;utm_source=site&amp;utm_campaign=facebook-para-empresas&amp;utm_content=hiperlink-\">SEO <\/a><\/strong><a href=\"https:\/\/projetoslayerup.com.br\/layerup\/seo-otimize-o-seu-site-para-o-google\/?utm_medium=blogpost&amp;utm_source=site&amp;utm_campaign=facebook-para-empresas&amp;utm_content=hiperlink-\">em conte\u00fados<\/a>, tamb\u00e9m se apresenta como uma forma de criar an\u00fancios e pode valer muito a pena, de acordo com o servi\u00e7o que a empresa oferece e os interesses que estiverem em jogo.\u00a0<\/p>\n\n\n<p class=\"wp-block-paragraph\">Entretanto, \u00e9 preciso ter em mente que o Facebook continua sendo o<strong> segundo maior gerador de tr\u00e1fego para outros sites, com 35,1%<\/strong>. E s\u00f3 fica atr\u00e1s do pr\u00f3prio Google, que carrega 40,3% do total de tr\u00e1fego org\u00e2nico.&nbsp;<\/p>\n\n\n<figure class=\"wp-block-image\"><img loading=\"lazy\" decoding=\"async\" width=\"1024\" height=\"616\" src=\"https:\/\/projetoslayerup.com.br\/layerup\/wp-content\/uploads\/2019\/10\/INFOGRAFICO_BLOGPOST_01_FACEBOOK-EMPRESAS_LAYER-UP_Prancheta-1-1024x616.png\" alt=\"Facebook para empresas\" class=\"wp-image-46786\" srcset=\"https:\/\/projetoslayerup.com.br\/layerup\/wp-content\/uploads\/2019\/10\/INFOGRAFICO_BLOGPOST_01_FACEBOOK-EMPRESAS_LAYER-UP_Prancheta-1-1024x616.png 1024w, https:\/\/projetoslayerup.com.br\/layerup\/wp-content\/uploads\/2019\/10\/INFOGRAFICO_BLOGPOST_01_FACEBOOK-EMPRESAS_LAYER-UP_Prancheta-1-300x181.png 300w, https:\/\/projetoslayerup.com.br\/layerup\/wp-content\/uploads\/2019\/10\/INFOGRAFICO_BLOGPOST_01_FACEBOOK-EMPRESAS_LAYER-UP_Prancheta-1-768x462.png 768w, https:\/\/projetoslayerup.com.br\/layerup\/wp-content\/uploads\/2019\/10\/INFOGRAFICO_BLOGPOST_01_FACEBOOK-EMPRESAS_LAYER-UP_Prancheta-1-1536x924.png 1536w, https:\/\/projetoslayerup.com.br\/layerup\/wp-content\/uploads\/2019\/10\/INFOGRAFICO_BLOGPOST_01_FACEBOOK-EMPRESAS_LAYER-UP_Prancheta-1-2048x1232.png 2048w\" sizes=\"auto, (max-width: 1024px) 100vw, 1024px\" \/><\/figure>\n\n\n<p class=\"wp-block-paragraph\">Assim, se o objetivo da empresa for <strong>produzir mais tr\u00e1fego para o site<\/strong>, ent\u00e3o o Facebook continua sendo uma boa op\u00e7\u00e3o. Al\u00e9m disso, tamb\u00e9m \u00e9 poss\u00edvel <strong>elaborar posts criativos e informativos<\/strong>, que consigam aproximar mais o seu neg\u00f3cio do usu\u00e1rio, podendo gerar maior valor \u00e0 marca!&nbsp;<\/p>\n\n\n<p class=\"wp-block-paragraph\">Ent\u00e3o, podemos concluir que o Facebook para empresas n\u00e3o est\u00e1 em baixa &#8211; muito pelo contr\u00e1rio. Por outro lado, a utiliza\u00e7\u00e3o ou n\u00e3o vai depender das <strong>metas de cada neg\u00f3cio<\/strong> que, repetimos, devem integrar um planejamento consistente.&nbsp;<\/p>\n\n\n<p class=\"wp-block-paragraph\">E a\u00ed, vai come\u00e7ar a utilizar o Facebook na sua empresa ou vai optar por outros caminhos?<\/p>\n\n\n<figure class=\"wp-block-image\"><a href=\"https:\/\/inboundmarketing.layerup.com.br\/gerar-leads-layer-phonetrack?utm_medium=blogpost&amp;utm_source=site&amp;utm_campaign=facebook-para-empresas&amp;utm_content=cta-\"><img loading=\"lazy\" decoding=\"async\" width=\"900\" height=\"350\" src=\"https:\/\/projetoslayerup.com.br\/layerup\/wp-content\/uploads\/2020\/06\/CTA-GERACAO-DE-LEADS-1.png\" alt=\"\" class=\"wp-image-47850\" srcset=\"https:\/\/projetoslayerup.com.br\/layerup\/wp-content\/uploads\/2020\/06\/CTA-GERACAO-DE-LEADS-1.png 900w, https:\/\/projetoslayerup.com.br\/layerup\/wp-content\/uploads\/2020\/06\/CTA-GERACAO-DE-LEADS-1-300x117.png 300w, https:\/\/projetoslayerup.com.br\/layerup\/wp-content\/uploads\/2020\/06\/CTA-GERACAO-DE-LEADS-1-768x299.png 768w, https:\/\/projetoslayerup.com.br\/layerup\/wp-content\/uploads\/2020\/06\/CTA-GERACAO-DE-LEADS-1-389x150.png 389w\" sizes=\"auto, (max-width: 900px) 100vw, 900px\" \/><\/a><\/figure>\n","protected":false},"excerpt":{"rendered":"<p>O Facebook \u00e9 a maior rede social do mundo. Com mais de 2,2 bilh\u00f5es de usu\u00e1rios ativos mensalmente (127 milh\u00f5es s\u00f3 no Brasil), a rede social criada por Mark Zuckerberg completou 15 anos em 2019 esbanjando n\u00fameros expressivos. Mas com a ascens\u00e3o de outras redes, uma pergunta ainda persiste: continua relevante usar o Facebook para [&hellip;]<\/p>\n","protected":false},"author":15,"featured_media":46785,"comment_status":"open","ping_status":"open","sticky":false,"template":"","format":"standard","meta":{"_acf_changed":false,"footnotes":""},"categories":[22,38],"tags":[122,131,35,63,66,39],"class_list":["post-46784","post","type-post","status-publish","format-standard","has-post-thumbnail","hentry","category-marketing-digital","category-midias-sociais","tag-estrategia-digital","tag-estrategias-digitais","tag-facebook","tag-facebook-ads","tag-midias-sociais","tag-redes-sociais"],"acf":[],"_links":{"self":[{"href":"https:\/\/projetoslayerup.com.br\/layerup\/wp-json\/wp\/v2\/posts\/46784","targetHints":{"allow":["GET"]}}],"collection":[{"href":"https:\/\/projetoslayerup.com.br\/layerup\/wp-json\/wp\/v2\/posts"}],"about":[{"href":"https:\/\/projetoslayerup.com.br\/layerup\/wp-json\/wp\/v2\/types\/post"}],"author":[{"embeddable":true,"href":"https:\/\/projetoslayerup.com.br\/layerup\/wp-json\/wp\/v2\/users\/15"}],"replies":[{"embeddable":true,"href":"https:\/\/projetoslayerup.com.br\/layerup\/wp-json\/wp\/v2\/comments?post=46784"}],"version-history":[{"count":0,"href":"https:\/\/projetoslayerup.com.br\/layerup\/wp-json\/wp\/v2\/posts\/46784\/revisions"}],"wp:featuredmedia":[{"embeddable":true,"href":"https:\/\/projetoslayerup.com.br\/layerup\/wp-json\/wp\/v2\/media\/46785"}],"wp:attachment":[{"href":"https:\/\/projetoslayerup.com.br\/layerup\/wp-json\/wp\/v2\/media?parent=46784"}],"wp:term":[{"taxonomy":"category","embeddable":true,"href":"https:\/\/projetoslayerup.com.br\/layerup\/wp-json\/wp\/v2\/categories?post=46784"},{"taxonomy":"post_tag","embeddable":true,"href":"https:\/\/projetoslayerup.com.br\/layerup\/wp-json\/wp\/v2\/tags?post=46784"}],"curies":[{"name":"wp","href":"https:\/\/api.w.org\/{rel}","templated":true}]}}