{"id":46956,"date":"2019-11-22T16:44:03","date_gmt":"2019-11-22T19:44:03","guid":{"rendered":"https:\/\/projetoslayerup.com.br\/layerup\/?p=46956"},"modified":"2021-04-23T17:00:51","modified_gmt":"2021-04-23T20:00:51","slug":"ramp-up-tour-2019","status":"publish","type":"post","link":"https:\/\/projetoslayerup.com.br\/layerup\/ramp-up-tour-2019\/","title":{"rendered":"Veja o que vai rolar na edi\u00e7\u00e3o paulistana do Ramp Up Tour 2019"},"content":{"rendered":"\r\n<p class=\"wp-block-paragraph\">A aproxima\u00e7\u00e3o do fim de ano \u00e9 a oportunidade perfeita para muitas empresas buscarem <strong>tend\u00eancias <\/strong>e <strong>conhecimentos <\/strong>para aplicar depois da virada.<\/p>\r\n<p>E, agora em dezembro, profissionais interessados em gest\u00e3o, marketing e vendas poder\u00e3o aprender novidades durante a edi\u00e7\u00e3o paulistana do <strong><a href=\"https:\/\/rampuptour.com.br\/\" target=\"_blank\" rel=\"noreferrer noopener\" aria-label=\" (abre numa nova aba)\">Ramp Up Tour 2019<\/a><\/strong>, que acontece no dia 10 de dezembro.<\/p>\r\n\r\n\r\n\r\n<p class=\"wp-block-paragraph\">O evento cruza as principais cidades do pa\u00eds e dessa vez para em <strong>S\u00e3o Paulo<\/strong>, na Vila Leopoldina.<\/p>\r\n<p>Organizado pela <strong><a href=\"https:\/\/ramper.com.br\/\" target=\"_blank\" rel=\"noreferrer noopener\" aria-label=\" (abre numa nova aba)\">Ramper<\/a><\/strong>, empresa criadora de uma plataforma de automa\u00e7\u00e3o e prospec\u00e7\u00e3o digital, \u00e9 ideal para<strong> neg\u00f3cios B2B<\/strong> que querem conhecer estrat\u00e9gias digitais de gest\u00e3o, customer success, pessoas, marketing e vendas para <strong>aumentar produtividade e resultados, al\u00e9m de otimizar processos<\/strong>.\u00a0<\/p>\r\n\r\n\r\n\r\n<p class=\"wp-block-paragraph\">\u00c9 voltado para <strong>diretores e gerentes de equipes de marketing e vendas<\/strong>, com objetivo de aperfei\u00e7oar seus processos; <strong>profissionais de vendas <\/strong>que querem bater metas; <strong>ag\u00eancias de publicidade, comunica\u00e7\u00e3o e marketing <\/strong>que buscam aprender como entregar mais valor para seus clientes; al\u00e9m de <strong>diretores executivos ou de vendas<\/strong>, que precisam estruturar uma empresa com receita escal\u00e1vel e previs\u00edvel.<\/p>\r\n\r\n\r\n\r\n<p class=\"wp-block-paragraph\">O Ramp Up Tour tamb\u00e9m \u00e9 ideal para <strong>networking<\/strong>. O p\u00fablico de mil participantes \u00e9 composto em 23% por profissionais c-level, 16% por diretores e 30% por gestores\/coordenadores.<\/p>\r\n\r\n\r\n\r\n<p class=\"wp-block-paragraph\">Nesta edi\u00e7\u00e3o, n\u00f3s tamb\u00e9m estaremos no evento. Ao lado de dezenas de outros palestrantes, vamos dividir tend\u00eancias de marketing e tamb\u00e9m levar um estande sobre o <strong>funil de vendas em Y<\/strong> e suas solu\u00e7\u00f5es, como o <strong>curso exclusivo<\/strong> que desenvolvemos.<\/p>\r\n\r\n\r\n\r\n<h2 class=\"wp-block-heading\"><strong>Quais conte\u00fados esperam por voc\u00ea?<\/strong><\/h2>\r\n\r\n\r\n\r\n<p class=\"wp-block-paragraph\">O Ramp Up Tour 2019 ter\u00e1 <strong>mais de 45 palestras<\/strong> em S\u00e3o Paulo, divididas entre cinco palcos tem\u00e1ticos. Em cada um deles, os participantes poder\u00e3o aprender mais sobre gest\u00e3o, vendas, pessoas, marketing e CS\/CX (customer success e customer experience).<\/p>\r\n\r\n\r\n\r\n<p class=\"wp-block-paragraph\">O objetivo \u00e9 oferecer<strong> palestras com experi\u00eancia pr\u00e1tica<\/strong>, em que os convidados apresentam o hist\u00f3rico de sucesso de seus projetos que tiveram impacto direto em vendas e nas opera\u00e7\u00f5es.<\/p>\r\n\r\n\r\n\r\n<p class=\"wp-block-paragraph\">Entre os palestrantes est\u00e3o representantes de <strong>empresas que conduzem boas pr\u00e1ticas <\/strong>nos temas acima. Algumas delas s\u00e3o: a pr\u00f3pria <strong><a href=\"https:\/\/ramper.com.br\/\" target=\"_blank\" rel=\"noreferrer noopener\" aria-label=\" (abre numa nova aba)\">Ramper<\/a><\/strong>, <strong><a href=\"https:\/\/linkedin.com\" target=\"_blank\" rel=\"noreferrer noopener\" aria-label=\" (abre numa nova aba)\">LinkedIn<\/a><\/strong>, <strong><a href=\"https:\/\/universidadeprevisivel.com\/\" target=\"_blank\" rel=\"noreferrer noopener\" aria-label=\" (abre numa nova aba)\">Universidade Previs\u00edvel<\/a><\/strong>, <strong><a href=\"https:\/\/nubank.com.br\/\" target=\"_blank\" rel=\"noreferrer noopener\" aria-label=\" (abre numa nova aba)\">Nubank<\/a><\/strong>, <strong><a href=\"https:\/\/www.loggi.com\/\" target=\"_blank\" rel=\"noreferrer noopener\" aria-label=\" (abre numa nova aba)\">Loggi<\/a><\/strong>, <strong><a href=\"https:\/\/99app.com\/empresas\/\" target=\"_blank\" rel=\"noreferrer noopener\" aria-label=\" (abre numa nova aba)\">99 Empresas<\/a><\/strong> e <strong><a href=\"https:\/\/www.uol.com.br\/\" target=\"_blank\" rel=\"noreferrer noopener\" aria-label=\" (abre numa nova aba)\">Uol<\/a><\/strong>.<\/p>\r\n\r\n\r\n\r\n<p class=\"wp-block-paragraph\">Entre os palestrantes est\u00e1 a nossa CEO e co-fundadora <strong>Samira Cardoso<\/strong>, que vai levar tend\u00eancias e t\u00e9cnicas para o palco de marketing. O papo \u00e9 essencial para profissionais que querem se destacar em 2020 com novas estrat\u00e9gias.<\/p>\r\n\r\n\r\n\r\n<h2 class=\"wp-block-heading\"><strong>Confira tamb\u00e9m o nosso estande<\/strong><\/h2>\r\n\r\n\r\n\r\n<p class=\"wp-block-paragraph\">Assim como foi no <a href=\"https:\/\/projetoslayerup.com.br\/layerup\/rd-summit-layer-up-primeiro-dia\/\" target=\"_blank\" rel=\"noreferrer noopener\" aria-label=\"RD Summit 2019 (abre numa nova aba)\">RD Summit 2019<\/a>, se voc\u00ea estiver pelo Ramp Up Tour 2019 em S\u00e3o Paulo, poder\u00e1 conferir o estande da Layer Up. A nossa equipe ter\u00e1 um <strong>espa\u00e7o exclusivo<\/strong> no evento repleto de <strong>solu\u00e7\u00f5es <\/strong>para empresas que querem <strong>aperfei\u00e7oar performances de <a href=\"https:\/\/projetoslayerup.com.br\/layerup\/marketing-e-vendas-alinhados\/\">marketing e vendas<\/a><\/strong>.<\/p>\r\n\r\n\r\n\r\n<p class=\"wp-block-paragraph\">Durante o evento, iremos oferecer com condi\u00e7\u00f5es exclusivas algumas solu\u00e7\u00f5es como:<\/p>\r\n\r\n\r\n\r\n<ul class=\"wp-block-list\">\r\n<li>O <a href=\"https:\/\/funilemy.com.br\/curso\/\">curso sobre o funil de vendas em Y<\/a><\/li>\r\n<li>Diagn\u00f3sticos de marketing e vendas<\/li>\r\n<li>Consultorias exclusivas<\/li>\r\n<li>Toda a gama de servi\u00e7os da Layer<\/li>\r\n<\/ul>\r\n\r\n\r\n\r\n<h2 class=\"wp-block-heading\"><strong>Os ingressos da Ramp Up Tour 2019 j\u00e1 est\u00e3o \u00e0 venda<\/strong><\/h2>\r\n\r\n\r\n\r\n<p class=\"wp-block-paragraph\">O Ramp Up Tour 2019 j\u00e1 \u00e9 no pr\u00f3ximo dia 10, ent\u00e3o nosso conselho \u00e9 que voc\u00ea <strong>garanta logo o seu ingresso<\/strong>, que j\u00e1 est\u00e1 no pen\u00faltimo lote.<\/p>\r\n<p>Para ter a sua entrada, basta acessar o site da Sympla, que os dados de confirma\u00e7\u00e3o da inscri\u00e7\u00e3o ser\u00e3o enviados por e-mail.<\/p>\r\n\r\n\r\n\r\n<p class=\"wp-block-paragraph\">Lembrando que <strong>a Layer Up garante 50% de desconto<\/strong> para parceiros da ag\u00eancia ou da Ramper com um cupom exclusivo, al\u00e9m de <strong>40% OFF<\/strong> para demais interessados, por meio deste <a href=\"https:\/\/www.sympla.com.br\/ramp-up-tour-19---sao-paulo__482338?d=LAYERUP40\" target=\"_blank\" rel=\"noreferrer noopener\" aria-label=\" (abre numa nova aba)\">link<\/a>.<\/p>\r\n<p>N\u00e3o perca a chance de participar de um dos mais importantes eventos de marketing e vendas, gest\u00e3o e CS\/CX.<\/p>\r\n\r\n\r\n\r\n<figure class=\"wp-block-image\"><a href=\"https:\/\/inboundmarketing.layerup.com.br\/funil-de-vendas-em-y?utm_medium=blogpost&amp;utm_source=site&amp;utm_campaign=ramp-up-tour-2019&amp;utm_content=cta-\"><img loading=\"lazy\" decoding=\"async\" class=\"alignnone wp-image-47824\" src=\"https:\/\/projetoslayerup.com.br\/layerup\/wp-content\/uploads\/2020\/06\/CTA-FUNIL-DE-VENDAS-EM-Y-3-1.png\" alt=\"Dia 10 de dezembro acontece a Ramp Up Tour 2019, em S\u00e3o Paulo, repleto de novidade de gest\u00e3o, marketing e vendas. E n\u00f3s estaremos no evento!\" width=\"900\" height=\"350\" srcset=\"https:\/\/projetoslayerup.com.br\/layerup\/wp-content\/uploads\/2020\/06\/CTA-FUNIL-DE-VENDAS-EM-Y-3-1.png 900w, https:\/\/projetoslayerup.com.br\/layerup\/wp-content\/uploads\/2020\/06\/CTA-FUNIL-DE-VENDAS-EM-Y-3-1-300x117.png 300w, https:\/\/projetoslayerup.com.br\/layerup\/wp-content\/uploads\/2020\/06\/CTA-FUNIL-DE-VENDAS-EM-Y-3-1-768x299.png 768w, https:\/\/projetoslayerup.com.br\/layerup\/wp-content\/uploads\/2020\/06\/CTA-FUNIL-DE-VENDAS-EM-Y-3-1-389x150.png 389w\" sizes=\"auto, (max-width: 900px) 100vw, 900px\" \/><\/a><\/figure>\r\n","protected":false},"excerpt":{"rendered":"<p>A aproxima\u00e7\u00e3o do fim de ano \u00e9 a oportunidade perfeita para muitas empresas buscarem tend\u00eancias e conhecimentos para aplicar depois da virada. E, agora em dezembro, profissionais interessados em gest\u00e3o, marketing e vendas poder\u00e3o aprender novidades durante a edi\u00e7\u00e3o paulistana do Ramp Up Tour 2019, que acontece no dia 10 de dezembro. O evento cruza [&hellip;]<\/p>\n","protected":false},"author":8,"featured_media":46957,"comment_status":"open","ping_status":"open","sticky":false,"template":"","format":"standard","meta":{"_acf_changed":false,"footnotes":""},"categories":[48,143,144],"tags":[288,37,71,289,283,258],"class_list":["post-46956","post","type-post","status-publish","format-standard","has-post-thumbnail","hentry","category-a-layer-up","category-marketing-e-vendas","category-outbound-2-0","tag-b2b","tag-layer-up","tag-marketing-e-vendas","tag-ramp-up-tour","tag-ramper","tag-samira-cardoso"],"acf":[],"_links":{"self":[{"href":"https:\/\/projetoslayerup.com.br\/layerup\/wp-json\/wp\/v2\/posts\/46956","targetHints":{"allow":["GET"]}}],"collection":[{"href":"https:\/\/projetoslayerup.com.br\/layerup\/wp-json\/wp\/v2\/posts"}],"about":[{"href":"https:\/\/projetoslayerup.com.br\/layerup\/wp-json\/wp\/v2\/types\/post"}],"author":[{"embeddable":true,"href":"https:\/\/projetoslayerup.com.br\/layerup\/wp-json\/wp\/v2\/users\/8"}],"replies":[{"embeddable":true,"href":"https:\/\/projetoslayerup.com.br\/layerup\/wp-json\/wp\/v2\/comments?post=46956"}],"version-history":[{"count":3,"href":"https:\/\/projetoslayerup.com.br\/layerup\/wp-json\/wp\/v2\/posts\/46956\/revisions"}],"predecessor-version":[{"id":49606,"href":"https:\/\/projetoslayerup.com.br\/layerup\/wp-json\/wp\/v2\/posts\/46956\/revisions\/49606"}],"wp:featuredmedia":[{"embeddable":true,"href":"https:\/\/projetoslayerup.com.br\/layerup\/wp-json\/wp\/v2\/media\/46957"}],"wp:attachment":[{"href":"https:\/\/projetoslayerup.com.br\/layerup\/wp-json\/wp\/v2\/media?parent=46956"}],"wp:term":[{"taxonomy":"category","embeddable":true,"href":"https:\/\/projetoslayerup.com.br\/layerup\/wp-json\/wp\/v2\/categories?post=46956"},{"taxonomy":"post_tag","embeddable":true,"href":"https:\/\/projetoslayerup.com.br\/layerup\/wp-json\/wp\/v2\/tags?post=46956"}],"curies":[{"name":"wp","href":"https:\/\/api.w.org\/{rel}","templated":true}]}}