{"id":47267,"date":"2020-01-27T18:02:49","date_gmt":"2020-01-27T21:02:49","guid":{"rendered":"https:\/\/projetoslayerup.com.br\/layerup\/?p=47267"},"modified":"2021-09-16T15:44:56","modified_gmt":"2021-09-16T18:44:56","slug":"posicionamento-de-marca-temas-sensiveis","status":"publish","type":"post","link":"https:\/\/projetoslayerup.com.br\/layerup\/posicionamento-de-marca-temas-sensiveis\/","title":{"rendered":"Posicionamento de marca em temas sens\u00edveis: at\u00e9 onde se deve ir?"},"content":{"rendered":"\r\n<p class=\"wp-block-paragraph\">Uma empresa que assume um<a href=\"https:\/\/projetoslayerup.com.br\/layerup\/posicionamento-estrategico\/?utm_medium=blogpost&amp;utm_source=site&amp;utm_campaign=posicionamento-de-marca-temas-sensiveis&amp;utm_content=hiperlink-\"><strong> posicionamento de marca <\/strong><\/a>em rela\u00e7\u00e3o a quest\u00f5es sociais ou pol\u00edticas pode receber publicidade <strong>positiva,<\/strong> promovendo seus pensamentos ou ganhando em vendas. Mas, quando o cen\u00e1rio \u00e9 oposto, o preju\u00edzo tamb\u00e9m pode ser<strong> fatal.<\/strong><\/p>\r\n\r\n\r\n\r\n<p class=\"wp-block-paragraph\">Considerando os riscos, <strong>expressar a posi\u00e7\u00e3o<\/strong> de uma companhia nem sempre \u00e9 estrat\u00e9gico. \u00c9 necess\u00e1rio refletir sobre os limites do envolvimento em temas sens\u00edveis, e at\u00e9 que ponto ele \u00e9 \u00e9tico ou mesmo sensato.<\/p>\r\n\r\n\r\n\r\n<p class=\"wp-block-paragraph\">N\u00e3o que empresas <strong>engajadas <\/strong>sejam uma novidade no mercado: h\u00e1 grandes organiza\u00e7\u00f5es que se posicionam sobre assuntos como diversidade e responsabilidade ambiental h\u00e1 d\u00e9cadas.<\/p>\r\n\r\n\r\n\r\n<p class=\"wp-block-paragraph\">A <strong>Natura,<\/strong> por exemplo, levanta a bandeira da <strong>sustentabilidade<\/strong> e do cuidado com o meio ambiente desde a sua funda\u00e7\u00e3o, em 1969.<\/p>\r\n\r\n\r\n\r\n<p class=\"wp-block-paragraph\">Mas, mesmo com cases de sucesso no mercado, ainda \u00e9 preciso cuidado. A transforma\u00e7\u00e3o digital e a chegada da <strong>era da experi\u00eancia<\/strong> deixaram as novas gera\u00e7\u00f5es muito <strong>mais conectadas.<\/strong><\/p>\r\n\r\n\r\n\r\n<p class=\"wp-block-paragraph\">Agora, os usu\u00e1rios est\u00e3o mais atentos e d\u00e3o um peso maior aos <strong>valores das marcas<\/strong>, n\u00e3o s\u00f3 ao que \u00e9 oferecido por elas.<\/p>\r\n\r\n\r\n\r\n<p class=\"wp-block-paragraph\">Uma pesquisa da <strong><a href=\"https:\/\/www.edelman.com.br\/\">ag\u00eancia Edelman<\/a><\/strong> revelou que <strong>69% dos brasileiros<\/strong> levam em conta o <strong>posicionamento <\/strong>de marca (negativo ou positivo) em rela\u00e7\u00e3o \u00e0 sociedade antes de fazer uma compra.<\/p>\r\n\r\n\r\n\r\n<h2 class=\"wp-block-heading\"><strong>Os valores expressos no posicionamento de marca e seus impactos no consumo<\/strong><\/h2>\r\n\r\n\r\n\r\n<p class=\"wp-block-paragraph\">De acordo com um estudo realizado pela <strong>Opinion Box<\/strong> em 2019, <strong>62% dos brasileiros <\/strong>dizem ser <strong>fi\u00e9is<\/strong> a alguma marca, comportamento que engloba acompanhar novidades e conferir o trabalho da empresa com certa frequ\u00eancia.<\/p>\r\n\r\n\r\n\r\n<p class=\"wp-block-paragraph\">Ainda,<strong> 75% dos consumidores<\/strong> acompanham marcas de sua prefer\u00eancia por meio das redes sociais, enquanto <strong>42%<\/strong> deles visitam constantemente seus sites.<\/p>\r\n\r\n\r\n\r\n<p class=\"wp-block-paragraph\">Os dados s\u00f3 mostram como o usu\u00e1rio atual est\u00e1 ligado aos <strong>pronunciamentos<\/strong> feitos pela marcas que consome. Uma lembran\u00e7a de que cada passo deve ser colocado na balan\u00e7a.<\/p>\r\n\r\n\r\n\r\n<h3 class=\"wp-block-heading\"><strong>Pol\u00edtica<\/strong><\/h3>\r\n\r\n\r\n\r\n<p class=\"wp-block-paragraph\">Quanto a quest\u00f5es <strong>pol\u00edticas<\/strong>, cerca de <strong>metade dos consumidores brasileiros<\/strong> (52%) acredita que marcas n\u00e3o devem apresentar posicionamento.\u00a0<\/p>\r\n\r\n\r\n\r\n<p class=\"wp-block-paragraph\">O n\u00famero de entrevistados a favor do posicionamento gira em torno de<strong> 30%,<\/strong> enquanto os indecisos representam <strong>18%. <\/strong>Ou seja, ainda \u00e9 uma decis\u00e3o ousada, especialmente para pequenas empresas.<\/p>\r\n\r\n\r\n\r\n<p class=\"wp-block-paragraph\">Os impactos positivos e negativos no consumo tendem a se equilibrar. Quando os ideais apresentados s\u00e3o aceitos, <strong>22% dos consumidores <\/strong>est\u00e3o dispostos a <strong>comprar <\/strong>mais daquela marca e<strong> 30% indicariam<\/strong> a empresa a terceiros.<\/p>\r\n\r\n\r\n\r\n<p class=\"wp-block-paragraph\">Em contraponto, quando as ideias n\u00e3o batem com a orienta\u00e7\u00e3o dos consumidores, <strong>28% <\/strong>deles <strong>deixariam de comprar<\/strong> e 25% deixariam de indicar os servi\u00e7os.<\/p>\r\n\r\n\r\n\r\n<p class=\"wp-block-paragraph\"><strong> Ainda, 38% dos entrevistados afirmaram que boicotariam totalmente uma empresa que assumisse ideais pol\u00edticos contr\u00e1rios aos seus. <br \/><\/strong><\/p>\r\n\r\n\r\n\r\n<p class=\"wp-block-paragraph\">\u00c9 importante ter em mente que assumir um direcionamento pol\u00edtico pode engajar parte de seu p\u00fablico, mas existem <strong>consequ\u00eancias.<\/strong> A chance de um boicote \u00e9 real.<\/p>\r\n\r\n\r\n\r\n<p class=\"wp-block-paragraph\">Por isso, a dica \u00e9 conhecer a fundo o <strong>comportamento<\/strong> e as cren\u00e7as de suas <em><a href=\"https:\/\/projetoslayerup.com.br\/layerup\/erros-buyer-persona\/\">buyer personas<\/a>.<\/em><\/p>\r\n\r\n\r\n\r\n<h3 class=\"wp-block-heading\"><strong>Quest\u00f5es sociais<\/strong><\/h3>\r\n\r\n\r\n\r\n<p class=\"wp-block-paragraph\">J\u00e1 em rela\u00e7\u00e3o a causas sociais, os entrevistados se mostraram muito mais abertos: <strong>75% deles <\/strong>acham que empresas <strong>devem apoiar <\/strong>programas publicamente.<\/p>\r\n\r\n\r\n\r\n<p class=\"wp-block-paragraph\">Entre os assuntos que <strong>mais engajam<\/strong> o p\u00fablico, est\u00e3o:<\/p>\r\n\r\n\r\n\r\n<ul class=\"wp-block-list\">\r\n<li>Educa\u00e7\u00e3o (73%)<\/li>\r\n<li>Combate \u00e0 fome e pobreza (70%)<\/li>\r\n<li>Luta contra viol\u00eancia dom\u00e9stica (64%)<\/li>\r\n<li>Prote\u00e7\u00e3o de crian\u00e7as e adolescentes, animais e direitos trabalhistas (59%)\u00a0<\/li>\r\n<\/ul>\r\n\r\n\r\n\r\n<p class=\"wp-block-paragraph\">Organiza\u00e7\u00f5es que assumem seu apoio publicamente tem muito mais <strong>a ganhar <\/strong>do que a perder, j\u00e1 que <strong>37%<\/strong> dos entrevistados <strong>comprariam mais<\/strong> de marcas que apoiassem projetos e 44% deles indicariam a empresa a terceiros.<\/p>\r\n\r\n\r\n\r\n<p class=\"wp-block-paragraph\">Auxiliar uma causa, propagar programas sociais e ser reconhecido por isso \u00e9 unir o \u00fatil ao agrad\u00e1vel, por\u00e9m mesmo nesses casos \u00e9 preciso aten\u00e7\u00e3o.<\/p>\r\n\r\n\r\n\r\n<p class=\"wp-block-paragraph\">Encontre um projeto que esteja alinhado com os <strong>objetivos e a cultura de sua marca<\/strong>. Quando uma empresa escolhe uma causa aleat\u00f3ria e n\u00e3o se envolve em nada com ela, \u00e9 vista como <strong>oportunista.<\/strong><\/p>\r\n\r\n\r\n\r\n<p class=\"wp-block-paragraph\">Se for para assumir e ajudar, ent\u00e3o <strong>envolva-se de fato<\/strong>. Qualquer tipo de hipocrisia ou a\u00e7\u00e3o d\u00fabia pode trazer mais problemas do que solu\u00e7\u00f5es.<\/p>\r\n\r\n\r\n\r\n<h2 class=\"wp-block-heading\"><strong>Como decidir um posicionamento de marca sobre temas sens\u00edveis?<\/strong><\/h2>\r\n\r\n\r\n\r\n<p class=\"wp-block-paragraph\">Antes de decidir apresentar ou n\u00e3o um <a href=\"https:\/\/projetoslayerup.com.br\/layerup\/posicionamento-de-marca-sera-que-voce-esta-fazendo-isso-errado\/\">posicionamento de marca<\/a>, questione se o assunto tratado est\u00e1 de acordo com os<strong> valores <\/strong>da sua empresa.\u00a0<\/p>\r\n\r\n\r\n\r\n<p class=\"wp-block-paragraph\">Tamb\u00e9m \u00e9 importante considerar qual \u00e9 o <strong>prop\u00f3sito<\/strong> por tr\u00e1s desse passo. O assunto em quest\u00e3o afeta o seu setor ou seus funcion\u00e1rios?\u00a0<\/p>\r\n\r\n\r\n\r\n<p class=\"wp-block-paragraph\">Eles precisam que voc\u00ea fale por eles? De alguma forma, ele est\u00e1 relacionado \u00e0 sua miss\u00e3o como empresa? Voc\u00ea est\u00e1 disposto a lutar pela causa, mesmo com suas <strong>consequ\u00eancias<\/strong> e impactos?<\/p>\r\n\r\n\r\n\r\n<p class=\"wp-block-paragraph\">Os seus colaboradores concordam com ela ou estamos falando de um direcionamento que vem de altos cargos? A dica \u00e9 refletir sobre as<strong> inten\u00e7\u00f5es<\/strong> por tr\u00e1s da a\u00e7\u00e3o, pesando se esse envolvimento realmente se encaixa na realidade da organiza\u00e7\u00e3o.<\/p>\r\n\r\n\r\n\r\n<p class=\"wp-block-paragraph\">Um exemplo de a\u00e7\u00e3o que repercutiu de forma negativa foi o lan\u00e7amento de uma modelo \u201c<em>plus size<\/em>\u201d na campanha Perfectly Fit da Calvin Klein.\u00a0<\/p>\r\n\r\n\r\n\r\n<p class=\"wp-block-paragraph\">As usu\u00e1rias questionaram a escolha da profissional, sua apar\u00eancia e ainda afirmaram n\u00e3o se sentir em nada representadas por ela. A imagem, ent\u00e3o, acabou virando piada na internet.<\/p>\r\n\r\n\r\n\r\n<p class=\"wp-block-paragraph\">Por isso, pense na poss\u00edvel <strong>repercuss\u00e3o.<\/strong> Caso voc\u00ea tenha estudado seu p\u00fablico e entendido que vale o posicionamento de marca, pense em uma <strong>gest\u00e3o de crise<\/strong>.<\/p>\r\n\r\n\r\n\r\n<p class=\"wp-block-paragraph\">Assim, se houver efeitos negativos, a empresa j\u00e1 ter\u00e1 uma <a href=\"https:\/\/projetoslayerup.com.br\/layerup\/funil-de-vendas-em-y\/\">comunica\u00e7\u00e3o estrat\u00e9gica<\/a> para lidar com coment\u00e1rios ou boicotes.<\/p>\r\n\r\n\r\n\r\n\r\n\r\n\r\n\r\n<p class=\"wp-block-paragraph\"><a href=\"https:\/\/projetoslayerup.com.br\/layerup\/marketing-humanizado\/\"><img loading=\"lazy\" decoding=\"async\" class=\"wp-image-49427 size-full\" src=\"https:\/\/projetoslayerup.com.br\/layerup\/wp-content\/uploads\/2021\/03\/CTA-QUER-SABER-MAIS.png\" alt=\"Confira os pontos positivos e negativos do posicionamento de marca em temas sens\u00edveis e saiba o que deve ser considerado ao montar o seu:\" width=\"900\" height=\"350\" srcset=\"https:\/\/projetoslayerup.com.br\/layerup\/wp-content\/uploads\/2021\/03\/CTA-QUER-SABER-MAIS.png 900w, https:\/\/projetoslayerup.com.br\/layerup\/wp-content\/uploads\/2021\/03\/CTA-QUER-SABER-MAIS-300x117.png 300w, https:\/\/projetoslayerup.com.br\/layerup\/wp-content\/uploads\/2021\/03\/CTA-QUER-SABER-MAIS-768x299.png 768w, https:\/\/projetoslayerup.com.br\/layerup\/wp-content\/uploads\/2021\/03\/CTA-QUER-SABER-MAIS-389x150.png 389w\" sizes=\"auto, (max-width: 900px) 100vw, 900px\" \/><\/a><\/p>\r\n","protected":false},"excerpt":{"rendered":"<p>Confira os pontos positivos e negativos do posicionamento de marca em temas sens\u00edveis e saiba o que deve ser considerado.<\/p>\n","protected":false},"author":10,"featured_media":47268,"comment_status":"open","ping_status":"open","sticky":false,"template":"","format":"standard","meta":{"_acf_changed":false,"footnotes":""},"categories":[28,21,22,105],"tags":[23,294],"class_list":["post-47267","post","type-post","status-publish","format-standard","has-post-thumbnail","hentry","category-conteudo-estrategico","category-marketing-de-conteudo","category-marketing-digital","category-planejamento-estrategico","tag-marketing-digital","tag-posicionamento-de-marca"],"acf":[],"_links":{"self":[{"href":"https:\/\/projetoslayerup.com.br\/layerup\/wp-json\/wp\/v2\/posts\/47267","targetHints":{"allow":["GET"]}}],"collection":[{"href":"https:\/\/projetoslayerup.com.br\/layerup\/wp-json\/wp\/v2\/posts"}],"about":[{"href":"https:\/\/projetoslayerup.com.br\/layerup\/wp-json\/wp\/v2\/types\/post"}],"author":[{"embeddable":true,"href":"https:\/\/projetoslayerup.com.br\/layerup\/wp-json\/wp\/v2\/users\/10"}],"replies":[{"embeddable":true,"href":"https:\/\/projetoslayerup.com.br\/layerup\/wp-json\/wp\/v2\/comments?post=47267"}],"version-history":[{"count":5,"href":"https:\/\/projetoslayerup.com.br\/layerup\/wp-json\/wp\/v2\/posts\/47267\/revisions"}],"predecessor-version":[{"id":49953,"href":"https:\/\/projetoslayerup.com.br\/layerup\/wp-json\/wp\/v2\/posts\/47267\/revisions\/49953"}],"wp:featuredmedia":[{"embeddable":true,"href":"https:\/\/projetoslayerup.com.br\/layerup\/wp-json\/wp\/v2\/media\/47268"}],"wp:attachment":[{"href":"https:\/\/projetoslayerup.com.br\/layerup\/wp-json\/wp\/v2\/media?parent=47267"}],"wp:term":[{"taxonomy":"category","embeddable":true,"href":"https:\/\/projetoslayerup.com.br\/layerup\/wp-json\/wp\/v2\/categories?post=47267"},{"taxonomy":"post_tag","embeddable":true,"href":"https:\/\/projetoslayerup.com.br\/layerup\/wp-json\/wp\/v2\/tags?post=47267"}],"curies":[{"name":"wp","href":"https:\/\/api.w.org\/{rel}","templated":true}]}}