{"id":47986,"date":"2020-07-07T10:44:11","date_gmt":"2020-07-07T13:44:11","guid":{"rendered":"https:\/\/projetoslayerup.com.br\/layerup\/?p=47986"},"modified":"2021-06-18T14:59:40","modified_gmt":"2021-06-18T17:59:40","slug":"mudancas-no-marketing-digital","status":"publish","type":"post","link":"https:\/\/projetoslayerup.com.br\/layerup\/mudancas-no-marketing-digital\/","title":{"rendered":"As mudan\u00e7as causadas pela Covid-19 no marketing digital"},"content":{"rendered":"\r\n<p class=\"wp-block-paragraph\">A pandemia provocada pelo novo coronav\u00edrus mobilizou o mundo inteiro. Todos os pa\u00edses foram obrigados a rever processos e conceitos. Isso resultou na modifica\u00e7\u00e3o da forma de trabalho em diferentes \u00e1reas, e \u00e9 claro que o <a href=\"https:\/\/projetoslayerup.com.br\/layerup\/marketing-digital-o-que-e-na-pratica\/?utm_medium=blogpost&amp;utm_source=site&amp;utm_campaign=mudancas-no-marketing-digital&amp;utm_content=hiperlink-\"><strong>marketing digital<\/strong><\/a> n\u00e3o passou ileso por essa situa\u00e7\u00e3o.<\/p>\r\n\r\n\r\n\r\n<p class=\"wp-block-paragraph\">Diante desse cen\u00e1rio, elementos fundamentais para o segmento foram modificados. Agora, existe <strong>aten\u00e7\u00e3o redobrada<\/strong> no que diz respeito ao tom, ao visual e \u00e0s produ\u00e7\u00f5es do mundo do marketing digital.<\/p>\r\n\r\n\r\n\r\n<p class=\"wp-block-paragraph\">Mesmo que seja feita a decis\u00e3o de n\u00e3o citar, diretamente, a situa\u00e7\u00e3o em quest\u00e3o, <strong>\u00e9 preciso ter cuidado<\/strong> para n\u00e3o soar insens\u00edvel.<\/p>\r\n\r\n\r\n\r\n<p class=\"wp-block-paragraph\">Os profissionais devem ficar atentos a todas as r\u00e1pidas transforma\u00e7\u00f5es que v\u00eam sendo implementadas nesse momento. Dessa forma,\u00a0 ser\u00e3o capazes de se adaptar \u00e0s <strong>novas necessidades<\/strong>.<\/p>\r\n\r\n\r\n\r\n<h2 class=\"wp-block-heading\"><strong>Adapte processos antigos de acordo com as exig\u00eancias do mercado<\/strong><\/h2>\r\n\r\n\r\n\r\n<p class=\"wp-block-paragraph\">A maneira como nos comportamos mudou com a chegada da <strong>quarentena<\/strong> e do <strong>isolamento social<\/strong>. Sendo assim, processos antigos do marketing digital n\u00e3o s\u00e3o mais eficazes, afinal, n\u00e3o atendem \u00e0s dores e desejos do p\u00fablico.<\/p>\r\n\r\n\r\n\r\n<p class=\"wp-block-paragraph\">Mas isso n\u00e3o significa que todas as t\u00e9cnicas utilizadas previamente s\u00e3o descart\u00e1veis. \u00c9 poss\u00edvel adapt\u00e1-las para, assim, obter <strong>bons resultados<\/strong>.<\/p>\r\n\r\n\r\n\r\n<p class=\"wp-block-paragraph\">Isso diz respeito \u00e0s pe\u00e7as antigas e tamb\u00e9m a todo o planejamento de marketing que foi criado no momento pr\u00e9-pandemia. N\u00e3o precisa se desfazer delas; simplesmente <strong>ajust\u00e1-las<\/strong> \u00e9 o suficiente.<\/p>\r\n\r\n\r\n\r\n<p class=\"wp-block-paragraph\">Depois dessa adequa\u00e7\u00e3o, o primeiro passo que deve ser tomado \u00e9 entender que as <strong>solu\u00e7\u00f5es de curto prazo s\u00e3o as melhores medidas atuais<\/strong>. Isso porque com a mudan\u00e7a acelerada, n\u00e3o faz sentido criar <a href=\"https:\/\/projetoslayerup.com.br\/layerup\/planos-de-acao\/\">planos de a\u00e7\u00e3o<\/a> longos e que se estendam por muito tempo.<\/p>\r\n\r\n\r\n\r\n<p class=\"wp-block-paragraph\">Levar uma semana de cada vez \u00e9 ser a melhor sa\u00edda. Assim, a assertividade dos processos \u00e9 garantida e os planejamentos se tornam mais pontuais.<\/p>\r\n\r\n\r\n\r\n<p class=\"wp-block-paragraph\">Naturalmente, a <strong>reavalia\u00e7\u00e3o das <a href=\"https:\/\/projetoslayerup.com.br\/layerup\/estrategia-digital-5-0\/\">estrat\u00e9gias<\/a><\/strong> se torna uma atividade constante. Dessa forma, \u00e9 poss\u00edvel criar t\u00e1ticas que conversem com o momento atual, que possui v\u00e1rias nuances.<\/p>\r\n\r\n\r\n\r\n<p class=\"wp-block-paragraph\">Nesse sentido, tamb\u00e9m \u00e9 preciso ficar atento \u00e0 linguagem utilizada nas pe\u00e7as de marketing digital.<\/p>\r\n\r\n\r\n\r\n<p class=\"wp-block-paragraph\">Voc\u00ea escolhendo ou n\u00e3o falar sobre a pandemia, \u00e9 importante ter cuidado para n\u00e3o acabar, inconscientemente, incentivando a\u00e7\u00f5es que v\u00e3o contra as <strong>medidas de combate ao coronav\u00edrus<\/strong>.<\/p>\r\n\r\n\r\n\r\n<p class=\"wp-block-paragraph\">Esse tipo de deslize pode manchar a imagem da marca e dar a impress\u00e3o de que ela n\u00e3o se importa com o bem-estar f\u00edsico de seus clientes, algo que precisa ser evitado a qualquer custo pelo marketing digital. Ent\u00e3o, fique atento!<\/p>\r\n\r\n\r\n\r\n<h2 class=\"wp-block-heading\"><strong>O marketing digital p\u00f3s-pandemia: o \u201cnovo normal\u201d<\/strong><\/h2>\r\n\r\n\r\n\r\n<p class=\"wp-block-paragraph\">Muitas pessoas falam que, em breve, tudo voltar\u00e1 ao normal. Mas o que isso significa?<\/p>\r\n\r\n\r\n\r\n<p class=\"wp-block-paragraph\">A verdade \u00e9 que o processo de adapta\u00e7\u00e3o ser\u00e1, mais uma vez, imposto sobre a sociedade. Iremos viver um \u201c<strong>novo normal<\/strong>\u201d, e isso quer dizer que mesmo ap\u00f3s a pandemia, continuaremos a rever processos.<\/p>\r\n\r\n\r\n\r\n<p class=\"wp-block-paragraph\">O <em>home office<\/em>, por exemplo, era altamente evitado por v\u00e1rias empresas, inclusive algumas que trabalham com marketing digital. Com a quarentena, isso mudou.<\/p>\r\n\r\n\r\n\r\n<p class=\"wp-block-paragraph\">De acordo com <a href=\"https:\/\/economia.uol.com.br\/empregos-e-carreiras\/noticias\/redacao\/2020\/04\/06\/home-office-coronavirus.htm\" target=\"_blank\" rel=\"noreferrer noopener\" aria-label=\" (abre numa nova aba)\">estudo<\/a> desenvolvido por Andr\u00e9 Miceli, coordenador do MBA em Marketing e Intelig\u00eancia de Neg\u00f3cios Digitais da Funda\u00e7\u00e3o Get\u00falio Vargas, <strong>o trabalho remoto sofrer\u00e1 um aumento de 30% ap\u00f3s o isolamento social<\/strong>.<\/p>\r\n\r\n\r\n\r\n<p class=\"wp-block-paragraph\">Esse fato indica que, diante de tantos desafios, as empresas enxergaram uma nova forma de servi\u00e7o, que oferece mais benef\u00edcios tanto ao trabalhador quanto ao empregador.<\/p>\r\n\r\n\r\n\r\n<p class=\"wp-block-paragraph\">A utiliza\u00e7\u00e3o de novas <strong>ferramentas digitais<\/strong> indica que o marketing digital continua sendo altamente eficaz, mesmo quando os profissionais trabalham em diferentes locais.<\/p>\r\n\r\n\r\n\r\n<p class=\"wp-block-paragraph\">Al\u00e9m disso, esses mesmos instrumentos online, que foram descobertos ou mais utilizados durante a pandemia, facilitam v\u00e1rias a\u00e7\u00f5es.<\/p>\r\n\r\n\r\n\r\n<p class=\"wp-block-paragraph\">Reuni\u00f5es com clientes que muitas vezes eram adiadas por conflito de agendas e problemas de locomo\u00e7\u00e3o, por exemplo, podem ser realizadas com mais facilidade. Isso \u00e9 algo que vai perdurar mesmo ap\u00f3s a quarentena.<\/p>\r\n\r\n\r\n\r\n<p class=\"wp-block-paragraph\">A <strong>rela\u00e7\u00e3o entre empresas e clientes<\/strong>, portanto, se tornou ainda mais estreita durante esse momento, assim como a proximidade entre os times e os funcion\u00e1rios de um neg\u00f3cio aumentou.<\/p>\r\n\r\n\r\n\r\n<h2 class=\"wp-block-heading\"><strong>Voc\u00ea est\u00e1 preparado para o futuro do marketing digital?<\/strong><\/h2>\r\n\r\n\r\n\r\n<p class=\"wp-block-paragraph\">As mudan\u00e7as causadas pela Covid-19 pegaram todas as pessoas de surpresa. Mas \u00e9 poss\u00edvel se adaptar a essa nova realidade do marketing digital com o apoio de ag\u00eancias que <strong>facilitem essa transi\u00e7\u00e3o.<\/strong><\/p>\r\n\r\n\r\n\r\n<p class=\"wp-block-paragraph\">N\u00f3s desenvolvemos um <strong>material completo e gratuito<\/strong> sobre gerenciamento de crise principalmente em temos de coronav\u00edrus especialmente para voc\u00ea. Confira!<\/p>\r\n\r\n\r\n\r\n<figure class=\"wp-block-image\"><a href=\"https:\/\/inboundmarketing.layerup.com.br\/gerenciamento-de-crise-covid19\" target=\"_blank\" rel=\"noreferrer noopener\"><img loading=\"lazy\" decoding=\"async\" width=\"900\" height=\"350\" class=\"wp-image-47786\" src=\"https:\/\/projetoslayerup.com.br\/layerup\/wp-content\/uploads\/2020\/06\/CTA-GESTAO-DE-CRISE-1-1.png\" alt=\"Gest\u00e3o de Crise - Conte\u00fados Layer Up\" srcset=\"https:\/\/projetoslayerup.com.br\/layerup\/wp-content\/uploads\/2020\/06\/CTA-GESTAO-DE-CRISE-1-1.png 900w, https:\/\/projetoslayerup.com.br\/layerup\/wp-content\/uploads\/2020\/06\/CTA-GESTAO-DE-CRISE-1-1-300x117.png 300w, https:\/\/projetoslayerup.com.br\/layerup\/wp-content\/uploads\/2020\/06\/CTA-GESTAO-DE-CRISE-1-1-768x299.png 768w, https:\/\/projetoslayerup.com.br\/layerup\/wp-content\/uploads\/2020\/06\/CTA-GESTAO-DE-CRISE-1-1-389x150.png 389w\" sizes=\"auto, (max-width: 900px) 100vw, 900px\" \/><\/a><\/figure>\r\n\r\n\r\n\r\n<p class=\"wp-block-paragraph\">&nbsp;<\/p>\r\n","protected":false},"excerpt":{"rendered":"<p>O marketing digital est\u00e1 sendo fortemente afetado pela pandemia do novo coronav\u00edrus. Veja as principais mudan\u00e7as desse setor em nosso blog. <\/p>\n","protected":false},"author":19,"featured_media":47987,"comment_status":"open","ping_status":"open","sticky":false,"template":"","format":"standard","meta":{"_acf_changed":false,"footnotes":""},"categories":[22,143,38,117,262],"tags":[343,344],"class_list":["post-47986","post","type-post","status-publish","format-standard","has-post-thumbnail","hentry","category-marketing-digital","category-marketing-e-vendas","category-midias-sociais","category-publicidade-online","category-tecnologia","tag-covid-19","tag-mudancas-no-marketing"],"acf":[],"_links":{"self":[{"href":"https:\/\/projetoslayerup.com.br\/layerup\/wp-json\/wp\/v2\/posts\/47986","targetHints":{"allow":["GET"]}}],"collection":[{"href":"https:\/\/projetoslayerup.com.br\/layerup\/wp-json\/wp\/v2\/posts"}],"about":[{"href":"https:\/\/projetoslayerup.com.br\/layerup\/wp-json\/wp\/v2\/types\/post"}],"author":[{"embeddable":true,"href":"https:\/\/projetoslayerup.com.br\/layerup\/wp-json\/wp\/v2\/users\/19"}],"replies":[{"embeddable":true,"href":"https:\/\/projetoslayerup.com.br\/layerup\/wp-json\/wp\/v2\/comments?post=47986"}],"version-history":[{"count":6,"href":"https:\/\/projetoslayerup.com.br\/layerup\/wp-json\/wp\/v2\/posts\/47986\/revisions"}],"predecessor-version":[{"id":49789,"href":"https:\/\/projetoslayerup.com.br\/layerup\/wp-json\/wp\/v2\/posts\/47986\/revisions\/49789"}],"wp:featuredmedia":[{"embeddable":true,"href":"https:\/\/projetoslayerup.com.br\/layerup\/wp-json\/wp\/v2\/media\/47987"}],"wp:attachment":[{"href":"https:\/\/projetoslayerup.com.br\/layerup\/wp-json\/wp\/v2\/media?parent=47986"}],"wp:term":[{"taxonomy":"category","embeddable":true,"href":"https:\/\/projetoslayerup.com.br\/layerup\/wp-json\/wp\/v2\/categories?post=47986"},{"taxonomy":"post_tag","embeddable":true,"href":"https:\/\/projetoslayerup.com.br\/layerup\/wp-json\/wp\/v2\/tags?post=47986"}],"curies":[{"name":"wp","href":"https:\/\/api.w.org\/{rel}","templated":true}]}}