{"id":48132,"date":"2020-09-04T13:54:50","date_gmt":"2020-09-04T16:54:50","guid":{"rendered":"https:\/\/projetoslayerup.com.br\/layerup\/?p=48132"},"modified":"2022-08-18T12:49:57","modified_gmt":"2022-08-18T15:49:57","slug":"lgpd","status":"publish","type":"post","link":"https:\/\/projetoslayerup.com.br\/layerup\/lgpd\/","title":{"rendered":"LGPD: como descobrir se minha empresa est\u00e1 adequada?"},"content":{"rendered":"\r\n<p class=\"wp-block-paragraph\">A <strong>LGPD \u2014 Lei Geral de Prote\u00e7\u00e3o de Dados <\/strong>entrar\u00e1 em vigor at\u00e9 dia 17 de setembro de 2020, passando a valer para neg\u00f3cios de todos os portes que coletem dados no ambiente digital.<\/p>\r\n\r\n\r\n\r\n<p class=\"wp-block-paragraph\">Por isso, empresas que ainda n\u00e3o se adequaram \u00e0s <strong>novas medidas de prote\u00e7\u00e3o <\/strong>que a lei imp\u00f5e devem correr contra o tempo.<\/p>\r\n\r\n\r\n\r\n<p class=\"wp-block-paragraph\">Durante a <a href=\"https:\/\/projetoslayerup.com.br\/layerup\/planos-de-acao\/\" target=\"_blank\" rel=\"noreferrer noopener\">pandemia<\/a>, foi feita uma proposta de adiamento, solicitando que a lei passasse a vigorar somente em maio de 2021.<\/p>\r\n\r\n\r\n\r\n<p class=\"wp-block-paragraph\">O objetivo era oferecer mais tempo para as <strong>empresas se adaptarem <\/strong>a essas medidas, com a premissa de que os meses de isolamento social dificultariam o processo.<\/p>\r\n\r\n\r\n\r\n<p class=\"wp-block-paragraph\">Por outro lado, a necessidade do controle de dados ficou ainda mais evidente durante a quarentena, visto que o e-commerce teve um <strong>crescimento consider\u00e1vel<\/strong> no per\u00edodo. Em outras palavras, cada vez mais dados <strong>sendo coletados<\/strong>.<\/p>\r\n\r\n\r\n\r\n<p class=\"wp-block-paragraph\">Assim, o Senado derrubou a solicita\u00e7\u00e3o de adiamento e a LGPD entrar\u00e1 em vigor ap\u00f3s a <strong>san\u00e7\u00e3o do presidente,<\/strong> que deve ocorrer em at\u00e9 <strong>15 dias \u00fateis <\/strong>ap\u00f3s o recebimento do projeto na Casa Civil.<\/p>\r\n\r\n\r\n\r\n<p class=\"wp-block-paragraph\">Em caso de descumprimento da Lei Geral de Prote\u00e7\u00e3o de Dados, as multas podem chegar at\u00e9 <strong>2% do faturamento da empresa<\/strong>,<strong> com o teto de 50 milh\u00f5es de reais<\/strong>.<\/p>\r\n\r\n\r\n\r\n<p class=\"wp-block-paragraph\">Entretanto, ficou decidido que as puni\u00e7\u00f5es s\u00f3 ser\u00e3o sancionadas<strong> a partir de agosto de 2021<\/strong>.<\/p>\r\n\r\n\r\n\r\n<p class=\"wp-block-paragraph\">Isso n\u00e3o significa que as empresas podem descumprir ou demorar nas revis\u00f5es de processos, at\u00e9 porque o C\u00f3digo de Defesa do Consumidor e tudo que envolva direito civil estar\u00e1 atuando plenamente, e os clientes j\u00e1 est\u00e3o indo ao <a href=\"https:\/\/www.procon.sp.gov.br\/\" target=\"_blank\" rel=\"noreferrer noopener\">Procon<\/a> e ao Tribunal de Pequenas Causas em <strong>rela\u00e7\u00e3o a prote\u00e7\u00e3o de seus dados<\/strong>.<\/p>\r\n\r\n\r\n\r\n<p class=\"wp-block-paragraph\">Agora que voc\u00ea j\u00e1 entende a import\u00e2ncia de rever todo o tratamento de dados da sua empresa, que tal descobrir quais s\u00e3o as mudan\u00e7as necess\u00e1rias?<\/p>\r\n\r\n\r\n\r\n<h2 class=\"wp-block-heading\"><strong>LGPD: pontos para adequar dentro da sua empresa<\/strong><\/h2>\r\n\r\n\r\n\r\n<p class=\"wp-block-paragraph\">A lei exige diversas mudan\u00e7as de processos dentro das empresas. Por isso, dividimos os principais pontos em ordem de a\u00e7\u00e3o.<\/p>\r\n\r\n\r\n\r\n<h3 class=\"wp-block-heading\"><strong>Consultoria jur\u00eddica<\/strong><\/h3>\r\n\r\n\r\n\r\n<p class=\"wp-block-paragraph\">Em primeiro lugar, n\u00e3o deixe de buscar uma consultoria especializada. S\u00f3 assim ser\u00e1 poss\u00edvel resguardar completamente a sua empresa, garantindo que nenhum ponto esteja fora do exigido em lei.<\/p>\r\n\r\n\r\n\r\n<h3 class=\"wp-block-heading\"><strong>Comit\u00ea de privacidade<\/strong><\/h3>\r\n\r\n\r\n\r\n<p class=\"wp-block-paragraph\">Na adequa\u00e7\u00e3o, o primeiro passo \u00e9 selecionar <strong>profissionais de diferentes \u00e1reas<\/strong> para um comit\u00ea de privacidade.\u00a0<\/p>\r\n\r\n\r\n\r\n<p class=\"wp-block-paragraph\">Cada funcion\u00e1rio deve trazer o conhecimento de um <strong>setor espec\u00edfico <\/strong>da empresa, com o objetivo de garantir que ela esteja operando dentro da Lei.<\/p>\r\n\r\n\r\n\r\n<p class=\"wp-block-paragraph\">Sempre conforme as diretrizes da LGPD, esse grupo ir\u00e1 avaliar riscos, rever processos e definir c\u00f3digos de conduta ao lado do<strong> DPO (Digital Protection Officer)<\/strong>.<\/p>\r\n\r\n\r\n\r\n<figure class=\"wp-block-image size-large\"><img loading=\"lazy\" decoding=\"async\" width=\"900\" height=\"350\" class=\"wp-image-48150\" src=\"https:\/\/projetoslayerup.com.br\/layerup\/wp-content\/uploads\/2020\/09\/ARTE-MEIO-TEXTO-1-1-1.png\" alt=\"\" srcset=\"https:\/\/projetoslayerup.com.br\/layerup\/wp-content\/uploads\/2020\/09\/ARTE-MEIO-TEXTO-1-1-1.png 900w, https:\/\/projetoslayerup.com.br\/layerup\/wp-content\/uploads\/2020\/09\/ARTE-MEIO-TEXTO-1-1-1-300x117.png 300w, https:\/\/projetoslayerup.com.br\/layerup\/wp-content\/uploads\/2020\/09\/ARTE-MEIO-TEXTO-1-1-1-768x299.png 768w, https:\/\/projetoslayerup.com.br\/layerup\/wp-content\/uploads\/2020\/09\/ARTE-MEIO-TEXTO-1-1-1-389x150.png 389w\" sizes=\"auto, (max-width: 900px) 100vw, 900px\" \/><\/figure>\r\n\r\n\r\n\r\n<h3 class=\"wp-block-heading\"><strong>Digital Protection Officer (DPO) ou Encarregado de Tratamento de Dados\u00a0<\/strong><\/h3>\r\n\r\n\r\n\r\n<p class=\"wp-block-paragraph\">O Digital Protection Officer (DPO) \u00e9 uma <strong>pessoa f\u00edsica ou jur\u00eddica legalmente respons\u00e1vel<\/strong> por comandar atividades de prote\u00e7\u00e3o de dados dentro da empresa.<\/p>\r\n\r\n\r\n\r\n<p class=\"wp-block-paragraph\">Esse profissional ou grupo deve estar integrado a todas atividades e processos que envolvem tratamento de dados pessoais, e ir\u00e1 responder diretamente \u00e0 <strong>Autoridade Nacional de Prote\u00e7\u00e3o de Dados<\/strong> (ANPD), \u00f3rg\u00e3o federal. Suas fun\u00e7\u00f5es envolvem:<\/p>\r\n\r\n\r\n\r\n<ul class=\"wp-block-list\">\r\n<li>Atender demandas de usu\u00e1rios e <strong>prestar esclarecimentos<\/strong><\/li>\r\n<li><strong>Receber comunica\u00e7\u00f5es<\/strong> da ANPD e tomar provid\u00eancias<\/li>\r\n<li>Orientar funcion\u00e1rios em rela\u00e7\u00e3o \u00e0s pr\u00e1ticas que devem ser seguidas, verificando <strong>seu cumprimento<\/strong> dentro da empresa<\/li>\r\n<\/ul>\r\n\r\n\r\n\r\n<p class=\"wp-block-paragraph\">At\u00e9 o momento, todas as empresas que coletam dados, independente do porte, necessitam de um DPO, que deve ter sua identidade revelada nos sites das companhias.<\/p>\r\n\r\n\r\n\r\n<p class=\"wp-block-paragraph\">Caso optem por pessoa jur\u00eddica, \u00e9 poss\u00edvel contar com o trabalho de um <strong>escrit\u00f3rio de advocacia especializado<\/strong>.<\/p>\r\n\r\n\r\n\r\n<p class=\"wp-block-paragraph\">Na ocasi\u00e3o de preferirem contratar uma pessoa f\u00edsica, n\u00e3o h\u00e1 exig\u00eancia sobre a <strong>qualifica\u00e7\u00e3o profissional<\/strong> do encarregado, desde que ele domine a LGPD.<\/p>\r\n\r\n\r\n\r\n<p class=\"wp-block-paragraph\">Lembrando que o DPO ser\u00e1 respons\u00e1vel legalmente, seja um funcion\u00e1rio ou prestador de servi\u00e7os. Assim, caso ele esteja envolvido em um dano causado a terceiros, sofrer\u00e1 as consequ\u00eancias punitivas.<\/p>\r\n\r\n\r\n\r\n<h3 class=\"wp-block-heading\"><strong>Revis\u00e3o de processos internos<\/strong><\/h3>\r\n\r\n\r\n\r\n<p class=\"wp-block-paragraph\">Com uma consultoria jur\u00eddica, um comit\u00ea de privacidade formado e um DPO definido, chegou a hora de repensar os processos.<\/p>\r\n\r\n\r\n\r\n<p class=\"wp-block-paragraph\">O <strong>consentimento na coleta de dados <\/strong>precisa ser revisto. De acordo com a Lei Geral de Prote\u00e7\u00e3o de Dados, a forma de consentimento deve ser clara para um fim espec\u00edfico.<\/p>\r\n\r\n\r\n\r\n<p class=\"wp-block-paragraph\">Ou seja, o titular daqueles dados precisa saber de maneira exata qual \u00e9 a<strong> finalidade que ser\u00e1 dada \u00e0s suas informa\u00e7\u00f5es<\/strong>.<\/p>\r\n\r\n\r\n\r\n<p class=\"wp-block-paragraph\">Imagine que a empresa pede o CPF do cliente para fins fiscais. De maneira alguma esse dado pode ser tratado para outro fim que n\u00e3o aquele mencionado.<\/p>\r\n\r\n\r\n\r\n<p class=\"wp-block-paragraph\">Caso a empresa tenha interesse em usar esse dado tamb\u00e9m em outras a\u00e7\u00f5es, <strong>deve inserir um opt-in<\/strong> afirmando essa vontade para o cliente e pedindo a sua autoriza\u00e7\u00e3o.<\/p>\r\n\r\n\r\n\r\n<p class=\"wp-block-paragraph\">E, mesmo com claro consentimento, as companhias devem garantir a seguran\u00e7a dessas informa\u00e7\u00f5es.\u00a0<\/p>\r\n\r\n\r\n\r\n<figure class=\"wp-block-image size-large\"><img loading=\"lazy\" decoding=\"async\" width=\"1024\" height=\"348\" class=\"wp-image-48151\" src=\"https:\/\/projetoslayerup.com.br\/layerup\/wp-content\/uploads\/2020\/09\/ARTE-MEIO-TEXTO-2-1-1-1024x348.png\" alt=\"\" srcset=\"https:\/\/projetoslayerup.com.br\/layerup\/wp-content\/uploads\/2020\/09\/ARTE-MEIO-TEXTO-2-1-1-1024x348.png 1024w, https:\/\/projetoslayerup.com.br\/layerup\/wp-content\/uploads\/2020\/09\/ARTE-MEIO-TEXTO-2-1-1-300x102.png 300w, https:\/\/projetoslayerup.com.br\/layerup\/wp-content\/uploads\/2020\/09\/ARTE-MEIO-TEXTO-2-1-1-768x261.png 768w, https:\/\/projetoslayerup.com.br\/layerup\/wp-content\/uploads\/2020\/09\/ARTE-MEIO-TEXTO-2-1-1.png 1031w\" sizes=\"auto, (max-width: 1024px) 100vw, 1024px\" \/><\/figure>\r\n\r\n\r\n\r\n<p class=\"wp-block-paragraph\">Antes da LGPD, caso uma empresa n\u00e3o oferecesse seguran\u00e7a de dados e sofresse um ataque ou vazamento, ela n\u00e3o seria<strong> responsabilizada por isso<\/strong>.<\/p>\r\n\r\n\r\n\r\n<p class=\"wp-block-paragraph\">Com a Lei, agora as empresas dever\u00e3o comprovar uma estrutura m\u00ednima de seguran\u00e7a, preparada para assegurar a prote\u00e7\u00e3o da privacidade dos consumidores e usu\u00e1rios.<\/p>\r\n\r\n\r\n\r\n<p class=\"wp-block-paragraph\">Caso aconte\u00e7a um acidente, as pessoas em quest\u00e3o devem ser notificadas. A n\u00e3o notifica\u00e7\u00e3o tamb\u00e9m sofrer\u00e1 san\u00e7\u00f5es jur\u00eddicas.<\/p>\r\n\r\n\r\n\r\n<p class=\"wp-block-paragraph\">Em outras palavras, o comit\u00ea, juntamente com o DPO, precisar\u00e3o <strong>esquadrinhar todos os processos existentes<\/strong>, mapeando os caminhos em rela\u00e7\u00e3o \u00e0 coleta, tratamento e uso de dados.<\/p>\r\n\r\n\r\n\r\n<p class=\"wp-block-paragraph\">Todos os aplicativos e softwares usados pelas equipes diariamente tamb\u00e9m devem constar no mapeamento, j\u00e1 que armazenam dados.<\/p>\r\n\r\n\r\n\r\n<p class=\"wp-block-paragraph\">A dica \u00e9 identificar todas essas atividades e verificar o cumprimento de medidas de seguran\u00e7a, tempo de reten\u00e7\u00e3o das informa\u00e7\u00f5es, entre outros pontos levantados pela LGPD.<\/p>\r\n\r\n\r\n\r\n<h2 class=\"wp-block-heading\"><strong>Adeque seu neg\u00f3cio e cres\u00e7a de forma sustent\u00e1vel<\/strong><\/h2>\r\n\r\n\r\n\r\n<p class=\"wp-block-paragraph\">Al\u00e9m de realizar as adapta\u00e7\u00f5es para cumprimento da Lei Geral de Prote\u00e7\u00e3o de Dados, aproveite as mudan\u00e7as para criar tamb\u00e9m um<strong> c\u00f3digo de cultura<\/strong>.<\/p>\r\n\r\n\r\n\r\n<p class=\"wp-block-paragraph\">Defina quais s\u00e3o os pilares de cultura da sua empresa, seus objetivos e metas, as <strong>habilidades intr\u00ednsecas ao mindset escolhido <\/strong>e compile tudo isso em um culture code que ir\u00e1 ajudar nas contrata\u00e7\u00f5es, treinamentos profissionais e no caminho rumo a resultados ainda melhores.<\/p>\r\n\r\n\r\n\r\n<figure class=\"wp-block-image size-large\"><a href=\"https:\/\/projetoslayerup.com.br\/layerup\/culture-code\/?utm_medium=blogpost&amp;utm_source=site&amp;utm_campaign=lgpd-culture&amp;utm_term=trafego&amp;utm_content=cta-\" target=\"_blank\" rel=\"noopener noreferrer\"><img loading=\"lazy\" decoding=\"async\" width=\"900\" height=\"350\" class=\"wp-image-48152\" src=\"https:\/\/projetoslayerup.com.br\/layerup\/wp-content\/uploads\/2020\/09\/CTA-LGPD-1.png\" alt=\"\" srcset=\"https:\/\/projetoslayerup.com.br\/layerup\/wp-content\/uploads\/2020\/09\/CTA-LGPD-1.png 900w, https:\/\/projetoslayerup.com.br\/layerup\/wp-content\/uploads\/2020\/09\/CTA-LGPD-1-300x117.png 300w, https:\/\/projetoslayerup.com.br\/layerup\/wp-content\/uploads\/2020\/09\/CTA-LGPD-1-768x299.png 768w, https:\/\/projetoslayerup.com.br\/layerup\/wp-content\/uploads\/2020\/09\/CTA-LGPD-1-389x150.png 389w\" sizes=\"auto, (max-width: 900px) 100vw, 900px\" \/><\/a><\/figure>\r\n","protected":false},"excerpt":{"rendered":"<p>A LGPD entra em vigor at\u00e9 setembro e muitas empresas ainda n\u00e3o se adequaram \u00e0s medidas. Em nosso blog, descubra a situa\u00e7\u00e3o do seu neg\u00f3cio!<\/p>\n","protected":false},"author":10,"featured_media":50997,"comment_status":"open","ping_status":"open","sticky":false,"template":"","format":"standard","meta":{"_acf_changed":false,"footnotes":""},"categories":[129,28,54,105,91],"tags":[360,361,362],"class_list":["post-48132","post","type-post","status-publish","format-standard","has-post-thumbnail","hentry","category-consultoria-estrategica","category-conteudo-estrategico","category-desenvolvimento-de-sites","category-planejamento-estrategico","category-transformacao-digital","tag-lei","tag-lei-geral-de-protecao-de-dados","tag-lgpd"],"acf":[],"_links":{"self":[{"href":"https:\/\/projetoslayerup.com.br\/layerup\/wp-json\/wp\/v2\/posts\/48132","targetHints":{"allow":["GET"]}}],"collection":[{"href":"https:\/\/projetoslayerup.com.br\/layerup\/wp-json\/wp\/v2\/posts"}],"about":[{"href":"https:\/\/projetoslayerup.com.br\/layerup\/wp-json\/wp\/v2\/types\/post"}],"author":[{"embeddable":true,"href":"https:\/\/projetoslayerup.com.br\/layerup\/wp-json\/wp\/v2\/users\/10"}],"replies":[{"embeddable":true,"href":"https:\/\/projetoslayerup.com.br\/layerup\/wp-json\/wp\/v2\/comments?post=48132"}],"version-history":[{"count":2,"href":"https:\/\/projetoslayerup.com.br\/layerup\/wp-json\/wp\/v2\/posts\/48132\/revisions"}],"predecessor-version":[{"id":50998,"href":"https:\/\/projetoslayerup.com.br\/layerup\/wp-json\/wp\/v2\/posts\/48132\/revisions\/50998"}],"wp:featuredmedia":[{"embeddable":true,"href":"https:\/\/projetoslayerup.com.br\/layerup\/wp-json\/wp\/v2\/media\/50997"}],"wp:attachment":[{"href":"https:\/\/projetoslayerup.com.br\/layerup\/wp-json\/wp\/v2\/media?parent=48132"}],"wp:term":[{"taxonomy":"category","embeddable":true,"href":"https:\/\/projetoslayerup.com.br\/layerup\/wp-json\/wp\/v2\/categories?post=48132"},{"taxonomy":"post_tag","embeddable":true,"href":"https:\/\/projetoslayerup.com.br\/layerup\/wp-json\/wp\/v2\/tags?post=48132"}],"curies":[{"name":"wp","href":"https:\/\/api.w.org\/{rel}","templated":true}]}}