{"id":48164,"date":"2020-09-10T17:32:00","date_gmt":"2020-09-10T20:32:00","guid":{"rendered":"https:\/\/projetoslayerup.com.br\/layerup\/?p=48164"},"modified":"2022-08-11T14:56:58","modified_gmt":"2022-08-11T17:56:58","slug":"semana-de-marketing-e-vendas","status":"publish","type":"post","link":"https:\/\/projetoslayerup.com.br\/layerup\/semana-de-marketing-e-vendas\/","title":{"rendered":"Semana de Marketing e Vendas: evento gratuito para o setor de servi\u00e7os"},"content":{"rendered":"\r\n<p class=\"wp-block-paragraph\">Dando destaque ao setor de servi\u00e7os, a <strong>Semana de Marketing e Vendas<\/strong> <strong>(SMV) <\/strong>proporciona desenvolvimento intelectual para os participantes por meio de uma <strong>imers\u00e3o completa<\/strong> <strong>e gratuita, <\/strong>oportunizando o crescimento e desenvolvimento dos neg\u00f3cios.<\/p>\r\n\r\n\r\n\r\n<p class=\"wp-block-paragraph\">O <strong>setor terci\u00e1rio<\/strong> da economia \u00e9 um dos mais antigos da hist\u00f3ria, considerando pr\u00e1ticas de com\u00e9rcio e de oferecimento de servi\u00e7os.<\/p>\r\n\r\n\r\n\r\n<p class=\"wp-block-paragraph\">O conceito de com\u00e9rcio j\u00e1 \u00e9 bastante disseminado, mas o de servi\u00e7os nem tanto. Entende-se por ele os bens intang\u00edveis ou imateriais oferecidos \u00e0 sociedade. A atividade banc\u00e1ria, empresas de seguro, o trabalho dos professores e advogados s\u00e3o alguns exemplos de bens intang\u00edveis.<\/p>\r\n\r\n\r\n\r\n<h2 class=\"wp-block-heading\">A situa\u00e7\u00e3o do setor de servi\u00e7os no Brasil<\/h2>\r\n\r\n\r\n\r\n<p class=\"wp-block-paragraph\">De acordo com o <strong>Instituto Brasileiro de Geografia e Estat\u00edstica (IBGE)<\/strong> o setor era respons\u00e1vel por <strong>69%<\/strong> do PIB brasileiro em <strong>1997<\/strong>, enquanto em <strong>2018<\/strong> essa representatividade aumentou para <strong>73%<\/strong>.<\/p>\r\n\r\n\r\n\r\n<p class=\"wp-block-paragraph\">Na mesma pesquisa, gr\u00e1ficos apontam que o per\u00edodo entre 2015 e 2016 n\u00e3o foi feliz para o com\u00e9rcio, registrando os menores valores de volume de vendas desde 2005, mas melhoras s\u00e3o vistas a partir de 2017.<\/p>\r\n\r\n\r\n\r\n<p class=\"wp-block-paragraph\">O setor de servi\u00e7os iniciou 2020 em alta.Ap\u00f3s dois meses de perdas, o m\u00eas de janeiro apresentou ganhos, tendo o melhor resultado dos \u00faltimos tr\u00eas anos. Por\u00e9m o que tinha de tudo para ser um \u00f3timo ano tornou-se um grande desafio para a \u00e1rea.<\/p>\r\n\r\n\r\n\r\n<p class=\"wp-block-paragraph\">Ap\u00f3s a <strong>Pesquisa Mensal de Servi\u00e7os (PMS)<\/strong> ter sido divulgada pelo <strong>IBGE <\/strong>no dia 10 de julho, a <strong>Confedera\u00e7\u00e3o Nacional do Com\u00e9rcio de Bens, Servi\u00e7os e Turismos (CNC)<\/strong> revisou de <strong>5,6%<\/strong> para <strong>5,9%<\/strong> a previs\u00e3o de retra\u00e7\u00e3o no volume de receitas do setor.<\/p>\r\n\r\n\r\n\r\n<p class=\"wp-block-paragraph\">Confirmada a previs\u00e3o, o setor pode registrar o <strong>pior desempenho anual <\/strong>na hist\u00f3ria da pesquisa, que iniciou seus registros em 2011.<\/p>\r\n\r\n\r\n\r\n<p class=\"wp-block-paragraph\">Os servi\u00e7os voltados ao consumidor final, como aqueles prestados \u00e0s fam\u00edlias e at\u00e9 mesmo as atividades de transportes, apresentaram um crescimento ap\u00f3s terem atingido valores muito baixos no m\u00eas de abril.<\/p>\r\n\r\n\r\n\r\n<p class=\"wp-block-paragraph\">Entretanto, servi\u00e7os prestados entre empresas como o de <strong>comunica\u00e7\u00e3o e profissionais administrativos,<\/strong> tiveram uma baixa, impedindo o in\u00edcio da rea\u00e7\u00e3o das atividades terci\u00e1rias como um todo.<\/p>\r\n\r\n\r\n\r\n<p class=\"wp-block-paragraph\">No dia 01 de setembro, o<strong> IBGE<\/strong> publicou os resultados do impacto da pandemia no segundo trimestre de 2020, o <strong>PIB<\/strong> teve uma <strong>redu\u00e7\u00e3o de 9,7%<\/strong> com rela\u00e7\u00e3o ao primeiro trimestre e se formos comparar com o mesmo per\u00edodo no ano interior a<strong> redu\u00e7\u00e3o \u00e9 ainda maior<\/strong>, <strong>11,4%<\/strong>.<\/p>\r\n\r\n\r\n\r\n<p class=\"wp-block-paragraph\">Falando do setor de Servi\u00e7os especificamente, com rela\u00e7\u00e3o ao primeiro trimestre deste ano a <strong>baixa<\/strong> foi <strong>de 9,7%<\/strong>, enquanto que comparado a 2019 a <strong>baixa<\/strong> \u00e9 <strong>de 11,2%<\/strong>.\u00a0<\/p>\r\n\r\n\r\n\r\n<h2 class=\"wp-block-heading\">Semana de Marketing e Vendas: oportunidade para alavancar neg\u00f3cios<\/h2>\r\n\r\n\r\n\r\n<p class=\"wp-block-paragraph\">Analisando esse contexto, vemos que \u00e9 necess\u00e1rio <strong>reagir, elaborar estrat\u00e9gias<\/strong>, pensar em novos planos de a\u00e7\u00e3o, tudo o que pudermos para fazer a curva voltar a subir.<\/p>\r\n\r\n\r\n\r\n<p class=\"wp-block-paragraph\">Com isso em mente, a <strong><a href=\"https:\/\/clint.digital\/\" target=\"_blank\" rel=\"noreferrer noopener\">Clint Hub<\/a><\/strong> e a <strong><a href=\"https:\/\/aaainovacao.com.br\/\" target=\"_blank\" rel=\"noreferrer noopener\">AAA Inova\u00e7\u00e3o <\/a><\/strong>trazem a <strong>Semana de Marketing e Vendas <\/strong><a href=\"https:\/\/www.semanamarketingevendas.com\/servicos?utm_medium=blogpost&amp;utm_source=site&amp;utm_campaign=SMV&amp;utm_term=conversao&amp;utm_content=cta-\" target=\"_blank\" rel=\"noreferrer noopener\"><strong>edi\u00e7\u00e3o Servi\u00e7os<\/strong>. <\/a><\/p>\r\n\r\n\r\n\r\n<p class=\"wp-block-paragraph\">O evento acontece em <strong><a href=\"https:\/\/www.semanamarketingevendas.com\/servicos?utm_medium=blogpost&amp;utm_source=site&amp;utm_campaign=SMV&amp;utm_term=conversao&amp;utm_content=cta-\" target=\"_blank\" rel=\"noreferrer noopener\">cinco dias de webconference<\/a>, <\/strong>com mais de <strong>50 horas de conte\u00fado exclusivo <\/strong>criado especialmente para essa edi\u00e7\u00e3o,\u00a0com um overview sobre o atual cen\u00e1rio, seguran\u00e7a digital, oportunidades de novos neg\u00f3cios e marketing para desenvolvimento do setor.<\/p>\r\n\r\n\r\n\r\n<p class=\"wp-block-paragraph\">A programa\u00e7\u00e3o est\u00e1 dividida em <strong><a href=\"https:\/\/www.semanamarketingevendas.com\/servicos?utm_medium=blogpost&amp;utm_source=site&amp;utm_campaign=SMV&amp;utm_term=conversao&amp;utm_content=cta-\" target=\"_blank\" rel=\"noreferrer noopener\">cinco trilhas<\/a>:<\/strong> Marketing Avan\u00e7ado; Vendas na Pr\u00e1tica; Gest\u00e3o de Projetos; Customer Success e Inova\u00e7\u00e3o e Tecnologia.<\/p>\r\n\r\n\r\n\r\n<p class=\"wp-block-paragraph\">Alguns dos speakers envolvidos s\u00e3o:<\/p>\r\n\r\n\r\n\r\n<ul class=\"wp-block-list\">\r\n<li>Andr\u00e9 Nigro &#8211; Vice Presidente Enterprise Sales da Serasa Experian<\/li>\r\n<li>Geraldo Rufino &#8211; Fundador e Presidente da JR Diesel<\/li>\r\n<li>Eduardo Pirr\u00e9 &#8211; Co-fundador e COO da Maria Brasileira<\/li>\r\n<\/ul>\r\n\r\n\r\n\r\n<p class=\"wp-block-paragraph\">Assim, pretende-se conseguir atrair visibilidade para o setor e gerar relev\u00e2ncia para os participantes com<strong> insights de aplica\u00e7\u00e3o real<\/strong> no desenvolvimento dos neg\u00f3cios.\u00a0<\/p>\r\n\r\n\r\n\r\n<h2 class=\"wp-block-heading\">Inscreva-se e aproveite 50 horas de conte\u00fado gratuito na Semana de Marketing e Vendas<\/h2>\r\n\r\n\r\n\r\n<p class=\"wp-block-paragraph\">O evento acontece de <strong>21 a 25 de setembro<\/strong>, de forma online, e ser\u00e1 disponibilizado de maneira <strong>100% gratuita<\/strong> a todos os participantes. Inscreva-se <strong><a href=\"https:\/\/www.semanamarketingevendas.com\/servicos?utm_medium=blogpost&amp;utm_source=site&amp;utm_campaign=SMV&amp;utm_term=conversao&amp;utm_content=cta-\" target=\"_blank\" rel=\"noreferrer noopener\">clicando neste link.<\/a><\/strong><\/p>\r\n\r\n\r\n\r\n<p class=\"has-text-align-center wp-block-paragraph\">*<\/p>\r\n\r\n\r\n\r\n<p class=\"has-text-align-center wp-block-paragraph\">A <strong><a href=\"https:\/\/clint.digital\/\" target=\"_blank\" rel=\"noreferrer noopener\">Clint<\/a>,<\/strong> autora deste texto, foi fundada em Florian\u00f3polis\/SC, \u00e9 uma plataforma digital especializada em conectar empresas, ag\u00eancias e as principais ferramentas do mercado de marketing e vendas. Aposta na evolu\u00e7\u00e3o do ecossistema de ag\u00eancias, trabalhando frente a educa\u00e7\u00e3o e especializa\u00e7\u00e3o desse nicho, oferecendo tamb\u00e9m programas de mentorias e eventos gratuitos como as <a href=\"https:\/\/www.semanamarketingevendas.com\/servicos?utm_medium=blogpost&amp;utm_source=site&amp;utm_campaign=SMV&amp;utm_term=conversao&amp;utm_content=cta-\" target=\"_blank\" rel=\"noreferrer noopener\">SMVs<\/a> &#8211; Semanas de Marketing e Vendas que conectam o p\u00fablico dos mercados em que cada edi\u00e7\u00e3o atua.<\/p>\r\n","protected":false},"excerpt":{"rendered":"<p>Dando destaque ao setor de servi\u00e7os, a Semana de Marketing e Vendas proporciona desenvolvimento por meio de uma imers\u00e3o completa e gratuita.<\/p>\n","protected":false},"author":17,"featured_media":50980,"comment_status":"open","ping_status":"open","sticky":false,"template":"","format":"standard","meta":{"_acf_changed":false,"footnotes":""},"categories":[184,48,144,91],"tags":[366,367,368],"class_list":["post-48164","post","type-post","status-publish","format-standard","has-post-thumbnail","hentry","category-funil-de-vendas","category-a-layer-up","category-outbound-2-0","category-transformacao-digital","tag-semana-de-marketing-e-vendas","tag-setor-de-servicos","tag-smv"],"acf":[],"_links":{"self":[{"href":"https:\/\/projetoslayerup.com.br\/layerup\/wp-json\/wp\/v2\/posts\/48164","targetHints":{"allow":["GET"]}}],"collection":[{"href":"https:\/\/projetoslayerup.com.br\/layerup\/wp-json\/wp\/v2\/posts"}],"about":[{"href":"https:\/\/projetoslayerup.com.br\/layerup\/wp-json\/wp\/v2\/types\/post"}],"author":[{"embeddable":true,"href":"https:\/\/projetoslayerup.com.br\/layerup\/wp-json\/wp\/v2\/users\/17"}],"replies":[{"embeddable":true,"href":"https:\/\/projetoslayerup.com.br\/layerup\/wp-json\/wp\/v2\/comments?post=48164"}],"version-history":[{"count":2,"href":"https:\/\/projetoslayerup.com.br\/layerup\/wp-json\/wp\/v2\/posts\/48164\/revisions"}],"predecessor-version":[{"id":50981,"href":"https:\/\/projetoslayerup.com.br\/layerup\/wp-json\/wp\/v2\/posts\/48164\/revisions\/50981"}],"wp:featuredmedia":[{"embeddable":true,"href":"https:\/\/projetoslayerup.com.br\/layerup\/wp-json\/wp\/v2\/media\/50980"}],"wp:attachment":[{"href":"https:\/\/projetoslayerup.com.br\/layerup\/wp-json\/wp\/v2\/media?parent=48164"}],"wp:term":[{"taxonomy":"category","embeddable":true,"href":"https:\/\/projetoslayerup.com.br\/layerup\/wp-json\/wp\/v2\/categories?post=48164"},{"taxonomy":"post_tag","embeddable":true,"href":"https:\/\/projetoslayerup.com.br\/layerup\/wp-json\/wp\/v2\/tags?post=48164"}],"curies":[{"name":"wp","href":"https:\/\/api.w.org\/{rel}","templated":true}]}}