{"id":4864,"date":"2022-04-28T15:49:29","date_gmt":"2022-04-28T18:49:29","guid":{"rendered":"http:\/\/blog-funil-em-y.local\/?p=4864"},"modified":"2024-02-07T16:12:27","modified_gmt":"2024-02-07T19:12:27","slug":"acessibilidade-digital-chegou-o-momento-da-sua-marca-implementar-essa-ideia","status":"publish","type":"post","link":"https:\/\/projetoslayerup.com.br\/layerup\/acessibilidade-digital-chegou-o-momento-da-sua-marca-implementar-essa-ideia\/","title":{"rendered":"Acessibilidade digital: chegou o momento da sua marca implementar essa ideia"},"content":{"rendered":"<p>Se voc\u00ea usa a internet, com certeza, j\u00e1 viu alguma ferramenta de <b>acessibilidade digital<\/b> por a\u00ed: seja a audiodescri\u00e7\u00e3o na sua televis\u00e3o, uma hashtag de conscientiza\u00e7\u00e3o na rede social ou at\u00e9 mesmo uma legenda nos v\u00eddeos que voc\u00ea costuma assistir sem som.<\/p>\n<p><span style=\"font-weight: 400;\">Tudo isso pode passar despercebido no dia a dia de quem n\u00e3o precisa dessas adapta\u00e7\u00f5es, mas saiba que <\/span><b>a acessibilidade digital \u00e9 essencial <\/b><span style=\"font-weight: 400;\">para quem n\u00e3o consegue consumir o conte\u00fado de outra forma.<\/span><\/p>\n<p><span style=\"font-weight: 400;\">No conte\u00fado a seguir, voc\u00ea vai descobrir a import\u00e2ncia de adaptar seu conte\u00fado com mudan\u00e7as que v\u00e3o desde simples adapta\u00e7\u00f5es de texto a softwares complexos para que a web se torne um lugar acess\u00edvel para todos.\u00a0<\/span><\/p>\n<p><strong>\u00a0<\/strong><\/p>\n<h2><b>O que \u00e9 acessibilidade digital?<\/b><\/h2>\n<p><span style=\"font-weight: 400;\">No mundo atual, \u00e9 praticamente imposs\u00edvel que algu\u00e9m nunca tenha ouvido a palavra acessibilidade, mas poucos conhecem a <\/span><b>acessibilidade digital<\/b><span style=\"font-weight: 400;\">, um passo a mais nos esfor\u00e7os por uma sociedade mais justa e igualit\u00e1ria.<\/span><\/p>\n<p><span style=\"font-weight: 400;\">Se, na vida real, acessibilidade significa tornar lugares, situa\u00e7\u00f5es e recursos acess\u00edveis para pessoas com defici\u00eancias ou dificuldades de qualquer natureza, no virtual n\u00e3o \u00e9 diferente: a acessibilidade digital \u00e9 definida como <\/span><b>uma s\u00e9rie de otimiza\u00e7\u00f5es em sites e aplicativos a fim de que todos tenham acesso, compreens\u00e3o e intera\u00e7\u00e3o com qualquer conte\u00fado na web<\/b><span style=\"font-weight: 400;\">.<\/span><\/p>\n<p><span style=\"font-weight: 400;\">Em outras palavras, tornar a acessibilidade digital uma realidade \u00e9 como construir rampas e elevadores em um lugar cheio de escadas, bem parecido com a forma que a internet est\u00e1 organizada atualmente.\u00a0<\/span><\/p>\n<p><strong>\u00a0<\/strong><\/p>\n<h3><b>Por que acessibilidade digital \u00e9 t\u00e3o importante?\u00a0<\/b><\/h3>\n<p><span style=\"font-weight: 400;\">Como voc\u00ea pode ver at\u00e9 aqui, defender e <\/span><b>investir em acessibilidade digital \u00e9 fazer uma internet acess\u00edvel para todos<\/b><span style=\"font-weight: 400;\"> \u2014 e isso envolve muito mais pessoas do que voc\u00ea provavelmente imagina.<\/span><\/p>\n<p><span style=\"font-weight: 400;\">Quando falamos em acessibilidade digital, estamos falando de possibilitar o acesso a conte\u00fados para pessoas com defici\u00eancia e mobilidade reduzida, mas tamb\u00e9m, para <\/span><b>idosos, leigos no uso de tecnologia e pessoas com baixo letramento<\/b><span style=\"font-weight: 400;\"> que, nem sempre, conseguem acompanhar tudo na mesma velocidade que o restante de n\u00f3s.<\/span><\/p>\n<p><span style=\"font-weight: 400;\">Deixar de adaptar o seu site, p\u00e1gina e demais conte\u00fados online n\u00e3o apenas dificulta o consumo por parte desses grupos, mas, muitas vezes, <\/span><b>torna o conhecimento distante e at\u00e9 imposs\u00edvel<\/b><span style=\"font-weight: 400;\">.<\/span><\/p>\n<p><span style=\"font-weight: 400;\">De acordo com o Cons\u00f3rcio World Wide Web (W3C) \u2014 uma comunidade internacional que desenvolve padr\u00f5es para garantir o m\u00e1ximo desempenho da web, liderada pelo pr\u00f3prio criador da web, Tim Berners-Lee, e Jeffrey Jaffe \u2014 a acessibilidade digital pode ser definida como<\/span> <span style=\"font-weight: 400;\">&#8220;<\/span><b>a possibilidade e a condi\u00e7\u00e3o de alcance, percep\u00e7\u00e3o, entendimento e intera\u00e7\u00e3o para a utiliza\u00e7\u00e3o, a participa\u00e7\u00e3o e a contribui\u00e7\u00e3o, em igualdade de oportunidades, com seguran\u00e7a e autonomia, em s\u00edtios e servi\u00e7os dispon\u00edveis na web, por qualquer indiv\u00edduo, independentemente de sua capacidade motora, visual, auditiva, intelectual, cultural ou social, a qualquer momento, em qualquer local e em qualquer ambiente f\u00edsico ou computacional e a partir de qualquer dispositivo de acesso.<\/b><span style=\"font-weight: 400;\">&#8221; (W3C, 2022).<\/span><\/p>\n<p><span style=\"font-weight: 400;\">Inclusive, essa defini\u00e7\u00e3o se encontra na <\/span><a href=\"https:\/\/www.w3c.br\/pub\/Materiais\/PublicacoesW3C\/cartilha-w3cbr-acessibilidade-web-fasciculo-I.html\" target=\"_blank\" rel=\"noopener\"><span style=\"font-weight: 400;\">Cartilha de Acessibilidade na Web<\/span><\/a><span style=\"font-weight: 400;\">, um material exclusivo, desenvolvido pelo W3C, a fim de difundir gratuitamente os caminhos para uma web cada vez mais inclusiva e acess\u00edvel para todos.<\/span><\/p>\n<p><span style=\"font-weight: 400;\">N\u00e3o diferente, o <\/span><a href=\"https:\/\/mwpt.com.br\/movimento\/\" target=\"_blank\" rel=\"noopener\"><span style=\"font-weight: 400;\">Movimento Web Para Todos<\/span><\/a><span style=\"font-weight: 400;\"> surgiu da percep\u00e7\u00e3o da empreendedora Simone Freire de <\/span><b>mobilizar e educar a sociedade para transformar<\/b> <b>a web brasileira<\/b><span style=\"font-weight: 400;\"> em um ambiente mais inclusivo.<\/span><\/p>\n<p><span style=\"font-weight: 400;\">Criado em 2017, em parceria com a Espiral Interativa e o pr\u00f3prio W3C com diversas organiza\u00e7\u00f5es transformadoras, o MWPT \u00e9 uma rede que conecta diversas outras pessoas, empresas e iniciativas que compartilham da causa da acessibilidade digital.<\/span><\/p>\n<p><span style=\"font-weight: 400;\">Segundo o manifesto do movimento, \u201c<\/span><span style=\"font-weight: 400;\">quando a web n\u00e3o \u00e9 acess\u00edvel, <\/span><b>as defini\u00e7\u00f5es de inclus\u00e3o, igualdade e autonomia s\u00e3o diretamente impactadas pelas barreiras de acesso<\/b><span style=\"font-weight: 400;\"> que elas encontram.\u201d (MWPT, 2022).<\/span><\/p>\n<p><span style=\"font-weight: 400;\">Por isso, tornar a internet um lugar mais acess\u00edvel n\u00e3o \u00e9 s\u00f3 uma quest\u00e3o de adequar seu site, mas sim, de <\/span><b>impactar e moldar a sociedade<\/b><span style=\"font-weight: 400;\">. Assim, todas as pessoas, sem qualquer exce\u00e7\u00e3o, podem ser parte ativa da comunidade, aprender e contribuir para um coletivo cada vez mais rico e diverso.<\/span><\/p>\n<p><strong>\u00a0<\/strong><\/p>\n<h2><b>Acessibilidade digital hoje<\/b><\/h2>\n<p><span style=\"font-weight: 400;\">Uma <\/span><a href=\"https:\/\/propmark.com.br\/brasileiros-gastam-10-horas-por-dia-na-internet-aponta-sortlist\/\" target=\"_blank\" rel=\"noopener\"><span style=\"font-weight: 400;\">pesquisa divulgada pela Sortlist<\/span><\/a><span style=\"font-weight: 400;\"> em 2022 mostrou que <\/span><b>o Brasil \u00e9 o segundo pa\u00eds a passar mais tempo por dia na internet<\/b><span style=\"font-weight: 400;\">: s\u00e3o 10 horas e 8 minutos di\u00e1rios \u2014 o que d\u00e1 154 dias no ano \u2014 estudando, trabalhando ou usando a web para qualquer uma das infinitas possibilidades que ela oferece.<\/span><\/p>\n<p><span style=\"font-weight: 400;\">Muito tempo, n\u00e3o \u00e9 mesmo? Mas essa realidade muda um pouco quando se trata da popula\u00e7\u00e3o com defici\u00eancia, composta por 45 milh\u00f5es de brasileiros, de acordo com o \u00faltimo levantamento feito pelo IBGE.<\/span><\/p>\n<p><span style=\"font-weight: 400;\">Para entender\u00a0 esse racioc\u00ednio e a urg\u00eancia da acessibilidade digital, \u00e9 preciso analisar o outro lado, dos sites e p\u00e1ginas online. \u00c9 o que mostrou o <\/span><a href=\"https:\/\/mwpt.com.br\/2o-estudo-de-acessibilidade-do-movimento-web-para-todos-nos-sites-brasileiros\/\" target=\"_blank\" rel=\"noopener\"><span style=\"font-weight: 400;\">estudo feito pelo Movimento Web Para Todos<\/span><\/a><span style=\"font-weight: 400;\"> em 2020, em parceria com a BigData Corp.<\/span><\/p>\n<p><span style=\"font-weight: 400;\">A pesquisa analisou imagens, links e formul\u00e1rios \u2014 tr\u00eas das principais <\/span><b>barreiras de acessibilidade<\/b><span style=\"font-weight: 400;\"> presentes nos sites \u2014 em mais de 13,9 milh\u00f5es de sites brasileiros e o resultado foi espantoso: <\/span><b>menos de 1% passou em todas as verifica\u00e7\u00f5es<\/b><span style=\"font-weight: 400;\"> sem apresentar nenhum erro.<\/span><\/p>\n<p><span style=\"font-weight: 400;\">Exatamente 99,26% dos sites testados apresentaram pelo menos uma falha, o que mostra a grande dificuldade de <\/span><b>adapta\u00e7\u00e3o aos padr\u00f5es t\u00e9cnicos <\/b><span style=\"font-weight: 400;\">necess\u00e1rios para que um conte\u00fado chegue a todos os usu\u00e1rios por meio da acessibilidade digital.<\/span><\/p>\n<p><span style=\"font-weight: 400;\">Infelizmente, a falta de acessibilidade n\u00e3o \u00e9 exclusividade da web, mas ela pode ser a porta de entrada e transforma\u00e7\u00e3o para v\u00e1rios setores da sociedade, afinal, <\/span><b>investir em acessibilidade digital \u00e9 investir em todos<\/b><span style=\"font-weight: 400;\">.<\/span><\/p>\n<p><strong>\u00a0<\/strong><\/p>\n<h2><b>Como aderir \u00e0 acessibilidade digital<\/b><\/h2>\n<p><span style=\"font-weight: 400;\">Apesar de ser imposs\u00edvel mudar estruturas inteiras da sociedade de um dia para o outro, algumas medidas podem ser implementadas hoje mesmo para melhorar o seu conte\u00fado e torn\u00e1-lo realmente acess\u00edvel.<\/span><\/p>\n<p><strong>\u00a0<\/strong><\/p>\n<h3><b>Conhe\u00e7a as tecnologias dispon\u00edveis<\/b><\/h3>\n<p><span style=\"font-weight: 400;\">Algumas medidas simples na hora de desenvolver seu site e coloc\u00e1-lo no ar podem transformar a forma como as pessoas o acessam. Um exemplo \u00e9 <\/span><b>deixar elementos ativos<\/b><span style=\"font-weight: 400;\">, para que usu\u00e1rios que navegam por meio da tecla TAB, por exemplo, tamb\u00e9m possam ler o conte\u00fado.<\/span><\/p>\n<p><span style=\"font-weight: 400;\">O mesmo vale para os <\/span><b>links com descri\u00e7\u00f5es corretas e textos descritivos nas imagens<\/b><span style=\"font-weight: 400;\">, que possibilitam a compreens\u00e3o desses elementos por outras tecnologias assistivas de acessibilidade digital.<\/span><\/p>\n<p><span style=\"font-weight: 400;\">E, por falar em tecnologias assistivas, conhecer essas ferramentas j\u00e1 \u00e9 um passo para tornar suas produ\u00e7\u00f5es mais acess\u00edveis, j\u00e1 que, assim \u00e9 poss\u00edvel compreender os ajustes necess\u00e1rios para que um <\/span><a href=\"http:\/\/blog-funil-em-y.local\/como-a-escaneabilidade-pode-impactar-positivamente-seus-conteudos\/\"><span style=\"font-weight: 400;\">conte\u00fado<\/span><\/a><span style=\"font-weight: 400;\"> chegue a todos.<\/span><\/p>\n<p><strong>\u00a0<\/strong><\/p>\n<h3><b>Torne as imagens e v\u00eddeos leg\u00edveis para todos<\/b><\/h3>\n<p><span style=\"font-weight: 400;\">Voc\u00ea j\u00e1 ouviu a frase &#8220;uma imagem vale mais que mil palavras&#8221;? Bom, nesse caso, mil palavras podem fazer muito mais que qualquer imagem quando se trata de acessibilidade digital.<\/span><\/p>\n<p><span style=\"font-weight: 400;\">N\u00e3o somente para cegos, mas tamb\u00e9m <\/span><b>pessoas com baixa visibilidade e outros dist\u00farbios relacionados \u00e0 vis\u00e3o<\/b><span style=\"font-weight: 400;\"> \u2014 como daltonismo, astigmatismo, etc \u2014, usar imagens sem nenhum recurso para traduzi-las em palavras pode se tornar uma barreira para abrir ou permanecer no seu site.<\/span><\/p>\n<p><span style=\"font-weight: 400;\">E a transforma\u00e7\u00e3o come\u00e7a muito antes das imagens ilustrativas. A forma como seu site se apresenta j\u00e1 \u00e9 determinante para facilitar ou dificultar sua leitura. Voc\u00ea pode come\u00e7ar <\/span><b>utilizando o contraste<\/b><span style=\"font-weight: 400;\"> a seu favor em todas as imagens e tamb\u00e9m na cor de fundo das p\u00e1ginas, para que o texto fique mais leg\u00edvel.<\/span><\/p>\n<p><span style=\"font-weight: 400;\">Pode n\u00e3o parecer, mas <\/span><b>legendar uma imagem<\/b><span style=\"font-weight: 400;\"> pode tornar seu conte\u00fado muito mais inclusivo e essa \u00e9 s\u00f3 uma das adapta\u00e7\u00f5es em que voc\u00ea pode investir. Inclusive, esse ato j\u00e1 \u00e9 bem conhecido e aparece em muitas legendas nas <\/span><a href=\"http:\/\/blog-funil-em-y.local\/comunicacao-nas-redes-sociais\/\"><span style=\"font-weight: 400;\">redes sociais<\/span><\/a><span style=\"font-weight: 400;\"> com a <\/span><b>#PraCegoVer<\/b><span style=\"font-weight: 400;\">.<\/span><\/p>\n<p><span style=\"font-weight: 400;\">Al\u00e9m das imagens, <\/span><b>inserir legendas nos v\u00eddeos<\/b><span style=\"font-weight: 400;\"> tamb\u00e9m \u00e9 uma \u00f3tima solu\u00e7\u00e3o e, dessa forma, al\u00e9m de ser mais acess\u00edvel para quem tem defici\u00eancias auditivas, seu conte\u00fado se torna mais acess\u00edvel at\u00e9 para pessoas que n\u00e3o t\u00eam nenhuma barreira de acessibilidade, mas assistem v\u00eddeos sem som.<\/span><\/p>\n<p><span style=\"font-weight: 400;\">Muitos preferem deixar o celular no mudo e, portanto, legendar seus v\u00eddeos d\u00e1 ao seu conte\u00fado <\/span><b>uma chance a mais de ser consumido por todos<\/b><span style=\"font-weight: 400;\">. Mesmo que voc\u00ea n\u00e3o tenha uma grande equipe envolvida na sua produ\u00e7\u00e3o, hoje existem v\u00e1rios aplicativos que podem legendar seu conte\u00fado automaticamente em poucos cliques.<\/span><\/p>\n<p><span style=\"font-weight: 400;\">Nesses casos, al\u00e9m das falas ou narra\u00e7\u00e3o do v\u00eddeo, tamb\u00e9m \u00e9 v\u00e1lido descrever o tom da trilha ou efeitos sonoros, principalmente quando eles fazem parte da constru\u00e7\u00e3o do contexto e narrativa do v\u00eddeo.<\/span><\/p>\n<p><span style=\"font-weight: 400;\">Ainda falando sobre os v\u00eddeos, al\u00e9m das legendas, voc\u00ea tamb\u00e9m pode incluir uma caixinha com a <\/span><b>tradu\u00e7\u00e3o simult\u00e2nea do conte\u00fado em libras<\/b><span style=\"font-weight: 400;\"> e, assim, tornar seu conte\u00fado ainda mais inclusivo e completo.\u00a0<\/span><\/p>\n<p><strong>\u00a0<\/strong><\/p>\n<h3><b>Escreva de forma acess\u00edvel<\/b><\/h3>\n<p><span style=\"font-weight: 400;\">Al\u00e9m das imagens e da forma visual como o seu site se apresenta, algumas adapta\u00e7\u00f5es de texto tamb\u00e9m podem melhorar ainda mais seu conte\u00fado.\u00a0\u00a0<\/span><\/p>\n<p><span style=\"font-weight: 400;\">A primeira dica \u00e9 muito simples e trata-se apenas de <\/span><b>alinhar o texto \u00e0 esquerda<\/b><span style=\"font-weight: 400;\">. <\/span><span style=\"font-weight: 400;\">Segundo os princ\u00edpios de UX, justificar o texto dessa forma garante sua legibilidade para mais usu\u00e1rios.<\/span><\/p>\n<p><span style=\"font-weight: 400;\">Mas otimizar seu texto vai muito al\u00e9m disso. <\/span><b>Usar express\u00f5es mais comuns ao inv\u00e9s de termos dif\u00edceis<\/b><span style=\"font-weight: 400;\"> e escrever com uma linguagem mais f\u00e1cil \u2014 \u00e0s vezes, menos formal \u2014 tamb\u00e9m torna o conte\u00fado mais acess\u00edvel. Voc\u00ea tamb\u00e9m pode fazer <\/span><b>menos uso de voz passiva<\/b><span style=\"font-weight: 400;\"> (quando o sujeito sofre a a\u00e7\u00e3o ao inv\u00e9s de pratic\u00e1-la) e construir frases mais curtas para facilitar a compreens\u00e3o de todos.<\/span><\/p>\n<p><strong>\u00a0<\/strong><\/p>\n<h3><b>Confira se est\u00e1 tudo certo<\/b><\/h3>\n<p><span style=\"font-weight: 400;\">Por fim, antes de divulgar todas as mudan\u00e7as que voc\u00ea fez no seu site, \u00e9 importante <\/span><b>testar se tudo est\u00e1 funcionando bem<\/b><span style=\"font-weight: 400;\"> e, para isso, existem alguns avaliadores dispon\u00edveis online, como o pr\u00f3prio <\/span><a href=\"https:\/\/mwpt.com.br\/transformacao\/teste-acessibilidade\/\" target=\"_blank\" rel=\"noopener\"><span style=\"font-weight: 400;\">Avaliador do Movimento Web Para Todos<\/span><\/a><span style=\"font-weight: 400;\">, que compara o site com outros j\u00e1 analisados pela ferramenta.<\/span><\/p>\n<p><span style=\"font-weight: 400;\">Assim como o avaliador do MWPT, eles tamb\u00e9m classificam seu site em uma esp\u00e9cie de escala de acessibilidade e apontam alguns <\/span><b>problemas que podem ser corrigidos<\/b><span style=\"font-weight: 400;\"> para tornar o conte\u00fado mais acess\u00edvel.<\/span><\/p>\n<p><span style=\"font-weight: 400;\">Todas essas mudan\u00e7as podem parecer dif\u00edceis de serem implementadas, mas, tudo se torna pequeno, se comparado com as dificuldades que as pessoas com defici\u00eancia passam todos os dias, simplesmente para usar a web.<\/span><\/p>\n<p><span style=\"font-weight: 400;\">Com algumas adapta\u00e7\u00f5es, testes constantes e uma boa dose de empatia, <\/span><b>seu conte\u00fado pode chegar a todos os usu\u00e1rios<\/b><span style=\"font-weight: 400;\"> e se tornar um exemplo de acessibilidade digital para transformar a internet e, por fim, toda a sociedade.<\/span><\/p>\n<p><a href=\"http:\/\/blog-funil-em-y.local\/transformacao-digital-o-que-e-e-porque-aderir-a-esse-fenomeno\/?utm_medium=blogpost&amp;utm_source=site&amp;utm_campaign=acessibilidade-digital&amp;utm_content=banner\"><img loading=\"lazy\" decoding=\"async\" class=\"aligncenter wp-image-4828 size-full\" src=\"http:\/\/blog-funil-em-y.local\/wp-content\/uploads\/2022\/02\/assistentes-virtuais-1.png\" alt=\"Acessibilidade digital\" width=\"900\" height=\"350\" \/><\/a><\/p>\n","protected":false},"excerpt":{"rendered":"<p>Se voc\u00ea usa a internet, com certeza, j\u00e1 viu alguma ferramenta de acessibilidade digital por a\u00ed: seja a audiodescri\u00e7\u00e3o na sua televis\u00e3o, uma hashtag de conscientiza\u00e7\u00e3o na rede social ou at\u00e9 mesmo uma legenda nos v\u00eddeos que voc\u00ea costuma assistir sem som. Tudo isso pode passar despercebido no dia a dia de quem n\u00e3o precisa [&hellip;]<\/p>\n","protected":false},"author":1,"featured_media":52832,"comment_status":"open","ping_status":"closed","sticky":false,"template":"","format":"standard","meta":{"_acf_changed":false,"footnotes":""},"categories":[720,714,20],"tags":[835,815,836],"class_list":["post-4864","post","type-post","status-publish","format-standard","has-post-thumbnail","hentry","category-agencias","category-blog-funil-em-y","category-inbound-marketing","tag-acessibilidadedigital","tag-transformacaodigital","tag-web"],"acf":[],"_links":{"self":[{"href":"https:\/\/projetoslayerup.com.br\/layerup\/wp-json\/wp\/v2\/posts\/4864","targetHints":{"allow":["GET"]}}],"collection":[{"href":"https:\/\/projetoslayerup.com.br\/layerup\/wp-json\/wp\/v2\/posts"}],"about":[{"href":"https:\/\/projetoslayerup.com.br\/layerup\/wp-json\/wp\/v2\/types\/post"}],"author":[{"embeddable":true,"href":"https:\/\/projetoslayerup.com.br\/layerup\/wp-json\/wp\/v2\/users\/1"}],"replies":[{"embeddable":true,"href":"https:\/\/projetoslayerup.com.br\/layerup\/wp-json\/wp\/v2\/comments?post=4864"}],"version-history":[{"count":2,"href":"https:\/\/projetoslayerup.com.br\/layerup\/wp-json\/wp\/v2\/posts\/4864\/revisions"}],"predecessor-version":[{"id":53288,"href":"https:\/\/projetoslayerup.com.br\/layerup\/wp-json\/wp\/v2\/posts\/4864\/revisions\/53288"}],"wp:featuredmedia":[{"embeddable":true,"href":"https:\/\/projetoslayerup.com.br\/layerup\/wp-json\/wp\/v2\/media\/52832"}],"wp:attachment":[{"href":"https:\/\/projetoslayerup.com.br\/layerup\/wp-json\/wp\/v2\/media?parent=4864"}],"wp:term":[{"taxonomy":"category","embeddable":true,"href":"https:\/\/projetoslayerup.com.br\/layerup\/wp-json\/wp\/v2\/categories?post=4864"},{"taxonomy":"post_tag","embeddable":true,"href":"https:\/\/projetoslayerup.com.br\/layerup\/wp-json\/wp\/v2\/tags?post=4864"}],"curies":[{"name":"wp","href":"https:\/\/api.w.org\/{rel}","templated":true}]}}