{"id":48819,"date":"2023-04-28T10:05:03","date_gmt":"2023-04-28T13:05:03","guid":{"rendered":"https:\/\/projetoslayerup.com.br\/layerup\/?p=48273"},"modified":"2023-04-28T16:49:37","modified_gmt":"2023-04-28T19:49:37","slug":"desenvolvendo-a-comunicacao-visual-e-o-branding-de-uma-marca","status":"publish","type":"post","link":"https:\/\/projetoslayerup.com.br\/layerup\/desenvolvendo-a-comunicacao-visual-e-o-branding-de-uma-marca\/","title":{"rendered":"Desenvolvendo a comunica\u00e7\u00e3o visual e o branding de uma marca"},"content":{"rendered":"\r\n<p class=\"wp-block-paragraph\">N\u00e3o temos d\u00favidas de que <strong>voc\u00ea deseja que sua empresa seja lembrada no mercado<\/strong>. Afinal, quando falamos em ter uma marca, estamos literalmente dizendo que queremos <strong>ser marcantes para o p\u00fablico<\/strong>. Nesse sentido, estrat\u00e9gias de branding, como a <strong>comunica\u00e7\u00e3o visual<\/strong>\u00a0s\u00e3o essenciais.\u00a0<\/p>\r\n\r\n\r\n\r\n<p class=\"wp-block-paragraph\">Isso porque no meio de tantas empresas \u2014 s\u00e3o mais de <a href=\"https:\/\/www.gov.br\/pt-br\/noticias\/financas-impostos-e-gestao-publica\/2020\/06\/brasil-registra-saldo-de-quase-700-mil-empresas-abertas-nos-primeiros-quatro-meses-do-ano#:~:text=Atualmente%2C%20h%C3%A1%2018.466.444%20empreendimentos,com%C3%A9rcio%20(35%2C38%25).\">18 milh\u00f5es de neg\u00f3cios ativos<\/a> no Brasil atualmente, de acordo com o Minist\u00e9rio da Economia \u2014 ser memor\u00e1vel e \u00fanico <strong>n\u00e3o \u00e9 t\u00e3o simples quanto parece.<\/strong>\u00a0<\/p>\r\n\r\n\r\n\r\n<p class=\"wp-block-paragraph\">Nesse sentido, a <b>comunica\u00e7\u00e3o visual e o branding s\u00e3o\u00a0essenciais<\/b>. E, de maneira bem resumida, eles tratam de uma s\u00e9rie de estrat\u00e9gias de gest\u00e3o que buscam trazer <strong>reconhecimento e admira\u00e7\u00e3o para determinada marca<\/strong>.\u00a0<\/p>\r\n\r\n\r\n\r\n<p class=\"wp-block-paragraph\">Mas, diferente do que muitos pensam, a comunica\u00e7\u00e3o visual<strong>\u00a0vai muito al\u00e9m de criar apenas uma identidade visual<\/strong>.<\/p>\r\n<p>E \u00e9 sobre isso que vamos falar.<\/p>\r\n<h2>Porque devemos investir em comunica\u00e7\u00e3o visual?<\/h2>\r\n<p>Se voc\u00ea acha que escolher uma cor para o layout do site, definir a posi\u00e7\u00e3o do t\u00edtulo ou criar uma fonte espec\u00edfica para um an\u00fancio s\u00e3o detalhes, ent\u00e3o, voc\u00ea precisa entender o poder da comunica\u00e7\u00e3o visual. Afinal, tudo o que \u00e9 visual chama aten\u00e7\u00e3o e, consequentemente, comunica.<\/p>\r\n<p><strong>Uma cor, uma fonte, uma foto, uma ilustra\u00e7\u00e3o, um gr\u00e1fico \u2014 na cria\u00e7\u00e3o das pe\u00e7as de marketing, todas essas escolhas determinam o que a marca transmite ao mercado e impactam na forma como o p\u00fablico percebe a sua imagem.<\/strong><\/p>\r\n<p>Por isso, a comunica\u00e7\u00e3o visual deve fazer parte do planejamento das marcas, como prioridade para o marketing e o branding.\u00a0<\/p>\r\n\r\n\r\n\r\n<h2 class=\"wp-block-heading\"><strong>Entender os porqu\u00eas \u00e9 o primeiro passo para a comunica\u00e7\u00e3o visual<\/strong><\/h2>\r\n\r\n\r\n\r\n<p class=\"wp-block-paragraph\">Em que nicho sua empresa atua? Quais s\u00e3o os seus objetivos? Por que ela \u00e9 a melhor op\u00e7\u00e3o para o cliente? Por que voc\u00ea quer posicion\u00e1-la dessa maneira?<\/p>\r\n\r\n\r\n\r\n<p class=\"wp-block-paragraph\">Essas s\u00e3o s\u00f3 algumas das perguntas que voc\u00ea deve responder para come\u00e7ar a repensar a comunica\u00e7\u00e3o visual na sua empresa. Elas s\u00e3o fundamentais porque <strong>funcionam como um pontap\u00e9 inicial para o restante do jogo que vem a seguir<\/strong>.\u00a0<\/p>\r\n\r\n\r\n\r\n<p class=\"wp-block-paragraph\">Se voc\u00ea n\u00e3o entende o <strong>prop\u00f3sito do seu neg\u00f3cio<\/strong> e n\u00e3o consegue enxergar os diferenciais da marca, <strong>dificilmente voc\u00ea ir\u00e1 posicion\u00e1-la corretamente<\/strong>. E tudo o que vier depois, como identidade visual, comunica\u00e7\u00e3o e campanhas, provavelmente n\u00e3o trar\u00e1 bons resultados.\u00a0<\/p>\r\n\r\n\r\n\r\n<p class=\"wp-block-paragraph\">Por isso, uma das premissas iniciais \u00e9: <strong>entender o conceito da sua marca e expor os seus prop\u00f3sitos<\/strong>.\u00a0<\/p>\r\n\r\n\r\n\r\n<p class=\"wp-block-paragraph\">Se o seu produto \u00e9 inovador, ent\u00e3o o posicionamento deve ser claro, educando o mercado sobre essa <strong>nova possibilidade<\/strong>. Agora, se outras empresas do ramo j\u00e1 existem, v\u00e1 por outros caminhos, como qualidade, praticidade e valor.\u00a0<\/p>\r\n\r\n\r\n\r\n<h2 class=\"wp-block-heading\"><strong>A import\u00e2ncia de ir al\u00e9m do \u00f3bvio no visual\u00a0<\/strong><\/h2>\r\n\r\n\r\n\r\n<p class=\"wp-block-paragraph\">Agora que voc\u00ea j\u00e1 entendeu a import\u00e2ncia dos prop\u00f3sitos, vamos para outro ponto que merece muita aten\u00e7\u00e3o.\u00a0<\/p>\r\n\r\n\r\n\r\n<p class=\"wp-block-paragraph\">A <strong>identidade visual<\/strong> \u00e9 mais do que importante: <strong>\u00e9 essencial para qualquer marca<\/strong>. \u00c9 por meio das cores, tipografia e ilustra\u00e7\u00f5es que a empresa se torna <strong>inesquec\u00edvel,<\/strong> certo? Mais ou menos! Essa afirma\u00e7\u00e3o n\u00e3o \u00e9 incorreta, mas talvez seja incompleta. Explicamos!<\/p>\r\n\r\n\r\n\r\n<p class=\"wp-block-paragraph\">O visual \u00e9 um ponto-chave, j\u00e1 que, quando bem trabalhado, \u00e9 realmente algo que agrega grande valor e mem\u00f3ria \u00e0 empresa. Mas al\u00e9m do logotipo, <strong>a maneira com que as cores s\u00e3o trabalhadas tamb\u00e9m \u00e9 fundamental<\/strong>.\u00a0<\/p>\r\n\r\n\r\n\r\n<p class=\"wp-block-paragraph\">A dica que damos \u00e9: <strong>n\u00e3o escolha uma cor ao acaso<\/strong>. Conhe\u00e7a mais sobre a <strong>psicologia das cores<\/strong>, entenda a import\u00e2ncia do que voc\u00ea quer transmitir para o seu p\u00fablico e selecione a cor certa a partir disso. \u00c9 assim que gigantes como o <strong>McDonald\u2019s<\/strong> conseguiram destaque. No caso do \u201cM\u00e9qui\u201d, foi unindo o vermelho e o amarelo, cores que estimulam o apetite, \u00e0 proposta do restaurante.\u00a0<\/p>\r\n\r\n\r\n\r\n<p class=\"wp-block-paragraph\">Al\u00e9m disso, n\u00e3o se esque\u00e7a que <strong>o reconhecimento por meio da identidade visual n\u00e3o vem do nada<\/strong>.<\/p>\r\n<p>Se hoje voc\u00ea v\u00ea a cor laranja e lembra do Ita\u00fa ou v\u00ea o roxo e lembra do Nubank, por exemplo, \u00e9 porque o banco faz um trabalho repetitivo e muito bem feito em a\u00e7\u00f5es de marketing e posicionamento com o branding. E, inclusive, sair da caixinha na identidade visual n\u00e3o \u00e9 o \u00fanico caminho para deixar de ser \u00f3bvio. Outro ponto importante \u00e9 a linguagem, por exemplo, e vamos falar dela agora.\u00a0<\/p>\r\n\r\n\r\n\r\n\r\n\r\n<h2 class=\"wp-block-heading\"><strong>Tom, imagem e presen\u00e7a: tudo isso tamb\u00e9m importa\u00a0<\/strong><\/h2>\r\n\r\n\r\n\r\n<p class=\"wp-block-paragraph\"><strong>Como sua empresa se comunica<\/strong>?<\/p>\r\n<p>Essa \u00e9 uma pergunta importante porque a gest\u00e3o de branding determina que, nesse caso, existem certos e errados.\u00a0<\/p>\r\n\r\n\r\n\r\n<p class=\"wp-block-paragraph\">Por exemplo, se a empresa tem como persona um homem, executivo, com mais de 50 anos, usar uma linguagem mais informal, recheada de g\u00edrias da nova gera\u00e7\u00e3o, com certeza n\u00e3o vai funcionar. <strong>Voc\u00ea precisa adequar o tom da comunica\u00e7\u00e3o ao p\u00fablico para que a estrat\u00e9gia funcione<\/strong>. E isso, querendo ou n\u00e3o, tamb\u00e9m vai impactar totalmente na sua comunica\u00e7\u00e3o visual.<\/p>\r\n\r\n\r\n\r\n\r\n\r\n<p class=\"wp-block-paragraph\">O segredo \u00e9 <strong>adaptar a sua comunica\u00e7\u00e3o de acordo com quem voc\u00ea quer atingir, n\u00e3o esquecendo de personaliz\u00e1-lo para as redes<\/strong>, j\u00e1 que os assuntos mais vistos no Facebook n\u00e3o s\u00e3o necessariamente os mesmos do LinkedIn ou do Instagram.<\/p>\r\n\r\n\r\n\r\n\r\n\r\n<h2 class=\"wp-block-heading\"><strong>N\u00e3o sabe por onde come\u00e7ar?<\/strong><\/h2>\r\n\r\n\r\n\r\n<p class=\"wp-block-paragraph\">Calma! Falar de comunica\u00e7\u00e3o visual n\u00e3o \u00e9 f\u00e1cil, principalmente se voc\u00ea n\u00e3o tem experi\u00eancia no assunto. \u00c9 por isso que ag\u00eancias digitais, como a <strong>Layer Up<\/strong>, oferecem esse servi\u00e7o.<\/p>\r\n\r\n\r\n\r\n<p class=\"wp-block-paragraph\">A Layer conta com uma equipe de profissionais experientes em marketing e vendas. Do planejamento \u00e0 produ\u00e7\u00e3o de conte\u00fado, identidade visual, campanhas e an\u00e1lise de resultados, estamos prontos para transformar a sua marca. E voc\u00ea, <strong>est\u00e1 pronto para ser ousado<\/strong>?<\/p>\r\n\r\n\r\n\r\n<p class=\"wp-block-paragraph\">Conhe\u00e7a alguns de nossos <strong>projetos! <\/strong>Para a Pressure, uma gigante do mercado de compressores, estruturamos o <a href=\"https:\/\/www.behance.net\/gallery\/104766213\/Campanha-de-lancamento-e-Webdesign-Pressure?utm_medium=blogpost&amp;utm_source=site&amp;utm_campaign=branding&amp;utm_term=trafego&amp;utm_content=cta-\" target=\"_blank\" rel=\"noreferrer noopener\"><strong>design thinking, naming e branding<\/strong><\/a> de novos produtos. J\u00e1 com a Picktow, desenvolvemos toda a <strong><a href=\"https:\/\/www.behance.net\/gallery\/97713099\/Picktow-Branding?utm_medium=blogpost&amp;utm_source=site&amp;utm_campaign=branding&amp;utm_term=trafego&amp;utm_content=cta-\" target=\"_blank\" rel=\"noreferrer noopener\">identidade visual e posicionamento de marca<\/a>.<\/strong><\/p>\r\n\r\n\r\n\r\n<p class=\"wp-block-paragraph\"><a href=\"https:\/\/projetoslayerup.com.br\/layerup\/servicos-layerup\/branding\/\"><img loading=\"lazy\" decoding=\"async\" class=\"alignnone wp-image-52073 size-full\" src=\"https:\/\/projetoslayerup.com.br\/layerup\/wp-content\/uploads\/2023\/04\/02.-BP02_CTA.png\" alt=\"Ecossistema digital\" width=\"900\" height=\"350\" srcset=\"https:\/\/projetoslayerup.com.br\/layerup\/wp-content\/uploads\/2023\/04\/02.-BP02_CTA.png 900w, https:\/\/projetoslayerup.com.br\/layerup\/wp-content\/uploads\/2023\/04\/02.-BP02_CTA-300x117.png 300w, https:\/\/projetoslayerup.com.br\/layerup\/wp-content\/uploads\/2023\/04\/02.-BP02_CTA-768x299.png 768w, https:\/\/projetoslayerup.com.br\/layerup\/wp-content\/uploads\/2023\/04\/02.-BP02_CTA-389x150.png 389w\" sizes=\"auto, (max-width: 900px) 100vw, 900px\" \/><\/a><\/p>\r\n","protected":false},"excerpt":{"rendered":"<p>N\u00e3o temos d\u00favidas de que voc\u00ea deseja que sua empresa seja lembrada no mercado. Afinal, quando falamos em ter uma marca, estamos literalmente dizendo que queremos ser marcantes para o p\u00fablico. Nesse sentido, estrat\u00e9gias de branding, como a comunica\u00e7\u00e3o visual\u00a0s\u00e3o essenciais.\u00a0 Isso porque no meio de tantas empresas \u2014 s\u00e3o mais de 18 milh\u00f5es de [&hellip;]<\/p>\n","protected":false},"author":15,"featured_media":52112,"comment_status":"open","ping_status":"open","sticky":false,"template":"","format":"standard","meta":{"_acf_changed":false,"footnotes":""},"categories":[418,28,143],"tags":[270,672,419,420],"class_list":["post-48819","post","type-post","status-publish","format-standard","has-post-thumbnail","hentry","category-layer-up","category-conteudo-estrategico","category-marketing-e-vendas","tag-branding","tag-comunicacao-visual","tag-id","tag-identidade-visual"],"acf":[],"_links":{"self":[{"href":"https:\/\/projetoslayerup.com.br\/layerup\/wp-json\/wp\/v2\/posts\/48819","targetHints":{"allow":["GET"]}}],"collection":[{"href":"https:\/\/projetoslayerup.com.br\/layerup\/wp-json\/wp\/v2\/posts"}],"about":[{"href":"https:\/\/projetoslayerup.com.br\/layerup\/wp-json\/wp\/v2\/types\/post"}],"author":[{"embeddable":true,"href":"https:\/\/projetoslayerup.com.br\/layerup\/wp-json\/wp\/v2\/users\/15"}],"replies":[{"embeddable":true,"href":"https:\/\/projetoslayerup.com.br\/layerup\/wp-json\/wp\/v2\/comments?post=48819"}],"version-history":[{"count":5,"href":"https:\/\/projetoslayerup.com.br\/layerup\/wp-json\/wp\/v2\/posts\/48819\/revisions"}],"predecessor-version":[{"id":52116,"href":"https:\/\/projetoslayerup.com.br\/layerup\/wp-json\/wp\/v2\/posts\/48819\/revisions\/52116"}],"wp:featuredmedia":[{"embeddable":true,"href":"https:\/\/projetoslayerup.com.br\/layerup\/wp-json\/wp\/v2\/media\/52112"}],"wp:attachment":[{"href":"https:\/\/projetoslayerup.com.br\/layerup\/wp-json\/wp\/v2\/media?parent=48819"}],"wp:term":[{"taxonomy":"category","embeddable":true,"href":"https:\/\/projetoslayerup.com.br\/layerup\/wp-json\/wp\/v2\/categories?post=48819"},{"taxonomy":"post_tag","embeddable":true,"href":"https:\/\/projetoslayerup.com.br\/layerup\/wp-json\/wp\/v2\/tags?post=48819"}],"curies":[{"name":"wp","href":"https:\/\/api.w.org\/{rel}","templated":true}]}}