{"id":49149,"date":"2021-02-18T09:23:13","date_gmt":"2021-02-18T12:23:13","guid":{"rendered":"https:\/\/projetoslayerup.com.br\/layerup\/?p=48591"},"modified":"2021-03-30T22:38:44","modified_gmt":"2021-03-31T01:38:44","slug":"gestao-estrategica-de-pessoas","status":"publish","type":"post","link":"https:\/\/projetoslayerup.com.br\/layerup\/gestao-estrategica-de-pessoas\/","title":{"rendered":"Gest\u00e3o estrat\u00e9gica de pessoas: equilibrando performance e desenvolvimento"},"content":{"rendered":"<p><span style=\"font-weight: 400;\">\u00c9 poss\u00edvel notar uma transforma\u00e7\u00e3o nas \u00e1reas que comp\u00f5em as empresas. Hoje, vemos uma busca por <\/span><b>equil\u00edbrio entre performance e o desenvolvimento dos colaboradores, <\/b><span style=\"font-weight: 400;\">e \u00e9 por isso que a \u00e1rea de gest\u00e3o passou do formato tradicional para a <\/span><b>gest\u00e3o estrat\u00e9gica de pessoas.<\/b><\/p>\n<p><span style=\"font-weight: 400;\">Em resumo, o que muda \u00e9 a forma como este departamento <\/span><b>analisa e prop\u00f5e novas m\u00e9tricas para avaliar<\/b><span style=\"font-weight: 400;\"> n\u00e3o s\u00f3 o andamento operacional do neg\u00f3cio, mas tamb\u00e9m<\/span><b> a parte t\u00e1tica.<\/b><\/p>\n<p><span style=\"font-weight: 400;\">H\u00e1 uma <\/span><a href=\"https:\/\/projetoslayerup.com.br\/layerup\/motivacao-no-trabalho\/\"><span style=\"font-weight: 400;\">valoriza\u00e7\u00e3o do profissional<\/span><\/a><span style=\"font-weight: 400;\"> como pessoa, entendendo o que pode ser feito para que tamb\u00e9m exista uma <\/span><b>melhora na entrega dos resultados.\u00a0<\/b><\/p>\n<h2><b>Qual \u00e9 o papel da gest\u00e3o estrat\u00e9gica de pessoas?<\/b><\/h2>\n<p><span style=\"font-weight: 400;\">O papel \u00e9 auxiliar a empresa na<\/span><b> tomada de decis\u00f5es <\/b><span style=\"font-weight: 400;\">com base em m\u00e9tricas reais, de modo a alavancar os n\u00fameros do neg\u00f3cio mas tamb\u00e9m estimular as <\/span><b>habilidades sociais e profissionais<\/b><span style=\"font-weight: 400;\"> do colaborador.\u00a0<\/span><\/p>\n<p><span style=\"font-weight: 400;\">Dessa forma, \u00e9 poss\u00edvel criar um <\/span><b>ambiente prop\u00edcio para a evolu\u00e7\u00e3o<\/b><span style=\"font-weight: 400;\"> e at\u00e9 mesmo obter uma performance melhor, com <\/span><b>mais engajamento<\/b><span style=\"font-weight: 400;\"> por parte do quadro de funcion\u00e1rios.<\/span><\/p>\n<p><span style=\"font-weight: 400;\">A ideia envolve um trabalho de <\/span><b>humaniza\u00e7\u00e3o da empresa,<\/b><span style=\"font-weight: 400;\"> para que esta se torne um <\/span><a href=\"https:\/\/rockcontent.com\/br\/blog\/clima-organizacional\/\"><span style=\"font-weight: 400;\">lugar mais confort\u00e1vel e leve<\/span><\/a><span style=\"font-weight: 400;\">, onde tanto gestores quanto funcion\u00e1rios se sintam \u00e0 vontade e entendam que s\u00e3o <\/span><b>importantes ou fazem diferen\u00e7a na equipe.<\/b><\/p>\n<p><span style=\"font-weight: 400;\">A gest\u00e3o estrat\u00e9gica de pessoas une <\/span><a href=\"https:\/\/projetoslayerup.com.br\/layerup\/bom-gestor-tenha-um-bom-relacionamento-com-sua-equipe-e-impulsione-resultados\/\"><span style=\"font-weight: 400;\">gestores<\/span><\/a><span style=\"font-weight: 400;\">, l\u00edderes e a \u00e1rea de recursos humanos em prol desse objetivo.<\/span><\/p>\n<h2><b>Posso alcan\u00e7ar mais visibilidade com ela?<\/b><\/h2>\n<p><span style=\"font-weight: 400;\">Al\u00e9m disso, ao capacitar um colaborador, cuidar de sua sa\u00fade e fornecer recursos para o desenvolvimento, h\u00e1 uma grande chance de conseguir<\/span><b> ret\u00ea-lo em sua empresa no longo prazo.<\/b><\/p>\n<p><span style=\"font-weight: 400;\">Est\u00e1 cada vez maior a procura por vagas em empresas que valorizam al\u00e9m da sua compet\u00eancia profissional,<\/span><b> o seu lado pessoal,<\/b><span style=\"font-weight: 400;\"> incentivando o crescimento.\u00a0<\/span><\/p>\n<p><span style=\"font-weight: 400;\">Portanto, se a sua gest\u00e3o estrat\u00e9gica de pessoas proporciona isso aos seus colaboradores, <\/span><b>as chances de obter sucesso, melhorar os resultados e aumentar as buscas por sua empresa no mercado s\u00e3o enormes.<\/b><\/p>\n<h2><b>Como ser assertivo ao implementar a gest\u00e3o estrat\u00e9gica de pessoas em sua empresa?<\/b><\/h2>\n<p><span style=\"font-weight: 400;\">Em muitos casos, \u00e9 dif\u00edcil ter clareza na hora de<\/span><b> implantar m\u00e9tricas <\/b><span style=\"font-weight: 400;\">que condizem com o que realmente <\/span><b>precisa ser avaliado.<\/b><span style=\"font-weight: 400;\">\u00a0<\/span><\/p>\n<p><span style=\"font-weight: 400;\">Portanto, estude a situa\u00e7\u00e3o da sua empresa. Descubra <\/span><b>suas necessidades, <\/b><span style=\"font-weight: 400;\">que skills hoje faltam nas equipes e precisam ser aprimoradas, al\u00e9m do que os colaboradores gostam ou <\/span><b>esperam aprender.<\/b><\/p>\n<p><span style=\"font-weight: 400;\">Entenda com clareza o que precisa ser medido de acordo com os <\/span><b>objetivos tra\u00e7ados. <\/b><span style=\"font-weight: 400;\">Ap\u00f3s descobrir essas m\u00e9tricas, a \u00e1rea de gest\u00e3o estrat\u00e9gica de pessoas compreender\u00e1 todos os fatores que <\/span><b>devem ser modificados, <\/b><span style=\"font-weight: 400;\">para que entrem em sinergia.\u00a0<\/span><\/p>\n<p><span style=\"font-weight: 400;\">Ou seja, para que sua empresa possa desenvolver uma solu\u00e7\u00e3o conjunta, trazendo, assim, resultados mais assertivos.<\/span><\/p>\n<h2><b>Comecei: e agora?<\/b><\/h2>\n<p><span style=\"font-weight: 400;\">Ao coletar os dados das m\u00e9tricas propostas no planejamento, \u00e9 importante entender o que pode ser feito para <\/span><b>desenvolver e melhorar ainda mais <\/b><span style=\"font-weight: 400;\">os resultados, visando ter uma performance mais assertiva.\u00a0<\/span><\/p>\n<p><span style=\"font-weight: 400;\">O importante \u00e9 a equipe de gest\u00e3o encontrar um meio termo onde as m\u00e9tricas sejam<\/span><b> realistas e tenham flexibilidade<\/b><span style=\"font-weight: 400;\"> para serem alteradas e desenvolvidas de acordo com os resultados que v\u00e3o sendo obtidos ao longo da jornada.<\/span><\/p>\n<p><span style=\"font-weight: 400;\">E lembre-se: mantenha suas equipes alinhadas a essas mudan\u00e7as e <\/span><b>apresente os resultados dessas m\u00e9tricas.<\/b><span style=\"font-weight: 400;\"> Organizar reuni\u00f5es para mostrar as estrat\u00e9gias que est\u00e3o sendo implantadas e o que espera do seu time \u00e9 essencial.<\/span><\/p>\n<h2><b>O que posso esperar?<\/b><\/h2>\n<p><span style=\"font-weight: 400;\">Trabalhar com m\u00e9tricas e dados para avaliar o comportamento das pessoas n\u00e3o \u00e9 uma tarefa f\u00e1cil, mas tem se mostrado cada vez mais eficaz, pois \u00e9 a partir desse modelo de gest\u00e3o que o mercado <\/span><b>est\u00e1 melhorando sua did\u00e1tica com os colaboradores.<\/b><\/p>\n<p><span style=\"font-weight: 400;\">Assim, fica mais percept\u00edvel a diferen\u00e7a que apenas uma pessoa faz dentro de uma equipe, proporcionando maior consci\u00eancia do que deve ser feito para <\/span><b>auxiliar no crescimento cont\u00ednuo da sua empresa.\u00a0<\/b><\/p>\n<p><span style=\"font-weight: 400;\"><strong>A qualidade da performance<\/strong> \u00e9 ainda maior ao longo do tempo, o seu colaborador sabe o que est\u00e1 sendo exigido e o que precisa ser feito de acordo com o que a empresa deseja alcan\u00e7ar e entende de maneira mais assertiva os processos.<\/span><\/p>\n<h2><b>Alcan\u00e7ando os resultados<\/b><\/h2>\n<p>Aplicar a gest\u00e3o estrat\u00e9gica pode mudar os resultados da sua empresa. Mas, al\u00e9m dela, existem diversos outros pontos fundamentais que voc\u00ea, como gestor, pode n\u00e3o estar observando.<\/p>\n<p>Para auxiliar empresas, desenvolvemos um<strong> teste personalizado<\/strong> sobre marketing e vendas. Ele mostra alternativas e estrat\u00e9gias para aumentar a gera\u00e7\u00e3o de leads de acordo com a <strong>realidade do seu neg\u00f3cio<\/strong>. <a href=\"https:\/\/inboundmarketing.layerup.com.br\/gerar-leads-layer-phonetrack?utm_medium=blogpost&amp;utm_source=site&amp;utm_campaign=gestao-de-pessoas&amp;utm_term=conversao&amp;utm_content=cta-\"><img class=\"aligncenter wp-image-48593 size-full\" \/> <\/a><\/p>\n","protected":false},"excerpt":{"rendered":"<p>\u00c9 poss\u00edvel notar uma transforma\u00e7\u00e3o nas \u00e1reas que comp\u00f5em as empresas. Hoje, vemos uma busca por equil\u00edbrio entre performance e o desenvolvimento dos colaboradores, e \u00e9 por isso que a \u00e1rea de gest\u00e3o passou do formato tradicional para a gest\u00e3o estrat\u00e9gica de pessoas. Em resumo, o que muda \u00e9 a forma como este departamento analisa [&hellip;]<\/p>\n","protected":false},"author":22,"featured_media":49159,"comment_status":"open","ping_status":"open","sticky":false,"template":"","format":"standard","meta":{"_acf_changed":false,"footnotes":""},"categories":[418,155],"tags":[165,445,446],"class_list":["post-49149","post","type-post","status-publish","format-standard","has-post-thumbnail","hentry","category-layer-up","category-gestao-de-pessoas","tag-gestao-de-pessoas","tag-gestao-estrategica","tag-gestao-estrategica-de-pessoas"],"acf":[],"_links":{"self":[{"href":"https:\/\/projetoslayerup.com.br\/layerup\/wp-json\/wp\/v2\/posts\/49149","targetHints":{"allow":["GET"]}}],"collection":[{"href":"https:\/\/projetoslayerup.com.br\/layerup\/wp-json\/wp\/v2\/posts"}],"about":[{"href":"https:\/\/projetoslayerup.com.br\/layerup\/wp-json\/wp\/v2\/types\/post"}],"author":[{"embeddable":true,"href":"https:\/\/projetoslayerup.com.br\/layerup\/wp-json\/wp\/v2\/users\/22"}],"replies":[{"embeddable":true,"href":"https:\/\/projetoslayerup.com.br\/layerup\/wp-json\/wp\/v2\/comments?post=49149"}],"version-history":[{"count":4,"href":"https:\/\/projetoslayerup.com.br\/layerup\/wp-json\/wp\/v2\/posts\/49149\/revisions"}],"predecessor-version":[{"id":49488,"href":"https:\/\/projetoslayerup.com.br\/layerup\/wp-json\/wp\/v2\/posts\/49149\/revisions\/49488"}],"wp:featuredmedia":[{"embeddable":true,"href":"https:\/\/projetoslayerup.com.br\/layerup\/wp-json\/wp\/v2\/media\/49159"}],"wp:attachment":[{"href":"https:\/\/projetoslayerup.com.br\/layerup\/wp-json\/wp\/v2\/media?parent=49149"}],"wp:term":[{"taxonomy":"category","embeddable":true,"href":"https:\/\/projetoslayerup.com.br\/layerup\/wp-json\/wp\/v2\/categories?post=49149"},{"taxonomy":"post_tag","embeddable":true,"href":"https:\/\/projetoslayerup.com.br\/layerup\/wp-json\/wp\/v2\/tags?post=49149"}],"curies":[{"name":"wp","href":"https:\/\/api.w.org\/{rel}","templated":true}]}}