{"id":5042,"date":"2022-08-11T11:22:10","date_gmt":"2022-08-11T14:22:10","guid":{"rendered":"http:\/\/blog-funil-em-y.local\/?p=5042"},"modified":"2024-02-07T16:43:47","modified_gmt":"2024-02-07T19:43:47","slug":"relacao-da-geracao-z-com-as-novas-tendencias","status":"publish","type":"post","link":"https:\/\/projetoslayerup.com.br\/layerup\/relacao-da-geracao-z-com-as-novas-tendencias\/","title":{"rendered":"Descubra a rela\u00e7\u00e3o da gera\u00e7\u00e3o Z com as novas tend\u00eancias de marketing"},"content":{"rendered":"<p><span style=\"font-weight: 400;\">Voc\u00ea j\u00e1 deve ter percebido que, de tempos em tempos, surgem novas <\/span><b>tend\u00eancias<\/b><span style=\"font-weight: 400;\"> de marketing para acompanhar as <\/span><a href=\"http:\/\/blog-funil-em-y.local\/de-olho-no-comportamento-do-consumidor-descubra-as-principais-tendencias-de-consumo-para-conquistar-seu-publico\/\"><span style=\"font-weight: 400;\"><strong>mudan\u00e7as de comportamento<\/strong><\/span><\/a><span style=\"font-weight: 400;\"> entre as gera\u00e7\u00f5es \u2014 e com a <\/span><b>gera\u00e7\u00e3o Z<\/b><span style=\"font-weight: 400;\"> n\u00e3o \u00e9 diferente.<\/span><\/p>\n<p><span style=\"font-weight: 400;\">Com suas caracter\u00edsticas singulares, <\/span><a href=\"https:\/\/www.meioemensagem.com.br\/home\/marketing\/2017\/01\/20\/93-das-compras-das-familias-sao-influenciadas-por-jovens-da-geracao-z.html\"><b>poder de compra e influ\u00eancia<\/b><\/a><span style=\"font-weight: 400;\">, a gera\u00e7\u00e3o Z tem moldado a forma de consumir e encarar as demandas atuais, n\u00e3o s\u00f3 para pessoas da mesma idade, mas de toda a sociedade.<\/span><\/p>\n<p><span style=\"font-weight: 400;\">Neste conte\u00fado, vamos falar sobre como neg\u00f3cios de diferentes segmentos e formatos precisam se adaptar aos <\/span><b>novos padr\u00f5es do mercado<\/b><span style=\"font-weight: 400;\"> para alcan\u00e7ar os p\u00fablicos mais novos.<\/span><\/p>\n<p><span style=\"font-weight: 400;\">Continue acompanhando e descubra dicas valiosas para implementar essas <\/span><strong><a href=\"https:\/\/projetoslayerup.com.br\/layerup\/tik-tok-telegram-twitch\/\">tend\u00eancias<\/a><\/strong><span style=\"font-weight: 400;\"> hoje mesmo na sua empresa.<\/span><\/p>\n<p>&nbsp;<\/p>\n<h2><b>Quem \u00e9 a gera\u00e7\u00e3o Z?<\/b><\/h2>\n<p><span style=\"font-weight: 400;\">Tamb\u00e9m chamada de centennials, <\/span><b>a gera\u00e7\u00e3o Z \u00e9 a gera\u00e7\u00e3o mais jovem atualmente<\/b><span style=\"font-weight: 400;\">. Composta pelos nascidos entre 1997 e 2010, a gera\u00e7\u00e3o Z \u00e9 a parcela mais nova da sociedade ativa.<\/span><\/p>\n<p><span style=\"font-weight: 400;\">Por\u00e9m, antes de entender quem s\u00e3o essas pessoas, \u00e9 importante entender o porqu\u00ea dessa divis\u00e3o. Conhecido pelos estudos do soci\u00f3logo <\/span><b>Karl Mannheim<\/b><span style=\"font-weight: 400;\">, o conceito das gera\u00e7\u00f5es foi criado para entender melhor como as <\/span><a href=\"https:\/\/projetoslayerup.com.br\/layerup\/mudanca-de-mercado\/\"><span style=\"font-weight: 400;\">vis\u00f5es de <strong>mundo se diferem com o passar do tempo<\/strong><\/span><\/a><span style=\"font-weight: 400;\">.<\/span><\/p>\n<p><span style=\"font-weight: 400;\">Assim, esses recortes s\u00e3o feitos para compreender <\/span><b>caracter\u00edsticas, comportamentos e prefer\u00eancias em comum<\/b><span style=\"font-weight: 400;\"> de uma faixa et\u00e1ria da sociedade que, por sua vez, influenciam e s\u00e3o influenciados por movimentos sociais, culturais, econ\u00f4micos e pol\u00edticos.<\/span><\/p>\n<p><span style=\"font-weight: 400;\">N\u00e3o existe um consenso sobre essas divis\u00f5es, mas uma das mais conhecidas e aceitas hoje <\/span><b>separa a sociedade em 4 grupos<\/b><span style=\"font-weight: 400;\">:\u00a0<\/span><\/p>\n<ul>\n<li style=\"font-weight: 400;\" aria-level=\"1\"><span style=\"font-weight: 400;\">os <\/span><b>Baby Boomers<\/b><span style=\"font-weight: 400;\">, nascidos entre 1946 &#8211; 1964;<\/span><\/li>\n<li style=\"font-weight: 400;\" aria-level=\"1\"><span style=\"font-weight: 400;\">a <\/span><b>Gera\u00e7\u00e3o X<\/b><span style=\"font-weight: 400;\">, nascidos entre 1965 &#8211; 1980;<\/span><\/li>\n<li style=\"font-weight: 400;\" aria-level=\"1\"><span style=\"font-weight: 400;\">a <\/span><b>Gera\u00e7\u00e3o Y<\/b><span style=\"font-weight: 400;\"> ou <\/span><i><span style=\"font-weight: 400;\">Millennials<\/span><\/i><span style=\"font-weight: 400;\">, nascidos entre 1981 &#8211; 1996;<\/span><\/li>\n<li style=\"font-weight: 400;\" aria-level=\"1\"><span style=\"font-weight: 400;\">e, finalmente, a <\/span><b>Gera\u00e7\u00e3o Z<\/b><span style=\"font-weight: 400;\"> ou <\/span><i><span style=\"font-weight: 400;\">Centennials<\/span><\/i><span style=\"font-weight: 400;\">, nascidos entre 1997 &#8211; 2010.<\/span><\/li>\n<\/ul>\n<p>&nbsp;<\/p>\n<p><span style=\"font-weight: 400;\">Apesar de ter seus antagonistas, a divis\u00e3o de gera\u00e7\u00f5es \u00e9 utilizada em diversas pesquisas e estudos (inclusive na \u00e1rea de marketing) sobre quais tend\u00eancias est\u00e3o surgindo e como cada grupo reage a elas.<\/span><\/p>\n<p>&nbsp;<\/p>\n<h3><b>As principais caracter\u00edsticas da gera\u00e7\u00e3o Z<\/b><\/h3>\n<p><span style=\"font-weight: 400;\">Mas afinal, quem s\u00e3o esses jovens? Conhecidos pela preocupa\u00e7\u00e3o com o meio ambiente e pela fluidez de identidade, uma das caracter\u00edsticas mais marcantes da gera\u00e7\u00e3o Z \u00e9 sua <\/span><b>familiaridade com o <\/b><a href=\"https:\/\/projetoslayerup.com.br\/layerup\/estrategia-digital-5-0\/\"><b>digital<\/b><\/a><span style=\"font-weight: 400;\">.<\/span><\/p>\n<p><span style=\"font-weight: 400;\">Diferente das gera\u00e7\u00f5es anteriores, que entraram em contato com a internet e a tecnologia somente na adolesc\u00eancia ou at\u00e9 mesmo na fase adulta, os centennials j\u00e1 nasceram com tudo isso \u00e0 disposi\u00e7\u00e3o. Por isso, tamb\u00e9m s\u00e3o chamados de <\/span><b>nativos digitais<\/b><span style=\"font-weight: 400;\">.<\/span><\/p>\n<p><span style=\"font-weight: 400;\">Pode parecer uma mudan\u00e7a pequena, mas isso traz impacto direto sobre suas percep\u00e7\u00f5es de tempo, relacionamentos e, \u00e9 claro, marcas e empresas. Principalmente quando se trata de <\/span><b>consumo<\/b><span style=\"font-weight: 400;\">, isso fica cada vez mais evidente.<\/span><\/p>\n<p><span style=\"font-weight: 400;\">De acordo com um relat\u00f3rio da McKinsey, essa gera\u00e7\u00e3o valoriza a express\u00e3o individual em contraste com os r\u00f3tulos, tornando at\u00e9 ir\u00f4nico classificar todos eles em um s\u00f3 grupo.<\/span><\/p>\n<p><span style=\"font-weight: 400;\">Isso significa que a <\/span><a href=\"http:\/\/blog-funil-em-y.local\/ofertas-personalizadas\/\"><b>personaliza\u00e7\u00e3o das experi\u00eancias de compra<\/b><\/a><span style=\"font-weight: 400;\">, poss\u00edvel gra\u00e7as \u00e0 internet e ao uso de estrat\u00e9gias <\/span><a href=\"https:\/\/projetoslayerup.com.br\/layerup\/cultura-data-driven\/\"><span style=\"font-weight: 400;\">data driven<\/span><\/a><span style=\"font-weight: 400;\">, \u00e9 palavra de ordem na hora de escolherem realizar ou n\u00e3o uma compra.<\/span><\/p>\n<p><span style=\"font-weight: 400;\">Outro ponto importante para a gera\u00e7\u00e3o Z s\u00e3o <\/span><b>as causas em que acreditam<\/b><span style=\"font-weight: 400;\">. Seja sustentabilidade, pol\u00edtica ou a luta das minorias sociais, para esses jovens, todas elas n\u00e3o somente importam, como tamb\u00e9m <\/span><b>devem estar presentes no discurso e atitudes das marcas que consomem<\/b><span style=\"font-weight: 400;\">.<\/span><\/p>\n<p><span style=\"font-weight: 400;\">Um estudo da Ad Age mostrou que 76% deles consideram a <\/span><b>diversidade e a inclus\u00e3o<\/b><span style=\"font-weight: 400;\"> assuntos importantes a serem abordados pelas empresas e 33% <\/span><b>pararam de comprar<\/b><span style=\"font-weight: 400;\"> de uma marca que apoia uma causa da qual discordam.<\/span><\/p>\n<p>&nbsp;<\/p>\n<h3><b>De olho nas tend\u00eancias<\/b><\/h3>\n<p><span style=\"font-weight: 400;\">De forma geral, esses dados impactam todos os neg\u00f3cios do mercado, mas, principalmente, os que possuem essa gera\u00e7\u00e3o como objetivo. Se esse \u00e9 o seu caso, <\/span><b>vale ficar atento \u00e0s tend\u00eancias que a gera\u00e7\u00e3o Z cria<\/b><span style=\"font-weight: 400;\"> e ajuda a trazer para o centro da discuss\u00e3o.<\/span><\/p>\n<p><span style=\"font-weight: 400;\">O que n\u00e3o vale \u00e9 fazer isso de forma rasa ou somente para atrair a aten\u00e7\u00e3o desse p\u00fablico; outra caracter\u00edstica important\u00edssima dessa gera\u00e7\u00e3o \u00e9 sua <\/span><b>exig\u00eancia e \u00e9tica<\/b><span style=\"font-weight: 400;\">, principalmente nas rela\u00e7\u00f5es com <\/span><a href=\"http:\/\/blog-funil-em-y.local\/marca-interativa\/\"><span style=\"font-weight: 400;\">marcas<\/span><\/a><span style=\"font-weight: 400;\">.<\/span><\/p>\n<p>&nbsp;<\/p>\n<h2><b>Marcas e tend\u00eancias de marketing<\/b><\/h2>\n<p><span style=\"font-weight: 400;\">Como especialistas no digital, \u00e9 natural que a gera\u00e7\u00e3o Z encontre na tecnologia tudo que precisa para tomar suas decis\u00f5es, e \u00e9 exatamente isso que diversos estudos t\u00eam mostrado recentemente.\u00a0<\/span><\/p>\n<p><span style=\"font-weight: 400;\">Uma pesquisa global da Accenture mostrou que 69% dos jovens est\u00e3o interessados em comprar diretamente das redes sociais. Considerando que essa gera\u00e7\u00e3o j\u00e1 correspondia a 40% dos consumidores globais em 2021, essa \u00e9 uma estrat\u00e9gia que merece aten\u00e7\u00e3o.<\/span><\/p>\n<p><span style=\"font-weight: 400;\">Essa tend\u00eancia foi identificada inclusive no <\/span><strong><a href=\"https:\/\/inboundmarketing.layerup.com.br\/mr-tendencias-2022\">reporte de tend\u00eancias para 2022<\/a><\/strong><span style=\"font-weight: 400;\">, realizado pela Layer Up. O estudo apontou que as <\/span><b>redes sociais ir\u00e3o se transformar no cora\u00e7\u00e3o da experi\u00eancia de compras p\u00f3s-pandemia<\/b><span style=\"font-weight: 400;\">, de acordo com um levantamento da <\/span><a href=\"https:\/\/www.socialmediatoday.com\/news\/hootsuite-outlines-key-social-media-marketing-trends-for-2022-based-on-18k\/610309\/\"><span style=\"font-weight: 400;\">Hootsuite<\/span><\/a><span style=\"font-weight: 400;\">.<\/span><\/p>\n<p><span style=\"font-weight: 400;\">O mesmo reporte apontou ainda que as gera\u00e7\u00f5es mais novas tamb\u00e9m preferem as redes sociais na hora de fazer <\/span><b>pesquisas<\/b><span style=\"font-weight: 400;\">, ao inv\u00e9s dos buscadores tradicionais como o Google.<\/span><\/p>\n<p><span style=\"font-weight: 400;\">Sobre esse dado, a pr\u00f3pria plataforma relatou que <\/span><b>quase metade da gera\u00e7\u00e3o Z prefere fazer pesquisas dentro do TikTok e <\/b><a href=\"http:\/\/blog-funil-em-y.local\/nova-atualizacao-do-instagram\/\"><b>Instagram<\/b><\/a><span style=\"font-weight: 400;\">, em vez de pesquisar no Google Search e Maps.<\/span><\/p>\n<p><span style=\"font-weight: 400;\">E por falar em TikTok, a plataforma vem se destacando cada vez mais em n\u00fameros e recordes de mercado. Vamos saber mais sobre ela?<\/span><\/p>\n<p>&nbsp;<\/p>\n<h3><b>A gera\u00e7\u00e3o Z e o TikTok<\/b><\/h3>\n<p><span style=\"font-weight: 400;\">Se voc\u00ea ainda n\u00e3o ouviu falar sobre essa rede social, est\u00e1 mais do que na hora de conhecer a plataforma e aproveitar todos os recursos que ela oferece.<\/span><\/p>\n<p><span style=\"font-weight: 400;\">Criado em 2016, na China, <\/span><b>o TitkTok \u00e9 um fen\u00f4meno desde seu in\u00edcio<\/b><span style=\"font-weight: 400;\"> e hoje tem mais de 1 bilh\u00e3o de usu\u00e1rios em todo o mundo \u2014 a maioria, claro, \u00e9 da gera\u00e7\u00e3o Z.<\/span><\/p>\n<p><span style=\"font-weight: 400;\">Vale lembrar que essa <\/span><a href=\"http:\/\/blog-funil-em-y.local\/comunicacao-nas-redes-sociais\/\"><b>identifica\u00e7\u00e3o com as redes sociais<\/b><\/a><span style=\"font-weight: 400;\"> n\u00e3o \u00e9 uma caracter\u00edstica particular dessa gera\u00e7\u00e3o; esse comportamento acontece porque os jovens s\u00e3o <\/span><i><span style=\"font-weight: 400;\">early adopters<\/span><\/i><span style=\"font-weight: 400;\"> \u00e0s novidades. Mas logo os mais velhos v\u00eam atr\u00e1s e, por isso, \u00e9 importante ficar de olho nas atualiza\u00e7\u00f5es da \u00e1rea.<\/span><\/p>\n<p><span style=\"font-weight: 400;\">Voltando ao TikTok, uma das premissas dessa plataforma de v\u00eddeos curtos s\u00e3o os <\/span><b>conte\u00fados r\u00e1pidos, criativos e fora do formato convencional<\/b><span style=\"font-weight: 400;\"> que as outras redes sociais apresentavam antes de seu surgimento.\u00a0<\/span><\/p>\n<p><span style=\"font-weight: 400;\">Esse conceito se estende \u00e0 forma <\/span><b>como as marcas se comportam l\u00e1 dentro<\/b><span style=\"font-weight: 400;\">. Se engana quem pensa que \u00e9 s\u00f3 replicar o conte\u00fado que voc\u00ea faz em outras redes; a pegada do TikTok \u00e9 justamente <\/span><a href=\"http:\/\/blog-funil-em-y.local\/marketing-multicanal-veja-como-as-empresas-tem-investido-na-diversidade-de-conteudo\/\"><span style=\"font-weight: 400;\">fazer diferente<\/span><\/a><span style=\"font-weight: 400;\">.<\/span><\/p>\n<p><span style=\"font-weight: 400;\">Inclusive, uma das campanhas da rede para atrair mais marcas para a plataforma \u00e9 a &#8220;<\/span><i><span style=\"font-weight: 400;\">Don&#8217;t make ads. Make TikToks.<\/span><\/i><span style=\"font-weight: 400;\">&#8221; (em tradu\u00e7\u00e3o, &#8220;N\u00e3o fa\u00e7a an\u00fancios. Fa\u00e7a TikToks.&#8221;), mostrando que a forma padr\u00e3o de fazer an\u00fancios, normalmente, n\u00e3o funciona por l\u00e1.<\/span><\/p>\n<p><span style=\"font-weight: 400;\">Diversas pesquisas j\u00e1 apontaram o TikTok como o lugar onde os usu\u00e1rios est\u00e3o mais receptivos a conte\u00fados publicit\u00e1rios e ao contato com as marcas e a tend\u00eancia \u00e9 que isso aumente cada vez mais, com outras gera\u00e7\u00f5es tamb\u00e9m.<\/span><\/p>\n<p>&nbsp;<\/p>\n<h2><b>Como usar as tend\u00eancias a seu favor?<\/b><\/h2>\n<p><span style=\"font-weight: 400;\">Como voc\u00ea pode ver, algumas t\u00e9cnicas e conceitos s\u00e3o imprescind\u00edveis para que a gera\u00e7\u00e3o Z se interesse pelo conte\u00fado da sua marca e, consequentemente, pelo produto ou servi\u00e7o que voc\u00ea oferece.<\/span><\/p>\n<p><span style=\"font-weight: 400;\">Neste conte\u00fado, falamos sobre a <\/span><b>personaliza\u00e7\u00e3o<\/b><span style=\"font-weight: 400;\"> da jornada de compra, o envolvimento com <\/span><b>causas<\/b><span style=\"font-weight: 400;\">, a <\/span><b>criatividade e inova\u00e7\u00e3o<\/b><span style=\"font-weight: 400;\"> como guia para an\u00fancios e campanhas, entre outros aspectos que ajudam a <\/span><b>estabelecer uma conversa produtiva com as gera\u00e7\u00f5es mais novas<\/b><span style=\"font-weight: 400;\"> \u2014 mas isso \u00e9 s\u00f3 uma parte do todo.<\/span><\/p>\n<p><span style=\"font-weight: 400;\">Estudos apontam que, em 2026, esse grupo j\u00e1 ser\u00e1 maior que a gera\u00e7\u00e3o anterior, n\u00e3o s\u00f3 em n\u00famero, mas tamb\u00e9m em poder de compra, resultando na <\/span><b>maior base de consumidores dos EUA<\/b><span style=\"font-weight: 400;\">.<\/span><\/p>\n<p><span style=\"font-weight: 400;\">Por isso, para que a sua marca continue crescendo e se <\/span><b>conectando com quem j\u00e1 est\u00e1 transformando o mercado<\/b><span style=\"font-weight: 400;\">, \u00e9 preciso ficar atento \u00e0s tend\u00eancias que <\/span><a href=\"http:\/\/blog-funil-em-y.local\/consumer-insight\/\"><span style=\"font-weight: 400;\">conquistam o seu p\u00fablico<\/span><\/a><span style=\"font-weight: 400;\"> e investir em estrat\u00e9gias para estar onde ele est\u00e1.\u00a0<\/span><\/p>\n<p><span style=\"font-weight: 400;\">Lembre-se sempre que um bom conte\u00fado n\u00e3o \u00e9 uma f\u00f3rmula pronta que pode ser replicada em qualquer neg\u00f3cio; <\/span><b>um bom conte\u00fado \u00e9 o conte\u00fado que cumpre seu objetivo junto ao <\/b><a href=\"https:\/\/projetoslayerup.com.br\/layerup\/utilizando-a-analise-de-dados-para-definir-o-seu-ideal-customer-profile\/\"><b>ICP<\/b><\/a><b> estabelecido<\/b><span style=\"font-weight: 400;\">, independentemente da rede e do formato.<\/span><\/p>\n<p><span style=\"font-weight: 400;\">Para continuar transformando suas estrat\u00e9gias e <\/span><b>evoluindo junto com o mercado<\/b><span style=\"font-weight: 400;\">, n\u00e3o deixe de conferir mais insights valiosos por aqui.\u00a0<\/span><\/p>\n<p><a href=\"http:\/\/blog-funil-em-y.local\/categoria\/transformacao-digital\/?utm_medium=blogpost&amp;utm_source=site&amp;utm_campaign=geracao-z-tendencias&amp;utm_content=cta\"><img loading=\"lazy\" decoding=\"async\" class=\"aligncenter wp-image-4828 size-full\" src=\"http:\/\/blog-funil-em-y.local\/wp-content\/uploads\/2022\/02\/assistentes-virtuais-1.png\" alt=\"Gera\u00e7\u00e3o Z a as tend\u00eancias\" width=\"900\" height=\"350\" \/><\/a><\/p>\n","protected":false},"excerpt":{"rendered":"<p>Voc\u00ea j\u00e1 deve ter percebido que, de tempos em tempos, surgem novas tend\u00eancias de marketing para acompanhar as mudan\u00e7as de comportamento entre as gera\u00e7\u00f5es \u2014 e com a gera\u00e7\u00e3o Z n\u00e3o \u00e9 diferente. Com suas caracter\u00edsticas singulares, poder de compra e influ\u00eancia, a gera\u00e7\u00e3o Z tem moldado a forma de consumir e encarar as demandas [&hellip;]<\/p>\n","protected":false},"author":3,"featured_media":52856,"comment_status":"open","ping_status":"closed","sticky":false,"template":"","format":"standard","meta":{"_acf_changed":false,"footnotes":""},"categories":[714,20,143,91],"tags":[498,852,123,463],"class_list":["post-5042","post","type-post","status-publish","format-standard","has-post-thumbnail","hentry","category-blog-funil-em-y","category-inbound-marketing","category-marketing-e-vendas","category-transformacao-digital","tag-layerup","tag-geracaoz","tag-inovacao","tag-tendencias"],"acf":[],"_links":{"self":[{"href":"https:\/\/projetoslayerup.com.br\/layerup\/wp-json\/wp\/v2\/posts\/5042","targetHints":{"allow":["GET"]}}],"collection":[{"href":"https:\/\/projetoslayerup.com.br\/layerup\/wp-json\/wp\/v2\/posts"}],"about":[{"href":"https:\/\/projetoslayerup.com.br\/layerup\/wp-json\/wp\/v2\/types\/post"}],"author":[{"embeddable":true,"href":"https:\/\/projetoslayerup.com.br\/layerup\/wp-json\/wp\/v2\/users\/3"}],"replies":[{"embeddable":true,"href":"https:\/\/projetoslayerup.com.br\/layerup\/wp-json\/wp\/v2\/comments?post=5042"}],"version-history":[{"count":1,"href":"https:\/\/projetoslayerup.com.br\/layerup\/wp-json\/wp\/v2\/posts\/5042\/revisions"}],"predecessor-version":[{"id":52857,"href":"https:\/\/projetoslayerup.com.br\/layerup\/wp-json\/wp\/v2\/posts\/5042\/revisions\/52857"}],"wp:featuredmedia":[{"embeddable":true,"href":"https:\/\/projetoslayerup.com.br\/layerup\/wp-json\/wp\/v2\/media\/52856"}],"wp:attachment":[{"href":"https:\/\/projetoslayerup.com.br\/layerup\/wp-json\/wp\/v2\/media?parent=5042"}],"wp:term":[{"taxonomy":"category","embeddable":true,"href":"https:\/\/projetoslayerup.com.br\/layerup\/wp-json\/wp\/v2\/categories?post=5042"},{"taxonomy":"post_tag","embeddable":true,"href":"https:\/\/projetoslayerup.com.br\/layerup\/wp-json\/wp\/v2\/tags?post=5042"}],"curies":[{"name":"wp","href":"https:\/\/api.w.org\/{rel}","templated":true}]}}