{"id":51092,"date":"2022-09-12T17:50:06","date_gmt":"2022-09-12T20:50:06","guid":{"rendered":"https:\/\/projetoslayerup.com.br\/layerup\/?p=51092"},"modified":"2022-09-15T16:25:13","modified_gmt":"2022-09-15T19:25:13","slug":"quais-competencias-podemos-esperar-do-profissional-do-futuro","status":"publish","type":"post","link":"https:\/\/projetoslayerup.com.br\/layerup\/quais-competencias-podemos-esperar-do-profissional-do-futuro\/","title":{"rendered":"Quais compet\u00eancias podemos esperar do profissional do futuro?"},"content":{"rendered":"<p><span style=\"font-weight: 400;\">Se a descri\u00e7\u00e3o do <\/span><b>profissional do futuro<\/b><span style=\"font-weight: 400;\"> j\u00e1 foi feita em uma produ\u00e7\u00e3o de Hollywood, com certeza, ela vem de De Volta para o Futuro:<\/span><\/p>\n<p><i><span style=\"font-weight: 400;\">&#8220;Seu futuro ainda n\u00e3o est\u00e1 escrito, o de ningu\u00e9m est\u00e1. Seu futuro ser\u00e1 o que voc\u00ea quiser, ent\u00e3o fa\u00e7a dele algo bom&#8221;.<\/span><\/i><\/p>\n<p><span style=\"font-weight: 400;\">A \u00faltima frase de uma das maiores trilogias da hist\u00f3ria do cinema j\u00e1 antecipava que, apesar de n\u00e3o podermos prever o futuro, \u00e9 nossa responsabilidade moldar os pr\u00f3ximos passos da sociedade.<\/span><\/p>\n<p><span style=\"font-weight: 400;\">Neste conte\u00fado, vamos conversar sobre o<\/span><b> profissional do futuro<\/b><span style=\"font-weight: 400;\">, quais compet\u00eancias podemos esperar desse perfil e como voc\u00ea pode se preparar para quando este momento chegar.<\/span><\/p>\n<p>&nbsp;<\/p>\n<h2><b>Afinal, quem \u00e9 o profissional do futuro?<\/b><\/h2>\n<p><span style=\"font-weight: 400;\">Falamos sempre por aqui, mas nunca \u00e9 demais reafirmar: <\/span><b>o mercado est\u00e1 em constante muta\u00e7\u00e3o<\/b><span style=\"font-weight: 400;\">. Gra\u00e7as \u00e0s <\/span><b>novas tecnologias<\/b><span style=\"font-weight: 400;\">,<\/span> <span style=\"font-weight: 400;\">as tend\u00eancias de consumo e o <\/span><a href=\"https:\/\/funilemy.com.br\/blog\/de-olho-no-comportamento-do-consumidor-descubra-as-principais-tendencias-de-consumo-para-conquistar-seu-publico\/\" target=\"_blank\" rel=\"noopener\"><span style=\"font-weight: 400;\">comportamento do consumidor<\/span><\/a><span style=\"font-weight: 400;\"> est\u00e3o sempre em transi\u00e7\u00e3o.<\/span><\/p>\n<p><span style=\"font-weight: 400;\">N\u00e3o por acaso, essas mudan\u00e7as tamb\u00e9m impactam no perfil do profissional desejado pelas empresas, afinal, \u00e9 preciso ser <\/span><b>capacitado para lidar com tantas novidades<\/b><span style=\"font-weight: 400;\"> o tempo todo.\u00a0<\/span><\/p>\n<p><span style=\"font-weight: 400;\">Mas, antes de entender melhor o que comp\u00f5e esse perfil, precisamos entender mais sobre <\/span><b>as demandas do mercado<\/b><span style=\"font-weight: 400;\"> que ajudam a determinar as habilidades do profissional do futuro.<\/span><\/p>\n<p>&nbsp;<\/p>\n<h2><b>O que esperar do futuro?<\/b><\/h2>\n<p><span style=\"font-weight: 400;\">Muito antes de Doc Brown compartilhar seus conhecimentos mais profundos com Marty McFly em De Volta para o Futuro, o futuro j\u00e1 era objeto de diversos estudos e teorias.<\/span><\/p>\n<p><span style=\"font-weight: 400;\">N\u00e3o adianta, seja por instinto de sobreviv\u00eancia, sonhos ou planos, enquanto seres humanos <\/span><b>estamos sempre <\/b><a href=\"https:\/\/projetoslayerup.com.br\/layerup\/metas-smart-o-que-sao-e-como-coloca-las-em-pratica\/\"><b>criando metas<\/b><\/a><b>, planejando o futuro e sondando o que vem por a\u00ed<\/b><span style=\"font-weight: 400;\"> para saber o que j\u00e1 podemos adiantar.<\/span><\/p>\n<p><span style=\"font-weight: 400;\">Esse foi o caso do estudo &#8220;<\/span><a href=\"https:\/\/www.projetodraft.com\/85-das-profissoes-que-existirao-2030-ainda-nao-foram-criadas\/\" target=\"_blank\" rel=\"noopener\"><span style=\"font-weight: 400;\">Projetando 2030: uma vis\u00e3o dividida do futuro<\/span><\/a><span style=\"font-weight: 400;\">&#8220;, encomendado pela <\/span><b>Dell Technologies<\/b><span style=\"font-weight: 400;\"> ao IFTF (Institute For The Future) e publicado ainda em 2019.<\/span><\/p>\n<p><span style=\"font-weight: 400;\">Como o pr\u00f3prio nome j\u00e1 sup\u00f5e, o estudo analisou as principais tecnologias que temos atualmente, escalando at\u00e9 o ano de 2030 e podemos afirmar: as descobertas s\u00e3o valiosas!<\/span><\/p>\n<p>&nbsp;<\/p>\n<h3><b>Projetando o futuro<\/b><\/h3>\n<p><span style=\"font-weight: 400;\">O estudo teve a participa\u00e7\u00e3o de 3.800 l\u00edderes de m\u00e9dias e grandes corpora\u00e7\u00f5es em 17 pa\u00edses, incluindo o Brasil, e uma das descobertas mais impressionantes foi que cerca de <\/span><b>85% dos trabalhos que existir\u00e3o em 2030 ainda nem foram criados<\/b><span style=\"font-weight: 400;\">!<\/span><\/p>\n<p><span style=\"font-weight: 400;\">Como o estudo \u00e9 de 2019 e fala exatamente sobre a velocidade com que as m\u00e1quinas e tecnologias evoluem, provavelmente, esse \u00edndice j\u00e1 mudou um pouquinho nesses \u00faltimos 3 anos.<\/span><\/p>\n<p><span style=\"font-weight: 400;\">Mas \u00e9 muito interessante observar o quanto a sociedade pode evoluir em sintonia com o <\/span><a href=\"https:\/\/projetoslayerup.com.br\/layerup\/estrategia-digital-5-0\/\"><span style=\"font-weight: 400;\">crescimento digital<\/span><\/a><span style=\"font-weight: 400;\">, cada vez mais presente em nossas vidas, neg\u00f3cios e rela\u00e7\u00f5es comerciais.<\/span><\/p>\n<p><span style=\"font-weight: 400;\">O estudo destaca que esse dado n\u00e3o quer dizer que as profiss\u00f5es atuais ser\u00e3o extintas, mas, com certeza elas passar\u00e3o por adapta\u00e7\u00f5es <\/span><b>na mesma medida em que a <\/b><a href=\"https:\/\/projetoslayerup.com.br\/layerup\/tecnologia-5g\/\"><b>tecnologia evolui<\/b><\/a><span style=\"font-weight: 400;\"> e intensificamos nosso relacionamento com ela.<\/span><\/p>\n<p>&nbsp;<\/p>\n<h3><b>Especialistas digitais<\/b><\/h3>\n<p><span style=\"font-weight: 400;\">Por falar no nosso relacionamento com a tecnologia, o mesmo estudo apontou outro dado importante: <\/span><b>84% dos l\u00edderes esperam que seus funcion\u00e1rios sejam especialistas digitais<\/b><span style=\"font-weight: 400;\"> \u2014 e isso n\u00e3o \u00e9 s\u00f3 para 2030, ok?<\/span><\/p>\n<p><span style=\"font-weight: 400;\">J\u00e1 estamos vendo isso acontecer, na verdade. Especialmente depois da pandemia do Covid-19, <\/span><a href=\"https:\/\/projetoslayerup.com.br\/layerup\/mudancas-no-marketing-digital\/\"><b>os meios digitais ganharam muita for\u00e7a<\/b><\/a><span style=\"font-weight: 400;\"> e algumas empresas chegaram a fechar suas portas por n\u00e3o terem conseguido se adaptar a eles.<\/span><\/p>\n<p><b>O futuro \u00e9 digital<\/b><span style=\"font-weight: 400;\"> e n\u00e3o h\u00e1 d\u00favidas disso. O desafio agora \u00e9 de todos os profissionais, que precisam se adaptar a tempo para encarar os novos desafios.<\/span><\/p>\n<p>&nbsp;<\/p>\n<h2><b>O que esperar do profissional do futuro?<\/b><\/h2>\n<p><span style=\"font-weight: 400;\">Como voc\u00ea pode ver at\u00e9 aqui, <\/span><b>a habilidade de entender e lidar com o universo digital<\/b><span style=\"font-weight: 400;\"> n\u00e3o \u00e9 mais um diferencial, mas sim, uma necessidade dos profissionais que desejam fazer parte do futuro.<\/span><\/p>\n<p><span style=\"font-weight: 400;\">Al\u00e9m do estudo da Dell, diversos ve\u00edculos est\u00e3o elencando as principais caracter\u00edsticas do profissional do futuro. Analisamos as principais e trouxemos <\/span><b>5 comportamentos do profissional do futuro<\/b><span style=\"font-weight: 400;\"> para compor este conte\u00fado.<\/span><\/p>\n<p><span style=\"font-weight: 400;\">Vale lembrar que, com poucas exce\u00e7\u00f5es, elas independem da \u00e1rea de atua\u00e7\u00e3o ou setor profissional e dizem respeito a <\/span><b>atitudes e compet\u00eancias que todos deveriam adquirir<\/b><span style=\"font-weight: 400;\"> para continuar contribuindo com o mercado.<\/span><\/p>\n<p><span style=\"font-weight: 400;\">Vamos conferir um pouco mais sobre cada uma delas?<\/span><\/p>\n<h3><\/h3>\n<h3><b>Ter uma boa comunica\u00e7\u00e3o<\/b><\/h3>\n<p><span style=\"font-weight: 400;\">A comunica\u00e7\u00e3o \u00e9 essencial n\u00e3o s\u00f3 para todas as \u00e1reas profissionais, mas tamb\u00e9m para que um profissional consiga se adaptar aos novos tempos e continuar evoluindo.<\/span><\/p>\n<p><span style=\"font-weight: 400;\">Principalmente nos \u00faltimos anos, nossa habilidade de falar e ouvir sem que todos os assuntos se tornem uma discuss\u00e3o ideol\u00f3gica ficou um pouco prejudicada.<\/span><\/p>\n<p><span style=\"font-weight: 400;\">Mas o profissional do futuro deve saber <\/span><b>ouvir e se fazer ouvir com clareza, respeito e discernimento<\/b><span style=\"font-weight: 400;\"> em todas as suas intera\u00e7\u00f5es.<\/span><\/p>\n<p><span style=\"font-weight: 400;\">Esse princ\u00edpio vale n\u00e3o s\u00f3 em suas rela\u00e7\u00f5es mais pr\u00f3ximas no dia a dia do trabalho, mas tamb\u00e9m, junto ao p\u00fablico. Afinal, agora as marcas contam com <\/span><b>comunidades digitais ativas no processo de decis\u00e3o<\/b><span style=\"font-weight: 400;\">, que inclusive contribuem e ajudam a construir a imagem da marca.<\/span><\/p>\n<h3><\/h3>\n<h3><b>Ser data driven<\/b><\/h3>\n<p><span style=\"font-weight: 400;\">Se voc\u00ea acompanha nossos conte\u00fados por aqui, com certeza sabe que os <\/span><a href=\"https:\/\/projetoslayerup.com.br\/layerup\/growth-marketing-o-que-e-e-qual-sua-relacao-com-os-dados\/\"><b>dados s\u00e3o imprescind\u00edveis para qualquer empresa que queira crescer<\/b><\/a> <span style=\"font-weight: 400;\">e fazer parte do futuro.<\/span><\/p>\n<p><span style=\"font-weight: 400;\">Agora pense comigo: se at\u00e9 as empresas correm risco de extin\u00e7\u00e3o por n\u00e3o se tornarem data driven, imagine um profissional que n\u00e3o sabe nada sobre o universo dos dados!<\/span><\/p>\n<p><span style=\"font-weight: 400;\">E se tem algo que pode te ajudar nesse processo \u00e9 o <\/span><a href=\"https:\/\/datadrivendecision.com.br\" target=\"_blank\" rel=\"noopener\"><b>Hub do Data Driven Decision<\/b><\/a><span style=\"font-weight: 400;\">, com mais de 60 horas de conte\u00fados exclusivos e com a presen\u00e7a dos maiores especialistas do mercado sobre o universo data driven.<\/span><\/p>\n<h3><\/h3>\n<h3><b>Estar de olho nas tend\u00eancias<\/b><\/h3>\n<p><span style=\"font-weight: 400;\">Pode at\u00e9 ser que algu\u00e9m por a\u00ed consiga, mas n\u00e3o \u00e9 o papel do profissional do futuro enxergar o que vai se tornar uma tend\u00eancia ou n\u00e3o. No entanto, \u00e9 papel desse profissional saber exatamente <\/span><b>onde procurar por essas tend\u00eancias<\/b><span style=\"font-weight: 400;\">.\u00a0<\/span><\/p>\n<p><span style=\"font-weight: 400;\">O profissional do futuro est\u00e1 sempre de olho nas movimenta\u00e7\u00f5es do mercado e no <\/span><a href=\"https:\/\/funilemy.com.br\/blog\/relacao-da-geracao-z-com-as-novas-tendencias\/\" target=\"_blank\" rel=\"noopener\"><span style=\"font-weight: 400;\">comportamento das novas gera\u00e7\u00f5es<\/span><\/a><span style=\"font-weight: 400;\">, um dos grupos respons\u00e1veis pelo surgimento e populariza\u00e7\u00e3o de novas tend\u00eancias todos os dias.<\/span><\/p>\n<p><span style=\"font-weight: 400;\">E at\u00e9 mesmo os assuntos que n\u00e3o est\u00e3o diretamente ligados \u00e0s tend\u00eancias podem se tornar um ponto de aten\u00e7\u00e3o, j\u00e1 que \u00e9 <\/span><b>o olhar apurado desse profissional<\/b><span style=\"font-weight: 400;\"> que vai saber identificar o que ter\u00e1 ader\u00eancia no mercado ou n\u00e3o.<\/span><\/p>\n<h3><\/h3>\n<h3><b>Ter profundo autoconhecimento<\/b><\/h3>\n<p><span style=\"font-weight: 400;\">Pode parecer um discurso de autoajuda, mas, na verdade, \u00e9 um dos principais diferenciais que um profissional pode ter, n\u00e3o somente para o futuro, mas para come\u00e7ar agora.<\/span><\/p>\n<p><span style=\"font-weight: 400;\">\u00c0 medida que um profissional conhece muito bem suas habilidades, limites e dificuldades, ele sabe <\/span><b>aperfei\u00e7oar o que tem de melhor e trabalhar no que ainda precisa de ajustes<\/b><span style=\"font-weight: 400;\">.<\/span><\/p>\n<p><span style=\"font-weight: 400;\">Principalmente quando falamos sobre <\/span><i><span style=\"font-weight: 400;\">soft skills<\/span><\/i><span style=\"font-weight: 400;\">, \u00e9 importante ter essa percep\u00e7\u00e3o sincera sobre seus pontos pessoais e profissionais. Isso ajuda at\u00e9 mesmo na hora de trabalhar os <\/span><a href=\"https:\/\/projetoslayerup.com.br\/layerup\/cultura-centrada-em-feedbacks-como-a-layer-up-impulsiona-o-crescimento-profissional-dos-colaboradores\/\"><b>feedbacks<\/b><\/a><span style=\"font-weight: 400;\"> dentro da empresa.<\/span><\/p>\n<h3><\/h3>\n<h3><b>Saber aprender<\/b><\/h3>\n<p><span style=\"font-weight: 400;\">Essa \u00faltima caracter\u00edstica pode parecer at\u00e9 redundante, visto que todas as anteriores tamb\u00e9m devem ser aprendidas ou aprimoradas, mas esse ponto vai al\u00e9m do simples fato de buscar mais conhecimento.<\/span><\/p>\n<p><span style=\"font-weight: 400;\">Voltando ao estudo da Dell, <\/span><b>56% dos pesquisados disseram que acreditam que as escolas deveriam ensinar <\/b><b><i>como<\/i><\/b><b> aprender e n\u00e3o, <\/b><b><i>o que<\/i><\/b><b> aprender<\/b><span style=\"font-weight: 400;\">.<\/span><\/p>\n<p><span style=\"font-weight: 400;\">Segundo Sidney Zamel, Diretor de Marketing e Produtos da Dell no Brasil, \u201cA pr\u00f3pria <\/span><b>capacidade de desenvolver novas habilidades<\/b><span style=\"font-weight: 400;\"> ser\u00e1 incrivelmente \u00fatil em uma era de transforma\u00e7\u00e3o\u201d.<\/span><\/p>\n<p><span style=\"font-weight: 400;\">Portanto, &#8220;aprender a aprender&#8221;, <\/span><b>treinar nosso c\u00e9rebro para assimilar novos conhecimentos e mais informa\u00e7\u00f5es<\/b><span style=\"font-weight: 400;\"> vai se tornar t\u00e3o importante quanto as habilidades que j\u00e1 carregamos conosco.<\/span><\/p>\n<h3><\/h3>\n<h3><b>O profissional do futuro n\u00e3o come\u00e7a amanh\u00e3<\/b><\/h3>\n<p><span style=\"font-weight: 400;\">Se voc\u00ea ler com aten\u00e7\u00e3o todos esses pontos, pode perceber que nenhum deles \u00e9 algo exclusivamente para o futuro.\u00a0<\/span><\/p>\n<p><span style=\"font-weight: 400;\">Na verdade, <\/span><b>essas habilidades j\u00e1 s\u00e3o solicitadas hoje no mercado<\/b><span style=\"font-weight: 400;\"> e com certeza fazem diferen\u00e7a em qualquer processo de contrata\u00e7\u00e3o.<\/span><\/p>\n<p><span style=\"font-weight: 400;\">Mas uma das principais caracter\u00edsticas do profissional do futuro \u00e9 justamente n\u00e3o deixar para amanh\u00e3 as compet\u00eancias que ele pode desenvolver hoje.<\/span><\/p>\n<p><span style=\"font-weight: 400;\">Por isso, se esse \u00e9 o seu caso, <\/span><b>comece hoje mesmo a trabalhar nessas habilidades<\/b><span style=\"font-weight: 400;\"> e garanta sua vaga n\u00e3o em uma empresa, mas na transforma\u00e7\u00e3o constante do mercado para se tornar, enfim, o profissional do futuro.<\/span><\/p>\n<p><a href=\"https:\/\/projetoslayerup.com.br\/layerup\/metas-smart-o-que-sao-e-como-coloca-las-em-pratica\/?utm_medium=blogpost&amp;utm_source=site&amp;utm_campaign=profissional-do-futuro&amp;utm_content=cta\"><img loading=\"lazy\" decoding=\"async\" class=\"aligncenter wp-image-50592 size-full\" src=\"https:\/\/projetoslayerup.com.br\/layerup\/wp-content\/uploads\/2022\/05\/03.-BP1_CTA.png\" alt=\"Profissional do futuro\" width=\"900\" height=\"350\" srcset=\"https:\/\/projetoslayerup.com.br\/layerup\/wp-content\/uploads\/2022\/05\/03.-BP1_CTA.png 900w, https:\/\/projetoslayerup.com.br\/layerup\/wp-content\/uploads\/2022\/05\/03.-BP1_CTA-300x117.png 300w, https:\/\/projetoslayerup.com.br\/layerup\/wp-content\/uploads\/2022\/05\/03.-BP1_CTA-768x299.png 768w, https:\/\/projetoslayerup.com.br\/layerup\/wp-content\/uploads\/2022\/05\/03.-BP1_CTA-389x150.png 389w\" sizes=\"auto, (max-width: 900px) 100vw, 900px\" \/><\/a><\/p>\n","protected":false},"excerpt":{"rendered":"<p>Se a descri\u00e7\u00e3o do profissional do futuro j\u00e1 foi feita em uma produ\u00e7\u00e3o de Hollywood, com certeza, ela vem de De Volta para o Futuro: &#8220;Seu futuro ainda n\u00e3o est\u00e1 escrito, o de ningu\u00e9m est\u00e1. Seu futuro ser\u00e1 o que voc\u00ea quiser, ent\u00e3o fa\u00e7a dele algo bom&#8221;. A \u00faltima frase de uma das maiores trilogias [&hellip;]<\/p>\n","protected":false},"author":26,"featured_media":51095,"comment_status":"open","ping_status":"closed","sticky":false,"template":"","format":"standard","meta":{"_acf_changed":false,"footnotes":""},"categories":[129,155,208],"tags":[504,584,577,583],"class_list":["post-51092","post","type-post","status-publish","format-standard","has-post-thumbnail","hentry","category-consultoria-estrategica","category-gestao-de-pessoas","category-recursos-humanos","tag-datadriven","tag-comunicacao","tag-feedbacks","tag-profissionaldofuturo"],"acf":[],"_links":{"self":[{"href":"https:\/\/projetoslayerup.com.br\/layerup\/wp-json\/wp\/v2\/posts\/51092","targetHints":{"allow":["GET"]}}],"collection":[{"href":"https:\/\/projetoslayerup.com.br\/layerup\/wp-json\/wp\/v2\/posts"}],"about":[{"href":"https:\/\/projetoslayerup.com.br\/layerup\/wp-json\/wp\/v2\/types\/post"}],"author":[{"embeddable":true,"href":"https:\/\/projetoslayerup.com.br\/layerup\/wp-json\/wp\/v2\/users\/26"}],"replies":[{"embeddable":true,"href":"https:\/\/projetoslayerup.com.br\/layerup\/wp-json\/wp\/v2\/comments?post=51092"}],"version-history":[{"count":3,"href":"https:\/\/projetoslayerup.com.br\/layerup\/wp-json\/wp\/v2\/posts\/51092\/revisions"}],"predecessor-version":[{"id":51098,"href":"https:\/\/projetoslayerup.com.br\/layerup\/wp-json\/wp\/v2\/posts\/51092\/revisions\/51098"}],"wp:featuredmedia":[{"embeddable":true,"href":"https:\/\/projetoslayerup.com.br\/layerup\/wp-json\/wp\/v2\/media\/51095"}],"wp:attachment":[{"href":"https:\/\/projetoslayerup.com.br\/layerup\/wp-json\/wp\/v2\/media?parent=51092"}],"wp:term":[{"taxonomy":"category","embeddable":true,"href":"https:\/\/projetoslayerup.com.br\/layerup\/wp-json\/wp\/v2\/categories?post=51092"},{"taxonomy":"post_tag","embeddable":true,"href":"https:\/\/projetoslayerup.com.br\/layerup\/wp-json\/wp\/v2\/tags?post=51092"}],"curies":[{"name":"wp","href":"https:\/\/api.w.org\/{rel}","templated":true}]}}