{"id":5124,"date":"2022-11-25T13:23:29","date_gmt":"2022-11-25T16:23:29","guid":{"rendered":"http:\/\/blog-funil-em-y.local\/?p=5124"},"modified":"2024-02-07T17:49:35","modified_gmt":"2024-02-07T20:49:35","slug":"relembre-propagandas-que-marcaram-epoca","status":"publish","type":"post","link":"https:\/\/projetoslayerup.com.br\/layerup\/relembre-propagandas-que-marcaram-epoca\/","title":{"rendered":"Relembre propagandas que marcaram \u00e9poca"},"content":{"rendered":"<p><span style=\"font-weight: 400;\">Desde que Assis Chateaubriand inaugurou a primeira emissora de TV no Brasil, em 1950, muita coisa mudou, incluindo a forma de vender produtos e servi\u00e7os por meio das <\/span><b>propagandas<\/b><span style=\"font-weight: 400;\">.<\/span><\/p>\n<p><span style=\"font-weight: 400;\">Os comerciais de TV se tornaram muito al\u00e9m de simples publicidades para aumentar os lucros: eles viraram fontes de inspira\u00e7\u00e3o e ca\u00edram no gosto popular.<\/span><\/p>\n<p><span style=\"font-weight: 400;\">Parece engra\u00e7ado pensar que algumas pessoas realmente esperam pelos comerciais, mas isso j\u00e1 \u00e9 muito real e, convenhamos, existem propagandas que realmente s\u00e3o inesquec\u00edveis, n\u00e3o \u00e9?<\/span><\/p>\n<p><span style=\"font-weight: 400;\">Seja pelo slogan, pelo jingle ou por alguma frase marcante, relembrar \u00e9 viver. Por isso, neste conte\u00fado realizamos uma curadoria muito especial com propagandas que s\u00e3o lembradas at\u00e9 hoje. Confira!<\/span><\/p>\n<p>&nbsp;<\/p>\n<h2><b>Propagandas para se inspirar e inovar\u00a0<\/b><\/h2>\n<h3><b>O primeiro suti\u00e3 a gente nunca esquece (1987)<\/b><\/h3>\n<p><span style=\"font-weight: 400;\">A propaganda, de 1987, mostra a primeira vez de uma adolescente usando um suti\u00e3 da marca Vasil\u00e8re, destacando a import\u00e2ncia desse momento.<\/span><\/p>\n<p><span style=\"font-weight: 400;\">O objetivo da <\/span><a href=\"https:\/\/www.youtube.com\/watch?v=gXQ4XuG5c1M&amp;t=6s\"><span style=\"font-weight: 400;\">publicidade<\/span><\/a><span style=\"font-weight: 400;\"> foi mostrar que um suti\u00e3 de n\u00e1ilon \u00e9 t\u00e3o confort\u00e1vel quanto o de algod\u00e3o. N\u00e3o \u00e0 toa, o case se tornou um dos mais premiados da TV brasileira e conquistou o t\u00e3o cobi\u00e7ado Le\u00e3o de Ouro de Cannes.<\/span><\/p>\n<h3><b>O Garoto Bombril (1978)<\/b><\/h3>\n<p><span style=\"font-weight: 400;\">Interpretado pelo ator Carlos Moreno, o <\/span><a href=\"https:\/\/www.youtube.com\/watch?v=SpZOQ0aZsXk\"><span style=\"font-weight: 400;\">Garoto Bombril<\/span><\/a><span style=\"font-weight: 400;\"> fez hist\u00f3ria na televis\u00e3o brasileira durante quase 40 anos.\u00a0<\/span><\/p>\n<p><span style=\"font-weight: 400;\">Para se ter no\u00e7\u00e3o, ao todo, Moreno fez 340 filmes publicit\u00e1rios desde 1978. O sucesso foi t\u00e3o grande que o personagem entrou para o Guinness Book \u2014 livro dos recordes mundiais \u2014 , conquistando o lugar de campanha publicit\u00e1ria que ficou mais tempo no ar no mundo. Incr\u00edvel, n\u00e9?<\/span><\/p>\n<h3><b>Pergunta l\u00e1 (2016)<\/b><\/h3>\n<p><span style=\"font-weight: 400;\">Lan\u00e7ada em 2016, a propaganda ficou conhecida pelo bord\u00e3o \u201c<\/span><a href=\"https:\/\/www.youtube.com\/watch?v=Sb0gDKu70Kc\"><span style=\"font-weight: 400;\">Pergunta l\u00e1 no posto Ipiranga<\/span><\/a><span style=\"font-weight: 400;\">\u201d, que apresentava a variedade de servi\u00e7os e produtos da rede de postos de combust\u00edvel.<\/span><\/p>\n<p><span style=\"font-weight: 400;\">A popularidade foi tanta que a frase caiu no gosto popular e at\u00e9 hoje \u00e9 comum escutar algu\u00e9m usando-a.<\/span><\/p>\n<h3><b>Brastemp (1991)<\/b><\/h3>\n<p><span style=\"font-weight: 400;\">A propaganda de 1991 fez hist\u00f3ria com o bord\u00e3o <\/span><a href=\"https:\/\/www.youtube.com\/watch?v=NnLjj2G0hx4\"><span style=\"font-weight: 400;\">\u201cN\u00e3o \u00e9 assim uma Brastemp<\/span><\/a><span style=\"font-weight: 400;\">\u201d. Criado pela Talent, com dire\u00e7\u00e3o de Ana Carmen Longobardi e Mauro Perez, a frase fez bastante sucesso e \u00e9 repetida at\u00e9 hoje.<\/span><\/p>\n<h3><b>Vai que\u2026 (2010)<\/b><\/h3>\n<p><span style=\"font-weight: 400;\">A <\/span><a href=\"https:\/\/www.youtube.com\/watch?time_continue=17&amp;v=4evPkV4iMz4&amp;feature=emb_logo\"><span style=\"font-weight: 400;\">propaganda feita para a Bradesco Seguros<\/span><\/a><span style=\"font-weight: 400;\"> deixa o telespectador tenso: o comercial mostra o protagonista em situa\u00e7\u00f5es de perigo, sugerindo que imprevistos acontecem a qualquer momento.<\/span><\/p>\n<h3><b>Tomou Doril, a dor sumiu! (1978)<\/b><\/h3>\n<p><span style=\"font-weight: 400;\">A famosa marca de medicamentos Doril come\u00e7ou a usar o <\/span><a href=\"https:\/\/www.youtube.com\/watch?v=Fo71qPVrRuo&amp;t=15s\"><span style=\"font-weight: 400;\">slogan<\/span><\/a><span style=\"font-weight: 400;\"> em 1978 e, a partir de 2020, ele sofreu uma pequena modifica\u00e7\u00e3o, se tornando \u201cTomou Doril, a dor de cabe\u00e7a sumiu\u201d.<\/span><\/p>\n<p><span style=\"font-weight: 400;\">A frase ficou t\u00e3o famosa que com certeza voc\u00ea j\u00e1 ouviu algu\u00e9m repetindo.<\/span><\/p>\n<h2><b>E a\u00ed, se inspirou?<\/b><\/h2>\n<p><span style=\"font-weight: 400;\">As propagandas n\u00e3o s\u00e3o apenas uma forma de publicidade, elas visam criar uma conex\u00e3o com o p\u00fablico e s\u00e3o importantes formas para fidelizar os clientes.<\/span><\/p>\n<p><span style=\"font-weight: 400;\">E a\u00ed, voc\u00ea j\u00e1 conhecia todas as propagandas que apresentamos? Para acessar outros conte\u00fados e continuar se inspirando, acesse o banner abaixo.<\/span><\/p>\n<p><a href=\"http:\/\/blog-funil-em-y.local\/?utm_medium=blogpost&amp;utm_source=site&amp;utm_campaign=propagandas&amp;utm_content=cta\" target=\"_blank\" rel=\"noopener\"><img loading=\"lazy\" decoding=\"async\" class=\"aligncenter wp-image-5126 size-full\" src=\"http:\/\/blog-funil-em-y.local\/wp-content\/uploads\/2022\/11\/propagandas-1.png\" alt=\"propagandas\" width=\"900\" height=\"350\" \/><\/a><\/p>\n","protected":false},"excerpt":{"rendered":"<p>Desde que Assis Chateaubriand inaugurou a primeira emissora de TV no Brasil, em 1950, muita coisa mudou, incluindo a forma de vender produtos e servi\u00e7os por meio das propagandas. Os comerciais de TV se tornaram muito al\u00e9m de simples publicidades para aumentar os lucros: eles viraram fontes de inspira\u00e7\u00e3o e ca\u00edram no gosto popular. Parece [&hellip;]<\/p>\n","protected":false},"author":1,"featured_media":52873,"comment_status":"open","ping_status":"closed","sticky":false,"template":"","format":"standard","meta":{"_acf_changed":false,"footnotes":""},"categories":[714,143],"tags":[498,568,570,866],"class_list":["post-5124","post","type-post","status-publish","format-standard","has-post-thumbnail","hentry","category-blog-funil-em-y","category-marketing-e-vendas","tag-layerup","tag-publicidade","tag-funilemy","tag-propagandas"],"acf":[],"_links":{"self":[{"href":"https:\/\/projetoslayerup.com.br\/layerup\/wp-json\/wp\/v2\/posts\/5124","targetHints":{"allow":["GET"]}}],"collection":[{"href":"https:\/\/projetoslayerup.com.br\/layerup\/wp-json\/wp\/v2\/posts"}],"about":[{"href":"https:\/\/projetoslayerup.com.br\/layerup\/wp-json\/wp\/v2\/types\/post"}],"author":[{"embeddable":true,"href":"https:\/\/projetoslayerup.com.br\/layerup\/wp-json\/wp\/v2\/users\/1"}],"replies":[{"embeddable":true,"href":"https:\/\/projetoslayerup.com.br\/layerup\/wp-json\/wp\/v2\/comments?post=5124"}],"version-history":[{"count":1,"href":"https:\/\/projetoslayerup.com.br\/layerup\/wp-json\/wp\/v2\/posts\/5124\/revisions"}],"predecessor-version":[{"id":52874,"href":"https:\/\/projetoslayerup.com.br\/layerup\/wp-json\/wp\/v2\/posts\/5124\/revisions\/52874"}],"wp:featuredmedia":[{"embeddable":true,"href":"https:\/\/projetoslayerup.com.br\/layerup\/wp-json\/wp\/v2\/media\/52873"}],"wp:attachment":[{"href":"https:\/\/projetoslayerup.com.br\/layerup\/wp-json\/wp\/v2\/media?parent=5124"}],"wp:term":[{"taxonomy":"category","embeddable":true,"href":"https:\/\/projetoslayerup.com.br\/layerup\/wp-json\/wp\/v2\/categories?post=5124"},{"taxonomy":"post_tag","embeddable":true,"href":"https:\/\/projetoslayerup.com.br\/layerup\/wp-json\/wp\/v2\/tags?post=5124"}],"curies":[{"name":"wp","href":"https:\/\/api.w.org\/{rel}","templated":true}]}}