{"id":51519,"date":"2022-11-30T14:14:22","date_gmt":"2022-11-30T17:14:22","guid":{"rendered":"https:\/\/projetoslayerup.com.br\/layerup\/?p=51519"},"modified":"2024-03-27T10:23:05","modified_gmt":"2024-03-27T13:23:05","slug":"datas-especiais","status":"publish","type":"post","link":"https:\/\/projetoslayerup.com.br\/layerup\/datas-especiais\/","title":{"rendered":"Como o Time de Cultura &#038; Talentos prepara ativa\u00e7\u00f5es em datas especiais"},"content":{"rendered":"<p><span style=\"font-weight: 400;\">Seja para comemorar anivers\u00e1rios, descansar nos feriados ou at\u00e9 mesmo comemorar os gols do Brasil na Copa, o Time de Cultura &amp; Talentos aqui da Layer, nunca dorme em servi\u00e7o e sempre prepara algo para as datas especiais.<\/span><\/p>\n<p><span style=\"font-weight: 400;\">Afinal, esse time \u00e9 voltado para cuidar das nossas pessoas.\u00a0<\/span><\/p>\n<p><b>Dessa forma, todas as suas a\u00e7\u00f5es e atividades s\u00e3o pensadas para contemplar o desenvolvimento e o engajamento dos nossos colaboradores.<\/b><\/p>\n<p><i><span style=\"font-weight: 400;\">\u201cSomos pautados na tr\u00edade: colaborador, cliente e empresa, para que possamos cumprir as demandas e, ao mesmo tempo, oferecer um descanso ou incentivo para os nossos colaboradores<\/span><\/i><span style=\"font-weight: 400;\">\u201d, explica Ana Lima, nossa Analista de Cultura &amp; Talentos.<\/span><\/p>\n<p><span style=\"font-weight: 400;\">Para isso, as meninas do time de Cultura &amp; Talentos contam com a ajuda do super time de Agile, que organiza cada detalhe para que tudo possa acontecer da melhor forma poss\u00edvel.<\/span><\/p>\n<p><span style=\"font-weight: 400;\">Quer saber melhor como isso funciona na pr\u00e1tica?\u00a0<\/span><\/p>\n<p><span style=\"font-weight: 400;\">Ent\u00e3o confira nosso conte\u00fado especial!<\/span><\/p>\n<p><a href=\"https:\/\/funilemy.com.br\/blog\/datas-sazonais\/\"><img loading=\"lazy\" decoding=\"async\" class=\"alignnone wp-image-51500 size-full\" src=\"https:\/\/projetoslayerup.com.br\/layerup\/wp-content\/uploads\/2022\/11\/02.-BP04_CTA-1.png\" alt=\"\" width=\"900\" height=\"350\" srcset=\"https:\/\/projetoslayerup.com.br\/layerup\/wp-content\/uploads\/2022\/11\/02.-BP04_CTA-1.png 900w, https:\/\/projetoslayerup.com.br\/layerup\/wp-content\/uploads\/2022\/11\/02.-BP04_CTA-1-300x117.png 300w, https:\/\/projetoslayerup.com.br\/layerup\/wp-content\/uploads\/2022\/11\/02.-BP04_CTA-1-768x299.png 768w, https:\/\/projetoslayerup.com.br\/layerup\/wp-content\/uploads\/2022\/11\/02.-BP04_CTA-1-389x150.png 389w\" sizes=\"auto, (max-width: 900px) 100vw, 900px\" \/><\/a><\/p>\n<h2><b>Datas especiais x ativa\u00e7\u00f5es diferenciadas<\/b><\/h2>\n<p><span style=\"font-weight: 400;\">N\u00f3s sempre pensamos em datas especiais que s\u00e3o importantes e significativas para as nossas pessoas: como Dia das M\u00e3es e Dia dos Pais, por exemplo.\u00a0<\/span><\/p>\n<p><span style=\"font-weight: 400;\">Mas, ultimamente, estamos focando tamb\u00e9m em outras perspectivas. <\/span><i><span style=\"font-weight: 400;\">\u201cPara isso, estamos trazendo ativa\u00e7\u00f5es que falem de inclus\u00e3o e diversidade, para que assim possamos sempre trazer informa\u00e7\u00f5es relevantes para o time\u201d,<\/span><\/i><span style=\"font-weight: 400;\"> conta Ana.<\/span><\/p>\n<p><span style=\"font-weight: 400;\">Um exemplo disso foi o M\u00eas da Consci\u00eancia Negra.<\/span><\/p>\n<p><span style=\"font-weight: 400;\">Ne<\/span><span style=\"font-weight: 400;\">ste ano, o nosso rec\u00e9m-chegado <\/span><b>Comit\u00ea de Diversidade<\/b><span style=\"font-weight: 400;\"> preparou uma a\u00e7\u00e3o mais que especial: <\/span><b>uma roda de conversa sobre o Dia da Consci\u00eancia Negra (<\/b><a href=\"https:\/\/www12.senado.leg.br\/radio\/1\/noticia\/2022\/11\/01\/dia-da-consciencia-negra-pode-virar-feriado-nacional\"><b>que pode at\u00e9 virar feriado nacional<\/b><\/a><b> em breve)<\/b><span style=\"font-weight: 400;\">. Repleto de trocas, esse momento foi super enriquecedor e trouxe relatos e hist\u00f3rias \u00fanicas sobre diferentes viv\u00eancias.<\/span><\/p>\n<h3><b>Copa do Mundo 2022<\/b><\/h3>\n<p><span style=\"font-weight: 400;\">Para a <\/span><a href=\"https:\/\/projetoslayerup.com.br\/layerup\/marketing-copa-do-mundo\/\"><span style=\"font-weight: 400;\">Copa<\/span><\/a><span style=\"font-weight: 400;\">, os colaboradores tiveram a op\u00e7\u00e3o de entrar mais cedo e sair na hora do jogo do Brasil ou de ter um almo\u00e7o estendido, em dias que os jogos s\u00e3o \u00e0s 13h.<\/span><\/p>\n<p><span style=\"font-weight: 400;\">Isso porque acreditamos que ter profissionais motivados fortalece os times e, consequentemente, toda a nossa cultura organizacional. Al\u00e9m disso, comemorar eventos como a Copa do Mundo ajuda a criar v\u00ednculos, dividir momentos e divertir as pessoas. Melhorando, inclusive, a qualidade de vida dos nossos colaboradores.<\/span><\/p>\n<p><a href=\"https:\/\/projetoslayerup.com.br\/layerup\/vender-mais-em-datas-sazonais\/\"><img loading=\"lazy\" decoding=\"async\" class=\"aligncenter wp-image-51520 size-full\" src=\"https:\/\/projetoslayerup.com.br\/layerup\/wp-content\/uploads\/2022\/11\/02.-BP04_CTA-1-1.png\" alt=\"\" width=\"900\" height=\"350\" srcset=\"https:\/\/projetoslayerup.com.br\/layerup\/wp-content\/uploads\/2022\/11\/02.-BP04_CTA-1-1.png 900w, https:\/\/projetoslayerup.com.br\/layerup\/wp-content\/uploads\/2022\/11\/02.-BP04_CTA-1-1-300x117.png 300w, https:\/\/projetoslayerup.com.br\/layerup\/wp-content\/uploads\/2022\/11\/02.-BP04_CTA-1-1-768x299.png 768w, https:\/\/projetoslayerup.com.br\/layerup\/wp-content\/uploads\/2022\/11\/02.-BP04_CTA-1-1-389x150.png 389w\" sizes=\"auto, (max-width: 900px) 100vw, 900px\" \/><\/a><\/p>\n<p>&nbsp;<\/p>\n","protected":false},"excerpt":{"rendered":"<p>Seja para comemorar anivers\u00e1rios, descansar nos feriados ou at\u00e9 mesmo comemorar os gols do Brasil na Copa, o Time de Cultura &amp; Talentos aqui da Layer, nunca dorme em servi\u00e7o e sempre prepara algo para as datas especiais. Afinal, esse time \u00e9 voltado para cuidar das nossas pessoas.\u00a0 Dessa forma, todas as suas a\u00e7\u00f5es e [&hellip;]<\/p>\n","protected":false},"author":29,"featured_media":51521,"comment_status":"open","ping_status":"closed","sticky":false,"template":"","format":"standard","meta":{"_acf_changed":false,"footnotes":""},"categories":[418],"tags":[498,110,623],"class_list":["post-51519","post","type-post","status-publish","format-standard","has-post-thumbnail","hentry","category-layer-up","tag-layerup","tag-a-agencia","tag-cultura-e-talentos"],"acf":[],"_links":{"self":[{"href":"https:\/\/projetoslayerup.com.br\/layerup\/wp-json\/wp\/v2\/posts\/51519","targetHints":{"allow":["GET"]}}],"collection":[{"href":"https:\/\/projetoslayerup.com.br\/layerup\/wp-json\/wp\/v2\/posts"}],"about":[{"href":"https:\/\/projetoslayerup.com.br\/layerup\/wp-json\/wp\/v2\/types\/post"}],"author":[{"embeddable":true,"href":"https:\/\/projetoslayerup.com.br\/layerup\/wp-json\/wp\/v2\/users\/29"}],"replies":[{"embeddable":true,"href":"https:\/\/projetoslayerup.com.br\/layerup\/wp-json\/wp\/v2\/comments?post=51519"}],"version-history":[{"count":1,"href":"https:\/\/projetoslayerup.com.br\/layerup\/wp-json\/wp\/v2\/posts\/51519\/revisions"}],"predecessor-version":[{"id":51522,"href":"https:\/\/projetoslayerup.com.br\/layerup\/wp-json\/wp\/v2\/posts\/51519\/revisions\/51522"}],"wp:featuredmedia":[{"embeddable":true,"href":"https:\/\/projetoslayerup.com.br\/layerup\/wp-json\/wp\/v2\/media\/51521"}],"wp:attachment":[{"href":"https:\/\/projetoslayerup.com.br\/layerup\/wp-json\/wp\/v2\/media?parent=51519"}],"wp:term":[{"taxonomy":"category","embeddable":true,"href":"https:\/\/projetoslayerup.com.br\/layerup\/wp-json\/wp\/v2\/categories?post=51519"},{"taxonomy":"post_tag","embeddable":true,"href":"https:\/\/projetoslayerup.com.br\/layerup\/wp-json\/wp\/v2\/tags?post=51519"}],"curies":[{"name":"wp","href":"https:\/\/api.w.org\/{rel}","templated":true}]}}