{"id":52591,"date":"2023-12-15T17:30:48","date_gmt":"2023-12-15T20:30:48","guid":{"rendered":"https:\/\/projetoslayerup.com.br\/layerup\/?p=52591"},"modified":"2024-03-20T17:57:42","modified_gmt":"2024-03-20T20:57:42","slug":"retrospectiva-2023-confira-tudo-o-que-a-layer-up-conquistou-este-ano","status":"publish","type":"post","link":"https:\/\/projetoslayerup.com.br\/layerup\/retrospectiva-2023-confira-tudo-o-que-a-layer-up-conquistou-este-ano\/","title":{"rendered":"Retrospectiva 2023: confira tudo o que a Layer Up conquistou este ano"},"content":{"rendered":"<p><span style=\"font-weight: 400;\">Estamos na reta final de 2023 e n\u00e3o poder\u00edamos estar mais felizes e honrados pelas transforma\u00e7\u00f5es pelas quais passamos este ano.\u00a0<\/span><span style=\"font-weight: 400;\">Em meio h\u00e1 tantas conquistas, nada mais justo do que fazer uma <strong>retrospectiva 2023<\/strong>, apresentando tudo o que aconteceu esse ano e revisitando momentos marcantes que impactaram positivamente nosso ecossistema digital.<\/span><\/p>\n<p><span style=\"font-weight: 400;\">Podemos adiantar que crescemos de maneira constante, <strong>transformamos in\u00fameros neg\u00f3cios<\/strong> e, claro, estamos preparados para 2024.<\/span><\/p>\n<p><span style=\"font-weight: 400;\">Mas tamb\u00e9m foram muitos eventos, pr\u00eamios, webinars, lives, m\u00faltiplos conte\u00fados, reuni\u00f5es, alinhamentos e mais reuni\u00f5es, al\u00e9m de muitos <\/span><i><span style=\"font-weight: 400;\">jobs<\/span><\/i><span style=\"font-weight: 400;\"> que se tornaram verdadeiros <strong><a href=\"https:\/\/projetoslayerup.com.br\/layerup\/como-a-layer-up-constroi-tantos-cases-de-sucesso\/\" target=\"_blank\" rel=\"noopener\">cases de sucesso<\/a><\/strong>.<\/span><\/p>\n<p><span style=\"font-weight: 400;\">Voc\u00ea n\u00e3o vai perder esse verdadeiro t\u00fanel do tempo da Layer Up, n\u00e3o \u00e9 mesmo? Ent\u00e3o, embarque com a gente!<\/span><\/p>\n<p>&nbsp;<\/p>\n<h2><b>Antes da retrospectiva 2023, vamos voltar ao passado<\/b><\/h2>\n<p><span style=\"font-weight: 400;\">Antes de mais nada, vamos fazer um mergulho na hist\u00f3ria da Layer Up.<\/span><\/p>\n<p><span style=\"font-weight: 400;\">Nossa hist\u00f3ria come\u00e7ou l\u00e1 em <strong>2014<\/strong> com Samira Cardoso e Let\u00edcia Previatti, ambas profissionais com mais de 15 anos de experi\u00eancia no mercado digital na \u00e9poca.<\/span><\/p>\n<p><span style=\"font-weight: 400;\">Desde o in\u00edcio, o objetivo do nosso ecossistema digital sempre foi <strong>auxiliar o crescimento das empresas dos mais diversos segmentos<\/strong>, trazendo mais autonomia digital para elas e possibilitando o alcance de resultados realmente relevantes.<\/span><\/p>\n<p><span style=\"font-weight: 400;\">Ao longo desses quase 10 anos de trajet\u00f3ria, conquistamos <strong>in\u00fameros pr\u00eamios<\/strong> e desenvolvemos grandes metodologias. Em 2018, por exemplo, nos tornamos pioneiros no Brasil com a aplica\u00e7\u00e3o do <strong>Funil de Vendas em Y<\/strong>, estrat\u00e9gia que busca unir o inbound marketing e o outbound 2.0 (vendas) sob os mesmos prop\u00f3sitos e metas.<\/span><\/p>\n<p><span style=\"font-weight: 400;\">Entre os pr\u00eamios que conquistamos de 2014 at\u00e9 hoje, est\u00e3o:<\/span><\/p>\n<p><strong>Pr\u00eamios RD Station (Ag\u00eancia de Resultados e Limitless)<\/strong><\/p>\n<ul>\n<li><span style=\"font-weight: 400;\">1\u00ba Lugar &#8211; Melhor Case de Marketing e Vendas, 2019<\/span><\/li>\n<li><span style=\"font-weight: 400;\">1\u00ba Lugar &#8211; Melhor em RD Station Marketing, 2020<\/span><\/li>\n<li><span style=\"font-weight: 400;\">2\u00ba Lugar &#8211; Ag\u00eancia do Ano, 2020<\/span><\/li>\n<li><span style=\"font-weight: 400;\">2\u00ba Lugar &#8211; Maratonista do Conhecimento, 2020<\/span><\/li>\n<li><span style=\"font-weight: 400;\">1\u00ba Lugar &#8211; Ag\u00eancia do Ano, 2021<\/span><\/li>\n<li><span style=\"font-weight: 400;\">2\u00ba Lugar &#8211; Maratonista do Conhecimento, 2021<\/span><\/li>\n<li><span style=\"font-weight: 400;\">3\u00ba Lugar &#8211; Melhor Case de Marketing e Vendas, 2021<\/span><\/li>\n<li><span style=\"font-weight: 400;\">3\u00ba Lugar &#8211; Espada Ninja, 2021<\/span><\/li>\n<li><span style=\"font-weight: 400;\">TOP 5 finalista &#8211; Melhor Case de Marketing e Vendas, 2022<\/span><\/li>\n<li><span style=\"font-weight: 400;\">1\u00ba Lugar &#8211; Espada Ninja, 2022<\/span><\/li>\n<li><span style=\"font-weight: 400;\">3\u00ba Lugar &#8211; Especialista em sucesso do Cliente, 2023<\/span><\/li>\n<\/ul>\n<p><strong>Outros pr\u00eamios<\/strong><\/p>\n<ul>\n<li><span style=\"font-weight: 400;\">Gest\u00e3o de Projetos: Soft Skills &#8211; Pr\u00eamio Mestre GP, 2019<\/span><\/li>\n<li><span style=\"font-weight: 400;\">Gest\u00e3o de Projetos &#8211; Pr\u00eamio ABRADi Profissional Digital, 2019<\/span><\/li>\n<li><span style=\"font-weight: 400;\">Cria\u00e7\u00e3o &#8211; Pr\u00eamio ABRADi Profissional Digital, 2020<\/span><\/li>\n<\/ul>\n<p><span style=\"font-weight: 400;\">Claro que em 2023 as conquistas n\u00e3o pararam. Assim como nos outros anos, elas continuaram acontecendo e, mais uma vez, <strong>revolucionaram nosso ecossistema digital<\/strong> e impactaram muito positivamente nossos parceiros. Vem entender melhor!<\/span><\/p>\n<p>&nbsp;<\/p>\n<h2><b>Veja quais momentos marcaram nossa retrospectiva 2023<\/b><\/h2>\n<h3><b>Start 2023<\/b><\/h3>\n<p><span style=\"font-weight: 400;\">O primeiro momento marcante do nosso ano foi o Start 2023, evento no qual reunimos nossos layers \u2014 apelido carinhoso como chamamos nossos colaboradores \u2014 e <strong>apresentamos as metas do ano<\/strong>, com direito a discursos dos l\u00edderes e gestores.<\/span><\/p>\n<p><span style=\"font-weight: 400;\">Esse encontro \u00e9 determinante para dar aquele g\u00e1s inicial no come\u00e7o do ano e, claro, apresentar a ag\u00eancia para os colaboradores rec\u00e9m-chegados.<\/span><\/p>\n<p>&nbsp;<\/p>\n<h3><b>Great Place to Work pelo terceiro ano consecutivo\u00a0<\/b><\/h3>\n<p><span style=\"font-weight: 400;\">Pouco ap\u00f3s o Start, conquistamos pelo terceiro ano consecutivo o selo Great Place to Work, considerado um dos certificados mais importantes quando o assunto \u00e9 <strong>gest\u00e3o de pessoas<\/strong>.<\/span><\/p>\n<p><span style=\"font-weight: 400;\">Essa conquista \u00e9 fruto da nossa cultura e gest\u00e3o flex\u00edvel, que n\u00e3o se limita a escopos engessados e \u00e9 capaz de se adequar com facilidade \u00e0s necessidades dos nossos parceiros e colaboradores.\u00a0<\/span><\/p>\n<p><span style=\"font-weight: 400;\">Desta forma, criamos um <strong>ambiente profissional mais colaborativo<\/strong>, seja presencial ou em home office.<\/span><\/p>\n<p><span style=\"font-weight: 400;\">Ser\u00e1 que nesse ano vem o 4\u00aa Great Place to Work? Estamos ansiosos para descobrir.<\/span><\/p>\n<p>&nbsp;<\/p>\n<h3><b>9 anos da Layer Up<\/b><\/h3>\n<p><span style=\"font-weight: 400;\">Em seguida, chegou o momento de comemorar os <strong>9 anos de opera\u00e7\u00e3o<\/strong>. <\/span><span style=\"font-weight: 400;\">A comemora\u00e7\u00e3o rendeu momentos emocionantes, discursos e v\u00e1rios brindes e sorteios.\u00a0<\/span><\/p>\n<p><span style=\"font-weight: 400;\">Quem participou sabe a emo\u00e7\u00e3o que foi poder acompanhar de pertinho essa <strong>marca hist\u00f3rica da Layer Up<\/strong>. Mal podemos esperar para completar 10 anos de ag\u00eancia.<\/span><\/p>\n<p>&nbsp;<\/p>\n<h3><b>Decision Day\u00a0<\/b><\/h3>\n<p><span style=\"font-weight: 400;\">Este ano tamb\u00e9m realizamos o Decision Day, com o prop\u00f3sito de ser <strong>um dia totalmente dedicado ao mundo dos dados<\/strong>.\u00a0<\/span><\/p>\n<p><span style=\"font-weight: 400;\">Nele, convidados novos especialistas para apresentar a cultura data driven, desde os passos iniciais aos mais avan\u00e7ados.<\/span><\/p>\n<p><span style=\"font-weight: 400;\">Os assuntos variam entre Transforma\u00e7\u00e3o Digital, Data-Driven Leadership, pesquisa de mercado para gerar insights, dados no futuro do marketing e muito mais!<\/span><\/p>\n<p><span style=\"font-weight: 400;\">Isso tudo est\u00e1 dispon\u00edvel no hub de conte\u00fado do Data Driven Decision. L\u00e1 voc\u00ea encontra:<\/span><\/p>\n<ul>\n<li style=\"font-weight: 400;\" aria-level=\"1\"><span style=\"font-weight: 400;\">Mais de 90h de conte\u00fados, entre palestras, entrevistas, pain\u00e9is, cursos, reviews de ferramentas e materiais complementares;<\/span><\/li>\n<li style=\"font-weight: 400;\" aria-level=\"1\"><span style=\"font-weight: 400;\">6 trilhas de conte\u00fado com 10 perfis diferentes;<\/span><\/li>\n<li style=\"font-weight: 400;\" aria-level=\"1\"><span style=\"font-weight: 400;\">Dezenas de empresas e palestrantes envolvidos;<\/span><\/li>\n<li style=\"font-weight: 400;\" aria-level=\"1\"><span style=\"font-weight: 400;\">N\u00edveis de aprendizado que v\u00e3o desde o iniciante at\u00e9 o C-Suite.<\/span><\/li>\n<\/ul>\n<p><span style=\"font-weight: 400;\">O melhor de tudo \u00e9 que voc\u00ea pode conferir todos os conte\u00fados quantas vezes desejar, basta clicar no banner abaixo.<\/span><\/p>\n<p><a href=\"https:\/\/datadrivendecision.com.br\/\" target=\"_blank\" rel=\"noopener\"><img loading=\"lazy\" decoding=\"async\" class=\"aligncenter wp-image-50653 size-full\" src=\"https:\/\/projetoslayerup.com.br\/layerup\/wp-content\/uploads\/2022\/06\/04.-DDD-CTA_BLOGPOST.png\" alt=\"coleta de dados\" width=\"900\" height=\"350\" srcset=\"https:\/\/projetoslayerup.com.br\/layerup\/wp-content\/uploads\/2022\/06\/04.-DDD-CTA_BLOGPOST.png 900w, https:\/\/projetoslayerup.com.br\/layerup\/wp-content\/uploads\/2022\/06\/04.-DDD-CTA_BLOGPOST-300x117.png 300w, https:\/\/projetoslayerup.com.br\/layerup\/wp-content\/uploads\/2022\/06\/04.-DDD-CTA_BLOGPOST-768x299.png 768w, https:\/\/projetoslayerup.com.br\/layerup\/wp-content\/uploads\/2022\/06\/04.-DDD-CTA_BLOGPOST-389x150.png 389w\" sizes=\"auto, (max-width: 900px) 100vw, 900px\" \/><\/a><\/p>\n<p>&nbsp;<\/p>\n<h3><b>RD Summit 2023<\/b><\/h3>\n<p><span style=\"font-weight: 400;\">Pelo 5\u00ba ano consecutivo fomos <strong>patrocinadores do RD Summit<\/strong>, um encontro anual com empresas e especialistas das \u00e1reas de marketing, vendas e inova\u00e7\u00e3o, criado em 2013 pela RD Station.<\/span><\/p>\n<p><span style=\"font-weight: 400;\">A programa\u00e7\u00e3o conta com uma estrutura gigante: palestrantes internacionais, empresas de todo o Brasil que fazem parte do ecossistema de ag\u00eancias parceiras da RD Station, diferentes palcos e atra\u00e7\u00f5es que trazem o que h\u00e1 de melhor e mais recente nesse universo.<\/span><\/p>\n<p><span style=\"font-weight: 400;\">Este ano <strong>levamos nossos resultados e cases de sucesso para as ruas do RD Summit<\/strong>. Ao longo de 3 dias de evento, mais de 2 mil pessoas passaram pelo nosso estande, seja para trocar uma ideia com nosso time, conhecer nossos servi\u00e7os ou para garantir nossos brindes maravilhosos \u2014 que conquistaram muita gente por l\u00e1, viu?<\/span><\/p>\n<p><span style=\"font-weight: 400;\">Ao todo, mais de 25 profissionais de diferentes equipes estiveram presentes no RD Summit com a Layer. Sem d\u00favida, foram dias intensos e inesquec\u00edveis para o nosso time!<\/span><\/p>\n<p>&nbsp;<\/p>\n<h3><b>Samira Cardoso na Plen\u00e1ria do Rd Summit\u00a0<\/b><\/h3>\n<p><span style=\"font-weight: 400;\">Por fim, com certeza um dos momentos mais marcantes da nossa retrospectiva 2023 foi a nossa CEO, Samira Cardoso, subindo na Plen\u00e1ria do RD Summit, o palco principal do evento, gr\u00e1vida de oito meses.<\/span><\/p>\n<p><span style=\"font-weight: 400;\">Afinal, a palestra com o tema \u201c<strong>Os maiores erros dos CMOs e as principais estrat\u00e9gias para 2024<\/strong>\u201d rendeu <\/span><i><span style=\"font-weight: 400;\">insights<\/span><\/i><span style=\"font-weight: 400;\"> incr\u00edveis e, n\u00e3o \u00e0 toa, lotou a Plen\u00e1ria.<\/span><\/p>\n<p><span style=\"font-weight: 400;\">Al\u00e9m dos erros mais comuns que profissionais do mercado de marketing cometem, Samira destacou <strong>estrat\u00e9gias e tend\u00eancias que merecem aten\u00e7\u00e3o<\/strong> para o pr\u00f3ximo ano, com base em pesquisas atuais sobre o mercado digital.<\/span><\/p>\n<p><span style=\"font-weight: 400;\">Assim, se voc\u00ea quer descobrir quais s\u00e3o os canais mais utilizados pelos usu\u00e1rios, o que eles buscam em cada rede, quais formatos de conte\u00fado geram mais engajamento e muito mais, basta <\/span><strong><a href=\"https:\/\/inboundmarketing.layerup.com.br\/lp-apresentacao-sami\" target=\"_blank\" rel=\"noopener\">clicar aqui<\/a><\/strong><span style=\"font-weight: 400;\"> e baixar a apresenta\u00e7\u00e3o completa.<\/span><\/p>\n<p>&nbsp;<\/p>\n<h2><b>Ainda tem mais\u2026<\/b><\/h2>\n<p><span style=\"font-weight: 400;\">Al\u00e9m disso, esse ano apresentamos in\u00fameros conte\u00fados em nossos canais digitais, atingimos a marca de 52 lives em <\/span><strong><a href=\"https:\/\/www.youtube.com\/@LayerUpSaoPaulo\" target=\"_blank\" rel=\"noopener\">nosso canal no YouTube<\/a><\/strong><span style=\"font-weight: 400;\">, lan\u00e7amos a segunda temporada do <\/span><strong><a href=\"https:\/\/www.youtube.com\/playlist?list=PLxjA0cc0_8Hm0i6eICgNHBYlpuBsnFVNI\" target=\"_blank\" rel=\"noopener\">Layer Talks<\/a><\/strong><span style=\"font-weight: 400;\">, nosso podcast e, claro, auxiliamos o <\/span><strong><a href=\"https:\/\/projetoslayerup.com.br\/layerup\/cases\/\" target=\"_blank\" rel=\"noopener\">crescimento de in\u00fameros parceiros<\/a><\/strong><span style=\"font-weight: 400;\">.<\/span><\/p>\n<p><span style=\"font-weight: 400;\">E, obviamente, ainda tem muito mais por vir. J\u00e1 estamos cheios de ideias, estrat\u00e9gias e novas metodologias para o pr\u00f3ximo ano e voc\u00ea pode nos acompanhar, seja por meio de nossas redes sociais ou como nosso <\/span><a href=\"https:\/\/projetoslayerup.com.br\/layerup\/\" target=\"_blank\" rel=\"noopener\"><span style=\"font-weight: 400;\"><strong>nosso parceiro<\/strong><\/span><\/a><span style=\"font-weight: 400;\">.<\/span><\/p>\n<p><span style=\"font-weight: 400;\">Comece 2024 preparado para gerar <strong>grandes resultados<\/strong> com a Layer Up.<\/span><\/p>\n<p><a href=\"https:\/\/projetoslayerup.com.br\/layerup\/layer-up-no-rd-summit-2023-o-que-esperar\/\" target=\"_blank\" rel=\"noopener\"><img loading=\"lazy\" decoding=\"async\" class=\"alignnone size-full wp-image-52592\" src=\"https:\/\/projetoslayerup.com.br\/layerup\/wp-content\/uploads\/2023\/12\/CTA_03.png\" alt=\"Relembre a participa\u00e7\u00e3o da Layer Up no RD Summit, na retrospectiva 2023 da nossa ag\u00eancia\" width=\"900\" height=\"309\" srcset=\"https:\/\/projetoslayerup.com.br\/layerup\/wp-content\/uploads\/2023\/12\/CTA_03.png 900w, https:\/\/projetoslayerup.com.br\/layerup\/wp-content\/uploads\/2023\/12\/CTA_03-300x103.png 300w, https:\/\/projetoslayerup.com.br\/layerup\/wp-content\/uploads\/2023\/12\/CTA_03-768x264.png 768w\" sizes=\"auto, (max-width: 900px) 100vw, 900px\" \/><\/a><\/p>\n","protected":false},"excerpt":{"rendered":"<p>Estamos na reta final de 2023 e n\u00e3o poder\u00edamos estar mais felizes e honrados pelas transforma\u00e7\u00f5es pelas quais passamos este ano.\u00a0Em meio h\u00e1 tantas conquistas, nada mais justo do que fazer uma retrospectiva 2023, apresentando tudo o que aconteceu esse ano e revisitando momentos marcantes que impactaram positivamente nosso ecossistema digital. Podemos adiantar que crescemos [&hellip;]<\/p>\n","protected":false},"author":24,"featured_media":52593,"comment_status":"open","ping_status":"closed","sticky":false,"template":"","format":"standard","meta":{"_acf_changed":false,"footnotes":""},"categories":[418,48,22],"tags":[498,37,628,901],"class_list":["post-52591","post","type-post","status-publish","format-standard","has-post-thumbnail","hentry","category-layer-up","category-a-layer-up","category-marketing-digital","tag-layerup","tag-layer-up","tag-retrospectiva","tag-retrospectiva2023"],"acf":[],"_links":{"self":[{"href":"https:\/\/projetoslayerup.com.br\/layerup\/wp-json\/wp\/v2\/posts\/52591","targetHints":{"allow":["GET"]}}],"collection":[{"href":"https:\/\/projetoslayerup.com.br\/layerup\/wp-json\/wp\/v2\/posts"}],"about":[{"href":"https:\/\/projetoslayerup.com.br\/layerup\/wp-json\/wp\/v2\/types\/post"}],"author":[{"embeddable":true,"href":"https:\/\/projetoslayerup.com.br\/layerup\/wp-json\/wp\/v2\/users\/24"}],"replies":[{"embeddable":true,"href":"https:\/\/projetoslayerup.com.br\/layerup\/wp-json\/wp\/v2\/comments?post=52591"}],"version-history":[{"count":1,"href":"https:\/\/projetoslayerup.com.br\/layerup\/wp-json\/wp\/v2\/posts\/52591\/revisions"}],"predecessor-version":[{"id":52594,"href":"https:\/\/projetoslayerup.com.br\/layerup\/wp-json\/wp\/v2\/posts\/52591\/revisions\/52594"}],"wp:featuredmedia":[{"embeddable":true,"href":"https:\/\/projetoslayerup.com.br\/layerup\/wp-json\/wp\/v2\/media\/52593"}],"wp:attachment":[{"href":"https:\/\/projetoslayerup.com.br\/layerup\/wp-json\/wp\/v2\/media?parent=52591"}],"wp:term":[{"taxonomy":"category","embeddable":true,"href":"https:\/\/projetoslayerup.com.br\/layerup\/wp-json\/wp\/v2\/categories?post=52591"},{"taxonomy":"post_tag","embeddable":true,"href":"https:\/\/projetoslayerup.com.br\/layerup\/wp-json\/wp\/v2\/tags?post=52591"}],"curies":[{"name":"wp","href":"https:\/\/api.w.org\/{rel}","templated":true}]}}