{"id":5265,"date":"2023-06-22T18:43:50","date_gmt":"2023-06-22T21:43:50","guid":{"rendered":"http:\/\/blog-funil-em-y.local\/?p=5265"},"modified":"2024-02-06T10:24:34","modified_gmt":"2024-02-06T13:24:34","slug":"data-centric-como-colocar-em-pratica-uma-arquitetura-centrada-em-dados","status":"publish","type":"post","link":"https:\/\/projetoslayerup.com.br\/layerup\/data-centric-como-colocar-em-pratica-uma-arquitetura-centrada-em-dados\/","title":{"rendered":"Data-centric: como colocar em pr\u00e1tica uma arquitetura centrada em dados?"},"content":{"rendered":"<p><span style=\"font-weight: 400;\">O <\/span><b>data-centric<\/b><span style=\"font-weight: 400;\"> se tornou uma cultura da atualidade que, se algu\u00e9m ainda n\u00e3o aderiu, <\/span><b>ter\u00e1 que repensar o futuro do seu neg\u00f3cio<\/b><span style=\"font-weight: 400;\">. Isso porque o mercado est\u00e1 intoler\u00e1vel a achismos e tentativas de inova\u00e7\u00e3o, vendas e afins sem que haja um embasamento para isso.<\/span><\/p>\n<p><span style=\"font-weight: 400;\">Nesse cen\u00e1rio, a <\/span><a href=\"https:\/\/projetoslayerup.com.br\/layerup\/business-intelligence-saiba-como-funciona-e-como-usar-na-tomada-de-decisao\/\"><b>previsibilidade<\/b><\/a> <span style=\"font-weight: 400;\">se tornou um recurso obrigat\u00f3rio nas empresas, podendo at\u00e9 mesmo ser considerado vital. Hoje, \u00e9 preciso considerar a<\/span><b> arquitetura centrada em dados <\/b><span style=\"font-weight: 400;\">como uma realidade atual dentro das organiza\u00e7\u00f5es.<\/span><\/p>\n<p><span style=\"font-weight: 400;\">Ent\u00e3o, caso voc\u00ea ainda tenha d\u00favidas sobre o que \u00e9 uma estrutura <\/span><b>centralizada em dados<\/b><span style=\"font-weight: 400;\">, quais os ben\u00e9ficos e como aplic\u00e1-la, continue por aqui que vamos te explicar tudo sobre o tema!<\/span><\/p>\n<h2><b>Afinal, o que data-centric e arquitetura centralizada em dados t\u00eam em comum?\u00a0<\/b><\/h2>\n<p><span style=\"font-weight: 400;\">Explicando de uma forma mais direta, ambos representam a mesma coisa. Ou seja, tanto o<\/span><b> data-centric<\/b><span style=\"font-weight: 400;\"> quanto a <\/span><b>arquitetura centralizada em dados<\/b><span style=\"font-weight: 400;\"> retratam um neg\u00f3cio estruturado sob os dados.<\/span><\/p>\n<p><span style=\"font-weight: 400;\">Ent\u00e3o, quando nos referirmos a eles neste conte\u00fado, interprete como uma extens\u00e3o, e n\u00e3o algo distinto.<\/span><\/p>\n<p><span style=\"font-weight: 400;\">\u00c9 importante lembrar que, \u00e0s vezes, o que parece \u00f3bvio para alguns, pode se tornar mais uma d\u00favida em meio a imensid\u00e3o de novidades que t\u00eam surgido durante essa d\u00e9cada. A <\/span><b>inova\u00e7\u00e3o digital<\/b><span style=\"font-weight: 400;\"> n\u00e3o para, e pode ficar dif\u00edcil acompanh\u00e1-la.<\/span><\/p>\n<p><span style=\"font-weight: 400;\">Mas al\u00e9m de ficar por dentro dessas novas tend\u00eancias, tamb\u00e9m \u00e9 importante parar para refletir sobre isso\u2026<\/span><\/p>\n<h3><b>Momento de refletir<\/b><\/h3>\n<p><span style=\"font-weight: 400;\">At\u00e9 tr\u00eas anos atr\u00e1s era aceit\u00e1vel n\u00e3o ter a sua marca no meio digital. Hoje, isso j\u00e1 \u00e9 s\u00edmbolo de decad\u00eancia e esquecimento \u2014 \u201ct\u00e1, mas onde voc\u00ea quer chegar?\u201d.\u00a0<\/span><\/p>\n<p><span style=\"font-weight: 400;\">A quest\u00e3o \u00e9: assim como aceitamos diversas mudan\u00e7as atreladas ao universo tecnol\u00f3gico, por que n\u00e3o aderir aquilo que nos acompanha h\u00e1 s\u00e9culos? Sim, os dados n\u00e3o s\u00e3o algo atual, eles j\u00e1 nos acompanham h\u00e1 um bom tempo.<\/span><\/p>\n<p><span style=\"font-weight: 400;\">E, hoje, gra\u00e7as \u00e0 tecnologia, <\/span><b>tudo \u00e9 mensur\u00e1vel<\/b><span style=\"font-weight: 400;\">.\u00a0<\/span><\/p>\n<h3><b>A emerg\u00eancia de uma cultura data-centric<\/b><\/h3>\n<p><span style=\"font-weight: 400;\">Se o seu sucesso pode estar a apenas um clique das m\u00e3os, porque deix\u00e1-lo ir embora? Estou trazendo muitas quest\u00f5es, n\u00e9? Tudo isso \u00e9 para que voc\u00ea compreenda a necessidade emergencial de aderir uma cultura <\/span><b>data-centric<\/b><span style=\"font-weight: 400;\">.\u00a0<\/span><\/p>\n<p><span style=\"font-weight: 400;\">E esse termo nada mais \u00e9 do que colocar os dados como centro de todo processo interno da empresa e, a partir dele, gerar demandas, inova\u00e7\u00e3o, buscar por recursos e alcan\u00e7ar clientes. N\u00e3o de maneira convencional, naquele famoso \u201cser\u00e1 que vai dar certo?\u201d, mas com <\/span><b>previsibilidade<\/b><span style=\"font-weight: 400;\">, direto n\u00e3o somente ao potencial <\/span><i><span style=\"font-weight: 400;\">lead<\/span><\/i><span style=\"font-weight: 400;\">, mas tamb\u00e9m ao que nomeamos de ideal.<\/span><\/p>\n<p><span style=\"font-weight: 400;\">Isso se estende desde a produ\u00e7\u00e3o, time comercial, processos automatizados (softwares, aplicativos, <\/span><a href=\"https:\/\/projetoslayerup.com.br\/layerup\/potencializar-vendas-crm\/\"><span style=\"font-weight: 400;\">CRM<\/span><\/a><span style=\"font-weight: 400;\">, etc.), at\u00e9 a equipe de T.I, por exemplo. Tudo para emergir de fato na cultura dos dados e alcan\u00e7ar a<\/span><b> intelig\u00eancia de neg\u00f3cio e vantagem competitiva<\/b><span style=\"font-weight: 400;\">.\u00a0<\/span><\/p>\n<h2><b>Mas quais os benef\u00edcios e pilares de uma cultura data-centric?<\/b><\/h2>\n<p><span style=\"font-weight: 400;\">Quando citamos o <\/span><b>data-centric<\/b><span style=\"font-weight: 400;\">, tamb\u00e9m estamos falando de um processo mais <\/span><b>confi\u00e1vel e consistente<\/b><span style=\"font-weight: 400;\">.\u00a0<\/span><\/p>\n<p><span style=\"font-weight: 400;\">Isso porque utiliz\u00e1-lo de maneira efetiva evitar\u00e1 qualquer poss\u00edvel cen\u00e1rio ca\u00f3tico, como perda de informa\u00e7\u00e3o por algum corrompimento do servidor ou vazamento de dados durante a migra\u00e7\u00e3o de informa\u00e7\u00f5es para outro software.<\/span><\/p>\n<p><span style=\"font-weight: 400;\">Em outras palavras, na <\/span><a href=\"https:\/\/projetoslayerup.com.br\/layerup\/cultura-data-driven\/\"><b>cultura data driven<\/b><\/a><span style=\"font-weight: 400;\">, todos os dados estariam disponibilizados e enraizados na estrutura da empresa, sem que abrisse margem para vulnerabilidade, perda ou viola\u00e7\u00e3o de informa\u00e7\u00e3o.<\/span><\/p>\n<p><span style=\"font-weight: 400;\">Interessante, n\u00e9? Confira tamb\u00e9m outros benef\u00edcios e os pilares do <\/span><b>data-centric<\/b><span style=\"font-weight: 400;\">:\u00a0<\/span><\/p>\n<h3><b>Acessibilidade<\/b><\/h3>\n<p><span style=\"font-weight: 400;\">Quando falamos sobre <\/span><b>seguran\u00e7a<\/b><span style=\"font-weight: 400;\">, n\u00e3o estamos apenas pontuando a confiabilidade, como citamos anteriormente, mas tamb\u00e9m a informa\u00e7\u00e3o consistente e <\/span><b>dispon\u00edvel a todo e qualquer momento<\/b><span style=\"font-weight: 400;\">.<\/span><\/p>\n<p><span style=\"font-weight: 400;\">Isso porque existe uma <\/span><b>padroniza\u00e7\u00e3o do processo<\/b><span style=\"font-weight: 400;\"> que integra os dados a todos os softwares e aplicativos utilizados na empresa: sendo a arquitetura completa dos dados ou, como tamb\u00e9m nomeamos, a <\/span><b>arquitetura de dados cont\u00ednua<\/b><span style=\"font-weight: 400;\"> \u2014 quase como uma analogia para atrelar os dados como o pilar de uma empresa.<\/span><\/p>\n<h3><b>Prote\u00e7\u00e3o de dados\u00a0<\/b><\/h3>\n<p><span style=\"font-weight: 400;\">Para que tudo flua de maneira adequada, se faz necess\u00e1rio que todos da equipe tenham acesso aos dados, mas, claro, em n\u00edveis diferentes de permiss\u00f5es.\u00a0<\/span><\/p>\n<p><span style=\"font-weight: 400;\">Ou seja, quando o processo est\u00e1 bem estruturado na arquitetura dos dados, a distribui\u00e7\u00e3o de informa\u00e7\u00e3o se torna <\/span><b>segura, organizada e control\u00e1vel<\/b><span style=\"font-weight: 400;\">.<\/span><\/p>\n<p><span style=\"font-weight: 400;\">Neste caso, o pr\u00f3prio sistema inteligente pode compreender os arquivos considerados confidenciais e utilizar\u00e1 de meios para as devidas prote\u00e7\u00f5es.<\/span><\/p>\n<h3><b>Seguran\u00e7a<\/b><\/h3>\n<p><span style=\"font-weight: 400;\">Quando tudo est\u00e1 integrado e organizado, os dados podem se tornar aliados do seu neg\u00f3cio. Isso porque essa estrutura proporciona um<\/span><b> olhar amplo em rela\u00e7\u00e3o a todas as movimenta\u00e7\u00f5es da empresa<\/b><span style=\"font-weight: 400;\"> e, consequentemente, auxilia na preven\u00e7\u00e3o de poss\u00edveis desafios cibern\u00e9ticos, fortalecendo as <\/span><b>barreiras de seguran\u00e7a<\/b><span style=\"font-weight: 400;\">.<\/span><\/p>\n<p><span style=\"font-weight: 400;\">E, claro, por mais que ocorram algumas tentativas de invas\u00f5es ou roubo dos dados, a estrutura se manter\u00e1. E mesmo que alguma m\u00e1quina seja danificada, voc\u00ea ter\u00e1 outros recursos para recuper\u00e1-los, <\/span><b>porque estar\u00e1 integrado em diversos softwares<\/b><span style=\"font-weight: 400;\">.<\/span><\/p>\n<h3><b>Praticidade<\/b><\/h3>\n<p><span style=\"font-weight: 400;\">Quando uma empresa \u00e9 integrada e estruturada na arquitetura dos dados, <\/span><b>ela garante um acesso f\u00e1cil e \u00e1gil<\/b><span style=\"font-weight: 400;\"> a toda e qualquer informa\u00e7\u00e3o contida em seu banco de informa\u00e7\u00f5es. Isso acontece porque seus alicerces contam com uma vasta op\u00e7\u00e3o de mecanismos, softwares, servidores e m\u00e1quinas para isso, permitindo o acesso de qualquer lugar e a qualquer hora.<\/span><\/p>\n<h3><b>Processo democr\u00e1tico<\/b><\/h3>\n<p><span style=\"font-weight: 400;\">Assim como citamos anteriormente, para que os dados auxiliem nas estrat\u00e9gias de marketing e vendas, o<\/span><b> processo deve estar integrado e acess\u00edvel a todos<\/b><span style=\"font-weight: 400;\">, desde que possua as devidas restri\u00e7\u00f5es e n\u00edveis de acessos.\u00a0<\/span><\/p>\n<p><span style=\"font-weight: 400;\">A fun\u00e7\u00e3o desse <\/span><b>acesso democr\u00e1tico<\/b><span style=\"font-weight: 400;\"> nada mais \u00e9 que alinhar a vis\u00e3o da equipe comercial ou de marketing em um s\u00f3 caminho. A integra\u00e7\u00e3o n\u00e3o \u00e9 direcionada apenas \u00e0s m\u00e1quinas mas tamb\u00e9m, como refor\u00e7amos aqui, na cultura geral da empresa.<\/span><\/p>\n<p><span style=\"font-weight: 400;\">Todos devem compreender, analisar e buscar por resultados e <\/span><a href=\"https:\/\/projetoslayerup.com.br\/layerup\/marketing-e-vendas-performance\/\"><b>performance<\/b><\/a><span style=\"font-weight: 400;\"> de acordo com o que os dados indicam ser o caminho ideal.<\/span><\/p>\n<h2><b>Como colocar em pr\u00e1tica o data-centric?<\/b><\/h2>\n<p><span style=\"font-weight: 400;\">Antes de tudo, \u00e9 necess\u00e1rio compreender que um processo baseado em dados <\/span><b>n\u00e3o surge do dia para a noite<\/b><span style=\"font-weight: 400;\">. \u00c9 importante que ele seja estruturado com base em uma estrat\u00e9gia assertiva e softwares e <\/span><a href=\"https:\/\/projetoslayerup.com.br\/layerup\/ferramentas-e-profissionais-aproveite-o-potencial-dos-dados\/\"><b>profissionais qualificados<\/b><\/a><span style=\"font-weight: 400;\">.<\/span><\/p>\n<p><span style=\"font-weight: 400;\">Outro ponto \u00e9 que a integra\u00e7\u00e3o dos dados pode ser complexa e levar um tempo a mais do que o esperado. Ent\u00e3o, \u00e9 necess\u00e1rio realizar um <\/span><b>treinamento que explique o realinhamento real da cultura<\/b><span style=\"font-weight: 400;\">, at\u00e9 porque isso impactar\u00e1 toda a empresa.<\/span><\/p>\n<h3><b>Mas, calma\u2026<\/b><\/h3>\n<p><span style=\"font-weight: 400;\">Isso n\u00e3o \u00e9 um alerta para assust\u00e1-lo(a), muito menos desmotiv\u00e1-lo(a). Considere apenas como uma explica\u00e7\u00e3o sincera para que voc\u00ea realmente reflita e anote tudo que for necess\u00e1rio no papel e, assim, com consci\u00eancia, <\/span><b>inicie as mudan\u00e7as necess\u00e1rias <\/b><span style=\"font-weight: 400;\">para aderir uma cultura<\/span><b> data-centric<\/b><span style=\"font-weight: 400;\">.\u00a0<\/span><\/p>\n<h2><b>Ent\u00e3o vamos \u00e0s dicas?<\/b><\/h2>\n<p><span style=\"font-weight: 400;\">O universo <\/span><a href=\"https:\/\/projetoslayerup.com.br\/layerup\/as-vantagens-do-business-intelligence-integrado-a-gestao\/\"><b>business intelligence<\/b><\/a><span style=\"font-weight: 400;\"> originou a cultura data-centric, que nada mais \u00e9 do que um processo integrado para funcionar de maneira otimizada e inteligente em que os dados norteiam as melhores performances de <\/span><a href=\"https:\/\/projetoslayerup.com.br\/layerup\/a-relacao-dos-dados-entre-os-times-de-marketing-e-vendas\/\"><b>marketing e vendas<\/b><\/a><span style=\"font-weight: 400;\">. Mas para coloc\u00e1-lo em pr\u00e1tica de uma forma assertiva, \u00e9 preciso seguir alguns passos\u2026<\/span><\/p>\n<h3><b>Reestruture a mentalidade da empresa<\/b><\/h3>\n<p><span style=\"font-weight: 400;\">A reestrutura\u00e7\u00e3o da mentalidade inicia-se na <\/span><b>lideran\u00e7a<\/b><span style=\"font-weight: 400;\">, ou seja, em quem tem o poder e influ\u00eancia na tomada de decis\u00e3o, sejam gestores gerais ou at\u00e9 mesmo da equipe comercial e T.I. Somente a partir desse alinhamento \u00e9 poss\u00edvel propor e desenvolver um ambiente adequado e preparado para essa mudan\u00e7a.\u00a0<\/span><\/p>\n<h3><b>Re\u00fana-se com o time de T.I<\/b><\/h3>\n<p><span style=\"font-weight: 400;\">Em seguida, re\u00fana-se com a equipe de T.I para formular estrat\u00e9gias que ir\u00e3o guiar a reestrutura\u00e7\u00e3o interna da empresa, seja promovendo padr\u00f5es, regras e metodologias que ser\u00e3o seguidas para de fato o seu neg\u00f3cio obter uma cultura <\/span><b>data-centric<\/b><span style=\"font-weight: 400;\">.\u00a0<\/span><\/p>\n<h3><b>Mapeie os dados<\/b><\/h3>\n<p><span style=\"font-weight: 400;\">O momento mais esperado com certeza \u00e9 a hora de mapear e organizar os dados, separ\u00e1-los por pasta, hierarquia, categoria, modelo de arquitetura e mold\u00e1-los <\/span><b>de acordo com a rotina e necessidade da empresa<\/b><span style=\"font-weight: 400;\">.\u00a0<\/span><\/p>\n<h3><b>Acompanhe a transforma\u00e7\u00e3o\u00a0<\/b><\/h3>\n<p><span style=\"font-weight: 400;\">Por fim,<\/span><b> atente-se ao processo<\/b><span style=\"font-weight: 400;\">. Verifique se a equipe est\u00e1 sendo preparada e treinada para as mudan\u00e7as e certifique-se que os dados est\u00e3o sendo integrados corretamente, ou seja, se <\/span><b>tudo o que o seu neg\u00f3cio precisa para viabilizar o processo de marketing e vendas<\/b><span style=\"font-weight: 400;\"> est\u00e1 sendo considerado na hora da organiza\u00e7\u00e3o dos dados.<\/span><\/p>\n<p><span style=\"font-weight: 400;\">Assim, com tudo alinhado e uma vis\u00e3o ampla da estrutura, voc\u00ea consegue analisar se o caminho o qual est\u00e1 percorrendo est\u00e1 funcionando para a sua organiza\u00e7\u00e3o.<\/span><\/p>\n<p><span style=\"font-weight: 400;\">A jornada de migra\u00e7\u00e3o para o universo dos dados n\u00e3o \u00e9 f\u00e1cil, mas, ap\u00f3s conclu\u00edda, a efici\u00eancia nos resultados \u00e9 garantida. <\/span><b>Os dados n\u00e3o mentem e, sem eles, nenhum neg\u00f3cio sobrevive<\/b><span style=\"font-weight: 400;\">.<\/span><\/p>\n<p><img loading=\"lazy\" decoding=\"async\" class=\"alignnone wp-image-5203 size-full\" src=\"http:\/\/blog-funil-em-y.local\/wp-content\/uploads\/2023\/03\/BANNER_BP_FUNIL-7.png\" alt=\"\" width=\"900\" height=\"350\" \/><\/p>\n","protected":false},"excerpt":{"rendered":"<p>O data-centric se tornou uma cultura da atualidade que, se algu\u00e9m ainda n\u00e3o aderiu, ter\u00e1 que repensar o futuro do seu neg\u00f3cio. Isso porque o mercado est\u00e1 intoler\u00e1vel a achismos e tentativas de inova\u00e7\u00e3o, vendas e afins sem que haja um embasamento para isso. Nesse cen\u00e1rio, a previsibilidade se tornou um recurso obrigat\u00f3rio nas empresas, [&hellip;]<\/p>\n","protected":false},"author":1,"featured_media":52671,"comment_status":"open","ping_status":"closed","sticky":false,"template":"","format":"standard","meta":{"_acf_changed":false,"footnotes":""},"categories":[714,143],"tags":[505,885,576],"class_list":["post-5265","post","type-post","status-publish","format-standard","has-post-thumbnail","hentry","category-blog-funil-em-y","category-marketing-e-vendas","tag-dados","tag-culturadedados","tag-datacentric"],"acf":[],"_links":{"self":[{"href":"https:\/\/projetoslayerup.com.br\/layerup\/wp-json\/wp\/v2\/posts\/5265","targetHints":{"allow":["GET"]}}],"collection":[{"href":"https:\/\/projetoslayerup.com.br\/layerup\/wp-json\/wp\/v2\/posts"}],"about":[{"href":"https:\/\/projetoslayerup.com.br\/layerup\/wp-json\/wp\/v2\/types\/post"}],"author":[{"embeddable":true,"href":"https:\/\/projetoslayerup.com.br\/layerup\/wp-json\/wp\/v2\/users\/1"}],"replies":[{"embeddable":true,"href":"https:\/\/projetoslayerup.com.br\/layerup\/wp-json\/wp\/v2\/comments?post=5265"}],"version-history":[{"count":1,"href":"https:\/\/projetoslayerup.com.br\/layerup\/wp-json\/wp\/v2\/posts\/5265\/revisions"}],"predecessor-version":[{"id":52672,"href":"https:\/\/projetoslayerup.com.br\/layerup\/wp-json\/wp\/v2\/posts\/5265\/revisions\/52672"}],"wp:featuredmedia":[{"embeddable":true,"href":"https:\/\/projetoslayerup.com.br\/layerup\/wp-json\/wp\/v2\/media\/52671"}],"wp:attachment":[{"href":"https:\/\/projetoslayerup.com.br\/layerup\/wp-json\/wp\/v2\/media?parent=5265"}],"wp:term":[{"taxonomy":"category","embeddable":true,"href":"https:\/\/projetoslayerup.com.br\/layerup\/wp-json\/wp\/v2\/categories?post=5265"},{"taxonomy":"post_tag","embeddable":true,"href":"https:\/\/projetoslayerup.com.br\/layerup\/wp-json\/wp\/v2\/tags?post=5265"}],"curies":[{"name":"wp","href":"https:\/\/api.w.org\/{rel}","templated":true}]}}