{"id":52659,"date":"2024-01-31T11:35:37","date_gmt":"2024-01-31T14:35:37","guid":{"rendered":"https:\/\/projetoslayerup.com.br\/layerup\/?p=52659"},"modified":"2024-04-01T14:31:14","modified_gmt":"2024-04-01T17:31:14","slug":"o-poder-do-personal-branding-na-era-digital","status":"publish","type":"post","link":"https:\/\/projetoslayerup.com.br\/layerup\/o-poder-do-personal-branding-na-era-digital\/","title":{"rendered":"O poder do personal branding na era digital"},"content":{"rendered":"<p><span style=\"font-weight: 400;\">Na era digital, onde as intera\u00e7\u00f5es acontecem a um clique de dist\u00e2ncia e as redes sociais moldam ideias e opini\u00f5es, o<\/span><b> personal branding <\/b><span style=\"font-weight: 400;\">se destaca como uma ferramenta essencial para quem deseja ganhar espa\u00e7o em um cen\u00e1rio cada vez mais competitivo.\u00a0<\/span><\/p>\n<h2><b>Qual a import\u00e2ncia do personal branding?<\/b><\/h2>\n<p><span style=\"font-weight: 400;\">Criar uma marca pessoal n\u00e3o se trata apenas de criar uma imagem, mas de cultivar uma narrativa aut\u00eantica que converse com o p\u00fablico e ofere\u00e7a algum tipo de conhecimento em troca.<\/span><\/p>\n<p><span style=\"font-weight: 400;\">Nesse sentido, o <a href=\"https:\/\/projetoslayerup.com.br\/layerup\/storytelling-erros-dicas\/\">storytelling<\/a> desempenha um papel fundamental no <\/span><b>personal branding<\/b><span style=\"font-weight: 400;\">. Afinal, cada pessoa possui uma narrativa \u00fanica, uma hist\u00f3ria que define sua jornada, seus desafios e suas vit\u00f3rias.<\/span><\/p>\n<p><span style=\"font-weight: 400;\">Compartilhar essa hist\u00f3ria de maneira cativante n\u00e3o apenas cria uma impress\u00e3o duradoura, mas tamb\u00e9m estabelece uma conex\u00e3o emocional que vai al\u00e9m das fronteiras digitais.<\/span><\/p>\n<p><span style=\"font-weight: 400;\">A constru\u00e7\u00e3o da confian\u00e7a digital \u00e9 outro ponto importante quando o assunto \u00e9 personal branding. Em um ambiente onde as intera\u00e7\u00f5es ocorrem virtualmente, a confian\u00e7a \u00e9 fundamental.<\/span><\/p>\n<p><span style=\"font-weight: 400;\">Uma marca pessoal consistente, confi\u00e1vel e alinhada aos seus valores cria a base para <\/span><b>estabelecer e manter a confian\u00e7a do seu p\u00fablico e <a href=\"https:\/\/projetoslayerup.com.br\/layerup\/guia-aprenda-taticas-de-inovacao-para-conquistar-e-fidelizar-o-publico\/\">fideliz\u00e1-lo<\/a><\/b><span style=\"font-weight: 400;\">.<\/span><\/p>\n<p><span style=\"font-weight: 400;\">Afinal, o personal branding n\u00e3o \u00e9 apenas sobre ser notado; \u00e9 sobre influenciar positivamente.<\/span><\/p>\n<p><span style=\"font-weight: 400;\">Ao compartilhar conhecimento, experi\u00eancias e perspectivas valiosas, os indiv\u00edduos se tornam fontes confi\u00e1veis de informa\u00e7\u00f5es, construindo uma <\/span><b>influ\u00eancia <a href=\"https:\/\/projetoslayerup.com.br\/layerup\/entenda-o-impacto-das-praticas-esg-no-marketing-da-sua-empresa\/\">sustent\u00e1vel<\/a><\/b><span style=\"font-weight: 400;\"> na sua \u00e1rea de atua\u00e7\u00e3o.<\/span><\/p>\n<p><span style=\"font-weight: 400;\">Para explorar mais esse cen\u00e1rio em crescimento, desenvolvemos esse conte\u00fado exclusivo, no qual voc\u00ea vai encontrar dicas pr\u00e1ticas para construir sua marca pessoal de acordo com o que o mercado precisa, mas sem perder a autenticidade. Continue acompanhando a leitura.<\/span><\/p>\n<p>&nbsp;<\/p>\n<h2><b>Como construir um personal branding\u00a0<\/b><\/h2>\n<p><span style=\"font-weight: 400;\">Construir um personal branding eficaz envolve uma <\/span><b>abordagem estrat\u00e9gica e aut\u00eantica<\/b><span style=\"font-weight: 400;\">. A seguir, veja alguns passos fundamentais para criar e fortalecer sua marca pessoal na era digital:<\/span><\/p>\n<h3><b>Autoconhecimento<\/b><\/h3>\n<p><span style=\"font-weight: 400;\">Antes de comunicar sua marca pessoal, \u00e9 fundamental entender quem voc\u00ea \u00e9, suas paix\u00f5es, valores, habilidades e metas. Por isso, f<\/span><span style=\"font-weight: 400;\">a\u00e7a uma reflex\u00e3o honesta sobre sua identidade e o que o torna \u00fanico. Se for preciso, anote tudo para facilitar esse processo.<\/span><\/p>\n<h3><b>Defina seu p\u00fablico-alvo<\/b><\/h3>\n<p><span style=\"font-weight: 400;\">Identifique quem \u00e9 o seu p\u00fablico-alvo. Compreender para quem voc\u00ea est\u00e1 construindo sua marca pessoal ajuda a direcionar suas mensagens de forma mais eficaz.<\/span><\/p>\n<h3><b>Construa uma narrativa cativante<\/b><\/h3>\n<p><span style=\"font-weight: 400;\">Sua hist\u00f3ria \u00e9 o cora\u00e7\u00e3o do seu personal branding. Ent\u00e3o, desenvolva uma narrativa aut\u00eantica que destaque seus sucessos, desafios superados e valores essenciais. Torne-a envolvente, memor\u00e1vel e \u00fanica.<\/span><\/p>\n<h3><b>Escolha plataformas adequadas<\/b><\/h3>\n<p><span style=\"font-weight: 400;\">Selecione as plataformas digitais que melhor se alinham aos seus objetivos e ao seu p\u00fablico. Isso pode incluir redes sociais, blogs, LinkedIn e outras plataformas relevantes para sua \u00e1rea de atua\u00e7\u00e3o.<\/span><\/p>\n<h3><b>Consist\u00eancia visual<\/b><\/h3>\n<p><span style=\"font-weight: 400;\">Mantenha uma identidade visual consistente em todas as suas plataformas, incluindo fotos de perfil, banners e paleta de cores. Desse modo, voc\u00ea cria uma imagem coesa e reconhec\u00edvel.<\/span><\/p>\n<h3><b>Desenvolva conte\u00fado de qualidade<\/b><\/h3>\n<p><span style=\"font-weight: 400;\">Compartilhe conte\u00fado relevante e valioso que ressoe com seu p\u00fablico. Isso pode incluir blog posts, artigos, v\u00eddeos, podcasts, al\u00e9m de outros formatos que demonstrem sua expertise e paix\u00f5es.<\/span><\/p>\n<h3><b>Se envolva com a sua audi\u00eancia<\/b><\/h3>\n<p><span style=\"font-weight: 400;\">Interaja com o seu p\u00fablico de maneira genu\u00edna. Responda a coment\u00e1rios, participe de discuss\u00f5es, e mostre que voc\u00ea est\u00e1 presente e interessado na comunidade que est\u00e1 construindo ao seu redor.<\/span><\/p>\n<h3><b>Demonstre sua expertise<\/b><\/h3>\n<p><span style=\"font-weight: 400;\">Compartilhe seu conhecimento e experi\u00eancia na sua \u00e1rea de atua\u00e7\u00e3o. Escreva artigos, d\u00ea palestras, participe de webinars. Isso solidifica sua posi\u00e7\u00e3o como um l\u00edder experiente em seu segmento.<\/span><\/p>\n<h3><b>Seja consistente em seu discurso<\/b><\/h3>\n<p><span style=\"font-weight: 400;\">A consist\u00eancia \u00e9 a chave para construir uma marca pessoal s\u00f3lida. Mantenha sua mensagem e valores consistentes em todas as intera\u00e7\u00f5es e plataformas.<\/span><\/p>\n<h3><b>Busque feedback<\/b><\/h3>\n<p><span style=\"font-weight: 400;\">Esteja aberto a receber feedback construtivo. Isso pode ajudar a refinar sua abordagem e aprimorar sua marca pessoal ao longo do tempo.<\/span><\/p>\n<h3><b>Aprenda e ajuste<\/b><\/h3>\n<p><span style=\"font-weight: 400;\">Esteja disposto a aprender com sua experi\u00eancia e a ajustar sua abordagem conforme necess\u00e1rio. A adapta\u00e7\u00e3o \u00e9 uma parte crucial do desenvolvimento cont\u00ednuo do personal branding.<\/span><\/p>\n<h2><b>Uma marca pessoal s\u00f3lida \u00e9 eterna<\/b><\/h2>\n<p><span style=\"font-weight: 400;\">Vale destacar que construir um personal branding n\u00e3o acontece da noite para o dia, \u00e9 um processo cont\u00ednuo.<\/span><\/p>\n<p><span style=\"font-weight: 400;\">Por isso, seja aut\u00eantico, dedique tempo para desenvolver sua presen\u00e7a online e, ao longo do tempo, sua marca pessoal se tornar\u00e1 uma <\/span><b>representa\u00e7\u00e3o s\u00f3lida e aut\u00eantica de quem voc\u00ea \u00e9 <\/b><span style=\"font-weight: 400;\">e do valor que voc\u00ea oferece ao mercado.<\/span><\/p>\n<p><span style=\"font-weight: 400;\">Lembre-se de mudar e evoluir sempre que necess\u00e1rio. Essa adaptabilidade \u00e9 crucial para garantir que sua marca pessoal permane\u00e7a <\/span><b>relevante <\/b><span style=\"font-weight: 400;\">e alinhada \u00e0s suas metas e valores.<\/span><\/p>\n<p><span style=\"font-weight: 400;\">Por fim, o personal branding \u00e9 uma porta de entrada para m\u00faltiplas oportunidades. Seja na esfera profissional, na busca por parcerias ou na cria\u00e7\u00e3o de colabora\u00e7\u00f5es, <\/span><b>uma marca pessoal forte atrai grandes oportunidades de neg\u00f3cio<\/b><span style=\"font-weight: 400;\">.<\/span><\/p>\n<p><span style=\"font-weight: 400;\">Assim, construir e fortalecer sua marca pessoal na era digital n\u00e3o \u00e9 apenas uma estrat\u00e9gia de autopromo\u00e7\u00e3o, mas sim um compromisso com a autenticidade, a narrativa e a constru\u00e7\u00e3o de conex\u00f5es significativas em um mundo cada vez mais conectado virtualmente.<\/span><\/p>\n<p><span style=\"font-weight: 400;\">Para continuar neste tema sobre marca e comunica\u00e7\u00e3o, confira tamb\u00e9m o conte\u00fado \u201cDesenvolvendo a comunica\u00e7\u00e3o visual e o branding de uma marca\u201d, clicando no banner abaixo.<\/span><\/p>\n<p><a href=\"https:\/\/projetoslayerup.com.br\/layerup\/desenvolvendo-a-comunicacao-visual-e-o-branding-de-uma-marca\/\"><img loading=\"lazy\" decoding=\"async\" class=\"aligncenter wp-image-52660 size-full\" src=\"https:\/\/projetoslayerup.com.br\/layerup\/wp-content\/uploads\/2024\/01\/Personal-branding.png\" alt=\"Personal branding\" width=\"800\" height=\"275\" srcset=\"https:\/\/projetoslayerup.com.br\/layerup\/wp-content\/uploads\/2024\/01\/Personal-branding.png 800w, https:\/\/projetoslayerup.com.br\/layerup\/wp-content\/uploads\/2024\/01\/Personal-branding-300x103.png 300w, https:\/\/projetoslayerup.com.br\/layerup\/wp-content\/uploads\/2024\/01\/Personal-branding-768x264.png 768w\" sizes=\"auto, (max-width: 800px) 100vw, 800px\" \/><\/a><\/p>\n","protected":false},"excerpt":{"rendered":"<p>Na era digital, onde as intera\u00e7\u00f5es acontecem a um clique de dist\u00e2ncia e as redes sociais moldam ideias e opini\u00f5es, o personal branding se destaca como uma ferramenta essencial para quem deseja ganhar espa\u00e7o em um cen\u00e1rio cada vez mais competitivo.\u00a0 Qual a import\u00e2ncia do personal branding? Criar uma marca pessoal n\u00e3o se trata apenas [&hellip;]<\/p>\n","protected":false},"author":24,"featured_media":52661,"comment_status":"open","ping_status":"closed","sticky":false,"template":"","format":"standard","meta":{"_acf_changed":false,"footnotes":""},"categories":[28,721],"tags":[498,887,886,257],"class_list":["post-52659","post","type-post","status-publish","format-standard","has-post-thumbnail","hentry","category-conteudo-estrategico","category-gestao","tag-layerup","tag-marcapessoal","tag-personalbranding","tag-storytelling"],"acf":[],"_links":{"self":[{"href":"https:\/\/projetoslayerup.com.br\/layerup\/wp-json\/wp\/v2\/posts\/52659","targetHints":{"allow":["GET"]}}],"collection":[{"href":"https:\/\/projetoslayerup.com.br\/layerup\/wp-json\/wp\/v2\/posts"}],"about":[{"href":"https:\/\/projetoslayerup.com.br\/layerup\/wp-json\/wp\/v2\/types\/post"}],"author":[{"embeddable":true,"href":"https:\/\/projetoslayerup.com.br\/layerup\/wp-json\/wp\/v2\/users\/24"}],"replies":[{"embeddable":true,"href":"https:\/\/projetoslayerup.com.br\/layerup\/wp-json\/wp\/v2\/comments?post=52659"}],"version-history":[{"count":5,"href":"https:\/\/projetoslayerup.com.br\/layerup\/wp-json\/wp\/v2\/posts\/52659\/revisions"}],"predecessor-version":[{"id":53022,"href":"https:\/\/projetoslayerup.com.br\/layerup\/wp-json\/wp\/v2\/posts\/52659\/revisions\/53022"}],"wp:featuredmedia":[{"embeddable":true,"href":"https:\/\/projetoslayerup.com.br\/layerup\/wp-json\/wp\/v2\/media\/52661"}],"wp:attachment":[{"href":"https:\/\/projetoslayerup.com.br\/layerup\/wp-json\/wp\/v2\/media?parent=52659"}],"wp:term":[{"taxonomy":"category","embeddable":true,"href":"https:\/\/projetoslayerup.com.br\/layerup\/wp-json\/wp\/v2\/categories?post=52659"},{"taxonomy":"post_tag","embeddable":true,"href":"https:\/\/projetoslayerup.com.br\/layerup\/wp-json\/wp\/v2\/tags?post=52659"}],"curies":[{"name":"wp","href":"https:\/\/api.w.org\/{rel}","templated":true}]}}