{"id":53162,"date":"2024-06-25T14:06:40","date_gmt":"2024-06-25T17:06:40","guid":{"rendered":"https:\/\/projetoslayerup.com.br\/layerup\/?p=53162"},"modified":"2024-07-03T10:24:27","modified_gmt":"2024-07-03T13:24:27","slug":"como-a-lideranca-pode-promover-a-diversidade-e-inclusao","status":"publish","type":"post","link":"https:\/\/projetoslayerup.com.br\/layerup\/como-a-lideranca-pode-promover-a-diversidade-e-inclusao\/","title":{"rendered":"Como a lideran\u00e7a pode promover a diversidade e inclus\u00e3o?"},"content":{"rendered":"<p><span style=\"font-weight: 400;\">O sentimento de inclus\u00e3o vai al\u00e9m da mera presen\u00e7a em um ambiente. \u00c9 a sensa\u00e7\u00e3o de pertencimento, de ser acolhido(a), respeitado(a) e valorizado(a) por quem voc\u00ea \u00e9, com sua <\/span><b>diversidade<\/b><span style=\"font-weight: 400;\">, personalidade e experi\u00eancias \u00fanicas. \u00c9 sentir-se parte de um grupo\u00a0 e esse conceito tem sido muito discutido na cultura das empresas.<\/span><\/p>\n<p><span style=\"font-weight: 400;\">Tamb\u00e9m \u00e9 importante destacar que a diversidade n\u00e3o \u00e9 um n\u00famero no quadro de colaboradores. <\/span><b>A diversidade \u00e9 uma caracter\u00edstica da sociedade em sua totalidade, onde existem pessoas LGBTQIA+, negras, brancas, pardas, homens, mulheres e pessoas com defici\u00eancia<\/b><span style=\"font-weight: 400;\">. A partir disso, quando se analisa o quadro de colaboradores de uma empresa, espera-se que naturalmente ele seja diverso, como um espelho da sociedade.<\/span><\/p>\n<p><span style=\"font-weight: 400;\">Conviver com as diferen\u00e7as \u00e9 algo que o ser humano faz desde sempre, mas s\u00f3 recentemente essa pauta tem influenciado de maneira positiva o mundo corporativo.<\/span><\/p>\n<p><span style=\"font-weight: 400;\">Nesse contexto, <\/span><b>a <\/b><a href=\"https:\/\/projetoslayerup.com.br\/layerup\/essencia-de-lideranca\/\"><b>lideran\u00e7a<\/b><\/a><b> pode atuar para promover a diversidade e inclus\u00e3o nas empresas<\/b><span style=\"font-weight: 400;\">, n\u00e3o apenas no quadro de colaboradores, mas tamb\u00e9m com di\u00e1logos que promovam a evolu\u00e7\u00e3o cultural no que diz respeito \u00e0s diferen\u00e7as.<\/span><\/p>\n<p><span style=\"font-weight: 400;\">Continue a leitura para saber mais!<\/span><\/p>\n<h2><b>O que pesquisas dizem sobre diversidade e inclus\u00e3o nas empresas?<\/b><\/h2>\n<p><span style=\"font-weight: 400;\">Em uma pesquisa recente, a <\/span><a href=\"https:\/\/www.gupy.io\/hubfs\/Tendencias-de-Empregabilidade-2024-O-Panorama-Brasileiro-Gupy-Accenture.pdf?utm_source=beamer&amp;utm_medium=standalone&amp;utm_campaign=O-seu-presente-chegou-Tendncias-de-Empregabilidade-2024&amp;utm_content=imagelink\"><span style=\"font-weight: 400;\">Gupy<\/span><\/a><span style=\"font-weight: 400;\">, plataforma de processos seletivos, trouxe dados sobre o perfil de contrata\u00e7\u00f5es por empresas. A pesquisa analisou 2.453 empresas brasileiras de pequeno a grande porte entre setembro de 2022 e agosto de 2023, e a seguir, voc\u00ea confere os dados identificados:<\/span><\/p>\n<h3><b>Diversidade por g\u00eanero<\/b><\/h3>\n<p><span style=\"font-weight: 400;\">Segundo dados da \u201cTend\u00eancias de Empregabilidade\u201d, o percentual de mulheres contratadas nesse per\u00edodo foi mais que o dobro do de homens. <\/span><b>Os \u00edndices variaram entre 68,6% e 72% para mulheres contra 27,6% a 30,9% para homens<\/b><span style=\"font-weight: 400;\">.<\/span><\/p>\n<h3><b>Diversidade por cor<\/b><\/h3>\n<p><span style=\"font-weight: 400;\">Quando analisado o n\u00famero de contrata\u00e7\u00f5es por cor, o percentual de pessoas pardas varia entre 36,5% e 46,9%, pessoas brancas entre 32,6% e 44,1%, pessoas negras entre 14,7% e 17,4%, amarelas entre 2,4% e 2,6% e ind\u00edgenas entre 0,4% e 0,6%. Lembrando que, pessoas autodeclaradas pardas s\u00e3o maioria na popula\u00e7\u00e3o brasileira, <\/span><a href=\"https:\/\/agenciadenoticias.ibge.gov.br\/agencia-noticias\/2012-agencia-de-noticias\/noticias\/38719-censo-2022-pela-primeira-vez-desde-1991-a-maior-parte-da-populacao-do-brasil-se-declara-parda#:~:text=Em%202022%2C%20cerca%20de%2092,0%2C4%25)%2C%20amarelas.\"><span style=\"font-weight: 400;\">45,3%<\/span><\/a><span style=\"font-weight: 400;\">.<\/span><\/p>\n<h3><b>Diversidade por orienta\u00e7\u00e3o sexual<\/b><\/h3>\n<p><span style=\"font-weight: 400;\">No recorte feito por orienta\u00e7\u00e3o sexual, o maior n\u00famero de contrata\u00e7\u00f5es se concentra em pessoas que se autodeclaram heterossexuais. O percentual varia entre 76,2% e 82,6%. Pessoas bissexuais somam entre 4,8% e 10,3% e homossexuais entre 5,7% e 8,5% dos contratados. Dados do <\/span><a href=\"https:\/\/agenciadenoticias.ibge.gov.br\/agencia-noticias\/2012-agencia-de-noticias\/noticias\/33785-em-pesquisa-inedita-do-ibge-2-9-milhoes-de-adultos-se-declararam-homossexuais-ou-bissexuais-em-2019#:~:text=Desse%20total%2C%2094%2C8%25,assexual%20e%20pansexual%2C%20por%20exemplo.\"><span style=\"font-weight: 400;\">IBGE<\/span><\/a><span style=\"font-weight: 400;\"> (\u00cdndice Brasileiro de Geografia e Estat\u00edstica), a popula\u00e7\u00e3o heterosseuxal no Brasil \u00e9 de 94,8%.<\/span><\/p>\n<h3><b>Diversidade por defici\u00eancia ou n\u00e3o<\/b><\/h3>\n<p><span style=\"font-weight: 400;\">Por fim, a \u201cTend\u00eancias de Empregabilidade\u201d trouxe informa\u00e7\u00f5es sobre contrata\u00e7\u00f5es de pessoas com defici\u00eancia (PcD). No per\u00edodo analisado, <\/span><b>o percentual de PcD contratados variou de 1,2% e 2,4% entre empresas de pequeno e grande porte<\/b><span style=\"font-weight: 400;\">. As pessoas com defici\u00eancia s\u00e3o <\/span><a href=\"https:\/\/www.gov.br\/mdh\/pt-br\/assuntos\/noticias\/2023\/julho\/brasil-tem-18-6-milhoes-de-pessoas-com-deficiencia-indica-pesquisa-divulgada-pelo-ibge-e-mdhc#:~:text=PESSOAS%20COM%20DEFICI%C3%8ANCIA-,Brasil%20tem%2018%2C6%20milh%C3%B5es%20de%20pessoas%20com%20defici%C3%AAncia%2C%20indica,divulgada%20pelo%20IBGE%20e%20MDHC&amp;text=A%20popula%C3%A7%C3%A3o%20com%20defici%C3%AAncia%20no,da%20popula%C3%A7%C3%A3o%20dessa%20faixa%20et%C3%A1ria.\"><span style=\"font-weight: 400;\">8,9% da popula\u00e7\u00e3o brasileira<\/span><\/a><span style=\"font-weight: 400;\">.<\/span><\/p>\n<h3><b>Conclus\u00f5es sobre dados de diversidade nas empresas<\/b><\/h3>\n<p><span style=\"font-weight: 400;\">Para considerar qualquer tipo de avan\u00e7o na diversidade e inclus\u00e3o nas empresas \u00e9 necess\u00e1rio analisar o contexto geral da popula\u00e7\u00e3o brasileira. Nesse sentido, destaque para o percentual de mulheres, pessoas pardas, negras, homossexuais e bissexuais contratados no per\u00edodo. Todos os \u00edndices apresentados na pesquisa s\u00e3o maiores que a m\u00e9dia da popula\u00e7\u00e3o brasileira, a partir dos dados do IBGE.<\/span><\/p>\n<p><span style=\"font-weight: 400;\">Esse j\u00e1 n\u00e3o \u00e9 o caso de pessoas com defici\u00eancia, em que a m\u00e9dia de contrata\u00e7\u00f5es \u00e9 menor que o percentual de PcD na popula\u00e7\u00e3o brasileira.<\/span><\/p>\n<p><span style=\"font-weight: 400;\">Esses dados prop\u00f5em uma reflex\u00e3o sobre a cultura das empresas em valorizar um perfil diverso de pessoas. <\/span><b>Pode-se entender que isso n\u00e3o seria poss\u00edvel sem campanhas que promovessem a candidatura dessas pessoas para essas vagas, inclusive com vagas direcionadas a determinado p\u00fablico-alvo<\/b><span style=\"font-weight: 400;\">. Al\u00e9m disso, \u00e9 importante considerar que a contrata\u00e7\u00e3o \u00e9 apenas uma etapa, devendo a empresa oferecer um ambiente inclusivo \u00e0 diversidade.<\/span><\/p>\n<p><span style=\"font-weight: 400;\">Nesse sentido, pode-se listar a\u00e7\u00f5es para que a lideran\u00e7a atue.<\/span><\/p>\n<h2><b>A\u00e7\u00f5es para que a lideran\u00e7a promova a diversidade e inclus\u00e3o<\/b><\/h2>\n<p><span style=\"font-weight: 400;\">Para que os discursos de diversidade e inclus\u00e3o n\u00e3o fiquem apenas na teoria, \u00e9 interessante alinhar a \u00e1rea de <\/span><a href=\"https:\/\/projetoslayerup.com.br\/layerup\/cultura-centrada-em-feedbacks-como-a-layer-up-impulsiona-o-crescimento-profissional-dos-colaboradores\/\"><span style=\"font-weight: 400;\">cultura e talento da empresa<\/span><\/a><span style=\"font-weight: 400;\"> em busca de orienta\u00e7\u00e3o para coloc\u00e1-las em pr\u00e1tica.<\/span><\/p>\n<p><span style=\"font-weight: 400;\">No in\u00edcio, pode parecer complicado, mas naturalmente esse discurso vai sendo incorporado por todos que fazem parte da empresa.\u00a0<\/span><\/p>\n<h3><b>1. Ser um exemplo<\/b><\/h3>\n<p><span style=\"font-weight: 400;\">Em muitos sentidos, os l\u00edderes s\u00e3o exemplos de seus liderados e, por conta disso, tomar iniciativas de diversidade e inclus\u00e3o \u00e9 uma tarefa importante. Isso significa comprometer-se com a causa, entendendo a import\u00e2ncia desses conceitos e estar disposto a tomar medidas para implement\u00e1-los na organiza\u00e7\u00e3o.<\/span><\/p>\n<h3><b>2. Educar-se sobre diversidade e inclus\u00e3o<\/b><\/h3>\n<p><span style=\"font-weight: 400;\">A educa\u00e7\u00e3o \u00e9 outro ponto a ser trabalhado por l\u00edderes, tanto para si como para conscientizar outras pessoas. Isso pode ser feito atrav\u00e9s deste blog post, livros, cursos, palestras e workshops.<\/span><\/p>\n<h3><b>3. Criar uma cultura de respeito<\/b><\/h3>\n<p><span style=\"font-weight: 400;\">O l\u00edder deve criar uma cultura de respeito no local de trabalho, onde todos se sintam seguros para expressar suas opini\u00f5es e ideias, sem medo de repres\u00e1lias. Isso significa combater qualquer tipo de discrimina\u00e7\u00e3o ou ass\u00e9dio.<\/span><\/p>\n<h3><b>4. Promover a representatividade<\/b><\/h3>\n<p><span style=\"font-weight: 400;\">\u00c9 importante que a equipe de lideran\u00e7a seja composta por pessoas de diferentes origens e grupos. Isso ajuda a garantir que a diversidade de ideias e perspectivas seja valorizada na organiza\u00e7\u00e3o.<\/span><\/p>\n<h3><b>5. Oferecer oportunidades de desenvolvimento para todos<\/b><\/h3>\n<p><span style=\"font-weight: 400;\">Todos da equipe devem ter acesso a oportunidades de desenvolvimento profissional, independentemente de suas origens ou caracter\u00edsticas individuais. Isso inclui treinamento, mentoria e oportunidades de promo\u00e7\u00e3o.<\/span><\/p>\n<h3><b>6. Medir e acompanhar o progresso<\/b><\/h3>\n<p><span style=\"font-weight: 400;\">\u00c9 importante medir e acompanhar o progresso da organiza\u00e7\u00e3o em rela\u00e7\u00e3o \u00e0 diversidade e inclus\u00e3o. Isso pode ser feito por meio de pesquisas, grupos de foco e outros m\u00e9todos de coleta de dados.<\/span><\/p>\n<h3><b>8. Manter uma escuta ativa<\/b><\/h3>\n<p><span style=\"font-weight: 400;\">\u00c9 importante que os l\u00edderes ou\u00e7am os liderados e levem em considera\u00e7\u00e3o suas sugest\u00f5es sobre como melhorar a diversidade e a inclus\u00e3o no time.<\/span><\/p>\n<p><span style=\"font-weight: 400;\">Aproveitando a relev\u00e2ncia desse assunto que vem sendo cada vez mais destaque nas empresas, <\/span><b>sugerimos a leitura do artigo<\/b><span style=\"font-weight: 400;\"> \u201c<\/span><span style=\"font-weight: 400;\">Marketing de Diversidade: o que \u00e9 e qual o seu impacto no mercado?<\/span><span style=\"font-weight: 400;\">\u201d no banner abaixo. <\/span><span style=\"font-weight: 400;\">Nesse conte\u00fado, voc\u00ea vai entender os diferenciais de promover a inclus\u00e3o e a diversidade entre seus liderados.<\/span><\/p>\n<p><span style=\"font-weight: 400;\">At\u00e9 a pr\u00f3xima!<\/span><\/p>\n<p><a href=\"https:\/\/projetoslayerup.com.br\/layerup\/marketing-de-diversidade-o-que-e-e-qual-o-seu-impacto-no-mercado\/\"><img loading=\"lazy\" decoding=\"async\" class=\"aligncenter wp-image-53164 size-full\" src=\"https:\/\/projetoslayerup.com.br\/layerup\/wp-content\/uploads\/2024\/06\/AYf1adis.png\" alt=\"Marketing de diversidade \" width=\"900\" height=\"309\" srcset=\"https:\/\/projetoslayerup.com.br\/layerup\/wp-content\/uploads\/2024\/06\/AYf1adis.png 900w, https:\/\/projetoslayerup.com.br\/layerup\/wp-content\/uploads\/2024\/06\/AYf1adis-300x103.png 300w, https:\/\/projetoslayerup.com.br\/layerup\/wp-content\/uploads\/2024\/06\/AYf1adis-768x264.png 768w\" sizes=\"auto, (max-width: 900px) 100vw, 900px\" \/><\/a><\/p>\n","protected":false},"excerpt":{"rendered":"<p>O sentimento de inclus\u00e3o vai al\u00e9m da mera presen\u00e7a em um ambiente. \u00c9 a sensa\u00e7\u00e3o de pertencimento, de ser acolhido(a), respeitado(a) e valorizado(a) por quem voc\u00ea \u00e9, com sua diversidade, personalidade e experi\u00eancias \u00fanicas. \u00c9 sentir-se parte de um grupo\u00a0 e esse conceito tem sido muito discutido na cultura das empresas. Tamb\u00e9m \u00e9 importante destacar [&hellip;]<\/p>\n","protected":false},"author":30,"featured_media":53163,"comment_status":"open","ping_status":"closed","sticky":false,"template":"","format":"standard","meta":{"_acf_changed":false,"footnotes":""},"categories":[155,48,1],"tags":[498,633,926,925],"class_list":["post-53162","post","type-post","status-publish","format-standard","has-post-thumbnail","hentry","category-gestao-de-pessoas","category-a-layer-up","category-sem-categoria","tag-layerup","tag-diversidade","tag-empresadiversa","tag-marketingdediversidade"],"acf":[],"_links":{"self":[{"href":"https:\/\/projetoslayerup.com.br\/layerup\/wp-json\/wp\/v2\/posts\/53162","targetHints":{"allow":["GET"]}}],"collection":[{"href":"https:\/\/projetoslayerup.com.br\/layerup\/wp-json\/wp\/v2\/posts"}],"about":[{"href":"https:\/\/projetoslayerup.com.br\/layerup\/wp-json\/wp\/v2\/types\/post"}],"author":[{"embeddable":true,"href":"https:\/\/projetoslayerup.com.br\/layerup\/wp-json\/wp\/v2\/users\/30"}],"replies":[{"embeddable":true,"href":"https:\/\/projetoslayerup.com.br\/layerup\/wp-json\/wp\/v2\/comments?post=53162"}],"version-history":[{"count":1,"href":"https:\/\/projetoslayerup.com.br\/layerup\/wp-json\/wp\/v2\/posts\/53162\/revisions"}],"predecessor-version":[{"id":53165,"href":"https:\/\/projetoslayerup.com.br\/layerup\/wp-json\/wp\/v2\/posts\/53162\/revisions\/53165"}],"wp:featuredmedia":[{"embeddable":true,"href":"https:\/\/projetoslayerup.com.br\/layerup\/wp-json\/wp\/v2\/media\/53163"}],"wp:attachment":[{"href":"https:\/\/projetoslayerup.com.br\/layerup\/wp-json\/wp\/v2\/media?parent=53162"}],"wp:term":[{"taxonomy":"category","embeddable":true,"href":"https:\/\/projetoslayerup.com.br\/layerup\/wp-json\/wp\/v2\/categories?post=53162"},{"taxonomy":"post_tag","embeddable":true,"href":"https:\/\/projetoslayerup.com.br\/layerup\/wp-json\/wp\/v2\/tags?post=53162"}],"curies":[{"name":"wp","href":"https:\/\/api.w.org\/{rel}","templated":true}]}}