{"id":1162,"date":"2020-07-21T13:33:53","date_gmt":"2020-07-21T16:33:53","guid":{"rendered":"https:\/\/www.aeducacaonosmove.com.br\/?p=1162"},"modified":"2020-07-21T13:33:53","modified_gmt":"2020-07-21T16:33:53","slug":"webinars-sm-educacao-apoio-pedagogico","status":"publish","type":"post","link":"https:\/\/projetoslayerup.com.br\/smeducacao\/webinars-sm-educacao-apoio-pedagogico\/","title":{"rendered":"Aprenda li\u00e7\u00f5es valiosas nos webinars de apoio pedag\u00f3gico da SM Educa\u00e7\u00e3o"},"content":{"rendered":"\n<p class=\"wp-block-paragraph\"><span style=\"font-weight: 400;\">Desde o in\u00edcio da pandemia, a <\/span><b>SM Educa\u00e7\u00e3o <\/b><span style=\"font-weight: 400;\">buscou <\/span><b>solu\u00e7\u00f5es <\/b><span style=\"font-weight: 400;\">para lidar com esse cen\u00e1rio. A partir disso, decidimos focar nossos esfor\u00e7os em uma tend\u00eancia poderosa e eficaz para<\/span><b> transmiss\u00e3o ao vivo<\/b><span style=\"font-weight: 400;\"> como forma de <\/span><b>apoio pedag\u00f3gico<\/b><span style=\"font-weight: 400;\">: os <\/span><b><a href=\"https:\/\/materiais.smbrasil.com.br\/webinars-sm-educacao\">webinars<\/a><\/b><span style=\"font-weight: 400;\">.<\/span><\/p>\n\n\n\n<p class=\"wp-block-paragraph\"><span style=\"font-weight: 400;\">Em meio a um novo per\u00edodo, surgiu a necessidade de adapta\u00e7\u00e3o a tudo o que \u00e9 novo. Inevitavelmente, muitas coisas que antes faz\u00edamos com mais praticidade e agilidade passaram a ser grandes desafios. Principalmente para n\u00f3s, especialistas em educa\u00e7\u00e3o.<\/span><\/p>\n\n\n\n<p class=\"wp-block-paragraph\"><span style=\"font-weight: 400;\">O grande objetivo sempre foi e sempre ser\u00e1 manter o contato com o conhecimento pelo bem da educa\u00e7\u00e3o. Afinal de contas, <\/span><b>nascemos da escola para a escola<\/b><span style=\"font-weight: 400;\">. Por conta disso, reunimos profissionais das mais diversas \u00e1reas para compartilhar suas experi\u00eancias neste momento desafiador.<\/span><\/p>\n\n\n\n<p class=\"wp-block-paragraph\"><span style=\"font-weight: 400;\">A partir desse primeiro contato, firmamos grandes parcerias de muito valor com cada vez mais profissionais participando dos nossos <strong>webinars<\/strong>, trazendo <\/span><b>temas essenciais para gestores, educadores pais e alunos<\/b><span style=\"font-weight: 400;\">. Por exemplo, em nossos debates, realizados desde abril de 2020, j\u00e1 falamos sobre:\u00a0<\/span><\/p>\n\n\n\n<ul class=\"wp-block-list\"><li style=\"font-weight: 400;\"><span style=\"font-weight: 400;\">Gest\u00e3o educacional e financeira<\/span><\/li><li style=\"font-weight: 400;\"><span style=\"font-weight: 400;\">Reorganiza\u00e7\u00e3o do calend\u00e1rio escolar&nbsp;<\/span><\/li><li style=\"font-weight: 400;\"><span style=\"font-weight: 400;\">Dicas para o ensino a dist\u00e2ncia<\/span><\/li><li style=\"font-weight: 400;\"><span style=\"font-weight: 400;\">Uni\u00e3o entre escola e fam\u00edlia neste momento<\/span><\/li><li style=\"font-weight: 400;\"><span style=\"font-weight: 400;\">Poss\u00edvel retorno \u00e0s aulas presenciais<\/span><\/li><li style=\"font-weight: 400;\"><span style=\"font-weight: 400;\">Adapta\u00e7\u00e3o ao \u201cnovo normal\u201d<\/span><\/li><\/ul>\n\n\n\n<h2 class=\"wp-block-heading\"><span style=\"font-weight: 400;\">TEM MUITO MAIS APOIO PEDAG\u00d3GICO GRATUITO. ACOMPANHE!<\/span><\/h2>\n\n\n\n<p class=\"wp-block-paragraph\"><span style=\"font-weight: 400;\">Para participar \u00e9 f\u00e1cil: n\u00f3s enviamos ou publicamos um conte\u00fado como convite, e quem se interessar deve se inscrever para receber um <\/span><b>link exclusivo<\/b><span style=\"font-weight: 400;\"> e acompanhar a transmiss\u00e3o em tempo real na data e hora marcados.\u00a0<\/span><\/p>\n\n\n\n<p class=\"wp-block-paragraph\"><span style=\"font-weight: 400;\">Para facilitar, tamb\u00e9m <\/span><b><a href=\"https:\/\/materiais.smbrasil.com.br\/webinars-sm-educacao\">unificamos todos esses conte\u00fados de apoio pedag\u00f3gico em um s\u00f3 lugar<\/a><\/b><span style=\"font-weight: 400;\"><a href=\"https:\/\/materiais.smbrasil.com.br\/webinars-sm-educacao\">, <\/a>assim todos podem acessar sempre que acharem necess\u00e1rio e assistir os <strong>webinars <\/strong>quantas vezes quiserem.<\/span><\/p>\n\n\n\n<div class=\"wp-block-image\"><figure class=\"aligncenter\"><a href=\"https:\/\/materiais.smbrasil.com.br\/webinars-sm-educacao\" target=\"_blank\" rel=\"noopener noreferrer\"><img decoding=\"async\" src=\"https:\/\/www.aeducacaonosmove.com.br\/wp-content\/uploads\/2020\/07\/plataforma.jpeg\" alt=\"vitrine-webinars\" class=\"wp-image-1163\"\/><\/a><\/figure><\/div>\n\n\n\n<p class=\"wp-block-paragraph\"><span style=\"font-weight: 400;\">Que tal aproveitar para saber mais sobre cada um dos bate-papos entre grandes especialistas em educa\u00e7\u00e3o e escolher o que melhor se encaixa \u00e0s suas d\u00favidas e necessidades?&nbsp;<\/span><\/p>\n\n\n\n<p class=\"wp-block-paragraph\"><span style=\"font-weight: 400;\">Dessa forma, voc\u00ea pode conferir o conte\u00fado certo de apoio pedag\u00f3gico dar\u00e1 suporte \u00e0s mudan\u00e7as em sua escola. <\/span><a href=\"https:\/\/materiais.smbrasil.com.br\/indicacoes-fundamental-1\"><span style=\"font-weight: 400;\">Dicas <\/span><\/a><span style=\"font-weight: 400;\">e <\/span><a href=\"https:\/\/materiais.smbrasil.com.br\/gestao-de-conflitos-sm\"><span style=\"font-weight: 400;\">discuss\u00f5es <\/span><\/a><span style=\"font-weight: 400;\">indispens\u00e1veis sobre os mais variados assuntos na educa\u00e7\u00e3o. <\/span><b>Confira a seguir e aproveite nossas transmiss\u00f5es ao vivo<\/b><span style=\"font-weight: 400;\">!<\/span><\/p>\n\n\n\n<h2 class=\"wp-block-heading\"><span style=\"font-weight: 400;\"><br>1 &#8211; Quest\u00f5es emocionais do retorno das aulas presenciais ao novo normal<\/span><\/h2>\n\n\n\n<p class=\"wp-block-paragraph\"><span style=\"font-weight: 400;\">Agora, o que poder\u00e1 ser considerado como normal em uma sala de aula? Depois de tanto tempo de <\/span><b>distanciamento social<\/b><span style=\"font-weight: 400;\">, um novo formato de aulas precisou ser adotado pelas institui\u00e7\u00f5es a fim de <\/span><b>otimizar o processo de aprendizagem<\/b><span style=\"font-weight: 400;\"> dos alunos ap\u00f3s um longo per\u00edodo longo fora das salas de aula presenciais.<\/span><\/p>\n\n\n\n<p class=\"wp-block-paragraph\"><span style=\"font-weight: 400;\">Entendemos que professores, alunos e fam\u00edlias mais uma vez dever\u00e3o se adequar ao novo normal. E para debater acerca das quest\u00f5es emocionais deste momento, no dia 2 de julho de 2020, mais uma edi\u00e7\u00e3o do <\/span><b>webinar SM educa\u00e7\u00e3o<\/b><span style=\"font-weight: 400;\"> foi transmitida.<\/span><\/p>\n\n\n\n<p class=\"wp-block-paragraph\"><span style=\"font-weight: 400;\">Nesse bate papo, o psicoterapeuta <\/span><b>Guilherme Davoli<\/b><span style=\"font-weight: 400;\"> e a pedagoga <\/span><b>Ana L\u00facia Rosatti Giacomini<\/b><span style=\"font-weight: 400;\"> compartilharam suas reflex\u00f5es sobre a ansiedade do retorno, as mudan\u00e7as ocorridas durante o per\u00edodo de afastamento social e sobre os melhores caminhos a serem seguidos nesta fase.&nbsp;<\/span><\/p>\n\n\n\n<div class=\"wp-block-image\"><figure class=\"aligncenter\"><img decoding=\"async\" src=\"https:\/\/www.aeducacaonosmove.com.br\/wp-content\/uploads\/2020\/07\/1.jpeg\" alt=\"webinars-questoes-emocionais\" class=\"wp-image-1164\"\/><\/figure><\/div>\n\n\n\n<p class=\"wp-block-paragraph\"><a href=\"https:\/\/materiais.smbrasil.com.br\/webinar-questoes-emocionais-retorno-aulas\" target=\"_blank\" rel=\"noopener noreferrer\"><span style=\"font-weight: 400;\"><\/span><\/a><\/p>\n\n\n\n<h2 class=\"wp-block-heading\"><span style=\"font-weight: 400;\">2- Os pais querem mais descontos. Assim minha escola quebra!<\/span><\/h2>\n\n\n\n<p class=\"wp-block-paragraph\"><span style=\"font-weight: 400;\">Na <\/span><b>transmiss\u00e3o ao vivo<\/b><span style=\"font-weight: 400;\"> do dia 23 de junho de 2020, o diretor de fus\u00f5es e aquisi\u00e7\u00f5es educacionais da Just Advisor, <\/span><b>Marcos Gon\u00e7alves<\/b><span style=\"font-weight: 400;\"> e o diretor comercial da SM Educa\u00e7\u00e3o, <\/span><b>Adriano Souza<\/b><span style=\"font-weight: 400;\">\u00a0 falaram sobre a <\/span><b>gest\u00e3o financeira<\/b><span style=\"font-weight: 400;\"> da escola durante a pandemia.<\/span><\/p>\n\n\n\n<p class=\"wp-block-paragraph\"><span style=\"font-weight: 400;\">O bate-papo foi acerca das complica\u00e7\u00f5es financeiras das institui\u00e7\u00f5es de ensino durante a pandemia e do conflito que pode ocorrer com as fam\u00edlias na manuten\u00e7\u00e3o de matr\u00edculas e no pagamento das mensalidades.<\/span><\/p>\n\n\n\n<p class=\"wp-block-paragraph\"><span style=\"font-weight: 400;\">Como lidar com essa press\u00e3o? Quais solu\u00e7\u00f5es oferecer para que escola e pais estejam satisfeitos? Como manter a sa\u00fade financeira da institui\u00e7\u00e3o durante a crise?<\/span><\/p>\n\n\n\n<p class=\"wp-block-paragraph\"><span style=\"font-weight: 400;\">Outras d\u00favidas foram esclarecidas nesse <\/span><b>webinar <\/b><span style=\"font-weight: 400;\">e voc\u00ea ainda pode conferir tudo exclusivamente. Aproveite!&nbsp;<\/span><\/p>\n\n\n\n<div class=\"wp-block-image\"><figure class=\"aligncenter\"><a href=\"https:\/\/materiais.smbrasil.com.br\/webinar-gestao-financeira\" target=\"_blank\" rel=\"noopener noreferrer\"><img decoding=\"async\" src=\"https:\/\/www.aeducacaonosmove.com.br\/wp-content\/uploads\/2020\/07\/2.jpeg\" alt=\"webinars-desconto\" class=\"wp-image-1165\"\/><\/a><\/figure><\/div>\n\n\n\n<h2 class=\"wp-block-heading\"><span style=\"font-weight: 400;\">3 &#8211; 6\u00ba SIEI &#8211; Semin\u00e1rio Internacional de Educa\u00e7\u00e3o Integral: \u201cDoc\u00eancia em tempos de pandemia\u201d<\/span><\/h2>\n\n\n\n<p class=\"wp-block-paragraph\"><span style=\"font-weight: 400;\">O <\/span><b>Semin\u00e1rio Internacional de Educa\u00e7\u00e3o Integral (SIEI)<\/b><span style=\"font-weight: 400;\"> \u00e9 uma iniciativa da Funda\u00e7\u00e3o SM que tem o objetivo de abrir espa\u00e7os para o di\u00e1logo qualificado e plural acerca de <\/span><b>temas priorit\u00e1rios para a educa\u00e7\u00e3o<\/b><span style=\"font-weight: 400;\">.&nbsp;<\/span><\/p>\n\n\n\n<p class=\"wp-block-paragraph\"><span style=\"font-weight: 400;\">Desde 2008, a Funda\u00e7\u00e3o SM promove esses encontros e este ano realizamos o 6\u00ba SIEI, que, devido ao isolamento social, aconteceu por meio de <\/span><b>transmiss\u00f5es ao vivo nas redes sociais da Funda\u00e7\u00e3o SM<\/b><span style=\"font-weight: 400;\">.<\/span><\/p>\n\n\n\n<p class=\"wp-block-paragraph\"><span style=\"font-weight: 400;\">No encontro, realizado dia 23 de junho de 2020, os convidados foram <\/span><b>Alexandre Schneider<\/b><span style=\"font-weight: 400;\">, professor assistente adjunto na Columbia Sipa e ex-secret\u00e1rio de educa\u00e7\u00e3o de S\u00e3o Paulo, Rodrigo <\/span><b>H\u00fcbner Mendes<\/b><span style=\"font-weight: 400;\">, superintendente do Instituto Rodrigo Mendes, e <\/span><b>S\u00f4nia Pelegrini<\/b><span style=\"font-weight: 400;\">, secret\u00e1ria de educa\u00e7\u00e3o de Presidente Prudente (SP), com media\u00e7\u00e3o de <\/span><b>Pilar Lacerda<\/b><span style=\"font-weight: 400;\">, diretora da Funda\u00e7\u00e3o SM.<\/span><\/p>\n\n\n\n<p class=\"wp-block-paragraph\"><span style=\"font-weight: 400;\">Eles compartilharam como as suas escolas est\u00e3o acolhendo os estudantes e as suas fam\u00edlias durante o per\u00edodo de isolamento social, al\u00e9m de dividirem com os ouvintes os desafios e mudan\u00e7as na doc\u00eancia.<\/span><\/p>\n\n\n\n<div class=\"wp-block-image\"><figure class=\"aligncenter\"><a href=\"https:\/\/www.facebook.com\/events\/1180426805625502\/?event_time_id=1180426808958835\" target=\"_blank\" rel=\"noopener noreferrer\"><img decoding=\"async\" src=\"https:\/\/www.aeducacaonosmove.com.br\/wp-content\/uploads\/2020\/07\/3.jpeg\" alt=\"webinars-educacao-integral\" class=\"wp-image-1166\"\/><\/a><\/figure><\/div>\n\n\n\n<h2 class=\"wp-block-heading\"><span style=\"font-weight: 400;\">4 &#8211; Transmiss\u00e3o ao vivo sobre \u201cFam\u00edlia e escola mediando novos caminhos\u201d<\/span><\/h2>\n\n\n\n<p class=\"wp-block-paragraph\"><span style=\"font-weight: 400;\">Como a fam\u00edlia pode apoiar os estudantes durante o<\/span><b> ensino a dist\u00e2ncia<\/b><span style=\"font-weight: 400;\">? E os educadores? Como podem apoiar os alunos e as fam\u00edlias? Essa foi a pauta do webinar transmitido no dia 10 de junho de 2020.<\/span><\/p>\n\n\n\n<p class=\"wp-block-paragraph\"><span style=\"font-weight: 400;\">Nessa transmiss\u00e3o ao vivo, <\/span><b>Guilherme Davoli<\/b><span style=\"font-weight: 400;\">, psic\u00f3logo atuante como psicoterapeuta, professor de psicologia e consultor educacional e empresarial, e <\/span><b>Ana L\u00facia Rosatti Giacomini<\/b><span style=\"font-weight: 400;\">, pedagoga, gestora educacional, consultora pedag\u00f3gica e especialista em desenvolvimento do potencial humano, abordaram o ensino a dist\u00e2ncia como uma novidade para escolas e fam\u00edlias.<\/span><\/p>\n\n\n\n<p class=\"wp-block-paragraph\"><span style=\"font-weight: 400;\">Al\u00e9m disso, tamb\u00e9m expuseram suas opini\u00f5es sobre como \u00e9 poss\u00edvel <\/span><b>garantir o bem estar familiar e emocional<\/b><span style=\"font-weight: 400;\"> durante o <\/span><a href=\"https:\/\/materiais.smbrasil.com.br\/elaborar-aulas-online\"><span style=\"font-weight: 400;\">processo de aprendizagem online<\/span><\/a><span style=\"font-weight: 400;\"> e afastamento social, al\u00e9m de darem dicas de apoio pedag\u00f3gico para as institui\u00e7\u00f5es.<\/span><\/p>\n\n\n\n<div class=\"wp-block-image\"><figure class=\"aligncenter\"><a href=\"https:\/\/materiais.smbrasil.com.br\/webinar-novos-caminhos\" target=\"_blank\" rel=\"noopener noreferrer\"><img decoding=\"async\" src=\"https:\/\/www.aeducacaonosmove.com.br\/wp-content\/uploads\/2020\/07\/4.jpeg\" alt=\"webinars-caminhos\" class=\"wp-image-1167\"\/><\/a><\/figure><\/div>\n\n\n\n<h2 class=\"wp-block-heading\"><span style=\"font-weight: 400;\">5 &#8211; Saiba como preparar o retorno \u00e0 escola com o apoio pedag\u00f3gico da SM<\/span><\/h2>\n\n\n\n<p class=\"wp-block-paragraph\"><span style=\"font-weight: 400;\">Depois de tanto tempo nos mantendo afastados, como ser\u00e1 o <\/span><b>retorno \u00e0s aulas<\/b><span style=\"font-weight: 400;\">? O que poderemos trazer do online para o presencial? Essas d\u00favidas podem estar tirando o sono de gestores e educadores.\u00a0<\/span><\/p>\n\n\n\n<p class=\"wp-block-paragraph\"><span style=\"font-weight: 400;\">Por isso, no dia 20 de maio de 2020, <\/span><b>Monica Molina<\/b><span style=\"font-weight: 400;\"> (pesquisadora e consultora no uso das metodologias ativas, ensino h\u00edbrido, intelig\u00eancia artificial, e gamifica\u00e7\u00e3o na educa\u00e7\u00e3o), <\/span><b>Reynan Abreu<\/b><span style=\"font-weight: 400;\">, (mestre em lideran\u00e7a e gest\u00e3o internacional em educa\u00e7\u00e3o) e <\/span><b>K\u00e1tia Cilene<\/b><span style=\"font-weight: 400;\"> (coordenadora pedag\u00f3gica no M. Montessori 21) marcaram um encontro em mais um<strong> webinar da SM Educa\u00e7\u00e3o<\/strong>.<\/span><\/p>\n\n\n\n<p class=\"wp-block-paragraph\"><span style=\"font-weight: 400;\">Dessa vez, os convidados discutiram <\/span><b>quais as melhores maneiras para a organiza\u00e7\u00e3o da volta \u00e0s aulas presenciais<\/b><span style=\"font-weight: 400;\">. A pauta foi desde a prepara\u00e7\u00e3o do ambiente escolar at\u00e9 os <\/span><a href=\"https:\/\/www.aeducacaonosmove.com.br\/blog\/gestao-escolar-dicas-sm-educacao\"><span style=\"font-weight: 400;\">projetos para os planos de aula e gest\u00e3o<\/span><\/a><span style=\"font-weight: 400;\">.<\/span><\/p>\n\n\n\n<div class=\"wp-block-image\"><figure class=\"aligncenter\"><a href=\"https:\/\/materiais.smbrasil.com.br\/webinar-retorno-a-escola\" target=\"_blank\" rel=\"noopener noreferrer\"><img decoding=\"async\" src=\"https:\/\/www.aeducacaonosmove.com.br\/wp-content\/uploads\/2020\/07\/5.jpeg\" alt=\"webinars-retorno\" class=\"wp-image-1168\"\/><\/a><\/figure><\/div>\n\n\n\n<h2 class=\"wp-block-heading\"><span style=\"font-weight: 400;\">6 &#8211; Processo de aprendizagem: curr\u00edculo e avalia\u00e7\u00e3o&nbsp;<\/span><\/h2>\n\n\n\n<p class=\"wp-block-paragraph\"><span style=\"font-weight: 400;\">\u201cAs aprendizagens precisam ser garantidas para que n\u00f3s possamos reduzir os impactos e os efeitos que um distanciamento como esse pode ter no futuro\u201d.&nbsp;<\/span><\/p>\n\n\n\n<p class=\"wp-block-paragraph\"><span style=\"font-weight: 400;\">Essa \u00e9 a opini\u00e3o da diretora dos institutos Mathema e Re\u00fana, <\/span><b>K\u00e1tia Smole<\/b><span style=\"font-weight: 400;\">, sobre a import\u00e2ncia do processo de aprendizagem, que foi o tema central do <\/span><b>webinar <\/b><span style=\"font-weight: 400;\">que aconteceu no dia 19 de maio de 2020, transmitido pela SM Educa\u00e7\u00e3o.<\/span><\/p>\n\n\n\n<p class=\"wp-block-paragraph\"><span style=\"font-weight: 400;\">Na ocasi\u00e3o, nossa convidada exp\u00f4s seu posicionamento acerca dos <\/span><b>m\u00e9todos de avalia\u00e7\u00e3o<\/b><span style=\"font-weight: 400;\"> e tamb\u00e9m sobre o <\/span><b>curr\u00edculo escolar<\/b><span style=\"font-weight: 400;\">.<\/span><\/p>\n\n\n\n<p class=\"wp-block-paragraph\"><span style=\"font-weight: 400;\">Al\u00e9m disso, tamb\u00e9m trouxe uma reflex\u00e3o sobre as diversas possibilidades de avaliar os alunos durante o processo de aprendizagem, principalmente o<\/span> <a href=\"https:\/\/materiais.smbrasil.com.br\/roteiros-para-aulas-online\"><b>ensino a dist\u00e2ncia<\/b><\/a><span style=\"font-weight: 400;\">.<\/span><\/p>\n\n\n\n<div class=\"wp-block-image\"><figure class=\"aligncenter\"><a href=\"https:\/\/materiais.smbrasil.com.br\/webinar-curriculo-e-avaliacao\" target=\"_blank\" rel=\"noopener noreferrer\"><img decoding=\"async\" src=\"https:\/\/www.aeducacaonosmove.com.br\/wp-content\/uploads\/2020\/07\/6.jpeg\" alt=\"webinars-curriculo-avaliacao\" class=\"wp-image-1169\"\/><\/a><\/figure><\/div>\n\n\n\n<h2 class=\"wp-block-heading\"><span style=\"font-weight: 400;\">7 &#8211; Uma das primeiras transmiss\u00f5es de apoio pedag\u00f3gico: o \u201cEnsino a dist\u00e2ncia\u201d<\/span><\/h2>\n\n\n\n<p class=\"wp-block-paragraph\"><span style=\"font-weight: 400;\">A educa\u00e7\u00e3o a dist\u00e2ncia, mesmo antes da pandemia causada pelo novo coronav\u00edrus, j\u00e1 era uma realidade em alguns n\u00edveis da educa\u00e7\u00e3o.&nbsp;<\/span><\/p>\n\n\n\n<p class=\"wp-block-paragraph\"><span style=\"font-weight: 400;\">Na <\/span><b>Educa\u00e7\u00e3o Infantil<\/b><span style=\"font-weight: 400;\">, lecionar de maneira online \u00e9 um enorme desafio, afinal s\u00e3o crian\u00e7as que ainda n\u00e3o t\u00eam autonomia e precisam do aux\u00edlio dos respons\u00e1veis para a execu\u00e7\u00e3o das atividades.<\/span><\/p>\n\n\n\n<p class=\"wp-block-paragraph\"><span style=\"font-weight: 400;\">Sendo assim, como garantir a efici\u00eancia do aprendizado no ensino a dist\u00e2ncia?\u00a0 Essa foi a pauta do webinar transmitido no dia 13 de maio de 2020.<\/span><\/p>\n\n\n\n<p class=\"wp-block-paragraph\"><span style=\"font-weight: 400;\">Na ocasi\u00e3o,<\/span><b> Maur\u00edcio Carrara<\/b><span style=\"font-weight: 400;\"> e o <\/span><b>professor Ivan Claudio Guedes <\/b><span style=\"font-weight: 400;\">deram dicas sobre os <\/span><b>recursos <\/b><span style=\"font-weight: 400;\">que o educador precisa para <\/span><a href=\"https:\/\/materiais.smbrasil.com.br\/elaborar-aulas-online\"><span style=\"font-weight: 400;\">montar uma aula online<\/span><\/a><span style=\"font-weight: 400;\">, de <\/span><b>ferramentas <\/b><span style=\"font-weight: 400;\">para montar uma sala de aula e cadastrar alunos, <\/span><b>canais de comunica\u00e7\u00e3o<\/b><span style=\"font-weight: 400;\"> e muito mais!&nbsp;<\/span><\/p>\n\n\n\n<div class=\"wp-block-image\"><figure class=\"aligncenter\"><a href=\"https:\/\/materiais.smbrasil.com.br\/ensino-a-distancia-webinar\" target=\"_blank\" rel=\"noopener noreferrer\"><img decoding=\"async\" src=\"https:\/\/www.aeducacaonosmove.com.br\/wp-content\/uploads\/2020\/07\/7.jpeg\" alt=\"webinars-ensino-a-distancia\" class=\"wp-image-1170\"\/><\/a><\/figure><\/div>\n\n\n\n<h2 class=\"wp-block-heading\"><span style=\"font-weight: 400;\">8 &#8211; Saiba tudo sobre \u201cAs diretrizes do CNE\u201d<\/span><\/h2>\n\n\n\n<ul class=\"wp-block-list\"><li style=\"font-weight: 400;\"><span style=\"font-weight: 400;\">Como definir as atividades n\u00e3o presenciais?&nbsp;<\/span><\/li><li style=\"font-weight: 400;\"><span style=\"font-weight: 400;\">O que fa\u00e7o para realizar as avalia\u00e7\u00f5es?&nbsp;<\/span><\/li><li style=\"font-weight: 400;\"><span style=\"font-weight: 400;\">Como acompanhar o processo de aprendizagem?&nbsp;<\/span><\/li><li style=\"font-weight: 400;\"><span style=\"font-weight: 400;\">E quanto \u00e0 quest\u00e3o da carga hor\u00e1ria m\u00ednima na Educa\u00e7\u00e3o Infantil?<\/span><\/li><\/ul>\n\n\n\n<p class=\"wp-block-paragraph\"><span style=\"font-weight: 400;\">Para responder, no dia 8 de maio de 2020, o mestre em educa\u00e7\u00e3o<\/span><b> Maur\u00edcio Carrara<\/b><span style=\"font-weight: 400;\"> e a especialista em educa\u00e7\u00e3o e m\u00eddia, <\/span><b>Giselle Benzaquen<\/b><span style=\"font-weight: 400;\">, realizaram mais um webinar, dispon\u00edvel na <\/span><a href=\"https:\/\/materiais.smbrasil.com.br\/webinars-sm-educacao\"><span style=\"font-weight: 400;\">plataforma de transmiss\u00f5es da SM Educa\u00e7\u00e3o<\/span><\/a><span style=\"font-weight: 400;\">.<\/span><\/p>\n\n\n\n<p class=\"wp-block-paragraph\"><span style=\"font-weight: 400;\">Al\u00e9m disso, os especialistas debateram sobre novas <\/span><b>estrat\u00e9gias e instrumentos de acompanhamento na educa\u00e7\u00e3o<\/b><span style=\"font-weight: 400;\">, assuntos que v\u00e3o desde a gest\u00e3o escolar at\u00e9 o acompanhamento do processo de aprendizagem.<\/span><\/p>\n\n\n\n<div class=\"wp-block-image\"><figure class=\"aligncenter\"><a href=\"https:\/\/materiais.smbrasil.com.br\/webinar-gratuito-diretrizes-cne\" target=\"_blank\" rel=\"noopener noreferrer\"><img decoding=\"async\" src=\"https:\/\/www.aeducacaonosmove.com.br\/wp-content\/uploads\/2020\/07\/8.jpeg\" alt=\"webinars-diretrizes-cne\" class=\"wp-image-1171\"\/><\/a><\/figure><\/div>\n\n\n\n<h2 class=\"wp-block-heading\"><span style=\"font-weight: 400;\">9 &#8211; Os desafios da gest\u00e3o escolar: tema do nosso primeiro webinar de apoio pedag\u00f3gico<\/span><\/h2>\n\n\n\n<p class=\"wp-block-paragraph\"><span style=\"font-weight: 400;\">Depois de muito planejamento para o ano de 2020, um fator externo chegou e mudou tudo. Afinal, ningu\u00e9m esperava que ser\u00edamos acometidos por uma pandemia.<\/span><\/p>\n\n\n\n<ul class=\"wp-block-list\"><li style=\"font-weight: 400;\"><span style=\"font-weight: 400;\">E agora, o que fazer?&nbsp;<\/span><\/li><li style=\"font-weight: 400;\"><span style=\"font-weight: 400;\">Como refazer o planejamento incluindo e otimizando o ensino a dist\u00e2ncia?<\/span><\/li><li style=\"font-weight: 400;\"><span style=\"font-weight: 400;\">Como lidar com as fam\u00edlias para a manuten\u00e7\u00e3o das mensalidades?<\/span><\/li><\/ul>\n\n\n\n<p class=\"wp-block-paragraph\"><span style=\"font-weight: 400;\">Outros t\u00f3picos relevantes para a <\/span><b>gest\u00e3o escolar<\/b><span style=\"font-weight: 400;\"> foram discutidos no dia 28 de abril pelos nossos especialistas <\/span><b>Adriano Souza<\/b><span style=\"font-weight: 400;\">, <\/span><b>Ademar Batista Pereira<\/b><span style=\"font-weight: 400;\">, <\/span><b>Airton de Almeida Oliveira<\/b><span style=\"font-weight: 400;\"> e <\/span><b>Benjamin Ribeiro da Silva<\/b><span style=\"font-weight: 400;\">.<\/span><\/p>\n\n\n\n<div class=\"wp-block-image\"><figure class=\"aligncenter\"><a href=\"https:\/\/materiais.smbrasil.com.br\/webinar-gratuito-aeducacao-nao-para\" target=\"_blank\" rel=\"noopener noreferrer\"><img decoding=\"async\" src=\"https:\/\/www.aeducacaonosmove.com.br\/wp-content\/uploads\/2020\/07\/9.jpeg\" alt=\"webinars-desafios-gestao-escolar\" class=\"wp-image-1172\"\/><\/a><\/figure><\/div>\n\n\n\n<p class=\"wp-block-paragraph\"><span style=\"font-weight: 400;\">Esses s\u00e3o nossos <strong>webinars<\/strong>, principais meios de apoio pedag\u00f3gico que estamos oferecendo, realizados desde o in\u00edcio da pandemia e que podem fazer a diferen\u00e7a em sua <\/span><a href=\"https:\/\/materiais.smbrasil.com.br\/artigo-coronavirus-organize-rotina\"><b>reorganiza\u00e7\u00e3o escolar.<\/b><\/a><span style=\"font-weight: 400;\">\u00a0<br><br>Esperamos que os conte\u00fados sejam \u00fateis e auxiliem voc\u00ea na busca pelo melhor para sua institui\u00e7\u00e3o de ensino. <br><br>Conte sempre com a <\/span><a href=\"http:\/\/www.smeducacao.com.br\/\"><b>SM Educa\u00e7\u00e3o<\/b><\/a><span style=\"font-weight: 400;\">, estamos prontos para oferecer <\/span><a href=\"https:\/\/materiais.smbrasil.com.br\/hub-de-conteudos-a-educacao-nao-para\"><span style=\"font-weight: 400;\">o melhor <\/span><\/a><span style=\"font-weight: 400;\">apoio pedag\u00f3gico e muitos materiais complementares, seja qual for a sua necessidade!\u00a0<br><\/span><\/p>\n\n\n\n<div role=\"main\" id=\"formulario-para-aplicacao-ao-final-dos-blogposts-v2-73cd9a38551449a595a5\"><\/div>\n\n\n\n<p class=\"wp-block-paragraph\"><script type=\"text\/javascript\" src=\"https:\/\/d335luupugsy2.cloudfront.net\/js\/rdstation-forms\/stable\/rdstation-forms.min.js\"><\/script><br><script type=\"text\/javascript\"> new RDStationForms('formulario-para-aplicacao-ao-final-dos-blogposts-v2-73cd9a38551449a595a5', 'UA-12840758-1').createForm();<\/script><\/p>\n\n\n\n<p class=\"wp-block-paragraph\"><span style=\"font-weight: 400;\">&nbsp;<\/span><\/p>\n","protected":false},"excerpt":{"rendered":"<p>Desde o in\u00edcio da pandemia, a SM Educa\u00e7\u00e3o buscou solu\u00e7\u00f5es para lidar com esse cen\u00e1rio. A partir disso, decidimos focar nossos esfor\u00e7os em uma tend\u00eancia poderosa e eficaz para transmiss\u00e3o ao vivo como forma de apoio pedag\u00f3gico: os webinars. Em meio a um novo per\u00edodo, surgiu a necessidade de adapta\u00e7\u00e3o a tudo o que \u00e9 [&hellip;]<\/p>\n","protected":false},"author":2,"featured_media":5722,"comment_status":"open","ping_status":"open","sticky":false,"template":"","format":"standard","meta":{"_acf_changed":false,"footnotes":""},"categories":[4,17,16],"tags":[],"blog_nivel_escolar":[],"blog_segmento_escolar":[],"class_list":["post-1162","post","type-post","status-publish","format-standard","has-post-thumbnail","hentry","category-dicas-professor","category-solucoes-educacionais","category-tendencias-educacao"],"acf":[],"yoast_head":"<!-- This site is optimized with the Yoast SEO plugin v28.3 - https:\/\/yoast.com\/product\/yoast-seo-wordpress\/ -->\n<title>Apoio pedag\u00f3gico webinars SM Educa\u00e7\u00e3o: o que sua institui\u00e7\u00e3o precisa<\/title>\n<meta name=\"description\" content=\"Uma s\u00e9rie de webinars de apoio pedag\u00f3gico a gestores, educadores, pais e alunos, trazendo reflex\u00f5es inadi\u00e1veis. Assista nossas lives!\" \/>\n<meta name=\"robots\" content=\"noindex, follow, max-snippet:-1, max-image-preview:large, max-video-preview:-1\" \/>\n<meta property=\"og:locale\" content=\"pt_BR\" \/>\n<meta property=\"og:type\" content=\"article\" \/>\n<meta property=\"og:title\" content=\"Apoio pedag\u00f3gico webinars SM Educa\u00e7\u00e3o: o que sua institui\u00e7\u00e3o precisa\" \/>\n<meta property=\"og:description\" content=\"Uma s\u00e9rie de webinars de apoio pedag\u00f3gico a gestores, educadores, pais e alunos, trazendo reflex\u00f5es inadi\u00e1veis. Assista nossas lives!\" \/>\n<meta property=\"og:url\" content=\"https:\/\/projetoslayerup.com.br\/smeducacao\/webinars-sm-educacao-apoio-pedagogico\/\" \/>\n<meta property=\"og:site_name\" content=\"SM Educa\u00e7\u00e3o - Juntos cuidamos da educa\u00e7\u00e3o!\" \/>\n<meta property=\"article:published_time\" content=\"2020-07-21T16:33:53+00:00\" \/>\n<meta property=\"og:image\" content=\"https:\/\/projetoslayerup.com.br\/smeducacao\/wp-content\/uploads\/2020\/07\/HEADER-1.png\" \/>\n\t<meta property=\"og:image:width\" content=\"1340\" \/>\n\t<meta property=\"og:image:height\" content=\"945\" \/>\n\t<meta property=\"og:image:type\" content=\"image\/png\" \/>\n<meta name=\"author\" content=\"SM Educa\u00e7\u00e3o\" \/>\n<meta name=\"twitter:card\" content=\"summary_large_image\" \/>\n<meta name=\"twitter:label1\" content=\"Escrito por\" \/>\n\t<meta name=\"twitter:data1\" content=\"SM Educa\u00e7\u00e3o\" \/>\n\t<meta name=\"twitter:label2\" content=\"Est. tempo de leitura\" \/>\n\t<meta name=\"twitter:data2\" content=\"11 minutos\" \/>\n<script type=\"application\/ld+json\" class=\"yoast-schema-graph\">{\"@context\":\"https:\\\/\\\/schema.org\",\"@graph\":[{\"@type\":\"Article\",\"@id\":\"https:\\\/\\\/projetoslayerup.com.br\\\/smeducacao\\\/webinars-sm-educacao-apoio-pedagogico\\\/#article\",\"isPartOf\":{\"@id\":\"https:\\\/\\\/projetoslayerup.com.br\\\/smeducacao\\\/webinars-sm-educacao-apoio-pedagogico\\\/\"},\"author\":{\"name\":\"SM Educa\u00e7\u00e3o\",\"@id\":\"https:\\\/\\\/projetoslayerup.com.br\\\/smeducacao\\\/#\\\/schema\\\/person\\\/45d7d41388698d0f902ff276caab47f5\"},\"headline\":\"Aprenda li\u00e7\u00f5es valiosas nos webinars de apoio pedag\u00f3gico da SM Educa\u00e7\u00e3o\",\"datePublished\":\"2020-07-21T16:33:53+00:00\",\"mainEntityOfPage\":{\"@id\":\"https:\\\/\\\/projetoslayerup.com.br\\\/smeducacao\\\/webinars-sm-educacao-apoio-pedagogico\\\/\"},\"wordCount\":1748,\"commentCount\":1,\"image\":{\"@id\":\"https:\\\/\\\/projetoslayerup.com.br\\\/smeducacao\\\/webinars-sm-educacao-apoio-pedagogico\\\/#primaryimage\"},\"thumbnailUrl\":\"https:\\\/\\\/projetoslayerup.com.br\\\/smeducacao\\\/wp-content\\\/uploads\\\/2020\\\/07\\\/HEADER-1.png\",\"articleSection\":[\"Dicas para professores\",\"Solu\u00e7\u00f5es educacionais\",\"Tend\u00eancias na educa\u00e7\u00e3o\"],\"inLanguage\":\"pt-BR\",\"potentialAction\":[{\"@type\":\"CommentAction\",\"name\":\"Comment\",\"target\":[\"https:\\\/\\\/projetoslayerup.com.br\\\/smeducacao\\\/webinars-sm-educacao-apoio-pedagogico\\\/#respond\"]}]},{\"@type\":\"WebPage\",\"@id\":\"https:\\\/\\\/projetoslayerup.com.br\\\/smeducacao\\\/webinars-sm-educacao-apoio-pedagogico\\\/\",\"url\":\"https:\\\/\\\/projetoslayerup.com.br\\\/smeducacao\\\/webinars-sm-educacao-apoio-pedagogico\\\/\",\"name\":\"Apoio pedag\u00f3gico webinars SM Educa\u00e7\u00e3o: o que sua institui\u00e7\u00e3o precisa\",\"isPartOf\":{\"@id\":\"https:\\\/\\\/projetoslayerup.com.br\\\/smeducacao\\\/#website\"},\"primaryImageOfPage\":{\"@id\":\"https:\\\/\\\/projetoslayerup.com.br\\\/smeducacao\\\/webinars-sm-educacao-apoio-pedagogico\\\/#primaryimage\"},\"image\":{\"@id\":\"https:\\\/\\\/projetoslayerup.com.br\\\/smeducacao\\\/webinars-sm-educacao-apoio-pedagogico\\\/#primaryimage\"},\"thumbnailUrl\":\"https:\\\/\\\/projetoslayerup.com.br\\\/smeducacao\\\/wp-content\\\/uploads\\\/2020\\\/07\\\/HEADER-1.png\",\"datePublished\":\"2020-07-21T16:33:53+00:00\",\"author\":{\"@id\":\"https:\\\/\\\/projetoslayerup.com.br\\\/smeducacao\\\/#\\\/schema\\\/person\\\/45d7d41388698d0f902ff276caab47f5\"},\"description\":\"Uma s\u00e9rie de webinars de apoio pedag\u00f3gico a gestores, educadores, pais e alunos, trazendo reflex\u00f5es inadi\u00e1veis. Assista nossas lives!\",\"breadcrumb\":{\"@id\":\"https:\\\/\\\/projetoslayerup.com.br\\\/smeducacao\\\/webinars-sm-educacao-apoio-pedagogico\\\/#breadcrumb\"},\"inLanguage\":\"pt-BR\",\"potentialAction\":[{\"@type\":\"ReadAction\",\"target\":[\"https:\\\/\\\/projetoslayerup.com.br\\\/smeducacao\\\/webinars-sm-educacao-apoio-pedagogico\\\/\"]}]},{\"@type\":\"ImageObject\",\"inLanguage\":\"pt-BR\",\"@id\":\"https:\\\/\\\/projetoslayerup.com.br\\\/smeducacao\\\/webinars-sm-educacao-apoio-pedagogico\\\/#primaryimage\",\"url\":\"https:\\\/\\\/projetoslayerup.com.br\\\/smeducacao\\\/wp-content\\\/uploads\\\/2020\\\/07\\\/HEADER-1.png\",\"contentUrl\":\"https:\\\/\\\/projetoslayerup.com.br\\\/smeducacao\\\/wp-content\\\/uploads\\\/2020\\\/07\\\/HEADER-1.png\",\"width\":1340,\"height\":945,\"caption\":\"Webinars SM Educa\u00e7\u00e3o\"},{\"@type\":\"BreadcrumbList\",\"@id\":\"https:\\\/\\\/projetoslayerup.com.br\\\/smeducacao\\\/webinars-sm-educacao-apoio-pedagogico\\\/#breadcrumb\",\"itemListElement\":[{\"@type\":\"ListItem\",\"position\":1,\"name\":\"In\u00edcio\",\"item\":\"https:\\\/\\\/projetoslayerup.com.br\\\/smeducacao\\\/\"},{\"@type\":\"ListItem\",\"position\":2,\"name\":\"Aprenda li\u00e7\u00f5es valiosas nos webinars de apoio pedag\u00f3gico da SM Educa\u00e7\u00e3o\"}]},{\"@type\":\"WebSite\",\"@id\":\"https:\\\/\\\/projetoslayerup.com.br\\\/smeducacao\\\/#website\",\"url\":\"https:\\\/\\\/projetoslayerup.com.br\\\/smeducacao\\\/\",\"name\":\"SM Educa\u00e7\u00e3o - Juntos cuidamos da educa\u00e7\u00e3o!\",\"description\":\"Transformamos a educa\u00e7\u00e3o por meio de solu\u00e7\u00f5es digitais, solu\u00e7\u00f5es did\u00e1ticas para uma aprendizagem personalizada e solu\u00e7\u00f5es estrat\u00e9gicas eficientes. Juntos cuidamos da Educa\u00e7\u00e3o!\",\"potentialAction\":[{\"@type\":\"SearchAction\",\"target\":{\"@type\":\"EntryPoint\",\"urlTemplate\":\"https:\\\/\\\/projetoslayerup.com.br\\\/smeducacao\\\/?s={search_term_string}\"},\"query-input\":{\"@type\":\"PropertyValueSpecification\",\"valueRequired\":true,\"valueName\":\"search_term_string\"}}],\"inLanguage\":\"pt-BR\"},{\"@type\":\"Person\",\"@id\":\"https:\\\/\\\/projetoslayerup.com.br\\\/smeducacao\\\/#\\\/schema\\\/person\\\/45d7d41388698d0f902ff276caab47f5\",\"name\":\"SM Educa\u00e7\u00e3o\",\"image\":{\"@type\":\"ImageObject\",\"inLanguage\":\"pt-BR\",\"@id\":\"https:\\\/\\\/secure.gravatar.com\\\/avatar\\\/24327468bc2a6fb95889620b4158620d90c5e352f7a18c30af0e3f8cb70bc104?s=96&d=mm&r=g\",\"url\":\"https:\\\/\\\/secure.gravatar.com\\\/avatar\\\/24327468bc2a6fb95889620b4158620d90c5e352f7a18c30af0e3f8cb70bc104?s=96&d=mm&r=g\",\"contentUrl\":\"https:\\\/\\\/secure.gravatar.com\\\/avatar\\\/24327468bc2a6fb95889620b4158620d90c5e352f7a18c30af0e3f8cb70bc104?s=96&d=mm&r=g\",\"caption\":\"SM Educa\u00e7\u00e3o\"},\"url\":\"https:\\\/\\\/projetoslayerup.com.br\\\/smeducacao\\\/author\\\/smeducacao2021\\\/\"}]}<\/script>\n<!-- \/ Yoast SEO plugin. -->","yoast_head_json":{"title":"Apoio pedag\u00f3gico webinars SM Educa\u00e7\u00e3o: o que sua institui\u00e7\u00e3o precisa","description":"Uma s\u00e9rie de webinars de apoio pedag\u00f3gico a gestores, educadores, pais e alunos, trazendo reflex\u00f5es inadi\u00e1veis. Assista nossas lives!","robots":{"index":"noindex","follow":"follow","max-snippet":"max-snippet:-1","max-image-preview":"max-image-preview:large","max-video-preview":"max-video-preview:-1"},"og_locale":"pt_BR","og_type":"article","og_title":"Apoio pedag\u00f3gico webinars SM Educa\u00e7\u00e3o: o que sua institui\u00e7\u00e3o precisa","og_description":"Uma s\u00e9rie de webinars de apoio pedag\u00f3gico a gestores, educadores, pais e alunos, trazendo reflex\u00f5es inadi\u00e1veis. Assista nossas lives!","og_url":"https:\/\/projetoslayerup.com.br\/smeducacao\/webinars-sm-educacao-apoio-pedagogico\/","og_site_name":"SM Educa\u00e7\u00e3o - Juntos cuidamos da educa\u00e7\u00e3o!","article_published_time":"2020-07-21T16:33:53+00:00","og_image":[{"width":1340,"height":945,"url":"https:\/\/projetoslayerup.com.br\/smeducacao\/wp-content\/uploads\/2020\/07\/HEADER-1.png","type":"image\/png"}],"author":"SM Educa\u00e7\u00e3o","twitter_card":"summary_large_image","twitter_misc":{"Escrito por":"SM Educa\u00e7\u00e3o","Est. tempo de leitura":"11 minutos"},"schema":{"@context":"https:\/\/schema.org","@graph":[{"@type":"Article","@id":"https:\/\/projetoslayerup.com.br\/smeducacao\/webinars-sm-educacao-apoio-pedagogico\/#article","isPartOf":{"@id":"https:\/\/projetoslayerup.com.br\/smeducacao\/webinars-sm-educacao-apoio-pedagogico\/"},"author":{"name":"SM Educa\u00e7\u00e3o","@id":"https:\/\/projetoslayerup.com.br\/smeducacao\/#\/schema\/person\/45d7d41388698d0f902ff276caab47f5"},"headline":"Aprenda li\u00e7\u00f5es valiosas nos webinars de apoio pedag\u00f3gico da SM Educa\u00e7\u00e3o","datePublished":"2020-07-21T16:33:53+00:00","mainEntityOfPage":{"@id":"https:\/\/projetoslayerup.com.br\/smeducacao\/webinars-sm-educacao-apoio-pedagogico\/"},"wordCount":1748,"commentCount":1,"image":{"@id":"https:\/\/projetoslayerup.com.br\/smeducacao\/webinars-sm-educacao-apoio-pedagogico\/#primaryimage"},"thumbnailUrl":"https:\/\/projetoslayerup.com.br\/smeducacao\/wp-content\/uploads\/2020\/07\/HEADER-1.png","articleSection":["Dicas para professores","Solu\u00e7\u00f5es educacionais","Tend\u00eancias na educa\u00e7\u00e3o"],"inLanguage":"pt-BR","potentialAction":[{"@type":"CommentAction","name":"Comment","target":["https:\/\/projetoslayerup.com.br\/smeducacao\/webinars-sm-educacao-apoio-pedagogico\/#respond"]}]},{"@type":"WebPage","@id":"https:\/\/projetoslayerup.com.br\/smeducacao\/webinars-sm-educacao-apoio-pedagogico\/","url":"https:\/\/projetoslayerup.com.br\/smeducacao\/webinars-sm-educacao-apoio-pedagogico\/","name":"Apoio pedag\u00f3gico webinars SM Educa\u00e7\u00e3o: o que sua institui\u00e7\u00e3o precisa","isPartOf":{"@id":"https:\/\/projetoslayerup.com.br\/smeducacao\/#website"},"primaryImageOfPage":{"@id":"https:\/\/projetoslayerup.com.br\/smeducacao\/webinars-sm-educacao-apoio-pedagogico\/#primaryimage"},"image":{"@id":"https:\/\/projetoslayerup.com.br\/smeducacao\/webinars-sm-educacao-apoio-pedagogico\/#primaryimage"},"thumbnailUrl":"https:\/\/projetoslayerup.com.br\/smeducacao\/wp-content\/uploads\/2020\/07\/HEADER-1.png","datePublished":"2020-07-21T16:33:53+00:00","author":{"@id":"https:\/\/projetoslayerup.com.br\/smeducacao\/#\/schema\/person\/45d7d41388698d0f902ff276caab47f5"},"description":"Uma s\u00e9rie de webinars de apoio pedag\u00f3gico a gestores, educadores, pais e alunos, trazendo reflex\u00f5es inadi\u00e1veis. Assista nossas lives!","breadcrumb":{"@id":"https:\/\/projetoslayerup.com.br\/smeducacao\/webinars-sm-educacao-apoio-pedagogico\/#breadcrumb"},"inLanguage":"pt-BR","potentialAction":[{"@type":"ReadAction","target":["https:\/\/projetoslayerup.com.br\/smeducacao\/webinars-sm-educacao-apoio-pedagogico\/"]}]},{"@type":"ImageObject","inLanguage":"pt-BR","@id":"https:\/\/projetoslayerup.com.br\/smeducacao\/webinars-sm-educacao-apoio-pedagogico\/#primaryimage","url":"https:\/\/projetoslayerup.com.br\/smeducacao\/wp-content\/uploads\/2020\/07\/HEADER-1.png","contentUrl":"https:\/\/projetoslayerup.com.br\/smeducacao\/wp-content\/uploads\/2020\/07\/HEADER-1.png","width":1340,"height":945,"caption":"Webinars SM Educa\u00e7\u00e3o"},{"@type":"BreadcrumbList","@id":"https:\/\/projetoslayerup.com.br\/smeducacao\/webinars-sm-educacao-apoio-pedagogico\/#breadcrumb","itemListElement":[{"@type":"ListItem","position":1,"name":"In\u00edcio","item":"https:\/\/projetoslayerup.com.br\/smeducacao\/"},{"@type":"ListItem","position":2,"name":"Aprenda li\u00e7\u00f5es valiosas nos webinars de apoio pedag\u00f3gico da SM Educa\u00e7\u00e3o"}]},{"@type":"WebSite","@id":"https:\/\/projetoslayerup.com.br\/smeducacao\/#website","url":"https:\/\/projetoslayerup.com.br\/smeducacao\/","name":"SM Educa\u00e7\u00e3o - Juntos cuidamos da educa\u00e7\u00e3o!","description":"Transformamos a educa\u00e7\u00e3o por meio de solu\u00e7\u00f5es digitais, solu\u00e7\u00f5es did\u00e1ticas para uma aprendizagem personalizada e solu\u00e7\u00f5es estrat\u00e9gicas eficientes. Juntos cuidamos da Educa\u00e7\u00e3o!","potentialAction":[{"@type":"SearchAction","target":{"@type":"EntryPoint","urlTemplate":"https:\/\/projetoslayerup.com.br\/smeducacao\/?s={search_term_string}"},"query-input":{"@type":"PropertyValueSpecification","valueRequired":true,"valueName":"search_term_string"}}],"inLanguage":"pt-BR"},{"@type":"Person","@id":"https:\/\/projetoslayerup.com.br\/smeducacao\/#\/schema\/person\/45d7d41388698d0f902ff276caab47f5","name":"SM Educa\u00e7\u00e3o","image":{"@type":"ImageObject","inLanguage":"pt-BR","@id":"https:\/\/secure.gravatar.com\/avatar\/24327468bc2a6fb95889620b4158620d90c5e352f7a18c30af0e3f8cb70bc104?s=96&d=mm&r=g","url":"https:\/\/secure.gravatar.com\/avatar\/24327468bc2a6fb95889620b4158620d90c5e352f7a18c30af0e3f8cb70bc104?s=96&d=mm&r=g","contentUrl":"https:\/\/secure.gravatar.com\/avatar\/24327468bc2a6fb95889620b4158620d90c5e352f7a18c30af0e3f8cb70bc104?s=96&d=mm&r=g","caption":"SM Educa\u00e7\u00e3o"},"url":"https:\/\/projetoslayerup.com.br\/smeducacao\/author\/smeducacao2021\/"}]}},"_links":{"self":[{"href":"https:\/\/projetoslayerup.com.br\/smeducacao\/wp-json\/wp\/v2\/posts\/1162","targetHints":{"allow":["GET"]}}],"collection":[{"href":"https:\/\/projetoslayerup.com.br\/smeducacao\/wp-json\/wp\/v2\/posts"}],"about":[{"href":"https:\/\/projetoslayerup.com.br\/smeducacao\/wp-json\/wp\/v2\/types\/post"}],"author":[{"embeddable":true,"href":"https:\/\/projetoslayerup.com.br\/smeducacao\/wp-json\/wp\/v2\/users\/2"}],"replies":[{"embeddable":true,"href":"https:\/\/projetoslayerup.com.br\/smeducacao\/wp-json\/wp\/v2\/comments?post=1162"}],"version-history":[{"count":0,"href":"https:\/\/projetoslayerup.com.br\/smeducacao\/wp-json\/wp\/v2\/posts\/1162\/revisions"}],"wp:featuredmedia":[{"embeddable":true,"href":"https:\/\/projetoslayerup.com.br\/smeducacao\/wp-json\/wp\/v2\/media\/5722"}],"wp:attachment":[{"href":"https:\/\/projetoslayerup.com.br\/smeducacao\/wp-json\/wp\/v2\/media?parent=1162"}],"wp:term":[{"taxonomy":"category","embeddable":true,"href":"https:\/\/projetoslayerup.com.br\/smeducacao\/wp-json\/wp\/v2\/categories?post=1162"},{"taxonomy":"post_tag","embeddable":true,"href":"https:\/\/projetoslayerup.com.br\/smeducacao\/wp-json\/wp\/v2\/tags?post=1162"},{"taxonomy":"blog_nivel_escolar","embeddable":true,"href":"https:\/\/projetoslayerup.com.br\/smeducacao\/wp-json\/wp\/v2\/blog_nivel_escolar?post=1162"},{"taxonomy":"blog_segmento_escolar","embeddable":true,"href":"https:\/\/projetoslayerup.com.br\/smeducacao\/wp-json\/wp\/v2\/blog_segmento_escolar?post=1162"}],"curies":[{"name":"wp","href":"https:\/\/api.w.org\/{rel}","templated":true}]}}