{"id":1213,"date":"2020-09-04T18:30:01","date_gmt":"2020-09-04T21:30:01","guid":{"rendered":"https:\/\/www.aeducacaonosmove.com.br\/?p=1213"},"modified":"2020-09-04T18:30:01","modified_gmt":"2020-09-04T21:30:01","slug":"lancamentos-literarios-formacao-integral","status":"publish","type":"post","link":"https:\/\/projetoslayerup.com.br\/smeducacao\/lancamentos-literarios-formacao-integral\/","title":{"rendered":"Lan\u00e7amentos liter\u00e1rios para a forma\u00e7\u00e3o integral dos estudantes"},"content":{"rendered":"\n<p class=\"wp-block-paragraph\">Independentemente das mudan\u00e7as e desafios enfrentados ao longo do tempo, a educa\u00e7\u00e3o segue firme, sempre em busca de solu\u00e7\u00f5es que atendam \u00e0s necessidades de ensino, aprendizagem e gest\u00e3o. Na SM Educa\u00e7\u00e3o, continuamos a exercer nosso papel como consultoria educacional, oferecendo \u00e0s institui\u00e7\u00f5es de ensino as melhores solu\u00e7\u00f5es para o desenvolvimento dos alunos.<\/p>\n\n\n\n<p class=\"wp-block-paragraph\" data-start=\"546\" data-end=\"1049\">A literatura tem sido um tema central em nossos <a href=\"https:\/\/materiais.smbrasil.com.br\/hub-de-conteudos-a-educacao-nao-para\" target=\"_blank\" rel=\"noopener\">materiais de apoio pedag\u00f3gico<\/a>, plataformas de aprendizado e outras iniciativas educacionais. Ela \u00e9 uma ferramenta atemporal, capaz de conectar as pessoas consigo mesmas e com os outros, por meio de uma rica experimenta\u00e7\u00e3o est\u00e9tica.<\/p>\n<p data-start=\"546\" data-end=\"1049\">Estimular o h\u00e1bito da leitura liter\u00e1ria desempenha um papel fundamental no desenvolvimento sociocultural, emocional e cognitivo dos jovens leitores, sendo um excelente recurso para apoiar a forma\u00e7\u00e3o integral dos estudantes.<\/p>\n\n\n\n<p class=\"wp-block-paragraph\" data-start=\"1051\" data-end=\"1732\">Pensando nisso, temos o prazer de compartilhar uma novidade relacionada a essa ferramenta essencial. Anunciamos o lan\u00e7amento de <a href=\"https:\/\/projetoslayerup.com.br\/smeducacao\/literatura\/\" target=\"_blank\" rel=\"noopener\">novas obras liter\u00e1rias<\/a> publicadas pela SM Educa\u00e7\u00e3o, voltadas para os segmentos Infantil (Educa\u00e7\u00e3o Infantil e Ensino Fundamental I) e Juvenil (Ensino Fundamental II e Ensino M\u00e9dio).<\/p>\n<p data-start=\"1051\" data-end=\"1732\">Nossas publica\u00e7\u00f5es apresentam narrativas emocionantes, curiosas, divertidas e inspiradoras, que abordam temas como lendas, folclore, autoconhecimento, empatia, cidadania e amadurecimento. Al\u00e9m disso, essas obras auxiliam no desenvolvimento de compet\u00eancias descritas na <a href=\"https:\/\/projetoslayerup.com.br\/smeducacao\/voce-sabe-o-que-e-a-bncc\/\" target=\"_blank\" rel=\"noopener\">Base Nacional Comum Curricular (BNCC)<\/a> e no fortalecimento das habilidades socioemocionais dos leitores.<\/p>\n<p data-start=\"1734\" data-end=\"1863\">Sabemos que a leitura abre as portas da imagina\u00e7\u00e3o, proporcionando novos conhecimentos e perspectivas \u00fanicas para cada indiv\u00edduo.\u00a0Vamos abrir essa porta juntos?<\/p>\n<p data-start=\"1734\" data-end=\"1863\">Conhe\u00e7a nossos lan\u00e7amentos:<\/p>\n\n\n\n<h3 class=\"wp-block-heading\"><b><br \/>Veja bem!<\/b> <span style=\"font-weight: 400;\"><br \/><\/span><span style=\"font-weight: 400;\">Um novo olhar sobre os opostos<\/span><\/h3>\n\n\n\n<p class=\"wp-block-paragraph\"><span style=\"font-weight: 400;\">Desde cedo as crian\u00e7as aprendem sobre os opostos, mas a obra de Susan Hood mostra que tudo \u00e9 uma quest\u00e3o de ponto de vista! Por meio de questionamentos e compara\u00e7\u00f5es entre opostos simples e complexos, \u201cVeja bem!\u201d conta a hist\u00f3ria de um garoto, um elefante e um gatinho que percorrem situa\u00e7\u00f5es diversas,dialogando com o leitor acerca da relatividade das coisas de modo inteligente e divertido, para alunos da Educa\u00e7\u00e3o Infantil, a partir de 5 anos.<\/span><\/p>\n\n\n\n<div class=\"wp-block-image\">\n<figure class=\"aligncenter\"><a href=\"https:\/\/smliteratura.smeducacao.com.br\/#\/lancamento\" target=\"_blank\" rel=\"noopener noreferrer\"><img decoding=\"async\" class=\"wp-image-1215\" src=\"https:\/\/www.aeducacaonosmove.com.br\/wp-content\/uploads\/2020\/09\/ub98zKxQ.jpeg\" alt=\"veja-bem\" \/><\/a><\/figure>\n<\/div>\n\n\n\n<h3 class=\"wp-block-heading\"><b><br \/>Minhas aventuras na noite<\/b><\/h3>\n\n\n\n<p class=\"wp-block-paragraph\"><span style=\"font-weight: 400;\">Na obra de St\u00e9phanie Demasse-Pottier, a protagonista pensa muito antes de dormir: relembra seu dia e imagina mil coisas at\u00e9 pegar no sono. Cada noite \u00e9 uma aventura diferente. No \u00e1lbum po\u00e9tico e delicado sobre os sonhos, a autora aborda temas como as expectativas, as emo\u00e7\u00f5es e os pensamentos infantis que permeiam os momentos de passagem entre a vig\u00edlia e o sono. Este livro da editora Tatu-Bola \u00e9 indicado para alunos do 1\u00ba e 2\u00ba anos do Ensino Fundamental, a partir de 6 anos.<\/span><\/p>\n\n\n\n<div class=\"wp-block-image\">\n<figure class=\"aligncenter\"><a href=\"https:\/\/smliteratura.smeducacao.com.br\/#\/lancamento\" target=\"_blank\" rel=\"noopener noreferrer\"><img decoding=\"async\" class=\"wp-image-1216\" src=\"https:\/\/www.aeducacaonosmove.com.br\/wp-content\/uploads\/2020\/09\/VfdLBgRw.jpeg\" alt=\"aventuras-na-noite\" \/><\/a><\/figure>\n<\/div>\n\n\n\n<h3 class=\"wp-block-heading\"><b><br \/>Fabulosos e assustadores! <\/b><span style=\"font-weight: 400;\"><br \/><\/span><span style=\"font-weight: 400;\">Criaturas e bichos do folclore brasileiro<\/span><\/h3>\n\n\n\n<p class=\"wp-block-paragraph\"><span style=\"font-weight: 400;\">A obra, para alunos dos 3\u00ba e 4\u00ba anos do Ensino Fundamental, explora, de modo l\u00fadico, diferentes seres do folclore brasileiro. Os quatorze poemas ilustrados tratam de animais e criaturas fant\u00e1sticos, e tamb\u00e9m assustadores, presentes em lendas, supersti\u00e7\u00f5es e mitos de diversas regi\u00f5es do pa\u00eds, e ao final, o pequeno leitor encontra um gloss\u00e1rio que contextualiza cada um dos seres apresentados ao longo do livro escrito por Lalau.<\/span><\/p>\n\n\n\n<div class=\"wp-block-image\">\n<figure class=\"aligncenter\"><a href=\"https:\/\/smliteratura.smeducacao.com.br\/#\/lancamento\" target=\"_blank\" rel=\"noopener noreferrer\"><img decoding=\"async\" class=\"wp-image-1217\" src=\"https:\/\/www.aeducacaonosmove.com.br\/wp-content\/uploads\/2020\/09\/D91JIMoA.jpeg\" alt=\"fabulosos-assustadores\" \/><\/a><\/figure>\n<\/div>\n\n\n\n<h3 class=\"wp-block-heading\"><b><br \/>O mist\u00e9rio do t\u00eanis azul<\/b><\/h3>\n\n\n\n<p class=\"wp-block-paragraph\"><span style=\"font-weight: 400;\">Neste conto de Andr\u00e9 Bouchard, as crian\u00e7as Ad\u00e9lia, Hort\u00eansia, Paulo, Camila e Hugo encontram um p\u00e9 de t\u00eanis azul na cal\u00e7ada e ficam curiosas sobre a raz\u00e3o de ele estar ali abandonado. Come\u00e7am a buscar respostas para os seus pr\u00f3prios questionamentos. Cada um deles tem uma vers\u00e3o diferente e mirabolante para a hist\u00f3ria, o que torna essa investiga\u00e7\u00e3o muito divertida e cheia de imagina\u00e7\u00e3o. A obra \u00e9 recomendada para\u00a0 alunos dos 3\u00ba e 4\u00ba anos e apoia o desenvolvimento de compet\u00eancias como pensamento cr\u00edtico, resolu\u00e7\u00e3o de problemas e criatividade.<\/span><\/p>\n\n\n\n<div class=\"wp-block-image\">\n<figure class=\"aligncenter\"><a href=\"https:\/\/smliteratura.smeducacao.com.br\/#\/lancamento\" target=\"_blank\" rel=\"noopener noreferrer\"><img decoding=\"async\" class=\"wp-image-1218\" src=\"https:\/\/www.aeducacaonosmove.com.br\/wp-content\/uploads\/2020\/09\/LLK4vdHQ.jpeg\" alt=\"misterio-tenis-azul\" \/><\/a><\/figure>\n<\/div>\n\n\n\n<h3 class=\"wp-block-heading\"><b><br \/>Nos estilha\u00e7os de espelho<\/b><\/h3>\n\n\n\n<p class=\"wp-block-paragraph\"><span style=\"font-weight: 400;\">A\u00a0 novela em forma de di\u00e1rio da autora Florence Hinckel apoia jovens leitores a partir de 14 anos no desenvolvimento de habilidades socioemocionais. Cleo \u00e9 uma adolescente prestes a completar quinze anos, a mesma idade que tinha Anne Frank, uma das personalidades que mais admira, quando morreu na Alemanha em um campo de concentra\u00e7\u00e3o. Cleo decide ent\u00e3o escrever um di\u00e1rio, tendo Anne como interlocutora. Nesse di\u00e1logo imagin\u00e1rio, Cleo rememora a trajet\u00f3ria de Anne em seu anexo secreto, mergulha em si mesma e em suas rela\u00e7\u00f5es familiares e sociais, refletindo sobre os caminhos por vezes tortuosos dos afetos, sobre as injusti\u00e7as e a complexidade do mundo, em geral.<\/span><\/p>\n\n\n\n<div class=\"wp-block-image\">\n<figure class=\"aligncenter\"><a href=\"https:\/\/smliteratura.smeducacao.com.br\/#\/lancamento\"><img decoding=\"async\" class=\"wp-image-1219\" src=\"https:\/\/www.aeducacaonosmove.com.br\/wp-content\/uploads\/2020\/09\/Z9BBjAmw.jpeg\" alt=\"estilha\u00e7o-espelho\" \/><\/a><\/figure>\n<\/div>\n\n\n\n<h3 class=\"wp-block-heading\"><b><br \/>O jogo de ler o mundo<\/b><\/h3>\n\n\n\n<p class=\"wp-block-paragraph\"><span style=\"font-weight: 400;\">A colet\u00e2nea de 23 poemas de Andr\u00e9 Gravat\u00e1 explora as diferentes formas de ler o mundo com reflex\u00f5es sobre o cotidiano e eventos da atualidade. Em linguagem simples e indicada para estudantes a partir de 14 anos, cada poema provoca o leitor a olhar para as pequenas e grandes coisas da vida, a refletir sobre sua posi\u00e7\u00e3o no mundo, seu entorno e sua rela\u00e7\u00e3o com o pr\u00f3ximo.<\/span><\/p>\n\n\n\n<div class=\"wp-block-image\">\n<figure class=\"aligncenter\"><img decoding=\"async\" class=\"wp-image-1220\" src=\"https:\/\/www.aeducacaonosmove.com.br\/wp-content\/uploads\/2020\/09\/XAFZanhg.jpeg\" alt=\"arte-ler-o-mundo\" \/><\/figure>\n<\/div>\n\n\n\n<p class=\"wp-block-paragraph\">&nbsp;<\/p>\n\n\n\n<p class=\"wp-block-paragraph\" data-start=\"102\" data-end=\"316\">Esses s\u00e3o os mais recentes lan\u00e7amentos da SM Literatura. Em nossa plataforma, voc\u00ea pode <a href=\"https:\/\/www.smeducacao.com.br\/literatura\/\" target=\"_blank\" rel=\"noopener\">explorar todo o nosso cat\u00e1logo de literatura<\/a>, que conta com diversas outras obras de grandes autores. N\u00e3o deixe de aproveitar!<\/p>\n<p data-start=\"318\" data-end=\"556\">Lembre-se: com a SM Educa\u00e7\u00e3o, voc\u00ea tem o apoio pedag\u00f3gico completo para todos os aspectos do ensino, desde a sala de aula at\u00e9 a gest\u00e3o da sua escola. Esperamos que nossos conte\u00fados sejam \u00fateis e que apoiem voc\u00ea em sua jornada educacional.<\/p>\n\n\n\n\n\n\n","protected":false},"excerpt":{"rendered":"<p>Independentemente das mudan\u00e7as e desafios enfrentados ao longo do tempo, a educa\u00e7\u00e3o segue firme, sempre em busca de solu\u00e7\u00f5es que atendam \u00e0s necessidades de ensino, aprendizagem e gest\u00e3o. Na SM Educa\u00e7\u00e3o, continuamos a exercer nosso papel como consultoria educacional, oferecendo \u00e0s institui\u00e7\u00f5es de ensino as melhores solu\u00e7\u00f5es para o desenvolvimento dos alunos. A literatura tem [&hellip;]<\/p>\n","protected":false},"author":2,"featured_media":5092,"comment_status":"open","ping_status":"open","sticky":false,"template":"","format":"standard","meta":{"_acf_changed":false,"footnotes":""},"categories":[13,40,17],"tags":[],"blog_nivel_escolar":[],"blog_segmento_escolar":[],"class_list":["post-1213","post","type-post","status-publish","format-standard","has-post-thumbnail","hentry","category-institucional","category-literatura","category-solucoes-educacionais"],"acf":[],"yoast_head":"<!-- This site is optimized with the Yoast SEO plugin v28.3 - https:\/\/yoast.com\/product\/yoast-seo-wordpress\/ -->\n<title>Lan\u00e7amentos liter\u00e1rios para a forma\u00e7\u00e3o integral dos estudantes<\/title>\n<meta name=\"description\" content=\"Veja os lan\u00e7amentos liter\u00e1rios da SM Educa\u00e7\u00e3o. Obras para todos os segmentos educacionais, desenvolvendo as compet\u00eancias socioemocionais dos alunos.\" \/>\n<meta name=\"robots\" content=\"noindex, follow, max-snippet:-1, max-image-preview:large, max-video-preview:-1\" \/>\n<meta property=\"og:locale\" content=\"pt_BR\" \/>\n<meta property=\"og:type\" content=\"article\" \/>\n<meta property=\"og:title\" content=\"Lan\u00e7amentos liter\u00e1rios para a forma\u00e7\u00e3o integral dos estudantes\" \/>\n<meta property=\"og:description\" content=\"Veja os lan\u00e7amentos liter\u00e1rios da SM Educa\u00e7\u00e3o. Obras para todos os segmentos educacionais, desenvolvendo as compet\u00eancias socioemocionais dos alunos.\" \/>\n<meta property=\"og:url\" content=\"https:\/\/projetoslayerup.com.br\/smeducacao\/lancamentos-literarios-formacao-integral\/\" \/>\n<meta property=\"og:site_name\" content=\"SM Educa\u00e7\u00e3o - Juntos cuidamos da educa\u00e7\u00e3o!\" \/>\n<meta property=\"article:published_time\" content=\"2020-09-04T21:30:01+00:00\" \/>\n<meta property=\"og:image\" content=\"https:\/\/projetoslayerup.com.br\/smeducacao\/wp-content\/uploads\/2020\/09\/literatura-1.png\" \/>\n\t<meta property=\"og:image:width\" content=\"1920\" \/>\n\t<meta property=\"og:image:height\" content=\"1080\" \/>\n\t<meta property=\"og:image:type\" content=\"image\/png\" \/>\n<meta name=\"author\" content=\"SM Educa\u00e7\u00e3o\" \/>\n<meta name=\"twitter:card\" content=\"summary_large_image\" \/>\n<meta name=\"twitter:label1\" content=\"Escrito por\" \/>\n\t<meta name=\"twitter:data1\" content=\"SM Educa\u00e7\u00e3o\" \/>\n\t<meta name=\"twitter:label2\" content=\"Est. tempo de leitura\" \/>\n\t<meta name=\"twitter:data2\" content=\"7 minutos\" \/>\n<script type=\"application\/ld+json\" class=\"yoast-schema-graph\">{\"@context\":\"https:\\\/\\\/schema.org\",\"@graph\":[{\"@type\":\"Article\",\"@id\":\"https:\\\/\\\/projetoslayerup.com.br\\\/smeducacao\\\/lancamentos-literarios-formacao-integral\\\/#article\",\"isPartOf\":{\"@id\":\"https:\\\/\\\/projetoslayerup.com.br\\\/smeducacao\\\/lancamentos-literarios-formacao-integral\\\/\"},\"author\":{\"name\":\"SM Educa\u00e7\u00e3o\",\"@id\":\"https:\\\/\\\/projetoslayerup.com.br\\\/smeducacao\\\/#\\\/schema\\\/person\\\/45d7d41388698d0f902ff276caab47f5\"},\"headline\":\"Lan\u00e7amentos liter\u00e1rios para a forma\u00e7\u00e3o integral dos estudantes\",\"datePublished\":\"2020-09-04T21:30:01+00:00\",\"mainEntityOfPage\":{\"@id\":\"https:\\\/\\\/projetoslayerup.com.br\\\/smeducacao\\\/lancamentos-literarios-formacao-integral\\\/\"},\"wordCount\":919,\"commentCount\":0,\"image\":{\"@id\":\"https:\\\/\\\/projetoslayerup.com.br\\\/smeducacao\\\/lancamentos-literarios-formacao-integral\\\/#primaryimage\"},\"thumbnailUrl\":\"https:\\\/\\\/projetoslayerup.com.br\\\/smeducacao\\\/wp-content\\\/uploads\\\/2020\\\/09\\\/literatura-1.png\",\"articleSection\":[\"Institucional\",\"Literatura\",\"Solu\u00e7\u00f5es educacionais\"],\"inLanguage\":\"pt-BR\",\"potentialAction\":[{\"@type\":\"CommentAction\",\"name\":\"Comment\",\"target\":[\"https:\\\/\\\/projetoslayerup.com.br\\\/smeducacao\\\/lancamentos-literarios-formacao-integral\\\/#respond\"]}]},{\"@type\":\"WebPage\",\"@id\":\"https:\\\/\\\/projetoslayerup.com.br\\\/smeducacao\\\/lancamentos-literarios-formacao-integral\\\/\",\"url\":\"https:\\\/\\\/projetoslayerup.com.br\\\/smeducacao\\\/lancamentos-literarios-formacao-integral\\\/\",\"name\":\"Lan\u00e7amentos liter\u00e1rios para a forma\u00e7\u00e3o integral dos estudantes\",\"isPartOf\":{\"@id\":\"https:\\\/\\\/projetoslayerup.com.br\\\/smeducacao\\\/#website\"},\"primaryImageOfPage\":{\"@id\":\"https:\\\/\\\/projetoslayerup.com.br\\\/smeducacao\\\/lancamentos-literarios-formacao-integral\\\/#primaryimage\"},\"image\":{\"@id\":\"https:\\\/\\\/projetoslayerup.com.br\\\/smeducacao\\\/lancamentos-literarios-formacao-integral\\\/#primaryimage\"},\"thumbnailUrl\":\"https:\\\/\\\/projetoslayerup.com.br\\\/smeducacao\\\/wp-content\\\/uploads\\\/2020\\\/09\\\/literatura-1.png\",\"datePublished\":\"2020-09-04T21:30:01+00:00\",\"author\":{\"@id\":\"https:\\\/\\\/projetoslayerup.com.br\\\/smeducacao\\\/#\\\/schema\\\/person\\\/45d7d41388698d0f902ff276caab47f5\"},\"description\":\"Veja os lan\u00e7amentos liter\u00e1rios da SM Educa\u00e7\u00e3o. Obras para todos os segmentos educacionais, desenvolvendo as compet\u00eancias socioemocionais dos alunos.\",\"breadcrumb\":{\"@id\":\"https:\\\/\\\/projetoslayerup.com.br\\\/smeducacao\\\/lancamentos-literarios-formacao-integral\\\/#breadcrumb\"},\"inLanguage\":\"pt-BR\",\"potentialAction\":[{\"@type\":\"ReadAction\",\"target\":[\"https:\\\/\\\/projetoslayerup.com.br\\\/smeducacao\\\/lancamentos-literarios-formacao-integral\\\/\"]}]},{\"@type\":\"ImageObject\",\"inLanguage\":\"pt-BR\",\"@id\":\"https:\\\/\\\/projetoslayerup.com.br\\\/smeducacao\\\/lancamentos-literarios-formacao-integral\\\/#primaryimage\",\"url\":\"https:\\\/\\\/projetoslayerup.com.br\\\/smeducacao\\\/wp-content\\\/uploads\\\/2020\\\/09\\\/literatura-1.png\",\"contentUrl\":\"https:\\\/\\\/projetoslayerup.com.br\\\/smeducacao\\\/wp-content\\\/uploads\\\/2020\\\/09\\\/literatura-1.png\",\"width\":1920,\"height\":1080,\"caption\":\"Lan\u00e7amentos literatura\"},{\"@type\":\"BreadcrumbList\",\"@id\":\"https:\\\/\\\/projetoslayerup.com.br\\\/smeducacao\\\/lancamentos-literarios-formacao-integral\\\/#breadcrumb\",\"itemListElement\":[{\"@type\":\"ListItem\",\"position\":1,\"name\":\"In\u00edcio\",\"item\":\"https:\\\/\\\/projetoslayerup.com.br\\\/smeducacao\\\/\"},{\"@type\":\"ListItem\",\"position\":2,\"name\":\"Lan\u00e7amentos liter\u00e1rios para a forma\u00e7\u00e3o integral dos estudantes\"}]},{\"@type\":\"WebSite\",\"@id\":\"https:\\\/\\\/projetoslayerup.com.br\\\/smeducacao\\\/#website\",\"url\":\"https:\\\/\\\/projetoslayerup.com.br\\\/smeducacao\\\/\",\"name\":\"SM Educa\u00e7\u00e3o - Juntos cuidamos da educa\u00e7\u00e3o!\",\"description\":\"Transformamos a educa\u00e7\u00e3o por meio de solu\u00e7\u00f5es digitais, solu\u00e7\u00f5es did\u00e1ticas para uma aprendizagem personalizada e solu\u00e7\u00f5es estrat\u00e9gicas eficientes. Juntos cuidamos da Educa\u00e7\u00e3o!\",\"potentialAction\":[{\"@type\":\"SearchAction\",\"target\":{\"@type\":\"EntryPoint\",\"urlTemplate\":\"https:\\\/\\\/projetoslayerup.com.br\\\/smeducacao\\\/?s={search_term_string}\"},\"query-input\":{\"@type\":\"PropertyValueSpecification\",\"valueRequired\":true,\"valueName\":\"search_term_string\"}}],\"inLanguage\":\"pt-BR\"},{\"@type\":\"Person\",\"@id\":\"https:\\\/\\\/projetoslayerup.com.br\\\/smeducacao\\\/#\\\/schema\\\/person\\\/45d7d41388698d0f902ff276caab47f5\",\"name\":\"SM Educa\u00e7\u00e3o\",\"image\":{\"@type\":\"ImageObject\",\"inLanguage\":\"pt-BR\",\"@id\":\"https:\\\/\\\/secure.gravatar.com\\\/avatar\\\/24327468bc2a6fb95889620b4158620d90c5e352f7a18c30af0e3f8cb70bc104?s=96&d=mm&r=g\",\"url\":\"https:\\\/\\\/secure.gravatar.com\\\/avatar\\\/24327468bc2a6fb95889620b4158620d90c5e352f7a18c30af0e3f8cb70bc104?s=96&d=mm&r=g\",\"contentUrl\":\"https:\\\/\\\/secure.gravatar.com\\\/avatar\\\/24327468bc2a6fb95889620b4158620d90c5e352f7a18c30af0e3f8cb70bc104?s=96&d=mm&r=g\",\"caption\":\"SM Educa\u00e7\u00e3o\"},\"url\":\"https:\\\/\\\/projetoslayerup.com.br\\\/smeducacao\\\/author\\\/smeducacao2021\\\/\"}]}<\/script>\n<!-- \/ Yoast SEO plugin. -->","yoast_head_json":{"title":"Lan\u00e7amentos liter\u00e1rios para a forma\u00e7\u00e3o integral dos estudantes","description":"Veja os lan\u00e7amentos liter\u00e1rios da SM Educa\u00e7\u00e3o. Obras para todos os segmentos educacionais, desenvolvendo as compet\u00eancias socioemocionais dos alunos.","robots":{"index":"noindex","follow":"follow","max-snippet":"max-snippet:-1","max-image-preview":"max-image-preview:large","max-video-preview":"max-video-preview:-1"},"og_locale":"pt_BR","og_type":"article","og_title":"Lan\u00e7amentos liter\u00e1rios para a forma\u00e7\u00e3o integral dos estudantes","og_description":"Veja os lan\u00e7amentos liter\u00e1rios da SM Educa\u00e7\u00e3o. Obras para todos os segmentos educacionais, desenvolvendo as compet\u00eancias socioemocionais dos alunos.","og_url":"https:\/\/projetoslayerup.com.br\/smeducacao\/lancamentos-literarios-formacao-integral\/","og_site_name":"SM Educa\u00e7\u00e3o - Juntos cuidamos da educa\u00e7\u00e3o!","article_published_time":"2020-09-04T21:30:01+00:00","og_image":[{"width":1920,"height":1080,"url":"https:\/\/projetoslayerup.com.br\/smeducacao\/wp-content\/uploads\/2020\/09\/literatura-1.png","type":"image\/png"}],"author":"SM Educa\u00e7\u00e3o","twitter_card":"summary_large_image","twitter_misc":{"Escrito por":"SM Educa\u00e7\u00e3o","Est. tempo de leitura":"7 minutos"},"schema":{"@context":"https:\/\/schema.org","@graph":[{"@type":"Article","@id":"https:\/\/projetoslayerup.com.br\/smeducacao\/lancamentos-literarios-formacao-integral\/#article","isPartOf":{"@id":"https:\/\/projetoslayerup.com.br\/smeducacao\/lancamentos-literarios-formacao-integral\/"},"author":{"name":"SM Educa\u00e7\u00e3o","@id":"https:\/\/projetoslayerup.com.br\/smeducacao\/#\/schema\/person\/45d7d41388698d0f902ff276caab47f5"},"headline":"Lan\u00e7amentos liter\u00e1rios para a forma\u00e7\u00e3o integral dos estudantes","datePublished":"2020-09-04T21:30:01+00:00","mainEntityOfPage":{"@id":"https:\/\/projetoslayerup.com.br\/smeducacao\/lancamentos-literarios-formacao-integral\/"},"wordCount":919,"commentCount":0,"image":{"@id":"https:\/\/projetoslayerup.com.br\/smeducacao\/lancamentos-literarios-formacao-integral\/#primaryimage"},"thumbnailUrl":"https:\/\/projetoslayerup.com.br\/smeducacao\/wp-content\/uploads\/2020\/09\/literatura-1.png","articleSection":["Institucional","Literatura","Solu\u00e7\u00f5es educacionais"],"inLanguage":"pt-BR","potentialAction":[{"@type":"CommentAction","name":"Comment","target":["https:\/\/projetoslayerup.com.br\/smeducacao\/lancamentos-literarios-formacao-integral\/#respond"]}]},{"@type":"WebPage","@id":"https:\/\/projetoslayerup.com.br\/smeducacao\/lancamentos-literarios-formacao-integral\/","url":"https:\/\/projetoslayerup.com.br\/smeducacao\/lancamentos-literarios-formacao-integral\/","name":"Lan\u00e7amentos liter\u00e1rios para a forma\u00e7\u00e3o integral dos estudantes","isPartOf":{"@id":"https:\/\/projetoslayerup.com.br\/smeducacao\/#website"},"primaryImageOfPage":{"@id":"https:\/\/projetoslayerup.com.br\/smeducacao\/lancamentos-literarios-formacao-integral\/#primaryimage"},"image":{"@id":"https:\/\/projetoslayerup.com.br\/smeducacao\/lancamentos-literarios-formacao-integral\/#primaryimage"},"thumbnailUrl":"https:\/\/projetoslayerup.com.br\/smeducacao\/wp-content\/uploads\/2020\/09\/literatura-1.png","datePublished":"2020-09-04T21:30:01+00:00","author":{"@id":"https:\/\/projetoslayerup.com.br\/smeducacao\/#\/schema\/person\/45d7d41388698d0f902ff276caab47f5"},"description":"Veja os lan\u00e7amentos liter\u00e1rios da SM Educa\u00e7\u00e3o. Obras para todos os segmentos educacionais, desenvolvendo as compet\u00eancias socioemocionais dos alunos.","breadcrumb":{"@id":"https:\/\/projetoslayerup.com.br\/smeducacao\/lancamentos-literarios-formacao-integral\/#breadcrumb"},"inLanguage":"pt-BR","potentialAction":[{"@type":"ReadAction","target":["https:\/\/projetoslayerup.com.br\/smeducacao\/lancamentos-literarios-formacao-integral\/"]}]},{"@type":"ImageObject","inLanguage":"pt-BR","@id":"https:\/\/projetoslayerup.com.br\/smeducacao\/lancamentos-literarios-formacao-integral\/#primaryimage","url":"https:\/\/projetoslayerup.com.br\/smeducacao\/wp-content\/uploads\/2020\/09\/literatura-1.png","contentUrl":"https:\/\/projetoslayerup.com.br\/smeducacao\/wp-content\/uploads\/2020\/09\/literatura-1.png","width":1920,"height":1080,"caption":"Lan\u00e7amentos literatura"},{"@type":"BreadcrumbList","@id":"https:\/\/projetoslayerup.com.br\/smeducacao\/lancamentos-literarios-formacao-integral\/#breadcrumb","itemListElement":[{"@type":"ListItem","position":1,"name":"In\u00edcio","item":"https:\/\/projetoslayerup.com.br\/smeducacao\/"},{"@type":"ListItem","position":2,"name":"Lan\u00e7amentos liter\u00e1rios para a forma\u00e7\u00e3o integral dos estudantes"}]},{"@type":"WebSite","@id":"https:\/\/projetoslayerup.com.br\/smeducacao\/#website","url":"https:\/\/projetoslayerup.com.br\/smeducacao\/","name":"SM Educa\u00e7\u00e3o - Juntos cuidamos da educa\u00e7\u00e3o!","description":"Transformamos a educa\u00e7\u00e3o por meio de solu\u00e7\u00f5es digitais, solu\u00e7\u00f5es did\u00e1ticas para uma aprendizagem personalizada e solu\u00e7\u00f5es estrat\u00e9gicas eficientes. Juntos cuidamos da Educa\u00e7\u00e3o!","potentialAction":[{"@type":"SearchAction","target":{"@type":"EntryPoint","urlTemplate":"https:\/\/projetoslayerup.com.br\/smeducacao\/?s={search_term_string}"},"query-input":{"@type":"PropertyValueSpecification","valueRequired":true,"valueName":"search_term_string"}}],"inLanguage":"pt-BR"},{"@type":"Person","@id":"https:\/\/projetoslayerup.com.br\/smeducacao\/#\/schema\/person\/45d7d41388698d0f902ff276caab47f5","name":"SM Educa\u00e7\u00e3o","image":{"@type":"ImageObject","inLanguage":"pt-BR","@id":"https:\/\/secure.gravatar.com\/avatar\/24327468bc2a6fb95889620b4158620d90c5e352f7a18c30af0e3f8cb70bc104?s=96&d=mm&r=g","url":"https:\/\/secure.gravatar.com\/avatar\/24327468bc2a6fb95889620b4158620d90c5e352f7a18c30af0e3f8cb70bc104?s=96&d=mm&r=g","contentUrl":"https:\/\/secure.gravatar.com\/avatar\/24327468bc2a6fb95889620b4158620d90c5e352f7a18c30af0e3f8cb70bc104?s=96&d=mm&r=g","caption":"SM Educa\u00e7\u00e3o"},"url":"https:\/\/projetoslayerup.com.br\/smeducacao\/author\/smeducacao2021\/"}]}},"_links":{"self":[{"href":"https:\/\/projetoslayerup.com.br\/smeducacao\/wp-json\/wp\/v2\/posts\/1213","targetHints":{"allow":["GET"]}}],"collection":[{"href":"https:\/\/projetoslayerup.com.br\/smeducacao\/wp-json\/wp\/v2\/posts"}],"about":[{"href":"https:\/\/projetoslayerup.com.br\/smeducacao\/wp-json\/wp\/v2\/types\/post"}],"author":[{"embeddable":true,"href":"https:\/\/projetoslayerup.com.br\/smeducacao\/wp-json\/wp\/v2\/users\/2"}],"replies":[{"embeddable":true,"href":"https:\/\/projetoslayerup.com.br\/smeducacao\/wp-json\/wp\/v2\/comments?post=1213"}],"version-history":[{"count":0,"href":"https:\/\/projetoslayerup.com.br\/smeducacao\/wp-json\/wp\/v2\/posts\/1213\/revisions"}],"wp:featuredmedia":[{"embeddable":true,"href":"https:\/\/projetoslayerup.com.br\/smeducacao\/wp-json\/wp\/v2\/media\/5092"}],"wp:attachment":[{"href":"https:\/\/projetoslayerup.com.br\/smeducacao\/wp-json\/wp\/v2\/media?parent=1213"}],"wp:term":[{"taxonomy":"category","embeddable":true,"href":"https:\/\/projetoslayerup.com.br\/smeducacao\/wp-json\/wp\/v2\/categories?post=1213"},{"taxonomy":"post_tag","embeddable":true,"href":"https:\/\/projetoslayerup.com.br\/smeducacao\/wp-json\/wp\/v2\/tags?post=1213"},{"taxonomy":"blog_nivel_escolar","embeddable":true,"href":"https:\/\/projetoslayerup.com.br\/smeducacao\/wp-json\/wp\/v2\/blog_nivel_escolar?post=1213"},{"taxonomy":"blog_segmento_escolar","embeddable":true,"href":"https:\/\/projetoslayerup.com.br\/smeducacao\/wp-json\/wp\/v2\/blog_segmento_escolar?post=1213"}],"curies":[{"name":"wp","href":"https:\/\/api.w.org\/{rel}","templated":true}]}}