{"id":1281,"date":"2021-01-14T12:31:49","date_gmt":"2021-01-14T15:31:49","guid":{"rendered":"https:\/\/www.aeducacaonosmove.com.br\/?p=1281"},"modified":"2021-01-14T12:31:49","modified_gmt":"2021-01-14T15:31:49","slug":"semana-pedagogica-definindo-metas-planejamento","status":"publish","type":"post","link":"https:\/\/projetoslayerup.com.br\/smeducacao\/semana-pedagogica-definindo-metas-planejamento\/","title":{"rendered":"Organizando a semana pedag\u00f3gica: definindo metas, planejando o ano"},"content":{"rendered":"\n<p><span style=\"font-weight: 400;\">Quando planejamos uma festa para receber as pessoas das quais gostamos, nos preocupamos com o que serviremos, com a decora\u00e7\u00e3o, como deixar todos <\/span><b>confort\u00e1veis <\/b><span style=\"font-weight: 400;\">e <\/span><b>acolhidos<\/b><span style=\"font-weight: 400;\">. Nosso desejo \u00e9 de que os momentos da festa fiquem na<\/span><b> mem\u00f3ria <\/b><span style=\"font-weight: 400;\">das pessoas de modo positivo. Assim tamb\u00e9m devemos fazer na <\/span><b>semana pedag\u00f3gica<\/b><span style=\"font-weight: 400;\">.<\/span><\/p>\n<p><span style=\"font-weight: 400;\">Ao organizarmos a semana pedag\u00f3gica, devemos tamb\u00e9m ter como <\/span><b>metas <\/b><span style=\"font-weight: 400;\">criar momentos positivos e <\/span><b>rela\u00e7\u00f5es significativas <\/b><span style=\"font-weight: 400;\">entre a equipe, que durar\u00e3o o ano inteiro e garantir\u00e3o o engajamento de todos.&nbsp;<\/span><\/p>\n<p><span style=\"font-weight: 400;\">A semana pedag\u00f3gica precisa proporcionar ao grupo momentos de acolhida, estudo, <\/span><b>reflex\u00e3o<\/b><span style=\"font-weight: 400;\">, <\/span><b>di\u00e1logo <\/b><span style=\"font-weight: 400;\">e <\/span><b>estabelecimento de metas<\/b><span style=\"font-weight: 400;\">. Os combinados e organiza\u00e7\u00f5es s\u00e3o importantes, mas n\u00e3o devem ocupar todo o tempo.<\/span><\/p>\n<p><span style=\"font-weight: 400;\">O coordenador pedag\u00f3gico \u00e9 o maestro desse processo e precisa ter sensibilidade para conhecer sua equipe e pensar como a semana pedag\u00f3gica pode oferecer momentos de crescimento e partilha.<\/span><\/p>\n<h2><strong>O in\u00edcio de ano com a semana pedag\u00f3gica<\/strong><\/h2>\n<p><span style=\"font-weight: 400;\">A cada in\u00edcio de<\/span><b> ano letivo<\/b><span style=\"font-weight: 400;\">, novas expectativas s\u00e3o desenhadas: como ser\u00e3o nossos novos alunos? Como ser\u00e3o as rela\u00e7\u00f5es? Como melhor desenvolver nosso trabalho? Acolher esses sentimentos e d\u00favidas \u00e9 mais um momento importante a ser garantido na semana pedag\u00f3gica.<\/span><\/p>\n<p><b>Vejamos algumas sugest\u00f5es para ajudar nesta programa\u00e7\u00e3o:<\/b><\/p>\n<h2><b>Momento da acolhida&nbsp;<\/b><\/h2>\n<p><span style=\"font-weight: 400;\">Nosso local de trabalho torna-se nossa segunda casa. Na escola h\u00e1 pessoas que trabalham juntas por muitos anos e isso estreita as rela\u00e7\u00f5es. <br><br>Por isso, preparar o ambiente para receber a equipe depois de um <\/span><b>per\u00edodo de f\u00e9rias<\/b><span style=\"font-weight: 400;\"> \u00e9 acolher primeiro os sentimentos, as rela\u00e7\u00f5es e as pessoas, antes das fun\u00e7\u00f5es.&nbsp;<\/span><\/p>\n<p><span style=\"font-weight: 400;\">Que tal fazer um caminho, no local em que todos se encontrar\u00e3o, com a foto de cada um e uma frase de acolhida? <br><br>\u00c9 muito <\/span><b>significativo <\/b><span style=\"font-weight: 400;\">entrar em um espa\u00e7o e <\/span><b>se reconhecer como parte desse lugar<\/b><span style=\"font-weight: 400;\">, dessa equipe.&nbsp;<\/span><\/p>\n<p><span style=\"font-weight: 400;\">Outra dica \u00e9 a equipe ser recebida com m\u00fasica. Se a escola tem recursos ou at\u00e9 uma equipe de m\u00fasica que pode tocar para o grupo, disp\u00f5e de uma \u00f3tima alternativa para <\/span><b>proporcionar um clima acolhedor<\/b><span style=\"font-weight: 400;\">.<\/span><\/p>\n<h2><b>Contemple toda a comunidade escolar<\/b><\/h2>\n<p><span style=\"font-weight: 400;\">A <\/span><b>equipe gestora e de coordena\u00e7\u00e3o<\/b><span style=\"font-weight: 400;\"> pode aguardar a chegada dos professores para abra\u00e7\u00e1-los e dizer o quanto s\u00e3o importantes para a escola. Esse \u00e9 outro gesto que faz com que a pessoa se sinta membro do grupo.<\/span><\/p>\n<p><span style=\"font-weight: 400;\">Neste momento em que vivemos, muito provavelmente essa <\/span><b>semana pedag\u00f3gica ser\u00e1 virtual<\/b><span style=\"font-weight: 400;\">. Prepare um v\u00eddeo com fotos, escolha um texto motivacional que inspire a esperan\u00e7a e a empatia. Cuide dessa chegada, desse primeiro toque.<\/span><\/p>\n<p><span style=\"font-weight: 400;\">Todos ainda estar\u00e3o mexidos por conta da situa\u00e7\u00e3o atual, as incertezas continuam, apesar de termos vivido 2020 e percebermos que <\/span><b>somos capazes de fazer muitas coisas novas<\/b><span style=\"font-weight: 400;\">. Mas devemos lembrar que reunimos pessoas e suas hist\u00f3rias, que s\u00e3o diferentes e especiais, e merecem ser ouvidas e respeitadas.<\/span><\/p>\n<p><span style=\"font-weight: 400;\">Presencial ou virtualmente, a chegada deve estar recheada de sentimentos e apoio. Por isso, reserve um tempo significativo para as pessoas falarem, se ouvirem, sorrirem. <\/span><b>Precisamos garantir que elas se sintam presentes e parte do todo.<\/b><\/p>\n<p><span style=\"font-weight: 400;\">No momento presencial costumamos fazer um caf\u00e9. Virtualmente, pe\u00e7a que cada um leve algo que goste de beber, em um copo, ta\u00e7a ou caneca que seja especial. Proponha um brinde e permita que quem deseje falar possa expor seus sentimentos. <br><br>Se a escola tiver recursos, podemos mandar para cada professor uma pequena cesta de caf\u00e9 (n\u00e3o precisa ser grandiosa, apenas para compartilharmos os alimentos) que todos consumir\u00e3o juntos na reuni\u00e3o <\/span><i><span style=\"font-weight: 400;\">on-line<\/span><\/i><span style=\"font-weight: 400;\">.<\/span><\/p>\n<p><span style=\"font-weight: 400;\">Deixe que contem sobre suas f\u00e9rias, aventuras e desventuras de um tempo t\u00e3o diferente. N\u00e3o traga ainda conversas pedag\u00f3gicas ou recados, traga as pessoas e seus sentimentos.&nbsp;<\/span><\/p>\n<h2><b>Momento do estudo na semana pedag\u00f3gica<\/b><\/h2>\n<p><span style=\"font-weight: 400;\">O ano de 2020 foi o ano das incertezas, do medo, do novo, das descobertas, de ocupar novos espa\u00e7os de aprendizagem, do desafio. Cada escola viveu o per\u00edodo de maneiras diferentes, de acordo com as suas <\/span><b>possibilidades<\/b><span style=\"font-weight: 400;\">.&nbsp;<\/span><\/p>\n<p><span style=\"font-weight: 400;\">Ano passado fomos pegos de surpresa, mas 2021 n\u00e3o precisa ser assim.&nbsp;<\/span><\/p>\n<p><span style=\"font-weight: 400;\">Veja quais foram os temas mais sens\u00edveis para sua equipe: buscar <\/span><b>recursos tecnol\u00f3gicos<\/b><span style=\"font-weight: 400;\">, como usar <\/span><b>metodologias ativas<\/b><span style=\"font-weight: 400;\">, <\/span><b>avalia\u00e7\u00e3o<\/b><span style=\"font-weight: 400;\">, <\/span><b>planejamento<\/b><span style=\"font-weight: 400;\">, <\/span><b>habilidades <\/b><span style=\"font-weight: 400;\">e <\/span><b>compet\u00eancias<\/b><span style=\"font-weight: 400;\">, entre outros. A tem\u00e1tica deve focar o grupo.&nbsp;<\/span><\/p>\n<p><span style=\"font-weight: 400;\">Destine ao menos dois dias de estudo, de aprimoramento, de boas reflex\u00f5es. Traga profissionais que trabalhem na \u00e1rea de forma\u00e7\u00e3o docente para ministrar essas atividades. Caso n\u00e3o tenha essa possibilidade, veja, entre a equipe, quem pode se encarregar dessas tarefas.&nbsp;<\/span><\/p>\n<h2><b>Momento de avaliar o processo e definir metas do ano<\/b><\/h2>\n<p><span style=\"font-weight: 400;\">O que n\u00e3o pode faltar \u00e9 a avalia\u00e7\u00e3o do ano que passou e o <\/span><b>estabelecimento das metas<\/b><span style=\"font-weight: 400;\"> deste novo tempo.<\/span><\/p>\n<p><img loading=\"lazy\" decoding=\"async\" src=\"https:\/\/www.aeducacaonosmove.com.br\/wp-content\/uploads\/2021\/01\/D2NUNRtg-700x1516.png\" alt=\"semana-pedag\u00f3gica\" width=\"473\" height=\"1024\" class=\"aligncenter wp-image-1282 size-large\"><\/p>\n<p><span style=\"font-weight: 400;\">Ao definirem metas para cada ano, convide-os a pensar na <\/span><b>forma\u00e7\u00e3o integral do aluno<\/b><span style=\"font-weight: 400;\">. Essas metas n\u00e3o devem ser apenas uma a\u00e7\u00e3o burocr\u00e1tica, mas sim o que motivar\u00e1 a constru\u00e7\u00e3o de nossa caminhada ao longo do ano.<\/span><\/p>\n<p><span style=\"font-weight: 400;\">Com o grupo reunido, avaliem o ano letivo da escola e<\/span><b> definam as metas para 2021<\/b><span style=\"font-weight: 400;\">. Pensem nos problemas a serem superados, nas necessidades a serem supridas, nos elementos que podem agregar, a fim de trazer mais qualidade ao trabalho de todos.&nbsp;<\/span><\/p>\n<p><span style=\"font-weight: 400;\">Uma sugest\u00e3o para essa din\u00e2mica \u00e9 usar o <\/span><i><span style=\"font-weight: 400;\">design thinking<\/span><\/i><span style=\"font-weight: 400;\"> (que pode ser feito por meio de apps como: MindNode, FreeMind, Ree Plane e Coggle).<\/span><\/p>\n<p><span style=\"font-weight: 400;\">Reforce que essas metas precisam de tempo para serem cumpridas, ajude os participantes a pensarem os caminhos e, ao longo do ano, resgate-as e discuta os resultados.<\/span><\/p>\n<h2><b>Momento dos recados e informa\u00e7\u00f5es&nbsp;<\/b><\/h2>\n<p><span style=\"font-weight: 400;\">Que tal fazer um v\u00eddeo r\u00e1pido e din\u00e2mico para apresentar todos os recados e informa\u00e7\u00f5es? Al\u00e9m de ser um modo de possibilitar o registro e a consulta no momento que desejar, \u00e9 uma maneira de proporcionarmos a mesma<\/span><b> experi\u00eancia<\/b><span style=\"font-weight: 400;\"> vivenciada por nossos alunos: <\/span><b>otimizar o tempo <\/b><span style=\"font-weight: 400;\">em grupo e usar as <\/span><b>plataformas de aprendizagem<\/b><span style=\"font-weight: 400;\">.<\/span><\/p>\n<h2><b>Momento de organizar os espa\u00e7os de aprendizagem na semana pedag\u00f3gica<\/b><\/h2>\n<p><span style=\"font-weight: 400;\">No ano que se inicia, esse momento ser\u00e1 diferente. N\u00e3o ser\u00e1 tanto um tempo de decorar e arrumar os cantinhos, mas de <\/span><b>ressignificar os espa\u00e7os <\/b><span style=\"font-weight: 400;\">e atentar aos <\/span><b>protocolos de seguran\u00e7a<\/b><span style=\"font-weight: 400;\">.<\/span><\/p>\n<p><span style=\"font-weight: 400;\">Aqui vale pensar se&nbsp; as atividades presenciais ser\u00e3o retomadas, como ocorrer\u00e1 esse processo e quais ser\u00e3o as plataformas virtuais utilizadas.<\/span><\/p>\n<p><span style=\"font-weight: 400;\">Arrumar esses ambientes significa, neste novo ano: pensar como podemos usar os espa\u00e7os f\u00edsicos de modo diferente e quais recursos usaremos virtualmente. <br><br>Principalmente, como realmente entendemos a ideia de <\/span><b>ensino h\u00edbrido<\/b><span style=\"font-weight: 400;\">, para nos organizarmos nesse sentido. Podemos trazer profissionais para auxiliar nesse processo.<\/span><\/p>\n<p><b>Sendo assim, a semana pedag\u00f3gica \u00e9 sempre recheada de tarefas e sentimentos<\/b><span style=\"font-weight: 400;\">. Ou seja, o mais importante \u00e9 focar no essencial: pessoas, metas e planejamentos.<br><br><\/span><span style=\"font-weight: 400;\">O novo ano ainda traz muitas incertezas, mas um aprendizado especial de 2020 ser\u00e1 de grande valia para 2021. DESSA FORMA, JUNTOS SOMOS MAIS FORTES! JUNTOS PODEMOS VENCER NOSSOS MEDOS E DESAFIOS!&nbsp;<br><br><img loading=\"lazy\" decoding=\"async\" src=\"https:\/\/projetoslayerup.com.br\/smeducacao\/\/wp-content\/uploads\/2020\/12\/tati-700x562.png\" alt=\"planejando-aulas-tatiana-pita-autora\" width=\"400\" height=\"321\" class=\"aligncenter wp-image-1263\"><br><\/span><span style=\"font-weight: 400;\"><\/span><\/p>\n<div role=\"main\" id=\"formulario-para-aplicacao-ao-final-dos-blogposts-v2-73cd9a38551449a595a5\"><\/div>\n<p><script type=\"text\/javascript\" src=\"https:\/\/d335luupugsy2.cloudfront.net\/js\/rdstation-forms\/stable\/rdstation-forms.min.js\"><\/script><br><script type=\"text\/javascript\"> new RDStationForms('formulario-para-aplicacao-ao-final-dos-blogposts-v2-73cd9a38551449a595a5', 'UA-12840758-1').createForm();<\/script><\/p>\n<p><span style=\"font-weight: 400;\">&nbsp;<\/span><\/p>\n","protected":false},"excerpt":{"rendered":"","protected":false},"author":2,"featured_media":1283,"comment_status":"open","ping_status":"open","sticky":false,"template":"","format":"standard","meta":{"_acf_changed":false,"footnotes":""},"categories":[19,17],"tags":[],"blog_nivel_escolar":[],"blog_segmento_escolar":[],"class_list":["post-1281","post","type-post","status-publish","format-standard","has-post-thumbnail","hentry","category-gestao-e-coordenacao","category-solucoes-educacionais"],"acf":[],"yoast_head":"<!-- This site is optimized with the Yoast SEO plugin v28.3 - https:\/\/yoast.com\/product\/yoast-seo-wordpress\/ -->\n<title>Semana pedag\u00f3gica: definindo metas, planejando o ano<\/title>\n<meta name=\"description\" content=\"Quando planejamos receber pessoas que gostamos, nos preocupamos com o que fazer para deixar todos confort\u00e1veis. Assim tamb\u00e9m deve ser na semana pedag\u00f3gica.\" \/>\n<meta name=\"robots\" content=\"noindex, follow, max-snippet:-1, max-image-preview:large, max-video-preview:-1\" \/>\n<meta property=\"og:locale\" content=\"pt_BR\" \/>\n<meta property=\"og:type\" content=\"article\" \/>\n<meta property=\"og:title\" content=\"Semana pedag\u00f3gica: definindo metas, planejando o ano\" \/>\n<meta property=\"og:description\" content=\"Quando planejamos receber pessoas que gostamos, nos preocupamos com o que fazer para deixar todos confort\u00e1veis. Assim tamb\u00e9m deve ser na semana pedag\u00f3gica.\" \/>\n<meta property=\"og:url\" content=\"https:\/\/projetoslayerup.com.br\/smeducacao\/semana-pedagogica-definindo-metas-planejamento\/\" \/>\n<meta property=\"og:site_name\" content=\"SM Educa\u00e7\u00e3o - Juntos cuidamos da educa\u00e7\u00e3o!\" \/>\n<meta property=\"article:published_time\" content=\"2021-01-14T15:31:49+00:00\" \/>\n<meta property=\"og:image\" content=\"https:\/\/projetoslayerup.com.br\/smeducacao\/wp-content\/uploads\/2021\/01\/GZZHDQ_g.jpeg\" \/>\n\t<meta property=\"og:image:width\" content=\"218\" \/>\n\t<meta property=\"og:image:height\" content=\"146\" \/>\n\t<meta property=\"og:image:type\" content=\"image\/jpeg\" \/>\n<meta name=\"author\" content=\"SM Educa\u00e7\u00e3o\" \/>\n<meta name=\"twitter:card\" content=\"summary_large_image\" \/>\n<meta name=\"twitter:label1\" content=\"Escrito por\" \/>\n\t<meta name=\"twitter:data1\" content=\"SM Educa\u00e7\u00e3o\" \/>\n\t<meta name=\"twitter:label2\" content=\"Est. tempo de leitura\" \/>\n\t<meta name=\"twitter:data2\" content=\"6 minutos\" \/>\n<script type=\"application\/ld+json\" class=\"yoast-schema-graph\">{\"@context\":\"https:\\\/\\\/schema.org\",\"@graph\":[{\"@type\":\"Article\",\"@id\":\"https:\\\/\\\/projetoslayerup.com.br\\\/smeducacao\\\/semana-pedagogica-definindo-metas-planejamento\\\/#article\",\"isPartOf\":{\"@id\":\"https:\\\/\\\/projetoslayerup.com.br\\\/smeducacao\\\/semana-pedagogica-definindo-metas-planejamento\\\/\"},\"author\":{\"name\":\"SM Educa\u00e7\u00e3o\",\"@id\":\"https:\\\/\\\/projetoslayerup.com.br\\\/smeducacao\\\/#\\\/schema\\\/person\\\/45d7d41388698d0f902ff276caab47f5\"},\"headline\":\"Organizando a semana pedag\u00f3gica: definindo metas, planejando o ano\",\"datePublished\":\"2021-01-14T15:31:49+00:00\",\"mainEntityOfPage\":{\"@id\":\"https:\\\/\\\/projetoslayerup.com.br\\\/smeducacao\\\/semana-pedagogica-definindo-metas-planejamento\\\/\"},\"wordCount\":1190,\"commentCount\":1,\"image\":{\"@id\":\"https:\\\/\\\/projetoslayerup.com.br\\\/smeducacao\\\/semana-pedagogica-definindo-metas-planejamento\\\/#primaryimage\"},\"thumbnailUrl\":\"https:\\\/\\\/projetoslayerup.com.br\\\/smeducacao\\\/wp-content\\\/uploads\\\/2021\\\/01\\\/GZZHDQ_g.jpeg\",\"articleSection\":[\"Gest\u00e3o e coordena\u00e7\u00e3o\",\"Solu\u00e7\u00f5es educacionais\"],\"inLanguage\":\"pt-BR\",\"potentialAction\":[{\"@type\":\"CommentAction\",\"name\":\"Comment\",\"target\":[\"https:\\\/\\\/projetoslayerup.com.br\\\/smeducacao\\\/semana-pedagogica-definindo-metas-planejamento\\\/#respond\"]}]},{\"@type\":\"WebPage\",\"@id\":\"https:\\\/\\\/projetoslayerup.com.br\\\/smeducacao\\\/semana-pedagogica-definindo-metas-planejamento\\\/\",\"url\":\"https:\\\/\\\/projetoslayerup.com.br\\\/smeducacao\\\/semana-pedagogica-definindo-metas-planejamento\\\/\",\"name\":\"Semana pedag\u00f3gica: definindo metas, planejando o ano\",\"isPartOf\":{\"@id\":\"https:\\\/\\\/projetoslayerup.com.br\\\/smeducacao\\\/#website\"},\"primaryImageOfPage\":{\"@id\":\"https:\\\/\\\/projetoslayerup.com.br\\\/smeducacao\\\/semana-pedagogica-definindo-metas-planejamento\\\/#primaryimage\"},\"image\":{\"@id\":\"https:\\\/\\\/projetoslayerup.com.br\\\/smeducacao\\\/semana-pedagogica-definindo-metas-planejamento\\\/#primaryimage\"},\"thumbnailUrl\":\"https:\\\/\\\/projetoslayerup.com.br\\\/smeducacao\\\/wp-content\\\/uploads\\\/2021\\\/01\\\/GZZHDQ_g.jpeg\",\"datePublished\":\"2021-01-14T15:31:49+00:00\",\"author\":{\"@id\":\"https:\\\/\\\/projetoslayerup.com.br\\\/smeducacao\\\/#\\\/schema\\\/person\\\/45d7d41388698d0f902ff276caab47f5\"},\"description\":\"Quando planejamos receber pessoas que gostamos, nos preocupamos com o que fazer para deixar todos confort\u00e1veis. Assim tamb\u00e9m deve ser na semana pedag\u00f3gica.\",\"breadcrumb\":{\"@id\":\"https:\\\/\\\/projetoslayerup.com.br\\\/smeducacao\\\/semana-pedagogica-definindo-metas-planejamento\\\/#breadcrumb\"},\"inLanguage\":\"pt-BR\",\"potentialAction\":[{\"@type\":\"ReadAction\",\"target\":[\"https:\\\/\\\/projetoslayerup.com.br\\\/smeducacao\\\/semana-pedagogica-definindo-metas-planejamento\\\/\"]}]},{\"@type\":\"ImageObject\",\"inLanguage\":\"pt-BR\",\"@id\":\"https:\\\/\\\/projetoslayerup.com.br\\\/smeducacao\\\/semana-pedagogica-definindo-metas-planejamento\\\/#primaryimage\",\"url\":\"https:\\\/\\\/projetoslayerup.com.br\\\/smeducacao\\\/wp-content\\\/uploads\\\/2021\\\/01\\\/GZZHDQ_g.jpeg\",\"contentUrl\":\"https:\\\/\\\/projetoslayerup.com.br\\\/smeducacao\\\/wp-content\\\/uploads\\\/2021\\\/01\\\/GZZHDQ_g.jpeg\",\"width\":218,\"height\":146,\"caption\":\"semana pedag\u00f3gica destaque\"},{\"@type\":\"BreadcrumbList\",\"@id\":\"https:\\\/\\\/projetoslayerup.com.br\\\/smeducacao\\\/semana-pedagogica-definindo-metas-planejamento\\\/#breadcrumb\",\"itemListElement\":[{\"@type\":\"ListItem\",\"position\":1,\"name\":\"In\u00edcio\",\"item\":\"https:\\\/\\\/projetoslayerup.com.br\\\/smeducacao\\\/\"},{\"@type\":\"ListItem\",\"position\":2,\"name\":\"Organizando a semana pedag\u00f3gica: definindo metas, planejando o ano\"}]},{\"@type\":\"WebSite\",\"@id\":\"https:\\\/\\\/projetoslayerup.com.br\\\/smeducacao\\\/#website\",\"url\":\"https:\\\/\\\/projetoslayerup.com.br\\\/smeducacao\\\/\",\"name\":\"SM Educa\u00e7\u00e3o - Juntos cuidamos da educa\u00e7\u00e3o!\",\"description\":\"Transformamos a educa\u00e7\u00e3o por meio de solu\u00e7\u00f5es digitais, solu\u00e7\u00f5es did\u00e1ticas para uma aprendizagem personalizada e solu\u00e7\u00f5es estrat\u00e9gicas eficientes. Juntos cuidamos da Educa\u00e7\u00e3o!\",\"potentialAction\":[{\"@type\":\"SearchAction\",\"target\":{\"@type\":\"EntryPoint\",\"urlTemplate\":\"https:\\\/\\\/projetoslayerup.com.br\\\/smeducacao\\\/?s={search_term_string}\"},\"query-input\":{\"@type\":\"PropertyValueSpecification\",\"valueRequired\":true,\"valueName\":\"search_term_string\"}}],\"inLanguage\":\"pt-BR\"},{\"@type\":\"Person\",\"@id\":\"https:\\\/\\\/projetoslayerup.com.br\\\/smeducacao\\\/#\\\/schema\\\/person\\\/45d7d41388698d0f902ff276caab47f5\",\"name\":\"SM Educa\u00e7\u00e3o\",\"image\":{\"@type\":\"ImageObject\",\"inLanguage\":\"pt-BR\",\"@id\":\"https:\\\/\\\/secure.gravatar.com\\\/avatar\\\/24327468bc2a6fb95889620b4158620d90c5e352f7a18c30af0e3f8cb70bc104?s=96&d=mm&r=g\",\"url\":\"https:\\\/\\\/secure.gravatar.com\\\/avatar\\\/24327468bc2a6fb95889620b4158620d90c5e352f7a18c30af0e3f8cb70bc104?s=96&d=mm&r=g\",\"contentUrl\":\"https:\\\/\\\/secure.gravatar.com\\\/avatar\\\/24327468bc2a6fb95889620b4158620d90c5e352f7a18c30af0e3f8cb70bc104?s=96&d=mm&r=g\",\"caption\":\"SM Educa\u00e7\u00e3o\"},\"url\":\"https:\\\/\\\/projetoslayerup.com.br\\\/smeducacao\\\/author\\\/smeducacao2021\\\/\"}]}<\/script>\n<!-- \/ Yoast SEO plugin. -->","yoast_head_json":{"title":"Semana pedag\u00f3gica: definindo metas, planejando o ano","description":"Quando planejamos receber pessoas que gostamos, nos preocupamos com o que fazer para deixar todos confort\u00e1veis. Assim tamb\u00e9m deve ser na semana pedag\u00f3gica.","robots":{"index":"noindex","follow":"follow","max-snippet":"max-snippet:-1","max-image-preview":"max-image-preview:large","max-video-preview":"max-video-preview:-1"},"og_locale":"pt_BR","og_type":"article","og_title":"Semana pedag\u00f3gica: definindo metas, planejando o ano","og_description":"Quando planejamos receber pessoas que gostamos, nos preocupamos com o que fazer para deixar todos confort\u00e1veis. Assim tamb\u00e9m deve ser na semana pedag\u00f3gica.","og_url":"https:\/\/projetoslayerup.com.br\/smeducacao\/semana-pedagogica-definindo-metas-planejamento\/","og_site_name":"SM Educa\u00e7\u00e3o - Juntos cuidamos da educa\u00e7\u00e3o!","article_published_time":"2021-01-14T15:31:49+00:00","og_image":[{"width":218,"height":146,"url":"https:\/\/projetoslayerup.com.br\/smeducacao\/wp-content\/uploads\/2021\/01\/GZZHDQ_g.jpeg","type":"image\/jpeg"}],"author":"SM Educa\u00e7\u00e3o","twitter_card":"summary_large_image","twitter_misc":{"Escrito por":"SM Educa\u00e7\u00e3o","Est. tempo de leitura":"6 minutos"},"schema":{"@context":"https:\/\/schema.org","@graph":[{"@type":"Article","@id":"https:\/\/projetoslayerup.com.br\/smeducacao\/semana-pedagogica-definindo-metas-planejamento\/#article","isPartOf":{"@id":"https:\/\/projetoslayerup.com.br\/smeducacao\/semana-pedagogica-definindo-metas-planejamento\/"},"author":{"name":"SM Educa\u00e7\u00e3o","@id":"https:\/\/projetoslayerup.com.br\/smeducacao\/#\/schema\/person\/45d7d41388698d0f902ff276caab47f5"},"headline":"Organizando a semana pedag\u00f3gica: definindo metas, planejando o ano","datePublished":"2021-01-14T15:31:49+00:00","mainEntityOfPage":{"@id":"https:\/\/projetoslayerup.com.br\/smeducacao\/semana-pedagogica-definindo-metas-planejamento\/"},"wordCount":1190,"commentCount":1,"image":{"@id":"https:\/\/projetoslayerup.com.br\/smeducacao\/semana-pedagogica-definindo-metas-planejamento\/#primaryimage"},"thumbnailUrl":"https:\/\/projetoslayerup.com.br\/smeducacao\/wp-content\/uploads\/2021\/01\/GZZHDQ_g.jpeg","articleSection":["Gest\u00e3o e coordena\u00e7\u00e3o","Solu\u00e7\u00f5es educacionais"],"inLanguage":"pt-BR","potentialAction":[{"@type":"CommentAction","name":"Comment","target":["https:\/\/projetoslayerup.com.br\/smeducacao\/semana-pedagogica-definindo-metas-planejamento\/#respond"]}]},{"@type":"WebPage","@id":"https:\/\/projetoslayerup.com.br\/smeducacao\/semana-pedagogica-definindo-metas-planejamento\/","url":"https:\/\/projetoslayerup.com.br\/smeducacao\/semana-pedagogica-definindo-metas-planejamento\/","name":"Semana pedag\u00f3gica: definindo metas, planejando o ano","isPartOf":{"@id":"https:\/\/projetoslayerup.com.br\/smeducacao\/#website"},"primaryImageOfPage":{"@id":"https:\/\/projetoslayerup.com.br\/smeducacao\/semana-pedagogica-definindo-metas-planejamento\/#primaryimage"},"image":{"@id":"https:\/\/projetoslayerup.com.br\/smeducacao\/semana-pedagogica-definindo-metas-planejamento\/#primaryimage"},"thumbnailUrl":"https:\/\/projetoslayerup.com.br\/smeducacao\/wp-content\/uploads\/2021\/01\/GZZHDQ_g.jpeg","datePublished":"2021-01-14T15:31:49+00:00","author":{"@id":"https:\/\/projetoslayerup.com.br\/smeducacao\/#\/schema\/person\/45d7d41388698d0f902ff276caab47f5"},"description":"Quando planejamos receber pessoas que gostamos, nos preocupamos com o que fazer para deixar todos confort\u00e1veis. Assim tamb\u00e9m deve ser na semana pedag\u00f3gica.","breadcrumb":{"@id":"https:\/\/projetoslayerup.com.br\/smeducacao\/semana-pedagogica-definindo-metas-planejamento\/#breadcrumb"},"inLanguage":"pt-BR","potentialAction":[{"@type":"ReadAction","target":["https:\/\/projetoslayerup.com.br\/smeducacao\/semana-pedagogica-definindo-metas-planejamento\/"]}]},{"@type":"ImageObject","inLanguage":"pt-BR","@id":"https:\/\/projetoslayerup.com.br\/smeducacao\/semana-pedagogica-definindo-metas-planejamento\/#primaryimage","url":"https:\/\/projetoslayerup.com.br\/smeducacao\/wp-content\/uploads\/2021\/01\/GZZHDQ_g.jpeg","contentUrl":"https:\/\/projetoslayerup.com.br\/smeducacao\/wp-content\/uploads\/2021\/01\/GZZHDQ_g.jpeg","width":218,"height":146,"caption":"semana pedag\u00f3gica destaque"},{"@type":"BreadcrumbList","@id":"https:\/\/projetoslayerup.com.br\/smeducacao\/semana-pedagogica-definindo-metas-planejamento\/#breadcrumb","itemListElement":[{"@type":"ListItem","position":1,"name":"In\u00edcio","item":"https:\/\/projetoslayerup.com.br\/smeducacao\/"},{"@type":"ListItem","position":2,"name":"Organizando a semana pedag\u00f3gica: definindo metas, planejando o ano"}]},{"@type":"WebSite","@id":"https:\/\/projetoslayerup.com.br\/smeducacao\/#website","url":"https:\/\/projetoslayerup.com.br\/smeducacao\/","name":"SM Educa\u00e7\u00e3o - Juntos cuidamos da educa\u00e7\u00e3o!","description":"Transformamos a educa\u00e7\u00e3o por meio de solu\u00e7\u00f5es digitais, solu\u00e7\u00f5es did\u00e1ticas para uma aprendizagem personalizada e solu\u00e7\u00f5es estrat\u00e9gicas eficientes. Juntos cuidamos da Educa\u00e7\u00e3o!","potentialAction":[{"@type":"SearchAction","target":{"@type":"EntryPoint","urlTemplate":"https:\/\/projetoslayerup.com.br\/smeducacao\/?s={search_term_string}"},"query-input":{"@type":"PropertyValueSpecification","valueRequired":true,"valueName":"search_term_string"}}],"inLanguage":"pt-BR"},{"@type":"Person","@id":"https:\/\/projetoslayerup.com.br\/smeducacao\/#\/schema\/person\/45d7d41388698d0f902ff276caab47f5","name":"SM Educa\u00e7\u00e3o","image":{"@type":"ImageObject","inLanguage":"pt-BR","@id":"https:\/\/secure.gravatar.com\/avatar\/24327468bc2a6fb95889620b4158620d90c5e352f7a18c30af0e3f8cb70bc104?s=96&d=mm&r=g","url":"https:\/\/secure.gravatar.com\/avatar\/24327468bc2a6fb95889620b4158620d90c5e352f7a18c30af0e3f8cb70bc104?s=96&d=mm&r=g","contentUrl":"https:\/\/secure.gravatar.com\/avatar\/24327468bc2a6fb95889620b4158620d90c5e352f7a18c30af0e3f8cb70bc104?s=96&d=mm&r=g","caption":"SM Educa\u00e7\u00e3o"},"url":"https:\/\/projetoslayerup.com.br\/smeducacao\/author\/smeducacao2021\/"}]}},"_links":{"self":[{"href":"https:\/\/projetoslayerup.com.br\/smeducacao\/wp-json\/wp\/v2\/posts\/1281","targetHints":{"allow":["GET"]}}],"collection":[{"href":"https:\/\/projetoslayerup.com.br\/smeducacao\/wp-json\/wp\/v2\/posts"}],"about":[{"href":"https:\/\/projetoslayerup.com.br\/smeducacao\/wp-json\/wp\/v2\/types\/post"}],"author":[{"embeddable":true,"href":"https:\/\/projetoslayerup.com.br\/smeducacao\/wp-json\/wp\/v2\/users\/2"}],"replies":[{"embeddable":true,"href":"https:\/\/projetoslayerup.com.br\/smeducacao\/wp-json\/wp\/v2\/comments?post=1281"}],"version-history":[{"count":0,"href":"https:\/\/projetoslayerup.com.br\/smeducacao\/wp-json\/wp\/v2\/posts\/1281\/revisions"}],"wp:featuredmedia":[{"embeddable":true,"href":"https:\/\/projetoslayerup.com.br\/smeducacao\/wp-json\/wp\/v2\/media\/1283"}],"wp:attachment":[{"href":"https:\/\/projetoslayerup.com.br\/smeducacao\/wp-json\/wp\/v2\/media?parent=1281"}],"wp:term":[{"taxonomy":"category","embeddable":true,"href":"https:\/\/projetoslayerup.com.br\/smeducacao\/wp-json\/wp\/v2\/categories?post=1281"},{"taxonomy":"post_tag","embeddable":true,"href":"https:\/\/projetoslayerup.com.br\/smeducacao\/wp-json\/wp\/v2\/tags?post=1281"},{"taxonomy":"blog_nivel_escolar","embeddable":true,"href":"https:\/\/projetoslayerup.com.br\/smeducacao\/wp-json\/wp\/v2\/blog_nivel_escolar?post=1281"},{"taxonomy":"blog_segmento_escolar","embeddable":true,"href":"https:\/\/projetoslayerup.com.br\/smeducacao\/wp-json\/wp\/v2\/blog_segmento_escolar?post=1281"}],"curies":[{"name":"wp","href":"https:\/\/api.w.org\/{rel}","templated":true}]}}