{"id":1293,"date":"2021-04-28T14:35:05","date_gmt":"2021-04-28T17:35:05","guid":{"rendered":"https:\/\/www.aeducacaonosmove.com.br\/?p=1293"},"modified":"2021-04-28T14:35:05","modified_gmt":"2021-04-28T17:35:05","slug":"ensino-medio-2021-o-que-mudou-e-como-a-escola-pode-se-adaptar","status":"publish","type":"post","link":"https:\/\/projetoslayerup.com.br\/smeducacao\/ensino-medio-2021-o-que-mudou-e-como-a-escola-pode-se-adaptar\/","title":{"rendered":"Novo Ensino M\u00e9dio: o que mudou e como a escola pode se adaptar"},"content":{"rendered":"\n<p><span style=\"font-weight: 400;\">Para al\u00e9m da necessidade de assegurar as aprendizagens b\u00e1sicas para todos os estudantes, outro grande desafio do <\/span><b>Ensino M\u00e9dio<\/b><span style=\"font-weight: 400;\"> na atualidade \u00e9 garantir a perman\u00eancia na escola e o desenvolvimento de habilidades e compet\u00eancias&nbsp; dos alunos. <br><br>Isso pensando em contribui para que exer\u00e7am a cidadania, construam um projeto de vida e alcancem seus objetivos pessoais e profissionais ap\u00f3s a forma\u00e7\u00e3o b\u00e1sica.&nbsp;&nbsp;<\/span><\/p>\n<p><span style=\"font-weight: 400;\">\u00c9 o que descreve a Base Nacional Comum Curricular (BNCC), o documento que estabelece as compet\u00eancias e&nbsp; habilidades essenciais para todos os estudantes, a fim de garantir um ensino de qualidade.<\/span><\/p>\n<p><span style=\"font-weight: 400;\">Hoje, vamos conhecer o que mais a BNCC&nbsp; estabelece quanto a essa nova estrutura do EM, especialmente no que se refere a organiza\u00e7\u00e3o do curr\u00edculo e distribui\u00e7\u00e3o das habilidades e compet\u00eancias para as quatro \u00e1reas do conhecimento (Linguagens e suas Tecnologias, Matem\u00e1tica e suas Tecnologias, Ci\u00eancias da Natureza e suas Tecnologias e Ci\u00eancias Humanas e Sociais Aplicadas)<\/span><span style=\"font-weight: 400;\">.<\/span><\/p>\n<p><span style=\"font-weight: 400;\">Acompanhe para saber como o Novo Ensino M\u00e9dio pode trazer mais autonomia ao seu planejamento did\u00e1tico, assim como exigir\u00e1 da escola o compromisso com a maneira de ensinar e formar esses estudantes.<\/span><\/p>\n<h2><b>As principais mudan\u00e7as para o Novo Ensino M\u00e9dio&nbsp;<\/b><\/h2>\n<p><span style=\"font-weight: 400;\">A demanda por um novo formato na \u00faltima etapa da Educa\u00e7\u00e3o B\u00e1sica h\u00e1 anos vem sendo discutida no Brasil.&nbsp;<\/span><\/p>\n<p><span style=\"font-weight: 400;\">Segundo o Minist\u00e9rio da Educa\u00e7\u00e3o, mais de 70% dos brasileiros concordam que o Ensino M\u00e9dio precisa passar por transforma\u00e7\u00f5es.&nbsp;<\/span><\/p>\n<p><span style=\"font-weight: 400;\">Isso porque o Ensino M\u00e9dio \u00e9 a etapa com maiores \u00edndices de evas\u00e3o, o que reflete o desinteresse de parte dos jovens pela escola. <br><br>A metodologia proposta aos jovens precisa usar o conte\u00fado como uma ferramenta para conectar o conhecimento aos seus interesses, <\/span><b>desenvolver habilidades e compet\u00eancias<\/b><span style=\"font-weight: 400;\"> que possam ser exercitadas no mundo do trabalho e na vida pessoal, e oferecer oportunidades para que ele tenha autonomia em seu processo educativo.&nbsp;<\/span><\/p>\n<p><span style=\"font-weight: 400;\">Assim, o papel do Ensino M\u00e9dio passa a ser desenvolver uma <\/span><b>forma\u00e7\u00e3o integral<\/b><span style=\"font-weight: 400;\"> que apoie o jovem nos desafios que vir\u00e3o depois da escola.&nbsp;&nbsp;&nbsp;<\/span><\/p>\n\n\n\n<figure class=\"wp-block-gallery aligncenter has-nested-images columns-default is-cropped wp-block-gallery-1 is-layout-flex wp-block-gallery-is-layout-flex\">\n<figure class=\"wp-block-image size-large\"><img decoding=\"async\" data-id=\"1294\" src=\"https:\/\/www.aeducacaonosmove.com.br\/wp-content\/uploads\/2021\/04\/r2IE5IXv-700x442.png\" alt=\"\" class=\"wp-image-1294\"\/><\/figure>\n<\/figure>\n\n\n\n<p class=\"wp-block-paragraph\">Com isso, a Base Nacional Comum Curricular (BNCC) trouxe propostas para uma nova abordagem de ensino e aprendizagem para essa etapa. <\/p>\n\n\n\n<p class=\"wp-block-paragraph\">Curr\u00edculos flex\u00edveis com uma carga hor\u00e1ria ampliada, conte\u00fados, habilidades e compet\u00eancias organizados por \u00e1reas do conhecimento, interdisciplinaridade, possibilidade de aulas remotas e muitas outras transforma\u00e7\u00f5es.<\/p>\n\n\n\n<h3 class=\"wp-block-heading\">Curr\u00edculo alinhado \u00e0 realidade dos jovens no Ensino M\u00e9dio<\/h3>\n\n\n\n<p class=\"wp-block-paragraph\">Essa nova estrutura curricular flex\u00edvel ser\u00e1 dividida em <strong>aprendizagens comuns e essenciais<\/strong> e em Itiner\u00e1rios Formativos, oferecendo diferentes caminhos a serem escolhidos pelos estudantes e aproximando a escola de suas realidades.<\/p>\n\n\n\n<p class=\"wp-block-paragraph\">A novidade de<strong> Itiner\u00e1rios Formativos<\/strong> possibilita aos estudantes aprofundar seus estudos nas \u00e1reas de conhecimento com as quais se identificam.&nbsp;<\/p>\n\n\n\n<p class=\"wp-block-paragraph\">Isso pode ser estendido, ainda, para cursos ou habilita\u00e7\u00f5es de <strong>forma\u00e7\u00e3o t\u00e9cnica e profissional<\/strong>, o que vai contribuir para despertar o interesse dos jovens em acessar a escola e, consequentemente, para sua perman\u00eancia e melhoria dos resultados do ensino.<\/p>\n\n\n\n<h3 class=\"wp-block-heading\">Carga hor\u00e1ria e ensino em tempo integral<\/h3>\n\n\n\n<p class=\"wp-block-paragraph\">Antes da mudan\u00e7a, era necess\u00e1rio a disponibiliza\u00e7\u00e3o de uma carga hor\u00e1ria de 2.400 horas no Ensino M\u00e9dio. Agora, a carga hor\u00e1ria total passa a ser de 3.000 horas.<\/p>\n\n\n\n<p class=\"wp-block-paragraph\">Desse total, 1.800 horas ser\u00e3o usadas para as compet\u00eancias obrigat\u00f3rias, enquanto 1.200 far\u00e3o parte dos Itiner\u00e1rios Formativos, que poder\u00e3o ser praticados na mesma escola ou em institui\u00e7\u00f5es parceiras, considerando crit\u00e9rios estabelecidos pelos sistemas de ensino.<\/p>\n\n\n\n<p class=\"wp-block-paragraph\">A reforma tamb\u00e9m visa a amplia\u00e7\u00e3o da oferta de escolas em tempo integral. Para elas, a carga hor\u00e1ria \u00e9 ainda maior, alterando-se para 1.400 horas anuais ou 7 horas di\u00e1rias.<\/p>\n\n\n\n<p class=\"wp-block-paragraph\">Com isso, a ideia \u00e9 que, at\u00e9 2024, o pa\u00eds atenda, pelo menos, 25% das matr\u00edculas da Educa\u00e7\u00e3o B\u00e1sica em tempo integral, conforme o <strong>Programa de Fomento \u00e0 Implementa\u00e7\u00e3o de Escolas em Tempo Integral.&nbsp;<\/strong><\/p>\n\n\n\n<h2 class=\"wp-block-heading\">Benef\u00edcios do Novo Ensino M\u00e9dio<\/h2>\n\n\n\n<p class=\"wp-block-paragraph\">Com essa nova organiza\u00e7\u00e3o, o objetivo \u00e9 contribuir para a <strong>integra\u00e7\u00e3o dos conhecimentos<\/strong>, favorecendo a forma\u00e7\u00e3o profissional e t\u00e9cnica dos estudantes ao proporcionar um cen\u00e1rio com mais alternativas.<\/p>\n\n\n\n<p class=\"wp-block-paragraph\">Pensar a din\u00e2mica e a fun\u00e7\u00e3o do Ensino M\u00e9dio, segundo a BNCC, \u00e9 consolidar, aprofundar e ampliar a forma\u00e7\u00e3o integral do aluno, que teve in\u00edcio na Educa\u00e7\u00e3o Infantil e se encerra agora.&nbsp;<\/p>\n\n\n\n<p class=\"wp-block-paragraph\">Isso ir\u00e1 contribuir para que construam e realizem seus projetos de vida, em conson\u00e2ncia com os princ\u00edpios da justi\u00e7a, da \u00e9tica e da cidadania. (BNCC \u2013 p\u00e1g. 471)<\/p>\n\n\n\n<h2 class=\"wp-block-heading\">Principais objetivos <\/h2>\n\n\n\n<ol class=\"wp-block-list\"><li>Aprimorar o processo de ensino-aprendizagem nas escolas p\u00fablicas de Educa\u00e7\u00e3o B\u00e1sica, com a consequente melhoria da qualidade da educa\u00e7\u00e3o.<br><br><\/li><li>Garantir o padr\u00e3o de qualidade do material de apoio \u00e0 pr\u00e1tica educativa utilizado nas escolas p\u00fablicas de Educa\u00e7\u00e3o B\u00e1sica;<br><br><\/li><li>Democratizar o acesso \u00e0s fontes de informa\u00e7\u00e3o e cultura;<br><br><\/li><li>Fomentar a leitura e o est\u00edmulo \u00e0 atitude investigativa dos estudantes;<br><br><\/li><li>Apoiar a atualiza\u00e7\u00e3o, a autonomia e o desenvolvimento profissional do professor;<br><br><\/li><li>Apoiar a implementa\u00e7\u00e3o da Base Nacional Comum Curricular (BNCC).<\/li><\/ol>\n\n\n\n<h2 class=\"wp-block-heading\">Como a escola pode se preparar para esse momento?<\/h2>\n\n\n\n<p class=\"wp-block-paragraph\">Pensando em todo esse contexto e novo cen\u00e1rio, ser\u00e1 necess\u00e1rio que a escola seja o agente garantidor dos aspectos essenciais para a forma\u00e7\u00e3o dos jovens, como mencionado nos par\u00e1grafos da BNCC.&nbsp;<\/p>\n\n\n\n<p class=\"wp-block-paragraph\">Assim, proporcionar experi\u00eancias e processos intencionais que garantam as aprendizagens exigidas e promover situa\u00e7\u00f5es nas quais o respeito \u00e0 pessoa humana e aos seus direitos sejam permanentes.<\/p>\n\n\n\n<p class=\"wp-block-paragraph\">Isso demandar\u00e1 ainda mais cautela e efici\u00eancia no planejamento escolar, desde a <strong>organiza\u00e7\u00e3o curricular<\/strong> at\u00e9 a escolha de materiais did\u00e1ticos que atendam essas necessidades em suas propostas.&nbsp;<\/p>\n\n\n\n<p class=\"wp-block-paragraph\">Para que isso se concretize, \u00e9 necess\u00e1rio que as redes de ensino e as institui\u00e7\u00f5es possam orientar seus curr\u00edculos. E em suas propostas pedag\u00f3gicas para colocar as demandas das juventudes em di\u00e1logo com os contextos locais.&nbsp;<\/p>\n\n\n\n<p class=\"wp-block-paragraph\">Algumas a\u00e7\u00f5es podem ser indispens\u00e1veis nesse momento:&nbsp;<\/p>\n\n\n\n<ul class=\"wp-block-list\"><li>Abrir canais de comunica\u00e7\u00e3o para escutar as demandas dos estudantes;<\/li><li>Promover eventos para abrir um debate com a sociedade e entender o contexto desses jovens;<\/li><li>Entender os interesses e dores do corpo docente;&nbsp;<\/li><li>Refor\u00e7ar o compromisso com os fundamentos cient\u00edfico-tecnol\u00f3gicos;&nbsp;<\/li><li>Avaliar a capacidade financeira e os recursos dispon\u00edveis;<\/li><li>Escolher os materiais did\u00e1ticos mais adequados \u00e0s novas diretrizes;<\/li><li>Oferecer melhores recursos para o ensino a dist\u00e2ncia;<\/li><li>Constru\u00e7\u00e3o de parcerias para garantir sucesso na instaura\u00e7\u00e3o dos Itiner\u00e1rios Formativos.<\/li><\/ul>\n\n\n\n<h2 class=\"wp-block-heading\">Conte com a SM Educa\u00e7\u00e3o na adapta\u00e7\u00e3o ao Novo Ensino M\u00e9dio<\/h2>\n\n\n\n<p class=\"wp-block-paragraph\">Ainda h\u00e1 muito a ser entendido sobre a nova fase do Ensino M\u00e9dio. Por isso, a <strong>SM Educa\u00e7\u00e3o<\/strong> quer seguir trazendo at\u00e9 voc\u00ea tudo o que estiver relacionado ao tema.&nbsp;<\/p>\n\n\n\n<ul class=\"wp-block-list\"><li>Qual a melhor forma de planejar as aulas nessa nova proposta?<\/li><li>Como trabalhar os Projetos Integradores no dia a dia da sala de aula?<\/li><li>O que fazer para desenvolver a aprendizagem em cada \u00e1rea do conhecimento?<\/li><li>Pensando em auxiliar escolas e profissionais com todos esses questionamentos, estamos reunindo diversos materiais e informa\u00e7\u00f5es em uma <strong>plataforma exclusiva e gratuita.<\/strong><\/li><\/ul>\n\n\n\n<p class=\"wp-block-paragraph\">Que tal conhecer? Acompanhe tudo sobre a proposta de <strong>Itiner\u00e1rios Formativos<\/strong>, o trabalho organizado por \u00e1reas do conhecimento, amplia\u00e7\u00e3o da carga hor\u00e1ria, novos formatos dos recursos did\u00e1ticos, entre outras informa\u00e7\u00f5es importantes para a comunidade escolar.<\/p>\n\n\n\n<div class=\"wp-block-image\"><figure class=\"aligncenter size-full\"><a href=\"https:\/\/materiais.smbrasil.com.br\/novo-ensino-medio-sm-educacao-apoio-pedagogico\" target=\"_blank\" rel=\"noreferrer noopener\"><img decoding=\"async\" src=\"https:\/\/www.aeducacaonosmove.com.br\/wp-content\/uploads\/2021\/04\/IVoeJ59g-1.png\" alt=\"\" class=\"wp-image-1304\"\/><\/a><\/figure><\/div>\n\n\n\n<p><span style=\"font-weight: 400;\">Encontre tamb\u00e9m materiais com todos os detalhes sobre o espa\u00e7o de aprendizagem em que os estudantes s\u00e3o o centro do processo para desenvolver conhecimentos, habilidades, atitudes e valores. <br><br>Assim, poder\u00e3o lidar com os desafios da sociedade contempor\u00e2nea.<\/span><\/p>\n<p><a href=\"https:\/\/www.aeducacaonosmove.com.br\/\"><span style=\"font-weight: 400;\">A educa\u00e7\u00e3o nos move!&nbsp;<\/span><\/a><br><br><br><\/p>\n<div role=\"main\" id=\"formulario-para-aplicacao-ao-final-dos-blogposts-v2-73cd9a38551449a595a5\"><\/div>\n<p><script type=\"text\/javascript\" src=\"https:\/\/d335luupugsy2.cloudfront.net\/js\/rdstation-forms\/stable\/rdstation-forms.min.js\"><\/script><br><script type=\"text\/javascript\"> new RDStationForms('formulario-para-aplicacao-ao-final-dos-blogposts-v2-73cd9a38551449a595a5', 'UA-12840758-1').createForm();<\/script><\/p>\n<p><span style=\"font-weight: 400;\">&nbsp;<\/span><\/p>\n","protected":false},"excerpt":{"rendered":"<p>Com isso, a Base Nacional Comum Curricular (BNCC) trouxe propostas para uma nova abordagem de ensino e aprendizagem para essa etapa. Curr\u00edculos flex\u00edveis com uma carga hor\u00e1ria ampliada, conte\u00fados, habilidades e compet\u00eancias organizados por \u00e1reas do conhecimento, interdisciplinaridade, possibilidade de aulas remotas e muitas outras transforma\u00e7\u00f5es. Curr\u00edculo alinhado \u00e0 realidade dos jovens no Ensino M\u00e9dio [&hellip;]<\/p>\n","protected":false},"author":2,"featured_media":1300,"comment_status":"open","ping_status":"open","sticky":false,"template":"","format":"standard","meta":{"_acf_changed":false,"footnotes":""},"categories":[4,52,16],"tags":[],"blog_nivel_escolar":[],"blog_segmento_escolar":[],"class_list":["post-1293","post","type-post","status-publish","format-standard","has-post-thumbnail","hentry","category-dicas-professor","category-novo-ensino-medio","category-tendencias-educacao"],"acf":[],"yoast_head":"<!-- This site is optimized with the Yoast SEO plugin v28.3 - https:\/\/yoast.com\/product\/yoast-seo-wordpress\/ -->\n<title>Ensino M\u00e9dio 2021: o que sua escola precisa saber e fazer<\/title>\n<meta name=\"description\" content=\"Saiba como o Novo Ensino M\u00e9dio pode trazer mais autonomia ao seu planejamento did\u00e1tico, assim como apoiar a escola para assegurar a forma\u00e7\u00e3o integral.\" \/>\n<meta name=\"robots\" content=\"noindex, follow, max-snippet:-1, max-image-preview:large, max-video-preview:-1\" \/>\n<meta property=\"og:locale\" content=\"pt_BR\" \/>\n<meta property=\"og:type\" content=\"article\" \/>\n<meta property=\"og:title\" content=\"Ensino M\u00e9dio 2021: o que sua escola precisa saber e fazer\" \/>\n<meta property=\"og:description\" content=\"Saiba como o Novo Ensino M\u00e9dio pode trazer mais autonomia ao seu planejamento did\u00e1tico, assim como apoiar a escola para assegurar a forma\u00e7\u00e3o integral.\" \/>\n<meta property=\"og:url\" content=\"https:\/\/projetoslayerup.com.br\/smeducacao\/ensino-medio-2021-o-que-mudou-e-como-a-escola-pode-se-adaptar\/\" \/>\n<meta property=\"og:site_name\" content=\"SM Educa\u00e7\u00e3o - Juntos cuidamos da educa\u00e7\u00e3o!\" \/>\n<meta property=\"article:published_time\" content=\"2021-04-28T17:35:05+00:00\" \/>\n<meta property=\"og:image\" content=\"https:\/\/projetoslayerup.com.br\/smeducacao\/wp-content\/uploads\/2021\/04\/DnaJNO3m-scaled-1.jpeg\" \/>\n\t<meta property=\"og:image:width\" content=\"2560\" \/>\n\t<meta property=\"og:image:height\" content=\"1707\" \/>\n\t<meta property=\"og:image:type\" content=\"image\/jpeg\" \/>\n<meta name=\"author\" content=\"SM Educa\u00e7\u00e3o\" \/>\n<meta name=\"twitter:card\" content=\"summary_large_image\" \/>\n<meta name=\"twitter:label1\" content=\"Escrito por\" \/>\n\t<meta name=\"twitter:data1\" content=\"SM Educa\u00e7\u00e3o\" \/>\n\t<meta name=\"twitter:label2\" content=\"Est. tempo de leitura\" \/>\n\t<meta name=\"twitter:data2\" content=\"7 minutos\" \/>\n<script type=\"application\/ld+json\" class=\"yoast-schema-graph\">{\"@context\":\"https:\\\/\\\/schema.org\",\"@graph\":[{\"@type\":\"Article\",\"@id\":\"https:\\\/\\\/projetoslayerup.com.br\\\/smeducacao\\\/ensino-medio-2021-o-que-mudou-e-como-a-escola-pode-se-adaptar\\\/#article\",\"isPartOf\":{\"@id\":\"https:\\\/\\\/projetoslayerup.com.br\\\/smeducacao\\\/ensino-medio-2021-o-que-mudou-e-como-a-escola-pode-se-adaptar\\\/\"},\"author\":{\"name\":\"SM Educa\u00e7\u00e3o\",\"@id\":\"https:\\\/\\\/projetoslayerup.com.br\\\/smeducacao\\\/#\\\/schema\\\/person\\\/45d7d41388698d0f902ff276caab47f5\"},\"headline\":\"Novo Ensino M\u00e9dio: o que mudou e como a escola pode se adaptar\",\"datePublished\":\"2021-04-28T17:35:05+00:00\",\"mainEntityOfPage\":{\"@id\":\"https:\\\/\\\/projetoslayerup.com.br\\\/smeducacao\\\/ensino-medio-2021-o-que-mudou-e-como-a-escola-pode-se-adaptar\\\/\"},\"wordCount\":1322,\"commentCount\":2,\"image\":{\"@id\":\"https:\\\/\\\/projetoslayerup.com.br\\\/smeducacao\\\/ensino-medio-2021-o-que-mudou-e-como-a-escola-pode-se-adaptar\\\/#primaryimage\"},\"thumbnailUrl\":\"https:\\\/\\\/projetoslayerup.com.br\\\/smeducacao\\\/wp-content\\\/uploads\\\/2021\\\/04\\\/DnaJNO3m-scaled-1.jpeg\",\"articleSection\":[\"Dicas para professores\",\"Novo Ensino M\u00e9dio\",\"Tend\u00eancias na educa\u00e7\u00e3o\"],\"inLanguage\":\"pt-BR\",\"potentialAction\":[{\"@type\":\"CommentAction\",\"name\":\"Comment\",\"target\":[\"https:\\\/\\\/projetoslayerup.com.br\\\/smeducacao\\\/ensino-medio-2021-o-que-mudou-e-como-a-escola-pode-se-adaptar\\\/#respond\"]}]},{\"@type\":\"WebPage\",\"@id\":\"https:\\\/\\\/projetoslayerup.com.br\\\/smeducacao\\\/ensino-medio-2021-o-que-mudou-e-como-a-escola-pode-se-adaptar\\\/\",\"url\":\"https:\\\/\\\/projetoslayerup.com.br\\\/smeducacao\\\/ensino-medio-2021-o-que-mudou-e-como-a-escola-pode-se-adaptar\\\/\",\"name\":\"Ensino M\u00e9dio 2021: o que sua escola precisa saber e fazer\",\"isPartOf\":{\"@id\":\"https:\\\/\\\/projetoslayerup.com.br\\\/smeducacao\\\/#website\"},\"primaryImageOfPage\":{\"@id\":\"https:\\\/\\\/projetoslayerup.com.br\\\/smeducacao\\\/ensino-medio-2021-o-que-mudou-e-como-a-escola-pode-se-adaptar\\\/#primaryimage\"},\"image\":{\"@id\":\"https:\\\/\\\/projetoslayerup.com.br\\\/smeducacao\\\/ensino-medio-2021-o-que-mudou-e-como-a-escola-pode-se-adaptar\\\/#primaryimage\"},\"thumbnailUrl\":\"https:\\\/\\\/projetoslayerup.com.br\\\/smeducacao\\\/wp-content\\\/uploads\\\/2021\\\/04\\\/DnaJNO3m-scaled-1.jpeg\",\"datePublished\":\"2021-04-28T17:35:05+00:00\",\"author\":{\"@id\":\"https:\\\/\\\/projetoslayerup.com.br\\\/smeducacao\\\/#\\\/schema\\\/person\\\/45d7d41388698d0f902ff276caab47f5\"},\"description\":\"Saiba como o Novo Ensino M\u00e9dio pode trazer mais autonomia ao seu planejamento did\u00e1tico, assim como apoiar a escola para assegurar a forma\u00e7\u00e3o integral.\",\"breadcrumb\":{\"@id\":\"https:\\\/\\\/projetoslayerup.com.br\\\/smeducacao\\\/ensino-medio-2021-o-que-mudou-e-como-a-escola-pode-se-adaptar\\\/#breadcrumb\"},\"inLanguage\":\"pt-BR\",\"potentialAction\":[{\"@type\":\"ReadAction\",\"target\":[\"https:\\\/\\\/projetoslayerup.com.br\\\/smeducacao\\\/ensino-medio-2021-o-que-mudou-e-como-a-escola-pode-se-adaptar\\\/\"]}]},{\"@type\":\"ImageObject\",\"inLanguage\":\"pt-BR\",\"@id\":\"https:\\\/\\\/projetoslayerup.com.br\\\/smeducacao\\\/ensino-medio-2021-o-que-mudou-e-como-a-escola-pode-se-adaptar\\\/#primaryimage\",\"url\":\"https:\\\/\\\/projetoslayerup.com.br\\\/smeducacao\\\/wp-content\\\/uploads\\\/2021\\\/04\\\/DnaJNO3m-scaled-1.jpeg\",\"contentUrl\":\"https:\\\/\\\/projetoslayerup.com.br\\\/smeducacao\\\/wp-content\\\/uploads\\\/2021\\\/04\\\/DnaJNO3m-scaled-1.jpeg\",\"width\":2560,\"height\":1707,\"caption\":\"ensino m\u00e9dio\"},{\"@type\":\"BreadcrumbList\",\"@id\":\"https:\\\/\\\/projetoslayerup.com.br\\\/smeducacao\\\/ensino-medio-2021-o-que-mudou-e-como-a-escola-pode-se-adaptar\\\/#breadcrumb\",\"itemListElement\":[{\"@type\":\"ListItem\",\"position\":1,\"name\":\"In\u00edcio\",\"item\":\"https:\\\/\\\/projetoslayerup.com.br\\\/smeducacao\\\/\"},{\"@type\":\"ListItem\",\"position\":2,\"name\":\"Novo Ensino M\u00e9dio: o que mudou e como a escola pode se adaptar\"}]},{\"@type\":\"WebSite\",\"@id\":\"https:\\\/\\\/projetoslayerup.com.br\\\/smeducacao\\\/#website\",\"url\":\"https:\\\/\\\/projetoslayerup.com.br\\\/smeducacao\\\/\",\"name\":\"SM Educa\u00e7\u00e3o - Juntos cuidamos da educa\u00e7\u00e3o!\",\"description\":\"Transformamos a educa\u00e7\u00e3o por meio de solu\u00e7\u00f5es digitais, solu\u00e7\u00f5es did\u00e1ticas para uma aprendizagem personalizada e solu\u00e7\u00f5es estrat\u00e9gicas eficientes. Juntos cuidamos da Educa\u00e7\u00e3o!\",\"potentialAction\":[{\"@type\":\"SearchAction\",\"target\":{\"@type\":\"EntryPoint\",\"urlTemplate\":\"https:\\\/\\\/projetoslayerup.com.br\\\/smeducacao\\\/?s={search_term_string}\"},\"query-input\":{\"@type\":\"PropertyValueSpecification\",\"valueRequired\":true,\"valueName\":\"search_term_string\"}}],\"inLanguage\":\"pt-BR\"},{\"@type\":\"Person\",\"@id\":\"https:\\\/\\\/projetoslayerup.com.br\\\/smeducacao\\\/#\\\/schema\\\/person\\\/45d7d41388698d0f902ff276caab47f5\",\"name\":\"SM Educa\u00e7\u00e3o\",\"image\":{\"@type\":\"ImageObject\",\"inLanguage\":\"pt-BR\",\"@id\":\"https:\\\/\\\/secure.gravatar.com\\\/avatar\\\/24327468bc2a6fb95889620b4158620d90c5e352f7a18c30af0e3f8cb70bc104?s=96&d=mm&r=g\",\"url\":\"https:\\\/\\\/secure.gravatar.com\\\/avatar\\\/24327468bc2a6fb95889620b4158620d90c5e352f7a18c30af0e3f8cb70bc104?s=96&d=mm&r=g\",\"contentUrl\":\"https:\\\/\\\/secure.gravatar.com\\\/avatar\\\/24327468bc2a6fb95889620b4158620d90c5e352f7a18c30af0e3f8cb70bc104?s=96&d=mm&r=g\",\"caption\":\"SM Educa\u00e7\u00e3o\"},\"url\":\"https:\\\/\\\/projetoslayerup.com.br\\\/smeducacao\\\/author\\\/smeducacao2021\\\/\"}]}<\/script>\n<!-- \/ Yoast SEO plugin. -->","yoast_head_json":{"title":"Ensino M\u00e9dio 2021: o que sua escola precisa saber e fazer","description":"Saiba como o Novo Ensino M\u00e9dio pode trazer mais autonomia ao seu planejamento did\u00e1tico, assim como apoiar a escola para assegurar a forma\u00e7\u00e3o integral.","robots":{"index":"noindex","follow":"follow","max-snippet":"max-snippet:-1","max-image-preview":"max-image-preview:large","max-video-preview":"max-video-preview:-1"},"og_locale":"pt_BR","og_type":"article","og_title":"Ensino M\u00e9dio 2021: o que sua escola precisa saber e fazer","og_description":"Saiba como o Novo Ensino M\u00e9dio pode trazer mais autonomia ao seu planejamento did\u00e1tico, assim como apoiar a escola para assegurar a forma\u00e7\u00e3o integral.","og_url":"https:\/\/projetoslayerup.com.br\/smeducacao\/ensino-medio-2021-o-que-mudou-e-como-a-escola-pode-se-adaptar\/","og_site_name":"SM Educa\u00e7\u00e3o - Juntos cuidamos da educa\u00e7\u00e3o!","article_published_time":"2021-04-28T17:35:05+00:00","og_image":[{"width":2560,"height":1707,"url":"https:\/\/projetoslayerup.com.br\/smeducacao\/wp-content\/uploads\/2021\/04\/DnaJNO3m-scaled-1.jpeg","type":"image\/jpeg"}],"author":"SM Educa\u00e7\u00e3o","twitter_card":"summary_large_image","twitter_misc":{"Escrito por":"SM Educa\u00e7\u00e3o","Est. tempo de leitura":"7 minutos"},"schema":{"@context":"https:\/\/schema.org","@graph":[{"@type":"Article","@id":"https:\/\/projetoslayerup.com.br\/smeducacao\/ensino-medio-2021-o-que-mudou-e-como-a-escola-pode-se-adaptar\/#article","isPartOf":{"@id":"https:\/\/projetoslayerup.com.br\/smeducacao\/ensino-medio-2021-o-que-mudou-e-como-a-escola-pode-se-adaptar\/"},"author":{"name":"SM Educa\u00e7\u00e3o","@id":"https:\/\/projetoslayerup.com.br\/smeducacao\/#\/schema\/person\/45d7d41388698d0f902ff276caab47f5"},"headline":"Novo Ensino M\u00e9dio: o que mudou e como a escola pode se adaptar","datePublished":"2021-04-28T17:35:05+00:00","mainEntityOfPage":{"@id":"https:\/\/projetoslayerup.com.br\/smeducacao\/ensino-medio-2021-o-que-mudou-e-como-a-escola-pode-se-adaptar\/"},"wordCount":1322,"commentCount":2,"image":{"@id":"https:\/\/projetoslayerup.com.br\/smeducacao\/ensino-medio-2021-o-que-mudou-e-como-a-escola-pode-se-adaptar\/#primaryimage"},"thumbnailUrl":"https:\/\/projetoslayerup.com.br\/smeducacao\/wp-content\/uploads\/2021\/04\/DnaJNO3m-scaled-1.jpeg","articleSection":["Dicas para professores","Novo Ensino M\u00e9dio","Tend\u00eancias na educa\u00e7\u00e3o"],"inLanguage":"pt-BR","potentialAction":[{"@type":"CommentAction","name":"Comment","target":["https:\/\/projetoslayerup.com.br\/smeducacao\/ensino-medio-2021-o-que-mudou-e-como-a-escola-pode-se-adaptar\/#respond"]}]},{"@type":"WebPage","@id":"https:\/\/projetoslayerup.com.br\/smeducacao\/ensino-medio-2021-o-que-mudou-e-como-a-escola-pode-se-adaptar\/","url":"https:\/\/projetoslayerup.com.br\/smeducacao\/ensino-medio-2021-o-que-mudou-e-como-a-escola-pode-se-adaptar\/","name":"Ensino M\u00e9dio 2021: o que sua escola precisa saber e fazer","isPartOf":{"@id":"https:\/\/projetoslayerup.com.br\/smeducacao\/#website"},"primaryImageOfPage":{"@id":"https:\/\/projetoslayerup.com.br\/smeducacao\/ensino-medio-2021-o-que-mudou-e-como-a-escola-pode-se-adaptar\/#primaryimage"},"image":{"@id":"https:\/\/projetoslayerup.com.br\/smeducacao\/ensino-medio-2021-o-que-mudou-e-como-a-escola-pode-se-adaptar\/#primaryimage"},"thumbnailUrl":"https:\/\/projetoslayerup.com.br\/smeducacao\/wp-content\/uploads\/2021\/04\/DnaJNO3m-scaled-1.jpeg","datePublished":"2021-04-28T17:35:05+00:00","author":{"@id":"https:\/\/projetoslayerup.com.br\/smeducacao\/#\/schema\/person\/45d7d41388698d0f902ff276caab47f5"},"description":"Saiba como o Novo Ensino M\u00e9dio pode trazer mais autonomia ao seu planejamento did\u00e1tico, assim como apoiar a escola para assegurar a forma\u00e7\u00e3o integral.","breadcrumb":{"@id":"https:\/\/projetoslayerup.com.br\/smeducacao\/ensino-medio-2021-o-que-mudou-e-como-a-escola-pode-se-adaptar\/#breadcrumb"},"inLanguage":"pt-BR","potentialAction":[{"@type":"ReadAction","target":["https:\/\/projetoslayerup.com.br\/smeducacao\/ensino-medio-2021-o-que-mudou-e-como-a-escola-pode-se-adaptar\/"]}]},{"@type":"ImageObject","inLanguage":"pt-BR","@id":"https:\/\/projetoslayerup.com.br\/smeducacao\/ensino-medio-2021-o-que-mudou-e-como-a-escola-pode-se-adaptar\/#primaryimage","url":"https:\/\/projetoslayerup.com.br\/smeducacao\/wp-content\/uploads\/2021\/04\/DnaJNO3m-scaled-1.jpeg","contentUrl":"https:\/\/projetoslayerup.com.br\/smeducacao\/wp-content\/uploads\/2021\/04\/DnaJNO3m-scaled-1.jpeg","width":2560,"height":1707,"caption":"ensino m\u00e9dio"},{"@type":"BreadcrumbList","@id":"https:\/\/projetoslayerup.com.br\/smeducacao\/ensino-medio-2021-o-que-mudou-e-como-a-escola-pode-se-adaptar\/#breadcrumb","itemListElement":[{"@type":"ListItem","position":1,"name":"In\u00edcio","item":"https:\/\/projetoslayerup.com.br\/smeducacao\/"},{"@type":"ListItem","position":2,"name":"Novo Ensino M\u00e9dio: o que mudou e como a escola pode se adaptar"}]},{"@type":"WebSite","@id":"https:\/\/projetoslayerup.com.br\/smeducacao\/#website","url":"https:\/\/projetoslayerup.com.br\/smeducacao\/","name":"SM Educa\u00e7\u00e3o - Juntos cuidamos da educa\u00e7\u00e3o!","description":"Transformamos a educa\u00e7\u00e3o por meio de solu\u00e7\u00f5es digitais, solu\u00e7\u00f5es did\u00e1ticas para uma aprendizagem personalizada e solu\u00e7\u00f5es estrat\u00e9gicas eficientes. Juntos cuidamos da Educa\u00e7\u00e3o!","potentialAction":[{"@type":"SearchAction","target":{"@type":"EntryPoint","urlTemplate":"https:\/\/projetoslayerup.com.br\/smeducacao\/?s={search_term_string}"},"query-input":{"@type":"PropertyValueSpecification","valueRequired":true,"valueName":"search_term_string"}}],"inLanguage":"pt-BR"},{"@type":"Person","@id":"https:\/\/projetoslayerup.com.br\/smeducacao\/#\/schema\/person\/45d7d41388698d0f902ff276caab47f5","name":"SM Educa\u00e7\u00e3o","image":{"@type":"ImageObject","inLanguage":"pt-BR","@id":"https:\/\/secure.gravatar.com\/avatar\/24327468bc2a6fb95889620b4158620d90c5e352f7a18c30af0e3f8cb70bc104?s=96&d=mm&r=g","url":"https:\/\/secure.gravatar.com\/avatar\/24327468bc2a6fb95889620b4158620d90c5e352f7a18c30af0e3f8cb70bc104?s=96&d=mm&r=g","contentUrl":"https:\/\/secure.gravatar.com\/avatar\/24327468bc2a6fb95889620b4158620d90c5e352f7a18c30af0e3f8cb70bc104?s=96&d=mm&r=g","caption":"SM Educa\u00e7\u00e3o"},"url":"https:\/\/projetoslayerup.com.br\/smeducacao\/author\/smeducacao2021\/"}]}},"_links":{"self":[{"href":"https:\/\/projetoslayerup.com.br\/smeducacao\/wp-json\/wp\/v2\/posts\/1293","targetHints":{"allow":["GET"]}}],"collection":[{"href":"https:\/\/projetoslayerup.com.br\/smeducacao\/wp-json\/wp\/v2\/posts"}],"about":[{"href":"https:\/\/projetoslayerup.com.br\/smeducacao\/wp-json\/wp\/v2\/types\/post"}],"author":[{"embeddable":true,"href":"https:\/\/projetoslayerup.com.br\/smeducacao\/wp-json\/wp\/v2\/users\/2"}],"replies":[{"embeddable":true,"href":"https:\/\/projetoslayerup.com.br\/smeducacao\/wp-json\/wp\/v2\/comments?post=1293"}],"version-history":[{"count":0,"href":"https:\/\/projetoslayerup.com.br\/smeducacao\/wp-json\/wp\/v2\/posts\/1293\/revisions"}],"wp:featuredmedia":[{"embeddable":true,"href":"https:\/\/projetoslayerup.com.br\/smeducacao\/wp-json\/wp\/v2\/media\/1300"}],"wp:attachment":[{"href":"https:\/\/projetoslayerup.com.br\/smeducacao\/wp-json\/wp\/v2\/media?parent=1293"}],"wp:term":[{"taxonomy":"category","embeddable":true,"href":"https:\/\/projetoslayerup.com.br\/smeducacao\/wp-json\/wp\/v2\/categories?post=1293"},{"taxonomy":"post_tag","embeddable":true,"href":"https:\/\/projetoslayerup.com.br\/smeducacao\/wp-json\/wp\/v2\/tags?post=1293"},{"taxonomy":"blog_nivel_escolar","embeddable":true,"href":"https:\/\/projetoslayerup.com.br\/smeducacao\/wp-json\/wp\/v2\/blog_nivel_escolar?post=1293"},{"taxonomy":"blog_segmento_escolar","embeddable":true,"href":"https:\/\/projetoslayerup.com.br\/smeducacao\/wp-json\/wp\/v2\/blog_segmento_escolar?post=1293"}],"curies":[{"name":"wp","href":"https:\/\/api.w.org\/{rel}","templated":true}]}}