{"id":1308,"date":"2021-05-25T13:12:31","date_gmt":"2021-05-25T16:12:31","guid":{"rendered":"https:\/\/www.aeducacaonosmove.com.br\/?p=1308"},"modified":"2021-05-25T13:12:31","modified_gmt":"2021-05-25T16:12:31","slug":"colecoes-aprovadas-pnld-2021-objeto-2-sm-educacao","status":"publish","type":"post","link":"https:\/\/projetoslayerup.com.br\/smeducacao\/colecoes-aprovadas-pnld-2021-objeto-2-sm-educacao\/","title":{"rendered":"Organiza\u00e7\u00e3o e utiliza\u00e7\u00e3o das obras aprovadas da SM Educa\u00e7\u00e3o no PNLD 2021 &#8211; Objeto 2"},"content":{"rendered":"\n<p><span style=\"font-weight: 400;\">Para distribuir as <\/span><b>obras did\u00e1ticas<\/b><span style=\"font-weight: 400;\">, o PNLD 2021 conta agora com o <\/span><b>Objeto 2<\/b><span style=\"font-weight: 400;\">, cuja proposta \u00e9 a separa\u00e7\u00e3o de cole\u00e7\u00f5es por \u00c1rea do Conhecimento e Espec\u00edficas. A escolha das obras nessa fase ocorrer\u00e1 ainda em 2021.&nbsp;<\/span><\/p>\n<p><span style=\"font-weight: 400;\">Neste artigo, saiba mais sobre esse processo e aproveite para conhecer as obras aprovadas da SM Educa\u00e7\u00e3o. Acompanhe!<\/span><\/p>\n<h2><span style=\"font-weight: 400;\">PNLD 2021 \u2013 Objeto 2: como funciona?<\/span><\/h2>\n<p><span style=\"font-weight: 400;\">Em 2021, ocorrer\u00e1 a escolha do Objeto 2, com <\/span><b>obras por \u00c1rea do Conhecimento e obras Espec\u00edficas<\/b><span style=\"font-weight: 400;\">.<\/span><\/p>\n<p><span style=\"font-weight: 400;\">As obras por \u00c1rea do Conhecimento e Espec\u00edficas substituir\u00e3o as obras \u2018disciplinares\u2019. Ou seja, <\/span><b>n\u00e3o ser\u00e3o mais distribu\u00eddas as cole\u00e7\u00f5es tradicionais por componentes curriculares<\/b><span style=\"font-weight: 400;\"> (L\u00edngua Portuguesa, Matem\u00e1tica, Biologia, F\u00edsica, Qu\u00edmica, etc).<\/span><\/p>\n<p><span style=\"font-weight: 400;\">Em vez disso, ser\u00e3o distribu\u00eddos livros para cada \u00c1rea do Conhecimento (Matem\u00e1tica e suas Tecnologias, Ci\u00eancias Humanas e Sociais Aplicadas, Ci\u00eancias da Natureza e suas Tecnologias, Linguagens e suas Tecnologias) e mais tr\u00eas obras Espec\u00edficas (Ci\u00eancias Humanas e Sociais Aplicadas com Matem\u00e1tica e suas Tecnologias, L\u00edngua Portuguesa e L\u00edngua Inglesa).<\/span><\/p>\n<p><strong>As obras por \u00c1rea do Conhecimento s\u00e3o apresentadas em cole\u00e7\u00f5es com seis volumes cada.&nbsp;<\/strong><\/p>\n<p><span style=\"font-weight: 400;\">As tr\u00eas obras Espec\u00edficas s\u00e3o apresentadas em volumes \u00fanicos independentes: L\u00edngua Portuguesa, L\u00edngua Inglesa e Ci\u00eancias Humanas e Sociais Aplicadas em di\u00e1logo com Matem\u00e1tica e suas Tecnologias.&nbsp;<br><br><\/span><\/p>\n<h2><span style=\"font-weight: 400;\">SM Educa\u00e7\u00e3o no PNLD 2021 \u2013 Objeto 2<\/span><\/h2>\n<p><span style=\"font-weight: 400;\">A SM Educa\u00e7\u00e3o teve suas <\/span><b>obras 100% aprovadas no PNLD 2021 \u2013 Objeto 2<\/b><span style=\"font-weight: 400;\">, e est\u00e1 participando do programa com obras nas quatro \u00c1reas do conhecimento e obras Espec\u00edficas. Para a \u00e1rea de Matem\u00e1tica e suas Tecnologias, temos duas obras aprovadas.&nbsp;<\/span><\/p>\n<p><span style=\"font-weight: 400;\">Conhe\u00e7a cada uma a seguir e acesse o site para conferir na \u00edntegra o conte\u00fado de todas as obras.<\/span><\/p>\n<p><span style=\"font-weight: 400;\">Ao acessar o site, clique na aba \u201c<\/span><b>Nossas solu\u00e7\u00f5es<\/b><span style=\"font-weight: 400;\">\u201d e confira na \u00edntegra todas as obras da SM Educa\u00e7\u00e3o aprovadas no Objeto 2.&nbsp;<br><br><\/span><\/p>\n\n\n\n<div class=\"wp-block-image\"><figure class=\"aligncenter size-large\"><a href=\"https:\/\/pnld.smeducacao.com.br\/\" target=\"_blank\" rel=\"noreferrer noopener\"><img decoding=\"async\" src=\"https:\/\/www.aeducacaonosmove.com.br\/wp-content\/uploads\/2021\/05\/GL-MaIbA-700x610.png\" alt=\"\" class=\"wp-image-1309\"\/><\/a><\/figure><\/div>\n\n\n\n<p><span style=\"font-weight: 400;\"><strong>Ser Protagonista \u2013 Linguagens e suas Tecnologias<\/strong> \u00e9 a cole\u00e7\u00e3o ideal para preparar os alunos para os desafios do s\u00e9culo XXI.<\/span><\/p>\n<p><span style=\"font-weight: 400;\">A cole\u00e7\u00e3o articula de forma simples, direta e interdisciplinar os conhecimentos da \u00e1rea de Linguagens e suas Tecnologias (L\u00edngua Portuguesa, Arte e Educa\u00e7\u00e3o F\u00edsica). \u00c9 uma ferramenta valiosa para desenvolver uma pr\u00e1tica educativa inovadora, que coloca o estudante no centro da educa\u00e7\u00e3o e o torna protagonista de seu pr\u00f3prio aprendizado.<\/span><\/p>\n\n\n\n<div class=\"wp-block-image\"><figure class=\"aligncenter size-large\"><a href=\"https:\/\/pnld.smeducacao.com.br\/colecoes\/area-do-conhecimento\/linguagens-e-suas-tecnologias-ser-protagonista\/\" target=\"_blank\" rel=\"noreferrer noopener\"><img decoding=\"async\" src=\"https:\/\/www.aeducacaonosmove.com.br\/wp-content\/uploads\/2021\/05\/EeNCKNA-700x163.png\" alt=\"\" class=\"wp-image-1310\"\/><\/a><figcaption><br><br><br><\/figcaption><\/figure><\/div>\n\n\n\n\n\n<div class=\"wp-block-image\"><figure class=\"aligncenter size-large\"><a href=\"https:\/\/pnld.smeducacao.com.br\/\" target=\"_blank\" rel=\"noreferrer noopener\"><img decoding=\"async\" src=\"https:\/\/www.aeducacaonosmove.com.br\/wp-content\/uploads\/2021\/05\/h3iLYE_g-700x366.png\" alt=\"\" class=\"wp-image-1311\"\/><\/a><\/figure><\/div>\n\n\n\n<p><b>Ser Protagonista \u2013 Matem\u00e1tica e suas Tecnologias <\/b><span style=\"font-weight: 400;\">\u00e9 a cole\u00e7\u00e3o ideal para explorar a Matem\u00e1tica no Novo Ensino M\u00e9dio e busca o letramento matem\u00e1tico no contexto da educa\u00e7\u00e3o integral, o que inclui o desenvolvimento de habilidades, compet\u00eancias e n\u00edveis de cogni\u00e7\u00e3o dos estudantes, bem como de valores e atitudes.&nbsp;<\/span><\/p>\n<p><span style=\"font-weight: 400;\">O conte\u00fado da cole\u00e7\u00e3o utiliza uma linguagem clara e acess\u00edvel que, alinhada aos temas contempor\u00e2neos e atuais, tornam o material muito mais atrativo e instigante para o jovem.<\/span><\/p>\n\n\n\n<div class=\"wp-block-image\"><figure class=\"aligncenter\"><a href=\"https:\/\/pnld.smeducacao.com.br\/colecoes\/area-do-conhecimento\/matematica-e-suas-tecnologias-ser-protagonista\/\" target=\"_blank\" rel=\"noreferrer noopener\"><img decoding=\"async\" src=\"https:\/\/www.aeducacaonosmove.com.br\/wp-content\/uploads\/2021\/05\/YIkpTGZw-700x163.png\" alt=\"\" class=\"wp-image-1312\"\/><\/a><figcaption><br><br><br><\/figcaption><\/figure><\/div>\n\n\n\n\n\n<div class=\"wp-block-image\"><figure class=\"aligncenter size-large\"><a href=\"https:\/\/pnld.smeducacao.com.br\/\" target=\"_blank\" rel=\"noreferrer noopener\"><img decoding=\"async\" src=\"https:\/\/www.aeducacaonosmove.com.br\/wp-content\/uploads\/2021\/05\/e5INE3kQ-700x393.png\" alt=\"\" class=\"wp-image-1313\"\/><\/a><\/figure><\/div>\n\n\n\n<p><b>Ser Protagonista \u2013 Ci\u00eancias da Natureza e suas Tecnologias<\/b><span style=\"font-weight: 400;\"> articula de forma simples e direta os conhecimentos de Ci\u00eancias da Natureza e suas Tecnologias (Biologia, Qu\u00edmica e F\u00edsica).<\/span><\/p>\n<p><span style=\"font-weight: 400;\">Por meio de sua abordagem interdisciplinar, a cole\u00e7\u00e3o apoia o desenvolvimento de habilidades e compet\u00eancias gerais e espec\u00edficas da BNCC. Isso traz diversos benef\u00edcios para a educa\u00e7\u00e3o integral do aluno, como desenvolvimento do<\/span><b> protagonismo, autonomia, trabalho em equipe, pensamento cr\u00edtico e valores para exercer a cidadania<\/b><span style=\"font-weight: 400;\">.<\/span><\/p>\n\n\n\n<div class=\"wp-block-image\"><figure class=\"aligncenter size-large is-resized\"><a href=\"https:\/\/pnld.smeducacao.com.br\/colecoes\/area-do-conhecimento\/ciencias-da-natureza-e-suas-tecnologias-ser-protagonista\/\" target=\"_blank\" rel=\"noreferrer noopener\"><img loading=\"lazy\" decoding=\"async\" src=\"https:\/\/www.aeducacaonosmove.com.br\/wp-content\/uploads\/2021\/05\/eFkf-ZZg-700x149.png\" alt=\"\" class=\"wp-image-1314\" width=\"580\" height=\"123\"\/><\/a><figcaption><br><br><br><\/figcaption><\/figure><\/div>\n\n\n\n\n\n<div class=\"wp-block-image\"><figure class=\"aligncenter size-large\"><a href=\"https:\/\/pnld.smeducacao.com.br\/\" target=\"_blank\" rel=\"noreferrer noopener\"><img decoding=\"async\" src=\"https:\/\/www.aeducacaonosmove.com.br\/wp-content\/uploads\/2021\/05\/MuAYMX4A-700x393.png\" alt=\"\" class=\"wp-image-1315\"\/><\/a><\/figure><\/div>\n\n\n\n<p><b>Ser Protagonista \u2013 Ci\u00eancias Humanas e Sociais Aplicadas<\/b><span style=\"font-weight: 400;\"> \u00e9 uma cole\u00e7\u00e3o que vai muito al\u00e9m do conte\u00fado: desenvolvimento intelectual, f\u00edsico, emocional, social e cultural s\u00e3o trabalhados ao longo da obra, desenvolvendo compet\u00eancias espec\u00edficas da \u00e1rea de Ci\u00eancias Humanas e Sociais Aplicadas (Filosofia, Geografia, Hist\u00f3ria e Sociologia).<\/span><\/p>\n<p><span style=\"font-weight: 400;\">Exercitar a pr\u00e1tica de pesquisa e a solu\u00e7\u00e3o de problemas \u00e9 essencial para a forma\u00e7\u00e3o de alunos cr\u00edticos e participativos na sociedade. Por isso, <\/span><b>a cole\u00e7\u00e3o adota metodologias ativas<\/b><span style=\"font-weight: 400;\">, incentivando o uso do conhecimento para solucionar problemas complexos por meio de atividades de di\u00e1logo, reflex\u00e3o, an\u00e1lise, investiga\u00e7\u00e3o, elabora\u00e7\u00e3o de hip\u00f3teses e cria\u00e7\u00e3o de planos de a\u00e7\u00e3o.<\/span><\/p>\n\n\n\n<div class=\"wp-block-image\"><figure class=\"aligncenter size-large\"><a href=\"https:\/\/pnld.smeducacao.com.br\/colecoes\/area-do-conhecimento\/ciencias-humanas-e-sociais-aplicadas-ser-protagonista\/\"><img decoding=\"async\" src=\"https:\/\/www.aeducacaonosmove.com.br\/wp-content\/uploads\/2021\/05\/mIuQqKtw-700x149.png\" alt=\"\" class=\"wp-image-1316\"\/><\/a><figcaption><br><br><br><\/figcaption><\/figure><\/div>\n\n\n\n<div class=\"wp-block-image\"><figure class=\"aligncenter size-large\"><a href=\"https:\/\/pnld.smeducacao.com.br\/\" target=\"_blank\" rel=\"noreferrer noopener\"><img decoding=\"async\" src=\"https:\/\/www.aeducacaonosmove.com.br\/wp-content\/uploads\/2021\/05\/cYyEBq_A-700x390.png\" alt=\"\" class=\"wp-image-1317\"\/><\/a><\/figure><\/div>\n\n\n\n<p class=\"wp-block-paragraph\"><strong>Quadrante \u2013 Matem\u00e1tica e suas Tecnologias<\/strong> \u00e9 a cole\u00e7\u00e3o ideal para despertar o interesse pela matem\u00e1tica e preparar os jovens para os desafios.<\/p>\n\n\n\n<p class=\"wp-block-paragraph\">De maneira simples e organizada, a obra apresenta conte\u00fados voltados ao <strong>desenvolvimento de compet\u00eancias e habilidades gerais e espec\u00edficas da \u00e1rea de Matem\u00e1tica e suas Tecnologias<\/strong>.<\/p>\n\n\n\n<p class=\"wp-block-paragraph\">Com foco na forma\u00e7\u00e3o integral, o estudante poder\u00e1 desenvolver tamb\u00e9m valores e compet\u00eancias essenciais para exercer a cidadania ativamente, como o trabalho em equipe, o protagonismo e a autonomia.<\/p>\n\n\n\n<div class=\"wp-block-image\"><figure class=\"aligncenter size-large\"><a href=\"https:\/\/pnld.smeducacao.com.br\/colecoes\/area-do-conhecimento\/matematica-e-suas-tecnologias-quadrante\/\" target=\"_blank\" rel=\"noreferrer noopener\"><img decoding=\"async\" src=\"https:\/\/www.aeducacaonosmove.com.br\/wp-content\/uploads\/2021\/05\/0Hk6-Smw-700x143.png\" alt=\"\" class=\"wp-image-1318\"\/><\/a><figcaption><br><br><\/figcaption><\/figure><\/div>\n\n\n\n\n\n<div class=\"wp-block-image\"><figure class=\"aligncenter size-large\"><a href=\"https:\/\/pnld.smeducacao.com.br\/colecoes\/obras-especificas\/lingua-inglesa\/\" target=\"_blank\" rel=\"noreferrer noopener\"><img decoding=\"async\" src=\"https:\/\/www.aeducacaonosmove.com.br\/wp-content\/uploads\/2021\/05\/JOAgeHVA-700x610.png\" alt=\"\" class=\"wp-image-1319\"\/><\/a><\/figure><\/div>\n\n\n\n<p><span style=\"font-weight: 400;\">Em um mundo globalizado, o dom\u00ednio da l\u00edngua inglesa \u00e9 essencial para a forma\u00e7\u00e3o integral do estudante. Pensando nisso, a obra espec\u00edfica da SM Educa\u00e7\u00e3o, <\/span><b>New Alive High<\/b><span style=\"font-weight: 400;\">, desenvolve compet\u00eancias e habilidades da BNCC para o uso cr\u00edtico da l\u00edngua em diferentes contextos, trabalhando <\/span><i><span style=\"font-weight: 400;\">listening<\/span><\/i><span style=\"font-weight: 400;\">, <\/span><i><span style=\"font-weight: 400;\">reading<\/span><\/i><span style=\"font-weight: 400;\">, <\/span><i><span style=\"font-weight: 400;\">speaking<\/span><\/i><span style=\"font-weight: 400;\"> e <\/span><i><span style=\"font-weight: 400;\">writing<\/span><\/i><span style=\"font-weight: 400;\">.<\/span><\/p>\n<p><span style=\"font-weight: 400;\">New Alive High tamb\u00e9m integra os saberes da \u00e1rea de Linguagens relacionando-os a outras \u00e1reas de conhecimento, possibilitando ao estudante vivenciar experi\u00eancias que se aproximam de seu cotidiano.<\/span><\/p>\n\n\n\n<div class=\"wp-block-image\"><figure class=\"aligncenter size-large\"><a href=\"https:\/\/pnld.smeducacao.com.br\/colecoes\/obras-especificas\/lingua-inglesa\/\" target=\"_blank\" rel=\"noreferrer noopener\"><img decoding=\"async\" src=\"https:\/\/www.aeducacaonosmove.com.br\/wp-content\/uploads\/2021\/05\/TqNNzkLw-700x163.png\" alt=\"\" class=\"wp-image-1320\"\/><\/a><figcaption><br><br><br><\/figcaption><\/figure><\/div>\n\n\n\n<div class=\"wp-block-image\"><figure class=\"aligncenter size-large\"><a href=\"https:\/\/pnld.smeducacao.com.br\/\" target=\"_blank\" rel=\"noreferrer noopener\"><img decoding=\"async\" src=\"https:\/\/www.aeducacaonosmove.com.br\/wp-content\/uploads\/2021\/05\/7uvl2Yeg-700x327.png\" alt=\"\" class=\"wp-image-1321\"\/><\/a><\/figure><\/div>\n\n\n\n<p><span style=\"font-weight: 400;\">Por meio da <\/span><b>obra espec\u00edfica Ser Protagonista \u2013 L\u00edngua Portuguesa<\/b><span style=\"font-weight: 400;\">, que faz parte da \u00e1rea de Linguagens e suas Tecnologias, o docente poder\u00e1 apoiar os estudantes na cria\u00e7\u00e3o de espa\u00e7os de reflex\u00e3o e liberdade de pensamento por meio de linguagens.&nbsp;<\/span><\/p>\n<p><span style=\"font-weight: 400;\">Para isso, ser\u00e3o trabalhados g\u00eaneros discursivos, uso da linguagem em diversos contextos,<\/span><b> an\u00e1lise e produ\u00e7\u00e3o de textos de temas e estruturas complexas<\/b><span style=\"font-weight: 400;\">, entre outras estrat\u00e9gias.<\/span><\/p>\n<p><span style=\"font-weight: 400;\">Os estudantes ser\u00e3o engajados em atividades de temas relevantes e contempor\u00e2neos, pensando nas culturas juvenis, incluindo rodas de conversa, pesquisas, compartilhamento de experi\u00eancias, projetos de cria\u00e7\u00e3o de produtos culturais, organiza\u00e7\u00e3o de eventos, etc.<\/span><\/p>\n\n\n\n<div class=\"wp-block-image\"><figure class=\"aligncenter size-large\"><a href=\"https:\/\/pnld.smeducacao.com.br\/colecoes\/obras-especificas\/lingua-portuguesa-ser-protagonista\/\" target=\"_blank\" rel=\"noreferrer noopener\"><img decoding=\"async\" src=\"https:\/\/www.aeducacaonosmove.com.br\/wp-content\/uploads\/2021\/05\/YntpELTw-700x163.png\" alt=\"\" class=\"wp-image-1324\"\/><\/a><figcaption><br><br><\/figcaption><\/figure><\/div>\n\n\n\n\n\n<div class=\"wp-block-image\"><figure class=\"aligncenter size-large\"><a href=\"https:\/\/pnld.smeducacao.com.br\/colecoes\/obras-especificas\/ciencias-humanas-sociais-aplicadas-dialogo-matematica\/\" target=\"_blank\" rel=\"noreferrer noopener\"><img decoding=\"async\" src=\"https:\/\/www.aeducacaonosmove.com.br\/wp-content\/uploads\/2021\/05\/mlUucWRg-700x390.png\" alt=\"\" class=\"wp-image-1325\"\/><\/a><\/figure><\/div>\n\n\n\n<p><b>Ser Protagonista \u2013 Ci\u00eancias Humanas e Sociais Aplicadas em Di\u00e1logo com a Matem\u00e1tica<\/b><span style=\"font-weight: 400;\"> \u00e9 a obra que integra<\/span> <span style=\"font-weight: 400;\">as \u00e1reas de Ci\u00eancias Humanas e Sociais Aplicadas e de Matem\u00e1tica, especificamente no campo de conhecimento da Economia.&nbsp;<\/span><\/p>\n<p><span style=\"font-weight: 400;\">Ao longo do livro, o estudante poder\u00e1 <\/span><b>relacionar opera\u00e7\u00f5es matem\u00e1ticas a conceitos de ci\u00eancias humanas como ci\u00eancia econ\u00f4mica<\/b><span style=\"font-weight: 400;\">,<\/span><b> economia brasileira e desigualdade econ\u00f4mica<\/b><span style=\"font-weight: 400;\">.<\/span><\/p>\n<p><span style=\"font-weight: 400;\">O conte\u00fado do livro proporciona o estudo de conceitos e \u00edndices econ\u00f4micos que se apresentam no cotidiano e que s\u00e3o essenciais para o desenvolvimento humano, como conceito de valor, renda, riqueza, Produto Interno Bruto (PIB) e \u00cdndice de Desenvolvimento Humano (IDH), entre outros.<\/span><\/p>\n\n\n\n<div class=\"wp-block-image\"><figure class=\"aligncenter size-large\"><a href=\"https:\/\/pnld.smeducacao.com.br\/colecoes\/obras-especificas\/ciencias-humanas-sociais-aplicadas-dialogo-matematica\/\" target=\"_blank\" rel=\"noreferrer noopener\"><img decoding=\"async\" src=\"https:\/\/www.aeducacaonosmove.com.br\/wp-content\/uploads\/2021\/05\/RcPa2TcQ-700x163.png\" alt=\"\" class=\"wp-image-1326\"\/><\/a><figcaption><br><br><\/figcaption><\/figure><\/div>\n\n\n\n<p><span style=\"font-weight: 400;\">As obras aprovadas da SM Educa\u00e7\u00e3o apoiam o desenvolvimento de habilidades, compet\u00eancias, atitudes e valores, incentivam o protagonismo e a autonomia do estudante, valorizam as culturas juvenis e dialogam com temas contempor\u00e2neos de interesse do jovem, entre outros benef\u00edcios que tornam a aprendizagem mais significativa.<\/span><\/p>\n<p><b>No PNLD 2021, lembre-se: opte pelas obras da SM Educa\u00e7\u00e3o e <\/b><b>fa\u00e7a a melhor escolha para a forma\u00e7\u00e3o integral dos jovens no Novo Ensino M\u00e9dio!<br><br><br><\/b><\/p>\n<div role=\"main\" id=\"formulario-para-aplicacao-ao-final-dos-blogposts-v2-73cd9a38551449a595a5\"><\/div>\n<p><script type=\"text\/javascript\" src=\"https:\/\/d335luupugsy2.cloudfront.net\/js\/rdstation-forms\/stable\/rdstation-forms.min.js\"><\/script><br><script type=\"text\/javascript\"> new RDStationForms('formulario-para-aplicacao-ao-final-dos-blogposts-v2-73cd9a38551449a595a5', 'UA-12840758-1').createForm();<\/script><\/p>\n<p><span style=\"font-weight: 400;\">&nbsp;<\/span><\/p>\n","protected":false},"excerpt":{"rendered":"<p>Quadrante \u2013 Matem\u00e1tica e suas Tecnologias \u00e9 a cole\u00e7\u00e3o ideal para despertar o interesse pela matem\u00e1tica e preparar os jovens para os desafios. De maneira simples e organizada, a obra apresenta conte\u00fados voltados ao desenvolvimento de compet\u00eancias e habilidades gerais e espec\u00edficas da \u00e1rea de Matem\u00e1tica e suas Tecnologias. Com foco na forma\u00e7\u00e3o integral, o [&hellip;]<\/p>\n","protected":false},"author":2,"featured_media":4907,"comment_status":"open","ping_status":"open","sticky":false,"template":"","format":"standard","meta":{"_acf_changed":false,"footnotes":""},"categories":[4,52,5],"tags":[],"blog_nivel_escolar":[],"blog_segmento_escolar":[],"class_list":["post-1308","post","type-post","status-publish","format-standard","has-post-thumbnail","hentry","category-dicas-professor","category-novo-ensino-medio","category-pnld"],"acf":[],"yoast_head":"<!-- This site is optimized with the Yoast SEO plugin v28.3 - https:\/\/yoast.com\/product\/yoast-seo-wordpress\/ -->\n<title>Organiza\u00e7\u00e3o de obras aprovadas da SM Educa\u00e7\u00e3o no PNLD 2021<\/title>\n<meta name=\"description\" content=\"Conhe\u00e7a as cole\u00e7\u00f5es aprovadas no PNLD 2021 - Objeto 2 e seus benef\u00edcios com volumes que trabalham o conte\u00fado por \u00c1reas do Conhecimento e Espec\u00edficas.\" \/>\n<meta name=\"robots\" content=\"noindex, follow, max-snippet:-1, max-image-preview:large, max-video-preview:-1\" \/>\n<meta property=\"og:locale\" content=\"pt_BR\" \/>\n<meta property=\"og:type\" content=\"article\" \/>\n<meta property=\"og:title\" content=\"Organiza\u00e7\u00e3o de obras aprovadas da SM Educa\u00e7\u00e3o no PNLD 2021\" \/>\n<meta property=\"og:description\" content=\"Conhe\u00e7a as cole\u00e7\u00f5es aprovadas no PNLD 2021 - Objeto 2 e seus benef\u00edcios com volumes que trabalham o conte\u00fado por \u00c1reas do Conhecimento e Espec\u00edficas.\" \/>\n<meta property=\"og:url\" content=\"https:\/\/projetoslayerup.com.br\/smeducacao\/colecoes-aprovadas-pnld-2021-objeto-2-sm-educacao\/\" \/>\n<meta property=\"og:site_name\" content=\"SM Educa\u00e7\u00e3o - Juntos cuidamos da educa\u00e7\u00e3o!\" \/>\n<meta property=\"article:published_time\" content=\"2021-05-25T16:12:31+00:00\" \/>\n<meta property=\"og:image\" content=\"https:\/\/projetoslayerup.com.br\/smeducacao\/wp-content\/uploads\/2021\/07\/BLOG-Educamos_-a-escolha-ideal-para-uma-gestao-escolar-completa-e-eficiente.png\" \/>\n\t<meta property=\"og:image:width\" content=\"870\" \/>\n\t<meta property=\"og:image:height\" content=\"401\" \/>\n\t<meta property=\"og:image:type\" content=\"image\/png\" \/>\n<meta name=\"author\" content=\"SM Educa\u00e7\u00e3o\" \/>\n<meta name=\"twitter:card\" content=\"summary_large_image\" \/>\n<meta name=\"twitter:label1\" content=\"Escrito por\" \/>\n\t<meta name=\"twitter:data1\" content=\"SM Educa\u00e7\u00e3o\" \/>\n\t<meta name=\"twitter:label2\" content=\"Est. tempo de leitura\" \/>\n\t<meta name=\"twitter:data2\" content=\"8 minutos\" \/>\n<script type=\"application\/ld+json\" class=\"yoast-schema-graph\">{\"@context\":\"https:\\\/\\\/schema.org\",\"@graph\":[{\"@type\":\"Article\",\"@id\":\"https:\\\/\\\/projetoslayerup.com.br\\\/smeducacao\\\/colecoes-aprovadas-pnld-2021-objeto-2-sm-educacao\\\/#article\",\"isPartOf\":{\"@id\":\"https:\\\/\\\/projetoslayerup.com.br\\\/smeducacao\\\/colecoes-aprovadas-pnld-2021-objeto-2-sm-educacao\\\/\"},\"author\":{\"name\":\"SM Educa\u00e7\u00e3o\",\"@id\":\"https:\\\/\\\/projetoslayerup.com.br\\\/smeducacao\\\/#\\\/schema\\\/person\\\/45d7d41388698d0f902ff276caab47f5\"},\"headline\":\"Organiza\u00e7\u00e3o e utiliza\u00e7\u00e3o das obras aprovadas da SM Educa\u00e7\u00e3o no PNLD 2021 &#8211; Objeto 2\",\"datePublished\":\"2021-05-25T16:12:31+00:00\",\"mainEntityOfPage\":{\"@id\":\"https:\\\/\\\/projetoslayerup.com.br\\\/smeducacao\\\/colecoes-aprovadas-pnld-2021-objeto-2-sm-educacao\\\/\"},\"wordCount\":1190,\"commentCount\":0,\"image\":{\"@id\":\"https:\\\/\\\/projetoslayerup.com.br\\\/smeducacao\\\/colecoes-aprovadas-pnld-2021-objeto-2-sm-educacao\\\/#primaryimage\"},\"thumbnailUrl\":\"https:\\\/\\\/projetoslayerup.com.br\\\/smeducacao\\\/wp-content\\\/uploads\\\/2021\\\/07\\\/BLOG-Educamos_-a-escolha-ideal-para-uma-gestao-escolar-completa-e-eficiente.png\",\"articleSection\":[\"Dicas para professores\",\"Novo Ensino M\u00e9dio\",\"PNLD\"],\"inLanguage\":\"pt-BR\",\"potentialAction\":[{\"@type\":\"CommentAction\",\"name\":\"Comment\",\"target\":[\"https:\\\/\\\/projetoslayerup.com.br\\\/smeducacao\\\/colecoes-aprovadas-pnld-2021-objeto-2-sm-educacao\\\/#respond\"]}]},{\"@type\":\"WebPage\",\"@id\":\"https:\\\/\\\/projetoslayerup.com.br\\\/smeducacao\\\/colecoes-aprovadas-pnld-2021-objeto-2-sm-educacao\\\/\",\"url\":\"https:\\\/\\\/projetoslayerup.com.br\\\/smeducacao\\\/colecoes-aprovadas-pnld-2021-objeto-2-sm-educacao\\\/\",\"name\":\"Organiza\u00e7\u00e3o de obras aprovadas da SM Educa\u00e7\u00e3o no PNLD 2021\",\"isPartOf\":{\"@id\":\"https:\\\/\\\/projetoslayerup.com.br\\\/smeducacao\\\/#website\"},\"primaryImageOfPage\":{\"@id\":\"https:\\\/\\\/projetoslayerup.com.br\\\/smeducacao\\\/colecoes-aprovadas-pnld-2021-objeto-2-sm-educacao\\\/#primaryimage\"},\"image\":{\"@id\":\"https:\\\/\\\/projetoslayerup.com.br\\\/smeducacao\\\/colecoes-aprovadas-pnld-2021-objeto-2-sm-educacao\\\/#primaryimage\"},\"thumbnailUrl\":\"https:\\\/\\\/projetoslayerup.com.br\\\/smeducacao\\\/wp-content\\\/uploads\\\/2021\\\/07\\\/BLOG-Educamos_-a-escolha-ideal-para-uma-gestao-escolar-completa-e-eficiente.png\",\"datePublished\":\"2021-05-25T16:12:31+00:00\",\"author\":{\"@id\":\"https:\\\/\\\/projetoslayerup.com.br\\\/smeducacao\\\/#\\\/schema\\\/person\\\/45d7d41388698d0f902ff276caab47f5\"},\"description\":\"Conhe\u00e7a as cole\u00e7\u00f5es aprovadas no PNLD 2021 - Objeto 2 e seus benef\u00edcios com volumes que trabalham o conte\u00fado por \u00c1reas do Conhecimento e Espec\u00edficas.\",\"breadcrumb\":{\"@id\":\"https:\\\/\\\/projetoslayerup.com.br\\\/smeducacao\\\/colecoes-aprovadas-pnld-2021-objeto-2-sm-educacao\\\/#breadcrumb\"},\"inLanguage\":\"pt-BR\",\"potentialAction\":[{\"@type\":\"ReadAction\",\"target\":[\"https:\\\/\\\/projetoslayerup.com.br\\\/smeducacao\\\/colecoes-aprovadas-pnld-2021-objeto-2-sm-educacao\\\/\"]}]},{\"@type\":\"ImageObject\",\"inLanguage\":\"pt-BR\",\"@id\":\"https:\\\/\\\/projetoslayerup.com.br\\\/smeducacao\\\/colecoes-aprovadas-pnld-2021-objeto-2-sm-educacao\\\/#primaryimage\",\"url\":\"https:\\\/\\\/projetoslayerup.com.br\\\/smeducacao\\\/wp-content\\\/uploads\\\/2021\\\/07\\\/BLOG-Educamos_-a-escolha-ideal-para-uma-gestao-escolar-completa-e-eficiente.png\",\"contentUrl\":\"https:\\\/\\\/projetoslayerup.com.br\\\/smeducacao\\\/wp-content\\\/uploads\\\/2021\\\/07\\\/BLOG-Educamos_-a-escolha-ideal-para-uma-gestao-escolar-completa-e-eficiente.png\",\"width\":870,\"height\":401,\"caption\":\"Educamos Gest\u00e3o Escolar \u00e9 a melhor escolha\"},{\"@type\":\"BreadcrumbList\",\"@id\":\"https:\\\/\\\/projetoslayerup.com.br\\\/smeducacao\\\/colecoes-aprovadas-pnld-2021-objeto-2-sm-educacao\\\/#breadcrumb\",\"itemListElement\":[{\"@type\":\"ListItem\",\"position\":1,\"name\":\"In\u00edcio\",\"item\":\"https:\\\/\\\/projetoslayerup.com.br\\\/smeducacao\\\/\"},{\"@type\":\"ListItem\",\"position\":2,\"name\":\"Organiza\u00e7\u00e3o e utiliza\u00e7\u00e3o das obras aprovadas da SM Educa\u00e7\u00e3o no PNLD 2021 &#8211; Objeto 2\"}]},{\"@type\":\"WebSite\",\"@id\":\"https:\\\/\\\/projetoslayerup.com.br\\\/smeducacao\\\/#website\",\"url\":\"https:\\\/\\\/projetoslayerup.com.br\\\/smeducacao\\\/\",\"name\":\"SM Educa\u00e7\u00e3o - Juntos cuidamos da educa\u00e7\u00e3o!\",\"description\":\"Transformamos a educa\u00e7\u00e3o por meio de solu\u00e7\u00f5es digitais, solu\u00e7\u00f5es did\u00e1ticas para uma aprendizagem personalizada e solu\u00e7\u00f5es estrat\u00e9gicas eficientes. Juntos cuidamos da Educa\u00e7\u00e3o!\",\"potentialAction\":[{\"@type\":\"SearchAction\",\"target\":{\"@type\":\"EntryPoint\",\"urlTemplate\":\"https:\\\/\\\/projetoslayerup.com.br\\\/smeducacao\\\/?s={search_term_string}\"},\"query-input\":{\"@type\":\"PropertyValueSpecification\",\"valueRequired\":true,\"valueName\":\"search_term_string\"}}],\"inLanguage\":\"pt-BR\"},{\"@type\":\"Person\",\"@id\":\"https:\\\/\\\/projetoslayerup.com.br\\\/smeducacao\\\/#\\\/schema\\\/person\\\/45d7d41388698d0f902ff276caab47f5\",\"name\":\"SM Educa\u00e7\u00e3o\",\"image\":{\"@type\":\"ImageObject\",\"inLanguage\":\"pt-BR\",\"@id\":\"https:\\\/\\\/secure.gravatar.com\\\/avatar\\\/24327468bc2a6fb95889620b4158620d90c5e352f7a18c30af0e3f8cb70bc104?s=96&d=mm&r=g\",\"url\":\"https:\\\/\\\/secure.gravatar.com\\\/avatar\\\/24327468bc2a6fb95889620b4158620d90c5e352f7a18c30af0e3f8cb70bc104?s=96&d=mm&r=g\",\"contentUrl\":\"https:\\\/\\\/secure.gravatar.com\\\/avatar\\\/24327468bc2a6fb95889620b4158620d90c5e352f7a18c30af0e3f8cb70bc104?s=96&d=mm&r=g\",\"caption\":\"SM Educa\u00e7\u00e3o\"},\"url\":\"https:\\\/\\\/projetoslayerup.com.br\\\/smeducacao\\\/author\\\/smeducacao2021\\\/\"}]}<\/script>\n<!-- \/ Yoast SEO plugin. -->","yoast_head_json":{"title":"Organiza\u00e7\u00e3o de obras aprovadas da SM Educa\u00e7\u00e3o no PNLD 2021","description":"Conhe\u00e7a as cole\u00e7\u00f5es aprovadas no PNLD 2021 - Objeto 2 e seus benef\u00edcios com volumes que trabalham o conte\u00fado por \u00c1reas do Conhecimento e Espec\u00edficas.","robots":{"index":"noindex","follow":"follow","max-snippet":"max-snippet:-1","max-image-preview":"max-image-preview:large","max-video-preview":"max-video-preview:-1"},"og_locale":"pt_BR","og_type":"article","og_title":"Organiza\u00e7\u00e3o de obras aprovadas da SM Educa\u00e7\u00e3o no PNLD 2021","og_description":"Conhe\u00e7a as cole\u00e7\u00f5es aprovadas no PNLD 2021 - Objeto 2 e seus benef\u00edcios com volumes que trabalham o conte\u00fado por \u00c1reas do Conhecimento e Espec\u00edficas.","og_url":"https:\/\/projetoslayerup.com.br\/smeducacao\/colecoes-aprovadas-pnld-2021-objeto-2-sm-educacao\/","og_site_name":"SM Educa\u00e7\u00e3o - Juntos cuidamos da educa\u00e7\u00e3o!","article_published_time":"2021-05-25T16:12:31+00:00","og_image":[{"width":870,"height":401,"url":"https:\/\/projetoslayerup.com.br\/smeducacao\/wp-content\/uploads\/2021\/07\/BLOG-Educamos_-a-escolha-ideal-para-uma-gestao-escolar-completa-e-eficiente.png","type":"image\/png"}],"author":"SM Educa\u00e7\u00e3o","twitter_card":"summary_large_image","twitter_misc":{"Escrito por":"SM Educa\u00e7\u00e3o","Est. tempo de leitura":"8 minutos"},"schema":{"@context":"https:\/\/schema.org","@graph":[{"@type":"Article","@id":"https:\/\/projetoslayerup.com.br\/smeducacao\/colecoes-aprovadas-pnld-2021-objeto-2-sm-educacao\/#article","isPartOf":{"@id":"https:\/\/projetoslayerup.com.br\/smeducacao\/colecoes-aprovadas-pnld-2021-objeto-2-sm-educacao\/"},"author":{"name":"SM Educa\u00e7\u00e3o","@id":"https:\/\/projetoslayerup.com.br\/smeducacao\/#\/schema\/person\/45d7d41388698d0f902ff276caab47f5"},"headline":"Organiza\u00e7\u00e3o e utiliza\u00e7\u00e3o das obras aprovadas da SM Educa\u00e7\u00e3o no PNLD 2021 &#8211; Objeto 2","datePublished":"2021-05-25T16:12:31+00:00","mainEntityOfPage":{"@id":"https:\/\/projetoslayerup.com.br\/smeducacao\/colecoes-aprovadas-pnld-2021-objeto-2-sm-educacao\/"},"wordCount":1190,"commentCount":0,"image":{"@id":"https:\/\/projetoslayerup.com.br\/smeducacao\/colecoes-aprovadas-pnld-2021-objeto-2-sm-educacao\/#primaryimage"},"thumbnailUrl":"https:\/\/projetoslayerup.com.br\/smeducacao\/wp-content\/uploads\/2021\/07\/BLOG-Educamos_-a-escolha-ideal-para-uma-gestao-escolar-completa-e-eficiente.png","articleSection":["Dicas para professores","Novo Ensino M\u00e9dio","PNLD"],"inLanguage":"pt-BR","potentialAction":[{"@type":"CommentAction","name":"Comment","target":["https:\/\/projetoslayerup.com.br\/smeducacao\/colecoes-aprovadas-pnld-2021-objeto-2-sm-educacao\/#respond"]}]},{"@type":"WebPage","@id":"https:\/\/projetoslayerup.com.br\/smeducacao\/colecoes-aprovadas-pnld-2021-objeto-2-sm-educacao\/","url":"https:\/\/projetoslayerup.com.br\/smeducacao\/colecoes-aprovadas-pnld-2021-objeto-2-sm-educacao\/","name":"Organiza\u00e7\u00e3o de obras aprovadas da SM Educa\u00e7\u00e3o no PNLD 2021","isPartOf":{"@id":"https:\/\/projetoslayerup.com.br\/smeducacao\/#website"},"primaryImageOfPage":{"@id":"https:\/\/projetoslayerup.com.br\/smeducacao\/colecoes-aprovadas-pnld-2021-objeto-2-sm-educacao\/#primaryimage"},"image":{"@id":"https:\/\/projetoslayerup.com.br\/smeducacao\/colecoes-aprovadas-pnld-2021-objeto-2-sm-educacao\/#primaryimage"},"thumbnailUrl":"https:\/\/projetoslayerup.com.br\/smeducacao\/wp-content\/uploads\/2021\/07\/BLOG-Educamos_-a-escolha-ideal-para-uma-gestao-escolar-completa-e-eficiente.png","datePublished":"2021-05-25T16:12:31+00:00","author":{"@id":"https:\/\/projetoslayerup.com.br\/smeducacao\/#\/schema\/person\/45d7d41388698d0f902ff276caab47f5"},"description":"Conhe\u00e7a as cole\u00e7\u00f5es aprovadas no PNLD 2021 - Objeto 2 e seus benef\u00edcios com volumes que trabalham o conte\u00fado por \u00c1reas do Conhecimento e Espec\u00edficas.","breadcrumb":{"@id":"https:\/\/projetoslayerup.com.br\/smeducacao\/colecoes-aprovadas-pnld-2021-objeto-2-sm-educacao\/#breadcrumb"},"inLanguage":"pt-BR","potentialAction":[{"@type":"ReadAction","target":["https:\/\/projetoslayerup.com.br\/smeducacao\/colecoes-aprovadas-pnld-2021-objeto-2-sm-educacao\/"]}]},{"@type":"ImageObject","inLanguage":"pt-BR","@id":"https:\/\/projetoslayerup.com.br\/smeducacao\/colecoes-aprovadas-pnld-2021-objeto-2-sm-educacao\/#primaryimage","url":"https:\/\/projetoslayerup.com.br\/smeducacao\/wp-content\/uploads\/2021\/07\/BLOG-Educamos_-a-escolha-ideal-para-uma-gestao-escolar-completa-e-eficiente.png","contentUrl":"https:\/\/projetoslayerup.com.br\/smeducacao\/wp-content\/uploads\/2021\/07\/BLOG-Educamos_-a-escolha-ideal-para-uma-gestao-escolar-completa-e-eficiente.png","width":870,"height":401,"caption":"Educamos Gest\u00e3o Escolar \u00e9 a melhor escolha"},{"@type":"BreadcrumbList","@id":"https:\/\/projetoslayerup.com.br\/smeducacao\/colecoes-aprovadas-pnld-2021-objeto-2-sm-educacao\/#breadcrumb","itemListElement":[{"@type":"ListItem","position":1,"name":"In\u00edcio","item":"https:\/\/projetoslayerup.com.br\/smeducacao\/"},{"@type":"ListItem","position":2,"name":"Organiza\u00e7\u00e3o e utiliza\u00e7\u00e3o das obras aprovadas da SM Educa\u00e7\u00e3o no PNLD 2021 &#8211; Objeto 2"}]},{"@type":"WebSite","@id":"https:\/\/projetoslayerup.com.br\/smeducacao\/#website","url":"https:\/\/projetoslayerup.com.br\/smeducacao\/","name":"SM Educa\u00e7\u00e3o - Juntos cuidamos da educa\u00e7\u00e3o!","description":"Transformamos a educa\u00e7\u00e3o por meio de solu\u00e7\u00f5es digitais, solu\u00e7\u00f5es did\u00e1ticas para uma aprendizagem personalizada e solu\u00e7\u00f5es estrat\u00e9gicas eficientes. Juntos cuidamos da Educa\u00e7\u00e3o!","potentialAction":[{"@type":"SearchAction","target":{"@type":"EntryPoint","urlTemplate":"https:\/\/projetoslayerup.com.br\/smeducacao\/?s={search_term_string}"},"query-input":{"@type":"PropertyValueSpecification","valueRequired":true,"valueName":"search_term_string"}}],"inLanguage":"pt-BR"},{"@type":"Person","@id":"https:\/\/projetoslayerup.com.br\/smeducacao\/#\/schema\/person\/45d7d41388698d0f902ff276caab47f5","name":"SM Educa\u00e7\u00e3o","image":{"@type":"ImageObject","inLanguage":"pt-BR","@id":"https:\/\/secure.gravatar.com\/avatar\/24327468bc2a6fb95889620b4158620d90c5e352f7a18c30af0e3f8cb70bc104?s=96&d=mm&r=g","url":"https:\/\/secure.gravatar.com\/avatar\/24327468bc2a6fb95889620b4158620d90c5e352f7a18c30af0e3f8cb70bc104?s=96&d=mm&r=g","contentUrl":"https:\/\/secure.gravatar.com\/avatar\/24327468bc2a6fb95889620b4158620d90c5e352f7a18c30af0e3f8cb70bc104?s=96&d=mm&r=g","caption":"SM Educa\u00e7\u00e3o"},"url":"https:\/\/projetoslayerup.com.br\/smeducacao\/author\/smeducacao2021\/"}]}},"_links":{"self":[{"href":"https:\/\/projetoslayerup.com.br\/smeducacao\/wp-json\/wp\/v2\/posts\/1308","targetHints":{"allow":["GET"]}}],"collection":[{"href":"https:\/\/projetoslayerup.com.br\/smeducacao\/wp-json\/wp\/v2\/posts"}],"about":[{"href":"https:\/\/projetoslayerup.com.br\/smeducacao\/wp-json\/wp\/v2\/types\/post"}],"author":[{"embeddable":true,"href":"https:\/\/projetoslayerup.com.br\/smeducacao\/wp-json\/wp\/v2\/users\/2"}],"replies":[{"embeddable":true,"href":"https:\/\/projetoslayerup.com.br\/smeducacao\/wp-json\/wp\/v2\/comments?post=1308"}],"version-history":[{"count":0,"href":"https:\/\/projetoslayerup.com.br\/smeducacao\/wp-json\/wp\/v2\/posts\/1308\/revisions"}],"wp:featuredmedia":[{"embeddable":true,"href":"https:\/\/projetoslayerup.com.br\/smeducacao\/wp-json\/wp\/v2\/media\/4907"}],"wp:attachment":[{"href":"https:\/\/projetoslayerup.com.br\/smeducacao\/wp-json\/wp\/v2\/media?parent=1308"}],"wp:term":[{"taxonomy":"category","embeddable":true,"href":"https:\/\/projetoslayerup.com.br\/smeducacao\/wp-json\/wp\/v2\/categories?post=1308"},{"taxonomy":"post_tag","embeddable":true,"href":"https:\/\/projetoslayerup.com.br\/smeducacao\/wp-json\/wp\/v2\/tags?post=1308"},{"taxonomy":"blog_nivel_escolar","embeddable":true,"href":"https:\/\/projetoslayerup.com.br\/smeducacao\/wp-json\/wp\/v2\/blog_nivel_escolar?post=1308"},{"taxonomy":"blog_segmento_escolar","embeddable":true,"href":"https:\/\/projetoslayerup.com.br\/smeducacao\/wp-json\/wp\/v2\/blog_segmento_escolar?post=1308"}],"curies":[{"name":"wp","href":"https:\/\/api.w.org\/{rel}","templated":true}]}}