{"id":1349,"date":"2021-06-18T16:08:04","date_gmt":"2021-06-18T19:08:04","guid":{"rendered":"https:\/\/www.aeducacaonosmove.com.br\/?p=1349"},"modified":"2021-06-18T16:08:04","modified_gmt":"2021-06-18T19:08:04","slug":"gestao-escolar-democratica-o-que-e-e-como-colocar-em-pratica","status":"publish","type":"post","link":"https:\/\/projetoslayerup.com.br\/smeducacao\/gestao-escolar-democratica-o-que-e-e-como-colocar-em-pratica\/","title":{"rendered":"Gest\u00e3o escolar democr\u00e1tica: o que \u00e9 e como colocar em pr\u00e1tica"},"content":{"rendered":"\n<p class=\"wp-block-paragraph\">A gest\u00e3o escolar democr\u00e1tica \u00e9 t\u00e3o desafiadora quanto necess\u00e1ria para qualquer institui\u00e7\u00e3o de ensino. Isso porque a participa\u00e7\u00e3o efetiva dos professores, alunos, pais, dire\u00e7\u00e3o, equipe pedag\u00f3gica e demais funcion\u00e1rios permite garantir a qualidade do processo educativo.<\/p>\n\n\n\n<p class=\"wp-block-paragraph\">Baseada na administra\u00e7\u00e3o de a\u00e7\u00f5es que prop\u00f5em a participa\u00e7\u00e3o social, a gest\u00e3o democr\u00e1tica faz parte do processo de tomada de decis\u00f5es e de movimentos sociais organizados em defesa de um projeto de educa\u00e7\u00e3o p\u00fablica de qualidade social e compartilhada.&nbsp;<\/p>\n\n\n\n<p class=\"wp-block-paragraph\">Essa pr\u00e1tica ganha cada vez mais for\u00e7a por oferecer processos coletivos de participa\u00e7\u00e3o e decis\u00e3o, possibilitando <a href=\"https:\/\/projetoslayerup.com.br\/smeducacao\/\/2021\/06\/11\/gestao-escolar-dicas-sm-educacao-2\/\">organizar a gest\u00e3o escolar<\/a> de forma que os envolvidos sejam considerados sujeitos ativos em todo o processo de administra\u00e7\u00e3o.&nbsp;<\/p>\n\n\n\n<h2 class=\"wp-block-heading\">Como utilizar a gest\u00e3o escolar democr\u00e1tica a favor da Educa\u00e7\u00e3o<\/h2>\n\n\n\n<p class=\"wp-block-paragraph\">Em uma an\u00e1lise geral, podemos entender a democratiza\u00e7\u00e3o educacional como um processo que se inicia no interior da escola, por meio do desenvolvimento de projetos nos quais professores, funcion\u00e1rios, alunos e fam\u00edlias possam discutir e decidir o cotidiano escolar.&nbsp;<\/p>\n\n\n\n<p class=\"wp-block-paragraph\">Esse processo, no entanto, s\u00f3 ser\u00e1 efetivo caso os envolvidos na gest\u00e3o participativa estejam alinhados e engajados na defesa de uma <strong>escola democr\u00e1tica<\/strong> que tenha como objetivo oferecer educa\u00e7\u00e3o de qualidade para todos, considerando o contexto do entorno da escola e suas caracter\u00edsticas espec\u00edficas.<\/p>\n\n\n\n<p class=\"wp-block-paragraph\">Sabendo que a administra\u00e7\u00e3o democr\u00e1tica de uma institui\u00e7\u00e3o de ensino busca a valoriza\u00e7\u00e3o de ideias de todos que procuram <strong>melhorias para a educa\u00e7\u00e3o<\/strong>, a equipe escolar pode e deve investir em recursos capazes de garantir a participa\u00e7\u00e3o da comunidade local. Veja alguns exemplos a seguir:&nbsp;<\/p>\n\n\n\n<h3 class=\"wp-block-heading\">Conselho Escolar<\/h3>\n\n\n\n<p class=\"wp-block-paragraph\">Constitu\u00eddo por pais, estudantes, professores, profissionais da educa\u00e7\u00e3o, membros da comunidade local e gestores da escola, o Conselho Escolar \u00e9 um espa\u00e7o de discuss\u00e3o, de car\u00e1ter consultivo. Al\u00e9m disso, \u00e9 respons\u00e1vel por cuidar da manuten\u00e7\u00e3o e por participar da gest\u00e3o pedag\u00f3gica, administrativa e financeira da institui\u00e7\u00e3o.&nbsp;<\/p>\n\n\n\n<p class=\"wp-block-paragraph\">Visando contribuir nos processos de gest\u00e3o escolar para garantir a qualidade de ensino oferecida, cabe a esse conselho definir e acompanhar a aplica\u00e7\u00e3o dos recursos destinados \u00e0 escola e orientar o projeto pedag\u00f3gico com a dire\u00e7\u00e3o e os docentes.<\/p>\n\n\n\n<h3 class=\"wp-block-heading\">Conselho de Classe<\/h3>\n\n\n\n<p class=\"wp-block-paragraph\">Respons\u00e1vel por promover o di\u00e1logo e o alinhamento entre professores, <a href=\"https:\/\/materiais.smbrasil.com.br\/papel-coordenador-pedagogico-dicas-de-gestao\">coordenadores pedag\u00f3gicos<\/a> e diretores, <a href=\"https:\/\/materiais.smbrasil.com.br\/funcao-dos-conselhos-de-classe\">o Conselho de Classe \u00e9 indispens\u00e1vel<\/a> para que a unidade escolar consiga atingir os resultados esperados e elevar a qualidade do ensino e aprendizagem.<\/p>\n\n\n\n<p class=\"wp-block-paragraph\">A cada bimestre, trimestre ou semestre, o Conselho de Classe organiza uma reuni\u00e3o com as autoridades da comunidade escolar. Nessa conversa, s\u00e3o analisados aspectos do desempenho dos alunos a fim de estudar estrat\u00e9gias que poder\u00e3o trazer melhorias ao processo pedag\u00f3gico.<\/p>\n\n\n\n<h3 class=\"wp-block-heading\">Associa\u00e7\u00e3o de Pais e Mestres&nbsp;<\/h3>\n\n\n\n<p class=\"wp-block-paragraph\">A Associa\u00e7\u00e3o de Pais e Mestres, uma das <strong>ferramentas de gest\u00e3o participativa<\/strong> mais populares,<strong> <\/strong>discute os interesses comuns de profissionais da Educa\u00e7\u00e3o e dos pais (ou respons\u00e1veis) de alunos. Influenciando a din\u00e2mica de participa\u00e7\u00e3o das fam\u00edlias no processo educativo, esse recurso abre espa\u00e7o para que todos opinem e colaborem na<strong> <\/strong>administra\u00e7\u00e3o escolar.<\/p>\n\n\n\n<p class=\"wp-block-paragraph\">Na Associa\u00e7\u00e3o de Pais e Mestres, os representantes da comunidade escolar devem apresentar demandas e ajudar a escola a atingir seus objetivos. Cabe ainda ao mecanismo apoiar atividades culturais, de lazer e de sa\u00fade.<\/p>\n\n\n\n<h3 class=\"wp-block-heading\">Gr\u00eamio Escolar<\/h3>\n\n\n\n<p class=\"wp-block-paragraph\">Focado em representar os interesses dos alunos, o <a href=\"https:\/\/materiais.smbrasil.com.br\/gremio-escolar-e-sua-importancia\">Gr\u00eamio Escolar busca abrir um espa\u00e7o de discuss\u00e3o<\/a> para que os estudantes deem voz \u00e0s suas ideias e projetos de car\u00e1ter coletivo. Por estimular e apoiar uma escola democr\u00e1tica, \u00e9 fundamental que esse grupo seja incentivado por gestores e demais autoridades da institui\u00e7\u00e3o.\u00a0<\/p>\n\n\n\n<p class=\"wp-block-paragraph\">Sendo uma das <strong>tradi\u00e7\u00f5es mais respeitadas do ambiente escolar<\/strong>, o <strong>Gr\u00eamio Escolar <\/strong>oferece os primeiros passos na vida pol\u00edtica, cultural e social de muitos jovens. Isso porque o Gr\u00eamio abre espa\u00e7o para que os estudantes atuem com autonomia e protagonismo, tomando decis\u00f5es importantes que afetam a organiza\u00e7\u00e3o do coletivo estudantil e dos espa\u00e7os colaborativos da escola.&nbsp;<\/p>\n\n\n\n<p class=\"wp-block-paragraph\">Os projetos do Gr\u00eamio permitem ainda que os alunos promovam debates e discutam quest\u00f5es que envolvem o uso da verba p\u00fablica na escola e sua aplica\u00e7\u00e3o para a melhoria do ambiente.<\/p>\n\n\n\n<p class=\"wp-block-paragraph\">Agora que voc\u00ea j\u00e1 conhece todas as caracter\u00edsticas e entende a import\u00e2ncia da gest\u00e3o escolar democr\u00e1tica, estimule a participa\u00e7\u00e3o coletiva nos processos administrativos da sua institui\u00e7\u00e3o e garanta maior qualidade de ensino.<\/p>\n\n\n","protected":false},"excerpt":{"rendered":"<p>A gest\u00e3o escolar democr\u00e1tica \u00e9 t\u00e3o desafiadora quanto necess\u00e1ria para qualquer institui\u00e7\u00e3o de ensino. Isso porque a participa\u00e7\u00e3o efetiva dos professores, alunos, pais, dire\u00e7\u00e3o, equipe pedag\u00f3gica e demais funcion\u00e1rios permite garantir a qualidade do processo educativo. Baseada na administra\u00e7\u00e3o de a\u00e7\u00f5es que prop\u00f5em a participa\u00e7\u00e3o social, a gest\u00e3o democr\u00e1tica faz parte do processo de tomada [&hellip;]<\/p>\n","protected":false},"author":2,"featured_media":4918,"comment_status":"open","ping_status":"open","sticky":false,"template":"","format":"standard","meta":{"_acf_changed":false,"footnotes":""},"categories":[17,16],"tags":[],"blog_nivel_escolar":[],"blog_segmento_escolar":[],"class_list":["post-1349","post","type-post","status-publish","format-standard","has-post-thumbnail","hentry","category-solucoes-educacionais","category-tendencias-educacao"],"acf":[],"yoast_head":"<!-- This site is optimized with the Yoast SEO plugin v28.3 - https:\/\/yoast.com\/product\/yoast-seo-wordpress\/ -->\n<title>Gest\u00e3o escolar democr\u00e1tica: o que \u00e9 e como colocar em pr\u00e1tica<\/title>\n<meta name=\"description\" content=\"A gest\u00e3o escolar democr\u00e1tica nos processos administrativos, pedag\u00f3gicos e financeiros proporciona um ambiente de aprendizagem mais inclusivo e igualit\u00e1rio.\" \/>\n<meta name=\"robots\" content=\"noindex, follow, max-snippet:-1, max-image-preview:large, max-video-preview:-1\" \/>\n<meta property=\"og:locale\" content=\"pt_BR\" \/>\n<meta property=\"og:type\" content=\"article\" \/>\n<meta property=\"og:title\" content=\"Gest\u00e3o escolar democr\u00e1tica: o que \u00e9 e como colocar em pr\u00e1tica\" \/>\n<meta property=\"og:description\" content=\"A gest\u00e3o escolar democr\u00e1tica nos processos administrativos, pedag\u00f3gicos e financeiros proporciona um ambiente de aprendizagem mais inclusivo e igualit\u00e1rio.\" \/>\n<meta property=\"og:url\" content=\"https:\/\/projetoslayerup.com.br\/smeducacao\/gestao-escolar-democratica-o-que-e-e-como-colocar-em-pratica\/\" \/>\n<meta property=\"og:site_name\" content=\"SM Educa\u00e7\u00e3o - Juntos cuidamos da educa\u00e7\u00e3o!\" \/>\n<meta property=\"article:published_time\" content=\"2021-06-18T19:08:04+00:00\" \/>\n<meta property=\"og:image\" content=\"https:\/\/projetoslayerup.com.br\/smeducacao\/wp-content\/uploads\/2021\/06\/democratica.png\" \/>\n\t<meta property=\"og:image:width\" content=\"1600\" \/>\n\t<meta property=\"og:image:height\" content=\"900\" \/>\n\t<meta property=\"og:image:type\" content=\"image\/png\" \/>\n<meta name=\"author\" content=\"SM Educa\u00e7\u00e3o\" \/>\n<meta name=\"twitter:card\" content=\"summary_large_image\" \/>\n<meta name=\"twitter:label1\" content=\"Escrito por\" \/>\n\t<meta name=\"twitter:data1\" content=\"SM Educa\u00e7\u00e3o\" \/>\n\t<meta name=\"twitter:label2\" content=\"Est. tempo de leitura\" \/>\n\t<meta name=\"twitter:data2\" content=\"4 minutos\" \/>\n<script type=\"application\/ld+json\" class=\"yoast-schema-graph\">{\"@context\":\"https:\\\/\\\/schema.org\",\"@graph\":[{\"@type\":\"Article\",\"@id\":\"https:\\\/\\\/projetoslayerup.com.br\\\/smeducacao\\\/gestao-escolar-democratica-o-que-e-e-como-colocar-em-pratica\\\/#article\",\"isPartOf\":{\"@id\":\"https:\\\/\\\/projetoslayerup.com.br\\\/smeducacao\\\/gestao-escolar-democratica-o-que-e-e-como-colocar-em-pratica\\\/\"},\"author\":{\"name\":\"SM Educa\u00e7\u00e3o\",\"@id\":\"https:\\\/\\\/projetoslayerup.com.br\\\/smeducacao\\\/#\\\/schema\\\/person\\\/45d7d41388698d0f902ff276caab47f5\"},\"headline\":\"Gest\u00e3o escolar democr\u00e1tica: o que \u00e9 e como colocar em pr\u00e1tica\",\"datePublished\":\"2021-06-18T19:08:04+00:00\",\"mainEntityOfPage\":{\"@id\":\"https:\\\/\\\/projetoslayerup.com.br\\\/smeducacao\\\/gestao-escolar-democratica-o-que-e-e-como-colocar-em-pratica\\\/\"},\"wordCount\":796,\"commentCount\":0,\"image\":{\"@id\":\"https:\\\/\\\/projetoslayerup.com.br\\\/smeducacao\\\/gestao-escolar-democratica-o-que-e-e-como-colocar-em-pratica\\\/#primaryimage\"},\"thumbnailUrl\":\"https:\\\/\\\/projetoslayerup.com.br\\\/smeducacao\\\/wp-content\\\/uploads\\\/2021\\\/06\\\/democratica.png\",\"articleSection\":[\"Solu\u00e7\u00f5es educacionais\",\"Tend\u00eancias na educa\u00e7\u00e3o\"],\"inLanguage\":\"pt-BR\",\"potentialAction\":[{\"@type\":\"CommentAction\",\"name\":\"Comment\",\"target\":[\"https:\\\/\\\/projetoslayerup.com.br\\\/smeducacao\\\/gestao-escolar-democratica-o-que-e-e-como-colocar-em-pratica\\\/#respond\"]}]},{\"@type\":\"WebPage\",\"@id\":\"https:\\\/\\\/projetoslayerup.com.br\\\/smeducacao\\\/gestao-escolar-democratica-o-que-e-e-como-colocar-em-pratica\\\/\",\"url\":\"https:\\\/\\\/projetoslayerup.com.br\\\/smeducacao\\\/gestao-escolar-democratica-o-que-e-e-como-colocar-em-pratica\\\/\",\"name\":\"Gest\u00e3o escolar democr\u00e1tica: o que \u00e9 e como colocar em pr\u00e1tica\",\"isPartOf\":{\"@id\":\"https:\\\/\\\/projetoslayerup.com.br\\\/smeducacao\\\/#website\"},\"primaryImageOfPage\":{\"@id\":\"https:\\\/\\\/projetoslayerup.com.br\\\/smeducacao\\\/gestao-escolar-democratica-o-que-e-e-como-colocar-em-pratica\\\/#primaryimage\"},\"image\":{\"@id\":\"https:\\\/\\\/projetoslayerup.com.br\\\/smeducacao\\\/gestao-escolar-democratica-o-que-e-e-como-colocar-em-pratica\\\/#primaryimage\"},\"thumbnailUrl\":\"https:\\\/\\\/projetoslayerup.com.br\\\/smeducacao\\\/wp-content\\\/uploads\\\/2021\\\/06\\\/democratica.png\",\"datePublished\":\"2021-06-18T19:08:04+00:00\",\"author\":{\"@id\":\"https:\\\/\\\/projetoslayerup.com.br\\\/smeducacao\\\/#\\\/schema\\\/person\\\/45d7d41388698d0f902ff276caab47f5\"},\"description\":\"A gest\u00e3o escolar democr\u00e1tica nos processos administrativos, pedag\u00f3gicos e financeiros proporciona um ambiente de aprendizagem mais inclusivo e igualit\u00e1rio.\",\"breadcrumb\":{\"@id\":\"https:\\\/\\\/projetoslayerup.com.br\\\/smeducacao\\\/gestao-escolar-democratica-o-que-e-e-como-colocar-em-pratica\\\/#breadcrumb\"},\"inLanguage\":\"pt-BR\",\"potentialAction\":[{\"@type\":\"ReadAction\",\"target\":[\"https:\\\/\\\/projetoslayerup.com.br\\\/smeducacao\\\/gestao-escolar-democratica-o-que-e-e-como-colocar-em-pratica\\\/\"]}]},{\"@type\":\"ImageObject\",\"inLanguage\":\"pt-BR\",\"@id\":\"https:\\\/\\\/projetoslayerup.com.br\\\/smeducacao\\\/gestao-escolar-democratica-o-que-e-e-como-colocar-em-pratica\\\/#primaryimage\",\"url\":\"https:\\\/\\\/projetoslayerup.com.br\\\/smeducacao\\\/wp-content\\\/uploads\\\/2021\\\/06\\\/democratica.png\",\"contentUrl\":\"https:\\\/\\\/projetoslayerup.com.br\\\/smeducacao\\\/wp-content\\\/uploads\\\/2021\\\/06\\\/democratica.png\",\"width\":1600,\"height\":900,\"caption\":\"Gest\u00e3o escolar democr\u00e1tica\"},{\"@type\":\"BreadcrumbList\",\"@id\":\"https:\\\/\\\/projetoslayerup.com.br\\\/smeducacao\\\/gestao-escolar-democratica-o-que-e-e-como-colocar-em-pratica\\\/#breadcrumb\",\"itemListElement\":[{\"@type\":\"ListItem\",\"position\":1,\"name\":\"In\u00edcio\",\"item\":\"https:\\\/\\\/projetoslayerup.com.br\\\/smeducacao\\\/\"},{\"@type\":\"ListItem\",\"position\":2,\"name\":\"Gest\u00e3o escolar democr\u00e1tica: o que \u00e9 e como colocar em pr\u00e1tica\"}]},{\"@type\":\"WebSite\",\"@id\":\"https:\\\/\\\/projetoslayerup.com.br\\\/smeducacao\\\/#website\",\"url\":\"https:\\\/\\\/projetoslayerup.com.br\\\/smeducacao\\\/\",\"name\":\"SM Educa\u00e7\u00e3o - Juntos cuidamos da educa\u00e7\u00e3o!\",\"description\":\"Transformamos a educa\u00e7\u00e3o por meio de solu\u00e7\u00f5es digitais, solu\u00e7\u00f5es did\u00e1ticas para uma aprendizagem personalizada e solu\u00e7\u00f5es estrat\u00e9gicas eficientes. Juntos cuidamos da Educa\u00e7\u00e3o!\",\"potentialAction\":[{\"@type\":\"SearchAction\",\"target\":{\"@type\":\"EntryPoint\",\"urlTemplate\":\"https:\\\/\\\/projetoslayerup.com.br\\\/smeducacao\\\/?s={search_term_string}\"},\"query-input\":{\"@type\":\"PropertyValueSpecification\",\"valueRequired\":true,\"valueName\":\"search_term_string\"}}],\"inLanguage\":\"pt-BR\"},{\"@type\":\"Person\",\"@id\":\"https:\\\/\\\/projetoslayerup.com.br\\\/smeducacao\\\/#\\\/schema\\\/person\\\/45d7d41388698d0f902ff276caab47f5\",\"name\":\"SM Educa\u00e7\u00e3o\",\"image\":{\"@type\":\"ImageObject\",\"inLanguage\":\"pt-BR\",\"@id\":\"https:\\\/\\\/secure.gravatar.com\\\/avatar\\\/24327468bc2a6fb95889620b4158620d90c5e352f7a18c30af0e3f8cb70bc104?s=96&d=mm&r=g\",\"url\":\"https:\\\/\\\/secure.gravatar.com\\\/avatar\\\/24327468bc2a6fb95889620b4158620d90c5e352f7a18c30af0e3f8cb70bc104?s=96&d=mm&r=g\",\"contentUrl\":\"https:\\\/\\\/secure.gravatar.com\\\/avatar\\\/24327468bc2a6fb95889620b4158620d90c5e352f7a18c30af0e3f8cb70bc104?s=96&d=mm&r=g\",\"caption\":\"SM Educa\u00e7\u00e3o\"},\"url\":\"https:\\\/\\\/projetoslayerup.com.br\\\/smeducacao\\\/author\\\/smeducacao2021\\\/\"}]}<\/script>\n<!-- \/ Yoast SEO plugin. -->","yoast_head_json":{"title":"Gest\u00e3o escolar democr\u00e1tica: o que \u00e9 e como colocar em pr\u00e1tica","description":"A gest\u00e3o escolar democr\u00e1tica nos processos administrativos, pedag\u00f3gicos e financeiros proporciona um ambiente de aprendizagem mais inclusivo e igualit\u00e1rio.","robots":{"index":"noindex","follow":"follow","max-snippet":"max-snippet:-1","max-image-preview":"max-image-preview:large","max-video-preview":"max-video-preview:-1"},"og_locale":"pt_BR","og_type":"article","og_title":"Gest\u00e3o escolar democr\u00e1tica: o que \u00e9 e como colocar em pr\u00e1tica","og_description":"A gest\u00e3o escolar democr\u00e1tica nos processos administrativos, pedag\u00f3gicos e financeiros proporciona um ambiente de aprendizagem mais inclusivo e igualit\u00e1rio.","og_url":"https:\/\/projetoslayerup.com.br\/smeducacao\/gestao-escolar-democratica-o-que-e-e-como-colocar-em-pratica\/","og_site_name":"SM Educa\u00e7\u00e3o - Juntos cuidamos da educa\u00e7\u00e3o!","article_published_time":"2021-06-18T19:08:04+00:00","og_image":[{"width":1600,"height":900,"url":"https:\/\/projetoslayerup.com.br\/smeducacao\/wp-content\/uploads\/2021\/06\/democratica.png","type":"image\/png"}],"author":"SM Educa\u00e7\u00e3o","twitter_card":"summary_large_image","twitter_misc":{"Escrito por":"SM Educa\u00e7\u00e3o","Est. tempo de leitura":"4 minutos"},"schema":{"@context":"https:\/\/schema.org","@graph":[{"@type":"Article","@id":"https:\/\/projetoslayerup.com.br\/smeducacao\/gestao-escolar-democratica-o-que-e-e-como-colocar-em-pratica\/#article","isPartOf":{"@id":"https:\/\/projetoslayerup.com.br\/smeducacao\/gestao-escolar-democratica-o-que-e-e-como-colocar-em-pratica\/"},"author":{"name":"SM Educa\u00e7\u00e3o","@id":"https:\/\/projetoslayerup.com.br\/smeducacao\/#\/schema\/person\/45d7d41388698d0f902ff276caab47f5"},"headline":"Gest\u00e3o escolar democr\u00e1tica: o que \u00e9 e como colocar em pr\u00e1tica","datePublished":"2021-06-18T19:08:04+00:00","mainEntityOfPage":{"@id":"https:\/\/projetoslayerup.com.br\/smeducacao\/gestao-escolar-democratica-o-que-e-e-como-colocar-em-pratica\/"},"wordCount":796,"commentCount":0,"image":{"@id":"https:\/\/projetoslayerup.com.br\/smeducacao\/gestao-escolar-democratica-o-que-e-e-como-colocar-em-pratica\/#primaryimage"},"thumbnailUrl":"https:\/\/projetoslayerup.com.br\/smeducacao\/wp-content\/uploads\/2021\/06\/democratica.png","articleSection":["Solu\u00e7\u00f5es educacionais","Tend\u00eancias na educa\u00e7\u00e3o"],"inLanguage":"pt-BR","potentialAction":[{"@type":"CommentAction","name":"Comment","target":["https:\/\/projetoslayerup.com.br\/smeducacao\/gestao-escolar-democratica-o-que-e-e-como-colocar-em-pratica\/#respond"]}]},{"@type":"WebPage","@id":"https:\/\/projetoslayerup.com.br\/smeducacao\/gestao-escolar-democratica-o-que-e-e-como-colocar-em-pratica\/","url":"https:\/\/projetoslayerup.com.br\/smeducacao\/gestao-escolar-democratica-o-que-e-e-como-colocar-em-pratica\/","name":"Gest\u00e3o escolar democr\u00e1tica: o que \u00e9 e como colocar em pr\u00e1tica","isPartOf":{"@id":"https:\/\/projetoslayerup.com.br\/smeducacao\/#website"},"primaryImageOfPage":{"@id":"https:\/\/projetoslayerup.com.br\/smeducacao\/gestao-escolar-democratica-o-que-e-e-como-colocar-em-pratica\/#primaryimage"},"image":{"@id":"https:\/\/projetoslayerup.com.br\/smeducacao\/gestao-escolar-democratica-o-que-e-e-como-colocar-em-pratica\/#primaryimage"},"thumbnailUrl":"https:\/\/projetoslayerup.com.br\/smeducacao\/wp-content\/uploads\/2021\/06\/democratica.png","datePublished":"2021-06-18T19:08:04+00:00","author":{"@id":"https:\/\/projetoslayerup.com.br\/smeducacao\/#\/schema\/person\/45d7d41388698d0f902ff276caab47f5"},"description":"A gest\u00e3o escolar democr\u00e1tica nos processos administrativos, pedag\u00f3gicos e financeiros proporciona um ambiente de aprendizagem mais inclusivo e igualit\u00e1rio.","breadcrumb":{"@id":"https:\/\/projetoslayerup.com.br\/smeducacao\/gestao-escolar-democratica-o-que-e-e-como-colocar-em-pratica\/#breadcrumb"},"inLanguage":"pt-BR","potentialAction":[{"@type":"ReadAction","target":["https:\/\/projetoslayerup.com.br\/smeducacao\/gestao-escolar-democratica-o-que-e-e-como-colocar-em-pratica\/"]}]},{"@type":"ImageObject","inLanguage":"pt-BR","@id":"https:\/\/projetoslayerup.com.br\/smeducacao\/gestao-escolar-democratica-o-que-e-e-como-colocar-em-pratica\/#primaryimage","url":"https:\/\/projetoslayerup.com.br\/smeducacao\/wp-content\/uploads\/2021\/06\/democratica.png","contentUrl":"https:\/\/projetoslayerup.com.br\/smeducacao\/wp-content\/uploads\/2021\/06\/democratica.png","width":1600,"height":900,"caption":"Gest\u00e3o escolar democr\u00e1tica"},{"@type":"BreadcrumbList","@id":"https:\/\/projetoslayerup.com.br\/smeducacao\/gestao-escolar-democratica-o-que-e-e-como-colocar-em-pratica\/#breadcrumb","itemListElement":[{"@type":"ListItem","position":1,"name":"In\u00edcio","item":"https:\/\/projetoslayerup.com.br\/smeducacao\/"},{"@type":"ListItem","position":2,"name":"Gest\u00e3o escolar democr\u00e1tica: o que \u00e9 e como colocar em pr\u00e1tica"}]},{"@type":"WebSite","@id":"https:\/\/projetoslayerup.com.br\/smeducacao\/#website","url":"https:\/\/projetoslayerup.com.br\/smeducacao\/","name":"SM Educa\u00e7\u00e3o - Juntos cuidamos da educa\u00e7\u00e3o!","description":"Transformamos a educa\u00e7\u00e3o por meio de solu\u00e7\u00f5es digitais, solu\u00e7\u00f5es did\u00e1ticas para uma aprendizagem personalizada e solu\u00e7\u00f5es estrat\u00e9gicas eficientes. Juntos cuidamos da Educa\u00e7\u00e3o!","potentialAction":[{"@type":"SearchAction","target":{"@type":"EntryPoint","urlTemplate":"https:\/\/projetoslayerup.com.br\/smeducacao\/?s={search_term_string}"},"query-input":{"@type":"PropertyValueSpecification","valueRequired":true,"valueName":"search_term_string"}}],"inLanguage":"pt-BR"},{"@type":"Person","@id":"https:\/\/projetoslayerup.com.br\/smeducacao\/#\/schema\/person\/45d7d41388698d0f902ff276caab47f5","name":"SM Educa\u00e7\u00e3o","image":{"@type":"ImageObject","inLanguage":"pt-BR","@id":"https:\/\/secure.gravatar.com\/avatar\/24327468bc2a6fb95889620b4158620d90c5e352f7a18c30af0e3f8cb70bc104?s=96&d=mm&r=g","url":"https:\/\/secure.gravatar.com\/avatar\/24327468bc2a6fb95889620b4158620d90c5e352f7a18c30af0e3f8cb70bc104?s=96&d=mm&r=g","contentUrl":"https:\/\/secure.gravatar.com\/avatar\/24327468bc2a6fb95889620b4158620d90c5e352f7a18c30af0e3f8cb70bc104?s=96&d=mm&r=g","caption":"SM Educa\u00e7\u00e3o"},"url":"https:\/\/projetoslayerup.com.br\/smeducacao\/author\/smeducacao2021\/"}]}},"_links":{"self":[{"href":"https:\/\/projetoslayerup.com.br\/smeducacao\/wp-json\/wp\/v2\/posts\/1349","targetHints":{"allow":["GET"]}}],"collection":[{"href":"https:\/\/projetoslayerup.com.br\/smeducacao\/wp-json\/wp\/v2\/posts"}],"about":[{"href":"https:\/\/projetoslayerup.com.br\/smeducacao\/wp-json\/wp\/v2\/types\/post"}],"author":[{"embeddable":true,"href":"https:\/\/projetoslayerup.com.br\/smeducacao\/wp-json\/wp\/v2\/users\/2"}],"replies":[{"embeddable":true,"href":"https:\/\/projetoslayerup.com.br\/smeducacao\/wp-json\/wp\/v2\/comments?post=1349"}],"version-history":[{"count":0,"href":"https:\/\/projetoslayerup.com.br\/smeducacao\/wp-json\/wp\/v2\/posts\/1349\/revisions"}],"wp:featuredmedia":[{"embeddable":true,"href":"https:\/\/projetoslayerup.com.br\/smeducacao\/wp-json\/wp\/v2\/media\/4918"}],"wp:attachment":[{"href":"https:\/\/projetoslayerup.com.br\/smeducacao\/wp-json\/wp\/v2\/media?parent=1349"}],"wp:term":[{"taxonomy":"category","embeddable":true,"href":"https:\/\/projetoslayerup.com.br\/smeducacao\/wp-json\/wp\/v2\/categories?post=1349"},{"taxonomy":"post_tag","embeddable":true,"href":"https:\/\/projetoslayerup.com.br\/smeducacao\/wp-json\/wp\/v2\/tags?post=1349"},{"taxonomy":"blog_nivel_escolar","embeddable":true,"href":"https:\/\/projetoslayerup.com.br\/smeducacao\/wp-json\/wp\/v2\/blog_nivel_escolar?post=1349"},{"taxonomy":"blog_segmento_escolar","embeddable":true,"href":"https:\/\/projetoslayerup.com.br\/smeducacao\/wp-json\/wp\/v2\/blog_segmento_escolar?post=1349"}],"curies":[{"name":"wp","href":"https:\/\/api.w.org\/{rel}","templated":true}]}}