{"id":190,"date":"2017-06-27T12:29:01","date_gmt":"2017-06-27T15:29:01","guid":{"rendered":"http:\/\/sejamudanca.edicoessm.com.br\/?p=190"},"modified":"2017-06-27T12:29:01","modified_gmt":"2017-06-27T15:29:01","slug":"dicas-para-organizar-a-sala-de-aula","status":"publish","type":"post","link":"https:\/\/projetoslayerup.com.br\/smeducacao\/dicas-para-organizar-a-sala-de-aula\/","title":{"rendered":"Dicas para organizar a sala de aula"},"content":{"rendered":"<p>Entender a sala de aula como um local flex\u00edvel \u00e9 um dos primeiros passos para a mudan\u00e7a. Afinal, a disposi\u00e7\u00e3o da sala de aula e dos demais espa\u00e7os educativos pode influenciar na aprendizagem e na rela\u00e7\u00e3o e intera\u00e7\u00e3o entre aluno e professor e os alunos do grupo.<\/p>\n<p>J\u00e1&nbsp;parou&nbsp;para refletir que uma sala com cadeiras enfileiradas pode refor\u00e7ar a percep\u00e7\u00e3o de uma educa\u00e7\u00e3o centralizada no professor e que isso&nbsp; pode n\u00e3o estimular a troca de experi\u00eancias entre os alunos ou facilitar uma atua\u00e7\u00e3o mais pr\u00f3xima e mais integrada do professor com o aluno?<\/p>\n<p>J\u00e1 outras disposi\u00e7\u00f5es de cadeiras podem facilitar a percep\u00e7\u00e3o do professor como tutor ou&nbsp;mediador&nbsp;na troca de conhecimento.<\/p>\n<p>\u00c9 claro que toda mudan\u00e7a deve ser inserida dentro de um contexto mais amplo, respeitando a proposta educacional e pedag\u00f3gica de cada escola, bem como o tipo de rela\u00e7\u00e3o que se espera que os estudantes construam com os professores. Tamb\u00e9m \u00e9 importante saber identificar o momento correto ou o tipo de atividade que realmente demande uma disposi\u00e7\u00e3o inovadora da sala de aula.<\/p>\n<p>Conhe\u00e7a abaixo algumas disposi\u00e7\u00f5es da turma em sala de aula e o que cada uma delas pode representar.<\/p>\n<p><span style=\"font-size: 14pt;\"><strong>EM C\u00cdRCULO<\/strong><\/span><\/p>\n<p>Ideal para quando o professor \u00e9 o mediador sem precisar estar em destaque. Se puder ser no ch\u00e3o ainda possibilita uma viv\u00eancia mais rica e corporal.<\/p>\n<p><strong style=\"font-size: 14pt;\">EM \u2018U\u2019<\/strong><\/p>\n<p>Para atividades individuais ou coletivas pois permite a troca entre os alunos, al\u00e9m de valorizar a intera\u00e7\u00e3o do grupo com o professor.<\/p>\n<p><strong style=\"font-size: 14pt;\">EM FILEIRAS<\/strong><\/p>\n<p>Centrada na figura do professor. Atende as propostas pedag\u00f3gicas padr\u00f5es, dificulta o contato visual com o outro, tend\u00eancia a um aprendizado mais individual.<\/p>\n<p><strong style=\"font-size: 14pt;\">EM GRUPOS<\/strong><\/p>\n<p>Permite a troca e enriquece as discuss\u00f5es. Ideal para promover debates entre grupos com vis\u00f5es distintas.<\/p>\n<p>Identifique se algum desses formatos se adequa \u00e0s suas propostas educacionais e fa\u00e7a uma experi\u00eancia. Depois compartilhe conosco o resultado.<\/p>\n<p>Seja a mudan\u00e7a e teste novos formatos.<\/p>\n<p>Acompanhe nossas redes sociais e conte conosco para est\u00e1 evolu\u00e7\u00e3o na EDUCA\u00c7\u00c3O!<\/p>\n<p><strong>PORQUE A EDUCA\u00c7\u00c3O NOS MOVE!<\/strong><\/p>\n<ul>\n<li>Facebook (<a href=\"http:\/\/clickemailmkt.smbrasil.com.br\/ls\/click?upn=0ol-2FAXqDZWKwdVOx0kejzKQ-2B86uCxE8iCawGKNMwl0JJNpvVBsDyOpJNv18-2F6WY7elo8Sb9SapmrSltD4faMQFfWtPOyFYHpcjYOK2GSUEOYPP3bXfnCtG0jF-2FyNvlyU9RzKsSxp08B87y67wijGk3WiL-2FUjUIRonL1c3k9YLMtSFLBlRcYsLYoRF14NYC9YlLwKx79-2BCwzALgA5UoioxA-3D-3DgD8J_IAQU-2FzAIJiFca56OZICpxs1BJuacCg98tjObg9iFzvCEQ17FQhyPe64c2AwKI0IjalnEgDY7i3vYdQKc8L48b6WwjHNEuMAP9NCd6pD82ifNikZ-2BOZjJpTrl2o8BRp-2FAirnM86CeJ7zZCtEZJQ1M5nOkZuPi0tx-2B3St0XNWaqzeLyM5dxUySFbqjoJSfvBUwxpeeEZLErfPLBGFTRYeLW5xR7CeJKLprQjTQGzWhlslrE6ahN1-2FnnfOpdhdavhnY8-2BNwcNPsEq1HzNhhpTUgy9Rq-2FwwM-2Fa2VsMADrSl2p6sq23OHhP9pvtjgTalaZVtET55Q2qMqzoNcA-2FvSuVaqusJVk1-2FEKs9-2F6kTlxZKChnjZi90JoATIqzsu4jWXANIGyCIc3OG6RpWmqN5X3bepQSwj78PH5AGApBSKxWhGnEGXhEoQujITKGz1AO6YUriWUvaZT3BsWugzjfyvxGeLokVlbezDubpULT-2BuXKnW-2FIkzlx3PKszPYwV8MiChsdKO\" rel=\"noopener noreferrer\" target=\"_blank\">https:\/\/www.facebook.com\/SMEducacao\/<\/a>)<\/li>\n<li>Instagram: (<a href=\"http:\/\/clickemailmkt.smbrasil.com.br\/ls\/click?upn=0ol-2FAXqDZWKwdVOx0kejzLxyM57Q-2BhUjG2lmqEd2cQq8eRmhGSNtGfnvbC8lXuaSYDv1nrJpFmmjr9lzhFurGZQWj2dSCBez30DWmCdqiFs9xFdyE97zB1E3u0eU2f-2BneU4hySaI9d5zAANUnaDyo5H5AALJcE2KityC-2FRNFTrQT85B7tCHBowYBI3ZEtB0WLdXCi4WFhDfstq4fJkqKbYmbsx0e-2B0IiHLYL-2FBjDEv8-3D-MYn_IAQU-2FzAIJiFca56OZICpxs1BJuacCg98tjObg9iFzvCEQ17FQhyPe64c2AwKI0IjalnEgDY7i3vYdQKc8L48b6WwjHNEuMAP9NCd6pD82ifNikZ-2BOZjJpTrl2o8BRp-2FAirnM86CeJ7zZCtEZJQ1M5nOkZuPi0tx-2B3St0XNWaqzeLyM5dxUySFbqjoJSfvBUwxpeeEZLErfPLBGFTRYeLW5xR7CeJKLprQjTQGzWhlslrE6ahN1-2FnnfOpdhdavhnY8-2BNwcNPsEq1HzNhhpTUgy9Rq-2FwwM-2Fa2VsMADrSl2p6sq23OHhP9pvtjgTalaZVtET55Q2qMqzoNcA-2FvSuVaqussN9L7g7d2nDbtIH8Tt4Ld5N0synJyuSQRULc1GM6k9wVuciu2vT42DbO60-2B2GDBMvta3ytnz56MucjPuU7sEej0zkgR9Itzox8x-2BIdVE6hGiqGn7RJ2Co94lukp5sWFhvzyt2nDIsmRkXsINPADRurXvZx3OvuRGJQrmrNqZKf\" rel=\"noopener noreferrer\" target=\"_blank\">https:\/\/www.instagram.com\/smeducacao\/?hl=pt-br<\/a>)<\/li>\n<li>LinkedIn: (<a href=\"http:\/\/clickemailmkt.smbrasil.com.br\/ls\/click?upn=0ol-2FAXqDZWKwdVOx0kejzDCUXix2KfN-2F86yGJeIqQFtC78yi2jRN-2F40qVkkFM7-2FJwt0urH9eWgcHNx67eH1KDHr9TQnv7jSwsqUZrNGDYtKx44UG3gL-2BF26TVx2Eyask0v3Udc72mofrdOuPWxpKOjaRPek2TeOLSaoXqpEJNgRbCaBVCEDAoFDx-2BJ01Mo4fTDsZtG0IgOV2LrV-2F8fgc6ug1qf2v5gwQWY9-2BA-2BnSJmQ-3DtrLU_IAQU-2FzAIJiFca56OZICpxs1BJuacCg98tjObg9iFzvCEQ17FQhyPe64c2AwKI0IjalnEgDY7i3vYdQKc8L48b6WwjHNEuMAP9NCd6pD82ifNikZ-2BOZjJpTrl2o8BRp-2FAirnM86CeJ7zZCtEZJQ1M5nOkZuPi0tx-2B3St0XNWaqzeLyM5dxUySFbqjoJSfvBUwxpeeEZLErfPLBGFTRYeLW5xR7CeJKLprQjTQGzWhlslrE6ahN1-2FnnfOpdhdavhnY8-2BNwcNPsEq1HzNhhpTUgy9Rq-2FwwM-2Fa2VsMADrSl2p6sq23OHhP9pvtjgTalaZVtET55Q2qMqzoNcA-2FvSuVaquqORk3I5CeEwNv9wQHhZoJMvNvve9u-2FYtO5irlKDGhMzUROy75PhHJbXKRsiS8S9TEw4aBvlhvWgguXzjpKlD0XxZ0hPMUbuzGLx911LKiTTYTkHxFmEI-2B3PsCQK4Fb3fO-2FCCL3cQ-2FhXqUrnV-2BhlynrL7h1aWWb1IYBSvDiVBhpa\" rel=\"noopener noreferrer\" target=\"_blank\">https:\/\/www.linkedin.com\/company\/sm-educacao\/<\/a>)<\/li>\n<li>YouTube:<span>&nbsp;<\/span><a href=\"http:\/\/clickemailmkt.smbrasil.com.br\/ls\/click?upn=0ol-2FAXqDZWKwdVOx0kejzE1Sq-2BP8sgreIBBXDAWVszXZgq42UKnxRR-2FyzjalmmJ-2Bb-2B1KqizX6bcJiLoJOYQzsAz-2B09gV8y-2FxamuuNiIuU9JF0YhUqZz599vtr8KUuMtnstYRaMB7DjTf-2F3oGFJCdXIttWHrxqfQxgEZnrt2xH-2Fw4ZVVOnIlTOLTmBW73PqE-2B-2F1M7Qu1Zj7ua5OvgQv43VB6h-2BPlQZBy7dsiOLzlfKJQ-3DEI8A_IAQU-2FzAIJiFca56OZICpxs1BJuacCg98tjObg9iFzvCEQ17FQhyPe64c2AwKI0IjalnEgDY7i3vYdQKc8L48b6WwjHNEuMAP9NCd6pD82ifNikZ-2BOZjJpTrl2o8BRp-2FAirnM86CeJ7zZCtEZJQ1M5nOkZuPi0tx-2B3St0XNWaqzeLyM5dxUySFbqjoJSfvBUwxpeeEZLErfPLBGFTRYeLW5xR7CeJKLprQjTQGzWhlslrE6ahN1-2FnnfOpdhdavhnY8-2BNwcNPsEq1HzNhhpTUgy9Rq-2FwwM-2Fa2VsMADrSl2p6sq23OHhP9pvtjgTalaZVtET55Q2qMqzoNcA-2FvSuVaquk5o2sn2xt0Doy6gIihhW2ly1XBynWg-2BDZjYmWhFcg4xTi59oww0ydwOP7EWs1jJerSeZ-2FtW7UwLU5yz2qZI8Wq2WBrrtMM1aqRbbGiell93AeQCjQgwko-2BWxU8zqe6Fxt9bc667-2FN6iJggA1XtupQW-2FByad5u4O5Tc-2F0A3CSllN\" rel=\"noopener noreferrer\" target=\"_blank\">(https:\/\/www.youtube.com\/user\/edicoessm\/featured<\/a>)<\/li>\n<div role=\"main\" id=\"formulario-para-aplicacao-ao-final-dos-blogposts-382a210f79fd035353bb\"><\/div>\n<p><script type=\"text\/javascript\" src=\"https:\/\/d335luupugsy2.cloudfront.net\/js\/rdstation-forms\/stable\/rdstation-forms.min.js\"><\/script><br \/>\n<script type=\"text\/javascript\"> new RDStationForms('formulario-para-aplicacao-ao-final-dos-blogposts-382a210f79fd035353bb', 'UA-12840758-1').createForm();<\/script><\/ul>\n","protected":false},"excerpt":{"rendered":"<p>Entender a sala de aula como um local flex\u00edvel \u00e9 um dos primeiros passos para a mudan\u00e7a. Afinal, a disposi\u00e7\u00e3o da sala de aula e dos demais espa\u00e7os educativos pode influenciar na aprendizagem e na rela\u00e7\u00e3o e intera\u00e7\u00e3o entre aluno e professor e os alunos do grupo. J\u00e1&nbsp;parou&nbsp;para refletir que uma sala com cadeiras enfileiradas [&hellip;]<\/p>\n","protected":false},"author":2,"featured_media":5216,"comment_status":"open","ping_status":"open","sticky":false,"template":"","format":"standard","meta":{"_acf_changed":false,"footnotes":""},"categories":[4,5],"tags":[6,7,8,9,10],"blog_nivel_escolar":[],"blog_segmento_escolar":[],"class_list":["post-190","post","type-post","status-publish","format-standard","has-post-thumbnail","hentry","category-dicas-professor","category-pnld","tag-pnld","tag-pnld-2018","tag-sala-de-aula","tag-seja-mudanca","tag-sm"],"acf":[],"yoast_head":"<!-- This site is optimized with the Yoast SEO plugin v28.3 - https:\/\/yoast.com\/product\/yoast-seo-wordpress\/ -->\n<title>Dicas para organizar a sala de aula - SM Educa\u00e7\u00e3o - Juntos cuidamos da educa\u00e7\u00e3o!<\/title>\n<meta name=\"description\" content=\"Entender a sala de aula como um local flex\u00edvel \u00e9 um dos primeiros passos para a mudan\u00e7a.\" \/>\n<meta name=\"robots\" content=\"noindex, follow, max-snippet:-1, max-image-preview:large, max-video-preview:-1\" \/>\n<meta property=\"og:locale\" content=\"pt_BR\" \/>\n<meta property=\"og:type\" content=\"article\" \/>\n<meta property=\"og:title\" content=\"Dicas para organizar a sala de aula - SM Educa\u00e7\u00e3o - Juntos cuidamos da educa\u00e7\u00e3o!\" \/>\n<meta property=\"og:description\" content=\"Entender a sala de aula como um local flex\u00edvel \u00e9 um dos primeiros passos para a mudan\u00e7a.\" \/>\n<meta property=\"og:url\" content=\"https:\/\/projetoslayerup.com.br\/smeducacao\/dicas-para-organizar-a-sala-de-aula\/\" \/>\n<meta property=\"og:site_name\" content=\"SM Educa\u00e7\u00e3o - Juntos cuidamos da educa\u00e7\u00e3o!\" \/>\n<meta property=\"article:published_time\" content=\"2017-06-27T15:29:01+00:00\" \/>\n<meta property=\"og:image\" content=\"https:\/\/projetoslayerup.com.br\/smeducacao\/wp-content\/uploads\/2017\/06\/BLOGPOST-NOVAS-IMAGENSDicas-para-organizar-a-sala-de-aula-1.png\" \/>\n\t<meta property=\"og:image:width\" content=\"1920\" \/>\n\t<meta property=\"og:image:height\" content=\"1080\" \/>\n\t<meta property=\"og:image:type\" content=\"image\/png\" \/>\n<meta name=\"author\" content=\"SM Educa\u00e7\u00e3o\" \/>\n<meta name=\"twitter:card\" content=\"summary_large_image\" \/>\n<meta name=\"twitter:label1\" content=\"Escrito por\" \/>\n\t<meta name=\"twitter:data1\" content=\"SM Educa\u00e7\u00e3o\" \/>\n\t<meta name=\"twitter:label2\" content=\"Est. tempo de leitura\" \/>\n\t<meta name=\"twitter:data2\" content=\"2 minutos\" \/>\n<script type=\"application\/ld+json\" class=\"yoast-schema-graph\">{\"@context\":\"https:\\\/\\\/schema.org\",\"@graph\":[{\"@type\":\"Article\",\"@id\":\"https:\\\/\\\/projetoslayerup.com.br\\\/smeducacao\\\/dicas-para-organizar-a-sala-de-aula\\\/#article\",\"isPartOf\":{\"@id\":\"https:\\\/\\\/projetoslayerup.com.br\\\/smeducacao\\\/dicas-para-organizar-a-sala-de-aula\\\/\"},\"author\":{\"name\":\"SM Educa\u00e7\u00e3o\",\"@id\":\"https:\\\/\\\/projetoslayerup.com.br\\\/smeducacao\\\/#\\\/schema\\\/person\\\/45d7d41388698d0f902ff276caab47f5\"},\"headline\":\"Dicas para organizar a sala de aula\",\"datePublished\":\"2017-06-27T15:29:01+00:00\",\"mainEntityOfPage\":{\"@id\":\"https:\\\/\\\/projetoslayerup.com.br\\\/smeducacao\\\/dicas-para-organizar-a-sala-de-aula\\\/\"},\"wordCount\":408,\"commentCount\":3,\"image\":{\"@id\":\"https:\\\/\\\/projetoslayerup.com.br\\\/smeducacao\\\/dicas-para-organizar-a-sala-de-aula\\\/#primaryimage\"},\"thumbnailUrl\":\"https:\\\/\\\/projetoslayerup.com.br\\\/smeducacao\\\/wp-content\\\/uploads\\\/2017\\\/06\\\/BLOGPOST-NOVAS-IMAGENSDicas-para-organizar-a-sala-de-aula-1.png\",\"keywords\":[\"PNLD\",\"PNLD 2018\",\"sala de aula\",\"seja mudan\u00e7a\",\"SM\"],\"articleSection\":[\"Dicas para professores\",\"PNLD\"],\"inLanguage\":\"pt-BR\",\"potentialAction\":[{\"@type\":\"CommentAction\",\"name\":\"Comment\",\"target\":[\"https:\\\/\\\/projetoslayerup.com.br\\\/smeducacao\\\/dicas-para-organizar-a-sala-de-aula\\\/#respond\"]}]},{\"@type\":\"WebPage\",\"@id\":\"https:\\\/\\\/projetoslayerup.com.br\\\/smeducacao\\\/dicas-para-organizar-a-sala-de-aula\\\/\",\"url\":\"https:\\\/\\\/projetoslayerup.com.br\\\/smeducacao\\\/dicas-para-organizar-a-sala-de-aula\\\/\",\"name\":\"Dicas para organizar a sala de aula - SM Educa\u00e7\u00e3o - Juntos cuidamos da educa\u00e7\u00e3o!\",\"isPartOf\":{\"@id\":\"https:\\\/\\\/projetoslayerup.com.br\\\/smeducacao\\\/#website\"},\"primaryImageOfPage\":{\"@id\":\"https:\\\/\\\/projetoslayerup.com.br\\\/smeducacao\\\/dicas-para-organizar-a-sala-de-aula\\\/#primaryimage\"},\"image\":{\"@id\":\"https:\\\/\\\/projetoslayerup.com.br\\\/smeducacao\\\/dicas-para-organizar-a-sala-de-aula\\\/#primaryimage\"},\"thumbnailUrl\":\"https:\\\/\\\/projetoslayerup.com.br\\\/smeducacao\\\/wp-content\\\/uploads\\\/2017\\\/06\\\/BLOGPOST-NOVAS-IMAGENSDicas-para-organizar-a-sala-de-aula-1.png\",\"datePublished\":\"2017-06-27T15:29:01+00:00\",\"author\":{\"@id\":\"https:\\\/\\\/projetoslayerup.com.br\\\/smeducacao\\\/#\\\/schema\\\/person\\\/45d7d41388698d0f902ff276caab47f5\"},\"description\":\"Entender a sala de aula como um local flex\u00edvel \u00e9 um dos primeiros passos para a mudan\u00e7a.\",\"breadcrumb\":{\"@id\":\"https:\\\/\\\/projetoslayerup.com.br\\\/smeducacao\\\/dicas-para-organizar-a-sala-de-aula\\\/#breadcrumb\"},\"inLanguage\":\"pt-BR\",\"potentialAction\":[{\"@type\":\"ReadAction\",\"target\":[\"https:\\\/\\\/projetoslayerup.com.br\\\/smeducacao\\\/dicas-para-organizar-a-sala-de-aula\\\/\"]}]},{\"@type\":\"ImageObject\",\"inLanguage\":\"pt-BR\",\"@id\":\"https:\\\/\\\/projetoslayerup.com.br\\\/smeducacao\\\/dicas-para-organizar-a-sala-de-aula\\\/#primaryimage\",\"url\":\"https:\\\/\\\/projetoslayerup.com.br\\\/smeducacao\\\/wp-content\\\/uploads\\\/2017\\\/06\\\/BLOGPOST-NOVAS-IMAGENSDicas-para-organizar-a-sala-de-aula-1.png\",\"contentUrl\":\"https:\\\/\\\/projetoslayerup.com.br\\\/smeducacao\\\/wp-content\\\/uploads\\\/2017\\\/06\\\/BLOGPOST-NOVAS-IMAGENSDicas-para-organizar-a-sala-de-aula-1.png\",\"width\":1920,\"height\":1080,\"caption\":\"Dicas para organizar a sala de aula\"},{\"@type\":\"BreadcrumbList\",\"@id\":\"https:\\\/\\\/projetoslayerup.com.br\\\/smeducacao\\\/dicas-para-organizar-a-sala-de-aula\\\/#breadcrumb\",\"itemListElement\":[{\"@type\":\"ListItem\",\"position\":1,\"name\":\"In\u00edcio\",\"item\":\"https:\\\/\\\/projetoslayerup.com.br\\\/smeducacao\\\/\"},{\"@type\":\"ListItem\",\"position\":2,\"name\":\"Dicas para organizar a sala de aula\"}]},{\"@type\":\"WebSite\",\"@id\":\"https:\\\/\\\/projetoslayerup.com.br\\\/smeducacao\\\/#website\",\"url\":\"https:\\\/\\\/projetoslayerup.com.br\\\/smeducacao\\\/\",\"name\":\"SM Educa\u00e7\u00e3o - Juntos cuidamos da educa\u00e7\u00e3o!\",\"description\":\"Transformamos a educa\u00e7\u00e3o por meio de solu\u00e7\u00f5es digitais, solu\u00e7\u00f5es did\u00e1ticas para uma aprendizagem personalizada e solu\u00e7\u00f5es estrat\u00e9gicas eficientes. Juntos cuidamos da Educa\u00e7\u00e3o!\",\"potentialAction\":[{\"@type\":\"SearchAction\",\"target\":{\"@type\":\"EntryPoint\",\"urlTemplate\":\"https:\\\/\\\/projetoslayerup.com.br\\\/smeducacao\\\/?s={search_term_string}\"},\"query-input\":{\"@type\":\"PropertyValueSpecification\",\"valueRequired\":true,\"valueName\":\"search_term_string\"}}],\"inLanguage\":\"pt-BR\"},{\"@type\":\"Person\",\"@id\":\"https:\\\/\\\/projetoslayerup.com.br\\\/smeducacao\\\/#\\\/schema\\\/person\\\/45d7d41388698d0f902ff276caab47f5\",\"name\":\"SM Educa\u00e7\u00e3o\",\"image\":{\"@type\":\"ImageObject\",\"inLanguage\":\"pt-BR\",\"@id\":\"https:\\\/\\\/secure.gravatar.com\\\/avatar\\\/24327468bc2a6fb95889620b4158620d90c5e352f7a18c30af0e3f8cb70bc104?s=96&d=mm&r=g\",\"url\":\"https:\\\/\\\/secure.gravatar.com\\\/avatar\\\/24327468bc2a6fb95889620b4158620d90c5e352f7a18c30af0e3f8cb70bc104?s=96&d=mm&r=g\",\"contentUrl\":\"https:\\\/\\\/secure.gravatar.com\\\/avatar\\\/24327468bc2a6fb95889620b4158620d90c5e352f7a18c30af0e3f8cb70bc104?s=96&d=mm&r=g\",\"caption\":\"SM Educa\u00e7\u00e3o\"},\"url\":\"https:\\\/\\\/projetoslayerup.com.br\\\/smeducacao\\\/author\\\/smeducacao2021\\\/\"}]}<\/script>\n<!-- \/ Yoast SEO plugin. -->","yoast_head_json":{"title":"Dicas para organizar a sala de aula - SM Educa\u00e7\u00e3o - Juntos cuidamos da educa\u00e7\u00e3o!","description":"Entender a sala de aula como um local flex\u00edvel \u00e9 um dos primeiros passos para a mudan\u00e7a.","robots":{"index":"noindex","follow":"follow","max-snippet":"max-snippet:-1","max-image-preview":"max-image-preview:large","max-video-preview":"max-video-preview:-1"},"og_locale":"pt_BR","og_type":"article","og_title":"Dicas para organizar a sala de aula - SM Educa\u00e7\u00e3o - Juntos cuidamos da educa\u00e7\u00e3o!","og_description":"Entender a sala de aula como um local flex\u00edvel \u00e9 um dos primeiros passos para a mudan\u00e7a.","og_url":"https:\/\/projetoslayerup.com.br\/smeducacao\/dicas-para-organizar-a-sala-de-aula\/","og_site_name":"SM Educa\u00e7\u00e3o - Juntos cuidamos da educa\u00e7\u00e3o!","article_published_time":"2017-06-27T15:29:01+00:00","og_image":[{"width":1920,"height":1080,"url":"https:\/\/projetoslayerup.com.br\/smeducacao\/wp-content\/uploads\/2017\/06\/BLOGPOST-NOVAS-IMAGENSDicas-para-organizar-a-sala-de-aula-1.png","type":"image\/png"}],"author":"SM Educa\u00e7\u00e3o","twitter_card":"summary_large_image","twitter_misc":{"Escrito por":"SM Educa\u00e7\u00e3o","Est. tempo de leitura":"2 minutos"},"schema":{"@context":"https:\/\/schema.org","@graph":[{"@type":"Article","@id":"https:\/\/projetoslayerup.com.br\/smeducacao\/dicas-para-organizar-a-sala-de-aula\/#article","isPartOf":{"@id":"https:\/\/projetoslayerup.com.br\/smeducacao\/dicas-para-organizar-a-sala-de-aula\/"},"author":{"name":"SM Educa\u00e7\u00e3o","@id":"https:\/\/projetoslayerup.com.br\/smeducacao\/#\/schema\/person\/45d7d41388698d0f902ff276caab47f5"},"headline":"Dicas para organizar a sala de aula","datePublished":"2017-06-27T15:29:01+00:00","mainEntityOfPage":{"@id":"https:\/\/projetoslayerup.com.br\/smeducacao\/dicas-para-organizar-a-sala-de-aula\/"},"wordCount":408,"commentCount":3,"image":{"@id":"https:\/\/projetoslayerup.com.br\/smeducacao\/dicas-para-organizar-a-sala-de-aula\/#primaryimage"},"thumbnailUrl":"https:\/\/projetoslayerup.com.br\/smeducacao\/wp-content\/uploads\/2017\/06\/BLOGPOST-NOVAS-IMAGENSDicas-para-organizar-a-sala-de-aula-1.png","keywords":["PNLD","PNLD 2018","sala de aula","seja mudan\u00e7a","SM"],"articleSection":["Dicas para professores","PNLD"],"inLanguage":"pt-BR","potentialAction":[{"@type":"CommentAction","name":"Comment","target":["https:\/\/projetoslayerup.com.br\/smeducacao\/dicas-para-organizar-a-sala-de-aula\/#respond"]}]},{"@type":"WebPage","@id":"https:\/\/projetoslayerup.com.br\/smeducacao\/dicas-para-organizar-a-sala-de-aula\/","url":"https:\/\/projetoslayerup.com.br\/smeducacao\/dicas-para-organizar-a-sala-de-aula\/","name":"Dicas para organizar a sala de aula - SM Educa\u00e7\u00e3o - Juntos cuidamos da educa\u00e7\u00e3o!","isPartOf":{"@id":"https:\/\/projetoslayerup.com.br\/smeducacao\/#website"},"primaryImageOfPage":{"@id":"https:\/\/projetoslayerup.com.br\/smeducacao\/dicas-para-organizar-a-sala-de-aula\/#primaryimage"},"image":{"@id":"https:\/\/projetoslayerup.com.br\/smeducacao\/dicas-para-organizar-a-sala-de-aula\/#primaryimage"},"thumbnailUrl":"https:\/\/projetoslayerup.com.br\/smeducacao\/wp-content\/uploads\/2017\/06\/BLOGPOST-NOVAS-IMAGENSDicas-para-organizar-a-sala-de-aula-1.png","datePublished":"2017-06-27T15:29:01+00:00","author":{"@id":"https:\/\/projetoslayerup.com.br\/smeducacao\/#\/schema\/person\/45d7d41388698d0f902ff276caab47f5"},"description":"Entender a sala de aula como um local flex\u00edvel \u00e9 um dos primeiros passos para a mudan\u00e7a.","breadcrumb":{"@id":"https:\/\/projetoslayerup.com.br\/smeducacao\/dicas-para-organizar-a-sala-de-aula\/#breadcrumb"},"inLanguage":"pt-BR","potentialAction":[{"@type":"ReadAction","target":["https:\/\/projetoslayerup.com.br\/smeducacao\/dicas-para-organizar-a-sala-de-aula\/"]}]},{"@type":"ImageObject","inLanguage":"pt-BR","@id":"https:\/\/projetoslayerup.com.br\/smeducacao\/dicas-para-organizar-a-sala-de-aula\/#primaryimage","url":"https:\/\/projetoslayerup.com.br\/smeducacao\/wp-content\/uploads\/2017\/06\/BLOGPOST-NOVAS-IMAGENSDicas-para-organizar-a-sala-de-aula-1.png","contentUrl":"https:\/\/projetoslayerup.com.br\/smeducacao\/wp-content\/uploads\/2017\/06\/BLOGPOST-NOVAS-IMAGENSDicas-para-organizar-a-sala-de-aula-1.png","width":1920,"height":1080,"caption":"Dicas para organizar a sala de aula"},{"@type":"BreadcrumbList","@id":"https:\/\/projetoslayerup.com.br\/smeducacao\/dicas-para-organizar-a-sala-de-aula\/#breadcrumb","itemListElement":[{"@type":"ListItem","position":1,"name":"In\u00edcio","item":"https:\/\/projetoslayerup.com.br\/smeducacao\/"},{"@type":"ListItem","position":2,"name":"Dicas para organizar a sala de aula"}]},{"@type":"WebSite","@id":"https:\/\/projetoslayerup.com.br\/smeducacao\/#website","url":"https:\/\/projetoslayerup.com.br\/smeducacao\/","name":"SM Educa\u00e7\u00e3o - Juntos cuidamos da educa\u00e7\u00e3o!","description":"Transformamos a educa\u00e7\u00e3o por meio de solu\u00e7\u00f5es digitais, solu\u00e7\u00f5es did\u00e1ticas para uma aprendizagem personalizada e solu\u00e7\u00f5es estrat\u00e9gicas eficientes. Juntos cuidamos da Educa\u00e7\u00e3o!","potentialAction":[{"@type":"SearchAction","target":{"@type":"EntryPoint","urlTemplate":"https:\/\/projetoslayerup.com.br\/smeducacao\/?s={search_term_string}"},"query-input":{"@type":"PropertyValueSpecification","valueRequired":true,"valueName":"search_term_string"}}],"inLanguage":"pt-BR"},{"@type":"Person","@id":"https:\/\/projetoslayerup.com.br\/smeducacao\/#\/schema\/person\/45d7d41388698d0f902ff276caab47f5","name":"SM Educa\u00e7\u00e3o","image":{"@type":"ImageObject","inLanguage":"pt-BR","@id":"https:\/\/secure.gravatar.com\/avatar\/24327468bc2a6fb95889620b4158620d90c5e352f7a18c30af0e3f8cb70bc104?s=96&d=mm&r=g","url":"https:\/\/secure.gravatar.com\/avatar\/24327468bc2a6fb95889620b4158620d90c5e352f7a18c30af0e3f8cb70bc104?s=96&d=mm&r=g","contentUrl":"https:\/\/secure.gravatar.com\/avatar\/24327468bc2a6fb95889620b4158620d90c5e352f7a18c30af0e3f8cb70bc104?s=96&d=mm&r=g","caption":"SM Educa\u00e7\u00e3o"},"url":"https:\/\/projetoslayerup.com.br\/smeducacao\/author\/smeducacao2021\/"}]}},"_links":{"self":[{"href":"https:\/\/projetoslayerup.com.br\/smeducacao\/wp-json\/wp\/v2\/posts\/190","targetHints":{"allow":["GET"]}}],"collection":[{"href":"https:\/\/projetoslayerup.com.br\/smeducacao\/wp-json\/wp\/v2\/posts"}],"about":[{"href":"https:\/\/projetoslayerup.com.br\/smeducacao\/wp-json\/wp\/v2\/types\/post"}],"author":[{"embeddable":true,"href":"https:\/\/projetoslayerup.com.br\/smeducacao\/wp-json\/wp\/v2\/users\/2"}],"replies":[{"embeddable":true,"href":"https:\/\/projetoslayerup.com.br\/smeducacao\/wp-json\/wp\/v2\/comments?post=190"}],"version-history":[{"count":0,"href":"https:\/\/projetoslayerup.com.br\/smeducacao\/wp-json\/wp\/v2\/posts\/190\/revisions"}],"wp:featuredmedia":[{"embeddable":true,"href":"https:\/\/projetoslayerup.com.br\/smeducacao\/wp-json\/wp\/v2\/media\/5216"}],"wp:attachment":[{"href":"https:\/\/projetoslayerup.com.br\/smeducacao\/wp-json\/wp\/v2\/media?parent=190"}],"wp:term":[{"taxonomy":"category","embeddable":true,"href":"https:\/\/projetoslayerup.com.br\/smeducacao\/wp-json\/wp\/v2\/categories?post=190"},{"taxonomy":"post_tag","embeddable":true,"href":"https:\/\/projetoslayerup.com.br\/smeducacao\/wp-json\/wp\/v2\/tags?post=190"},{"taxonomy":"blog_nivel_escolar","embeddable":true,"href":"https:\/\/projetoslayerup.com.br\/smeducacao\/wp-json\/wp\/v2\/blog_nivel_escolar?post=190"},{"taxonomy":"blog_segmento_escolar","embeddable":true,"href":"https:\/\/projetoslayerup.com.br\/smeducacao\/wp-json\/wp\/v2\/blog_segmento_escolar?post=190"}],"curies":[{"name":"wp","href":"https:\/\/api.w.org\/{rel}","templated":true}]}}