{"id":251,"date":"2017-07-24T10:59:38","date_gmt":"2017-07-24T13:59:38","guid":{"rendered":"http:\/\/sejamudanca.edicoessm.com.br\/?p=251"},"modified":"2017-07-24T10:59:38","modified_gmt":"2017-07-24T13:59:38","slug":"programa-myra","status":"publish","type":"post","link":"https:\/\/projetoslayerup.com.br\/smeducacao\/programa-myra\/","title":{"rendered":"Programa Myra: juntos pela leitura"},"content":{"rendered":"<p>A leitura \u00e9 um importante caminho para o conhecimento de si e do mundo. \u00c9 um processo de entender o mundo, para entender-\u00adse no mundo. O <strong>Programa Myra<\/strong>, da Funda\u00e7\u00e3o SM em parceria com a Comunidade Educativa CEDAC, promove encontros nos quais volunt\u00e1rios leem com as crian\u00e7as, construindo diversos di\u00e1logos entre o texto, outros livros e viv\u00eancias.<\/p>\n<p>A escola tamb\u00e9m participa, sediando os encontros e identificando os estudantes que participar\u00e3o, al\u00e9m de articular os diversos agentes da comunidade escolar. Veja como funciona na pr\u00e1tica:<\/p>\n<ul>\n<li>O Myra promove encontros de leitura, com uma hora de dura\u00e7\u00e3o cada, em que um volunt\u00e1rio l\u00ea com uma crian\u00e7a, estabelecendo uma rela\u00e7\u00e3o de um para um, e construindo diversos di\u00e1logos entre o texto, outros livros e viv\u00eancias.<\/li>\n<li>Al\u00e9m de sediar estes encontros, a escola identifica os estudantes que v\u00e3o participar e articula os diversos agentes da comunidade escolar em torno do programa.<\/li>\n<li>A fam\u00edlia completa a proposta, apoiando e <a href=\"https:\/\/projetoslayerup.com.br\/smeducacao\/leitura-sala-de-aula-formacao-de-alunos\/\">incentivando a crian\u00e7a em sua experi\u00eancia leitora<\/a>.<\/li>\n<\/ul>\n<p>Com o intuito de identificar os n\u00edveis de compreens\u00e3o leitora, o programa disponibiliza uma s\u00e9rie de ferramentas que podem ser utilizadas no come\u00e7o e ao final de cada etapa de trabalho. Essas avalia\u00e7\u00f5es representam um term\u00f4metro para o programa, al\u00e9m de uma oportunidade de ouvir as fam\u00edlias, as crian\u00e7as, os volunt\u00e1rios e os educadores.<\/p>\n<p>Saiba mais sobre o Myra!\u00a0<\/p>\n<p><a href=\"http:\/\/programamyra.org\/#projeto\">http:\/\/programamyra.org\/#projeto<\/a><\/p>\n\n<div id=\"formulario-para-aplicacao-ao-final-dos-blogposts-v2-73cd9a38551449a595a5\" role=\"main\">\u00a0<\/div>\n<p><script type=\"text\/javascript\" src=\"https:\/\/d335luupugsy2.cloudfront.net\/js\/rdstation-forms\/stable\/rdstation-forms.min.js\"><\/script><br \/><script type=\"text\/javascript\"> new RDStationForms('formulario-para-aplicacao-ao-final-dos-blogposts-v2-73cd9a38551449a595a5', 'UA-12840758-1').createForm();<\/script><\/p>","protected":false},"excerpt":{"rendered":"<p>A leitura \u00e9 um importante caminho para o conhecimento de si e do mundo. \u00c9 um processo de entender o mundo, para entender-\u00adse no mundo. O Programa Myra, da Funda\u00e7\u00e3o SM em parceria com a Comunidade Educativa CEDAC, promove encontros nos quais volunt\u00e1rios leem com as crian\u00e7as, construindo diversos di\u00e1logos entre o texto, outros livros [&hellip;]<\/p>\n","protected":false},"author":2,"featured_media":5097,"comment_status":"open","ping_status":"open","sticky":false,"template":"","format":"standard","meta":{"_acf_changed":false,"footnotes":""},"categories":[11,13,16],"tags":[12,14,15],"blog_nivel_escolar":[],"blog_segmento_escolar":[],"class_list":["post-251","post","type-post","status-publish","format-standard","has-post-thumbnail","hentry","category-comunicados","category-institucional","category-tendencias-educacao","tag-fundacao-sm","tag-myra","tag-pilar-lacerda"],"acf":[],"yoast_head":"<!-- This site is optimized with the Yoast SEO plugin v28.3 - https:\/\/yoast.com\/product\/yoast-seo-wordpress\/ -->\n<title>Programa Myra: juntos pela leitura - SM Educa\u00e7\u00e3o - Juntos cuidamos da educa\u00e7\u00e3o!<\/title>\n<meta name=\"description\" content=\"O Programa Myra promove encontros nos quais volunt\u00e1rios leem com as crian\u00e7as, construindo di\u00e1logos entre o texto, outros livros e viv\u00eancias.\" \/>\n<meta name=\"robots\" content=\"noindex, follow, max-snippet:-1, max-image-preview:large, max-video-preview:-1\" \/>\n<meta property=\"og:locale\" content=\"pt_BR\" \/>\n<meta property=\"og:type\" content=\"article\" \/>\n<meta property=\"og:title\" content=\"Programa Myra: juntos pela leitura - SM Educa\u00e7\u00e3o - Juntos cuidamos da educa\u00e7\u00e3o!\" \/>\n<meta property=\"og:description\" content=\"O Programa Myra promove encontros nos quais volunt\u00e1rios leem com as crian\u00e7as, construindo di\u00e1logos entre o texto, outros livros e viv\u00eancias.\" \/>\n<meta property=\"og:url\" content=\"https:\/\/projetoslayerup.com.br\/smeducacao\/programa-myra\/\" \/>\n<meta property=\"og:site_name\" content=\"SM Educa\u00e7\u00e3o - Juntos cuidamos da educa\u00e7\u00e3o!\" \/>\n<meta property=\"article:published_time\" content=\"2017-07-24T13:59:38+00:00\" \/>\n<meta property=\"og:image\" content=\"https:\/\/projetoslayerup.com.br\/smeducacao\/wp-content\/uploads\/2017\/07\/myra-1.png\" \/>\n\t<meta property=\"og:image:width\" content=\"1920\" \/>\n\t<meta property=\"og:image:height\" content=\"1080\" \/>\n\t<meta property=\"og:image:type\" content=\"image\/png\" \/>\n<meta name=\"author\" content=\"SM Educa\u00e7\u00e3o\" \/>\n<meta name=\"twitter:card\" content=\"summary_large_image\" \/>\n<meta name=\"twitter:label1\" content=\"Escrito por\" \/>\n\t<meta name=\"twitter:data1\" content=\"SM Educa\u00e7\u00e3o\" \/>\n\t<meta name=\"twitter:label2\" content=\"Est. tempo de leitura\" \/>\n\t<meta name=\"twitter:data2\" content=\"2 minutos\" \/>\n<script type=\"application\/ld+json\" class=\"yoast-schema-graph\">{\"@context\":\"https:\\\/\\\/schema.org\",\"@graph\":[{\"@type\":\"Article\",\"@id\":\"https:\\\/\\\/projetoslayerup.com.br\\\/smeducacao\\\/programa-myra\\\/#article\",\"isPartOf\":{\"@id\":\"https:\\\/\\\/projetoslayerup.com.br\\\/smeducacao\\\/programa-myra\\\/\"},\"author\":{\"name\":\"SM Educa\u00e7\u00e3o\",\"@id\":\"https:\\\/\\\/projetoslayerup.com.br\\\/smeducacao\\\/#\\\/schema\\\/person\\\/45d7d41388698d0f902ff276caab47f5\"},\"headline\":\"Programa Myra: juntos pela leitura\",\"datePublished\":\"2017-07-24T13:59:38+00:00\",\"mainEntityOfPage\":{\"@id\":\"https:\\\/\\\/projetoslayerup.com.br\\\/smeducacao\\\/programa-myra\\\/\"},\"wordCount\":258,\"commentCount\":0,\"image\":{\"@id\":\"https:\\\/\\\/projetoslayerup.com.br\\\/smeducacao\\\/programa-myra\\\/#primaryimage\"},\"thumbnailUrl\":\"https:\\\/\\\/projetoslayerup.com.br\\\/smeducacao\\\/wp-content\\\/uploads\\\/2017\\\/07\\\/myra-1.png\",\"keywords\":[\"Funda\u00e7\u00e3o SM\",\"Myra\",\"Pilar Lacerda\"],\"articleSection\":[\"Comunicados\",\"Institucional\",\"Tend\u00eancias na educa\u00e7\u00e3o\"],\"inLanguage\":\"pt-BR\",\"potentialAction\":[{\"@type\":\"CommentAction\",\"name\":\"Comment\",\"target\":[\"https:\\\/\\\/projetoslayerup.com.br\\\/smeducacao\\\/programa-myra\\\/#respond\"]}]},{\"@type\":\"WebPage\",\"@id\":\"https:\\\/\\\/projetoslayerup.com.br\\\/smeducacao\\\/programa-myra\\\/\",\"url\":\"https:\\\/\\\/projetoslayerup.com.br\\\/smeducacao\\\/programa-myra\\\/\",\"name\":\"Programa Myra: juntos pela leitura - SM Educa\u00e7\u00e3o - Juntos cuidamos da educa\u00e7\u00e3o!\",\"isPartOf\":{\"@id\":\"https:\\\/\\\/projetoslayerup.com.br\\\/smeducacao\\\/#website\"},\"primaryImageOfPage\":{\"@id\":\"https:\\\/\\\/projetoslayerup.com.br\\\/smeducacao\\\/programa-myra\\\/#primaryimage\"},\"image\":{\"@id\":\"https:\\\/\\\/projetoslayerup.com.br\\\/smeducacao\\\/programa-myra\\\/#primaryimage\"},\"thumbnailUrl\":\"https:\\\/\\\/projetoslayerup.com.br\\\/smeducacao\\\/wp-content\\\/uploads\\\/2017\\\/07\\\/myra-1.png\",\"datePublished\":\"2017-07-24T13:59:38+00:00\",\"author\":{\"@id\":\"https:\\\/\\\/projetoslayerup.com.br\\\/smeducacao\\\/#\\\/schema\\\/person\\\/45d7d41388698d0f902ff276caab47f5\"},\"description\":\"O Programa Myra promove encontros nos quais volunt\u00e1rios leem com as crian\u00e7as, construindo di\u00e1logos entre o texto, outros livros e viv\u00eancias.\",\"breadcrumb\":{\"@id\":\"https:\\\/\\\/projetoslayerup.com.br\\\/smeducacao\\\/programa-myra\\\/#breadcrumb\"},\"inLanguage\":\"pt-BR\",\"potentialAction\":[{\"@type\":\"ReadAction\",\"target\":[\"https:\\\/\\\/projetoslayerup.com.br\\\/smeducacao\\\/programa-myra\\\/\"]}]},{\"@type\":\"ImageObject\",\"inLanguage\":\"pt-BR\",\"@id\":\"https:\\\/\\\/projetoslayerup.com.br\\\/smeducacao\\\/programa-myra\\\/#primaryimage\",\"url\":\"https:\\\/\\\/projetoslayerup.com.br\\\/smeducacao\\\/wp-content\\\/uploads\\\/2017\\\/07\\\/myra-1.png\",\"contentUrl\":\"https:\\\/\\\/projetoslayerup.com.br\\\/smeducacao\\\/wp-content\\\/uploads\\\/2017\\\/07\\\/myra-1.png\",\"width\":1920,\"height\":1080,\"caption\":\"Projeto Myra\"},{\"@type\":\"BreadcrumbList\",\"@id\":\"https:\\\/\\\/projetoslayerup.com.br\\\/smeducacao\\\/programa-myra\\\/#breadcrumb\",\"itemListElement\":[{\"@type\":\"ListItem\",\"position\":1,\"name\":\"In\u00edcio\",\"item\":\"https:\\\/\\\/projetoslayerup.com.br\\\/smeducacao\\\/\"},{\"@type\":\"ListItem\",\"position\":2,\"name\":\"Programa Myra: juntos pela leitura\"}]},{\"@type\":\"WebSite\",\"@id\":\"https:\\\/\\\/projetoslayerup.com.br\\\/smeducacao\\\/#website\",\"url\":\"https:\\\/\\\/projetoslayerup.com.br\\\/smeducacao\\\/\",\"name\":\"SM Educa\u00e7\u00e3o - Juntos cuidamos da educa\u00e7\u00e3o!\",\"description\":\"Transformamos a educa\u00e7\u00e3o por meio de solu\u00e7\u00f5es digitais, solu\u00e7\u00f5es did\u00e1ticas para uma aprendizagem personalizada e solu\u00e7\u00f5es estrat\u00e9gicas eficientes. Juntos cuidamos da Educa\u00e7\u00e3o!\",\"potentialAction\":[{\"@type\":\"SearchAction\",\"target\":{\"@type\":\"EntryPoint\",\"urlTemplate\":\"https:\\\/\\\/projetoslayerup.com.br\\\/smeducacao\\\/?s={search_term_string}\"},\"query-input\":{\"@type\":\"PropertyValueSpecification\",\"valueRequired\":true,\"valueName\":\"search_term_string\"}}],\"inLanguage\":\"pt-BR\"},{\"@type\":\"Person\",\"@id\":\"https:\\\/\\\/projetoslayerup.com.br\\\/smeducacao\\\/#\\\/schema\\\/person\\\/45d7d41388698d0f902ff276caab47f5\",\"name\":\"SM Educa\u00e7\u00e3o\",\"image\":{\"@type\":\"ImageObject\",\"inLanguage\":\"pt-BR\",\"@id\":\"https:\\\/\\\/secure.gravatar.com\\\/avatar\\\/24327468bc2a6fb95889620b4158620d90c5e352f7a18c30af0e3f8cb70bc104?s=96&d=mm&r=g\",\"url\":\"https:\\\/\\\/secure.gravatar.com\\\/avatar\\\/24327468bc2a6fb95889620b4158620d90c5e352f7a18c30af0e3f8cb70bc104?s=96&d=mm&r=g\",\"contentUrl\":\"https:\\\/\\\/secure.gravatar.com\\\/avatar\\\/24327468bc2a6fb95889620b4158620d90c5e352f7a18c30af0e3f8cb70bc104?s=96&d=mm&r=g\",\"caption\":\"SM Educa\u00e7\u00e3o\"},\"url\":\"https:\\\/\\\/projetoslayerup.com.br\\\/smeducacao\\\/author\\\/smeducacao2021\\\/\"}]}<\/script>\n<!-- \/ Yoast SEO plugin. -->","yoast_head_json":{"title":"Programa Myra: juntos pela leitura - SM Educa\u00e7\u00e3o - Juntos cuidamos da educa\u00e7\u00e3o!","description":"O Programa Myra promove encontros nos quais volunt\u00e1rios leem com as crian\u00e7as, construindo di\u00e1logos entre o texto, outros livros e viv\u00eancias.","robots":{"index":"noindex","follow":"follow","max-snippet":"max-snippet:-1","max-image-preview":"max-image-preview:large","max-video-preview":"max-video-preview:-1"},"og_locale":"pt_BR","og_type":"article","og_title":"Programa Myra: juntos pela leitura - SM Educa\u00e7\u00e3o - Juntos cuidamos da educa\u00e7\u00e3o!","og_description":"O Programa Myra promove encontros nos quais volunt\u00e1rios leem com as crian\u00e7as, construindo di\u00e1logos entre o texto, outros livros e viv\u00eancias.","og_url":"https:\/\/projetoslayerup.com.br\/smeducacao\/programa-myra\/","og_site_name":"SM Educa\u00e7\u00e3o - Juntos cuidamos da educa\u00e7\u00e3o!","article_published_time":"2017-07-24T13:59:38+00:00","og_image":[{"width":1920,"height":1080,"url":"https:\/\/projetoslayerup.com.br\/smeducacao\/wp-content\/uploads\/2017\/07\/myra-1.png","type":"image\/png"}],"author":"SM Educa\u00e7\u00e3o","twitter_card":"summary_large_image","twitter_misc":{"Escrito por":"SM Educa\u00e7\u00e3o","Est. tempo de leitura":"2 minutos"},"schema":{"@context":"https:\/\/schema.org","@graph":[{"@type":"Article","@id":"https:\/\/projetoslayerup.com.br\/smeducacao\/programa-myra\/#article","isPartOf":{"@id":"https:\/\/projetoslayerup.com.br\/smeducacao\/programa-myra\/"},"author":{"name":"SM Educa\u00e7\u00e3o","@id":"https:\/\/projetoslayerup.com.br\/smeducacao\/#\/schema\/person\/45d7d41388698d0f902ff276caab47f5"},"headline":"Programa Myra: juntos pela leitura","datePublished":"2017-07-24T13:59:38+00:00","mainEntityOfPage":{"@id":"https:\/\/projetoslayerup.com.br\/smeducacao\/programa-myra\/"},"wordCount":258,"commentCount":0,"image":{"@id":"https:\/\/projetoslayerup.com.br\/smeducacao\/programa-myra\/#primaryimage"},"thumbnailUrl":"https:\/\/projetoslayerup.com.br\/smeducacao\/wp-content\/uploads\/2017\/07\/myra-1.png","keywords":["Funda\u00e7\u00e3o SM","Myra","Pilar Lacerda"],"articleSection":["Comunicados","Institucional","Tend\u00eancias na educa\u00e7\u00e3o"],"inLanguage":"pt-BR","potentialAction":[{"@type":"CommentAction","name":"Comment","target":["https:\/\/projetoslayerup.com.br\/smeducacao\/programa-myra\/#respond"]}]},{"@type":"WebPage","@id":"https:\/\/projetoslayerup.com.br\/smeducacao\/programa-myra\/","url":"https:\/\/projetoslayerup.com.br\/smeducacao\/programa-myra\/","name":"Programa Myra: juntos pela leitura - SM Educa\u00e7\u00e3o - Juntos cuidamos da educa\u00e7\u00e3o!","isPartOf":{"@id":"https:\/\/projetoslayerup.com.br\/smeducacao\/#website"},"primaryImageOfPage":{"@id":"https:\/\/projetoslayerup.com.br\/smeducacao\/programa-myra\/#primaryimage"},"image":{"@id":"https:\/\/projetoslayerup.com.br\/smeducacao\/programa-myra\/#primaryimage"},"thumbnailUrl":"https:\/\/projetoslayerup.com.br\/smeducacao\/wp-content\/uploads\/2017\/07\/myra-1.png","datePublished":"2017-07-24T13:59:38+00:00","author":{"@id":"https:\/\/projetoslayerup.com.br\/smeducacao\/#\/schema\/person\/45d7d41388698d0f902ff276caab47f5"},"description":"O Programa Myra promove encontros nos quais volunt\u00e1rios leem com as crian\u00e7as, construindo di\u00e1logos entre o texto, outros livros e viv\u00eancias.","breadcrumb":{"@id":"https:\/\/projetoslayerup.com.br\/smeducacao\/programa-myra\/#breadcrumb"},"inLanguage":"pt-BR","potentialAction":[{"@type":"ReadAction","target":["https:\/\/projetoslayerup.com.br\/smeducacao\/programa-myra\/"]}]},{"@type":"ImageObject","inLanguage":"pt-BR","@id":"https:\/\/projetoslayerup.com.br\/smeducacao\/programa-myra\/#primaryimage","url":"https:\/\/projetoslayerup.com.br\/smeducacao\/wp-content\/uploads\/2017\/07\/myra-1.png","contentUrl":"https:\/\/projetoslayerup.com.br\/smeducacao\/wp-content\/uploads\/2017\/07\/myra-1.png","width":1920,"height":1080,"caption":"Projeto Myra"},{"@type":"BreadcrumbList","@id":"https:\/\/projetoslayerup.com.br\/smeducacao\/programa-myra\/#breadcrumb","itemListElement":[{"@type":"ListItem","position":1,"name":"In\u00edcio","item":"https:\/\/projetoslayerup.com.br\/smeducacao\/"},{"@type":"ListItem","position":2,"name":"Programa Myra: juntos pela leitura"}]},{"@type":"WebSite","@id":"https:\/\/projetoslayerup.com.br\/smeducacao\/#website","url":"https:\/\/projetoslayerup.com.br\/smeducacao\/","name":"SM Educa\u00e7\u00e3o - Juntos cuidamos da educa\u00e7\u00e3o!","description":"Transformamos a educa\u00e7\u00e3o por meio de solu\u00e7\u00f5es digitais, solu\u00e7\u00f5es did\u00e1ticas para uma aprendizagem personalizada e solu\u00e7\u00f5es estrat\u00e9gicas eficientes. Juntos cuidamos da Educa\u00e7\u00e3o!","potentialAction":[{"@type":"SearchAction","target":{"@type":"EntryPoint","urlTemplate":"https:\/\/projetoslayerup.com.br\/smeducacao\/?s={search_term_string}"},"query-input":{"@type":"PropertyValueSpecification","valueRequired":true,"valueName":"search_term_string"}}],"inLanguage":"pt-BR"},{"@type":"Person","@id":"https:\/\/projetoslayerup.com.br\/smeducacao\/#\/schema\/person\/45d7d41388698d0f902ff276caab47f5","name":"SM Educa\u00e7\u00e3o","image":{"@type":"ImageObject","inLanguage":"pt-BR","@id":"https:\/\/secure.gravatar.com\/avatar\/24327468bc2a6fb95889620b4158620d90c5e352f7a18c30af0e3f8cb70bc104?s=96&d=mm&r=g","url":"https:\/\/secure.gravatar.com\/avatar\/24327468bc2a6fb95889620b4158620d90c5e352f7a18c30af0e3f8cb70bc104?s=96&d=mm&r=g","contentUrl":"https:\/\/secure.gravatar.com\/avatar\/24327468bc2a6fb95889620b4158620d90c5e352f7a18c30af0e3f8cb70bc104?s=96&d=mm&r=g","caption":"SM Educa\u00e7\u00e3o"},"url":"https:\/\/projetoslayerup.com.br\/smeducacao\/author\/smeducacao2021\/"}]}},"_links":{"self":[{"href":"https:\/\/projetoslayerup.com.br\/smeducacao\/wp-json\/wp\/v2\/posts\/251","targetHints":{"allow":["GET"]}}],"collection":[{"href":"https:\/\/projetoslayerup.com.br\/smeducacao\/wp-json\/wp\/v2\/posts"}],"about":[{"href":"https:\/\/projetoslayerup.com.br\/smeducacao\/wp-json\/wp\/v2\/types\/post"}],"author":[{"embeddable":true,"href":"https:\/\/projetoslayerup.com.br\/smeducacao\/wp-json\/wp\/v2\/users\/2"}],"replies":[{"embeddable":true,"href":"https:\/\/projetoslayerup.com.br\/smeducacao\/wp-json\/wp\/v2\/comments?post=251"}],"version-history":[{"count":0,"href":"https:\/\/projetoslayerup.com.br\/smeducacao\/wp-json\/wp\/v2\/posts\/251\/revisions"}],"wp:featuredmedia":[{"embeddable":true,"href":"https:\/\/projetoslayerup.com.br\/smeducacao\/wp-json\/wp\/v2\/media\/5097"}],"wp:attachment":[{"href":"https:\/\/projetoslayerup.com.br\/smeducacao\/wp-json\/wp\/v2\/media?parent=251"}],"wp:term":[{"taxonomy":"category","embeddable":true,"href":"https:\/\/projetoslayerup.com.br\/smeducacao\/wp-json\/wp\/v2\/categories?post=251"},{"taxonomy":"post_tag","embeddable":true,"href":"https:\/\/projetoslayerup.com.br\/smeducacao\/wp-json\/wp\/v2\/tags?post=251"},{"taxonomy":"blog_nivel_escolar","embeddable":true,"href":"https:\/\/projetoslayerup.com.br\/smeducacao\/wp-json\/wp\/v2\/blog_nivel_escolar?post=251"},{"taxonomy":"blog_segmento_escolar","embeddable":true,"href":"https:\/\/projetoslayerup.com.br\/smeducacao\/wp-json\/wp\/v2\/blog_segmento_escolar?post=251"}],"curies":[{"name":"wp","href":"https:\/\/api.w.org\/{rel}","templated":true}]}}