{"id":289,"date":"2021-06-11T11:03:37","date_gmt":"2021-06-11T14:03:37","guid":{"rendered":"https:\/\/www.smeducacao.com.br\/\/?p=289"},"modified":"2021-06-11T11:03:37","modified_gmt":"2021-06-11T14:03:37","slug":"marketing-educacional-na-sua-escola-2","status":"publish","type":"post","link":"https:\/\/projetoslayerup.com.br\/smeducacao\/marketing-educacional-na-sua-escola-2\/","title":{"rendered":"A import\u00e2ncia do marketing educacional para a escola"},"content":{"rendered":"\n<p class=\"wp-block-paragraph\">Em um mercado competitivo e em permanente estado de mudan\u00e7a, \u00e9 desafiador para as escolas ganhar e reter matr\u00edculas com qualidade. Nesse sentido, o <strong>marketing educacional <\/strong>pode ser um caminho a ser explorado.&nbsp;&nbsp;<\/p>\n\n\n\n<p class=\"wp-block-paragraph\">Novas <a href=\"https:\/\/projetoslayerup.com.br\/smeducacao\/3-maneiras-de-incluir-a-tecnologia-na-educacao-dos-jovens\/\">tecnologias educacionais<\/a>, <a href=\"https:\/\/projetoslayerup.com.br\/smeducacao\/tendencias-educacionais-digitais-6-praticas-para-ficar-de-olho\/\">tend\u00eancias pedag\u00f3gicas<\/a>, transforma\u00e7\u00f5es socioecon\u00f4micas e decis\u00f5es mercadol\u00f3gicas s\u00e3o alguns dos fatores que influenciam <strong>mudan\u00e7as na educa\u00e7\u00e3o b\u00e1sica<\/strong>.\u00a0<\/p>\n\n\n\n<p class=\"wp-block-paragraph\">Se para as fam\u00edlias isso se materializa em um maior leque de op\u00e7\u00f5es para a educa\u00e7\u00e3o de seus filhos, para as escolas representa uma <strong>necessidade de refor\u00e7ar sua relev\u00e2ncia no mercado<\/strong>.<\/p>\n\n\n\n<p class=\"wp-block-paragraph\">Mas ent\u00e3o como enfrentar o risco de perder matr\u00edculas e oportunidades de crescimento? \u00c9 sobre isso que falaremos no conte\u00fado de hoje.&nbsp;<\/p>\n\n\n\n<h2 class=\"wp-block-heading\"><strong>Como o marketing digital pode ser um aliado para as escolas?&nbsp;<\/strong><\/h2>\n\n\n\n<p class=\"wp-block-paragraph\">Cada vez mais \u00e9 necess\u00e1rio <strong>posicionar a institui\u00e7\u00e3o de <\/strong><a href=\"https:\/\/www.aeducacaonosmove.com.br\/blog\/metodos-ensino-aprendizagem?utm_medium=blogpost&amp;utm_source=site&amp;utm_campaign=metodos-de-ensino-aprendizagem&amp;utm_content=hiperlink-\" target=\"_blank\" rel=\"noreferrer noopener\"><strong>ensino<\/strong><\/a><strong> como uma escolha segura<\/strong>, confi\u00e1vel e atualizada com as novas demandas da educa\u00e7\u00e3o.<\/p>\n\n\n\n<p class=\"wp-block-paragraph\">Esse cen\u00e1rio justifica a crescente procura pelo marketing educacional, um recurso que ajuda as escolas a serem vistas \u2013 e adotadas \u2013 pelas fam\u00edlias.&nbsp;<\/p>\n\n\n\n<p class=\"wp-block-paragraph\">Apesar dos desafios, a boa not\u00edcia \u00e9 que o marketing voltado \u00e0 <a href=\"https:\/\/www.aeducacaonosmove.com.br\/blog\/educacao-integral-nas-escolas?utm_medium=blogpost&amp;utm_source=site&amp;utm_campaign=educacao-integral&amp;utm_content=hiperlink-\" target=\"_blank\" rel=\"noreferrer noopener\">educa\u00e7\u00e3o<\/a> oferece <strong>ferramentas vers\u00e1teis<\/strong>, que se adaptam \u00e0s necessidades de cada institui\u00e7\u00e3o.&nbsp;<\/p>\n\n\n\n<p class=\"wp-block-paragraph\">Assim, \u00e9 poss\u00edvel chamar a aten\u00e7\u00e3o de fam\u00edlias para <strong>manter as salas de aula cheias<\/strong>. Projetos sofisticados de divulga\u00e7\u00e3o durante todo o ano letivo ou at\u00e9 uma simples campanha de matr\u00edculas s\u00e3o exemplos do que pode ser feito.&nbsp;&nbsp;<\/p>\n\n\n\n<p class=\"wp-block-paragraph\">Tudo depende dos objetivos e do posicionamento desejados pela escola. Alguns recursos \u00fateis para qualquer institui\u00e7\u00e3o podem ajudar a tornar a <strong>capta\u00e7\u00e3o de matr\u00edculas mais efetiva<\/strong>.<\/p>\n\n\n\n<h2 class=\"wp-block-heading\"><strong>Defini\u00e7\u00e3o do p\u00fablico-alvo e dos diferenciais da escola utilizando o marketing educacional<\/strong><\/h2>\n\n\n\n<p class=\"wp-block-paragraph\">Em geral, <strong>a fam\u00edlia tem o poder de decis\u00e3o sobre a escola <\/strong>em que seus filhos ser\u00e3o matriculados, especialmente entre o ciclo de Educa\u00e7\u00e3o Infantil at\u00e9 os anos finais do Ensino Fundamental.&nbsp; <\/p>\n\n\n\n<p class=\"wp-block-paragraph\">Ao focar na fam\u00edlia como o principal p\u00fablico-alvo da campanha de marketing, a escola precisa <strong>oferecer recursos e servi\u00e7os que despertem o interesse<\/strong> e atendam \u00e0s expectativas.<\/p>\n\n\n\n<figure class=\"wp-block-image size-full\"><a href=\"https:\/\/materiais.smbrasil.com.br\/recursos-digitais\" target=\"_blank\" rel=\"noopener\"><img decoding=\"async\" src=\"https:\/\/www.aeducacaonosmove.com.br\/wp-content\/uploads\/2020\/06\/aproveitar1.jpeg\" alt=\"marketing educacional recursos digitais\" class=\"wp-image-1127\"\/><\/a><\/figure>\n\n\n\n<p class=\"wp-block-paragraph\">\u00c9 preciso definir o perfil ideal de alunos e familiares que tenham <strong>caracter\u00edsticas e prefer\u00eancias pr\u00f3ximas daquelas praticadas na escola<\/strong>. Faixa et\u00e1ria, condi\u00e7\u00f5es socioecon\u00f4micas, local de resid\u00eancia e prefer\u00eancias <a href=\"https:\/\/www.aeducacaonosmove.com.br\/blog\/alunos-com-dificuldade-de-aprendizagem?utm_medium=blogpost&amp;utm_source=site&amp;utm_campaign=abordagem-pedagogica&amp;utm_content=hiperlink-\" target=\"_blank\" rel=\"noreferrer noopener\">pedag\u00f3gicas<\/a> s\u00e3o alguns dos elementos que devem ser considerados no processo de decis\u00e3o.<\/p>\n\n\n\n<p class=\"wp-block-paragraph\">Al\u00e9m de definir o p\u00fablico, \u00e9 necess\u00e1rio<strong> identificar os diferenciais da escola<\/strong>, ou seja, as caracter\u00edsticas com maior potencial de atrair matr\u00edculas.&nbsp;<\/p>\n\n\n\n<p class=\"wp-block-paragraph\">Algumas propostas que chamam a aten\u00e7\u00e3o das fam\u00edlias s\u00e3o atividades voltadas ao desenvolvimento de compet\u00eancias socioemocionais, projeto de <a href=\"https:\/\/www.aeducacaonosmove.com.br\/blog\/ensino-de-ingles-escolas?utm_medium=blogpost&amp;utm_source=site&amp;utm_campaign=ensino-de-ingels&amp;utm_content=hiperlink-\" target=\"_blank\" rel=\"noreferrer noopener\">educa\u00e7\u00e3o bil\u00edngue<\/a> e <a href=\"https:\/\/www.aeducacaonosmove.com.br\/blog\/3-maneiras-de-incluir-a-tecnologia-na-educacao-dos-jovens?utm_medium=blogpost&amp;utm_source=site&amp;utm_campaign=incluir-tecnologia-na-educacao&amp;utm_content=hiperlink-\" target=\"_blank\" rel=\"noreferrer noopener\">tecnologia<\/a> aplicada \u00e0s aulas, por exemplo.<\/p>\n\n\n\n<h2 class=\"wp-block-heading\"><strong>Planejamento al\u00e9m do per\u00edodo de matr\u00edculas<\/strong><\/h2>\n\n\n\n<p class=\"wp-block-paragraph\">Desenvolver a\u00e7\u00f5es de marketing educacional <strong>para o ano todo e n\u00e3o apenas para o per\u00edodo de matr\u00edculas<\/strong> \u00e9 importante para mostrar que a institui\u00e7\u00e3o est\u00e1 comprometida com seus clientes.&nbsp;<\/p>\n\n\n\n<p class=\"wp-block-paragraph\">\u00c9 fundamental preparar um <strong>calend\u00e1rio de a\u00e7\u00f5es e servi\u00e7os para o ano letivo<\/strong>. Eventos escolares, datas comemorativas, festas, per\u00edodo de rematr\u00edculas e reuni\u00f5es devem ser estrategicamente planejados para <a href=\"https:\/\/www.aeducacaonosmove.com.br\/blog\/engajar-os-alunos-no-aprendizado?utm_medium=blogpost&amp;utm_source=site&amp;utm_campaign=engajar-alunos&amp;utm_content=hiperlink-\" target=\"_blank\" rel=\"noreferrer noopener\">engajar alunos<\/a> e familiares matriculados e chamar a aten\u00e7\u00e3o do p\u00fablico externo.&nbsp;<\/p>\n\n\n\n<p class=\"wp-block-paragraph\">A&nbsp; <strong>comunica\u00e7\u00e3o constante<\/strong> tamb\u00e9m aproxima a fam\u00edlia da escola e gera la\u00e7os afetivos com a institui\u00e7\u00e3o. Isso \u00e9 importante para construir uma rela\u00e7\u00e3o de confian\u00e7a e reter os alunos.&nbsp;<\/p>\n\n\n\n<figure class=\"wp-block-image size-full\"><a href=\"http:\/\/sm-brasil.rds.land\/selecionar-bons-conteudos\" target=\"_blank\" rel=\"noopener\"><img decoding=\"async\" src=\"https:\/\/www.aeducacaonosmove.com.br\/wp-content\/uploads\/2020\/06\/familia1.jpeg\" alt=\"marketing educacional conte\u00fados em fam\u00edlia\" class=\"wp-image-1128\"\/><\/a><\/figure>\n\n\n\n<p class=\"wp-block-paragraph\"> Um bom exemplo de estrat\u00e9gia de fideliza\u00e7\u00e3o \u00e9 uma campanha de rematr\u00edculas antecipadas que <strong>ofere\u00e7a descontos, benef\u00edcios ou condi\u00e7\u00f5es de pagamento diferenciadas<\/strong> para os pais. <\/p>\n\n\n\n<h2 class=\"wp-block-heading\"><strong>Presen\u00e7a digital por meio do marketing educacional promove visibilidade<\/strong><\/h2>\n\n\n\n<p class=\"wp-block-paragraph\">A internet deixou de ser <a href=\"https:\/\/www.aeducacaonosmove.com.br\/blog\/inove-em-suas-aulas-com-a-sm-educacao?utm_medium=blogpost&amp;utm_source=site&amp;utm_campaign=inove-em-suas-aulas\" target=\"_blank\" rel=\"noreferrer noopener\">inova\u00e7\u00e3o<\/a> e tornou-se mandat\u00f3ria para quem quer ser encontrado e divulgado. \u00c9 comum que as fam\u00edlias busquem <strong>informa\u00e7\u00f5es sobre a escola na internet <\/strong>durante seu processo de decis\u00e3o.&nbsp;<\/p>\n\n\n\n<p class=\"wp-block-paragraph\">Sites, redes sociais e blogs s\u00e3o <strong>excelentes canais de divulga\u00e7\u00e3o<\/strong> para a campanha de marketing educacional da escola, porque agilizam a comunica\u00e7\u00e3o e alcan\u00e7am mais pessoas, muitas vezes com mais efici\u00eancia e menor custo.&nbsp;<\/p>\n\n\n\n<p class=\"wp-block-paragraph\">Divulgar recortes do dia a dia dos alunos, mostrar o espa\u00e7o da escola e a din\u00e2mica das atividades, por exemplo, pode despertar o interesse das fam\u00edlias e influenciar matr\u00edculas.&nbsp;<\/p>\n\n\n\n<p class=\"wp-block-paragraph\">Al\u00e9m da constru\u00e7\u00e3o da imagem e reputa\u00e7\u00e3o da escola, os canais digitais permitem ainda <strong>a\u00e7\u00f5es diretas de divulga\u00e7\u00e3o com grande alcance<\/strong>. <\/p>\n\n\n\n<p class=\"wp-block-paragraph\">An\u00fancios em diversos formatos, e-mail marketing e formul\u00e1rios de capta\u00e7\u00e3o de leads, estrat\u00e9gia importante para o ciclo de matr\u00edculas, s\u00e3o apenas algumas das possibilidades de uma campanha de marketing online.<\/p>\n\n\n\n<p class=\"wp-block-paragraph\">De forma aut\u00f4noma ou com o apoio de uma empresa parceira,<strong> toda escola pode se beneficiar do crescimento e sustentabilidade financeira<\/strong>.<\/p>\n\n\n\n<figure class=\"wp-block-image size-full\"><a href=\"https:\/\/materiais.smbrasil.com.br\/revista-repensar-2-edicao\" target=\"_blank\" rel=\"noopener\"><img decoding=\"async\" src=\"https:\/\/www.aeducacaonosmove.com.br\/wp-content\/uploads\/2020\/06\/repensar1.jpeg\" alt=\"marketing educacional revista repensar\" class=\"wp-image-1129\"\/><\/a><\/figure>\n","protected":false},"excerpt":{"rendered":"<p>Em um mercado competitivo e em permanente estado de mudan\u00e7a, \u00e9 desafiador para as escolas ganhar e reter matr\u00edculas com qualidade. Nesse sentido, o marketing educacional pode ser um caminho a ser explorado.&nbsp;&nbsp; Novas tecnologias educacionais, tend\u00eancias pedag\u00f3gicas, transforma\u00e7\u00f5es socioecon\u00f4micas e decis\u00f5es mercadol\u00f3gicas s\u00e3o alguns dos fatores que influenciam mudan\u00e7as na educa\u00e7\u00e3o b\u00e1sica.\u00a0 Se para [&hellip;]<\/p>\n","protected":false},"author":2,"featured_media":5194,"comment_status":"open","ping_status":"open","sticky":false,"template":"","format":"standard","meta":{"_acf_changed":false,"footnotes":""},"categories":[19,17,16],"tags":[],"blog_nivel_escolar":[],"blog_segmento_escolar":[],"class_list":["post-289","post","type-post","status-publish","format-standard","has-post-thumbnail","hentry","category-gestao-e-coordenacao","category-solucoes-educacionais","category-tendencias-educacao"],"acf":[],"yoast_head":"<!-- This site is optimized with the Yoast SEO plugin v28.3 - https:\/\/yoast.com\/product\/yoast-seo-wordpress\/ -->\n<title>A import\u00e2ncia do marketing educacional para a escola - SM Educa\u00e7\u00e3o - Juntos cuidamos da educa\u00e7\u00e3o!<\/title>\n<meta name=\"description\" content=\"O marketing educacional \u00e9 um caminho indispens\u00e1vel para que a sua escola ganhe e retenha matr\u00edculas com qualidade. Acesse e entenda!\" \/>\n<meta name=\"robots\" content=\"noindex, follow, max-snippet:-1, max-image-preview:large, max-video-preview:-1\" \/>\n<meta property=\"og:locale\" content=\"pt_BR\" \/>\n<meta property=\"og:type\" content=\"article\" \/>\n<meta property=\"og:title\" content=\"A import\u00e2ncia do marketing educacional para a escola - SM Educa\u00e7\u00e3o - Juntos cuidamos da educa\u00e7\u00e3o!\" \/>\n<meta property=\"og:description\" content=\"O marketing educacional \u00e9 um caminho indispens\u00e1vel para que a sua escola ganhe e retenha matr\u00edculas com qualidade. Acesse e entenda!\" \/>\n<meta property=\"og:url\" content=\"https:\/\/projetoslayerup.com.br\/smeducacao\/marketing-educacional-na-sua-escola-2\/\" \/>\n<meta property=\"og:site_name\" content=\"SM Educa\u00e7\u00e3o - Juntos cuidamos da educa\u00e7\u00e3o!\" \/>\n<meta property=\"article:published_time\" content=\"2021-06-11T14:03:37+00:00\" \/>\n<meta property=\"og:image\" content=\"https:\/\/projetoslayerup.com.br\/smeducacao\/wp-content\/uploads\/2021\/06\/739wFAOD.png\" \/>\n\t<meta property=\"og:image:width\" content=\"1920\" \/>\n\t<meta property=\"og:image:height\" content=\"1080\" \/>\n\t<meta property=\"og:image:type\" content=\"image\/png\" \/>\n<meta name=\"author\" content=\"SM Educa\u00e7\u00e3o\" \/>\n<meta name=\"twitter:card\" content=\"summary_large_image\" \/>\n<meta name=\"twitter:label1\" content=\"Escrito por\" \/>\n\t<meta name=\"twitter:data1\" content=\"SM Educa\u00e7\u00e3o\" \/>\n\t<meta name=\"twitter:label2\" content=\"Est. tempo de leitura\" \/>\n\t<meta name=\"twitter:data2\" content=\"5 minutos\" \/>\n<script type=\"application\/ld+json\" class=\"yoast-schema-graph\">{\"@context\":\"https:\\\/\\\/schema.org\",\"@graph\":[{\"@type\":\"Article\",\"@id\":\"https:\\\/\\\/projetoslayerup.com.br\\\/smeducacao\\\/marketing-educacional-na-sua-escola-2\\\/#article\",\"isPartOf\":{\"@id\":\"https:\\\/\\\/projetoslayerup.com.br\\\/smeducacao\\\/marketing-educacional-na-sua-escola-2\\\/\"},\"author\":{\"name\":\"SM Educa\u00e7\u00e3o\",\"@id\":\"https:\\\/\\\/projetoslayerup.com.br\\\/smeducacao\\\/#\\\/schema\\\/person\\\/45d7d41388698d0f902ff276caab47f5\"},\"headline\":\"A import\u00e2ncia do marketing educacional para a escola\",\"datePublished\":\"2021-06-11T14:03:37+00:00\",\"mainEntityOfPage\":{\"@id\":\"https:\\\/\\\/projetoslayerup.com.br\\\/smeducacao\\\/marketing-educacional-na-sua-escola-2\\\/\"},\"wordCount\":857,\"commentCount\":0,\"image\":{\"@id\":\"https:\\\/\\\/projetoslayerup.com.br\\\/smeducacao\\\/marketing-educacional-na-sua-escola-2\\\/#primaryimage\"},\"thumbnailUrl\":\"https:\\\/\\\/projetoslayerup.com.br\\\/smeducacao\\\/wp-content\\\/uploads\\\/2021\\\/06\\\/739wFAOD.png\",\"articleSection\":[\"Gest\u00e3o e coordena\u00e7\u00e3o\",\"Solu\u00e7\u00f5es educacionais\",\"Tend\u00eancias na educa\u00e7\u00e3o\"],\"inLanguage\":\"pt-BR\",\"potentialAction\":[{\"@type\":\"CommentAction\",\"name\":\"Comment\",\"target\":[\"https:\\\/\\\/projetoslayerup.com.br\\\/smeducacao\\\/marketing-educacional-na-sua-escola-2\\\/#respond\"]}]},{\"@type\":\"WebPage\",\"@id\":\"https:\\\/\\\/projetoslayerup.com.br\\\/smeducacao\\\/marketing-educacional-na-sua-escola-2\\\/\",\"url\":\"https:\\\/\\\/projetoslayerup.com.br\\\/smeducacao\\\/marketing-educacional-na-sua-escola-2\\\/\",\"name\":\"A import\u00e2ncia do marketing educacional para a escola - SM Educa\u00e7\u00e3o - Juntos cuidamos da educa\u00e7\u00e3o!\",\"isPartOf\":{\"@id\":\"https:\\\/\\\/projetoslayerup.com.br\\\/smeducacao\\\/#website\"},\"primaryImageOfPage\":{\"@id\":\"https:\\\/\\\/projetoslayerup.com.br\\\/smeducacao\\\/marketing-educacional-na-sua-escola-2\\\/#primaryimage\"},\"image\":{\"@id\":\"https:\\\/\\\/projetoslayerup.com.br\\\/smeducacao\\\/marketing-educacional-na-sua-escola-2\\\/#primaryimage\"},\"thumbnailUrl\":\"https:\\\/\\\/projetoslayerup.com.br\\\/smeducacao\\\/wp-content\\\/uploads\\\/2021\\\/06\\\/739wFAOD.png\",\"datePublished\":\"2021-06-11T14:03:37+00:00\",\"author\":{\"@id\":\"https:\\\/\\\/projetoslayerup.com.br\\\/smeducacao\\\/#\\\/schema\\\/person\\\/45d7d41388698d0f902ff276caab47f5\"},\"description\":\"O marketing educacional \u00e9 um caminho indispens\u00e1vel para que a sua escola ganhe e retenha matr\u00edculas com qualidade. Acesse e entenda!\",\"breadcrumb\":{\"@id\":\"https:\\\/\\\/projetoslayerup.com.br\\\/smeducacao\\\/marketing-educacional-na-sua-escola-2\\\/#breadcrumb\"},\"inLanguage\":\"pt-BR\",\"potentialAction\":[{\"@type\":\"ReadAction\",\"target\":[\"https:\\\/\\\/projetoslayerup.com.br\\\/smeducacao\\\/marketing-educacional-na-sua-escola-2\\\/\"]}]},{\"@type\":\"ImageObject\",\"inLanguage\":\"pt-BR\",\"@id\":\"https:\\\/\\\/projetoslayerup.com.br\\\/smeducacao\\\/marketing-educacional-na-sua-escola-2\\\/#primaryimage\",\"url\":\"https:\\\/\\\/projetoslayerup.com.br\\\/smeducacao\\\/wp-content\\\/uploads\\\/2021\\\/06\\\/739wFAOD.png\",\"contentUrl\":\"https:\\\/\\\/projetoslayerup.com.br\\\/smeducacao\\\/wp-content\\\/uploads\\\/2021\\\/06\\\/739wFAOD.png\",\"width\":1920,\"height\":1080,\"caption\":\"Marketing educacional\"},{\"@type\":\"BreadcrumbList\",\"@id\":\"https:\\\/\\\/projetoslayerup.com.br\\\/smeducacao\\\/marketing-educacional-na-sua-escola-2\\\/#breadcrumb\",\"itemListElement\":[{\"@type\":\"ListItem\",\"position\":1,\"name\":\"In\u00edcio\",\"item\":\"https:\\\/\\\/projetoslayerup.com.br\\\/smeducacao\\\/\"},{\"@type\":\"ListItem\",\"position\":2,\"name\":\"A import\u00e2ncia do marketing educacional para a escola\"}]},{\"@type\":\"WebSite\",\"@id\":\"https:\\\/\\\/projetoslayerup.com.br\\\/smeducacao\\\/#website\",\"url\":\"https:\\\/\\\/projetoslayerup.com.br\\\/smeducacao\\\/\",\"name\":\"SM Educa\u00e7\u00e3o - Juntos cuidamos da educa\u00e7\u00e3o!\",\"description\":\"Transformamos a educa\u00e7\u00e3o por meio de solu\u00e7\u00f5es digitais, solu\u00e7\u00f5es did\u00e1ticas para uma aprendizagem personalizada e solu\u00e7\u00f5es estrat\u00e9gicas eficientes. Juntos cuidamos da Educa\u00e7\u00e3o!\",\"potentialAction\":[{\"@type\":\"SearchAction\",\"target\":{\"@type\":\"EntryPoint\",\"urlTemplate\":\"https:\\\/\\\/projetoslayerup.com.br\\\/smeducacao\\\/?s={search_term_string}\"},\"query-input\":{\"@type\":\"PropertyValueSpecification\",\"valueRequired\":true,\"valueName\":\"search_term_string\"}}],\"inLanguage\":\"pt-BR\"},{\"@type\":\"Person\",\"@id\":\"https:\\\/\\\/projetoslayerup.com.br\\\/smeducacao\\\/#\\\/schema\\\/person\\\/45d7d41388698d0f902ff276caab47f5\",\"name\":\"SM Educa\u00e7\u00e3o\",\"image\":{\"@type\":\"ImageObject\",\"inLanguage\":\"pt-BR\",\"@id\":\"https:\\\/\\\/secure.gravatar.com\\\/avatar\\\/24327468bc2a6fb95889620b4158620d90c5e352f7a18c30af0e3f8cb70bc104?s=96&d=mm&r=g\",\"url\":\"https:\\\/\\\/secure.gravatar.com\\\/avatar\\\/24327468bc2a6fb95889620b4158620d90c5e352f7a18c30af0e3f8cb70bc104?s=96&d=mm&r=g\",\"contentUrl\":\"https:\\\/\\\/secure.gravatar.com\\\/avatar\\\/24327468bc2a6fb95889620b4158620d90c5e352f7a18c30af0e3f8cb70bc104?s=96&d=mm&r=g\",\"caption\":\"SM Educa\u00e7\u00e3o\"},\"url\":\"https:\\\/\\\/projetoslayerup.com.br\\\/smeducacao\\\/author\\\/smeducacao2021\\\/\"}]}<\/script>\n<!-- \/ Yoast SEO plugin. -->","yoast_head_json":{"title":"A import\u00e2ncia do marketing educacional para a escola - SM Educa\u00e7\u00e3o - Juntos cuidamos da educa\u00e7\u00e3o!","description":"O marketing educacional \u00e9 um caminho indispens\u00e1vel para que a sua escola ganhe e retenha matr\u00edculas com qualidade. Acesse e entenda!","robots":{"index":"noindex","follow":"follow","max-snippet":"max-snippet:-1","max-image-preview":"max-image-preview:large","max-video-preview":"max-video-preview:-1"},"og_locale":"pt_BR","og_type":"article","og_title":"A import\u00e2ncia do marketing educacional para a escola - SM Educa\u00e7\u00e3o - Juntos cuidamos da educa\u00e7\u00e3o!","og_description":"O marketing educacional \u00e9 um caminho indispens\u00e1vel para que a sua escola ganhe e retenha matr\u00edculas com qualidade. Acesse e entenda!","og_url":"https:\/\/projetoslayerup.com.br\/smeducacao\/marketing-educacional-na-sua-escola-2\/","og_site_name":"SM Educa\u00e7\u00e3o - Juntos cuidamos da educa\u00e7\u00e3o!","article_published_time":"2021-06-11T14:03:37+00:00","og_image":[{"width":1920,"height":1080,"url":"https:\/\/projetoslayerup.com.br\/smeducacao\/wp-content\/uploads\/2021\/06\/739wFAOD.png","type":"image\/png"}],"author":"SM Educa\u00e7\u00e3o","twitter_card":"summary_large_image","twitter_misc":{"Escrito por":"SM Educa\u00e7\u00e3o","Est. tempo de leitura":"5 minutos"},"schema":{"@context":"https:\/\/schema.org","@graph":[{"@type":"Article","@id":"https:\/\/projetoslayerup.com.br\/smeducacao\/marketing-educacional-na-sua-escola-2\/#article","isPartOf":{"@id":"https:\/\/projetoslayerup.com.br\/smeducacao\/marketing-educacional-na-sua-escola-2\/"},"author":{"name":"SM Educa\u00e7\u00e3o","@id":"https:\/\/projetoslayerup.com.br\/smeducacao\/#\/schema\/person\/45d7d41388698d0f902ff276caab47f5"},"headline":"A import\u00e2ncia do marketing educacional para a escola","datePublished":"2021-06-11T14:03:37+00:00","mainEntityOfPage":{"@id":"https:\/\/projetoslayerup.com.br\/smeducacao\/marketing-educacional-na-sua-escola-2\/"},"wordCount":857,"commentCount":0,"image":{"@id":"https:\/\/projetoslayerup.com.br\/smeducacao\/marketing-educacional-na-sua-escola-2\/#primaryimage"},"thumbnailUrl":"https:\/\/projetoslayerup.com.br\/smeducacao\/wp-content\/uploads\/2021\/06\/739wFAOD.png","articleSection":["Gest\u00e3o e coordena\u00e7\u00e3o","Solu\u00e7\u00f5es educacionais","Tend\u00eancias na educa\u00e7\u00e3o"],"inLanguage":"pt-BR","potentialAction":[{"@type":"CommentAction","name":"Comment","target":["https:\/\/projetoslayerup.com.br\/smeducacao\/marketing-educacional-na-sua-escola-2\/#respond"]}]},{"@type":"WebPage","@id":"https:\/\/projetoslayerup.com.br\/smeducacao\/marketing-educacional-na-sua-escola-2\/","url":"https:\/\/projetoslayerup.com.br\/smeducacao\/marketing-educacional-na-sua-escola-2\/","name":"A import\u00e2ncia do marketing educacional para a escola - SM Educa\u00e7\u00e3o - Juntos cuidamos da educa\u00e7\u00e3o!","isPartOf":{"@id":"https:\/\/projetoslayerup.com.br\/smeducacao\/#website"},"primaryImageOfPage":{"@id":"https:\/\/projetoslayerup.com.br\/smeducacao\/marketing-educacional-na-sua-escola-2\/#primaryimage"},"image":{"@id":"https:\/\/projetoslayerup.com.br\/smeducacao\/marketing-educacional-na-sua-escola-2\/#primaryimage"},"thumbnailUrl":"https:\/\/projetoslayerup.com.br\/smeducacao\/wp-content\/uploads\/2021\/06\/739wFAOD.png","datePublished":"2021-06-11T14:03:37+00:00","author":{"@id":"https:\/\/projetoslayerup.com.br\/smeducacao\/#\/schema\/person\/45d7d41388698d0f902ff276caab47f5"},"description":"O marketing educacional \u00e9 um caminho indispens\u00e1vel para que a sua escola ganhe e retenha matr\u00edculas com qualidade. Acesse e entenda!","breadcrumb":{"@id":"https:\/\/projetoslayerup.com.br\/smeducacao\/marketing-educacional-na-sua-escola-2\/#breadcrumb"},"inLanguage":"pt-BR","potentialAction":[{"@type":"ReadAction","target":["https:\/\/projetoslayerup.com.br\/smeducacao\/marketing-educacional-na-sua-escola-2\/"]}]},{"@type":"ImageObject","inLanguage":"pt-BR","@id":"https:\/\/projetoslayerup.com.br\/smeducacao\/marketing-educacional-na-sua-escola-2\/#primaryimage","url":"https:\/\/projetoslayerup.com.br\/smeducacao\/wp-content\/uploads\/2021\/06\/739wFAOD.png","contentUrl":"https:\/\/projetoslayerup.com.br\/smeducacao\/wp-content\/uploads\/2021\/06\/739wFAOD.png","width":1920,"height":1080,"caption":"Marketing educacional"},{"@type":"BreadcrumbList","@id":"https:\/\/projetoslayerup.com.br\/smeducacao\/marketing-educacional-na-sua-escola-2\/#breadcrumb","itemListElement":[{"@type":"ListItem","position":1,"name":"In\u00edcio","item":"https:\/\/projetoslayerup.com.br\/smeducacao\/"},{"@type":"ListItem","position":2,"name":"A import\u00e2ncia do marketing educacional para a escola"}]},{"@type":"WebSite","@id":"https:\/\/projetoslayerup.com.br\/smeducacao\/#website","url":"https:\/\/projetoslayerup.com.br\/smeducacao\/","name":"SM Educa\u00e7\u00e3o - Juntos cuidamos da educa\u00e7\u00e3o!","description":"Transformamos a educa\u00e7\u00e3o por meio de solu\u00e7\u00f5es digitais, solu\u00e7\u00f5es did\u00e1ticas para uma aprendizagem personalizada e solu\u00e7\u00f5es estrat\u00e9gicas eficientes. Juntos cuidamos da Educa\u00e7\u00e3o!","potentialAction":[{"@type":"SearchAction","target":{"@type":"EntryPoint","urlTemplate":"https:\/\/projetoslayerup.com.br\/smeducacao\/?s={search_term_string}"},"query-input":{"@type":"PropertyValueSpecification","valueRequired":true,"valueName":"search_term_string"}}],"inLanguage":"pt-BR"},{"@type":"Person","@id":"https:\/\/projetoslayerup.com.br\/smeducacao\/#\/schema\/person\/45d7d41388698d0f902ff276caab47f5","name":"SM Educa\u00e7\u00e3o","image":{"@type":"ImageObject","inLanguage":"pt-BR","@id":"https:\/\/secure.gravatar.com\/avatar\/24327468bc2a6fb95889620b4158620d90c5e352f7a18c30af0e3f8cb70bc104?s=96&d=mm&r=g","url":"https:\/\/secure.gravatar.com\/avatar\/24327468bc2a6fb95889620b4158620d90c5e352f7a18c30af0e3f8cb70bc104?s=96&d=mm&r=g","contentUrl":"https:\/\/secure.gravatar.com\/avatar\/24327468bc2a6fb95889620b4158620d90c5e352f7a18c30af0e3f8cb70bc104?s=96&d=mm&r=g","caption":"SM Educa\u00e7\u00e3o"},"url":"https:\/\/projetoslayerup.com.br\/smeducacao\/author\/smeducacao2021\/"}]}},"_links":{"self":[{"href":"https:\/\/projetoslayerup.com.br\/smeducacao\/wp-json\/wp\/v2\/posts\/289","targetHints":{"allow":["GET"]}}],"collection":[{"href":"https:\/\/projetoslayerup.com.br\/smeducacao\/wp-json\/wp\/v2\/posts"}],"about":[{"href":"https:\/\/projetoslayerup.com.br\/smeducacao\/wp-json\/wp\/v2\/types\/post"}],"author":[{"embeddable":true,"href":"https:\/\/projetoslayerup.com.br\/smeducacao\/wp-json\/wp\/v2\/users\/2"}],"replies":[{"embeddable":true,"href":"https:\/\/projetoslayerup.com.br\/smeducacao\/wp-json\/wp\/v2\/comments?post=289"}],"version-history":[{"count":0,"href":"https:\/\/projetoslayerup.com.br\/smeducacao\/wp-json\/wp\/v2\/posts\/289\/revisions"}],"wp:featuredmedia":[{"embeddable":true,"href":"https:\/\/projetoslayerup.com.br\/smeducacao\/wp-json\/wp\/v2\/media\/5194"}],"wp:attachment":[{"href":"https:\/\/projetoslayerup.com.br\/smeducacao\/wp-json\/wp\/v2\/media?parent=289"}],"wp:term":[{"taxonomy":"category","embeddable":true,"href":"https:\/\/projetoslayerup.com.br\/smeducacao\/wp-json\/wp\/v2\/categories?post=289"},{"taxonomy":"post_tag","embeddable":true,"href":"https:\/\/projetoslayerup.com.br\/smeducacao\/wp-json\/wp\/v2\/tags?post=289"},{"taxonomy":"blog_nivel_escolar","embeddable":true,"href":"https:\/\/projetoslayerup.com.br\/smeducacao\/wp-json\/wp\/v2\/blog_nivel_escolar?post=289"},{"taxonomy":"blog_segmento_escolar","embeddable":true,"href":"https:\/\/projetoslayerup.com.br\/smeducacao\/wp-json\/wp\/v2\/blog_segmento_escolar?post=289"}],"curies":[{"name":"wp","href":"https:\/\/api.w.org\/{rel}","templated":true}]}}