{"id":295,"date":"2021-06-11T11:05:23","date_gmt":"2021-06-11T14:05:23","guid":{"rendered":"https:\/\/www.smeducacao.com.br\/\/?p=295"},"modified":"2021-06-11T11:05:23","modified_gmt":"2021-06-11T14:05:23","slug":"pnld-literario-literatura-com-sm-educacao-2","status":"publish","type":"post","link":"https:\/\/projetoslayerup.com.br\/smeducacao\/pnld-literario-literatura-com-sm-educacao-2\/","title":{"rendered":"PNLD Liter\u00e1rio 2020: confira a lista de obras aprovadas"},"content":{"rendered":"\n<p class=\"wp-block-paragraph\">Todos n\u00f3s sabemos os benef\u00edcios do h\u00e1bito de leitura, e \u00e9 por isso que o <strong>PNLD Liter\u00e1rio<\/strong> \u00e9 um programa t\u00e3o importante para as escolas.<\/p>\n\n\n\n<p class=\"wp-block-paragraph\">O Programa Nacional do Livro Did\u00e1tico\/PNLD Liter\u00e1rio tem como objetivo aumentar o acesso ao livro de literatura e enriquecer os acervos das escolas para que os alunos tenham cada vez mais <a href=\"https:\/\/projetoslayerup.com.br\/smeducacao\/pnld-2022-educacao-infantil-11-melhores-obras-literarias-para-escolher-no-objeto-2\/\" target=\"_blank\" rel=\"noopener\"><strong>obras de qualidade<\/strong><\/a> \u00e0 sua disposi\u00e7\u00e3o.<\/p>\n\n\n\n<p class=\"wp-block-paragraph\">Sobretudo, o programa busca apoiar o<strong> desenvolvimento integral dos alunos<\/strong> por meio da leitura, uma vez que este h\u00e1bito enriquecedor e atemporal d\u00e1 ao jovem leitor a oportunidade de ampliar o autoconhecimento e sua vis\u00e3o da realidade, dentro e fora da sala de aula.\u00a0<\/p>\n\n\n\n<p class=\"wp-block-paragraph\">Al\u00e9m disso, o programa \u00e9 voltado para a escolha dos livros para estudantes do 6\u00ba ao 9\u00ba ano do Ensino Fundamental, e \u00e9 dividido em duas categorias:\u00a0<\/p>\n\n\n\n<ul class=\"wp-block-list\">\n<li><strong>Categoria 1: EF2 <\/strong>\u2013 livros para os estudantes do 6\u00ba e 7\u00ba ano do Ensino Fundamental;<\/li>\n<li><strong>Categoria 2: EF2<\/strong> \u2013 livros para os estudantes do 8\u00ba e 9\u00ba anos do Ensino Fundamental.<\/li>\n<\/ul>\n\n\n\n<p class=\"wp-block-paragraph\">Desta forma, por meio do PNLD Liter\u00e1rio, as escolas t\u00eam a chance de selecionar obras liter\u00e1rias diversificadas e de qualidade para serem trabalhadas com os alunos durante todo o ano letivo.<\/p>\n\n\n\n<p class=\"wp-block-paragraph\">Conhe\u00e7a as obras aprovadas da SM Educa\u00e7\u00e3o para o PNLD Liter\u00e1rio 2020.<\/p>\n\n\n\n<h2 class=\"wp-block-heading\">Obras aprovadas para o PNLD Liter\u00e1rio<\/h2>\n\n\n\n<p class=\"wp-block-paragraph\">Antes de mais nada, \u00e9 importante lembrar que, Para 2020, o PNLD Liter\u00e1rio est\u00e1 dividido em duas categorias: EF1 e EF2. Dentre as tem\u00e1ticas que poder\u00e3o ser abordadas est\u00e3o:\u00a0<\/p>\n\n\n\n<ul class=\"wp-block-list\">\n<li>Sociedade, pol\u00edtica e cidadania<\/li>\n<li>Di\u00e1logos com a hist\u00f3ria e a filosofia<\/li>\n<li>Encontros com a diferen\u00e7a<\/li>\n<li>Fam\u00edlia, amigos e escola<\/li>\n<li>Aventura, mist\u00e9rio e fantasia<\/li>\n<li>O mundo natural e social<\/li>\n<li>Autoconhecimento, sentimentos e emo\u00e7\u00f5es<\/li>\n<\/ul>\n\n\n\n<p class=\"wp-block-paragraph\">A SM Educa\u00e7\u00e3o participa do programa com seis editoras, veja quais s\u00e3o e conhe\u00e7a suas obras aprovadas.<\/p>\n\n\n\n<h3 class=\"wp-block-heading\"><br \/>Editora Anzol<\/h3>\n\n\n\n<p class=\"wp-block-paragraph\"><strong>Deslumbres e assombros<\/strong><\/p>\n\n\n\n<p class=\"wp-block-paragraph\">Nessa narrativa, uma garota curiosa se aventura por reinos inimagin\u00e1veis! Uma jornada de autoconhecimento, na qual afloram sentimentos e emo\u00e7\u00f5es. Os elementos fant\u00e1sticos, criados pelo autor Lucas M. Carvalho, t\u00eam tudo para cativar os leitores. A obra, ilustrada por Rafa Anton, \u00e9 indicada para alunos de 6\u00ba e 7\u00ba anos do Ensino Fundamental.\u00a0<\/p>\n\n\n\n<div class=\"wp-block-image\">\n<figure class=\"aligncenter\"><a href=\"https:\/\/pnld2020.smeducacao.com.br\/pnldliterario-Deslumbres-e-Assombros_Literatura\"><img decoding=\"async\" class=\"wp-image-1231\" src=\"https:\/\/www.aeducacaonosmove.com.br\/wp-content\/uploads\/2020\/09\/1.jpeg\" alt=\"livro-deslumbres-assombros\" \/><\/a><\/figure>\n<\/div>\n\n\n\n<p class=\"wp-block-paragraph\">&nbsp;<\/p>\n\n\n\n<p class=\"wp-block-paragraph\"><strong>Por fora bela viola<\/strong><\/p>\n\n\n\n<p class=\"wp-block-paragraph\">Aprender a lidar com as diferen\u00e7as e a valorizar\u00a0a diversidade cultural s\u00e3o aspectos muito importantes na forma\u00e7\u00e3o dos estudantes. Nessa obra, escrita e ilustrada por Mauricio Negro, f\u00e1bulas e anedotas\u00a0da tradi\u00e7\u00e3o popular \u00edtalo-brasileira s\u00e3o recontadas com base nas lembran\u00e7as de av\u00f4 do autor. Repleto de elementos como ironia e humor, o livro tem tudo para agradar os alunos dos 6\u00ba e 7\u00ba anos do Ensino Fundamental.\u00a0<\/p>\n\n\n\n<div class=\"wp-block-image\">\n<figure class=\"aligncenter\"><a href=\"https:\/\/pnld2020.smeducacao.com.br\/pnldliterario-Por-fora-bela-viola_Literatura\"><img decoding=\"async\" class=\"wp-image-1232\" src=\"https:\/\/www.aeducacaonosmove.com.br\/wp-content\/uploads\/2020\/09\/1-1.jpeg\" alt=\"pnld-literario-viola\" \/><\/a><\/figure>\n<\/div>\n\n\n\n<p class=\"wp-block-paragraph\"><strong>A cabeleira de Berenice<\/strong><\/p>\n\n\n\n<p class=\"wp-block-paragraph\">Tamb\u00e9m indicada para alunos de 6\u00ba e 7\u00ba anos do Ensino Fundamental, a obra escrita por Leusa Araujo e ilustrada por S\u00f4nia Magalh\u00e3es conta a hist\u00f3ria de uma menina ruiva, que adora escrever poemas e cartas, pondo em destaque quest\u00f5es ligadas ao bullying, entre outros temas relevantes relacionados \u00e0 fam\u00edlia, aos amigos e \u00e0 escola.\u00a0<\/p>\n\n\n\n<div class=\"wp-block-image\">\n<figure class=\"aligncenter\"><a href=\"https:\/\/pnld2020.smeducacao.com.br\/pnldliterario-A-cabeleira-de-Berenice_Literatura\"><img decoding=\"async\" class=\"wp-image-1233\" src=\"https:\/\/www.aeducacaonosmove.com.br\/wp-content\/uploads\/2020\/09\/1-2.jpeg\" alt=\"pnld-literario-cabeleira\" \/><\/a><\/figure>\n<\/div>\n\n\n\n<h3 class=\"wp-block-heading\">Editora Moitar\u00e1<\/h3>\n\n\n\n<p class=\"wp-block-paragraph\"><strong>Os Futebol\u00edssimos: o mist\u00e9rio dos \u00e1rbitros adormecidos<\/strong><\/p>\n\n\n\n<p class=\"wp-block-paragraph\">Ao abordar temas como fam\u00edlia, amigos e escola de maneira divertida, em torno de um time misto de futebol,\u00a0 o autor Roberto Santiago e o ilustrador Enrique Lorenzo envolvem os leitores em uma narrativa cheia de aventura, mist\u00e9rio e fantasia, construindo uma obra encantadora para os alunos de 6\u00ba e 7\u00ba anos do Ensino Fundamental.\u00a0<\/p>\n\n\n\n<div class=\"wp-block-image\">\n<figure class=\"aligncenter\"><a href=\"https:\/\/pnld2020.smeducacao.com.br\/pnldliterario-Os-Futebolissimos-o-misterio-dos-arbitros-adormecidos_Literatura\" target=\"_blank\" rel=\"noreferrer noopener\"><img decoding=\"async\" class=\"wp-image-1234\" src=\"https:\/\/www.aeducacaonosmove.com.br\/wp-content\/uploads\/2020\/09\/1-3.jpeg\" alt=\"pnld-literario-futebolissimos\" \/><\/a><\/figure>\n<\/div>\n\n\n\n<p class=\"wp-block-paragraph\"><strong>Prezado Ronaldo<\/strong><\/p>\n\n\n\n<p class=\"wp-block-paragraph\">A obra, escrita por Fl\u00e1vio Carneiro e ilustrada por Daniel Bueno, tem como protagonista um garoto apaixonado por leitura e futebol, al\u00e9m de ser um grande escritor de cartas! Por dar \u00eanfase \u00e0 busca por autoconhecimento, sentimentos e emo\u00e7\u00f5es,\u00a0 essa narrativa juvenil tem potencial para gerar identifica\u00e7\u00e3o nos alunos dos 6\u00ba e 7\u00ba anos do Ensino Fundamental.\u00a0<\/p>\n\n\n\n<div class=\"wp-block-image\">\n<figure class=\"aligncenter\"><a href=\"https:\/\/pnld2020.smeducacao.com.br\/pnldliterario-Prezado-Ronaldo_Literatura\" target=\"_blank\" rel=\"noreferrer noopener\"><img decoding=\"async\" class=\"wp-image-1235\" src=\"https:\/\/www.aeducacaonosmove.com.br\/wp-content\/uploads\/2020\/09\/1-4.jpeg\" alt=\"obra-prezado-ronaldo\" \/><\/a><\/figure>\n<\/div>\n\n\n\n<p class=\"wp-block-paragraph\"><strong>Nenhum peixe aonde ir<\/strong><\/p>\n\n\n\n<p class=\"wp-block-paragraph\">Indicado para alunos de 8\u00ba e 9\u00ba anos do Ensino Fundamental, esse po\u00e9tico conto de Marie-Francine H\u00e9bert, ricamente ilustrado por Janice Nadeau, aborda os temas da viol\u00eancia da guerra e do ex\u00edlio, em um delicado di\u00e1logo com aspectos da hist\u00f3ria e da filosofia, bem como com\u00a0 quest\u00f5es ligadas \u00e0 sociedade, pol\u00edtica e cidadania.\u00a0<\/p>\n\n\n\n<div class=\"wp-block-image\">\n<figure class=\"aligncenter\"><a href=\"https:\/\/pnld2020.smeducacao.com.br\/pnldliterario-Nenhum-peixe-aonde-ir_Literatura\" target=\"_blank\" rel=\"noreferrer noopener\"><img decoding=\"async\" class=\"wp-image-1236\" src=\"https:\/\/www.aeducacaonosmove.com.br\/wp-content\/uploads\/2020\/09\/1-5.jpeg\" alt=\"pnld-literario-peixe\" \/><\/a><\/figure>\n<\/div>\n\n\n\n<h3 class=\"wp-block-heading\"><br \/>Editora Rodopio<\/h3>\n\n\n\n<p class=\"wp-block-paragraph\"><strong>Furos<\/strong><\/p>\n\n\n\n<p class=\"wp-block-paragraph\">Indicado para alunos de 6\u00ba e 7\u00ba anos do Ensino Fundamental I, esse livro de imagens, escrito por C\u00e9cile Bergame e ilustrado por Aude L\u00e9onard, conta a inusitada jornada de um homem pobre e solit\u00e1rio rumo ao autoconhecimento e a descobertas de sentimentos e emo\u00e7\u00f5es. Nesse sentido, utiliza ilustra\u00e7\u00f5es enriquecedoras, que ajudam a dar vida a essa aventura, com um qu\u00ea de mist\u00e9rio e fantasia.\u00a0<\/p>\n\n\n\n<div class=\"wp-block-image\">\n<figure class=\"aligncenter\"><a href=\"https:\/\/pnld2020.smeducacao.com.br\/pnldliterario-Furos_Literatura\"><img decoding=\"async\" class=\"wp-image-1237\" src=\"https:\/\/www.aeducacaonosmove.com.br\/wp-content\/uploads\/2020\/09\/1-6.jpeg\" alt=\"pnld-literario-furos\" \/><\/a><\/figure>\n<\/div>\n\n\n\n<p class=\"wp-block-paragraph\"><strong>Uma noite muito, muito estrelada<\/strong><\/p>\n\n\n\n<p class=\"wp-block-paragraph\">Escrito e ilustrado pelo premiado autor asi\u00e1tico Jimmy Liao, esse livro de imagens trata da solid\u00e3o nas grandes cidades, com sensibilidade e muita arte. Entre os temas abordados est\u00e3o fam\u00edlia, amigos e escola; autoconhecimento, sentimentos e emo\u00e7\u00f5es. A obra faz parte da categoria 1, ou seja, \u00e9 indicada para 6\u00ba e 7\u00ba anos do Ensino Fundamental.\u00a0<\/p>\n\n\n\n<div class=\"wp-block-image\">\n<figure class=\"aligncenter\"><a href=\"https:\/\/pnld2020.smeducacao.com.br\/pnldliterario-Uma-noite-muito-muito-estrelada_Literatura\" target=\"_blank\" rel=\"noreferrer noopener\"><img decoding=\"async\" class=\"wp-image-1238\" src=\"https:\/\/www.aeducacaonosmove.com.br\/wp-content\/uploads\/2020\/09\/1-7.jpeg\" alt=\"pnld-literario-noite-muito-estrelada\" \/><\/a><\/figure>\n<\/div>\n\n\n\n<p class=\"wp-block-paragraph\"><strong>A coisa perdida<\/strong><\/p>\n\n\n\n<p class=\"wp-block-paragraph\">Mais um livro de imagens, desta vez do autor e ilustrador australiano Shaun Tan, reconhecido mundialmente por sua contribui\u00e7\u00e3o \u00e0 literatura infantil. A obra se encontra na categoria 2, ou seja, para alunos de 8\u00ba e 9\u00ba anos do Ensino Fundamental. Dentre os temas abordados, destacam-se sociedade, pol\u00edtica e cidadania, al\u00e9m de\u00a0 encontros com a diferen\u00e7a.\u00a0<\/p>\n\n\n\n<div class=\"wp-block-image\">\n<figure class=\"aligncenter\"><a href=\"https:\/\/pnld2020.smeducacao.com.br\/pnldliterario-A-coisa-perdida_Literatura\"><img decoding=\"async\" class=\"wp-image-1239\" src=\"https:\/\/www.aeducacaonosmove.com.br\/wp-content\/uploads\/2020\/09\/1-8.jpeg\" alt=\"pnld-literario-coisa-perdida\" \/><\/a><\/figure>\n<\/div>\n\n\n\n<h3 class=\"wp-block-heading\">Comboio de Corda<\/h3>\n\n\n\n<p class=\"wp-block-paragraph\"><strong>Lola e Ervilha<\/strong><\/p>\n\n\n\n<p class=\"wp-block-paragraph\">Escrito por Annette Mierswa e traduzido por Claudia Abeling, o delicado romance Lola e Ervilha tem como protagonista\u00a0 a menina Lola, que mora com sua m\u00e3e no barco Ervilha. Desde o desaparecimento do pai, ela se recusa a crescer e vive no mundo da fantasia. A obra tem como temas principais o autoconhecimento, os sentimentos, as emo\u00e7\u00f5es, bem como a rela\u00e7\u00e3o com fam\u00edlia, amigos e escola. Est\u00e1 na categoria 1 (6\u00ba e 7\u00ba anos do Ensino Fundamental).\u00a0<\/p>\n\n\n\n<div class=\"wp-block-image\">\n<figure class=\"aligncenter\"><a href=\"https:\/\/pnld2020.smeducacao.com.br\/pnldliterario-Lola-e-Ervilha_Literatura\" target=\"_blank\" rel=\"noreferrer noopener\"><img decoding=\"async\" class=\"wp-image-1240\" src=\"https:\/\/www.aeducacaonosmove.com.br\/wp-content\/uploads\/2020\/09\/1-9.jpeg\" alt=\"obra-lola-e-ervilha\" \/><\/a><\/figure>\n<\/div>\n\n\n\n<p class=\"wp-block-paragraph\"><strong>Andarilhas<\/strong><\/p>\n\n\n\n<p class=\"wp-block-paragraph\">Tr\u00eas adolescentes em tr\u00e2nsito ouvem tr\u00eas hist\u00f3rias da tradi\u00e7\u00e3o oral: uma budista, uma \u00e1rabe e uma cigana, que s\u00e3o recontadas em um cen\u00e1rio urbano e contempor\u00e2neo. Indicada para os alunos de 6\u00ba e 7\u00ba anos do Ensino Fundamental, a obra de Heloisa Prieto ressalta a import\u00e2ncia dos encontros com a diferen\u00e7a.\u00a0<\/p>\n\n\n\n<div class=\"wp-block-image\">\n<figure class=\"aligncenter\"><a href=\"https:\/\/pnld2020.smeducacao.com.br\/pnldliterario-Andarilhas_Literatura\"><img decoding=\"async\" class=\"wp-image-1241\" src=\"https:\/\/www.aeducacaonosmove.com.br\/wp-content\/uploads\/2020\/09\/1-10.jpeg\" alt=\"pnld-literario-andarilhas\" \/><\/a><\/figure>\n<\/div>\n\n\n\n<p class=\"wp-block-paragraph\"><strong>Um escritor na capela<\/strong><\/p>\n\n\n\n<p class=\"wp-block-paragraph\">O livro escrito e ricamente ilustrado pelo premiado autor e ilustrador Nelson Cruz \u00e9 baseado em Mem\u00f3rias do c\u00e1rcere e revisita a fase final de confinamento de Graciliano Ramos na Casa de Corre\u00e7\u00e3o, quando ele ficou preso junto com outras personalidades como a comunista Olga Ben\u00e1rio, mulher de Lu\u00eds Carlos Prestes. Dessa forma, a obra, que est\u00e1 enquadrada no tema di\u00e1logos com a hist\u00f3ria e filosofia, \u00e9 indicada para a categoria 2 (8\u00ba e 9\u00ba anos do Ensino Fundamental).\u00a0<\/p>\n\n\n\n<div class=\"wp-block-image\">\n<figure class=\"aligncenter\"><a href=\"https:\/\/pnld2020.smeducacao.com.br\/pnldliterario-Um-escritor-na-capela_Literatura\"><img decoding=\"async\" class=\"wp-image-1253\" src=\"https:\/\/www.aeducacaonosmove.com.br\/wp-content\/uploads\/2020\/09\/1-18.jpeg\" alt=\"pnld-literario-um-escritor-na-capela\" \/><\/a><\/figure>\n<\/div>\n\n\n\n<h3 class=\"wp-block-heading\"><br \/>Editora Timb\u00f3<\/h3>\n\n\n\n<p class=\"wp-block-paragraph\"><strong>O menino que caiu no buraco<\/strong><\/p>\n\n\n\n<p class=\"wp-block-paragraph\">O livro de Ivan Jaf ilustra as dificuldades emocionais e financeiras vividas por um menino de 13 anos que, por acidente, se v\u00ea obrigado a lidar sozinho com seus medos! A obra apresenta tem\u00e1ticas ligadas ao autoconhecimento, sentimentos e emo\u00e7\u00f5es; bem como aborda aspectos ligados a\u00a0 fam\u00edlia, amigos e escola.\u00a0<\/p>\n\n\n\n<div class=\"wp-block-image\">\n<figure class=\"aligncenter\"><a href=\"https:\/\/pnld2020.smeducacao.com.br\/pnldliterario-O-menino-que-caiu-no-buraco_Literatura\"><img decoding=\"async\" class=\"wp-image-1243\" src=\"https:\/\/www.aeducacaonosmove.com.br\/wp-content\/uploads\/2020\/09\/1-12.jpeg\" alt=\"obra-menino-caiu-no-buraco\" \/><\/a><\/figure>\n<\/div>\n\n\n\n<p class=\"wp-block-paragraph\"><strong>Os livros de Sayuri<\/strong><\/p>\n\n\n\n<p class=\"wp-block-paragraph\">A obra da premiada autora e ilustradora nipo-brasileira L\u00facia Hiratsuka se passa no per\u00edodo da Segunda Guerra e apresenta a hist\u00f3ria de uma filha de imigrantes japoneses residentes no Brasil que, mesmo com as escolas fechadas, n\u00e3o desiste do sonho de aprender a ler e escrever. A obra trata de\u00a0 temas como encontros com a diferen\u00e7a, al\u00e9m de outros como autoconhecimento, sentimentos e emo\u00e7\u00f5es.\u00a0<\/p>\n\n\n\n<div class=\"wp-block-image\">\n<figure class=\"aligncenter\"><a href=\"https:\/\/pnld2020.smeducacao.com.br\/pnldliterario-Os-livros-de-Sayuri_Literatura\"><img decoding=\"async\" class=\"wp-image-1244\" src=\"https:\/\/www.aeducacaonosmove.com.br\/wp-content\/uploads\/2020\/09\/1-13.jpeg\" alt=\"obra-os-livros-de-sayuri\" \/><\/a><\/figure>\n<\/div>\n\n\n\n<p class=\"wp-block-paragraph\"><strong>A lenda de Abelardo<\/strong><\/p>\n\n\n\n<p class=\"wp-block-paragraph\">Aventura, mist\u00e9rio e fantasia! Esses s\u00e3o os elementos essenciais da narrativa de Dionisio Jacob sobre um menino de 10 anos que vive com a m\u00e3e em um feudo, em plena Idade M\u00e9dia. Al\u00e9m de acreditar na exist\u00eancia de drag\u00f5es, ele cr\u00ea no retorno do pai, que partiu para as Cruzadas. O livro \u00e9 indicado para os 6\u00ba e 7\u00ba anos do Ensino Fundamental.\u00a0<\/p>\n\n\n\n<div class=\"wp-block-image\">\n<figure class=\"aligncenter\"><a href=\"https:\/\/pnld2020.smeducacao.com.br\/pnldliterario-A-lenda-de-Abelardo_Literatura\" target=\"_blank\" rel=\"noreferrer noopener\"><img decoding=\"async\" class=\"wp-image-1245\" src=\"https:\/\/www.aeducacaonosmove.com.br\/wp-content\/uploads\/2020\/09\/1-14.jpeg\" alt=\"pnld-lenda-de-abelardo\" \/><\/a><\/figure>\n<\/div>\n\n\n\n<h3 class=\"wp-block-heading\">Editora SM no PNLD Liter\u00e1rio<\/h3>\n\n\n\n<p class=\"wp-block-paragraph\"><strong>A guardi\u00e3 dos segredos de fam\u00edlia<\/strong><\/p>\n\n\n\n<p class=\"wp-block-paragraph\">Escrita pela premiada autora Stella Maris Rezende, a obra tem como protagonista uma garota que, com muita resili\u00eancia e afeto, cuida de seus sobrinhos \u00f3rf\u00e3os e protege sua fam\u00edlia. Pelo vi\u00e9s dos sentimentos e emo\u00e7\u00f5es e das rela\u00e7\u00f5es com a fam\u00edlia, amigos e escola, a narrativa convida os alunos de 6\u00ba e 7\u00ba anos do Ensino Fundamental\u00a0 ao processo de autoconhecimento, bem como do reconhecimento do outro.\u00a0<\/p>\n\n\n\n<div class=\"wp-block-image\">\n<figure class=\"aligncenter\"><a href=\"https:\/\/pnld2020.smeducacao.com.br\/pnldliterario-A-guardia-dos-segredos-de-familia_Literatura\"><img decoding=\"async\" class=\"wp-image-1246\" src=\"https:\/\/www.aeducacaonosmove.com.br\/wp-content\/uploads\/2020\/09\/1-15.jpeg\" alt=\"pnld-literario-guardia-dos-segredos-de-familia\" \/><\/a><\/figure>\n<\/div>\n\n\n\n<p class=\"wp-block-paragraph\"><strong>Tempo justo<\/strong><\/p>\n\n\n\n<p class=\"wp-block-paragraph\">O livro do consagrado autor Jo\u00e3o Anzanello Carrascoza re\u00fane 16 contos que prop\u00f5em uma reflex\u00e3o sobre o car\u00e1ter fugaz da vida e o desejo humano de perman\u00eancia. Al\u00e9m disso, de forma delicada e sens\u00edvel, Carrascoza fala de fam\u00edlia, mem\u00f3ria e tempo, em um belo di\u00e1logo com a hist\u00f3ria e com a filosofia. Tempo justo \u00e9 da categoria 2 (8\u00ba e 9\u00ba anos do Ensino Fundamental).\u00a0<\/p>\n\n\n\n<div class=\"wp-block-image\">\n<figure class=\"aligncenter\"><a href=\"https:\/\/pnld2020.smeducacao.com.br\/pnldliterario-Tempo-Justo_Literatura\"><img decoding=\"async\" class=\"wp-image-1247\" src=\"https:\/\/www.aeducacaonosmove.com.br\/wp-content\/uploads\/2020\/09\/1-16.jpeg\" alt=\"pnld-tempo-justo\" \/><\/a><\/figure>\n<\/div>\n\n\n\n<p class=\"wp-block-paragraph\">Agora que voc\u00ea j\u00e1 conhece nossas obras aprovadas no PNLD Liter\u00e1rio 2020, <a href=\"http:\/\/pnld2020.smeducacao.com.br\/\" target=\"_blank\" rel=\"noreferrer noopener\"><strong>acesse nosso site<\/strong><\/a> e tenha acesso aos livros na \u00edntegra para te ajudar na escolha das melhores obras para a sua institui\u00e7\u00e3o.\u00a0<\/p>\n\n\n\n<div class=\"wp-block-image\">\n<figure class=\"aligncenter\"><a href=\"https:\/\/materiais.smbrasil.com.br\/ecossistema-educamos?utm_medium=social&amp;utm_source=instagram&amp;utm_campaign=ecossistema-educamos&amp;utm_term=trafego&amp;utm_content=storie\" target=\"_blank\" rel=\"noreferrer noopener\"><img decoding=\"async\" class=\"wp-image-1248\" src=\"https:\/\/www.aeducacaonosmove.com.br\/wp-content\/uploads\/2020\/09\/1.png\" alt=\"obras-pnld-literario\" \/><\/a><\/figure>\n<\/div>\n\n\n\n<p class=\"wp-block-paragraph\">&nbsp;<\/p>\n","protected":false},"excerpt":{"rendered":"<p>Todos n\u00f3s sabemos os benef\u00edcios do h\u00e1bito de leitura, e \u00e9 por isso que o PNLD Liter\u00e1rio \u00e9 um programa t\u00e3o importante para as escolas. O Programa Nacional do Livro Did\u00e1tico\/PNLD Liter\u00e1rio tem como objetivo aumentar o acesso ao livro de literatura e enriquecer os acervos das escolas para que os alunos tenham cada vez [&hellip;]<\/p>\n","protected":false},"author":2,"featured_media":5108,"comment_status":"open","ping_status":"open","sticky":false,"template":"","format":"standard","meta":{"_acf_changed":false,"footnotes":""},"categories":[4,17],"tags":[],"blog_nivel_escolar":[],"blog_segmento_escolar":[],"class_list":["post-295","post","type-post","status-publish","format-standard","has-post-thumbnail","hentry","category-dicas-professor","category-solucoes-educacionais"],"acf":[],"yoast_head":"<!-- This site is optimized with the Yoast SEO plugin v28.3 - https:\/\/yoast.com\/product\/yoast-seo-wordpress\/ -->\n<title>PNLD Liter\u00e1rio 2020: confira a lista de obras aprovadas - SM Educa\u00e7\u00e3o - Juntos cuidamos da educa\u00e7\u00e3o!<\/title>\n<meta name=\"description\" content=\"No ano de 2020, o PNLD Liter\u00e1rio busca aumentar o acesso ao livro de literatura e enriquecer os acervos das escolas com obras de qualidade.\" \/>\n<meta name=\"robots\" content=\"noindex, follow, max-snippet:-1, max-image-preview:large, max-video-preview:-1\" \/>\n<meta property=\"og:locale\" content=\"pt_BR\" \/>\n<meta property=\"og:type\" content=\"article\" \/>\n<meta property=\"og:title\" content=\"PNLD Liter\u00e1rio 2020: confira a lista de obras aprovadas - SM Educa\u00e7\u00e3o - Juntos cuidamos da educa\u00e7\u00e3o!\" \/>\n<meta property=\"og:description\" content=\"No ano de 2020, o PNLD Liter\u00e1rio busca aumentar o acesso ao livro de literatura e enriquecer os acervos das escolas com obras de qualidade.\" \/>\n<meta property=\"og:url\" content=\"https:\/\/projetoslayerup.com.br\/smeducacao\/pnld-literario-literatura-com-sm-educacao-2\/\" \/>\n<meta property=\"og:site_name\" content=\"SM Educa\u00e7\u00e3o - Juntos cuidamos da educa\u00e7\u00e3o!\" \/>\n<meta property=\"article:published_time\" content=\"2021-06-11T14:05:23+00:00\" \/>\n<meta property=\"og:image\" content=\"https:\/\/projetoslayerup.com.br\/smeducacao\/wp-content\/uploads\/2021\/06\/pnld-literario-1.png\" \/>\n\t<meta property=\"og:image:width\" content=\"1920\" \/>\n\t<meta property=\"og:image:height\" content=\"1080\" \/>\n\t<meta property=\"og:image:type\" content=\"image\/png\" \/>\n<meta name=\"author\" content=\"SM Educa\u00e7\u00e3o\" \/>\n<meta name=\"twitter:card\" content=\"summary_large_image\" \/>\n<meta name=\"twitter:label1\" content=\"Escrito por\" \/>\n\t<meta name=\"twitter:data1\" content=\"SM Educa\u00e7\u00e3o\" \/>\n\t<meta name=\"twitter:label2\" content=\"Est. tempo de leitura\" \/>\n\t<meta name=\"twitter:data2\" content=\"12 minutos\" \/>\n<script type=\"application\/ld+json\" class=\"yoast-schema-graph\">{\"@context\":\"https:\\\/\\\/schema.org\",\"@graph\":[{\"@type\":\"Article\",\"@id\":\"https:\\\/\\\/projetoslayerup.com.br\\\/smeducacao\\\/pnld-literario-literatura-com-sm-educacao-2\\\/#article\",\"isPartOf\":{\"@id\":\"https:\\\/\\\/projetoslayerup.com.br\\\/smeducacao\\\/pnld-literario-literatura-com-sm-educacao-2\\\/\"},\"author\":{\"name\":\"SM Educa\u00e7\u00e3o\",\"@id\":\"https:\\\/\\\/projetoslayerup.com.br\\\/smeducacao\\\/#\\\/schema\\\/person\\\/45d7d41388698d0f902ff276caab47f5\"},\"headline\":\"PNLD Liter\u00e1rio 2020: confira a lista de obras aprovadas\",\"datePublished\":\"2021-06-11T14:05:23+00:00\",\"mainEntityOfPage\":{\"@id\":\"https:\\\/\\\/projetoslayerup.com.br\\\/smeducacao\\\/pnld-literario-literatura-com-sm-educacao-2\\\/\"},\"wordCount\":1524,\"commentCount\":0,\"image\":{\"@id\":\"https:\\\/\\\/projetoslayerup.com.br\\\/smeducacao\\\/pnld-literario-literatura-com-sm-educacao-2\\\/#primaryimage\"},\"thumbnailUrl\":\"https:\\\/\\\/projetoslayerup.com.br\\\/smeducacao\\\/wp-content\\\/uploads\\\/2021\\\/06\\\/pnld-literario-1.png\",\"articleSection\":[\"Dicas para professores\",\"Solu\u00e7\u00f5es educacionais\"],\"inLanguage\":\"pt-BR\",\"potentialAction\":[{\"@type\":\"CommentAction\",\"name\":\"Comment\",\"target\":[\"https:\\\/\\\/projetoslayerup.com.br\\\/smeducacao\\\/pnld-literario-literatura-com-sm-educacao-2\\\/#respond\"]}]},{\"@type\":\"WebPage\",\"@id\":\"https:\\\/\\\/projetoslayerup.com.br\\\/smeducacao\\\/pnld-literario-literatura-com-sm-educacao-2\\\/\",\"url\":\"https:\\\/\\\/projetoslayerup.com.br\\\/smeducacao\\\/pnld-literario-literatura-com-sm-educacao-2\\\/\",\"name\":\"PNLD Liter\u00e1rio 2020: confira a lista de obras aprovadas - SM Educa\u00e7\u00e3o - Juntos cuidamos da educa\u00e7\u00e3o!\",\"isPartOf\":{\"@id\":\"https:\\\/\\\/projetoslayerup.com.br\\\/smeducacao\\\/#website\"},\"primaryImageOfPage\":{\"@id\":\"https:\\\/\\\/projetoslayerup.com.br\\\/smeducacao\\\/pnld-literario-literatura-com-sm-educacao-2\\\/#primaryimage\"},\"image\":{\"@id\":\"https:\\\/\\\/projetoslayerup.com.br\\\/smeducacao\\\/pnld-literario-literatura-com-sm-educacao-2\\\/#primaryimage\"},\"thumbnailUrl\":\"https:\\\/\\\/projetoslayerup.com.br\\\/smeducacao\\\/wp-content\\\/uploads\\\/2021\\\/06\\\/pnld-literario-1.png\",\"datePublished\":\"2021-06-11T14:05:23+00:00\",\"author\":{\"@id\":\"https:\\\/\\\/projetoslayerup.com.br\\\/smeducacao\\\/#\\\/schema\\\/person\\\/45d7d41388698d0f902ff276caab47f5\"},\"description\":\"No ano de 2020, o PNLD Liter\u00e1rio busca aumentar o acesso ao livro de literatura e enriquecer os acervos das escolas com obras de qualidade.\",\"breadcrumb\":{\"@id\":\"https:\\\/\\\/projetoslayerup.com.br\\\/smeducacao\\\/pnld-literario-literatura-com-sm-educacao-2\\\/#breadcrumb\"},\"inLanguage\":\"pt-BR\",\"potentialAction\":[{\"@type\":\"ReadAction\",\"target\":[\"https:\\\/\\\/projetoslayerup.com.br\\\/smeducacao\\\/pnld-literario-literatura-com-sm-educacao-2\\\/\"]}]},{\"@type\":\"ImageObject\",\"inLanguage\":\"pt-BR\",\"@id\":\"https:\\\/\\\/projetoslayerup.com.br\\\/smeducacao\\\/pnld-literario-literatura-com-sm-educacao-2\\\/#primaryimage\",\"url\":\"https:\\\/\\\/projetoslayerup.com.br\\\/smeducacao\\\/wp-content\\\/uploads\\\/2021\\\/06\\\/pnld-literario-1.png\",\"contentUrl\":\"https:\\\/\\\/projetoslayerup.com.br\\\/smeducacao\\\/wp-content\\\/uploads\\\/2021\\\/06\\\/pnld-literario-1.png\",\"width\":1920,\"height\":1080,\"caption\":\"PNLD liter\u00e1rio 2020\"},{\"@type\":\"BreadcrumbList\",\"@id\":\"https:\\\/\\\/projetoslayerup.com.br\\\/smeducacao\\\/pnld-literario-literatura-com-sm-educacao-2\\\/#breadcrumb\",\"itemListElement\":[{\"@type\":\"ListItem\",\"position\":1,\"name\":\"In\u00edcio\",\"item\":\"https:\\\/\\\/projetoslayerup.com.br\\\/smeducacao\\\/\"},{\"@type\":\"ListItem\",\"position\":2,\"name\":\"PNLD Liter\u00e1rio 2020: confira a lista de obras aprovadas\"}]},{\"@type\":\"WebSite\",\"@id\":\"https:\\\/\\\/projetoslayerup.com.br\\\/smeducacao\\\/#website\",\"url\":\"https:\\\/\\\/projetoslayerup.com.br\\\/smeducacao\\\/\",\"name\":\"SM Educa\u00e7\u00e3o - Juntos cuidamos da educa\u00e7\u00e3o!\",\"description\":\"Transformamos a educa\u00e7\u00e3o por meio de solu\u00e7\u00f5es digitais, solu\u00e7\u00f5es did\u00e1ticas para uma aprendizagem personalizada e solu\u00e7\u00f5es estrat\u00e9gicas eficientes. Juntos cuidamos da Educa\u00e7\u00e3o!\",\"potentialAction\":[{\"@type\":\"SearchAction\",\"target\":{\"@type\":\"EntryPoint\",\"urlTemplate\":\"https:\\\/\\\/projetoslayerup.com.br\\\/smeducacao\\\/?s={search_term_string}\"},\"query-input\":{\"@type\":\"PropertyValueSpecification\",\"valueRequired\":true,\"valueName\":\"search_term_string\"}}],\"inLanguage\":\"pt-BR\"},{\"@type\":\"Person\",\"@id\":\"https:\\\/\\\/projetoslayerup.com.br\\\/smeducacao\\\/#\\\/schema\\\/person\\\/45d7d41388698d0f902ff276caab47f5\",\"name\":\"SM Educa\u00e7\u00e3o\",\"image\":{\"@type\":\"ImageObject\",\"inLanguage\":\"pt-BR\",\"@id\":\"https:\\\/\\\/secure.gravatar.com\\\/avatar\\\/24327468bc2a6fb95889620b4158620d90c5e352f7a18c30af0e3f8cb70bc104?s=96&d=mm&r=g\",\"url\":\"https:\\\/\\\/secure.gravatar.com\\\/avatar\\\/24327468bc2a6fb95889620b4158620d90c5e352f7a18c30af0e3f8cb70bc104?s=96&d=mm&r=g\",\"contentUrl\":\"https:\\\/\\\/secure.gravatar.com\\\/avatar\\\/24327468bc2a6fb95889620b4158620d90c5e352f7a18c30af0e3f8cb70bc104?s=96&d=mm&r=g\",\"caption\":\"SM Educa\u00e7\u00e3o\"},\"url\":\"https:\\\/\\\/projetoslayerup.com.br\\\/smeducacao\\\/author\\\/smeducacao2021\\\/\"}]}<\/script>\n<!-- \/ Yoast SEO plugin. -->","yoast_head_json":{"title":"PNLD Liter\u00e1rio 2020: confira a lista de obras aprovadas - SM Educa\u00e7\u00e3o - Juntos cuidamos da educa\u00e7\u00e3o!","description":"No ano de 2020, o PNLD Liter\u00e1rio busca aumentar o acesso ao livro de literatura e enriquecer os acervos das escolas com obras de qualidade.","robots":{"index":"noindex","follow":"follow","max-snippet":"max-snippet:-1","max-image-preview":"max-image-preview:large","max-video-preview":"max-video-preview:-1"},"og_locale":"pt_BR","og_type":"article","og_title":"PNLD Liter\u00e1rio 2020: confira a lista de obras aprovadas - SM Educa\u00e7\u00e3o - Juntos cuidamos da educa\u00e7\u00e3o!","og_description":"No ano de 2020, o PNLD Liter\u00e1rio busca aumentar o acesso ao livro de literatura e enriquecer os acervos das escolas com obras de qualidade.","og_url":"https:\/\/projetoslayerup.com.br\/smeducacao\/pnld-literario-literatura-com-sm-educacao-2\/","og_site_name":"SM Educa\u00e7\u00e3o - Juntos cuidamos da educa\u00e7\u00e3o!","article_published_time":"2021-06-11T14:05:23+00:00","og_image":[{"width":1920,"height":1080,"url":"https:\/\/projetoslayerup.com.br\/smeducacao\/wp-content\/uploads\/2021\/06\/pnld-literario-1.png","type":"image\/png"}],"author":"SM Educa\u00e7\u00e3o","twitter_card":"summary_large_image","twitter_misc":{"Escrito por":"SM Educa\u00e7\u00e3o","Est. tempo de leitura":"12 minutos"},"schema":{"@context":"https:\/\/schema.org","@graph":[{"@type":"Article","@id":"https:\/\/projetoslayerup.com.br\/smeducacao\/pnld-literario-literatura-com-sm-educacao-2\/#article","isPartOf":{"@id":"https:\/\/projetoslayerup.com.br\/smeducacao\/pnld-literario-literatura-com-sm-educacao-2\/"},"author":{"name":"SM Educa\u00e7\u00e3o","@id":"https:\/\/projetoslayerup.com.br\/smeducacao\/#\/schema\/person\/45d7d41388698d0f902ff276caab47f5"},"headline":"PNLD Liter\u00e1rio 2020: confira a lista de obras aprovadas","datePublished":"2021-06-11T14:05:23+00:00","mainEntityOfPage":{"@id":"https:\/\/projetoslayerup.com.br\/smeducacao\/pnld-literario-literatura-com-sm-educacao-2\/"},"wordCount":1524,"commentCount":0,"image":{"@id":"https:\/\/projetoslayerup.com.br\/smeducacao\/pnld-literario-literatura-com-sm-educacao-2\/#primaryimage"},"thumbnailUrl":"https:\/\/projetoslayerup.com.br\/smeducacao\/wp-content\/uploads\/2021\/06\/pnld-literario-1.png","articleSection":["Dicas para professores","Solu\u00e7\u00f5es educacionais"],"inLanguage":"pt-BR","potentialAction":[{"@type":"CommentAction","name":"Comment","target":["https:\/\/projetoslayerup.com.br\/smeducacao\/pnld-literario-literatura-com-sm-educacao-2\/#respond"]}]},{"@type":"WebPage","@id":"https:\/\/projetoslayerup.com.br\/smeducacao\/pnld-literario-literatura-com-sm-educacao-2\/","url":"https:\/\/projetoslayerup.com.br\/smeducacao\/pnld-literario-literatura-com-sm-educacao-2\/","name":"PNLD Liter\u00e1rio 2020: confira a lista de obras aprovadas - SM Educa\u00e7\u00e3o - Juntos cuidamos da educa\u00e7\u00e3o!","isPartOf":{"@id":"https:\/\/projetoslayerup.com.br\/smeducacao\/#website"},"primaryImageOfPage":{"@id":"https:\/\/projetoslayerup.com.br\/smeducacao\/pnld-literario-literatura-com-sm-educacao-2\/#primaryimage"},"image":{"@id":"https:\/\/projetoslayerup.com.br\/smeducacao\/pnld-literario-literatura-com-sm-educacao-2\/#primaryimage"},"thumbnailUrl":"https:\/\/projetoslayerup.com.br\/smeducacao\/wp-content\/uploads\/2021\/06\/pnld-literario-1.png","datePublished":"2021-06-11T14:05:23+00:00","author":{"@id":"https:\/\/projetoslayerup.com.br\/smeducacao\/#\/schema\/person\/45d7d41388698d0f902ff276caab47f5"},"description":"No ano de 2020, o PNLD Liter\u00e1rio busca aumentar o acesso ao livro de literatura e enriquecer os acervos das escolas com obras de qualidade.","breadcrumb":{"@id":"https:\/\/projetoslayerup.com.br\/smeducacao\/pnld-literario-literatura-com-sm-educacao-2\/#breadcrumb"},"inLanguage":"pt-BR","potentialAction":[{"@type":"ReadAction","target":["https:\/\/projetoslayerup.com.br\/smeducacao\/pnld-literario-literatura-com-sm-educacao-2\/"]}]},{"@type":"ImageObject","inLanguage":"pt-BR","@id":"https:\/\/projetoslayerup.com.br\/smeducacao\/pnld-literario-literatura-com-sm-educacao-2\/#primaryimage","url":"https:\/\/projetoslayerup.com.br\/smeducacao\/wp-content\/uploads\/2021\/06\/pnld-literario-1.png","contentUrl":"https:\/\/projetoslayerup.com.br\/smeducacao\/wp-content\/uploads\/2021\/06\/pnld-literario-1.png","width":1920,"height":1080,"caption":"PNLD liter\u00e1rio 2020"},{"@type":"BreadcrumbList","@id":"https:\/\/projetoslayerup.com.br\/smeducacao\/pnld-literario-literatura-com-sm-educacao-2\/#breadcrumb","itemListElement":[{"@type":"ListItem","position":1,"name":"In\u00edcio","item":"https:\/\/projetoslayerup.com.br\/smeducacao\/"},{"@type":"ListItem","position":2,"name":"PNLD Liter\u00e1rio 2020: confira a lista de obras aprovadas"}]},{"@type":"WebSite","@id":"https:\/\/projetoslayerup.com.br\/smeducacao\/#website","url":"https:\/\/projetoslayerup.com.br\/smeducacao\/","name":"SM Educa\u00e7\u00e3o - Juntos cuidamos da educa\u00e7\u00e3o!","description":"Transformamos a educa\u00e7\u00e3o por meio de solu\u00e7\u00f5es digitais, solu\u00e7\u00f5es did\u00e1ticas para uma aprendizagem personalizada e solu\u00e7\u00f5es estrat\u00e9gicas eficientes. Juntos cuidamos da Educa\u00e7\u00e3o!","potentialAction":[{"@type":"SearchAction","target":{"@type":"EntryPoint","urlTemplate":"https:\/\/projetoslayerup.com.br\/smeducacao\/?s={search_term_string}"},"query-input":{"@type":"PropertyValueSpecification","valueRequired":true,"valueName":"search_term_string"}}],"inLanguage":"pt-BR"},{"@type":"Person","@id":"https:\/\/projetoslayerup.com.br\/smeducacao\/#\/schema\/person\/45d7d41388698d0f902ff276caab47f5","name":"SM Educa\u00e7\u00e3o","image":{"@type":"ImageObject","inLanguage":"pt-BR","@id":"https:\/\/secure.gravatar.com\/avatar\/24327468bc2a6fb95889620b4158620d90c5e352f7a18c30af0e3f8cb70bc104?s=96&d=mm&r=g","url":"https:\/\/secure.gravatar.com\/avatar\/24327468bc2a6fb95889620b4158620d90c5e352f7a18c30af0e3f8cb70bc104?s=96&d=mm&r=g","contentUrl":"https:\/\/secure.gravatar.com\/avatar\/24327468bc2a6fb95889620b4158620d90c5e352f7a18c30af0e3f8cb70bc104?s=96&d=mm&r=g","caption":"SM Educa\u00e7\u00e3o"},"url":"https:\/\/projetoslayerup.com.br\/smeducacao\/author\/smeducacao2021\/"}]}},"_links":{"self":[{"href":"https:\/\/projetoslayerup.com.br\/smeducacao\/wp-json\/wp\/v2\/posts\/295","targetHints":{"allow":["GET"]}}],"collection":[{"href":"https:\/\/projetoslayerup.com.br\/smeducacao\/wp-json\/wp\/v2\/posts"}],"about":[{"href":"https:\/\/projetoslayerup.com.br\/smeducacao\/wp-json\/wp\/v2\/types\/post"}],"author":[{"embeddable":true,"href":"https:\/\/projetoslayerup.com.br\/smeducacao\/wp-json\/wp\/v2\/users\/2"}],"replies":[{"embeddable":true,"href":"https:\/\/projetoslayerup.com.br\/smeducacao\/wp-json\/wp\/v2\/comments?post=295"}],"version-history":[{"count":0,"href":"https:\/\/projetoslayerup.com.br\/smeducacao\/wp-json\/wp\/v2\/posts\/295\/revisions"}],"wp:featuredmedia":[{"embeddable":true,"href":"https:\/\/projetoslayerup.com.br\/smeducacao\/wp-json\/wp\/v2\/media\/5108"}],"wp:attachment":[{"href":"https:\/\/projetoslayerup.com.br\/smeducacao\/wp-json\/wp\/v2\/media?parent=295"}],"wp:term":[{"taxonomy":"category","embeddable":true,"href":"https:\/\/projetoslayerup.com.br\/smeducacao\/wp-json\/wp\/v2\/categories?post=295"},{"taxonomy":"post_tag","embeddable":true,"href":"https:\/\/projetoslayerup.com.br\/smeducacao\/wp-json\/wp\/v2\/tags?post=295"},{"taxonomy":"blog_nivel_escolar","embeddable":true,"href":"https:\/\/projetoslayerup.com.br\/smeducacao\/wp-json\/wp\/v2\/blog_nivel_escolar?post=295"},{"taxonomy":"blog_segmento_escolar","embeddable":true,"href":"https:\/\/projetoslayerup.com.br\/smeducacao\/wp-json\/wp\/v2\/blog_segmento_escolar?post=295"}],"curies":[{"name":"wp","href":"https:\/\/api.w.org\/{rel}","templated":true}]}}