{"id":297,"date":"2021-06-11T11:05:46","date_gmt":"2021-06-11T14:05:46","guid":{"rendered":"https:\/\/www.smeducacao.com.br\/\/?p=297"},"modified":"2021-06-11T11:05:46","modified_gmt":"2021-06-11T14:05:46","slug":"educacao-em-2020-o-que-aprendemos-como-planejar-2021-2","status":"publish","type":"post","link":"https:\/\/projetoslayerup.com.br\/smeducacao\/educacao-em-2020-o-que-aprendemos-como-planejar-2021-2\/","title":{"rendered":"O que aprendemos na educa\u00e7\u00e3o em 2020 e como planejar 2021"},"content":{"rendered":"\n<p class=\"wp-block-paragraph\">Para fazer o melhor pela <strong>educa\u00e7\u00e3o em 2020, <\/strong>come\u00e7amos o ano com diversos planos.<br><br>Com nossas <strong>rotinas estruturadas<\/strong>, segu\u00edamos a vida cumprindo tarefas e circulando pelos lugares, algumas vezes de modo t\u00e3o autom\u00e1tico que deix\u00e1vamos de observar o que estava ao nosso redor ou de ouvir verdadeiramente o outro.&nbsp;<\/p>\n\n\n\n<p class=\"wp-block-paragraph\">E de repente, tudo mudou por conta de uma pandemia que n\u00e3o estava em nossos planos, que n\u00e3o fazia parte de nossa rotina e que alteraria nossa forma de viver, pensar e nos relacionarmos uns com os outros.<br><br>Isolados em nossas casas, tendo contato f\u00edsico apenas com os familiares mais pr\u00f3ximos,<strong> tivemos que trazer para dentro do lar o trabalho, a escola,<\/strong> o parque, a gin\u00e1stica, o restaurante.&nbsp;<\/p>\n\n\n\n<h2 class=\"wp-block-heading\"><strong>Os principais desafios na educa\u00e7\u00e3o em 2020<\/strong><\/h2>\n\n\n\n<p class=\"wp-block-paragraph\">A primeira tarefa foi dividir os espa\u00e7os e o tempo entre todos, conhecer e respeitar a rotina e os h\u00e1bitos de cada um e fazer combinados.<br><br>Sim, porque apesar de sermos da mesma fam\u00edlia e morarmos juntos, cada um precisou trazer seu mundo para dentro de casa.&nbsp;<\/p>\n\n\n\n<p class=\"wp-block-paragraph\">&nbsp;Sofremos para compartilhar as tarefas, as entregas, para adaptar espa\u00e7os, para aprender a fazer tudo <em>on-line<\/em>, a ocupar um espa\u00e7o que, apesar de estar presente em nossas vidas, para muitos ainda n\u00e3o era de todo habitado: <strong>o espa\u00e7o virtual<\/strong>.<\/p>\n\n\n\n<p class=\"wp-block-paragraph\">Enquanto todas essas mudan\u00e7as ocorriam, \u00e9ramos tomados por um <em>mix<\/em> de sentimentos: ang\u00fastia, euforia, medo, coragem, incerteza, solidariedade, empatia, revolta, proatividade, prostra\u00e7\u00e3o.<\/p>\n\n\n\n<p class=\"wp-block-paragraph\">Come\u00e7amos a adquirir novos h\u00e1bitos: fazer p\u00e3o e assistir a <em>lives<\/em>. Sim, uma enxurrada de <em>lives<\/em> acalmava nossa ansiedade e nos ajudava a viver a incerteza dos dias, sempre na esperan\u00e7a de que logo tudo voltaria ao normal. Mas que normal?&nbsp;<\/p>\n\n\n\n<h2 class=\"wp-block-heading\"><strong>A rotina na educa\u00e7\u00e3o em 2020<\/strong><\/h2>\n\n\n\n<p class=\"wp-block-paragraph\">E no meio de tudo isso estava a escola. Como levar a<strong> rotina escolar <\/strong>para dentro das casas? \u00c9 poss\u00edvel migrar do mundo presencial para o mundo virtual? O que fazer para garantir acesso para alunos e professores em um pa\u00eds t\u00e3o desigual?<\/p>\n\n\n\n<p class=\"wp-block-paragraph\">Cheios de incertezas, mas com muita vontade de<strong> inovar e buscar novos caminhos para garantir a aprendizagem de seus alunos<\/strong>, os professores fizeram um trabalho admir\u00e1vel, deixando de lado as dificuldades e superando os obst\u00e1culos para organizar a rotina escolar. Parabeniz\u00e1-los \u00e9 pouco perto de tudo o que fazem por nossas crian\u00e7as e jovens.<\/p>\n\n\n\n<p class=\"wp-block-paragraph\">E a sensa\u00e7\u00e3o que tudo isso causou foi de que os dias passaram em uma velocidade absurda. E assim chega o final do ano.&nbsp;<\/p>\n\n\n\n<p class=\"wp-block-paragraph\">Normalmente, final de ano \u00e9 tempo de <strong>retrospectiva e listas de desejos<\/strong>. Neste caso, parece que quase ningu\u00e9m quer relembrar o que viveu e que o \u00fanico desejo da lista seja a vacina\u00e7\u00e3o de toda a popula\u00e7\u00e3o contra a COVID-19, trazendo a rotina de volta.<\/p>\n\n\n\n<h2 class=\"wp-block-heading\"><strong>Novo normal?<\/strong><\/h2>\n\n\n\n<p class=\"wp-block-paragraph\">E \u00e9 este ponto que precisamos rever.<strong> A educa\u00e7\u00e3o em 2020 nos trouxe valiosos aprendizados<\/strong>, e 2021 n\u00e3o trar\u00e1 de volta a \u201cnormalidade\u201d, porque ela n\u00e3o existe mais.<\/p>\n\n\n\n<p class=\"wp-block-paragraph\">Este ano nos mostrou como as <strong>rela\u00e7\u00f5es humanas s\u00e3o necess\u00e1rias<\/strong>, como o toque \u00e9 precioso, como um abra\u00e7o \u00e9 valioso. Tudo isso nos fez parar e observar o que a correria impedia, nos permitiu ouvir o que os ru\u00eddos da rotina n\u00e3o deixavam. Tamb\u00e9m nos mostrou o quanto somos resilientes e como a <strong>empatia <\/strong>\u00e9 uma das mais importantes compet\u00eancias deste novo s\u00e9culo.&nbsp;<\/p>\n\n\n\n<p class=\"wp-block-paragraph\">Aprendemos a nos expressar pelo olhar. A situa\u00e7\u00e3o nos levou a adotar formas variadas de comunica\u00e7\u00e3o e nos fez ocupar os variados espa\u00e7os de aprendizagem: os imigrantes digitais verdadeiramente habitaram o mundo virtual. Aprendemos na pr\u00e1tica que errar e acertar s\u00e3o consequ\u00eancias de quem faz, arrisca, experimenta. Que o importante da vida \u00e9 viv\u00ea-la, senti-la, e que <strong>cada dia \u00e9 um ano novo, uma nova oportunidade<\/strong>.<\/p>\n\n\n\n<p class=\"wp-block-paragraph\">O ano de 2021 ser\u00e1 um conjunto de \u201c365 anos novos\u201d que precisam ser sentidos, vividos e sonhados. N\u00e3o podemos perder essa oportunidade.<\/p>\n\n\n\n<h2 class=\"wp-block-heading\"><strong>Avaliando a educa\u00e7\u00e3o em 2020 e planejando 2021 na escola<\/strong><\/h2>\n\n\n\n<p class=\"wp-block-paragraph\">Quanto ao<strong> trabalho na escola<\/strong>, tamb\u00e9m tivemos muitas conquistas e colocamos em pr\u00e1tica diversas a\u00e7\u00f5es que devem ser revistas. Por isso, para come\u00e7armos o novo <strong>ano letivo<\/strong>, \u00e9 preciso avaliar o que se viveu, analisar os resultados, enumerar as metas e <a href=\"https:\/\/projetoslayerup.com.br\/smeducacao\/\/2021\/06\/11\/planejando-aulas-2021-sm-educacao-2\/\">planejar as novas a\u00e7\u00f5es<\/a>.<\/p>\n\n\n\n<p class=\"wp-block-paragraph\">Convide representantes da <strong>comunidade escolar <\/strong>(gestor, coordenador, docentes, funcion\u00e1rios, fam\u00edlias e alunos) a descreverem como foi que viveram. Logo, \u00e9 importante saber o que aprenderam e o que acham que precisam aprimorar.&nbsp;<\/p>\n\n\n\n<p class=\"wp-block-paragraph\">Este \u00e9 um instrumento precioso para que todos possam colocar suas impress\u00f5es e sentimentos e para se desenhar como cada grupo viveu as experi\u00eancias das aulas remotas, do distanciamento e das aprendizagens propostas.<\/p>\n\n\n\n<div class=\"wp-block-image\"><figure class=\"aligncenter size-large\"><img decoding=\"async\" src=\"https:\/\/projetoslayerup.com.br\/smeducacao\/wp-content\/uploads\/2020\/12\/box0-1024x756.png\" alt=\"educao-em-2020-planejamento-sm-educacao\" class=\"wp-image-1261\"\/><\/figure><\/div>\n\n\n\n<p class=\"wp-block-paragraph\">Coordenador, convide sua equipe a elaborar um painel com os resultados desse levantamento, propondo <strong>solu\u00e7\u00f5es para as quest\u00f5es que causaram problemas<\/strong> e avan\u00e7os para o que deu certo. Use <em>post-its<\/em> e abra espa\u00e7o para esse painel e sua an\u00e1lise.<\/p>\n\n\n\n<div class=\"wp-block-image\"><figure class=\"aligncenter size-large\"><img decoding=\"async\" src=\"https:\/\/projetoslayerup.com.br\/smeducacao\/wp-content\/uploads\/2020\/12\/box1-1024x495.png\" alt=\"2020-planejamento-sm-educacao\" class=\"wp-image-1260\"\/><\/figure><\/div>\n\n\n\n<p class=\"wp-block-paragraph\"><br>Assim, \u00e9 importante que a escola invista em <strong>forma\u00e7\u00e3o continuada<\/strong> e ferramentas para que o trabalho possa ser mais assertivo e significativo para todos.&nbsp;<\/p>\n\n\n\n<p class=\"wp-block-paragraph\">Com o resultado das reflex\u00f5es e a an\u00e1lise das sugest\u00f5es, o estabelecimento de ensino precisar\u00e1 estudar quais a\u00e7\u00f5es devem ter metas estabelecidas:<\/p>\n\n\n\n<div class=\"wp-block-image\"><figure class=\"aligncenter size-full is-resized\"><img loading=\"lazy\" decoding=\"async\" src=\"https:\/\/projetoslayerup.com.br\/smeducacao\/\/wp-content\/uploads\/2020\/12\/info.png\" alt=\"info-educacao-em-2020\" class=\"wp-image-1262\" width=\"480\" height=\"2151\"\/><\/figure><\/div>\n\n\n\n<h2 class=\"wp-block-heading\"><a href=\"https:\/\/www.aeducacaonosmove.com.br\/\"><strong>A educa\u00e7\u00e3o nos move!<\/strong><\/a><\/h2>\n\n\n\n<p class=\"wp-block-paragraph\"><strong>Em 2020<\/strong> fomos pegos de surpresa e houve necessidade de mudarmos nosso trabalho, sem a possibilidade de planejamento.<br><br>Para 2021, temos as experi\u00eancias vividas ao longo deste ano, muito material produzido. Al\u00e9m de <strong>acesso a forma\u00e7\u00e3o<\/strong> e a ferramentas, contamos com a possibilidade de planejarmos nossas a\u00e7\u00f5es.<\/p>\n\n\n\n<p class=\"wp-block-paragraph\">Por isso, \u00e9 hora de levantar o que fizemos, avaliar as conquistas e as dificuldades, definir metas e<a href=\"https:\/\/www.aeducacaonosmove.com.br\/blog\/gestao-escolar-dicas-sm-educacao\"><strong> buscar novos caminhos<\/strong><\/a>.<\/p>\n\n\n\n<div class=\"wp-block-image\"><figure class=\"aligncenter size-full is-resized\"><img loading=\"lazy\" decoding=\"async\" src=\"https:\/\/projetoslayerup.com.br\/smeducacao\/\/wp-content\/uploads\/2020\/12\/tati.png\" alt=\"educacao-em-2020-artigo-Tatiana-Pita\" class=\"wp-image-1263\" width=\"635\" height=\"509\"\/><\/figure><\/div>\n\n\n\n<p class=\"wp-block-paragraph\"><\/p>\n","protected":false},"excerpt":{"rendered":"<p>Para fazer o melhor pela educa\u00e7\u00e3o em 2020, come\u00e7amos o ano com diversos planos. Com nossas rotinas estruturadas, segu\u00edamos a vida cumprindo tarefas e circulando pelos lugares, algumas vezes de modo t\u00e3o autom\u00e1tico que deix\u00e1vamos de observar o que estava ao nosso redor ou de ouvir verdadeiramente o outro.&nbsp; E de repente, tudo mudou por [&hellip;]<\/p>\n","protected":false},"author":2,"featured_media":5193,"comment_status":"open","ping_status":"open","sticky":false,"template":"","format":"standard","meta":{"_acf_changed":false,"footnotes":""},"categories":[4,16],"tags":[],"blog_nivel_escolar":[],"blog_segmento_escolar":[],"class_list":["post-297","post","type-post","status-publish","format-standard","has-post-thumbnail","hentry","category-dicas-professor","category-tendencias-educacao"],"acf":[],"yoast_head":"<!-- This site is optimized with the Yoast SEO plugin v28.3 - https:\/\/yoast.com\/product\/yoast-seo-wordpress\/ -->\n<title>O que aprendemos na educa\u00e7\u00e3o em 2020 e como planejar 2021 - SM Educa\u00e7\u00e3o - Juntos cuidamos da educa\u00e7\u00e3o!<\/title>\n<meta name=\"description\" content=\"Ap\u00f3s avaliar os desafios percorridos na educa\u00e7\u00e3o em 2020, \u00e9 hora de encontrar novos m\u00e9todos para garantir um planejamento efetivo em 2021.\" \/>\n<meta name=\"robots\" content=\"noindex, follow, max-snippet:-1, max-image-preview:large, max-video-preview:-1\" \/>\n<meta property=\"og:locale\" content=\"pt_BR\" \/>\n<meta property=\"og:type\" content=\"article\" \/>\n<meta property=\"og:title\" content=\"O que aprendemos na educa\u00e7\u00e3o em 2020 e como planejar 2021 - SM Educa\u00e7\u00e3o - Juntos cuidamos da educa\u00e7\u00e3o!\" \/>\n<meta property=\"og:description\" content=\"Ap\u00f3s avaliar os desafios percorridos na educa\u00e7\u00e3o em 2020, \u00e9 hora de encontrar novos m\u00e9todos para garantir um planejamento efetivo em 2021.\" \/>\n<meta property=\"og:url\" content=\"https:\/\/projetoslayerup.com.br\/smeducacao\/educacao-em-2020-o-que-aprendemos-como-planejar-2021-2\/\" \/>\n<meta property=\"og:site_name\" content=\"SM Educa\u00e7\u00e3o - Juntos cuidamos da educa\u00e7\u00e3o!\" \/>\n<meta property=\"article:published_time\" content=\"2021-06-11T14:05:46+00:00\" \/>\n<meta property=\"og:image\" content=\"https:\/\/projetoslayerup.com.br\/smeducacao\/wp-content\/uploads\/2021\/06\/KJYmsmMw.jpeg\" \/>\n\t<meta property=\"og:image:width\" content=\"218\" \/>\n\t<meta property=\"og:image:height\" content=\"146\" \/>\n\t<meta property=\"og:image:type\" content=\"image\/jpeg\" \/>\n<meta name=\"author\" content=\"SM Educa\u00e7\u00e3o\" \/>\n<meta name=\"twitter:card\" content=\"summary_large_image\" \/>\n<meta name=\"twitter:label1\" content=\"Escrito por\" \/>\n\t<meta name=\"twitter:data1\" content=\"SM Educa\u00e7\u00e3o\" \/>\n\t<meta name=\"twitter:label2\" content=\"Est. tempo de leitura\" \/>\n\t<meta name=\"twitter:data2\" content=\"5 minutos\" \/>\n<script type=\"application\/ld+json\" class=\"yoast-schema-graph\">{\"@context\":\"https:\\\/\\\/schema.org\",\"@graph\":[{\"@type\":\"Article\",\"@id\":\"https:\\\/\\\/projetoslayerup.com.br\\\/smeducacao\\\/educacao-em-2020-o-que-aprendemos-como-planejar-2021-2\\\/#article\",\"isPartOf\":{\"@id\":\"https:\\\/\\\/projetoslayerup.com.br\\\/smeducacao\\\/educacao-em-2020-o-que-aprendemos-como-planejar-2021-2\\\/\"},\"author\":{\"name\":\"SM Educa\u00e7\u00e3o\",\"@id\":\"https:\\\/\\\/projetoslayerup.com.br\\\/smeducacao\\\/#\\\/schema\\\/person\\\/45d7d41388698d0f902ff276caab47f5\"},\"headline\":\"O que aprendemos na educa\u00e7\u00e3o em 2020 e como planejar 2021\",\"datePublished\":\"2021-06-11T14:05:46+00:00\",\"mainEntityOfPage\":{\"@id\":\"https:\\\/\\\/projetoslayerup.com.br\\\/smeducacao\\\/educacao-em-2020-o-que-aprendemos-como-planejar-2021-2\\\/\"},\"wordCount\":981,\"commentCount\":0,\"image\":{\"@id\":\"https:\\\/\\\/projetoslayerup.com.br\\\/smeducacao\\\/educacao-em-2020-o-que-aprendemos-como-planejar-2021-2\\\/#primaryimage\"},\"thumbnailUrl\":\"https:\\\/\\\/projetoslayerup.com.br\\\/smeducacao\\\/wp-content\\\/uploads\\\/2021\\\/06\\\/KJYmsmMw.jpeg\",\"articleSection\":[\"Dicas para professores\",\"Tend\u00eancias na educa\u00e7\u00e3o\"],\"inLanguage\":\"pt-BR\",\"potentialAction\":[{\"@type\":\"CommentAction\",\"name\":\"Comment\",\"target\":[\"https:\\\/\\\/projetoslayerup.com.br\\\/smeducacao\\\/educacao-em-2020-o-que-aprendemos-como-planejar-2021-2\\\/#respond\"]}]},{\"@type\":\"WebPage\",\"@id\":\"https:\\\/\\\/projetoslayerup.com.br\\\/smeducacao\\\/educacao-em-2020-o-que-aprendemos-como-planejar-2021-2\\\/\",\"url\":\"https:\\\/\\\/projetoslayerup.com.br\\\/smeducacao\\\/educacao-em-2020-o-que-aprendemos-como-planejar-2021-2\\\/\",\"name\":\"O que aprendemos na educa\u00e7\u00e3o em 2020 e como planejar 2021 - SM Educa\u00e7\u00e3o - Juntos cuidamos da educa\u00e7\u00e3o!\",\"isPartOf\":{\"@id\":\"https:\\\/\\\/projetoslayerup.com.br\\\/smeducacao\\\/#website\"},\"primaryImageOfPage\":{\"@id\":\"https:\\\/\\\/projetoslayerup.com.br\\\/smeducacao\\\/educacao-em-2020-o-que-aprendemos-como-planejar-2021-2\\\/#primaryimage\"},\"image\":{\"@id\":\"https:\\\/\\\/projetoslayerup.com.br\\\/smeducacao\\\/educacao-em-2020-o-que-aprendemos-como-planejar-2021-2\\\/#primaryimage\"},\"thumbnailUrl\":\"https:\\\/\\\/projetoslayerup.com.br\\\/smeducacao\\\/wp-content\\\/uploads\\\/2021\\\/06\\\/KJYmsmMw.jpeg\",\"datePublished\":\"2021-06-11T14:05:46+00:00\",\"author\":{\"@id\":\"https:\\\/\\\/projetoslayerup.com.br\\\/smeducacao\\\/#\\\/schema\\\/person\\\/45d7d41388698d0f902ff276caab47f5\"},\"description\":\"Ap\u00f3s avaliar os desafios percorridos na educa\u00e7\u00e3o em 2020, \u00e9 hora de encontrar novos m\u00e9todos para garantir um planejamento efetivo em 2021.\",\"breadcrumb\":{\"@id\":\"https:\\\/\\\/projetoslayerup.com.br\\\/smeducacao\\\/educacao-em-2020-o-que-aprendemos-como-planejar-2021-2\\\/#breadcrumb\"},\"inLanguage\":\"pt-BR\",\"potentialAction\":[{\"@type\":\"ReadAction\",\"target\":[\"https:\\\/\\\/projetoslayerup.com.br\\\/smeducacao\\\/educacao-em-2020-o-que-aprendemos-como-planejar-2021-2\\\/\"]}]},{\"@type\":\"ImageObject\",\"inLanguage\":\"pt-BR\",\"@id\":\"https:\\\/\\\/projetoslayerup.com.br\\\/smeducacao\\\/educacao-em-2020-o-que-aprendemos-como-planejar-2021-2\\\/#primaryimage\",\"url\":\"https:\\\/\\\/projetoslayerup.com.br\\\/smeducacao\\\/wp-content\\\/uploads\\\/2021\\\/06\\\/KJYmsmMw.jpeg\",\"contentUrl\":\"https:\\\/\\\/projetoslayerup.com.br\\\/smeducacao\\\/wp-content\\\/uploads\\\/2021\\\/06\\\/KJYmsmMw.jpeg\",\"width\":218,\"height\":146,\"caption\":\"educa\u00e7\u00e3o 2020\"},{\"@type\":\"BreadcrumbList\",\"@id\":\"https:\\\/\\\/projetoslayerup.com.br\\\/smeducacao\\\/educacao-em-2020-o-que-aprendemos-como-planejar-2021-2\\\/#breadcrumb\",\"itemListElement\":[{\"@type\":\"ListItem\",\"position\":1,\"name\":\"In\u00edcio\",\"item\":\"https:\\\/\\\/projetoslayerup.com.br\\\/smeducacao\\\/\"},{\"@type\":\"ListItem\",\"position\":2,\"name\":\"O que aprendemos na educa\u00e7\u00e3o em 2020 e como planejar 2021\"}]},{\"@type\":\"WebSite\",\"@id\":\"https:\\\/\\\/projetoslayerup.com.br\\\/smeducacao\\\/#website\",\"url\":\"https:\\\/\\\/projetoslayerup.com.br\\\/smeducacao\\\/\",\"name\":\"SM Educa\u00e7\u00e3o - Juntos cuidamos da educa\u00e7\u00e3o!\",\"description\":\"Transformamos a educa\u00e7\u00e3o por meio de solu\u00e7\u00f5es digitais, solu\u00e7\u00f5es did\u00e1ticas para uma aprendizagem personalizada e solu\u00e7\u00f5es estrat\u00e9gicas eficientes. Juntos cuidamos da Educa\u00e7\u00e3o!\",\"potentialAction\":[{\"@type\":\"SearchAction\",\"target\":{\"@type\":\"EntryPoint\",\"urlTemplate\":\"https:\\\/\\\/projetoslayerup.com.br\\\/smeducacao\\\/?s={search_term_string}\"},\"query-input\":{\"@type\":\"PropertyValueSpecification\",\"valueRequired\":true,\"valueName\":\"search_term_string\"}}],\"inLanguage\":\"pt-BR\"},{\"@type\":\"Person\",\"@id\":\"https:\\\/\\\/projetoslayerup.com.br\\\/smeducacao\\\/#\\\/schema\\\/person\\\/45d7d41388698d0f902ff276caab47f5\",\"name\":\"SM Educa\u00e7\u00e3o\",\"image\":{\"@type\":\"ImageObject\",\"inLanguage\":\"pt-BR\",\"@id\":\"https:\\\/\\\/secure.gravatar.com\\\/avatar\\\/24327468bc2a6fb95889620b4158620d90c5e352f7a18c30af0e3f8cb70bc104?s=96&d=mm&r=g\",\"url\":\"https:\\\/\\\/secure.gravatar.com\\\/avatar\\\/24327468bc2a6fb95889620b4158620d90c5e352f7a18c30af0e3f8cb70bc104?s=96&d=mm&r=g\",\"contentUrl\":\"https:\\\/\\\/secure.gravatar.com\\\/avatar\\\/24327468bc2a6fb95889620b4158620d90c5e352f7a18c30af0e3f8cb70bc104?s=96&d=mm&r=g\",\"caption\":\"SM Educa\u00e7\u00e3o\"},\"url\":\"https:\\\/\\\/projetoslayerup.com.br\\\/smeducacao\\\/author\\\/smeducacao2021\\\/\"}]}<\/script>\n<!-- \/ Yoast SEO plugin. -->","yoast_head_json":{"title":"O que aprendemos na educa\u00e7\u00e3o em 2020 e como planejar 2021 - SM Educa\u00e7\u00e3o - Juntos cuidamos da educa\u00e7\u00e3o!","description":"Ap\u00f3s avaliar os desafios percorridos na educa\u00e7\u00e3o em 2020, \u00e9 hora de encontrar novos m\u00e9todos para garantir um planejamento efetivo em 2021.","robots":{"index":"noindex","follow":"follow","max-snippet":"max-snippet:-1","max-image-preview":"max-image-preview:large","max-video-preview":"max-video-preview:-1"},"og_locale":"pt_BR","og_type":"article","og_title":"O que aprendemos na educa\u00e7\u00e3o em 2020 e como planejar 2021 - SM Educa\u00e7\u00e3o - Juntos cuidamos da educa\u00e7\u00e3o!","og_description":"Ap\u00f3s avaliar os desafios percorridos na educa\u00e7\u00e3o em 2020, \u00e9 hora de encontrar novos m\u00e9todos para garantir um planejamento efetivo em 2021.","og_url":"https:\/\/projetoslayerup.com.br\/smeducacao\/educacao-em-2020-o-que-aprendemos-como-planejar-2021-2\/","og_site_name":"SM Educa\u00e7\u00e3o - Juntos cuidamos da educa\u00e7\u00e3o!","article_published_time":"2021-06-11T14:05:46+00:00","og_image":[{"width":218,"height":146,"url":"https:\/\/projetoslayerup.com.br\/smeducacao\/wp-content\/uploads\/2021\/06\/KJYmsmMw.jpeg","type":"image\/jpeg"}],"author":"SM Educa\u00e7\u00e3o","twitter_card":"summary_large_image","twitter_misc":{"Escrito por":"SM Educa\u00e7\u00e3o","Est. tempo de leitura":"5 minutos"},"schema":{"@context":"https:\/\/schema.org","@graph":[{"@type":"Article","@id":"https:\/\/projetoslayerup.com.br\/smeducacao\/educacao-em-2020-o-que-aprendemos-como-planejar-2021-2\/#article","isPartOf":{"@id":"https:\/\/projetoslayerup.com.br\/smeducacao\/educacao-em-2020-o-que-aprendemos-como-planejar-2021-2\/"},"author":{"name":"SM Educa\u00e7\u00e3o","@id":"https:\/\/projetoslayerup.com.br\/smeducacao\/#\/schema\/person\/45d7d41388698d0f902ff276caab47f5"},"headline":"O que aprendemos na educa\u00e7\u00e3o em 2020 e como planejar 2021","datePublished":"2021-06-11T14:05:46+00:00","mainEntityOfPage":{"@id":"https:\/\/projetoslayerup.com.br\/smeducacao\/educacao-em-2020-o-que-aprendemos-como-planejar-2021-2\/"},"wordCount":981,"commentCount":0,"image":{"@id":"https:\/\/projetoslayerup.com.br\/smeducacao\/educacao-em-2020-o-que-aprendemos-como-planejar-2021-2\/#primaryimage"},"thumbnailUrl":"https:\/\/projetoslayerup.com.br\/smeducacao\/wp-content\/uploads\/2021\/06\/KJYmsmMw.jpeg","articleSection":["Dicas para professores","Tend\u00eancias na educa\u00e7\u00e3o"],"inLanguage":"pt-BR","potentialAction":[{"@type":"CommentAction","name":"Comment","target":["https:\/\/projetoslayerup.com.br\/smeducacao\/educacao-em-2020-o-que-aprendemos-como-planejar-2021-2\/#respond"]}]},{"@type":"WebPage","@id":"https:\/\/projetoslayerup.com.br\/smeducacao\/educacao-em-2020-o-que-aprendemos-como-planejar-2021-2\/","url":"https:\/\/projetoslayerup.com.br\/smeducacao\/educacao-em-2020-o-que-aprendemos-como-planejar-2021-2\/","name":"O que aprendemos na educa\u00e7\u00e3o em 2020 e como planejar 2021 - SM Educa\u00e7\u00e3o - Juntos cuidamos da educa\u00e7\u00e3o!","isPartOf":{"@id":"https:\/\/projetoslayerup.com.br\/smeducacao\/#website"},"primaryImageOfPage":{"@id":"https:\/\/projetoslayerup.com.br\/smeducacao\/educacao-em-2020-o-que-aprendemos-como-planejar-2021-2\/#primaryimage"},"image":{"@id":"https:\/\/projetoslayerup.com.br\/smeducacao\/educacao-em-2020-o-que-aprendemos-como-planejar-2021-2\/#primaryimage"},"thumbnailUrl":"https:\/\/projetoslayerup.com.br\/smeducacao\/wp-content\/uploads\/2021\/06\/KJYmsmMw.jpeg","datePublished":"2021-06-11T14:05:46+00:00","author":{"@id":"https:\/\/projetoslayerup.com.br\/smeducacao\/#\/schema\/person\/45d7d41388698d0f902ff276caab47f5"},"description":"Ap\u00f3s avaliar os desafios percorridos na educa\u00e7\u00e3o em 2020, \u00e9 hora de encontrar novos m\u00e9todos para garantir um planejamento efetivo em 2021.","breadcrumb":{"@id":"https:\/\/projetoslayerup.com.br\/smeducacao\/educacao-em-2020-o-que-aprendemos-como-planejar-2021-2\/#breadcrumb"},"inLanguage":"pt-BR","potentialAction":[{"@type":"ReadAction","target":["https:\/\/projetoslayerup.com.br\/smeducacao\/educacao-em-2020-o-que-aprendemos-como-planejar-2021-2\/"]}]},{"@type":"ImageObject","inLanguage":"pt-BR","@id":"https:\/\/projetoslayerup.com.br\/smeducacao\/educacao-em-2020-o-que-aprendemos-como-planejar-2021-2\/#primaryimage","url":"https:\/\/projetoslayerup.com.br\/smeducacao\/wp-content\/uploads\/2021\/06\/KJYmsmMw.jpeg","contentUrl":"https:\/\/projetoslayerup.com.br\/smeducacao\/wp-content\/uploads\/2021\/06\/KJYmsmMw.jpeg","width":218,"height":146,"caption":"educa\u00e7\u00e3o 2020"},{"@type":"BreadcrumbList","@id":"https:\/\/projetoslayerup.com.br\/smeducacao\/educacao-em-2020-o-que-aprendemos-como-planejar-2021-2\/#breadcrumb","itemListElement":[{"@type":"ListItem","position":1,"name":"In\u00edcio","item":"https:\/\/projetoslayerup.com.br\/smeducacao\/"},{"@type":"ListItem","position":2,"name":"O que aprendemos na educa\u00e7\u00e3o em 2020 e como planejar 2021"}]},{"@type":"WebSite","@id":"https:\/\/projetoslayerup.com.br\/smeducacao\/#website","url":"https:\/\/projetoslayerup.com.br\/smeducacao\/","name":"SM Educa\u00e7\u00e3o - Juntos cuidamos da educa\u00e7\u00e3o!","description":"Transformamos a educa\u00e7\u00e3o por meio de solu\u00e7\u00f5es digitais, solu\u00e7\u00f5es did\u00e1ticas para uma aprendizagem personalizada e solu\u00e7\u00f5es estrat\u00e9gicas eficientes. Juntos cuidamos da Educa\u00e7\u00e3o!","potentialAction":[{"@type":"SearchAction","target":{"@type":"EntryPoint","urlTemplate":"https:\/\/projetoslayerup.com.br\/smeducacao\/?s={search_term_string}"},"query-input":{"@type":"PropertyValueSpecification","valueRequired":true,"valueName":"search_term_string"}}],"inLanguage":"pt-BR"},{"@type":"Person","@id":"https:\/\/projetoslayerup.com.br\/smeducacao\/#\/schema\/person\/45d7d41388698d0f902ff276caab47f5","name":"SM Educa\u00e7\u00e3o","image":{"@type":"ImageObject","inLanguage":"pt-BR","@id":"https:\/\/secure.gravatar.com\/avatar\/24327468bc2a6fb95889620b4158620d90c5e352f7a18c30af0e3f8cb70bc104?s=96&d=mm&r=g","url":"https:\/\/secure.gravatar.com\/avatar\/24327468bc2a6fb95889620b4158620d90c5e352f7a18c30af0e3f8cb70bc104?s=96&d=mm&r=g","contentUrl":"https:\/\/secure.gravatar.com\/avatar\/24327468bc2a6fb95889620b4158620d90c5e352f7a18c30af0e3f8cb70bc104?s=96&d=mm&r=g","caption":"SM Educa\u00e7\u00e3o"},"url":"https:\/\/projetoslayerup.com.br\/smeducacao\/author\/smeducacao2021\/"}]}},"_links":{"self":[{"href":"https:\/\/projetoslayerup.com.br\/smeducacao\/wp-json\/wp\/v2\/posts\/297","targetHints":{"allow":["GET"]}}],"collection":[{"href":"https:\/\/projetoslayerup.com.br\/smeducacao\/wp-json\/wp\/v2\/posts"}],"about":[{"href":"https:\/\/projetoslayerup.com.br\/smeducacao\/wp-json\/wp\/v2\/types\/post"}],"author":[{"embeddable":true,"href":"https:\/\/projetoslayerup.com.br\/smeducacao\/wp-json\/wp\/v2\/users\/2"}],"replies":[{"embeddable":true,"href":"https:\/\/projetoslayerup.com.br\/smeducacao\/wp-json\/wp\/v2\/comments?post=297"}],"version-history":[{"count":0,"href":"https:\/\/projetoslayerup.com.br\/smeducacao\/wp-json\/wp\/v2\/posts\/297\/revisions"}],"wp:featuredmedia":[{"embeddable":true,"href":"https:\/\/projetoslayerup.com.br\/smeducacao\/wp-json\/wp\/v2\/media\/5193"}],"wp:attachment":[{"href":"https:\/\/projetoslayerup.com.br\/smeducacao\/wp-json\/wp\/v2\/media?parent=297"}],"wp:term":[{"taxonomy":"category","embeddable":true,"href":"https:\/\/projetoslayerup.com.br\/smeducacao\/wp-json\/wp\/v2\/categories?post=297"},{"taxonomy":"post_tag","embeddable":true,"href":"https:\/\/projetoslayerup.com.br\/smeducacao\/wp-json\/wp\/v2\/tags?post=297"},{"taxonomy":"blog_nivel_escolar","embeddable":true,"href":"https:\/\/projetoslayerup.com.br\/smeducacao\/wp-json\/wp\/v2\/blog_nivel_escolar?post=297"},{"taxonomy":"blog_segmento_escolar","embeddable":true,"href":"https:\/\/projetoslayerup.com.br\/smeducacao\/wp-json\/wp\/v2\/blog_segmento_escolar?post=297"}],"curies":[{"name":"wp","href":"https:\/\/api.w.org\/{rel}","templated":true}]}}