{"id":299,"date":"2021-06-11T11:06:15","date_gmt":"2021-06-11T14:06:15","guid":{"rendered":"https:\/\/www.smeducacao.com.br\/\/?p=299"},"modified":"2021-06-11T11:06:15","modified_gmt":"2021-06-11T14:06:15","slug":"planejamento-de-aulas-dicas-essenciais","status":"publish","type":"post","link":"https:\/\/projetoslayerup.com.br\/smeducacao\/planejamento-de-aulas-dicas-essenciais\/","title":{"rendered":"Planejamento de aulas: dicas essenciais para a primeira semana do ano letivo"},"content":{"rendered":"\n<p class=\"wp-block-paragraph\">A primeira semana de aula \u00e9 um per\u00edodo acolhedor, repleto de encontros, hist\u00f3rias e sentimentos. Por isso, o planejamento de aulas nesse momento deve priorizar as <strong>habilidades socioemocionais<\/strong>, criando um espa\u00e7o para o fortalecimento de v\u00ednculos e para uma escuta atenta e verdadeira.<\/p>\n\n\n\n<h2 class=\"wp-block-heading\"><strong>Planejando aulas de acordo com cada ano escolar<\/strong><\/h2>\n\n\n\n<p class=\"wp-block-paragraph\" data-start=\"151\" data-end=\"420\">Antes de tudo, ao planejar as aulas, \u00e9 importante considerar o que cada ano escolar representa para os estudantes. Cada etapa traz consigo um conjunto \u00fanico de expectativas e desafios, e entender essas transi\u00e7\u00f5es \u00e9 fundamental para criar um ambiente acolhedor e eficaz.<\/p>\n<p data-start=\"422\" data-end=\"839\">No <strong data-start=\"425\" data-end=\"441\">primeiro ano<\/strong> do Ensino Fundamental, a crian\u00e7a chega carregada de expectativas e sentimentos. H\u00e1 o impacto de um novo pr\u00e9dio, muitas vezes uma nova escola, novos amigos, materiais did\u00e1ticos diferentes e uma nova professora. \u00c9 um momento de grandes transforma\u00e7\u00f5es e responsabilidades, e \u00e9 essencial que a crian\u00e7a se sinta parte desse novo grupo, sabendo que ter\u00e1 espa\u00e7o para se expressar e participar ativamente.<\/p>\n<p data-start=\"841\" data-end=\"1263\">No <strong data-start=\"844\" data-end=\"857\">sexto ano<\/strong>, os estudantes enfrentam uma nova fase significativa: a mudan\u00e7a para um novo pr\u00e9dio, com mais professores e novas cobran\u00e7as, como a autogest\u00e3o dos estudos. Essa transi\u00e7\u00e3o tamb\u00e9m marca o in\u00edcio da adolesc\u00eancia, o que torna fundamental ajudar os alunos a compreenderem o que est\u00e1 por vir, como administrar seus estudos, entender as mudan\u00e7as emocionais e organizarem o tempo entre estudo e cuidados pessoais.<\/p>\n<p data-start=\"1265\" data-end=\"1728\">O <strong data-start=\"1267\" data-end=\"1299\">primeiro ano do Ensino M\u00e9dio<\/strong> \u00e9 um ponto de virada, onde as exig\u00eancias aumentam e os estudantes come\u00e7am a tomar decis\u00f5es importantes sobre o futuro. Com as <a href=\"https:\/\/projetoslayerup.com.br\/smeducacao\/ensino-medio-2021-o-que-mudou-e-como-a-escola-pode-se-adaptar\/\" target=\"_blank\" rel=\"noopener\">novas estruturas do Ensino M\u00e9dio<\/a>, \u00e9 necess\u00e1rio preparar os alunos para equilibrar suas necessidades pessoais com os estudos. Discutir como administrar o tempo, como estabelecer rela\u00e7\u00f5es interpessoais saud\u00e1veis e como lidar com a pluralidade de ideias e sentimentos \u00e9 crucial nesse momento de transi\u00e7\u00e3o.<\/p>\n\n\n\n<h2 class=\"wp-block-heading\"><strong>Considere os pontos de transi\u00e7\u00e3o no planejamento de aulas<\/strong><\/h2>\n\n\n\n<p class=\"wp-block-paragraph\">Embora os tr\u00eas anos de transi\u00e7\u00e3o sejam especialmente significativos, \u00e9 importante que o planejamento de aulas tamb\u00e9m leve em considera\u00e7\u00e3o as expectativas e desafios de cada ano escolar.<\/p>\n<p>Cada novo ano traz o questionamento sobre quem ser\u00e1 o novo professor, como se formar\u00e3o os grupos de amizade, quais ser\u00e3o as novas aprendizagens e responsabilidades. Isso deve ser considerado para que o processo de ensino e aprendizagem seja o mais acolhedor e eficiente poss\u00edvel.<\/p>\n<p>Veja algumas dicas:<\/p>\n<h3 data-start=\"81\" data-end=\"481\">Ofere\u00e7a espa\u00e7os de fala e escuta<\/h3>\n<p data-start=\"81\" data-end=\"481\">Valorize as boas hist\u00f3rias, os relatos e os sentimentos. Este ser\u00e1 um momento de acolhimento, onde, al\u00e9m das expectativas comuns de in\u00edcio de ano, \u00e9 importante permitir que os alunos compartilhem suas experi\u00eancias e sentimentos. Essa abertura contribui para a constru\u00e7\u00e3o de uma nova fase na escola, trazendo \u00e0 tona emo\u00e7\u00f5es ligadas ao recome\u00e7o e ao pertencimento.<\/p>\n<h3 data-start=\"483\" data-end=\"836\">Apresente o novo ano aos alunos<\/h3>\n<p data-start=\"483\" data-end=\"836\">Compartilhe com os estudantes o que os aguarda, quais s\u00e3o as metas a serem alcan\u00e7adas e os conhecimentos que ser\u00e3o adquiridos. Convide-os a refletir sobre o que j\u00e1 sabem e o que aprender\u00e3o ao longo do ano. Use essa reflex\u00e3o para promover a autoavalia\u00e7\u00e3o e ajudar no desenvolvimento da consci\u00eancia sobre o pr\u00f3prio aprendizado.<\/p>\n<h3 data-start=\"838\" data-end=\"1100\">Determinem, juntos, os combinados da turma<\/h3>\n<p data-start=\"838\" data-end=\"1100\">Incentive os alunos a falar sobre o que os incomoda, o que desejam e como gostariam de se relacionar. Isso os ajudar\u00e1 a criar bons combinados para um ambiente de respeito m\u00fatuo e harmonia no decorrer do ano letivo.<\/p>\n<h3 data-start=\"1102\" data-end=\"1353\"><strong data-start=\"1102\" data-end=\"1142\">Exponha formas de organizar o tempo<\/strong><\/h3>\n<p data-start=\"1102\" data-end=\"1353\">Discuta como dividir os momentos de cuidado pessoal, de estudo, lazer, planos e metas. Ensinar a organiza\u00e7\u00e3o do tempo \u00e9 essencial para que os alunos desenvolvam habilidades de gest\u00e3o e equil\u00edbrio em suas vidas.<\/p>\n<h3 data-start=\"1355\" data-end=\"1635\">Conte quem \u00e9 voc\u00ea (ou voc\u00eas, quando h\u00e1 mais de um professor)<\/h3>\n<p data-start=\"1355\" data-end=\"1635\">Compartilhe sua hist\u00f3ria pessoal e profissional. Fale sobre suas metas, como trabalha e como pretende estabelecer pr\u00e1ticas de aprendizado que incentivem o crescimento e o desenvolvimento dos alunos ao longo do ano.<\/p>\n\n\n\n<p class=\"wp-block-paragraph\">A volta \u00e0s aulas deve ser essencial para estabelecer v\u00ednculos, fortalecer rela\u00e7\u00f5es e definir os objetivos para o ano. Com esses pontos bem definidos, estaremos prontos para avan\u00e7ar para as a\u00e7\u00f5es pr\u00e1ticas de aprendizagem!<\/p>\n<p>Este n\u00e3o \u00e9 o momento para organizar simplesmente o conte\u00fado de ensino, mas sim para construir parcerias com os alunos. \u00c9 uma oportunidade para conhecer os estudantes, suas expectativas e os desafios que podem surgir ao longo do ano.<\/p>\n<p>A escola que estamos retornando n\u00e3o ser\u00e1 a mesma de antes. Por isso, \u00e9 fundamental permitir o di\u00e1logo aberto e o protagonismo dos alunos nesse processo. Em vez de programar atividades r\u00edgidas, convide-os a se envolverem ativamente, para que se sintam parte de uma jornada coletiva, com metas e objetivos compartilhados ao longo do ano.<\/p>\n","protected":false},"excerpt":{"rendered":"<p>A primeira semana de aula \u00e9 um per\u00edodo acolhedor, repleto de encontros, hist\u00f3rias e sentimentos. Por isso, o planejamento de aulas nesse momento deve priorizar as habilidades socioemocionais, criando um espa\u00e7o para o fortalecimento de v\u00ednculos e para uma escuta atenta e verdadeira. Planejando aulas de acordo com cada ano escolar Antes de tudo, ao [&hellip;]<\/p>\n","protected":false},"author":2,"featured_media":4491,"comment_status":"open","ping_status":"open","sticky":false,"template":"","format":"standard","meta":{"_acf_changed":false,"footnotes":""},"categories":[4,17],"tags":[],"blog_nivel_escolar":[],"blog_segmento_escolar":[],"class_list":["post-299","post","type-post","status-publish","format-standard","has-post-thumbnail","hentry","category-dicas-professor","category-solucoes-educacionais"],"acf":[],"yoast_head":"<!-- This site is optimized with the Yoast SEO plugin v28.3 - https:\/\/yoast.com\/product\/yoast-seo-wordpress\/ -->\n<title>Planejamento de aulas: dicas para a primeira semana do ano letivo<\/title>\n<meta name=\"description\" content=\"Descubra como planejar a primeira semana de aula de forma acolhedora, focando na constru\u00e7\u00e3o de v\u00ednculos e no protagonismo dos alunos.\" \/>\n<meta name=\"robots\" content=\"noindex, follow, max-snippet:-1, max-image-preview:large, max-video-preview:-1\" \/>\n<meta property=\"og:locale\" content=\"pt_BR\" \/>\n<meta property=\"og:type\" content=\"article\" \/>\n<meta property=\"og:title\" content=\"Planejamento de aulas: dicas para a primeira semana do ano letivo\" \/>\n<meta property=\"og:description\" content=\"Descubra como planejar a primeira semana de aula de forma acolhedora, focando na constru\u00e7\u00e3o de v\u00ednculos e no protagonismo dos alunos.\" \/>\n<meta property=\"og:url\" content=\"https:\/\/projetoslayerup.com.br\/smeducacao\/planejamento-de-aulas-dicas-essenciais\/\" \/>\n<meta property=\"og:site_name\" content=\"SM Educa\u00e7\u00e3o - Juntos cuidamos da educa\u00e7\u00e3o!\" \/>\n<meta property=\"article:published_time\" content=\"2021-06-11T14:06:15+00:00\" \/>\n<meta property=\"og:image\" content=\"https:\/\/projetoslayerup.com.br\/smeducacao\/wp-content\/uploads\/2021\/06\/Blog-Planejando-aulas-na-primeira-semana-de-2021-960x360-.png\" \/>\n\t<meta property=\"og:image:width\" content=\"960\" \/>\n\t<meta property=\"og:image:height\" content=\"360\" \/>\n\t<meta property=\"og:image:type\" content=\"image\/png\" \/>\n<meta name=\"author\" content=\"SM Educa\u00e7\u00e3o\" \/>\n<meta name=\"twitter:card\" content=\"summary_large_image\" \/>\n<meta name=\"twitter:label1\" content=\"Escrito por\" \/>\n\t<meta name=\"twitter:data1\" content=\"SM Educa\u00e7\u00e3o\" \/>\n\t<meta name=\"twitter:label2\" content=\"Est. tempo de leitura\" \/>\n\t<meta name=\"twitter:data2\" content=\"5 minutos\" \/>\n<script type=\"application\/ld+json\" class=\"yoast-schema-graph\">{\"@context\":\"https:\\\/\\\/schema.org\",\"@graph\":[{\"@type\":\"Article\",\"@id\":\"https:\\\/\\\/projetoslayerup.com.br\\\/smeducacao\\\/planejamento-de-aulas-dicas-essenciais\\\/#article\",\"isPartOf\":{\"@id\":\"https:\\\/\\\/projetoslayerup.com.br\\\/smeducacao\\\/planejamento-de-aulas-dicas-essenciais\\\/\"},\"author\":{\"name\":\"SM Educa\u00e7\u00e3o\",\"@id\":\"https:\\\/\\\/projetoslayerup.com.br\\\/smeducacao\\\/#\\\/schema\\\/person\\\/45d7d41388698d0f902ff276caab47f5\"},\"headline\":\"Planejamento de aulas: dicas essenciais para a primeira semana do ano letivo\",\"datePublished\":\"2021-06-11T14:06:15+00:00\",\"mainEntityOfPage\":{\"@id\":\"https:\\\/\\\/projetoslayerup.com.br\\\/smeducacao\\\/planejamento-de-aulas-dicas-essenciais\\\/\"},\"wordCount\":829,\"commentCount\":1,\"image\":{\"@id\":\"https:\\\/\\\/projetoslayerup.com.br\\\/smeducacao\\\/planejamento-de-aulas-dicas-essenciais\\\/#primaryimage\"},\"thumbnailUrl\":\"https:\\\/\\\/projetoslayerup.com.br\\\/smeducacao\\\/wp-content\\\/uploads\\\/2021\\\/06\\\/Blog-Planejando-aulas-na-primeira-semana-de-2021-960x360-.png\",\"articleSection\":[\"Dicas para professores\",\"Solu\u00e7\u00f5es educacionais\"],\"inLanguage\":\"pt-BR\",\"potentialAction\":[{\"@type\":\"CommentAction\",\"name\":\"Comment\",\"target\":[\"https:\\\/\\\/projetoslayerup.com.br\\\/smeducacao\\\/planejamento-de-aulas-dicas-essenciais\\\/#respond\"]}]},{\"@type\":\"WebPage\",\"@id\":\"https:\\\/\\\/projetoslayerup.com.br\\\/smeducacao\\\/planejamento-de-aulas-dicas-essenciais\\\/\",\"url\":\"https:\\\/\\\/projetoslayerup.com.br\\\/smeducacao\\\/planejamento-de-aulas-dicas-essenciais\\\/\",\"name\":\"Planejamento de aulas: dicas para a primeira semana do ano letivo\",\"isPartOf\":{\"@id\":\"https:\\\/\\\/projetoslayerup.com.br\\\/smeducacao\\\/#website\"},\"primaryImageOfPage\":{\"@id\":\"https:\\\/\\\/projetoslayerup.com.br\\\/smeducacao\\\/planejamento-de-aulas-dicas-essenciais\\\/#primaryimage\"},\"image\":{\"@id\":\"https:\\\/\\\/projetoslayerup.com.br\\\/smeducacao\\\/planejamento-de-aulas-dicas-essenciais\\\/#primaryimage\"},\"thumbnailUrl\":\"https:\\\/\\\/projetoslayerup.com.br\\\/smeducacao\\\/wp-content\\\/uploads\\\/2021\\\/06\\\/Blog-Planejando-aulas-na-primeira-semana-de-2021-960x360-.png\",\"datePublished\":\"2021-06-11T14:06:15+00:00\",\"author\":{\"@id\":\"https:\\\/\\\/projetoslayerup.com.br\\\/smeducacao\\\/#\\\/schema\\\/person\\\/45d7d41388698d0f902ff276caab47f5\"},\"description\":\"Descubra como planejar a primeira semana de aula de forma acolhedora, focando na constru\u00e7\u00e3o de v\u00ednculos e no protagonismo dos alunos.\",\"breadcrumb\":{\"@id\":\"https:\\\/\\\/projetoslayerup.com.br\\\/smeducacao\\\/planejamento-de-aulas-dicas-essenciais\\\/#breadcrumb\"},\"inLanguage\":\"pt-BR\",\"potentialAction\":[{\"@type\":\"ReadAction\",\"target\":[\"https:\\\/\\\/projetoslayerup.com.br\\\/smeducacao\\\/planejamento-de-aulas-dicas-essenciais\\\/\"]}]},{\"@type\":\"ImageObject\",\"inLanguage\":\"pt-BR\",\"@id\":\"https:\\\/\\\/projetoslayerup.com.br\\\/smeducacao\\\/planejamento-de-aulas-dicas-essenciais\\\/#primaryimage\",\"url\":\"https:\\\/\\\/projetoslayerup.com.br\\\/smeducacao\\\/wp-content\\\/uploads\\\/2021\\\/06\\\/Blog-Planejando-aulas-na-primeira-semana-de-2021-960x360-.png\",\"contentUrl\":\"https:\\\/\\\/projetoslayerup.com.br\\\/smeducacao\\\/wp-content\\\/uploads\\\/2021\\\/06\\\/Blog-Planejando-aulas-na-primeira-semana-de-2021-960x360-.png\",\"width\":960,\"height\":360,\"caption\":\"Blog - Planejando aulas na primeira semana de 2021\"},{\"@type\":\"BreadcrumbList\",\"@id\":\"https:\\\/\\\/projetoslayerup.com.br\\\/smeducacao\\\/planejamento-de-aulas-dicas-essenciais\\\/#breadcrumb\",\"itemListElement\":[{\"@type\":\"ListItem\",\"position\":1,\"name\":\"In\u00edcio\",\"item\":\"https:\\\/\\\/projetoslayerup.com.br\\\/smeducacao\\\/\"},{\"@type\":\"ListItem\",\"position\":2,\"name\":\"Planejamento de aulas: dicas essenciais para a primeira semana do ano letivo\"}]},{\"@type\":\"WebSite\",\"@id\":\"https:\\\/\\\/projetoslayerup.com.br\\\/smeducacao\\\/#website\",\"url\":\"https:\\\/\\\/projetoslayerup.com.br\\\/smeducacao\\\/\",\"name\":\"SM Educa\u00e7\u00e3o - Juntos cuidamos da educa\u00e7\u00e3o!\",\"description\":\"Transformamos a educa\u00e7\u00e3o por meio de solu\u00e7\u00f5es digitais, solu\u00e7\u00f5es did\u00e1ticas para uma aprendizagem personalizada e solu\u00e7\u00f5es estrat\u00e9gicas eficientes. Juntos cuidamos da Educa\u00e7\u00e3o!\",\"potentialAction\":[{\"@type\":\"SearchAction\",\"target\":{\"@type\":\"EntryPoint\",\"urlTemplate\":\"https:\\\/\\\/projetoslayerup.com.br\\\/smeducacao\\\/?s={search_term_string}\"},\"query-input\":{\"@type\":\"PropertyValueSpecification\",\"valueRequired\":true,\"valueName\":\"search_term_string\"}}],\"inLanguage\":\"pt-BR\"},{\"@type\":\"Person\",\"@id\":\"https:\\\/\\\/projetoslayerup.com.br\\\/smeducacao\\\/#\\\/schema\\\/person\\\/45d7d41388698d0f902ff276caab47f5\",\"name\":\"SM Educa\u00e7\u00e3o\",\"image\":{\"@type\":\"ImageObject\",\"inLanguage\":\"pt-BR\",\"@id\":\"https:\\\/\\\/secure.gravatar.com\\\/avatar\\\/24327468bc2a6fb95889620b4158620d90c5e352f7a18c30af0e3f8cb70bc104?s=96&d=mm&r=g\",\"url\":\"https:\\\/\\\/secure.gravatar.com\\\/avatar\\\/24327468bc2a6fb95889620b4158620d90c5e352f7a18c30af0e3f8cb70bc104?s=96&d=mm&r=g\",\"contentUrl\":\"https:\\\/\\\/secure.gravatar.com\\\/avatar\\\/24327468bc2a6fb95889620b4158620d90c5e352f7a18c30af0e3f8cb70bc104?s=96&d=mm&r=g\",\"caption\":\"SM Educa\u00e7\u00e3o\"},\"url\":\"https:\\\/\\\/projetoslayerup.com.br\\\/smeducacao\\\/author\\\/smeducacao2021\\\/\"}]}<\/script>\n<!-- \/ Yoast SEO plugin. -->","yoast_head_json":{"title":"Planejamento de aulas: dicas para a primeira semana do ano letivo","description":"Descubra como planejar a primeira semana de aula de forma acolhedora, focando na constru\u00e7\u00e3o de v\u00ednculos e no protagonismo dos alunos.","robots":{"index":"noindex","follow":"follow","max-snippet":"max-snippet:-1","max-image-preview":"max-image-preview:large","max-video-preview":"max-video-preview:-1"},"og_locale":"pt_BR","og_type":"article","og_title":"Planejamento de aulas: dicas para a primeira semana do ano letivo","og_description":"Descubra como planejar a primeira semana de aula de forma acolhedora, focando na constru\u00e7\u00e3o de v\u00ednculos e no protagonismo dos alunos.","og_url":"https:\/\/projetoslayerup.com.br\/smeducacao\/planejamento-de-aulas-dicas-essenciais\/","og_site_name":"SM Educa\u00e7\u00e3o - Juntos cuidamos da educa\u00e7\u00e3o!","article_published_time":"2021-06-11T14:06:15+00:00","og_image":[{"width":960,"height":360,"url":"https:\/\/projetoslayerup.com.br\/smeducacao\/wp-content\/uploads\/2021\/06\/Blog-Planejando-aulas-na-primeira-semana-de-2021-960x360-.png","type":"image\/png"}],"author":"SM Educa\u00e7\u00e3o","twitter_card":"summary_large_image","twitter_misc":{"Escrito por":"SM Educa\u00e7\u00e3o","Est. tempo de leitura":"5 minutos"},"schema":{"@context":"https:\/\/schema.org","@graph":[{"@type":"Article","@id":"https:\/\/projetoslayerup.com.br\/smeducacao\/planejamento-de-aulas-dicas-essenciais\/#article","isPartOf":{"@id":"https:\/\/projetoslayerup.com.br\/smeducacao\/planejamento-de-aulas-dicas-essenciais\/"},"author":{"name":"SM Educa\u00e7\u00e3o","@id":"https:\/\/projetoslayerup.com.br\/smeducacao\/#\/schema\/person\/45d7d41388698d0f902ff276caab47f5"},"headline":"Planejamento de aulas: dicas essenciais para a primeira semana do ano letivo","datePublished":"2021-06-11T14:06:15+00:00","mainEntityOfPage":{"@id":"https:\/\/projetoslayerup.com.br\/smeducacao\/planejamento-de-aulas-dicas-essenciais\/"},"wordCount":829,"commentCount":1,"image":{"@id":"https:\/\/projetoslayerup.com.br\/smeducacao\/planejamento-de-aulas-dicas-essenciais\/#primaryimage"},"thumbnailUrl":"https:\/\/projetoslayerup.com.br\/smeducacao\/wp-content\/uploads\/2021\/06\/Blog-Planejando-aulas-na-primeira-semana-de-2021-960x360-.png","articleSection":["Dicas para professores","Solu\u00e7\u00f5es educacionais"],"inLanguage":"pt-BR","potentialAction":[{"@type":"CommentAction","name":"Comment","target":["https:\/\/projetoslayerup.com.br\/smeducacao\/planejamento-de-aulas-dicas-essenciais\/#respond"]}]},{"@type":"WebPage","@id":"https:\/\/projetoslayerup.com.br\/smeducacao\/planejamento-de-aulas-dicas-essenciais\/","url":"https:\/\/projetoslayerup.com.br\/smeducacao\/planejamento-de-aulas-dicas-essenciais\/","name":"Planejamento de aulas: dicas para a primeira semana do ano letivo","isPartOf":{"@id":"https:\/\/projetoslayerup.com.br\/smeducacao\/#website"},"primaryImageOfPage":{"@id":"https:\/\/projetoslayerup.com.br\/smeducacao\/planejamento-de-aulas-dicas-essenciais\/#primaryimage"},"image":{"@id":"https:\/\/projetoslayerup.com.br\/smeducacao\/planejamento-de-aulas-dicas-essenciais\/#primaryimage"},"thumbnailUrl":"https:\/\/projetoslayerup.com.br\/smeducacao\/wp-content\/uploads\/2021\/06\/Blog-Planejando-aulas-na-primeira-semana-de-2021-960x360-.png","datePublished":"2021-06-11T14:06:15+00:00","author":{"@id":"https:\/\/projetoslayerup.com.br\/smeducacao\/#\/schema\/person\/45d7d41388698d0f902ff276caab47f5"},"description":"Descubra como planejar a primeira semana de aula de forma acolhedora, focando na constru\u00e7\u00e3o de v\u00ednculos e no protagonismo dos alunos.","breadcrumb":{"@id":"https:\/\/projetoslayerup.com.br\/smeducacao\/planejamento-de-aulas-dicas-essenciais\/#breadcrumb"},"inLanguage":"pt-BR","potentialAction":[{"@type":"ReadAction","target":["https:\/\/projetoslayerup.com.br\/smeducacao\/planejamento-de-aulas-dicas-essenciais\/"]}]},{"@type":"ImageObject","inLanguage":"pt-BR","@id":"https:\/\/projetoslayerup.com.br\/smeducacao\/planejamento-de-aulas-dicas-essenciais\/#primaryimage","url":"https:\/\/projetoslayerup.com.br\/smeducacao\/wp-content\/uploads\/2021\/06\/Blog-Planejando-aulas-na-primeira-semana-de-2021-960x360-.png","contentUrl":"https:\/\/projetoslayerup.com.br\/smeducacao\/wp-content\/uploads\/2021\/06\/Blog-Planejando-aulas-na-primeira-semana-de-2021-960x360-.png","width":960,"height":360,"caption":"Blog - Planejando aulas na primeira semana de 2021"},{"@type":"BreadcrumbList","@id":"https:\/\/projetoslayerup.com.br\/smeducacao\/planejamento-de-aulas-dicas-essenciais\/#breadcrumb","itemListElement":[{"@type":"ListItem","position":1,"name":"In\u00edcio","item":"https:\/\/projetoslayerup.com.br\/smeducacao\/"},{"@type":"ListItem","position":2,"name":"Planejamento de aulas: dicas essenciais para a primeira semana do ano letivo"}]},{"@type":"WebSite","@id":"https:\/\/projetoslayerup.com.br\/smeducacao\/#website","url":"https:\/\/projetoslayerup.com.br\/smeducacao\/","name":"SM Educa\u00e7\u00e3o - Juntos cuidamos da educa\u00e7\u00e3o!","description":"Transformamos a educa\u00e7\u00e3o por meio de solu\u00e7\u00f5es digitais, solu\u00e7\u00f5es did\u00e1ticas para uma aprendizagem personalizada e solu\u00e7\u00f5es estrat\u00e9gicas eficientes. Juntos cuidamos da Educa\u00e7\u00e3o!","potentialAction":[{"@type":"SearchAction","target":{"@type":"EntryPoint","urlTemplate":"https:\/\/projetoslayerup.com.br\/smeducacao\/?s={search_term_string}"},"query-input":{"@type":"PropertyValueSpecification","valueRequired":true,"valueName":"search_term_string"}}],"inLanguage":"pt-BR"},{"@type":"Person","@id":"https:\/\/projetoslayerup.com.br\/smeducacao\/#\/schema\/person\/45d7d41388698d0f902ff276caab47f5","name":"SM Educa\u00e7\u00e3o","image":{"@type":"ImageObject","inLanguage":"pt-BR","@id":"https:\/\/secure.gravatar.com\/avatar\/24327468bc2a6fb95889620b4158620d90c5e352f7a18c30af0e3f8cb70bc104?s=96&d=mm&r=g","url":"https:\/\/secure.gravatar.com\/avatar\/24327468bc2a6fb95889620b4158620d90c5e352f7a18c30af0e3f8cb70bc104?s=96&d=mm&r=g","contentUrl":"https:\/\/secure.gravatar.com\/avatar\/24327468bc2a6fb95889620b4158620d90c5e352f7a18c30af0e3f8cb70bc104?s=96&d=mm&r=g","caption":"SM Educa\u00e7\u00e3o"},"url":"https:\/\/projetoslayerup.com.br\/smeducacao\/author\/smeducacao2021\/"}]}},"_links":{"self":[{"href":"https:\/\/projetoslayerup.com.br\/smeducacao\/wp-json\/wp\/v2\/posts\/299","targetHints":{"allow":["GET"]}}],"collection":[{"href":"https:\/\/projetoslayerup.com.br\/smeducacao\/wp-json\/wp\/v2\/posts"}],"about":[{"href":"https:\/\/projetoslayerup.com.br\/smeducacao\/wp-json\/wp\/v2\/types\/post"}],"author":[{"embeddable":true,"href":"https:\/\/projetoslayerup.com.br\/smeducacao\/wp-json\/wp\/v2\/users\/2"}],"replies":[{"embeddable":true,"href":"https:\/\/projetoslayerup.com.br\/smeducacao\/wp-json\/wp\/v2\/comments?post=299"}],"version-history":[{"count":0,"href":"https:\/\/projetoslayerup.com.br\/smeducacao\/wp-json\/wp\/v2\/posts\/299\/revisions"}],"wp:featuredmedia":[{"embeddable":true,"href":"https:\/\/projetoslayerup.com.br\/smeducacao\/wp-json\/wp\/v2\/media\/4491"}],"wp:attachment":[{"href":"https:\/\/projetoslayerup.com.br\/smeducacao\/wp-json\/wp\/v2\/media?parent=299"}],"wp:term":[{"taxonomy":"category","embeddable":true,"href":"https:\/\/projetoslayerup.com.br\/smeducacao\/wp-json\/wp\/v2\/categories?post=299"},{"taxonomy":"post_tag","embeddable":true,"href":"https:\/\/projetoslayerup.com.br\/smeducacao\/wp-json\/wp\/v2\/tags?post=299"},{"taxonomy":"blog_nivel_escolar","embeddable":true,"href":"https:\/\/projetoslayerup.com.br\/smeducacao\/wp-json\/wp\/v2\/blog_nivel_escolar?post=299"},{"taxonomy":"blog_segmento_escolar","embeddable":true,"href":"https:\/\/projetoslayerup.com.br\/smeducacao\/wp-json\/wp\/v2\/blog_segmento_escolar?post=299"}],"curies":[{"name":"wp","href":"https:\/\/api.w.org\/{rel}","templated":true}]}}