{"id":308,"date":"2017-06-28T14:47:46","date_gmt":"2017-06-28T17:47:46","guid":{"rendered":"http:\/\/sejamudanca.edicoessm.com.br\/?p=200"},"modified":"2017-06-28T14:47:46","modified_gmt":"2017-06-28T17:47:46","slug":"meio-ambiente-e-alimentacao-quer-uma-horta-na-escola","status":"publish","type":"post","link":"https:\/\/projetoslayerup.com.br\/smeducacao\/meio-ambiente-e-alimentacao-quer-uma-horta-na-escola\/","title":{"rendered":"Meio Ambiente e Alimenta\u00e7\u00e3o. Quer uma horta na escola?"},"content":{"rendered":"<p>J\u00e1 pensou o quanto uma horta pode ajudar a sua escola a envolver seus alunos e trazer in\u00fameros est\u00edmulos e aprendizados, promovendo o senso de coletividade e trabalho em equipe? Por exemplo, estimulando a observa\u00e7\u00e3o de como o clima e o cuidado est\u00e3o diretamente ligados ao desenvolvimento das plantas e o quanto elas s\u00e3o importantes na nossa alimenta\u00e7\u00e3o?<\/p>\n<p>Uma horta pode instigar a pesquisa em v\u00e1rias disciplinas e ajudar a experimentar uma vida saud\u00e1vel \u00e0 medida que possibilita aos alunos realizarem atividades pr\u00e1ticas, ao ar livre, em contato com a pr\u00f3pria natureza.<\/p>\n<p>A atra\u00e7\u00e3o pelas plantas \u00e9 atitude instintiva e natural em todos n\u00f3s. Por que n\u00e3o aproveit\u00e1-la? A horta pode tamb\u00e9m estimular o contato e a intera\u00e7\u00e3o com o meio ambiente, incentivando o\u00a0h\u00e1bito alimentar mais saud\u00e1vel. A curiosidade sobre como a vida funciona, como nasce, cresce e se desenvolve, estimula os estudantes a sempre buscar novidades na realidade \u00e0 sua volta.<br \/>\nQue tal implantar uma horta na sua escola para ganhar mais esse poderoso instrumento pedag\u00f3gico, ecol\u00f3gico e humanista que ampliar\u00e1 a gama de atividades oferecidas pela sua institui\u00e7\u00e3o?<\/p>\n<p>Vantagens da horta na escola:<\/p>\n<p>&#8211; Conscientizar e educar as crian\u00e7as e adolescentes sobre a import\u00e2ncia do cuidado com o meio ambiente;<\/p>\n<p>&#8211; \u00a0Criar o aprendizado sobre plantio, semeadura e colheita dos alimentos e flores;<\/p>\n<p>&#8211; Estimular alunos a propagarem o que foi aprendido sobre a horta tanto em casa como nas suas comunidades;<\/p>\n<p>&#8211; Construir um aprendizado sobre o quanto \u00e9 essencial \u00e0 sa\u00fade o uso de alimentos nutritivos e bem cuidados;<\/p>\n<p>&#8211; Repartir as responsabilidades pelo local entre todos, cuidando-o e limpando-o;<\/p>\n<p>&#8211; Promover o trabalho em grupo, com alunos, professores e funcion\u00e1rios, todos engajados no mesmo objetivo e<\/p>\n<p>&#8211; Estimular os professores de outras disciplinas a usarem a horta tamb\u00e9m como m\u00e9todo de ensino.<\/p>\n<p>Com a horta, a teoria ministrada em sala ganha exemplos reais e deixa de ser abstrata, al\u00e9m de aproximar estudantes de h\u00e1bitos saud\u00e1veis e ecologicamente corretos, e de explorar sua rela\u00e7\u00e3o com a natureza e os impactos que suas a\u00e7\u00f5es podem causar no sentido ecol\u00f3gico.<\/p>\n<p>Seja mudan\u00e7a. Ajude a criar a horta da sua escola<\/p>\n<p>Acompanhe nossas redes sociais e conte conosco para est\u00e1 evolu\u00e7\u00e3o na EDUCA\u00c7\u00c3O!<\/p>\n<p><strong>PORQUE A EDUCA\u00c7\u00c3O NOS MOVE!<\/strong><\/p>\n<ul>\n<li style=\"list-style-type: none;\">\n<ul>\n<li>Facebook (<a href=\"http:\/\/clickemailmkt.smbrasil.com.br\/ls\/click?upn=0ol-2FAXqDZWKwdVOx0kejzKQ-2B86uCxE8iCawGKNMwl0JJNpvVBsDyOpJNv18-2F6WY7elo8Sb9SapmrSltD4faMQFfWtPOyFYHpcjYOK2GSUEOYPP3bXfnCtG0jF-2FyNvlyU9RzKsSxp08B87y67wijGk3WiL-2FUjUIRonL1c3k9YLMtSFLBlRcYsLYoRF14NYC9YlLwKx79-2BCwzALgA5UoioxA-3D-3DgD8J_IAQU-2FzAIJiFca56OZICpxs1BJuacCg98tjObg9iFzvCEQ17FQhyPe64c2AwKI0IjalnEgDY7i3vYdQKc8L48b6WwjHNEuMAP9NCd6pD82ifNikZ-2BOZjJpTrl2o8BRp-2FAirnM86CeJ7zZCtEZJQ1M5nOkZuPi0tx-2B3St0XNWaqzeLyM5dxUySFbqjoJSfvBUwxpeeEZLErfPLBGFTRYeLW5xR7CeJKLprQjTQGzWhlslrE6ahN1-2FnnfOpdhdavhnY8-2BNwcNPsEq1HzNhhpTUgy9Rq-2FwwM-2Fa2VsMADrSl2p6sq23OHhP9pvtjgTalaZVtET55Q2qMqzoNcA-2FvSuVaqusJVk1-2FEKs9-2F6kTlxZKChnjZi90JoATIqzsu4jWXANIGyCIc3OG6RpWmqN5X3bepQSwj78PH5AGApBSKxWhGnEGXhEoQujITKGz1AO6YUriWUvaZT3BsWugzjfyvxGeLokVlbezDubpULT-2BuXKnW-2FIkzlx3PKszPYwV8MiChsdKO\" target=\"_blank\" rel=\"noopener noreferrer\">https:\/\/www.facebook.com\/SMEducacao\/<\/a>)<\/li>\n<li>Instagram: (<a href=\"http:\/\/clickemailmkt.smbrasil.com.br\/ls\/click?upn=0ol-2FAXqDZWKwdVOx0kejzLxyM57Q-2BhUjG2lmqEd2cQq8eRmhGSNtGfnvbC8lXuaSYDv1nrJpFmmjr9lzhFurGZQWj2dSCBez30DWmCdqiFs9xFdyE97zB1E3u0eU2f-2BneU4hySaI9d5zAANUnaDyo5H5AALJcE2KityC-2FRNFTrQT85B7tCHBowYBI3ZEtB0WLdXCi4WFhDfstq4fJkqKbYmbsx0e-2B0IiHLYL-2FBjDEv8-3D-MYn_IAQU-2FzAIJiFca56OZICpxs1BJuacCg98tjObg9iFzvCEQ17FQhyPe64c2AwKI0IjalnEgDY7i3vYdQKc8L48b6WwjHNEuMAP9NCd6pD82ifNikZ-2BOZjJpTrl2o8BRp-2FAirnM86CeJ7zZCtEZJQ1M5nOkZuPi0tx-2B3St0XNWaqzeLyM5dxUySFbqjoJSfvBUwxpeeEZLErfPLBGFTRYeLW5xR7CeJKLprQjTQGzWhlslrE6ahN1-2FnnfOpdhdavhnY8-2BNwcNPsEq1HzNhhpTUgy9Rq-2FwwM-2Fa2VsMADrSl2p6sq23OHhP9pvtjgTalaZVtET55Q2qMqzoNcA-2FvSuVaqussN9L7g7d2nDbtIH8Tt4Ld5N0synJyuSQRULc1GM6k9wVuciu2vT42DbO60-2B2GDBMvta3ytnz56MucjPuU7sEej0zkgR9Itzox8x-2BIdVE6hGiqGn7RJ2Co94lukp5sWFhvzyt2nDIsmRkXsINPADRurXvZx3OvuRGJQrmrNqZKf\" target=\"_blank\" rel=\"noopener noreferrer\">https:\/\/www.instagram.com\/smeducacao\/?hl=pt-br<\/a>)<\/li>\n<li>LinkedIn: (<a href=\"http:\/\/clickemailmkt.smbrasil.com.br\/ls\/click?upn=0ol-2FAXqDZWKwdVOx0kejzDCUXix2KfN-2F86yGJeIqQFtC78yi2jRN-2F40qVkkFM7-2FJwt0urH9eWgcHNx67eH1KDHr9TQnv7jSwsqUZrNGDYtKx44UG3gL-2BF26TVx2Eyask0v3Udc72mofrdOuPWxpKOjaRPek2TeOLSaoXqpEJNgRbCaBVCEDAoFDx-2BJ01Mo4fTDsZtG0IgOV2LrV-2F8fgc6ug1qf2v5gwQWY9-2BA-2BnSJmQ-3DtrLU_IAQU-2FzAIJiFca56OZICpxs1BJuacCg98tjObg9iFzvCEQ17FQhyPe64c2AwKI0IjalnEgDY7i3vYdQKc8L48b6WwjHNEuMAP9NCd6pD82ifNikZ-2BOZjJpTrl2o8BRp-2FAirnM86CeJ7zZCtEZJQ1M5nOkZuPi0tx-2B3St0XNWaqzeLyM5dxUySFbqjoJSfvBUwxpeeEZLErfPLBGFTRYeLW5xR7CeJKLprQjTQGzWhlslrE6ahN1-2FnnfOpdhdavhnY8-2BNwcNPsEq1HzNhhpTUgy9Rq-2FwwM-2Fa2VsMADrSl2p6sq23OHhP9pvtjgTalaZVtET55Q2qMqzoNcA-2FvSuVaquqORk3I5CeEwNv9wQHhZoJMvNvve9u-2FYtO5irlKDGhMzUROy75PhHJbXKRsiS8S9TEw4aBvlhvWgguXzjpKlD0XxZ0hPMUbuzGLx911LKiTTYTkHxFmEI-2B3PsCQK4Fb3fO-2FCCL3cQ-2FhXqUrnV-2BhlynrL7h1aWWb1IYBSvDiVBhpa\" target=\"_blank\" rel=\"noopener noreferrer\">https:\/\/www.linkedin.com\/company\/sm-educacao\/<\/a>)<\/li>\n<li>YouTube:\u00a0<a href=\"http:\/\/clickemailmkt.smbrasil.com.br\/ls\/click?upn=0ol-2FAXqDZWKwdVOx0kejzE1Sq-2BP8sgreIBBXDAWVszXZgq42UKnxRR-2FyzjalmmJ-2Bb-2B1KqizX6bcJiLoJOYQzsAz-2B09gV8y-2FxamuuNiIuU9JF0YhUqZz599vtr8KUuMtnstYRaMB7DjTf-2F3oGFJCdXIttWHrxqfQxgEZnrt2xH-2Fw4ZVVOnIlTOLTmBW73PqE-2B-2F1M7Qu1Zj7ua5OvgQv43VB6h-2BPlQZBy7dsiOLzlfKJQ-3DEI8A_IAQU-2FzAIJiFca56OZICpxs1BJuacCg98tjObg9iFzvCEQ17FQhyPe64c2AwKI0IjalnEgDY7i3vYdQKc8L48b6WwjHNEuMAP9NCd6pD82ifNikZ-2BOZjJpTrl2o8BRp-2FAirnM86CeJ7zZCtEZJQ1M5nOkZuPi0tx-2B3St0XNWaqzeLyM5dxUySFbqjoJSfvBUwxpeeEZLErfPLBGFTRYeLW5xR7CeJKLprQjTQGzWhlslrE6ahN1-2FnnfOpdhdavhnY8-2BNwcNPsEq1HzNhhpTUgy9Rq-2FwwM-2Fa2VsMADrSl2p6sq23OHhP9pvtjgTalaZVtET55Q2qMqzoNcA-2FvSuVaquk5o2sn2xt0Doy6gIihhW2ly1XBynWg-2BDZjYmWhFcg4xTi59oww0ydwOP7EWs1jJerSeZ-2FtW7UwLU5yz2qZI8Wq2WBrrtMM1aqRbbGiell93AeQCjQgwko-2BWxU8zqe6Fxt9bc667-2FN6iJggA1XtupQW-2FByad5u4O5Tc-2F0A3CSllN\" target=\"_blank\" rel=\"noopener noreferrer\">(https:\/\/www.youtube.com\/user\/edicoessm\/featured<\/a>)<\/li>\n<\/ul>\n<\/li>\n<\/ul>\n<div id=\"formulario-para-aplicacao-ao-final-dos-blogposts-382a210f79fd035353bb\" role=\"main\"><\/div>\n<p><script type=\"text\/javascript\" src=\"https:\/\/d335luupugsy2.cloudfront.net\/js\/rdstation-forms\/stable\/rdstation-forms.min.js\"><\/script><br \/>\n<script type=\"text\/javascript\"> new RDStationForms('formulario-para-aplicacao-ao-final-dos-blogposts-382a210f79fd035353bb', 'UA-12840758-1').createForm();<\/script><\/p>\n","protected":false},"excerpt":{"rendered":"<p>J\u00e1 pensou o quanto uma horta pode ajudar a sua escola a envolver seus alunos e trazer in\u00fameros est\u00edmulos e aprendizados, promovendo o senso de coletividade e trabalho em equipe? Por exemplo, estimulando a observa\u00e7\u00e3o de como o clima e o cuidado est\u00e3o diretamente ligados ao desenvolvimento das plantas e o quanto elas s\u00e3o importantes [&hellip;]<\/p>\n","protected":false},"author":2,"featured_media":5106,"comment_status":"open","ping_status":"open","sticky":false,"template":"","format":"standard","meta":{"_acf_changed":false,"footnotes":""},"categories":[4,18,16],"tags":[22,6,7,23,9],"blog_nivel_escolar":[],"blog_segmento_escolar":[],"class_list":["post-308","post","type-post","status-publish","format-standard","has-post-thumbnail","hentry","category-dicas-professor","category-inovacao-do-ensino","category-tendencias-educacao","tag-horta-na-escola","tag-pnld","tag-pnld-2018","tag-pnld-biologia","tag-seja-mudanca"],"acf":[],"yoast_head":"<!-- This site is optimized with the Yoast SEO plugin v28.3 - https:\/\/yoast.com\/product\/yoast-seo-wordpress\/ -->\n<title>Meio Ambiente e Alimenta\u00e7\u00e3o. Quer uma horta na escola? - SM Educa\u00e7\u00e3o - Juntos cuidamos da educa\u00e7\u00e3o!<\/title>\n<meta name=\"description\" content=\"A horta na escola pode ajudar a envolver os alunos, trazendo est\u00edmulos e aprendizados, bem como o senso de coletividade e trabalho em equipe.\" \/>\n<meta name=\"robots\" content=\"noindex, follow, max-snippet:-1, max-image-preview:large, max-video-preview:-1\" \/>\n<meta property=\"og:locale\" content=\"pt_BR\" \/>\n<meta property=\"og:type\" content=\"article\" \/>\n<meta property=\"og:title\" content=\"Meio Ambiente e Alimenta\u00e7\u00e3o. Quer uma horta na escola? - SM Educa\u00e7\u00e3o - Juntos cuidamos da educa\u00e7\u00e3o!\" \/>\n<meta property=\"og:description\" content=\"A horta na escola pode ajudar a envolver os alunos, trazendo est\u00edmulos e aprendizados, bem como o senso de coletividade e trabalho em equipe.\" \/>\n<meta property=\"og:url\" content=\"https:\/\/projetoslayerup.com.br\/smeducacao\/meio-ambiente-e-alimentacao-quer-uma-horta-na-escola\/\" \/>\n<meta property=\"og:site_name\" content=\"SM Educa\u00e7\u00e3o - Juntos cuidamos da educa\u00e7\u00e3o!\" \/>\n<meta property=\"article:published_time\" content=\"2017-06-28T17:47:46+00:00\" \/>\n<meta property=\"og:image\" content=\"https:\/\/projetoslayerup.com.br\/smeducacao\/wp-content\/uploads\/2017\/06\/meio-ambiente-1.png\" \/>\n\t<meta property=\"og:image:width\" content=\"1920\" \/>\n\t<meta property=\"og:image:height\" content=\"1080\" \/>\n\t<meta property=\"og:image:type\" content=\"image\/png\" \/>\n<meta name=\"author\" content=\"SM Educa\u00e7\u00e3o\" \/>\n<meta name=\"twitter:card\" content=\"summary_large_image\" \/>\n<meta name=\"twitter:label1\" content=\"Escrito por\" \/>\n\t<meta name=\"twitter:data1\" content=\"SM Educa\u00e7\u00e3o\" \/>\n\t<meta name=\"twitter:label2\" content=\"Est. tempo de leitura\" \/>\n\t<meta name=\"twitter:data2\" content=\"3 minutos\" \/>\n<script type=\"application\/ld+json\" class=\"yoast-schema-graph\">{\"@context\":\"https:\\\/\\\/schema.org\",\"@graph\":[{\"@type\":\"Article\",\"@id\":\"https:\\\/\\\/projetoslayerup.com.br\\\/smeducacao\\\/meio-ambiente-e-alimentacao-quer-uma-horta-na-escola\\\/#article\",\"isPartOf\":{\"@id\":\"https:\\\/\\\/projetoslayerup.com.br\\\/smeducacao\\\/meio-ambiente-e-alimentacao-quer-uma-horta-na-escola\\\/\"},\"author\":{\"name\":\"SM Educa\u00e7\u00e3o\",\"@id\":\"https:\\\/\\\/projetoslayerup.com.br\\\/smeducacao\\\/#\\\/schema\\\/person\\\/45d7d41388698d0f902ff276caab47f5\"},\"headline\":\"Meio Ambiente e Alimenta\u00e7\u00e3o. Quer uma horta na escola?\",\"datePublished\":\"2017-06-28T17:47:46+00:00\",\"mainEntityOfPage\":{\"@id\":\"https:\\\/\\\/projetoslayerup.com.br\\\/smeducacao\\\/meio-ambiente-e-alimentacao-quer-uma-horta-na-escola\\\/\"},\"wordCount\":441,\"commentCount\":0,\"image\":{\"@id\":\"https:\\\/\\\/projetoslayerup.com.br\\\/smeducacao\\\/meio-ambiente-e-alimentacao-quer-uma-horta-na-escola\\\/#primaryimage\"},\"thumbnailUrl\":\"https:\\\/\\\/projetoslayerup.com.br\\\/smeducacao\\\/wp-content\\\/uploads\\\/2017\\\/06\\\/meio-ambiente-1.png\",\"keywords\":[\"horta na escola\",\"PNLD\",\"PNLD 2018\",\"pnld biologia\",\"seja mudan\u00e7a\"],\"articleSection\":[\"Dicas para professores\",\"Inova\u00e7\u00e3o do ensino\",\"Tend\u00eancias na educa\u00e7\u00e3o\"],\"inLanguage\":\"pt-BR\",\"potentialAction\":[{\"@type\":\"CommentAction\",\"name\":\"Comment\",\"target\":[\"https:\\\/\\\/projetoslayerup.com.br\\\/smeducacao\\\/meio-ambiente-e-alimentacao-quer-uma-horta-na-escola\\\/#respond\"]}]},{\"@type\":\"WebPage\",\"@id\":\"https:\\\/\\\/projetoslayerup.com.br\\\/smeducacao\\\/meio-ambiente-e-alimentacao-quer-uma-horta-na-escola\\\/\",\"url\":\"https:\\\/\\\/projetoslayerup.com.br\\\/smeducacao\\\/meio-ambiente-e-alimentacao-quer-uma-horta-na-escola\\\/\",\"name\":\"Meio Ambiente e Alimenta\u00e7\u00e3o. Quer uma horta na escola? - SM Educa\u00e7\u00e3o - Juntos cuidamos da educa\u00e7\u00e3o!\",\"isPartOf\":{\"@id\":\"https:\\\/\\\/projetoslayerup.com.br\\\/smeducacao\\\/#website\"},\"primaryImageOfPage\":{\"@id\":\"https:\\\/\\\/projetoslayerup.com.br\\\/smeducacao\\\/meio-ambiente-e-alimentacao-quer-uma-horta-na-escola\\\/#primaryimage\"},\"image\":{\"@id\":\"https:\\\/\\\/projetoslayerup.com.br\\\/smeducacao\\\/meio-ambiente-e-alimentacao-quer-uma-horta-na-escola\\\/#primaryimage\"},\"thumbnailUrl\":\"https:\\\/\\\/projetoslayerup.com.br\\\/smeducacao\\\/wp-content\\\/uploads\\\/2017\\\/06\\\/meio-ambiente-1.png\",\"datePublished\":\"2017-06-28T17:47:46+00:00\",\"author\":{\"@id\":\"https:\\\/\\\/projetoslayerup.com.br\\\/smeducacao\\\/#\\\/schema\\\/person\\\/45d7d41388698d0f902ff276caab47f5\"},\"description\":\"A horta na escola pode ajudar a envolver os alunos, trazendo est\u00edmulos e aprendizados, bem como o senso de coletividade e trabalho em equipe.\",\"breadcrumb\":{\"@id\":\"https:\\\/\\\/projetoslayerup.com.br\\\/smeducacao\\\/meio-ambiente-e-alimentacao-quer-uma-horta-na-escola\\\/#breadcrumb\"},\"inLanguage\":\"pt-BR\",\"potentialAction\":[{\"@type\":\"ReadAction\",\"target\":[\"https:\\\/\\\/projetoslayerup.com.br\\\/smeducacao\\\/meio-ambiente-e-alimentacao-quer-uma-horta-na-escola\\\/\"]}]},{\"@type\":\"ImageObject\",\"inLanguage\":\"pt-BR\",\"@id\":\"https:\\\/\\\/projetoslayerup.com.br\\\/smeducacao\\\/meio-ambiente-e-alimentacao-quer-uma-horta-na-escola\\\/#primaryimage\",\"url\":\"https:\\\/\\\/projetoslayerup.com.br\\\/smeducacao\\\/wp-content\\\/uploads\\\/2017\\\/06\\\/meio-ambiente-1.png\",\"contentUrl\":\"https:\\\/\\\/projetoslayerup.com.br\\\/smeducacao\\\/wp-content\\\/uploads\\\/2017\\\/06\\\/meio-ambiente-1.png\",\"width\":1920,\"height\":1080,\"caption\":\"Meio ambiente\"},{\"@type\":\"BreadcrumbList\",\"@id\":\"https:\\\/\\\/projetoslayerup.com.br\\\/smeducacao\\\/meio-ambiente-e-alimentacao-quer-uma-horta-na-escola\\\/#breadcrumb\",\"itemListElement\":[{\"@type\":\"ListItem\",\"position\":1,\"name\":\"In\u00edcio\",\"item\":\"https:\\\/\\\/projetoslayerup.com.br\\\/smeducacao\\\/\"},{\"@type\":\"ListItem\",\"position\":2,\"name\":\"Meio Ambiente e Alimenta\u00e7\u00e3o. Quer uma horta na escola?\"}]},{\"@type\":\"WebSite\",\"@id\":\"https:\\\/\\\/projetoslayerup.com.br\\\/smeducacao\\\/#website\",\"url\":\"https:\\\/\\\/projetoslayerup.com.br\\\/smeducacao\\\/\",\"name\":\"SM Educa\u00e7\u00e3o - Juntos cuidamos da educa\u00e7\u00e3o!\",\"description\":\"Transformamos a educa\u00e7\u00e3o por meio de solu\u00e7\u00f5es digitais, solu\u00e7\u00f5es did\u00e1ticas para uma aprendizagem personalizada e solu\u00e7\u00f5es estrat\u00e9gicas eficientes. Juntos cuidamos da Educa\u00e7\u00e3o!\",\"potentialAction\":[{\"@type\":\"SearchAction\",\"target\":{\"@type\":\"EntryPoint\",\"urlTemplate\":\"https:\\\/\\\/projetoslayerup.com.br\\\/smeducacao\\\/?s={search_term_string}\"},\"query-input\":{\"@type\":\"PropertyValueSpecification\",\"valueRequired\":true,\"valueName\":\"search_term_string\"}}],\"inLanguage\":\"pt-BR\"},{\"@type\":\"Person\",\"@id\":\"https:\\\/\\\/projetoslayerup.com.br\\\/smeducacao\\\/#\\\/schema\\\/person\\\/45d7d41388698d0f902ff276caab47f5\",\"name\":\"SM Educa\u00e7\u00e3o\",\"image\":{\"@type\":\"ImageObject\",\"inLanguage\":\"pt-BR\",\"@id\":\"https:\\\/\\\/secure.gravatar.com\\\/avatar\\\/24327468bc2a6fb95889620b4158620d90c5e352f7a18c30af0e3f8cb70bc104?s=96&d=mm&r=g\",\"url\":\"https:\\\/\\\/secure.gravatar.com\\\/avatar\\\/24327468bc2a6fb95889620b4158620d90c5e352f7a18c30af0e3f8cb70bc104?s=96&d=mm&r=g\",\"contentUrl\":\"https:\\\/\\\/secure.gravatar.com\\\/avatar\\\/24327468bc2a6fb95889620b4158620d90c5e352f7a18c30af0e3f8cb70bc104?s=96&d=mm&r=g\",\"caption\":\"SM Educa\u00e7\u00e3o\"},\"url\":\"https:\\\/\\\/projetoslayerup.com.br\\\/smeducacao\\\/author\\\/smeducacao2021\\\/\"}]}<\/script>\n<!-- \/ Yoast SEO plugin. -->","yoast_head_json":{"title":"Meio Ambiente e Alimenta\u00e7\u00e3o. Quer uma horta na escola? - SM Educa\u00e7\u00e3o - Juntos cuidamos da educa\u00e7\u00e3o!","description":"A horta na escola pode ajudar a envolver os alunos, trazendo est\u00edmulos e aprendizados, bem como o senso de coletividade e trabalho em equipe.","robots":{"index":"noindex","follow":"follow","max-snippet":"max-snippet:-1","max-image-preview":"max-image-preview:large","max-video-preview":"max-video-preview:-1"},"og_locale":"pt_BR","og_type":"article","og_title":"Meio Ambiente e Alimenta\u00e7\u00e3o. Quer uma horta na escola? - SM Educa\u00e7\u00e3o - Juntos cuidamos da educa\u00e7\u00e3o!","og_description":"A horta na escola pode ajudar a envolver os alunos, trazendo est\u00edmulos e aprendizados, bem como o senso de coletividade e trabalho em equipe.","og_url":"https:\/\/projetoslayerup.com.br\/smeducacao\/meio-ambiente-e-alimentacao-quer-uma-horta-na-escola\/","og_site_name":"SM Educa\u00e7\u00e3o - Juntos cuidamos da educa\u00e7\u00e3o!","article_published_time":"2017-06-28T17:47:46+00:00","og_image":[{"width":1920,"height":1080,"url":"https:\/\/projetoslayerup.com.br\/smeducacao\/wp-content\/uploads\/2017\/06\/meio-ambiente-1.png","type":"image\/png"}],"author":"SM Educa\u00e7\u00e3o","twitter_card":"summary_large_image","twitter_misc":{"Escrito por":"SM Educa\u00e7\u00e3o","Est. tempo de leitura":"3 minutos"},"schema":{"@context":"https:\/\/schema.org","@graph":[{"@type":"Article","@id":"https:\/\/projetoslayerup.com.br\/smeducacao\/meio-ambiente-e-alimentacao-quer-uma-horta-na-escola\/#article","isPartOf":{"@id":"https:\/\/projetoslayerup.com.br\/smeducacao\/meio-ambiente-e-alimentacao-quer-uma-horta-na-escola\/"},"author":{"name":"SM Educa\u00e7\u00e3o","@id":"https:\/\/projetoslayerup.com.br\/smeducacao\/#\/schema\/person\/45d7d41388698d0f902ff276caab47f5"},"headline":"Meio Ambiente e Alimenta\u00e7\u00e3o. Quer uma horta na escola?","datePublished":"2017-06-28T17:47:46+00:00","mainEntityOfPage":{"@id":"https:\/\/projetoslayerup.com.br\/smeducacao\/meio-ambiente-e-alimentacao-quer-uma-horta-na-escola\/"},"wordCount":441,"commentCount":0,"image":{"@id":"https:\/\/projetoslayerup.com.br\/smeducacao\/meio-ambiente-e-alimentacao-quer-uma-horta-na-escola\/#primaryimage"},"thumbnailUrl":"https:\/\/projetoslayerup.com.br\/smeducacao\/wp-content\/uploads\/2017\/06\/meio-ambiente-1.png","keywords":["horta na escola","PNLD","PNLD 2018","pnld biologia","seja mudan\u00e7a"],"articleSection":["Dicas para professores","Inova\u00e7\u00e3o do ensino","Tend\u00eancias na educa\u00e7\u00e3o"],"inLanguage":"pt-BR","potentialAction":[{"@type":"CommentAction","name":"Comment","target":["https:\/\/projetoslayerup.com.br\/smeducacao\/meio-ambiente-e-alimentacao-quer-uma-horta-na-escola\/#respond"]}]},{"@type":"WebPage","@id":"https:\/\/projetoslayerup.com.br\/smeducacao\/meio-ambiente-e-alimentacao-quer-uma-horta-na-escola\/","url":"https:\/\/projetoslayerup.com.br\/smeducacao\/meio-ambiente-e-alimentacao-quer-uma-horta-na-escola\/","name":"Meio Ambiente e Alimenta\u00e7\u00e3o. Quer uma horta na escola? - SM Educa\u00e7\u00e3o - Juntos cuidamos da educa\u00e7\u00e3o!","isPartOf":{"@id":"https:\/\/projetoslayerup.com.br\/smeducacao\/#website"},"primaryImageOfPage":{"@id":"https:\/\/projetoslayerup.com.br\/smeducacao\/meio-ambiente-e-alimentacao-quer-uma-horta-na-escola\/#primaryimage"},"image":{"@id":"https:\/\/projetoslayerup.com.br\/smeducacao\/meio-ambiente-e-alimentacao-quer-uma-horta-na-escola\/#primaryimage"},"thumbnailUrl":"https:\/\/projetoslayerup.com.br\/smeducacao\/wp-content\/uploads\/2017\/06\/meio-ambiente-1.png","datePublished":"2017-06-28T17:47:46+00:00","author":{"@id":"https:\/\/projetoslayerup.com.br\/smeducacao\/#\/schema\/person\/45d7d41388698d0f902ff276caab47f5"},"description":"A horta na escola pode ajudar a envolver os alunos, trazendo est\u00edmulos e aprendizados, bem como o senso de coletividade e trabalho em equipe.","breadcrumb":{"@id":"https:\/\/projetoslayerup.com.br\/smeducacao\/meio-ambiente-e-alimentacao-quer-uma-horta-na-escola\/#breadcrumb"},"inLanguage":"pt-BR","potentialAction":[{"@type":"ReadAction","target":["https:\/\/projetoslayerup.com.br\/smeducacao\/meio-ambiente-e-alimentacao-quer-uma-horta-na-escola\/"]}]},{"@type":"ImageObject","inLanguage":"pt-BR","@id":"https:\/\/projetoslayerup.com.br\/smeducacao\/meio-ambiente-e-alimentacao-quer-uma-horta-na-escola\/#primaryimage","url":"https:\/\/projetoslayerup.com.br\/smeducacao\/wp-content\/uploads\/2017\/06\/meio-ambiente-1.png","contentUrl":"https:\/\/projetoslayerup.com.br\/smeducacao\/wp-content\/uploads\/2017\/06\/meio-ambiente-1.png","width":1920,"height":1080,"caption":"Meio ambiente"},{"@type":"BreadcrumbList","@id":"https:\/\/projetoslayerup.com.br\/smeducacao\/meio-ambiente-e-alimentacao-quer-uma-horta-na-escola\/#breadcrumb","itemListElement":[{"@type":"ListItem","position":1,"name":"In\u00edcio","item":"https:\/\/projetoslayerup.com.br\/smeducacao\/"},{"@type":"ListItem","position":2,"name":"Meio Ambiente e Alimenta\u00e7\u00e3o. Quer uma horta na escola?"}]},{"@type":"WebSite","@id":"https:\/\/projetoslayerup.com.br\/smeducacao\/#website","url":"https:\/\/projetoslayerup.com.br\/smeducacao\/","name":"SM Educa\u00e7\u00e3o - Juntos cuidamos da educa\u00e7\u00e3o!","description":"Transformamos a educa\u00e7\u00e3o por meio de solu\u00e7\u00f5es digitais, solu\u00e7\u00f5es did\u00e1ticas para uma aprendizagem personalizada e solu\u00e7\u00f5es estrat\u00e9gicas eficientes. Juntos cuidamos da Educa\u00e7\u00e3o!","potentialAction":[{"@type":"SearchAction","target":{"@type":"EntryPoint","urlTemplate":"https:\/\/projetoslayerup.com.br\/smeducacao\/?s={search_term_string}"},"query-input":{"@type":"PropertyValueSpecification","valueRequired":true,"valueName":"search_term_string"}}],"inLanguage":"pt-BR"},{"@type":"Person","@id":"https:\/\/projetoslayerup.com.br\/smeducacao\/#\/schema\/person\/45d7d41388698d0f902ff276caab47f5","name":"SM Educa\u00e7\u00e3o","image":{"@type":"ImageObject","inLanguage":"pt-BR","@id":"https:\/\/secure.gravatar.com\/avatar\/24327468bc2a6fb95889620b4158620d90c5e352f7a18c30af0e3f8cb70bc104?s=96&d=mm&r=g","url":"https:\/\/secure.gravatar.com\/avatar\/24327468bc2a6fb95889620b4158620d90c5e352f7a18c30af0e3f8cb70bc104?s=96&d=mm&r=g","contentUrl":"https:\/\/secure.gravatar.com\/avatar\/24327468bc2a6fb95889620b4158620d90c5e352f7a18c30af0e3f8cb70bc104?s=96&d=mm&r=g","caption":"SM Educa\u00e7\u00e3o"},"url":"https:\/\/projetoslayerup.com.br\/smeducacao\/author\/smeducacao2021\/"}]}},"_links":{"self":[{"href":"https:\/\/projetoslayerup.com.br\/smeducacao\/wp-json\/wp\/v2\/posts\/308","targetHints":{"allow":["GET"]}}],"collection":[{"href":"https:\/\/projetoslayerup.com.br\/smeducacao\/wp-json\/wp\/v2\/posts"}],"about":[{"href":"https:\/\/projetoslayerup.com.br\/smeducacao\/wp-json\/wp\/v2\/types\/post"}],"author":[{"embeddable":true,"href":"https:\/\/projetoslayerup.com.br\/smeducacao\/wp-json\/wp\/v2\/users\/2"}],"replies":[{"embeddable":true,"href":"https:\/\/projetoslayerup.com.br\/smeducacao\/wp-json\/wp\/v2\/comments?post=308"}],"version-history":[{"count":0,"href":"https:\/\/projetoslayerup.com.br\/smeducacao\/wp-json\/wp\/v2\/posts\/308\/revisions"}],"wp:featuredmedia":[{"embeddable":true,"href":"https:\/\/projetoslayerup.com.br\/smeducacao\/wp-json\/wp\/v2\/media\/5106"}],"wp:attachment":[{"href":"https:\/\/projetoslayerup.com.br\/smeducacao\/wp-json\/wp\/v2\/media?parent=308"}],"wp:term":[{"taxonomy":"category","embeddable":true,"href":"https:\/\/projetoslayerup.com.br\/smeducacao\/wp-json\/wp\/v2\/categories?post=308"},{"taxonomy":"post_tag","embeddable":true,"href":"https:\/\/projetoslayerup.com.br\/smeducacao\/wp-json\/wp\/v2\/tags?post=308"},{"taxonomy":"blog_nivel_escolar","embeddable":true,"href":"https:\/\/projetoslayerup.com.br\/smeducacao\/wp-json\/wp\/v2\/blog_nivel_escolar?post=308"},{"taxonomy":"blog_segmento_escolar","embeddable":true,"href":"https:\/\/projetoslayerup.com.br\/smeducacao\/wp-json\/wp\/v2\/blog_segmento_escolar?post=308"}],"curies":[{"name":"wp","href":"https:\/\/api.w.org\/{rel}","templated":true}]}}