{"id":312,"date":"2017-07-14T11:45:30","date_gmt":"2017-07-14T14:45:30","guid":{"rendered":"http:\/\/sejamudanca.edicoessm.com.br\/?p=235"},"modified":"2017-07-14T11:45:30","modified_gmt":"2017-07-14T14:45:30","slug":"escola-e-familia","status":"publish","type":"post","link":"https:\/\/projetoslayerup.com.br\/smeducacao\/escola-e-familia\/","title":{"rendered":"Escola e fam\u00edlia: uma rela\u00e7\u00e3o fundamental"},"content":{"rendered":"<p>O cen\u00e1rio mais positivo na Educa\u00e7\u00e3o \u00e9 aquele que estimula uma rela\u00e7\u00e3o saud\u00e1vel entre <strong>escola e fam\u00edlia<\/strong>. Isso tem impacto direto no desenvolvimento dos estudantes, seja na aprendizagem, seja em sua autoestima, uma vez que favorece a proximidade entre pais e filhos.<\/p>\n<p>\u00c9 comum vermos pessoas questionando apenas o papel das escolas na educa\u00e7\u00e3o de crian\u00e7as e jovens, se esquecendo da import\u00e2ncia da fam\u00edlia nesse processo. <strong>A institui\u00e7\u00e3o n\u00e3o \u00e9 respons\u00e1vel por educar e ensinar sozinha<\/strong>.<\/p>\n<p>Neste texto, explicaremos a relev\u00e2ncia da parceria entre <strong>escola e fam\u00edlia <\/strong>para a divis\u00e3o dessas responsabilidades. Confira!<\/p>\n<p><strong>Por que \u00e9 importante existir uma rela\u00e7\u00e3o entre escola e fam\u00edlia?<\/strong><\/p>\n<p>O processo de educa\u00e7\u00e3o, tanto de crian\u00e7as quanto de jovens, pode ser bastante complexo. Isso porque cada fase da vida traz novos desafios: na inf\u00e2ncia, a indisciplina muitas vezes \u00e9 um problema; na adolesc\u00eancia, a rebeldia e a busca de identidade podem interferir no desempenho escolar. Portanto, \u00e9 muito importante que a fam\u00edlia esteja envolvida.<\/p>\n<p>A responsabilidade de educar deve ser dividida entre <strong>escola e fam\u00edlia<\/strong>. Isso porque, se apenas uma das partes assumir esse compromisso, a crian\u00e7a pode ter lacunas no desenvolvimento de importantes compet\u00eancias socioemocionais cujas pr\u00e1ticas n\u00e3o est\u00e3o necessariamente presentes nas experi\u00eancias escolares. Alguns aprendizados e direcionamentos \u00e9ticos, morais e pessoais partem, em geral, da fam\u00edlia.<\/p>\n<p>O comparecimento regular dos pais na escola dos filhos \u00e9 fundamental. Dessa forma, eles podem conversar com os professores para saber como as crian\u00e7as est\u00e3o se saindo nos estudos, no relacionamento com os colegas e nas atividades propostas. Afinal de contas, n\u00e3o basta olhar os cadernos e perguntar-lhes como est\u00e3o na escola. <strong>\u00c9 preciso participar e estar verdadeiramente presente nesse acompanhamento.<\/strong><\/p>\n<p>Al\u00e9m disso, a escola pode detectar alguma necessidade especial em seus alunos, como o dist\u00farbio de Transtorno do Deficit de Aten\u00e7\u00e3o com Hiperatividade (<a href=\"https:\/\/www.aeducacaonosmove.com.br\/blog\/alunos-com-tdah\">TDAH<\/a>) e instruir os pais a procurarem a ajuda necess\u00e1ria para lidar com as necessidades do estudante. \u00c9 preciso haver um di\u00e1logo entre ambas as partes.<\/p>\n<p>O processo educativo passa por envolver os familiares nas propostas pedag\u00f3gicas dentro e fora da escola, inclusive contemplando a necessidade de participa\u00e7\u00e3o dos pais nessas propostas. Algumas institui\u00e7\u00f5es j\u00e1 promovem atividades externas, como viagens, saraus, entre outras, com o objetivo de estreitar essa rela\u00e7\u00e3o fundamental.<\/p>\n<p><strong>Quais s\u00e3o os benef\u00edcios dessa rela\u00e7\u00e3o?<\/strong><\/p>\n<p>A rela\u00e7\u00e3o entre <strong>escola e fam\u00edlia<\/strong> deve ser criada pensando no estudante, para que ele se desenvolva ao m\u00e1ximo durante a sua jornada de aprendizado. Um conv\u00edvio conflitante pode atrapalhar seu <a href=\"https:\/\/www.aeducacaonosmove.com.br\/blog\/desempenho-do-aluno\">desempenho<\/a>.<\/p>\n<p>Se os pais n\u00e3o se identificam com o modelo de ensino utilizado em uma institui\u00e7\u00e3o, eles n\u00e3o devem matricular seus filhos nela. Afinal, essa parceria deve ser a mais saud\u00e1vel poss\u00edvel. Vamos falar de alguns benef\u00edcios dessa rela\u00e7\u00e3o a seguir.<\/p>\n<p><strong>Melhoria no ambiente de aprendizado<\/strong><\/p>\n<p>\u00c9 comum vermos professores perdendo tempo para lidar com a indisciplina, tentando organizar a classe. Esses momentos poderiam ser aproveitados para o aprendizado. Quando o processo envolve alunos, pais e educadores, cria-se um ambiente de estudos mais positivo. A boa rela\u00e7\u00e3o entre <strong>escola e fam\u00edlia<\/strong> contribui para uma melhora no comportamento dos estudantes.<\/p>\n<p><strong>Maior seguran\u00e7a para os filhos<\/strong><\/p>\n<p>Para crian\u00e7as, o ambiente escolar envolve grandes novidades, por isso, pode ser bastante intimidador. Ao participar ativamente da vida escolar dos filhos, os pais os ajudam a se sentirem mais seguros, j\u00e1 que demonstram estar interessados no processo em que as crian\u00e7as est\u00e3o inseridas.<\/p>\n<p><strong>Maior desenvolvimento cognitivo e social do aluno<\/strong><\/p>\n<p>Quando existe uma boa rela\u00e7\u00e3o entre a fam\u00edlia e a escola, \u00e9 poss\u00edvel melhorar o desenvolvimento cognitivo e social do estudante. Isso porque caso a institui\u00e7\u00e3o perceba alguma <a href=\"https:\/\/www.aeducacaonosmove.com.br\/blog\/alunos-com-dificuldade-de-aprendizagem\">dificuldade<\/a>, poder\u00e1 auxiliar os pais a tomarem atitudes que ajudem no aprendizado do aluno. Dessa forma, \u00e9 muito importante ter um di\u00e1logo peri\u00f3dico entre as duas partes.<\/p>\n<p><strong>A participa\u00e7\u00e3o ativa dos pais no processo de educa\u00e7\u00e3o dos filhos pode fazer toda diferen\u00e7a no futuro desses estudantes<\/strong>. Por\u00e9m, \u00e9 importante que eles saibam at\u00e9 onde devem se envolver no que diz respeito \u00e0 forma\u00e7\u00e3o escolar. Isso porque \u00e9 comum vermos pais que pensam ajudar as crian\u00e7as resolvendo os seus deveres de casa. \u00c9 claro que n\u00e3o se deve negar apoio. No entanto, quando o professor passa uma tarefa, ele espera que a atividade seja feita pelo estudante.<\/p>\n<p>Atualmente, a rela\u00e7\u00e3o entre pais e escola pode ser um pouco afetada pela rotina corrida das fam\u00edlias, que passam mais tempo no trabalho do que em casa. Por\u00e9m, \u00e9 muito importante organizar a agenda para dar a devida aten\u00e7\u00e3o aos filhos e saber como eles est\u00e3o se saindo fora de casa.<\/p>\n<p>A parceria entre <strong>escola e fam\u00edlia<\/strong> deve ser uma das prioridades para uma boa educa\u00e7\u00e3o. Por isso, os pais devem avaliar bem uma institui\u00e7\u00e3o antes de matricular seus filhos, para saber se o relacionamento entre a escola e as fam\u00edlias dos alunos \u00e9 bom e se \u00e9 incentivado.<\/p>\n<p>Agora que voc\u00ea j\u00e1 conhece a import\u00e2ncia de uma boa rela\u00e7\u00e3o entre escola e fam\u00edlia,\u00a0<a href=\"https:\/\/www.facebook.com\/SMEducacao\/\">curta a nossa p\u00e1gina do Facebook para ver mais conte\u00fados sobre educa\u00e7\u00e3o!<\/a><\/p>\n<div id=\"formulario-para-aplicacao-ao-final-dos-blogposts-382a210f79fd035353bb\" role=\"main\"><\/div>\n<p><script type=\"text\/javascript\" src=\"https:\/\/d335luupugsy2.cloudfront.net\/js\/rdstation-forms\/stable\/rdstation-forms.min.js\"><\/script><br \/>\n<script type=\"text\/javascript\"> new RDStationForms('formulario-para-aplicacao-ao-final-dos-blogposts-382a210f79fd035353bb', 'UA-12840758-1').createForm();<\/script><\/p>\n","protected":false},"excerpt":{"rendered":"<p>O cen\u00e1rio mais positivo na Educa\u00e7\u00e3o \u00e9 aquele que estimula uma rela\u00e7\u00e3o saud\u00e1vel entre escola e fam\u00edlia. Isso tem impacto direto no desenvolvimento dos estudantes, seja na aprendizagem, seja em sua autoestima, uma vez que favorece a proximidade entre pais e filhos. \u00c9 comum vermos pessoas questionando apenas o papel das escolas na educa\u00e7\u00e3o de [&hellip;]<\/p>\n","protected":false},"author":2,"featured_media":5101,"comment_status":"open","ping_status":"open","sticky":false,"template":"","format":"standard","meta":{"_acf_changed":false,"footnotes":""},"categories":[43,4],"tags":[24,44,26,7,9],"blog_nivel_escolar":[],"blog_segmento_escolar":[],"class_list":["post-312","post","type-post","status-publish","format-standard","has-post-thumbnail","hentry","category-dicas-para-pais-e-responsaveis","category-dicas-professor","tag-editora-pnld","tag-familia","tag-livros-pnld","tag-pnld-2018","tag-seja-mudanca"],"acf":[],"yoast_head":"<!-- This site is optimized with the Yoast SEO plugin v28.3 - https:\/\/yoast.com\/product\/yoast-seo-wordpress\/ -->\n<title>Escola e fam\u00edlia: uma rela\u00e7\u00e3o fundamental - SM Educa\u00e7\u00e3o - Juntos cuidamos da educa\u00e7\u00e3o!<\/title>\n<meta name=\"description\" content=\"O cen\u00e1rio mais positivo na Educa\u00e7\u00e3o \u00e9 aquele que estimula uma rela\u00e7\u00e3o entre escola e fam\u00edlia, impactando o desenvolvimento dos estudantes.\" \/>\n<meta name=\"robots\" content=\"noindex, follow, max-snippet:-1, max-image-preview:large, max-video-preview:-1\" \/>\n<meta property=\"og:locale\" content=\"pt_BR\" \/>\n<meta property=\"og:type\" content=\"article\" \/>\n<meta property=\"og:title\" content=\"Escola e fam\u00edlia: uma rela\u00e7\u00e3o fundamental - SM Educa\u00e7\u00e3o - Juntos cuidamos da educa\u00e7\u00e3o!\" \/>\n<meta property=\"og:description\" content=\"O cen\u00e1rio mais positivo na Educa\u00e7\u00e3o \u00e9 aquele que estimula uma rela\u00e7\u00e3o entre escola e fam\u00edlia, impactando o desenvolvimento dos estudantes.\" \/>\n<meta property=\"og:url\" content=\"https:\/\/projetoslayerup.com.br\/smeducacao\/escola-e-familia\/\" \/>\n<meta property=\"og:site_name\" content=\"SM Educa\u00e7\u00e3o - Juntos cuidamos da educa\u00e7\u00e3o!\" \/>\n<meta property=\"article:published_time\" content=\"2017-07-14T14:45:30+00:00\" \/>\n<meta property=\"og:image\" content=\"https:\/\/projetoslayerup.com.br\/smeducacao\/wp-content\/uploads\/2017\/07\/escola-e-familia-1.png\" \/>\n\t<meta property=\"og:image:width\" content=\"1920\" \/>\n\t<meta property=\"og:image:height\" content=\"1080\" \/>\n\t<meta property=\"og:image:type\" content=\"image\/png\" \/>\n<meta name=\"author\" content=\"SM Educa\u00e7\u00e3o\" \/>\n<meta name=\"twitter:card\" content=\"summary_large_image\" \/>\n<meta name=\"twitter:label1\" content=\"Escrito por\" \/>\n\t<meta name=\"twitter:data1\" content=\"SM Educa\u00e7\u00e3o\" \/>\n\t<meta name=\"twitter:label2\" content=\"Est. tempo de leitura\" \/>\n\t<meta name=\"twitter:data2\" content=\"5 minutos\" \/>\n<script type=\"application\/ld+json\" class=\"yoast-schema-graph\">{\"@context\":\"https:\\\/\\\/schema.org\",\"@graph\":[{\"@type\":\"Article\",\"@id\":\"https:\\\/\\\/projetoslayerup.com.br\\\/smeducacao\\\/escola-e-familia\\\/#article\",\"isPartOf\":{\"@id\":\"https:\\\/\\\/projetoslayerup.com.br\\\/smeducacao\\\/escola-e-familia\\\/\"},\"author\":{\"name\":\"SM Educa\u00e7\u00e3o\",\"@id\":\"https:\\\/\\\/projetoslayerup.com.br\\\/smeducacao\\\/#\\\/schema\\\/person\\\/45d7d41388698d0f902ff276caab47f5\"},\"headline\":\"Escola e fam\u00edlia: uma rela\u00e7\u00e3o fundamental\",\"datePublished\":\"2017-07-14T14:45:30+00:00\",\"mainEntityOfPage\":{\"@id\":\"https:\\\/\\\/projetoslayerup.com.br\\\/smeducacao\\\/escola-e-familia\\\/\"},\"wordCount\":900,\"commentCount\":0,\"image\":{\"@id\":\"https:\\\/\\\/projetoslayerup.com.br\\\/smeducacao\\\/escola-e-familia\\\/#primaryimage\"},\"thumbnailUrl\":\"https:\\\/\\\/projetoslayerup.com.br\\\/smeducacao\\\/wp-content\\\/uploads\\\/2017\\\/07\\\/escola-e-familia-1.png\",\"keywords\":[\"editora pnld\",\"familia\",\"livros pnld\",\"PNLD 2018\",\"seja mudan\u00e7a\"],\"articleSection\":[\"Dicas para pais e respons\u00e1veis\",\"Dicas para professores\"],\"inLanguage\":\"pt-BR\",\"potentialAction\":[{\"@type\":\"CommentAction\",\"name\":\"Comment\",\"target\":[\"https:\\\/\\\/projetoslayerup.com.br\\\/smeducacao\\\/escola-e-familia\\\/#respond\"]}]},{\"@type\":\"WebPage\",\"@id\":\"https:\\\/\\\/projetoslayerup.com.br\\\/smeducacao\\\/escola-e-familia\\\/\",\"url\":\"https:\\\/\\\/projetoslayerup.com.br\\\/smeducacao\\\/escola-e-familia\\\/\",\"name\":\"Escola e fam\u00edlia: uma rela\u00e7\u00e3o fundamental - SM Educa\u00e7\u00e3o - Juntos cuidamos da educa\u00e7\u00e3o!\",\"isPartOf\":{\"@id\":\"https:\\\/\\\/projetoslayerup.com.br\\\/smeducacao\\\/#website\"},\"primaryImageOfPage\":{\"@id\":\"https:\\\/\\\/projetoslayerup.com.br\\\/smeducacao\\\/escola-e-familia\\\/#primaryimage\"},\"image\":{\"@id\":\"https:\\\/\\\/projetoslayerup.com.br\\\/smeducacao\\\/escola-e-familia\\\/#primaryimage\"},\"thumbnailUrl\":\"https:\\\/\\\/projetoslayerup.com.br\\\/smeducacao\\\/wp-content\\\/uploads\\\/2017\\\/07\\\/escola-e-familia-1.png\",\"datePublished\":\"2017-07-14T14:45:30+00:00\",\"author\":{\"@id\":\"https:\\\/\\\/projetoslayerup.com.br\\\/smeducacao\\\/#\\\/schema\\\/person\\\/45d7d41388698d0f902ff276caab47f5\"},\"description\":\"O cen\u00e1rio mais positivo na Educa\u00e7\u00e3o \u00e9 aquele que estimula uma rela\u00e7\u00e3o entre escola e fam\u00edlia, impactando o desenvolvimento dos estudantes.\",\"breadcrumb\":{\"@id\":\"https:\\\/\\\/projetoslayerup.com.br\\\/smeducacao\\\/escola-e-familia\\\/#breadcrumb\"},\"inLanguage\":\"pt-BR\",\"potentialAction\":[{\"@type\":\"ReadAction\",\"target\":[\"https:\\\/\\\/projetoslayerup.com.br\\\/smeducacao\\\/escola-e-familia\\\/\"]}]},{\"@type\":\"ImageObject\",\"inLanguage\":\"pt-BR\",\"@id\":\"https:\\\/\\\/projetoslayerup.com.br\\\/smeducacao\\\/escola-e-familia\\\/#primaryimage\",\"url\":\"https:\\\/\\\/projetoslayerup.com.br\\\/smeducacao\\\/wp-content\\\/uploads\\\/2017\\\/07\\\/escola-e-familia-1.png\",\"contentUrl\":\"https:\\\/\\\/projetoslayerup.com.br\\\/smeducacao\\\/wp-content\\\/uploads\\\/2017\\\/07\\\/escola-e-familia-1.png\",\"width\":1920,\"height\":1080,\"caption\":\"Escola e fam\u00edlia parceria\"},{\"@type\":\"BreadcrumbList\",\"@id\":\"https:\\\/\\\/projetoslayerup.com.br\\\/smeducacao\\\/escola-e-familia\\\/#breadcrumb\",\"itemListElement\":[{\"@type\":\"ListItem\",\"position\":1,\"name\":\"In\u00edcio\",\"item\":\"https:\\\/\\\/projetoslayerup.com.br\\\/smeducacao\\\/\"},{\"@type\":\"ListItem\",\"position\":2,\"name\":\"Escola e fam\u00edlia: uma rela\u00e7\u00e3o fundamental\"}]},{\"@type\":\"WebSite\",\"@id\":\"https:\\\/\\\/projetoslayerup.com.br\\\/smeducacao\\\/#website\",\"url\":\"https:\\\/\\\/projetoslayerup.com.br\\\/smeducacao\\\/\",\"name\":\"SM Educa\u00e7\u00e3o - Juntos cuidamos da educa\u00e7\u00e3o!\",\"description\":\"Transformamos a educa\u00e7\u00e3o por meio de solu\u00e7\u00f5es digitais, solu\u00e7\u00f5es did\u00e1ticas para uma aprendizagem personalizada e solu\u00e7\u00f5es estrat\u00e9gicas eficientes. Juntos cuidamos da Educa\u00e7\u00e3o!\",\"potentialAction\":[{\"@type\":\"SearchAction\",\"target\":{\"@type\":\"EntryPoint\",\"urlTemplate\":\"https:\\\/\\\/projetoslayerup.com.br\\\/smeducacao\\\/?s={search_term_string}\"},\"query-input\":{\"@type\":\"PropertyValueSpecification\",\"valueRequired\":true,\"valueName\":\"search_term_string\"}}],\"inLanguage\":\"pt-BR\"},{\"@type\":\"Person\",\"@id\":\"https:\\\/\\\/projetoslayerup.com.br\\\/smeducacao\\\/#\\\/schema\\\/person\\\/45d7d41388698d0f902ff276caab47f5\",\"name\":\"SM Educa\u00e7\u00e3o\",\"image\":{\"@type\":\"ImageObject\",\"inLanguage\":\"pt-BR\",\"@id\":\"https:\\\/\\\/secure.gravatar.com\\\/avatar\\\/24327468bc2a6fb95889620b4158620d90c5e352f7a18c30af0e3f8cb70bc104?s=96&d=mm&r=g\",\"url\":\"https:\\\/\\\/secure.gravatar.com\\\/avatar\\\/24327468bc2a6fb95889620b4158620d90c5e352f7a18c30af0e3f8cb70bc104?s=96&d=mm&r=g\",\"contentUrl\":\"https:\\\/\\\/secure.gravatar.com\\\/avatar\\\/24327468bc2a6fb95889620b4158620d90c5e352f7a18c30af0e3f8cb70bc104?s=96&d=mm&r=g\",\"caption\":\"SM Educa\u00e7\u00e3o\"},\"url\":\"https:\\\/\\\/projetoslayerup.com.br\\\/smeducacao\\\/author\\\/smeducacao2021\\\/\"}]}<\/script>\n<!-- \/ Yoast SEO plugin. -->","yoast_head_json":{"title":"Escola e fam\u00edlia: uma rela\u00e7\u00e3o fundamental - SM Educa\u00e7\u00e3o - Juntos cuidamos da educa\u00e7\u00e3o!","description":"O cen\u00e1rio mais positivo na Educa\u00e7\u00e3o \u00e9 aquele que estimula uma rela\u00e7\u00e3o entre escola e fam\u00edlia, impactando o desenvolvimento dos estudantes.","robots":{"index":"noindex","follow":"follow","max-snippet":"max-snippet:-1","max-image-preview":"max-image-preview:large","max-video-preview":"max-video-preview:-1"},"og_locale":"pt_BR","og_type":"article","og_title":"Escola e fam\u00edlia: uma rela\u00e7\u00e3o fundamental - SM Educa\u00e7\u00e3o - Juntos cuidamos da educa\u00e7\u00e3o!","og_description":"O cen\u00e1rio mais positivo na Educa\u00e7\u00e3o \u00e9 aquele que estimula uma rela\u00e7\u00e3o entre escola e fam\u00edlia, impactando o desenvolvimento dos estudantes.","og_url":"https:\/\/projetoslayerup.com.br\/smeducacao\/escola-e-familia\/","og_site_name":"SM Educa\u00e7\u00e3o - Juntos cuidamos da educa\u00e7\u00e3o!","article_published_time":"2017-07-14T14:45:30+00:00","og_image":[{"width":1920,"height":1080,"url":"https:\/\/projetoslayerup.com.br\/smeducacao\/wp-content\/uploads\/2017\/07\/escola-e-familia-1.png","type":"image\/png"}],"author":"SM Educa\u00e7\u00e3o","twitter_card":"summary_large_image","twitter_misc":{"Escrito por":"SM Educa\u00e7\u00e3o","Est. tempo de leitura":"5 minutos"},"schema":{"@context":"https:\/\/schema.org","@graph":[{"@type":"Article","@id":"https:\/\/projetoslayerup.com.br\/smeducacao\/escola-e-familia\/#article","isPartOf":{"@id":"https:\/\/projetoslayerup.com.br\/smeducacao\/escola-e-familia\/"},"author":{"name":"SM Educa\u00e7\u00e3o","@id":"https:\/\/projetoslayerup.com.br\/smeducacao\/#\/schema\/person\/45d7d41388698d0f902ff276caab47f5"},"headline":"Escola e fam\u00edlia: uma rela\u00e7\u00e3o fundamental","datePublished":"2017-07-14T14:45:30+00:00","mainEntityOfPage":{"@id":"https:\/\/projetoslayerup.com.br\/smeducacao\/escola-e-familia\/"},"wordCount":900,"commentCount":0,"image":{"@id":"https:\/\/projetoslayerup.com.br\/smeducacao\/escola-e-familia\/#primaryimage"},"thumbnailUrl":"https:\/\/projetoslayerup.com.br\/smeducacao\/wp-content\/uploads\/2017\/07\/escola-e-familia-1.png","keywords":["editora pnld","familia","livros pnld","PNLD 2018","seja mudan\u00e7a"],"articleSection":["Dicas para pais e respons\u00e1veis","Dicas para professores"],"inLanguage":"pt-BR","potentialAction":[{"@type":"CommentAction","name":"Comment","target":["https:\/\/projetoslayerup.com.br\/smeducacao\/escola-e-familia\/#respond"]}]},{"@type":"WebPage","@id":"https:\/\/projetoslayerup.com.br\/smeducacao\/escola-e-familia\/","url":"https:\/\/projetoslayerup.com.br\/smeducacao\/escola-e-familia\/","name":"Escola e fam\u00edlia: uma rela\u00e7\u00e3o fundamental - SM Educa\u00e7\u00e3o - Juntos cuidamos da educa\u00e7\u00e3o!","isPartOf":{"@id":"https:\/\/projetoslayerup.com.br\/smeducacao\/#website"},"primaryImageOfPage":{"@id":"https:\/\/projetoslayerup.com.br\/smeducacao\/escola-e-familia\/#primaryimage"},"image":{"@id":"https:\/\/projetoslayerup.com.br\/smeducacao\/escola-e-familia\/#primaryimage"},"thumbnailUrl":"https:\/\/projetoslayerup.com.br\/smeducacao\/wp-content\/uploads\/2017\/07\/escola-e-familia-1.png","datePublished":"2017-07-14T14:45:30+00:00","author":{"@id":"https:\/\/projetoslayerup.com.br\/smeducacao\/#\/schema\/person\/45d7d41388698d0f902ff276caab47f5"},"description":"O cen\u00e1rio mais positivo na Educa\u00e7\u00e3o \u00e9 aquele que estimula uma rela\u00e7\u00e3o entre escola e fam\u00edlia, impactando o desenvolvimento dos estudantes.","breadcrumb":{"@id":"https:\/\/projetoslayerup.com.br\/smeducacao\/escola-e-familia\/#breadcrumb"},"inLanguage":"pt-BR","potentialAction":[{"@type":"ReadAction","target":["https:\/\/projetoslayerup.com.br\/smeducacao\/escola-e-familia\/"]}]},{"@type":"ImageObject","inLanguage":"pt-BR","@id":"https:\/\/projetoslayerup.com.br\/smeducacao\/escola-e-familia\/#primaryimage","url":"https:\/\/projetoslayerup.com.br\/smeducacao\/wp-content\/uploads\/2017\/07\/escola-e-familia-1.png","contentUrl":"https:\/\/projetoslayerup.com.br\/smeducacao\/wp-content\/uploads\/2017\/07\/escola-e-familia-1.png","width":1920,"height":1080,"caption":"Escola e fam\u00edlia parceria"},{"@type":"BreadcrumbList","@id":"https:\/\/projetoslayerup.com.br\/smeducacao\/escola-e-familia\/#breadcrumb","itemListElement":[{"@type":"ListItem","position":1,"name":"In\u00edcio","item":"https:\/\/projetoslayerup.com.br\/smeducacao\/"},{"@type":"ListItem","position":2,"name":"Escola e fam\u00edlia: uma rela\u00e7\u00e3o fundamental"}]},{"@type":"WebSite","@id":"https:\/\/projetoslayerup.com.br\/smeducacao\/#website","url":"https:\/\/projetoslayerup.com.br\/smeducacao\/","name":"SM Educa\u00e7\u00e3o - Juntos cuidamos da educa\u00e7\u00e3o!","description":"Transformamos a educa\u00e7\u00e3o por meio de solu\u00e7\u00f5es digitais, solu\u00e7\u00f5es did\u00e1ticas para uma aprendizagem personalizada e solu\u00e7\u00f5es estrat\u00e9gicas eficientes. Juntos cuidamos da Educa\u00e7\u00e3o!","potentialAction":[{"@type":"SearchAction","target":{"@type":"EntryPoint","urlTemplate":"https:\/\/projetoslayerup.com.br\/smeducacao\/?s={search_term_string}"},"query-input":{"@type":"PropertyValueSpecification","valueRequired":true,"valueName":"search_term_string"}}],"inLanguage":"pt-BR"},{"@type":"Person","@id":"https:\/\/projetoslayerup.com.br\/smeducacao\/#\/schema\/person\/45d7d41388698d0f902ff276caab47f5","name":"SM Educa\u00e7\u00e3o","image":{"@type":"ImageObject","inLanguage":"pt-BR","@id":"https:\/\/secure.gravatar.com\/avatar\/24327468bc2a6fb95889620b4158620d90c5e352f7a18c30af0e3f8cb70bc104?s=96&d=mm&r=g","url":"https:\/\/secure.gravatar.com\/avatar\/24327468bc2a6fb95889620b4158620d90c5e352f7a18c30af0e3f8cb70bc104?s=96&d=mm&r=g","contentUrl":"https:\/\/secure.gravatar.com\/avatar\/24327468bc2a6fb95889620b4158620d90c5e352f7a18c30af0e3f8cb70bc104?s=96&d=mm&r=g","caption":"SM Educa\u00e7\u00e3o"},"url":"https:\/\/projetoslayerup.com.br\/smeducacao\/author\/smeducacao2021\/"}]}},"_links":{"self":[{"href":"https:\/\/projetoslayerup.com.br\/smeducacao\/wp-json\/wp\/v2\/posts\/312","targetHints":{"allow":["GET"]}}],"collection":[{"href":"https:\/\/projetoslayerup.com.br\/smeducacao\/wp-json\/wp\/v2\/posts"}],"about":[{"href":"https:\/\/projetoslayerup.com.br\/smeducacao\/wp-json\/wp\/v2\/types\/post"}],"author":[{"embeddable":true,"href":"https:\/\/projetoslayerup.com.br\/smeducacao\/wp-json\/wp\/v2\/users\/2"}],"replies":[{"embeddable":true,"href":"https:\/\/projetoslayerup.com.br\/smeducacao\/wp-json\/wp\/v2\/comments?post=312"}],"version-history":[{"count":0,"href":"https:\/\/projetoslayerup.com.br\/smeducacao\/wp-json\/wp\/v2\/posts\/312\/revisions"}],"wp:featuredmedia":[{"embeddable":true,"href":"https:\/\/projetoslayerup.com.br\/smeducacao\/wp-json\/wp\/v2\/media\/5101"}],"wp:attachment":[{"href":"https:\/\/projetoslayerup.com.br\/smeducacao\/wp-json\/wp\/v2\/media?parent=312"}],"wp:term":[{"taxonomy":"category","embeddable":true,"href":"https:\/\/projetoslayerup.com.br\/smeducacao\/wp-json\/wp\/v2\/categories?post=312"},{"taxonomy":"post_tag","embeddable":true,"href":"https:\/\/projetoslayerup.com.br\/smeducacao\/wp-json\/wp\/v2\/tags?post=312"},{"taxonomy":"blog_nivel_escolar","embeddable":true,"href":"https:\/\/projetoslayerup.com.br\/smeducacao\/wp-json\/wp\/v2\/blog_nivel_escolar?post=312"},{"taxonomy":"blog_segmento_escolar","embeddable":true,"href":"https:\/\/projetoslayerup.com.br\/smeducacao\/wp-json\/wp\/v2\/blog_segmento_escolar?post=312"}],"curies":[{"name":"wp","href":"https:\/\/api.w.org\/{rel}","templated":true}]}}