{"id":314,"date":"2017-10-11T15:17:26","date_gmt":"2017-10-11T18:17:26","guid":{"rendered":"http:\/\/sejamudanca.edicoessm.com.br\/?p=265"},"modified":"2017-10-11T15:17:26","modified_gmt":"2017-10-11T18:17:26","slug":"momento-de-celebrar","status":"publish","type":"post","link":"https:\/\/projetoslayerup.com.br\/smeducacao\/momento-de-celebrar\/","title":{"rendered":"Momento de celebrar!"},"content":{"rendered":"<p><b>A <\/b><b>SM vive um momento de grande alegria. <\/b>Os resultados e conquistas que v\u00eam sendo obtidos pelo Grupo s\u00e3o entusiasmantes e representam uma etapa de grande transforma\u00e7\u00e3o para n\u00f3s. Por isso, \u00e9 hora de celebrar!<\/p>\n<p><b>Em 2016, o <\/b><b>Grupo faturou globalmente 1,2 bilh\u00e3o de reais<\/b> (345 milh\u00f5es de euros) aproximadamente, resultado compat\u00edvel com os <b>maiores grupos de educa\u00e7\u00e3o do mundo<\/b>.<\/p>\n<p>Al\u00e9m disso, continuou com seu movimento de conquista de participa\u00e7\u00e3o e relev\u00e2ncia nos <b>dez pa\u00edses em <\/b><b>que est\u00e1 <\/b><b>presente<\/b><b>.<\/b> E mant\u00e9m sempre em seu plano a possibilidade de expans\u00e3o para novos territ\u00f3rios.<\/p>\n<p><b>&#8230;<\/b><b>E <\/b><b>REALIZA\u00c7\u00d5ES<\/b><\/p>\n<p>Iniciamos nossas atividades no Brasil em 2004. E, diferentemente de outras empresas de educa\u00e7\u00e3o, <b>optamos <\/b><b>por entrar no pa\u00eds com estrutura pr\u00f3pria e um crescimento org\u00e2nico<\/b>, de participa\u00e7\u00e3o e constru\u00e7\u00e3o da marca, que nos permite a manuten\u00e7\u00e3o de nossa identidade e valores.<\/p>\n<p>Ao contr\u00e1rio de outras organiza\u00e7\u00f5es, <a href=\"https:\/\/projetoslayerup.com.br\/smeducacao\/fundacao\/\"><b>a SM \u00e9 uma empresa que pertence a uma Funda\u00e7\u00e3o<\/b><\/a> \u2013 a Funda\u00e7\u00e3o SM \u2013, tendo como objetivo final captar recursos financeiros que retornam \u00e0 sociedade por meio de projetos, programas, a\u00e7\u00f5es educativas e\u00a0 culturais, al\u00e9m\u00a0 de iniciativas para forma\u00e7\u00e3o e valoriza\u00e7\u00e3o da doc\u00eancia.<\/p>\n<p>Em 2016, foram quase <b>10 milh\u00f5es de <\/b><b>reais <\/b><b>investidos <\/b>com esse objetivo.<\/p>\n<p>E come\u00e7amos 2017 ainda melhor. Celebramos este ano os <b>80 anos do Grupo SM<\/b> no mundo e os <b>40 anos da Funda\u00e7\u00e3o SM. <\/b>Em um ano t\u00e3o especial para a SM, temos ainda muito mais motivos para comemorar.<\/p>\n<h2>Momento de\u00a0<b>p<\/b><b>romover mudan\u00e7as<\/b><b><\/b><b> <\/b><\/h2>\n<p>Hoje, com 13 anos de mercado, atingimos uma maturidade profissional e financeira, <b>vivendo o melhor ano de sua hist\u00f3ria no pa\u00eds.<\/b><\/p>\n<p>Negociamos com sucesso a venda de <b>livros <\/b><b>para <\/b><b>o Programa Nacional do Livro <\/b><b>Did\u00e1tico (PNLD)<\/b>, destinado aos alunos da educa\u00e7\u00e3o b\u00e1sica da rede p\u00fablica de todo o Brasil. No total, ser\u00e3o cerca de <b>15 milh\u00f5es de alunos<\/b> utilizando o material did\u00e1tico da SM em 2018, <b>resultado que supera <\/b><b>de forma <\/b><b>expressiva nossas <\/b><b>expectativas<\/b>.<\/p>\n<p><b>Para a rede particular de ensino,<\/b> investimos pesado no desenvolvimento de solu\u00e7\u00f5es inovadoras, de excelente qualidade e compet\u00eancia.<\/p>\n<p>Reformulamos a nossa cole\u00e7\u00e3o <b><i>Aprender Juntos<\/i><\/b>, para o <b>Ensino Fundamental 1.<\/b> Uma proposta coerente e eficaz para a forma\u00e7\u00e3o integral do aluno, que fortalece a intera\u00e7\u00e3o entre professor e o jovem na condu\u00e7\u00e3o das aulas. Com 11 anos desde sua primeira edi\u00e7\u00e3o, essa cole\u00e7\u00e3o foi a nossa primeira grande realiza\u00e7\u00e3o no Brasil.<\/p>\n<p>Estamos orgulhosamente lan\u00e7ando a cole\u00e7\u00e3o <b><i>Gera\u00e7\u00e3o <\/i><\/b><b><i>Alpha<\/i><\/b><b>, para o Ensino Fundamental 2<\/b>. Um projeto inovador feito para a nova gera\u00e7\u00e3o de jovens que surgem em sala de aula. Essa cole\u00e7\u00e3o, assim como esses estudantes, j\u00e1 nasce completamente <b>integrada aos meios digital e impresso<\/b>. Facilita ainda a transi\u00e7\u00e3o do aluno para a <b>rotina de estudos <\/b>e exig\u00eancias do Ensino M\u00e9dio e dos exames acad\u00eamicos, como o <b>Enem<\/b>.<\/p>\n<p>Lan\u00e7amos tamb\u00e9m a cole\u00e7\u00e3o<b><i> Alecrim<\/i><\/b><b>, para a Educa\u00e7\u00e3o Infantil<\/b>, uma obra com olhar \u00fanico para a educa\u00e7\u00e3o emocional, o pensamento l\u00f3gico-matem\u00e1tico e o trabalho com a educa\u00e7\u00e3o ambiental. Assim como o <i>Gera\u00e7\u00e3o Alpha <\/i>e todos os projetos da SM, essa cole\u00e7\u00e3o oferece uma <b>did\u00e1tica pautada em valores fundamentais para a forma\u00e7\u00e3o de cidad\u00e3os mais conscientes, preparados e justos<\/b>.<\/p>\n<p><strong>A Educa\u00e7\u00e3o\u00a0nos move<\/strong><\/p>\n<p>Pensando nos desafios do professor, lan\u00e7amos ainda o <b>Simplifica<\/b>, um aplicativo gratuito que permite ao docente fazer a corre\u00e7\u00e3o autom\u00e1tica das provas e gerar relat\u00f3rios para analisar o desempenho aluno por aluno, por compet\u00eancias e habilidades.<\/p>\n<p>E, ainda, o <b>educamos.sm<\/b>, que re\u00fane orienta\u00e7\u00f5es did\u00e1ticas, livros e recursos digitais organizados em um \u00fanico ambiente, integrando conte\u00fados digitais com avalia\u00e7\u00e3o e gest\u00e3o de desempenho dos alunos em um s\u00f3 lugar.<\/p>\n<p>Al\u00e9m disso, continuamos ampliando o nosso j\u00e1 premiado <b>C<\/b><b>at\u00e1logo de Literatura <\/b><b>I<\/b><b>nfantil e Juvenil<\/b>, sempre seguindo nossas premissas de profus\u00e3o de temas e g\u00eaneros liter\u00e1rios, diversidade de autores e ilustradores, al\u00e9m de valores norteadores, como a percep\u00e7\u00e3o de si e do outro, e o acolhimento das diferen\u00e7as.<\/p>\n<p>Para oferecer maior comodidade aos professores, lan\u00e7amos tamb\u00e9m o <b>SM Literatura<\/b>, um pr\u00e1tico aplicativo para consulta de t\u00edtulos por temas, anos escolares, autores e ilustradores, pr\u00eamios e planos de aula.<\/p>\n<p>Vivemos um momento de constante evolu\u00e7\u00e3o em nossas ofertas, e a nossa vontade n\u00e3o para a\u00ed. <b>Queremos <\/b><b>construir <\/b><b>muito mais! <\/b><\/p>\n<p>Os planos j\u00e1 em marcha para <b>os pr\u00f3ximos <\/b><b>quatro <\/b><b>anos contemplam fortes investimentos em <\/b><b>pesquisa e desenvolvimento de <\/b><b>solu\u00e7\u00f5es<\/b> de alto valor e impacto para escolas, professores, alunos e fam\u00edlias.<\/p>\n<p>A SM est\u00e1 mudando.\u00a0<b>Mude <\/b><b>com a SM<\/b><b>.<br \/>\n<\/b><\/p>\n<div id=\"formulario-para-aplicacao-ao-final-dos-blogposts-v2-73cd9a38551449a595a5\" role=\"main\"><\/div>\n<p><script type=\"text\/javascript\" src=\"https:\/\/d335luupugsy2.cloudfront.net\/js\/rdstation-forms\/stable\/rdstation-forms.min.js\"><\/script><br \/>\n<script type=\"text\/javascript\"> new RDStationForms('formulario-para-aplicacao-ao-final-dos-blogposts-v2-73cd9a38551449a595a5', 'UA-12840758-1').createForm();<\/script><\/p>\n","protected":false},"excerpt":{"rendered":"<p>A SM vive um momento de grande alegria. Os resultados e conquistas que v\u00eam sendo obtidos pelo Grupo s\u00e3o entusiasmantes e representam uma etapa de grande transforma\u00e7\u00e3o para n\u00f3s. Por isso, \u00e9 hora de celebrar! Em 2016, o Grupo faturou globalmente 1,2 bilh\u00e3o de reais (345 milh\u00f5es de euros) aproximadamente, resultado compat\u00edvel com os maiores [&hellip;]<\/p>\n","protected":false},"author":2,"featured_media":5099,"comment_status":"open","ping_status":"open","sticky":false,"template":"","format":"standard","meta":{"_acf_changed":false,"footnotes":""},"categories":[11,13],"tags":[48,12,49,10],"blog_nivel_escolar":[],"blog_segmento_escolar":[],"class_list":["post-314","post","type-post","status-publish","format-standard","has-post-thumbnail","hentry","category-comunicados","category-institucional","tag-elzimar-albuquerque","tag-fundacao-sm","tag-grupo-sm","tag-sm"],"acf":[],"yoast_head":"<!-- This site is optimized with the Yoast SEO plugin v28.3 - https:\/\/yoast.com\/product\/yoast-seo-wordpress\/ -->\n<title>Momento de celebrar! - SM Educa\u00e7\u00e3o - Juntos cuidamos da educa\u00e7\u00e3o!<\/title>\n<meta name=\"description\" content=\"\u00c9 momento de celebrar na SM Educa\u00e7\u00e3o. Os resultados que v\u00eam sendo obtidos pelo Grupo representam uma etapa de grande transforma\u00e7\u00e3o.\" \/>\n<meta name=\"robots\" content=\"noindex, follow, max-snippet:-1, max-image-preview:large, max-video-preview:-1\" \/>\n<meta property=\"og:locale\" content=\"pt_BR\" \/>\n<meta property=\"og:type\" content=\"article\" \/>\n<meta property=\"og:title\" content=\"Momento de celebrar! - SM Educa\u00e7\u00e3o - Juntos cuidamos da educa\u00e7\u00e3o!\" \/>\n<meta property=\"og:description\" content=\"\u00c9 momento de celebrar na SM Educa\u00e7\u00e3o. Os resultados que v\u00eam sendo obtidos pelo Grupo representam uma etapa de grande transforma\u00e7\u00e3o.\" \/>\n<meta property=\"og:url\" content=\"https:\/\/projetoslayerup.com.br\/smeducacao\/momento-de-celebrar\/\" \/>\n<meta property=\"og:site_name\" content=\"SM Educa\u00e7\u00e3o - Juntos cuidamos da educa\u00e7\u00e3o!\" \/>\n<meta property=\"article:published_time\" content=\"2017-10-11T18:17:26+00:00\" \/>\n<meta property=\"og:image\" content=\"https:\/\/projetoslayerup.com.br\/smeducacao\/wp-content\/uploads\/2017\/10\/celebrar-1.png\" \/>\n\t<meta property=\"og:image:width\" content=\"1920\" \/>\n\t<meta property=\"og:image:height\" content=\"1080\" \/>\n\t<meta property=\"og:image:type\" content=\"image\/png\" \/>\n<meta name=\"author\" content=\"SM Educa\u00e7\u00e3o\" \/>\n<meta name=\"twitter:card\" content=\"summary_large_image\" \/>\n<meta name=\"twitter:label1\" content=\"Escrito por\" \/>\n\t<meta name=\"twitter:data1\" content=\"SM Educa\u00e7\u00e3o\" \/>\n\t<meta name=\"twitter:label2\" content=\"Est. tempo de leitura\" \/>\n\t<meta name=\"twitter:data2\" content=\"4 minutos\" \/>\n<script type=\"application\/ld+json\" class=\"yoast-schema-graph\">{\"@context\":\"https:\\\/\\\/schema.org\",\"@graph\":[{\"@type\":\"Article\",\"@id\":\"https:\\\/\\\/projetoslayerup.com.br\\\/smeducacao\\\/momento-de-celebrar\\\/#article\",\"isPartOf\":{\"@id\":\"https:\\\/\\\/projetoslayerup.com.br\\\/smeducacao\\\/momento-de-celebrar\\\/\"},\"author\":{\"name\":\"SM Educa\u00e7\u00e3o\",\"@id\":\"https:\\\/\\\/projetoslayerup.com.br\\\/smeducacao\\\/#\\\/schema\\\/person\\\/45d7d41388698d0f902ff276caab47f5\"},\"headline\":\"Momento de celebrar!\",\"datePublished\":\"2017-10-11T18:17:26+00:00\",\"mainEntityOfPage\":{\"@id\":\"https:\\\/\\\/projetoslayerup.com.br\\\/smeducacao\\\/momento-de-celebrar\\\/\"},\"wordCount\":808,\"commentCount\":0,\"image\":{\"@id\":\"https:\\\/\\\/projetoslayerup.com.br\\\/smeducacao\\\/momento-de-celebrar\\\/#primaryimage\"},\"thumbnailUrl\":\"https:\\\/\\\/projetoslayerup.com.br\\\/smeducacao\\\/wp-content\\\/uploads\\\/2017\\\/10\\\/celebrar-1.png\",\"keywords\":[\"Elzimar Albuquerque\",\"Funda\u00e7\u00e3o SM\",\"Grupo SM\",\"SM\"],\"articleSection\":[\"Comunicados\",\"Institucional\"],\"inLanguage\":\"pt-BR\",\"potentialAction\":[{\"@type\":\"CommentAction\",\"name\":\"Comment\",\"target\":[\"https:\\\/\\\/projetoslayerup.com.br\\\/smeducacao\\\/momento-de-celebrar\\\/#respond\"]}]},{\"@type\":\"WebPage\",\"@id\":\"https:\\\/\\\/projetoslayerup.com.br\\\/smeducacao\\\/momento-de-celebrar\\\/\",\"url\":\"https:\\\/\\\/projetoslayerup.com.br\\\/smeducacao\\\/momento-de-celebrar\\\/\",\"name\":\"Momento de celebrar! - SM Educa\u00e7\u00e3o - Juntos cuidamos da educa\u00e7\u00e3o!\",\"isPartOf\":{\"@id\":\"https:\\\/\\\/projetoslayerup.com.br\\\/smeducacao\\\/#website\"},\"primaryImageOfPage\":{\"@id\":\"https:\\\/\\\/projetoslayerup.com.br\\\/smeducacao\\\/momento-de-celebrar\\\/#primaryimage\"},\"image\":{\"@id\":\"https:\\\/\\\/projetoslayerup.com.br\\\/smeducacao\\\/momento-de-celebrar\\\/#primaryimage\"},\"thumbnailUrl\":\"https:\\\/\\\/projetoslayerup.com.br\\\/smeducacao\\\/wp-content\\\/uploads\\\/2017\\\/10\\\/celebrar-1.png\",\"datePublished\":\"2017-10-11T18:17:26+00:00\",\"author\":{\"@id\":\"https:\\\/\\\/projetoslayerup.com.br\\\/smeducacao\\\/#\\\/schema\\\/person\\\/45d7d41388698d0f902ff276caab47f5\"},\"description\":\"\u00c9 momento de celebrar na SM Educa\u00e7\u00e3o. Os resultados que v\u00eam sendo obtidos pelo Grupo representam uma etapa de grande transforma\u00e7\u00e3o.\",\"breadcrumb\":{\"@id\":\"https:\\\/\\\/projetoslayerup.com.br\\\/smeducacao\\\/momento-de-celebrar\\\/#breadcrumb\"},\"inLanguage\":\"pt-BR\",\"potentialAction\":[{\"@type\":\"ReadAction\",\"target\":[\"https:\\\/\\\/projetoslayerup.com.br\\\/smeducacao\\\/momento-de-celebrar\\\/\"]}]},{\"@type\":\"ImageObject\",\"inLanguage\":\"pt-BR\",\"@id\":\"https:\\\/\\\/projetoslayerup.com.br\\\/smeducacao\\\/momento-de-celebrar\\\/#primaryimage\",\"url\":\"https:\\\/\\\/projetoslayerup.com.br\\\/smeducacao\\\/wp-content\\\/uploads\\\/2017\\\/10\\\/celebrar-1.png\",\"contentUrl\":\"https:\\\/\\\/projetoslayerup.com.br\\\/smeducacao\\\/wp-content\\\/uploads\\\/2017\\\/10\\\/celebrar-1.png\",\"width\":1920,\"height\":1080,\"caption\":\"Momento de celebrar\"},{\"@type\":\"BreadcrumbList\",\"@id\":\"https:\\\/\\\/projetoslayerup.com.br\\\/smeducacao\\\/momento-de-celebrar\\\/#breadcrumb\",\"itemListElement\":[{\"@type\":\"ListItem\",\"position\":1,\"name\":\"In\u00edcio\",\"item\":\"https:\\\/\\\/projetoslayerup.com.br\\\/smeducacao\\\/\"},{\"@type\":\"ListItem\",\"position\":2,\"name\":\"Momento de celebrar!\"}]},{\"@type\":\"WebSite\",\"@id\":\"https:\\\/\\\/projetoslayerup.com.br\\\/smeducacao\\\/#website\",\"url\":\"https:\\\/\\\/projetoslayerup.com.br\\\/smeducacao\\\/\",\"name\":\"SM Educa\u00e7\u00e3o - Juntos cuidamos da educa\u00e7\u00e3o!\",\"description\":\"Transformamos a educa\u00e7\u00e3o por meio de solu\u00e7\u00f5es digitais, solu\u00e7\u00f5es did\u00e1ticas para uma aprendizagem personalizada e solu\u00e7\u00f5es estrat\u00e9gicas eficientes. Juntos cuidamos da Educa\u00e7\u00e3o!\",\"potentialAction\":[{\"@type\":\"SearchAction\",\"target\":{\"@type\":\"EntryPoint\",\"urlTemplate\":\"https:\\\/\\\/projetoslayerup.com.br\\\/smeducacao\\\/?s={search_term_string}\"},\"query-input\":{\"@type\":\"PropertyValueSpecification\",\"valueRequired\":true,\"valueName\":\"search_term_string\"}}],\"inLanguage\":\"pt-BR\"},{\"@type\":\"Person\",\"@id\":\"https:\\\/\\\/projetoslayerup.com.br\\\/smeducacao\\\/#\\\/schema\\\/person\\\/45d7d41388698d0f902ff276caab47f5\",\"name\":\"SM Educa\u00e7\u00e3o\",\"image\":{\"@type\":\"ImageObject\",\"inLanguage\":\"pt-BR\",\"@id\":\"https:\\\/\\\/secure.gravatar.com\\\/avatar\\\/24327468bc2a6fb95889620b4158620d90c5e352f7a18c30af0e3f8cb70bc104?s=96&d=mm&r=g\",\"url\":\"https:\\\/\\\/secure.gravatar.com\\\/avatar\\\/24327468bc2a6fb95889620b4158620d90c5e352f7a18c30af0e3f8cb70bc104?s=96&d=mm&r=g\",\"contentUrl\":\"https:\\\/\\\/secure.gravatar.com\\\/avatar\\\/24327468bc2a6fb95889620b4158620d90c5e352f7a18c30af0e3f8cb70bc104?s=96&d=mm&r=g\",\"caption\":\"SM Educa\u00e7\u00e3o\"},\"url\":\"https:\\\/\\\/projetoslayerup.com.br\\\/smeducacao\\\/author\\\/smeducacao2021\\\/\"}]}<\/script>\n<!-- \/ Yoast SEO plugin. -->","yoast_head_json":{"title":"Momento de celebrar! - SM Educa\u00e7\u00e3o - Juntos cuidamos da educa\u00e7\u00e3o!","description":"\u00c9 momento de celebrar na SM Educa\u00e7\u00e3o. Os resultados que v\u00eam sendo obtidos pelo Grupo representam uma etapa de grande transforma\u00e7\u00e3o.","robots":{"index":"noindex","follow":"follow","max-snippet":"max-snippet:-1","max-image-preview":"max-image-preview:large","max-video-preview":"max-video-preview:-1"},"og_locale":"pt_BR","og_type":"article","og_title":"Momento de celebrar! - SM Educa\u00e7\u00e3o - Juntos cuidamos da educa\u00e7\u00e3o!","og_description":"\u00c9 momento de celebrar na SM Educa\u00e7\u00e3o. Os resultados que v\u00eam sendo obtidos pelo Grupo representam uma etapa de grande transforma\u00e7\u00e3o.","og_url":"https:\/\/projetoslayerup.com.br\/smeducacao\/momento-de-celebrar\/","og_site_name":"SM Educa\u00e7\u00e3o - Juntos cuidamos da educa\u00e7\u00e3o!","article_published_time":"2017-10-11T18:17:26+00:00","og_image":[{"width":1920,"height":1080,"url":"https:\/\/projetoslayerup.com.br\/smeducacao\/wp-content\/uploads\/2017\/10\/celebrar-1.png","type":"image\/png"}],"author":"SM Educa\u00e7\u00e3o","twitter_card":"summary_large_image","twitter_misc":{"Escrito por":"SM Educa\u00e7\u00e3o","Est. tempo de leitura":"4 minutos"},"schema":{"@context":"https:\/\/schema.org","@graph":[{"@type":"Article","@id":"https:\/\/projetoslayerup.com.br\/smeducacao\/momento-de-celebrar\/#article","isPartOf":{"@id":"https:\/\/projetoslayerup.com.br\/smeducacao\/momento-de-celebrar\/"},"author":{"name":"SM Educa\u00e7\u00e3o","@id":"https:\/\/projetoslayerup.com.br\/smeducacao\/#\/schema\/person\/45d7d41388698d0f902ff276caab47f5"},"headline":"Momento de celebrar!","datePublished":"2017-10-11T18:17:26+00:00","mainEntityOfPage":{"@id":"https:\/\/projetoslayerup.com.br\/smeducacao\/momento-de-celebrar\/"},"wordCount":808,"commentCount":0,"image":{"@id":"https:\/\/projetoslayerup.com.br\/smeducacao\/momento-de-celebrar\/#primaryimage"},"thumbnailUrl":"https:\/\/projetoslayerup.com.br\/smeducacao\/wp-content\/uploads\/2017\/10\/celebrar-1.png","keywords":["Elzimar Albuquerque","Funda\u00e7\u00e3o SM","Grupo SM","SM"],"articleSection":["Comunicados","Institucional"],"inLanguage":"pt-BR","potentialAction":[{"@type":"CommentAction","name":"Comment","target":["https:\/\/projetoslayerup.com.br\/smeducacao\/momento-de-celebrar\/#respond"]}]},{"@type":"WebPage","@id":"https:\/\/projetoslayerup.com.br\/smeducacao\/momento-de-celebrar\/","url":"https:\/\/projetoslayerup.com.br\/smeducacao\/momento-de-celebrar\/","name":"Momento de celebrar! - SM Educa\u00e7\u00e3o - Juntos cuidamos da educa\u00e7\u00e3o!","isPartOf":{"@id":"https:\/\/projetoslayerup.com.br\/smeducacao\/#website"},"primaryImageOfPage":{"@id":"https:\/\/projetoslayerup.com.br\/smeducacao\/momento-de-celebrar\/#primaryimage"},"image":{"@id":"https:\/\/projetoslayerup.com.br\/smeducacao\/momento-de-celebrar\/#primaryimage"},"thumbnailUrl":"https:\/\/projetoslayerup.com.br\/smeducacao\/wp-content\/uploads\/2017\/10\/celebrar-1.png","datePublished":"2017-10-11T18:17:26+00:00","author":{"@id":"https:\/\/projetoslayerup.com.br\/smeducacao\/#\/schema\/person\/45d7d41388698d0f902ff276caab47f5"},"description":"\u00c9 momento de celebrar na SM Educa\u00e7\u00e3o. Os resultados que v\u00eam sendo obtidos pelo Grupo representam uma etapa de grande transforma\u00e7\u00e3o.","breadcrumb":{"@id":"https:\/\/projetoslayerup.com.br\/smeducacao\/momento-de-celebrar\/#breadcrumb"},"inLanguage":"pt-BR","potentialAction":[{"@type":"ReadAction","target":["https:\/\/projetoslayerup.com.br\/smeducacao\/momento-de-celebrar\/"]}]},{"@type":"ImageObject","inLanguage":"pt-BR","@id":"https:\/\/projetoslayerup.com.br\/smeducacao\/momento-de-celebrar\/#primaryimage","url":"https:\/\/projetoslayerup.com.br\/smeducacao\/wp-content\/uploads\/2017\/10\/celebrar-1.png","contentUrl":"https:\/\/projetoslayerup.com.br\/smeducacao\/wp-content\/uploads\/2017\/10\/celebrar-1.png","width":1920,"height":1080,"caption":"Momento de celebrar"},{"@type":"BreadcrumbList","@id":"https:\/\/projetoslayerup.com.br\/smeducacao\/momento-de-celebrar\/#breadcrumb","itemListElement":[{"@type":"ListItem","position":1,"name":"In\u00edcio","item":"https:\/\/projetoslayerup.com.br\/smeducacao\/"},{"@type":"ListItem","position":2,"name":"Momento de celebrar!"}]},{"@type":"WebSite","@id":"https:\/\/projetoslayerup.com.br\/smeducacao\/#website","url":"https:\/\/projetoslayerup.com.br\/smeducacao\/","name":"SM Educa\u00e7\u00e3o - Juntos cuidamos da educa\u00e7\u00e3o!","description":"Transformamos a educa\u00e7\u00e3o por meio de solu\u00e7\u00f5es digitais, solu\u00e7\u00f5es did\u00e1ticas para uma aprendizagem personalizada e solu\u00e7\u00f5es estrat\u00e9gicas eficientes. Juntos cuidamos da Educa\u00e7\u00e3o!","potentialAction":[{"@type":"SearchAction","target":{"@type":"EntryPoint","urlTemplate":"https:\/\/projetoslayerup.com.br\/smeducacao\/?s={search_term_string}"},"query-input":{"@type":"PropertyValueSpecification","valueRequired":true,"valueName":"search_term_string"}}],"inLanguage":"pt-BR"},{"@type":"Person","@id":"https:\/\/projetoslayerup.com.br\/smeducacao\/#\/schema\/person\/45d7d41388698d0f902ff276caab47f5","name":"SM Educa\u00e7\u00e3o","image":{"@type":"ImageObject","inLanguage":"pt-BR","@id":"https:\/\/secure.gravatar.com\/avatar\/24327468bc2a6fb95889620b4158620d90c5e352f7a18c30af0e3f8cb70bc104?s=96&d=mm&r=g","url":"https:\/\/secure.gravatar.com\/avatar\/24327468bc2a6fb95889620b4158620d90c5e352f7a18c30af0e3f8cb70bc104?s=96&d=mm&r=g","contentUrl":"https:\/\/secure.gravatar.com\/avatar\/24327468bc2a6fb95889620b4158620d90c5e352f7a18c30af0e3f8cb70bc104?s=96&d=mm&r=g","caption":"SM Educa\u00e7\u00e3o"},"url":"https:\/\/projetoslayerup.com.br\/smeducacao\/author\/smeducacao2021\/"}]}},"_links":{"self":[{"href":"https:\/\/projetoslayerup.com.br\/smeducacao\/wp-json\/wp\/v2\/posts\/314","targetHints":{"allow":["GET"]}}],"collection":[{"href":"https:\/\/projetoslayerup.com.br\/smeducacao\/wp-json\/wp\/v2\/posts"}],"about":[{"href":"https:\/\/projetoslayerup.com.br\/smeducacao\/wp-json\/wp\/v2\/types\/post"}],"author":[{"embeddable":true,"href":"https:\/\/projetoslayerup.com.br\/smeducacao\/wp-json\/wp\/v2\/users\/2"}],"replies":[{"embeddable":true,"href":"https:\/\/projetoslayerup.com.br\/smeducacao\/wp-json\/wp\/v2\/comments?post=314"}],"version-history":[{"count":0,"href":"https:\/\/projetoslayerup.com.br\/smeducacao\/wp-json\/wp\/v2\/posts\/314\/revisions"}],"wp:featuredmedia":[{"embeddable":true,"href":"https:\/\/projetoslayerup.com.br\/smeducacao\/wp-json\/wp\/v2\/media\/5099"}],"wp:attachment":[{"href":"https:\/\/projetoslayerup.com.br\/smeducacao\/wp-json\/wp\/v2\/media?parent=314"}],"wp:term":[{"taxonomy":"category","embeddable":true,"href":"https:\/\/projetoslayerup.com.br\/smeducacao\/wp-json\/wp\/v2\/categories?post=314"},{"taxonomy":"post_tag","embeddable":true,"href":"https:\/\/projetoslayerup.com.br\/smeducacao\/wp-json\/wp\/v2\/tags?post=314"},{"taxonomy":"blog_nivel_escolar","embeddable":true,"href":"https:\/\/projetoslayerup.com.br\/smeducacao\/wp-json\/wp\/v2\/blog_nivel_escolar?post=314"},{"taxonomy":"blog_segmento_escolar","embeddable":true,"href":"https:\/\/projetoslayerup.com.br\/smeducacao\/wp-json\/wp\/v2\/blog_segmento_escolar?post=314"}],"curies":[{"name":"wp","href":"https:\/\/api.w.org\/{rel}","templated":true}]}}