{"id":344,"date":"2018-07-23T14:45:45","date_gmt":"2018-07-23T17:45:45","guid":{"rendered":"http:\/\/www.aeducacaonosmove.com.br\/?p=344"},"modified":"2018-07-23T14:45:45","modified_gmt":"2018-07-23T17:45:45","slug":"voce-sabe-o-que-e-a-bncc","status":"publish","type":"post","link":"https:\/\/projetoslayerup.com.br\/smeducacao\/voce-sabe-o-que-e-a-bncc\/","title":{"rendered":"Voc\u00ea sabe o que \u00e9 a BNCC?"},"content":{"rendered":"<div class=\"content--title--wrapper\">\n<p>Nos \u00faltimos anos, a Base Nacional Comum Curricular (BNCC) foi amplamente debatida nas pautas de educa\u00e7\u00e3o \u2014 <strong>esse documento foi um dos que mais recebeu contribui\u00e7\u00f5es e sugest\u00f5es na hist\u00f3ria do pa\u00eds. <\/strong>Isso mostra o quanto ele \u00e9 importante, n\u00e3o apenas para os educadores, mas para todos.<\/p>\n<p>O documento sobre a Educa\u00e7\u00e3o Infantil e o Ensino Fundamental foi aprovado pelo Minist\u00e9rio da Educa\u00e7\u00e3o no dia 20 de dezembro de 2017. J\u00e1 para a etapa do Ensino M\u00e9dio, a homologa\u00e7\u00e3o ocorreu em 14 de dezembro de 2018. As institui\u00e7\u00f5es de educa\u00e7\u00e3o b\u00e1sica no Brasil dever\u00e3o, obrigatoriamente, orientar seus curr\u00edculos com base nas diretrizes da BNCC. Por isso, \u00e9 importante entender como esse documento funciona e quais s\u00e3o suas propostas para o ensino e para a aprendizagem.<\/p>\n<p>Se voc\u00ea ficou interessado e quer saber mais sobre esse assunto, n\u00e3o deixe de ler at\u00e9 o final. Redigimos este conte\u00fado para explicar o que \u00e9 esse documento e quais os seus pontos principais. Vamos l\u00e1?<\/p>\n<h2>O que \u00e9 a BNCC e como ela funciona?<\/h2>\n<p>A BNCC \u00e9 um conjunto de diretrizes que orienta a organiza\u00e7\u00e3o dos curr\u00edculos na educa\u00e7\u00e3o b\u00e1sica e define o conjunto de habilidades e compet\u00eancias que devem ser progressivamente desenvolvidas pelos alunos ao longo dos ciclos escolares.<\/p>\n<p><strong>O documento n\u00e3o deve ser visto como uma regra absoluta ou um curr\u00edculo pronto, mas como um encaminhamento que nortear\u00e1 os objetivos pedag\u00f3gicos em cada etapa escolar.<\/strong> Essa base dever\u00e1 ser seguida tanto em escolas da rede p\u00fablica quanto em estabelecimentos de redes particulares.<\/p>\n<p>Por meio da BNCC, cada institui\u00e7\u00e3o ter\u00e1 autonomia para construir seu curr\u00edculo, usando as estrat\u00e9gias pedag\u00f3gicas que sejam mais adequadas para planejar, desenvolver e avaliar o aprendizado voltado ao desenvolvimento de compet\u00eancias, habilidades e n\u00edveis de cogni\u00e7\u00e3o em cada componente curricular.<\/p>\n<h2>Quais os objetivos da BNCC?<\/h2>\n<p>A elabora\u00e7\u00e3o desse documento objetiva prover \u00e0 escola uma base de refer\u00eancia para compor seus curr\u00edculos, homogeneizando o percurso de aprendizagem nas institui\u00e7\u00f5es de ensino, seja nas escolas p\u00fablicas, privadas, rurais ou urbanas. <strong>Com a BNCC, espera-se diminuir as desigualdades na educa\u00e7\u00e3o e, mais importante, aumentar a qualidade do ensino no Brasil.<\/strong><\/p>\n<p>A Base Curricular tem o objetivo de preparar os alunos e desenvolver habilidades e compet\u00eancias importantes para o s\u00e9culo XXI. Tamb\u00e9m visa modernizar as <a href=\"https:\/\/projetoslayerup.com.br\/smeducacao\/segredos-pratica-pedagogica\/\" target=\"_blank\" rel=\"noopener noreferrer\">pr\u00e1ticas pedag\u00f3gicas<\/a> e os recursos, incentivando a atualiza\u00e7\u00e3o das institui\u00e7\u00f5es e do corpo docente.<\/p>\n<p>De maneira geral, os objetivos da BNCC s\u00e3o:<\/p>\n<p>\u00b7\u00a0\u00a0\u00a0\u00a0\u00a0\u00a0\u00a0\u00a0formar cidad\u00e3os mais cr\u00edticos e engajados em seu meio sociocultural;<\/p>\n<p>\u00b7\u00a0\u00a0\u00a0\u00a0\u00a0\u00a0\u00a0\u00a0desenvolver habilidades para resolver problemas;<\/p>\n<p>\u00b7\u00a0\u00a0\u00a0\u00a0\u00a0\u00a0\u00a0\u00a0estimular a autonomia e o protagonismo para tomar decis\u00f5es;<\/p>\n<p>\u00b7\u00a0\u00a0\u00a0\u00a0\u00a0\u00a0\u00a0\u00a0formar cidad\u00e3os colaborativos para o trabalho em equipe;<\/p>\n<p>\u00b7\u00a0\u00a0\u00a0\u00a0\u00a0\u00a0\u00a0\u00a0promover o respeito \u00e0 diversidade;<\/p>\n<p>\u00b7\u00a0\u00a0\u00a0\u00a0\u00a0\u00a0\u00a0\u00a0desenvolver a capacidade de argumenta\u00e7\u00e3o.<\/p>\n<p>O foco \u00e9 o desenvolvimento integral do aluno. A busca da igualdade educacional considera as singularidades desse processo, o real acesso e a perman\u00eancia de todos na escola, com direito a aprendizagem genu\u00edna e significativa.<\/p>\n<h2>Quais as principais compet\u00eancias da BNCC?<\/h2>\n<p>Para assegurar a aprendizagem dos alunos, a BNCC indica compet\u00eancias gerais, comuns a todos os componentes curriculares, que norteiam o trabalho dos professores.\u00a0As compet\u00eancias s\u00e3o definidas como a mobiliza\u00e7\u00e3o de conhecimentos, habilidades, atitudes e valores para resolver situa\u00e7\u00f5es complexas da vida cotidiana, com pleno exerc\u00edcio da cidadania, permitindo que o aluno leve o aprendizado para todas as \u00e1reas da vida e se desenvolva integralmente.<\/p>\n<p>A Base Curricular estipula <a href=\"http:\/\/basenacionalcomum.mec.gov.br\/abase\/#introducao\" target=\"_blank\" rel=\"noopener noreferrer\">dez compet\u00eancias<\/a> que s\u00e3o consideradas fundamentais:<\/p>\n<p>\u00b7\u00a0\u00a0\u00a0\u00a0\u00a0\u00a0\u00a0\u00a0valoriza\u00e7\u00e3o dos conhecimentos adquiridos;<\/p>\n<p>\u00b7\u00a0\u00a0\u00a0\u00a0\u00a0\u00a0\u00a0\u00a0pensamento cr\u00edtico, criativo e cient\u00edfico;<\/p>\n<p>\u00b7\u00a0\u00a0\u00a0\u00a0\u00a0\u00a0\u00a0\u00a0valoriza\u00e7\u00e3o das manifesta\u00e7\u00f5es art\u00edsticas e culturais;<\/p>\n<p>\u00b7\u00a0\u00a0\u00a0\u00a0\u00a0\u00a0\u00a0\u00a0comunica\u00e7\u00e3o;<\/p>\n<p>\u00b7\u00a0\u00a0\u00a0\u00a0\u00a0\u00a0\u00a0\u00a0cultura digital e <a href=\"https:\/\/projetoslayerup.com.br\/smeducacao\/3-maneiras-de-incluir-a-tecnologia-na-educacao-dos-jovens\/\" target=\"_blank\" rel=\"noopener noreferrer\">tecnologia<\/a>;<\/p>\n<p>\u00b7\u00a0\u00a0\u00a0\u00a0\u00a0\u00a0\u00a0\u00a0autogest\u00e3o;<\/p>\n<p>\u00b7\u00a0\u00a0\u00a0\u00a0\u00a0\u00a0\u00a0\u00a0argumenta\u00e7\u00e3o;<\/p>\n<p>\u00b7\u00a0\u00a0\u00a0\u00a0\u00a0\u00a0\u00a0\u00a0autoconhecimento;<\/p>\n<p>\u00b7\u00a0\u00a0\u00a0\u00a0\u00a0\u00a0\u00a0\u00a0empatia e trabalho em equipe;<\/p>\n<p>\u00b7\u00a0\u00a0\u00a0\u00a0\u00a0\u00a0\u00a0\u00a0autonomia, responsabilidade e resili\u00eancia.<\/p>\n<p>Nesse contexto, o foco \u00e9 desenvolver habilidades e compet\u00eancias cognitivas, sociais e pessoais dos alunos. Dessa maneira, o conte\u00fado se torna uma ferramenta de aprendizagem que permite desenvolver habilidades e compet\u00eancias progressivamente.<\/p>\n<h2>Como incluir a BNCC na institui\u00e7\u00e3o de ensino?<\/h2>\n<p>Primeiramente, \u00e9 necess\u00e1rio atualizar o curr\u00edculo da escola e revisar todo o projeto pedag\u00f3gico para se adequar \u00e0s compet\u00eancias estipuladas pela Base. Al\u00e9m do mais, \u00e9 primordial a forma\u00e7\u00e3o e atualiza\u00e7\u00e3o cont\u00ednua dos educadores.<\/p>\n<p><strong>As transforma\u00e7\u00f5es devem ser comunicadas com muita clareza aos pais e ao corpo escolar para que todos entendam e desempenhem seus pap\u00e9is na transforma\u00e7\u00e3o educacional. <\/strong>Ainda nesse contexto, a moderniza\u00e7\u00e3o dos <a href=\"https:\/\/projetoslayerup.com.br\/smeducacao\/o-que-analisar-ao-escolher-uma-editora-de-livros-didaticos\/\" target=\"_blank\" rel=\"noopener noreferrer\">materiais did\u00e1ticos<\/a> \u00e9 fundamental para se adequar \u00e0s dire\u00e7\u00f5es da BNCC<strong>.<\/strong><\/p>\n<p>As mudan\u00e7as esperadas com a implementa\u00e7\u00e3o da BNCC, de maneira geral, trazem expectativas de mudan\u00e7as na educa\u00e7\u00e3o e constantes melhorias no ensino. A ideia \u00e9 formar estudantes mais cr\u00edticos, criativos e preparados para transformar a sociedade em que vivem.<\/p>\n<p>Se voc\u00ea gostou deste <em>post<\/em> sobre a BNCC, siga nossas redes sociais para n\u00e3o perder nenhum dos nossos conte\u00fados: estamos no <a href=\"https:\/\/www.facebook.com\/SMEducacao\/\" target=\"_blank\" rel=\"noopener noreferrer\">Facebook<\/a>, <a href=\"https:\/\/www.youtube.com\/user\/edicoessm\" target=\"_blank\" rel=\"noopener noreferrer\">YouTube<\/a> e <a href=\"https:\/\/www.instagram.com\/smeducacao\/\" target=\"_blank\" rel=\"noopener noreferrer\">Instagram<\/a>!<\/p>\n<\/div>\n<div class=\"container\">\n<div class=\"row\">\n<div id=\"topics-html\" class=\"tagline\" data-editable=\"true\" data-content=\"html\" data-field-name=\"landing_page[values[topics-html]]\"><\/div>\n<\/div>\n<\/div>\n<div id=\"formulario-para-aplicacao-ao-final-dos-blogposts-382a210f79fd035353bb\" role=\"main\"><\/div>\n<p><script type=\"text\/javascript\" src=\"https:\/\/d335luupugsy2.cloudfront.net\/js\/rdstation-forms\/stable\/rdstation-forms.min.js\"><\/script><br \/>\n<script type=\"text\/javascript\"> new RDStationForms('formulario-para-aplicacao-ao-final-dos-blogposts-382a210f79fd035353bb', 'UA-12840758-1').createForm();<\/script><\/p>\n","protected":false},"excerpt":{"rendered":"<p>Nos \u00faltimos anos, a Base Nacional Comum Curricular (BNCC) foi amplamente debatida nas pautas de educa\u00e7\u00e3o \u2014 esse documento foi um dos que mais recebeu contribui\u00e7\u00f5es e sugest\u00f5es na hist\u00f3ria do pa\u00eds. Isso mostra o quanto ele \u00e9 importante, n\u00e3o apenas para os educadores, mas para todos. O documento sobre a Educa\u00e7\u00e3o Infantil e o [&hellip;]<\/p>\n","protected":false},"author":2,"featured_media":345,"comment_status":"open","ping_status":"open","sticky":false,"template":"","format":"standard","meta":{"_acf_changed":false,"footnotes":""},"categories":[4,52,5,16],"tags":[50,29,51,6,53,54],"blog_nivel_escolar":[],"blog_segmento_escolar":[],"class_list":["post-344","post","type-post","status-publish","format-standard","has-post-thumbnail","hentry","category-dicas-professor","category-novo-ensino-medio","category-pnld","category-tendencias-educacao","tag-bene-e-ceci","tag-bncc","tag-editoras-pnld","tag-pnld","tag-pnld-2019","tag-sm-pnld"],"acf":[],"yoast_head":"<!-- This site is optimized with the Yoast SEO plugin v28.3 - https:\/\/yoast.com\/product\/yoast-seo-wordpress\/ -->\n<title>Voc\u00ea sabe o que \u00e9 a BNCC? - SM Educa\u00e7\u00e3o - Juntos cuidamos da educa\u00e7\u00e3o!<\/title>\n<meta name=\"description\" content=\"Nos \u00faltimos anos, a BNCC foi amplamente debatida nas pautas de educa\u00e7\u00e3o, se mostrando importante para educadores e toda a comunidade escolar.\" \/>\n<meta name=\"robots\" content=\"noindex, follow, max-snippet:-1, max-image-preview:large, max-video-preview:-1\" \/>\n<meta property=\"og:locale\" content=\"pt_BR\" \/>\n<meta property=\"og:type\" content=\"article\" \/>\n<meta property=\"og:title\" content=\"Voc\u00ea sabe o que \u00e9 a BNCC? - SM Educa\u00e7\u00e3o - Juntos cuidamos da educa\u00e7\u00e3o!\" \/>\n<meta property=\"og:description\" content=\"Nos \u00faltimos anos, a BNCC foi amplamente debatida nas pautas de educa\u00e7\u00e3o, se mostrando importante para educadores e toda a comunidade escolar.\" \/>\n<meta property=\"og:url\" content=\"https:\/\/projetoslayerup.com.br\/smeducacao\/voce-sabe-o-que-e-a-bncc\/\" \/>\n<meta property=\"og:site_name\" content=\"SM Educa\u00e7\u00e3o - Juntos cuidamos da educa\u00e7\u00e3o!\" \/>\n<meta property=\"article:published_time\" content=\"2018-07-23T17:45:45+00:00\" \/>\n<meta property=\"og:image\" content=\"https:\/\/projetoslayerup.com.br\/smeducacao\/wp-content\/uploads\/2018\/07\/36818531_6101177767791_4928916426078552064_n.png\" \/>\n\t<meta property=\"og:image:width\" content=\"552\" \/>\n\t<meta property=\"og:image:height\" content=\"288\" \/>\n\t<meta property=\"og:image:type\" content=\"image\/png\" \/>\n<meta name=\"author\" content=\"SM Educa\u00e7\u00e3o\" \/>\n<meta name=\"twitter:card\" content=\"summary_large_image\" \/>\n<meta name=\"twitter:label1\" content=\"Escrito por\" \/>\n\t<meta name=\"twitter:data1\" content=\"SM Educa\u00e7\u00e3o\" \/>\n\t<meta name=\"twitter:label2\" content=\"Est. tempo de leitura\" \/>\n\t<meta name=\"twitter:data2\" content=\"5 minutos\" \/>\n<script type=\"application\/ld+json\" class=\"yoast-schema-graph\">{\"@context\":\"https:\\\/\\\/schema.org\",\"@graph\":[{\"@type\":\"Article\",\"@id\":\"https:\\\/\\\/projetoslayerup.com.br\\\/smeducacao\\\/voce-sabe-o-que-e-a-bncc\\\/#article\",\"isPartOf\":{\"@id\":\"https:\\\/\\\/projetoslayerup.com.br\\\/smeducacao\\\/voce-sabe-o-que-e-a-bncc\\\/\"},\"author\":{\"name\":\"SM Educa\u00e7\u00e3o\",\"@id\":\"https:\\\/\\\/projetoslayerup.com.br\\\/smeducacao\\\/#\\\/schema\\\/person\\\/45d7d41388698d0f902ff276caab47f5\"},\"headline\":\"Voc\u00ea sabe o que \u00e9 a BNCC?\",\"datePublished\":\"2018-07-23T17:45:45+00:00\",\"mainEntityOfPage\":{\"@id\":\"https:\\\/\\\/projetoslayerup.com.br\\\/smeducacao\\\/voce-sabe-o-que-e-a-bncc\\\/\"},\"wordCount\":852,\"commentCount\":17,\"image\":{\"@id\":\"https:\\\/\\\/projetoslayerup.com.br\\\/smeducacao\\\/voce-sabe-o-que-e-a-bncc\\\/#primaryimage\"},\"thumbnailUrl\":\"https:\\\/\\\/projetoslayerup.com.br\\\/smeducacao\\\/wp-content\\\/uploads\\\/2018\\\/07\\\/36818531_6101177767791_4928916426078552064_n.png\",\"keywords\":[\"Bene e Ceci\",\"BNCC\",\"editoras PNLD\",\"PNLD\",\"PNLD 2019\",\"SM PNLD\"],\"articleSection\":[\"Dicas para professores\",\"Novo Ensino M\u00e9dio\",\"PNLD\",\"Tend\u00eancias na educa\u00e7\u00e3o\"],\"inLanguage\":\"pt-BR\",\"potentialAction\":[{\"@type\":\"CommentAction\",\"name\":\"Comment\",\"target\":[\"https:\\\/\\\/projetoslayerup.com.br\\\/smeducacao\\\/voce-sabe-o-que-e-a-bncc\\\/#respond\"]}]},{\"@type\":\"WebPage\",\"@id\":\"https:\\\/\\\/projetoslayerup.com.br\\\/smeducacao\\\/voce-sabe-o-que-e-a-bncc\\\/\",\"url\":\"https:\\\/\\\/projetoslayerup.com.br\\\/smeducacao\\\/voce-sabe-o-que-e-a-bncc\\\/\",\"name\":\"Voc\u00ea sabe o que \u00e9 a BNCC? - SM Educa\u00e7\u00e3o - Juntos cuidamos da educa\u00e7\u00e3o!\",\"isPartOf\":{\"@id\":\"https:\\\/\\\/projetoslayerup.com.br\\\/smeducacao\\\/#website\"},\"primaryImageOfPage\":{\"@id\":\"https:\\\/\\\/projetoslayerup.com.br\\\/smeducacao\\\/voce-sabe-o-que-e-a-bncc\\\/#primaryimage\"},\"image\":{\"@id\":\"https:\\\/\\\/projetoslayerup.com.br\\\/smeducacao\\\/voce-sabe-o-que-e-a-bncc\\\/#primaryimage\"},\"thumbnailUrl\":\"https:\\\/\\\/projetoslayerup.com.br\\\/smeducacao\\\/wp-content\\\/uploads\\\/2018\\\/07\\\/36818531_6101177767791_4928916426078552064_n.png\",\"datePublished\":\"2018-07-23T17:45:45+00:00\",\"author\":{\"@id\":\"https:\\\/\\\/projetoslayerup.com.br\\\/smeducacao\\\/#\\\/schema\\\/person\\\/45d7d41388698d0f902ff276caab47f5\"},\"description\":\"Nos \u00faltimos anos, a BNCC foi amplamente debatida nas pautas de educa\u00e7\u00e3o, se mostrando importante para educadores e toda a comunidade escolar.\",\"breadcrumb\":{\"@id\":\"https:\\\/\\\/projetoslayerup.com.br\\\/smeducacao\\\/voce-sabe-o-que-e-a-bncc\\\/#breadcrumb\"},\"inLanguage\":\"pt-BR\",\"potentialAction\":[{\"@type\":\"ReadAction\",\"target\":[\"https:\\\/\\\/projetoslayerup.com.br\\\/smeducacao\\\/voce-sabe-o-que-e-a-bncc\\\/\"]}]},{\"@type\":\"ImageObject\",\"inLanguage\":\"pt-BR\",\"@id\":\"https:\\\/\\\/projetoslayerup.com.br\\\/smeducacao\\\/voce-sabe-o-que-e-a-bncc\\\/#primaryimage\",\"url\":\"https:\\\/\\\/projetoslayerup.com.br\\\/smeducacao\\\/wp-content\\\/uploads\\\/2018\\\/07\\\/36818531_6101177767791_4928916426078552064_n.png\",\"contentUrl\":\"https:\\\/\\\/projetoslayerup.com.br\\\/smeducacao\\\/wp-content\\\/uploads\\\/2018\\\/07\\\/36818531_6101177767791_4928916426078552064_n.png\",\"width\":552,\"height\":288,\"caption\":\"O que \u00e9 a BNCC\"},{\"@type\":\"BreadcrumbList\",\"@id\":\"https:\\\/\\\/projetoslayerup.com.br\\\/smeducacao\\\/voce-sabe-o-que-e-a-bncc\\\/#breadcrumb\",\"itemListElement\":[{\"@type\":\"ListItem\",\"position\":1,\"name\":\"In\u00edcio\",\"item\":\"https:\\\/\\\/projetoslayerup.com.br\\\/smeducacao\\\/\"},{\"@type\":\"ListItem\",\"position\":2,\"name\":\"Voc\u00ea sabe o que \u00e9 a BNCC?\"}]},{\"@type\":\"WebSite\",\"@id\":\"https:\\\/\\\/projetoslayerup.com.br\\\/smeducacao\\\/#website\",\"url\":\"https:\\\/\\\/projetoslayerup.com.br\\\/smeducacao\\\/\",\"name\":\"SM Educa\u00e7\u00e3o - Juntos cuidamos da educa\u00e7\u00e3o!\",\"description\":\"Transformamos a educa\u00e7\u00e3o por meio de solu\u00e7\u00f5es digitais, solu\u00e7\u00f5es did\u00e1ticas para uma aprendizagem personalizada e solu\u00e7\u00f5es estrat\u00e9gicas eficientes. Juntos cuidamos da Educa\u00e7\u00e3o!\",\"potentialAction\":[{\"@type\":\"SearchAction\",\"target\":{\"@type\":\"EntryPoint\",\"urlTemplate\":\"https:\\\/\\\/projetoslayerup.com.br\\\/smeducacao\\\/?s={search_term_string}\"},\"query-input\":{\"@type\":\"PropertyValueSpecification\",\"valueRequired\":true,\"valueName\":\"search_term_string\"}}],\"inLanguage\":\"pt-BR\"},{\"@type\":\"Person\",\"@id\":\"https:\\\/\\\/projetoslayerup.com.br\\\/smeducacao\\\/#\\\/schema\\\/person\\\/45d7d41388698d0f902ff276caab47f5\",\"name\":\"SM Educa\u00e7\u00e3o\",\"image\":{\"@type\":\"ImageObject\",\"inLanguage\":\"pt-BR\",\"@id\":\"https:\\\/\\\/secure.gravatar.com\\\/avatar\\\/24327468bc2a6fb95889620b4158620d90c5e352f7a18c30af0e3f8cb70bc104?s=96&d=mm&r=g\",\"url\":\"https:\\\/\\\/secure.gravatar.com\\\/avatar\\\/24327468bc2a6fb95889620b4158620d90c5e352f7a18c30af0e3f8cb70bc104?s=96&d=mm&r=g\",\"contentUrl\":\"https:\\\/\\\/secure.gravatar.com\\\/avatar\\\/24327468bc2a6fb95889620b4158620d90c5e352f7a18c30af0e3f8cb70bc104?s=96&d=mm&r=g\",\"caption\":\"SM Educa\u00e7\u00e3o\"},\"url\":\"https:\\\/\\\/projetoslayerup.com.br\\\/smeducacao\\\/author\\\/smeducacao2021\\\/\"}]}<\/script>\n<!-- \/ Yoast SEO plugin. -->","yoast_head_json":{"title":"Voc\u00ea sabe o que \u00e9 a BNCC? - SM Educa\u00e7\u00e3o - Juntos cuidamos da educa\u00e7\u00e3o!","description":"Nos \u00faltimos anos, a BNCC foi amplamente debatida nas pautas de educa\u00e7\u00e3o, se mostrando importante para educadores e toda a comunidade escolar.","robots":{"index":"noindex","follow":"follow","max-snippet":"max-snippet:-1","max-image-preview":"max-image-preview:large","max-video-preview":"max-video-preview:-1"},"og_locale":"pt_BR","og_type":"article","og_title":"Voc\u00ea sabe o que \u00e9 a BNCC? - SM Educa\u00e7\u00e3o - Juntos cuidamos da educa\u00e7\u00e3o!","og_description":"Nos \u00faltimos anos, a BNCC foi amplamente debatida nas pautas de educa\u00e7\u00e3o, se mostrando importante para educadores e toda a comunidade escolar.","og_url":"https:\/\/projetoslayerup.com.br\/smeducacao\/voce-sabe-o-que-e-a-bncc\/","og_site_name":"SM Educa\u00e7\u00e3o - Juntos cuidamos da educa\u00e7\u00e3o!","article_published_time":"2018-07-23T17:45:45+00:00","og_image":[{"width":552,"height":288,"url":"https:\/\/projetoslayerup.com.br\/smeducacao\/wp-content\/uploads\/2018\/07\/36818531_6101177767791_4928916426078552064_n.png","type":"image\/png"}],"author":"SM Educa\u00e7\u00e3o","twitter_card":"summary_large_image","twitter_misc":{"Escrito por":"SM Educa\u00e7\u00e3o","Est. tempo de leitura":"5 minutos"},"schema":{"@context":"https:\/\/schema.org","@graph":[{"@type":"Article","@id":"https:\/\/projetoslayerup.com.br\/smeducacao\/voce-sabe-o-que-e-a-bncc\/#article","isPartOf":{"@id":"https:\/\/projetoslayerup.com.br\/smeducacao\/voce-sabe-o-que-e-a-bncc\/"},"author":{"name":"SM Educa\u00e7\u00e3o","@id":"https:\/\/projetoslayerup.com.br\/smeducacao\/#\/schema\/person\/45d7d41388698d0f902ff276caab47f5"},"headline":"Voc\u00ea sabe o que \u00e9 a BNCC?","datePublished":"2018-07-23T17:45:45+00:00","mainEntityOfPage":{"@id":"https:\/\/projetoslayerup.com.br\/smeducacao\/voce-sabe-o-que-e-a-bncc\/"},"wordCount":852,"commentCount":17,"image":{"@id":"https:\/\/projetoslayerup.com.br\/smeducacao\/voce-sabe-o-que-e-a-bncc\/#primaryimage"},"thumbnailUrl":"https:\/\/projetoslayerup.com.br\/smeducacao\/wp-content\/uploads\/2018\/07\/36818531_6101177767791_4928916426078552064_n.png","keywords":["Bene e Ceci","BNCC","editoras PNLD","PNLD","PNLD 2019","SM PNLD"],"articleSection":["Dicas para professores","Novo Ensino M\u00e9dio","PNLD","Tend\u00eancias na educa\u00e7\u00e3o"],"inLanguage":"pt-BR","potentialAction":[{"@type":"CommentAction","name":"Comment","target":["https:\/\/projetoslayerup.com.br\/smeducacao\/voce-sabe-o-que-e-a-bncc\/#respond"]}]},{"@type":"WebPage","@id":"https:\/\/projetoslayerup.com.br\/smeducacao\/voce-sabe-o-que-e-a-bncc\/","url":"https:\/\/projetoslayerup.com.br\/smeducacao\/voce-sabe-o-que-e-a-bncc\/","name":"Voc\u00ea sabe o que \u00e9 a BNCC? - SM Educa\u00e7\u00e3o - Juntos cuidamos da educa\u00e7\u00e3o!","isPartOf":{"@id":"https:\/\/projetoslayerup.com.br\/smeducacao\/#website"},"primaryImageOfPage":{"@id":"https:\/\/projetoslayerup.com.br\/smeducacao\/voce-sabe-o-que-e-a-bncc\/#primaryimage"},"image":{"@id":"https:\/\/projetoslayerup.com.br\/smeducacao\/voce-sabe-o-que-e-a-bncc\/#primaryimage"},"thumbnailUrl":"https:\/\/projetoslayerup.com.br\/smeducacao\/wp-content\/uploads\/2018\/07\/36818531_6101177767791_4928916426078552064_n.png","datePublished":"2018-07-23T17:45:45+00:00","author":{"@id":"https:\/\/projetoslayerup.com.br\/smeducacao\/#\/schema\/person\/45d7d41388698d0f902ff276caab47f5"},"description":"Nos \u00faltimos anos, a BNCC foi amplamente debatida nas pautas de educa\u00e7\u00e3o, se mostrando importante para educadores e toda a comunidade escolar.","breadcrumb":{"@id":"https:\/\/projetoslayerup.com.br\/smeducacao\/voce-sabe-o-que-e-a-bncc\/#breadcrumb"},"inLanguage":"pt-BR","potentialAction":[{"@type":"ReadAction","target":["https:\/\/projetoslayerup.com.br\/smeducacao\/voce-sabe-o-que-e-a-bncc\/"]}]},{"@type":"ImageObject","inLanguage":"pt-BR","@id":"https:\/\/projetoslayerup.com.br\/smeducacao\/voce-sabe-o-que-e-a-bncc\/#primaryimage","url":"https:\/\/projetoslayerup.com.br\/smeducacao\/wp-content\/uploads\/2018\/07\/36818531_6101177767791_4928916426078552064_n.png","contentUrl":"https:\/\/projetoslayerup.com.br\/smeducacao\/wp-content\/uploads\/2018\/07\/36818531_6101177767791_4928916426078552064_n.png","width":552,"height":288,"caption":"O que \u00e9 a BNCC"},{"@type":"BreadcrumbList","@id":"https:\/\/projetoslayerup.com.br\/smeducacao\/voce-sabe-o-que-e-a-bncc\/#breadcrumb","itemListElement":[{"@type":"ListItem","position":1,"name":"In\u00edcio","item":"https:\/\/projetoslayerup.com.br\/smeducacao\/"},{"@type":"ListItem","position":2,"name":"Voc\u00ea sabe o que \u00e9 a BNCC?"}]},{"@type":"WebSite","@id":"https:\/\/projetoslayerup.com.br\/smeducacao\/#website","url":"https:\/\/projetoslayerup.com.br\/smeducacao\/","name":"SM Educa\u00e7\u00e3o - Juntos cuidamos da educa\u00e7\u00e3o!","description":"Transformamos a educa\u00e7\u00e3o por meio de solu\u00e7\u00f5es digitais, solu\u00e7\u00f5es did\u00e1ticas para uma aprendizagem personalizada e solu\u00e7\u00f5es estrat\u00e9gicas eficientes. Juntos cuidamos da Educa\u00e7\u00e3o!","potentialAction":[{"@type":"SearchAction","target":{"@type":"EntryPoint","urlTemplate":"https:\/\/projetoslayerup.com.br\/smeducacao\/?s={search_term_string}"},"query-input":{"@type":"PropertyValueSpecification","valueRequired":true,"valueName":"search_term_string"}}],"inLanguage":"pt-BR"},{"@type":"Person","@id":"https:\/\/projetoslayerup.com.br\/smeducacao\/#\/schema\/person\/45d7d41388698d0f902ff276caab47f5","name":"SM Educa\u00e7\u00e3o","image":{"@type":"ImageObject","inLanguage":"pt-BR","@id":"https:\/\/secure.gravatar.com\/avatar\/24327468bc2a6fb95889620b4158620d90c5e352f7a18c30af0e3f8cb70bc104?s=96&d=mm&r=g","url":"https:\/\/secure.gravatar.com\/avatar\/24327468bc2a6fb95889620b4158620d90c5e352f7a18c30af0e3f8cb70bc104?s=96&d=mm&r=g","contentUrl":"https:\/\/secure.gravatar.com\/avatar\/24327468bc2a6fb95889620b4158620d90c5e352f7a18c30af0e3f8cb70bc104?s=96&d=mm&r=g","caption":"SM Educa\u00e7\u00e3o"},"url":"https:\/\/projetoslayerup.com.br\/smeducacao\/author\/smeducacao2021\/"}]}},"_links":{"self":[{"href":"https:\/\/projetoslayerup.com.br\/smeducacao\/wp-json\/wp\/v2\/posts\/344","targetHints":{"allow":["GET"]}}],"collection":[{"href":"https:\/\/projetoslayerup.com.br\/smeducacao\/wp-json\/wp\/v2\/posts"}],"about":[{"href":"https:\/\/projetoslayerup.com.br\/smeducacao\/wp-json\/wp\/v2\/types\/post"}],"author":[{"embeddable":true,"href":"https:\/\/projetoslayerup.com.br\/smeducacao\/wp-json\/wp\/v2\/users\/2"}],"replies":[{"embeddable":true,"href":"https:\/\/projetoslayerup.com.br\/smeducacao\/wp-json\/wp\/v2\/comments?post=344"}],"version-history":[{"count":0,"href":"https:\/\/projetoslayerup.com.br\/smeducacao\/wp-json\/wp\/v2\/posts\/344\/revisions"}],"wp:featuredmedia":[{"embeddable":true,"href":"https:\/\/projetoslayerup.com.br\/smeducacao\/wp-json\/wp\/v2\/media\/345"}],"wp:attachment":[{"href":"https:\/\/projetoslayerup.com.br\/smeducacao\/wp-json\/wp\/v2\/media?parent=344"}],"wp:term":[{"taxonomy":"category","embeddable":true,"href":"https:\/\/projetoslayerup.com.br\/smeducacao\/wp-json\/wp\/v2\/categories?post=344"},{"taxonomy":"post_tag","embeddable":true,"href":"https:\/\/projetoslayerup.com.br\/smeducacao\/wp-json\/wp\/v2\/tags?post=344"},{"taxonomy":"blog_nivel_escolar","embeddable":true,"href":"https:\/\/projetoslayerup.com.br\/smeducacao\/wp-json\/wp\/v2\/blog_nivel_escolar?post=344"},{"taxonomy":"blog_segmento_escolar","embeddable":true,"href":"https:\/\/projetoslayerup.com.br\/smeducacao\/wp-json\/wp\/v2\/blog_segmento_escolar?post=344"}],"curies":[{"name":"wp","href":"https:\/\/api.w.org\/{rel}","templated":true}]}}