{"id":438,"date":"2018-09-19T10:27:42","date_gmt":"2018-09-19T13:27:42","guid":{"rendered":"http:\/\/www.aeducacaonosmove.com.br\/?p=438"},"modified":"2018-09-19T10:27:42","modified_gmt":"2018-09-19T13:27:42","slug":"trabalho-interdisciplinar-dicas","status":"publish","type":"post","link":"https:\/\/projetoslayerup.com.br\/smeducacao\/trabalho-interdisciplinar-dicas\/","title":{"rendered":"Trabalho interdisciplinar: como promover saberes em sala de aula"},"content":{"rendered":"<p>Vivemos em um <a href=\"https:\/\/projetoslayerup.com.br\/smeducacao\/planejamento-estrategico-escolar-saiba-como-a-tecnologia-pode-apoiar\/\">mundo plural e tecnol\u00f3gico<\/a>, que nos apresenta uma varia\u00e7\u00e3o de informa\u00e7\u00f5es e possibilidades. Aprender a pesquisar, a conviver respeitosamente com opini\u00f5es diversas, analisar cen\u00e1rios, selecionar fontes e informa\u00e7\u00f5es seguras s\u00e3o algumas das habilidades necess\u00e1rias para promover o <strong>trabalho interdisciplinar<\/strong> e interagir de<strong> modo positivo <\/strong>em nossa sociedade hoje.<\/p>\n<p>O conhecimento torna-se significativo quando utilizado para criar possibilidades para solu\u00e7\u00f5es de situa\u00e7\u00f5es-problema de nosso cotidiano. Olhar para o meio e para o outro com empatia e responsabilidade. As crian\u00e7as da gera\u00e7\u00e3o alpha (nascidas a partir de 2010) s\u00e3o curiosas, lidam com a tecnologia de modo natural e desejam ser empreendedoras.<\/p>\n<p>O espa\u00e7o escolar, atento \u00e0s mudan\u00e7as de nossa sociedade, deve propor inova\u00e7\u00f5es metodol\u00f3gicas para garantir o pleno desenvolvimento de crian\u00e7as e jovens.<\/p>\n<h3>Propondo descobertas por meio do trabalho interdisciplinar<\/h3>\n<p>Para ajudar voc\u00ea nessa importante jornada, a SM Educa\u00e7\u00e3o preparou um material especial sobre o trabalho interdisciplinar em sala de aula.<\/p>\n<p>Aproveite e baixe agora mesmo um artigo feito pela<strong> Prof\u00aa M\u00aa Tatiana Pita<\/strong>, com caminhos para explorar a interdisciplinaridade com seus alunos.\u00a0Baixe o artigo completo <a href=\"https:\/\/materiais.smbrasil.com.br\/interdisciplinaridade\" target=\"_blank\" rel=\"noopener noreferrer\">aqui<\/a>.<\/p>\n<p>Boa leitura!<\/p>\n","protected":false},"excerpt":{"rendered":"<p>Vivemos em um mundo plural e tecnol\u00f3gico, que nos apresenta uma varia\u00e7\u00e3o de informa\u00e7\u00f5es e possibilidades. Aprender a pesquisar, a conviver respeitosamente com opini\u00f5es diversas, analisar cen\u00e1rios, selecionar fontes e informa\u00e7\u00f5es seguras s\u00e3o algumas das habilidades necess\u00e1rias para promover o trabalho interdisciplinar e interagir de modo positivo em nossa sociedade hoje. O conhecimento torna-se significativo [&hellip;]<\/p>\n","protected":false},"author":2,"featured_media":439,"comment_status":"open","ping_status":"open","sticky":false,"template":"","format":"standard","meta":{"_acf_changed":false,"footnotes":""},"categories":[4,16],"tags":[57,59],"blog_nivel_escolar":[],"blog_segmento_escolar":[],"class_list":["post-438","post","type-post","status-publish","format-standard","has-post-thumbnail","hentry","category-dicas-professor","category-tendencias-educacao","tag-educacao-inovadora","tag-metodos-de-aprendizagem"],"acf":[],"yoast_head":"<!-- This site is optimized with the Yoast SEO plugin v28.3 - https:\/\/yoast.com\/product\/yoast-seo-wordpress\/ -->\n<title>Trabalho interdisciplinar: como promover saberes em sala de aula<\/title>\n<meta name=\"description\" content=\"Um trabalho interdisciplinar, atento \u00e0s mudan\u00e7as sociais, deve propor inova\u00e7\u00f5es metodol\u00f3gicas para garantir o desenvolvimento dos alunos.\" \/>\n<meta name=\"robots\" content=\"noindex, follow, max-snippet:-1, max-image-preview:large, max-video-preview:-1\" \/>\n<meta property=\"og:locale\" content=\"pt_BR\" \/>\n<meta property=\"og:type\" content=\"article\" \/>\n<meta property=\"og:title\" content=\"Trabalho interdisciplinar: como promover saberes em sala de aula\" \/>\n<meta property=\"og:description\" content=\"Um trabalho interdisciplinar, atento \u00e0s mudan\u00e7as sociais, deve propor inova\u00e7\u00f5es metodol\u00f3gicas para garantir o desenvolvimento dos alunos.\" \/>\n<meta property=\"og:url\" content=\"https:\/\/projetoslayerup.com.br\/smeducacao\/trabalho-interdisciplinar-dicas\/\" \/>\n<meta property=\"og:site_name\" content=\"SM Educa\u00e7\u00e3o - Juntos cuidamos da educa\u00e7\u00e3o!\" \/>\n<meta property=\"article:published_time\" content=\"2018-09-19T13:27:42+00:00\" \/>\n<meta property=\"og:image\" content=\"https:\/\/projetoslayerup.com.br\/smeducacao\/wp-content\/uploads\/2018\/09\/aluno_interdisciplinaridade.jpg\" \/>\n\t<meta property=\"og:image:width\" content=\"1255\" \/>\n\t<meta property=\"og:image:height\" content=\"836\" \/>\n\t<meta property=\"og:image:type\" content=\"image\/jpeg\" \/>\n<meta name=\"author\" content=\"SM Educa\u00e7\u00e3o\" \/>\n<meta name=\"twitter:card\" content=\"summary_large_image\" \/>\n<meta name=\"twitter:label1\" content=\"Escrito por\" \/>\n\t<meta name=\"twitter:data1\" content=\"SM Educa\u00e7\u00e3o\" \/>\n\t<meta name=\"twitter:label2\" content=\"Est. tempo de leitura\" \/>\n\t<meta name=\"twitter:data2\" content=\"1 minuto\" \/>\n<script type=\"application\/ld+json\" class=\"yoast-schema-graph\">{\"@context\":\"https:\\\/\\\/schema.org\",\"@graph\":[{\"@type\":\"Article\",\"@id\":\"https:\\\/\\\/projetoslayerup.com.br\\\/smeducacao\\\/trabalho-interdisciplinar-dicas\\\/#article\",\"isPartOf\":{\"@id\":\"https:\\\/\\\/projetoslayerup.com.br\\\/smeducacao\\\/trabalho-interdisciplinar-dicas\\\/\"},\"author\":{\"name\":\"SM Educa\u00e7\u00e3o\",\"@id\":\"https:\\\/\\\/projetoslayerup.com.br\\\/smeducacao\\\/#\\\/schema\\\/person\\\/45d7d41388698d0f902ff276caab47f5\"},\"headline\":\"Trabalho interdisciplinar: como promover saberes em sala de aula\",\"datePublished\":\"2018-09-19T13:27:42+00:00\",\"mainEntityOfPage\":{\"@id\":\"https:\\\/\\\/projetoslayerup.com.br\\\/smeducacao\\\/trabalho-interdisciplinar-dicas\\\/\"},\"wordCount\":208,\"commentCount\":1,\"image\":{\"@id\":\"https:\\\/\\\/projetoslayerup.com.br\\\/smeducacao\\\/trabalho-interdisciplinar-dicas\\\/#primaryimage\"},\"thumbnailUrl\":\"https:\\\/\\\/projetoslayerup.com.br\\\/smeducacao\\\/wp-content\\\/uploads\\\/2018\\\/09\\\/aluno_interdisciplinaridade.jpg\",\"keywords\":[\"educa\u00e7\u00e3o inovadora\",\"m\u00e9todos de aprendizagem\"],\"articleSection\":[\"Dicas para professores\",\"Tend\u00eancias na educa\u00e7\u00e3o\"],\"inLanguage\":\"pt-BR\",\"potentialAction\":[{\"@type\":\"CommentAction\",\"name\":\"Comment\",\"target\":[\"https:\\\/\\\/projetoslayerup.com.br\\\/smeducacao\\\/trabalho-interdisciplinar-dicas\\\/#respond\"]}]},{\"@type\":\"WebPage\",\"@id\":\"https:\\\/\\\/projetoslayerup.com.br\\\/smeducacao\\\/trabalho-interdisciplinar-dicas\\\/\",\"url\":\"https:\\\/\\\/projetoslayerup.com.br\\\/smeducacao\\\/trabalho-interdisciplinar-dicas\\\/\",\"name\":\"Trabalho interdisciplinar: como promover saberes em sala de aula\",\"isPartOf\":{\"@id\":\"https:\\\/\\\/projetoslayerup.com.br\\\/smeducacao\\\/#website\"},\"primaryImageOfPage\":{\"@id\":\"https:\\\/\\\/projetoslayerup.com.br\\\/smeducacao\\\/trabalho-interdisciplinar-dicas\\\/#primaryimage\"},\"image\":{\"@id\":\"https:\\\/\\\/projetoslayerup.com.br\\\/smeducacao\\\/trabalho-interdisciplinar-dicas\\\/#primaryimage\"},\"thumbnailUrl\":\"https:\\\/\\\/projetoslayerup.com.br\\\/smeducacao\\\/wp-content\\\/uploads\\\/2018\\\/09\\\/aluno_interdisciplinaridade.jpg\",\"datePublished\":\"2018-09-19T13:27:42+00:00\",\"author\":{\"@id\":\"https:\\\/\\\/projetoslayerup.com.br\\\/smeducacao\\\/#\\\/schema\\\/person\\\/45d7d41388698d0f902ff276caab47f5\"},\"description\":\"Um trabalho interdisciplinar, atento \u00e0s mudan\u00e7as sociais, deve propor inova\u00e7\u00f5es metodol\u00f3gicas para garantir o desenvolvimento dos alunos.\",\"breadcrumb\":{\"@id\":\"https:\\\/\\\/projetoslayerup.com.br\\\/smeducacao\\\/trabalho-interdisciplinar-dicas\\\/#breadcrumb\"},\"inLanguage\":\"pt-BR\",\"potentialAction\":[{\"@type\":\"ReadAction\",\"target\":[\"https:\\\/\\\/projetoslayerup.com.br\\\/smeducacao\\\/trabalho-interdisciplinar-dicas\\\/\"]}]},{\"@type\":\"ImageObject\",\"inLanguage\":\"pt-BR\",\"@id\":\"https:\\\/\\\/projetoslayerup.com.br\\\/smeducacao\\\/trabalho-interdisciplinar-dicas\\\/#primaryimage\",\"url\":\"https:\\\/\\\/projetoslayerup.com.br\\\/smeducacao\\\/wp-content\\\/uploads\\\/2018\\\/09\\\/aluno_interdisciplinaridade.jpg\",\"contentUrl\":\"https:\\\/\\\/projetoslayerup.com.br\\\/smeducacao\\\/wp-content\\\/uploads\\\/2018\\\/09\\\/aluno_interdisciplinaridade.jpg\",\"width\":1255,\"height\":836,\"caption\":\"Trabalho interdisciplinar\"},{\"@type\":\"BreadcrumbList\",\"@id\":\"https:\\\/\\\/projetoslayerup.com.br\\\/smeducacao\\\/trabalho-interdisciplinar-dicas\\\/#breadcrumb\",\"itemListElement\":[{\"@type\":\"ListItem\",\"position\":1,\"name\":\"In\u00edcio\",\"item\":\"https:\\\/\\\/projetoslayerup.com.br\\\/smeducacao\\\/\"},{\"@type\":\"ListItem\",\"position\":2,\"name\":\"Trabalho interdisciplinar: como promover saberes em sala de aula\"}]},{\"@type\":\"WebSite\",\"@id\":\"https:\\\/\\\/projetoslayerup.com.br\\\/smeducacao\\\/#website\",\"url\":\"https:\\\/\\\/projetoslayerup.com.br\\\/smeducacao\\\/\",\"name\":\"SM Educa\u00e7\u00e3o - Juntos cuidamos da educa\u00e7\u00e3o!\",\"description\":\"Transformamos a educa\u00e7\u00e3o por meio de solu\u00e7\u00f5es digitais, solu\u00e7\u00f5es did\u00e1ticas para uma aprendizagem personalizada e solu\u00e7\u00f5es estrat\u00e9gicas eficientes. Juntos cuidamos da Educa\u00e7\u00e3o!\",\"potentialAction\":[{\"@type\":\"SearchAction\",\"target\":{\"@type\":\"EntryPoint\",\"urlTemplate\":\"https:\\\/\\\/projetoslayerup.com.br\\\/smeducacao\\\/?s={search_term_string}\"},\"query-input\":{\"@type\":\"PropertyValueSpecification\",\"valueRequired\":true,\"valueName\":\"search_term_string\"}}],\"inLanguage\":\"pt-BR\"},{\"@type\":\"Person\",\"@id\":\"https:\\\/\\\/projetoslayerup.com.br\\\/smeducacao\\\/#\\\/schema\\\/person\\\/45d7d41388698d0f902ff276caab47f5\",\"name\":\"SM Educa\u00e7\u00e3o\",\"image\":{\"@type\":\"ImageObject\",\"inLanguage\":\"pt-BR\",\"@id\":\"https:\\\/\\\/secure.gravatar.com\\\/avatar\\\/24327468bc2a6fb95889620b4158620d90c5e352f7a18c30af0e3f8cb70bc104?s=96&d=mm&r=g\",\"url\":\"https:\\\/\\\/secure.gravatar.com\\\/avatar\\\/24327468bc2a6fb95889620b4158620d90c5e352f7a18c30af0e3f8cb70bc104?s=96&d=mm&r=g\",\"contentUrl\":\"https:\\\/\\\/secure.gravatar.com\\\/avatar\\\/24327468bc2a6fb95889620b4158620d90c5e352f7a18c30af0e3f8cb70bc104?s=96&d=mm&r=g\",\"caption\":\"SM Educa\u00e7\u00e3o\"},\"url\":\"https:\\\/\\\/projetoslayerup.com.br\\\/smeducacao\\\/author\\\/smeducacao2021\\\/\"}]}<\/script>\n<!-- \/ Yoast SEO plugin. -->","yoast_head_json":{"title":"Trabalho interdisciplinar: como promover saberes em sala de aula","description":"Um trabalho interdisciplinar, atento \u00e0s mudan\u00e7as sociais, deve propor inova\u00e7\u00f5es metodol\u00f3gicas para garantir o desenvolvimento dos alunos.","robots":{"index":"noindex","follow":"follow","max-snippet":"max-snippet:-1","max-image-preview":"max-image-preview:large","max-video-preview":"max-video-preview:-1"},"og_locale":"pt_BR","og_type":"article","og_title":"Trabalho interdisciplinar: como promover saberes em sala de aula","og_description":"Um trabalho interdisciplinar, atento \u00e0s mudan\u00e7as sociais, deve propor inova\u00e7\u00f5es metodol\u00f3gicas para garantir o desenvolvimento dos alunos.","og_url":"https:\/\/projetoslayerup.com.br\/smeducacao\/trabalho-interdisciplinar-dicas\/","og_site_name":"SM Educa\u00e7\u00e3o - Juntos cuidamos da educa\u00e7\u00e3o!","article_published_time":"2018-09-19T13:27:42+00:00","og_image":[{"width":1255,"height":836,"url":"https:\/\/projetoslayerup.com.br\/smeducacao\/wp-content\/uploads\/2018\/09\/aluno_interdisciplinaridade.jpg","type":"image\/jpeg"}],"author":"SM Educa\u00e7\u00e3o","twitter_card":"summary_large_image","twitter_misc":{"Escrito por":"SM Educa\u00e7\u00e3o","Est. tempo de leitura":"1 minuto"},"schema":{"@context":"https:\/\/schema.org","@graph":[{"@type":"Article","@id":"https:\/\/projetoslayerup.com.br\/smeducacao\/trabalho-interdisciplinar-dicas\/#article","isPartOf":{"@id":"https:\/\/projetoslayerup.com.br\/smeducacao\/trabalho-interdisciplinar-dicas\/"},"author":{"name":"SM Educa\u00e7\u00e3o","@id":"https:\/\/projetoslayerup.com.br\/smeducacao\/#\/schema\/person\/45d7d41388698d0f902ff276caab47f5"},"headline":"Trabalho interdisciplinar: como promover saberes em sala de aula","datePublished":"2018-09-19T13:27:42+00:00","mainEntityOfPage":{"@id":"https:\/\/projetoslayerup.com.br\/smeducacao\/trabalho-interdisciplinar-dicas\/"},"wordCount":208,"commentCount":1,"image":{"@id":"https:\/\/projetoslayerup.com.br\/smeducacao\/trabalho-interdisciplinar-dicas\/#primaryimage"},"thumbnailUrl":"https:\/\/projetoslayerup.com.br\/smeducacao\/wp-content\/uploads\/2018\/09\/aluno_interdisciplinaridade.jpg","keywords":["educa\u00e7\u00e3o inovadora","m\u00e9todos de aprendizagem"],"articleSection":["Dicas para professores","Tend\u00eancias na educa\u00e7\u00e3o"],"inLanguage":"pt-BR","potentialAction":[{"@type":"CommentAction","name":"Comment","target":["https:\/\/projetoslayerup.com.br\/smeducacao\/trabalho-interdisciplinar-dicas\/#respond"]}]},{"@type":"WebPage","@id":"https:\/\/projetoslayerup.com.br\/smeducacao\/trabalho-interdisciplinar-dicas\/","url":"https:\/\/projetoslayerup.com.br\/smeducacao\/trabalho-interdisciplinar-dicas\/","name":"Trabalho interdisciplinar: como promover saberes em sala de aula","isPartOf":{"@id":"https:\/\/projetoslayerup.com.br\/smeducacao\/#website"},"primaryImageOfPage":{"@id":"https:\/\/projetoslayerup.com.br\/smeducacao\/trabalho-interdisciplinar-dicas\/#primaryimage"},"image":{"@id":"https:\/\/projetoslayerup.com.br\/smeducacao\/trabalho-interdisciplinar-dicas\/#primaryimage"},"thumbnailUrl":"https:\/\/projetoslayerup.com.br\/smeducacao\/wp-content\/uploads\/2018\/09\/aluno_interdisciplinaridade.jpg","datePublished":"2018-09-19T13:27:42+00:00","author":{"@id":"https:\/\/projetoslayerup.com.br\/smeducacao\/#\/schema\/person\/45d7d41388698d0f902ff276caab47f5"},"description":"Um trabalho interdisciplinar, atento \u00e0s mudan\u00e7as sociais, deve propor inova\u00e7\u00f5es metodol\u00f3gicas para garantir o desenvolvimento dos alunos.","breadcrumb":{"@id":"https:\/\/projetoslayerup.com.br\/smeducacao\/trabalho-interdisciplinar-dicas\/#breadcrumb"},"inLanguage":"pt-BR","potentialAction":[{"@type":"ReadAction","target":["https:\/\/projetoslayerup.com.br\/smeducacao\/trabalho-interdisciplinar-dicas\/"]}]},{"@type":"ImageObject","inLanguage":"pt-BR","@id":"https:\/\/projetoslayerup.com.br\/smeducacao\/trabalho-interdisciplinar-dicas\/#primaryimage","url":"https:\/\/projetoslayerup.com.br\/smeducacao\/wp-content\/uploads\/2018\/09\/aluno_interdisciplinaridade.jpg","contentUrl":"https:\/\/projetoslayerup.com.br\/smeducacao\/wp-content\/uploads\/2018\/09\/aluno_interdisciplinaridade.jpg","width":1255,"height":836,"caption":"Trabalho interdisciplinar"},{"@type":"BreadcrumbList","@id":"https:\/\/projetoslayerup.com.br\/smeducacao\/trabalho-interdisciplinar-dicas\/#breadcrumb","itemListElement":[{"@type":"ListItem","position":1,"name":"In\u00edcio","item":"https:\/\/projetoslayerup.com.br\/smeducacao\/"},{"@type":"ListItem","position":2,"name":"Trabalho interdisciplinar: como promover saberes em sala de aula"}]},{"@type":"WebSite","@id":"https:\/\/projetoslayerup.com.br\/smeducacao\/#website","url":"https:\/\/projetoslayerup.com.br\/smeducacao\/","name":"SM Educa\u00e7\u00e3o - Juntos cuidamos da educa\u00e7\u00e3o!","description":"Transformamos a educa\u00e7\u00e3o por meio de solu\u00e7\u00f5es digitais, solu\u00e7\u00f5es did\u00e1ticas para uma aprendizagem personalizada e solu\u00e7\u00f5es estrat\u00e9gicas eficientes. Juntos cuidamos da Educa\u00e7\u00e3o!","potentialAction":[{"@type":"SearchAction","target":{"@type":"EntryPoint","urlTemplate":"https:\/\/projetoslayerup.com.br\/smeducacao\/?s={search_term_string}"},"query-input":{"@type":"PropertyValueSpecification","valueRequired":true,"valueName":"search_term_string"}}],"inLanguage":"pt-BR"},{"@type":"Person","@id":"https:\/\/projetoslayerup.com.br\/smeducacao\/#\/schema\/person\/45d7d41388698d0f902ff276caab47f5","name":"SM Educa\u00e7\u00e3o","image":{"@type":"ImageObject","inLanguage":"pt-BR","@id":"https:\/\/secure.gravatar.com\/avatar\/24327468bc2a6fb95889620b4158620d90c5e352f7a18c30af0e3f8cb70bc104?s=96&d=mm&r=g","url":"https:\/\/secure.gravatar.com\/avatar\/24327468bc2a6fb95889620b4158620d90c5e352f7a18c30af0e3f8cb70bc104?s=96&d=mm&r=g","contentUrl":"https:\/\/secure.gravatar.com\/avatar\/24327468bc2a6fb95889620b4158620d90c5e352f7a18c30af0e3f8cb70bc104?s=96&d=mm&r=g","caption":"SM Educa\u00e7\u00e3o"},"url":"https:\/\/projetoslayerup.com.br\/smeducacao\/author\/smeducacao2021\/"}]}},"_links":{"self":[{"href":"https:\/\/projetoslayerup.com.br\/smeducacao\/wp-json\/wp\/v2\/posts\/438","targetHints":{"allow":["GET"]}}],"collection":[{"href":"https:\/\/projetoslayerup.com.br\/smeducacao\/wp-json\/wp\/v2\/posts"}],"about":[{"href":"https:\/\/projetoslayerup.com.br\/smeducacao\/wp-json\/wp\/v2\/types\/post"}],"author":[{"embeddable":true,"href":"https:\/\/projetoslayerup.com.br\/smeducacao\/wp-json\/wp\/v2\/users\/2"}],"replies":[{"embeddable":true,"href":"https:\/\/projetoslayerup.com.br\/smeducacao\/wp-json\/wp\/v2\/comments?post=438"}],"version-history":[{"count":0,"href":"https:\/\/projetoslayerup.com.br\/smeducacao\/wp-json\/wp\/v2\/posts\/438\/revisions"}],"wp:featuredmedia":[{"embeddable":true,"href":"https:\/\/projetoslayerup.com.br\/smeducacao\/wp-json\/wp\/v2\/media\/439"}],"wp:attachment":[{"href":"https:\/\/projetoslayerup.com.br\/smeducacao\/wp-json\/wp\/v2\/media?parent=438"}],"wp:term":[{"taxonomy":"category","embeddable":true,"href":"https:\/\/projetoslayerup.com.br\/smeducacao\/wp-json\/wp\/v2\/categories?post=438"},{"taxonomy":"post_tag","embeddable":true,"href":"https:\/\/projetoslayerup.com.br\/smeducacao\/wp-json\/wp\/v2\/tags?post=438"},{"taxonomy":"blog_nivel_escolar","embeddable":true,"href":"https:\/\/projetoslayerup.com.br\/smeducacao\/wp-json\/wp\/v2\/blog_nivel_escolar?post=438"},{"taxonomy":"blog_segmento_escolar","embeddable":true,"href":"https:\/\/projetoslayerup.com.br\/smeducacao\/wp-json\/wp\/v2\/blog_segmento_escolar?post=438"}],"curies":[{"name":"wp","href":"https:\/\/api.w.org\/{rel}","templated":true}]}}