{"id":4447,"date":"2021-08-06T16:48:45","date_gmt":"2021-08-06T19:48:45","guid":{"rendered":"https:\/\/www.smeducacao.com.br\/\/?p=4447"},"modified":"2021-08-06T16:48:45","modified_gmt":"2021-08-06T19:48:45","slug":"capacitacao-professores-formacao-continuada","status":"publish","type":"post","link":"https:\/\/projetoslayerup.com.br\/smeducacao\/capacitacao-professores-formacao-continuada\/","title":{"rendered":"Forma\u00e7\u00e3o continuada e capacita\u00e7\u00e3o"},"content":{"rendered":"\n<p class=\"wp-block-paragraph\"><strong>Forma\u00e7\u00e3o continuada e capacita\u00e7\u00e3o de professores s\u00e3o investimentos essenciais para o desenvolvimento do trabalho<\/strong>. Consequentemente, para garantir uma educa\u00e7\u00e3o de qualidade aos alunos.<br><br>Por isso, \u00e9 importante que a institui\u00e7\u00e3o de ensino esteja atenta para as necessidades de forma\u00e7\u00e3o e atualiza\u00e7\u00e3o dos professores.&nbsp;<\/p>\n\n\n\n<p class=\"wp-block-paragraph\">Afinal de contas, <strong>a institui\u00e7\u00e3o sempre vai se beneficiar ao contar com professores preparados e atualizados<\/strong>. Isso aumenta a qualidade da educa\u00e7\u00e3o, o desempenho dos estudantes e a satisfa\u00e7\u00e3o das fam\u00edlias.<br><br>Bons alunos s\u00e3o formados por bons professores. E essa troca \u00e9 fundamental para a sua escola se posicionar estrategicamente no mercado como sin\u00f4nimo de <strong>qualidade em educa\u00e7\u00e3o<\/strong>.&nbsp;<br><br>Tendo isso em mente, \u00e9 importante lembrar que <strong>a forma\u00e7\u00e3o de professores \u00e9 um processo cont\u00ednuo e abrangente<\/strong>, que deve fazer parte da cultura da escola e ser sempre incentivado.<br><br>A educa\u00e7\u00e3o e a pr\u00f3pria sociedade est\u00e3o em constante evolu\u00e7\u00e3o, e os professores precisam revisitar e repensar suas <a href=\"https:\/\/materiais.smbrasil.com.br\/hub-de-conteudos-a-educacao-nao-para\"><strong>pr\u00e1ticas pedag\u00f3gicas<\/strong><\/a> para que se adaptem a essas mudan\u00e7as.<\/p>\n\n\n\n<p class=\"wp-block-paragraph\">Saiba quais s\u00e3o <strong>os principais benef\u00edcios para a institui\u00e7\u00e3o de ensino<\/strong> que apoia a forma\u00e7\u00e3o docente e veja algumas op\u00e7\u00f5es para colocar em pr\u00e1tica na sua escola.<\/p>\n\n\n\n<h2 class=\"wp-block-heading\">Benef\u00edcios da forma\u00e7\u00e3o e capacita\u00e7\u00e3o de professores<\/h2>\n\n\n\n<p class=\"wp-block-paragraph\">Antes de falarmos sobre os benef\u00edcios, precisamos entender o que significa \u201cforma\u00e7\u00e3o e capacita\u00e7\u00e3o continuada\u201d.&nbsp;<\/p>\n\n\n\n<p class=\"wp-block-paragraph\">Ou seja, quando falamos sobre <strong>forma\u00e7\u00e3o continuada<\/strong>, estamos nos referindo \u00e0 frequente amplia\u00e7\u00e3o, aperfei\u00e7oamento e desenvolvimento de novas habilidades por meio do aprendizado, com possibilidades de conhecer diferentes meios para alcan\u00e7ar objetivos.<\/p>\n\n\n\n<p class=\"wp-block-paragraph\">J\u00e1 na capacita\u00e7\u00e3o de professores, ent\u00e3o, o intuito \u00e9 preparar e\/ou desenvolver alguma atividade j\u00e1 preestabelecida.&nbsp;<\/p>\n\n\n\n<h3 class=\"wp-block-heading\">Benef\u00edcios<\/h3>\n\n\n\n<p class=\"wp-block-paragraph\"><strong>Para professores<\/strong><\/p>\n\n\n\n<ul class=\"wp-block-list\"><li>Atualiza\u00e7\u00e3o de conhecimentos&nbsp;<\/li><li>Mais motiva\u00e7\u00e3o e engajamento do corpo docente<\/li><li>Dom\u00ednio sobre novas metodologias e pr\u00e1ticas do mercado<\/li><\/ul>\n\n\n\n<p class=\"wp-block-paragraph\"><strong>Para os alunos e fam\u00edlias<\/strong><\/p>\n\n\n\n<ul class=\"wp-block-list\"><li>Melhora na qualidade do ensino<\/li><li>Aumento do engajamento dos alunos nas aulas<\/li><li>Processo educativo com maior diversidade de t\u00e9cnicas, abordagens e atividades para os diversos perfis de aprendizes<\/li><\/ul>\n\n\n\n<p class=\"wp-block-paragraph\"><strong>Para a gest\u00e3o<\/strong><\/p>\n\n\n\n<ul class=\"wp-block-list\"><li>Permite o alinhamento dos professores aos objetivos da escola<\/li><li>Atrai e fideliza alunos para a sua institui\u00e7\u00e3o<\/li><li>Cria um diferencial de mercado<\/li><li>Possibilita a busca de novos caminhos para a gest\u00e3o e o crescimento&nbsp; da institui\u00e7\u00e3o<\/li><\/ul>\n\n\n\n<h2 class=\"wp-block-heading\">O que as melhores institui\u00e7\u00f5es de ensino t\u00eam em comum<\/h2>\n\n\n\n<p class=\"wp-block-paragraph\">Sabemos que<strong><a href=\"https:\/\/projetoslayerup.com.br\/smeducacao\/\/2021\/06\/11\/escolas-inovadoras-ensinam-cinco-licoes-2\/\" target=\"_blank\" rel=\"noreferrer noopener\"> inova\u00e7\u00e3o \u00e9 valorizada nas melhores institui\u00e7\u00f5es de ensino<\/a><\/strong>, mas tamb\u00e9m entendemos que a tecnologia por si s\u00f3 n\u00e3o \u00e9 suficiente. \u00c9 preciso mudar a cultura do ensino e se organizar de maneira diferente!<\/p>\n\n\n\n<p class=\"wp-block-paragraph\">Algumas caracter\u00edsticas s\u00e3o semelhantes entre as melhores institui\u00e7\u00f5es. Confira:<\/p>\n\n\n\n<ul class=\"wp-block-list\"><li>Professores bem-preparados, que tenham clareza ao ensinar e observem seus alunos com o objetivo de entender as diferen\u00e7as de cada um, suas limita\u00e7\u00f5es e capacidades para planejar aulas e estrat\u00e9gias de ensino que atendam a todos.<br><\/li><li>Ambientes integrados que permitem o desenvolvimento dos alunos por meio de projetos, experimenta\u00e7\u00e3o, debates e incentivo \u00e0 criatividade.<br><\/li><li>Curr\u00edculos flex\u00edveis que estimulem habilidades e compet\u00eancias para a vida pessoal e profissional, como pensamento cr\u00edtico, tomada de decis\u00f5es, valores universais, autoconhecimento, autonomia, entre outras.<br><\/li><li>Metodologias ativas, avalia\u00e7\u00f5es abrangentes e variadas, nas quais o professor tem papel de orientador, acompanhando o processo de aprendizagem do aluno e ajudando-o na defini\u00e7\u00e3o de estrat\u00e9gias para potencializar o aprendizado.&nbsp;<br><\/li><li>Busca incessante por ser refer\u00eancia em educa\u00e7\u00e3o, e investimento em ferramentas de integra\u00e7\u00e3o que permitem uma vis\u00e3o 360\u00ba da escola, desde a sala de aula at\u00e9 a gest\u00e3o.<\/li><\/ul>\n\n\n\n<p class=\"wp-block-paragraph\">Para os gestores darem conta de observar, investir em forma\u00e7\u00e3o e capacita\u00e7\u00e3o de professores e ainda cuidar com aten\u00e7\u00e3o de todos esses pontos, o uso de ferramentas de apoio se faz necess\u00e1rio. Por isso, voc\u00ea precisa <a href=\"https:\/\/www.aeducacaonosmove.com.br\/\" target=\"_blank\" rel=\"noreferrer noopener\">conhecer o ecossistema Educamos, da SM Educa\u00e7\u00e3o<\/a>.<\/p>\n\n\n\n<h2 class=\"wp-block-heading\">Educamos: uma solu\u00e7\u00e3o para todas as necessidades da sua escola<\/h2>\n\n\n\n<p class=\"wp-block-paragraph\"><strong>Da sala de aula \u00e0 gest\u00e3o<\/strong>, Educamos, da SM Educa\u00e7\u00e3o, \u00e9 um ecossistema de solu\u00e7\u00f5es integradas para sua escola. Totalmente baseado em solu\u00e7\u00f5es de Ensino e Aprendizagem, Consultoria Estrat\u00e9gica, Servi\u00e7os Educacionais e Gest\u00e3o.<\/p>\n\n\n\n<p class=\"wp-block-paragraph\">Os servi\u00e7os do ecossistema re\u00fanem recursos did\u00e1ticos, <strong>ferramentas e servi\u00e7os que permitem \u00e0 escola transformar suas pr\u00e1ticas de ensino e aprendizagem<\/strong>, sua organiza\u00e7\u00e3o administrativa, sua capacidade de aperfei\u00e7oar o corpo docente, assim como o relacionamento com alunos, fam\u00edlias e comunidade.<br><br>Neste ecossistema educacional, toda a comunidade escolar \u00e9 envolvida no processo de desenvolvimento, de acordo com cada \u00e1rea trabalhada.<\/p>\n\n\n\n<p class=\"wp-block-paragraph\">Nas Solu\u00e7\u00f5es Estrat\u00e9gicas, nossos consultores fazem um diagn\u00f3stico e a defini\u00e7\u00e3o de metas com \u00eanfase na qualidade, sustentabilidade e identidade, executam e monitoram o plano estrat\u00e9gico, com indicadores de progresso e desenvolvimento de \u00e1reas-chave.<\/p>\n\n\n\n<p class=\"wp-block-paragraph\">Esta etapa tem o objetivo de alcan\u00e7ar novos resultados, consolidar posicionamento, otimizar investimentos e permitir tomadas de decis\u00f5es assertivas.<\/p>\n\n\n\n<h2 class=\"wp-block-heading\">Recursos ao professor<\/h2>\n\n\n\n<p class=\"wp-block-paragraph\">Nas solu\u00e7\u00f5es de Ensino e Aprendizagem, o aluno e o professor contam com material did\u00e1tico de qualidade, alinhado \u00e0 Base Nacional Comum Curricular (BNCC) e orientado ao desenvolvimento de habilidades e compet\u00eancias, com conte\u00fado digital integrado.<\/p>\n\n\n\n<p class=\"wp-block-paragraph\">As ferramentas de Ensino e Aprendizagem e gest\u00e3o da sala de aula permitem ao professor acompanhar a evolu\u00e7\u00e3o da classe e de cada aluno com base em dados, para analisar o desempenho do estudante e potencializar a aprendizagem.<br><br>Assim, a plataforma facilita todos os processos de gest\u00e3o pedag\u00f3gica que envolvem o professor e a equipe escolar.<\/p>\n\n\n\n<p class=\"wp-block-paragraph\">Logo, na \u00e1rea de Gest\u00e3o, o objetivo \u00e9 facilitar as opera\u00e7\u00f5es administrativas, financeiras e de comunica\u00e7\u00e3o da escola, dando a elas mais efici\u00eancia e facilitando o compartilhamento&nbsp; de informa\u00e7\u00f5es com colaboradores, docentes, alunos e fam\u00edlias.<br><br>Para isso, conta com ferramentas e solu\u00e7\u00f5es centralizadas em um \u00fanico banco de dados, com migra\u00e7\u00e3o simplificada e facilidade de acesso.<\/p>\n\n\n\n<p class=\"wp-block-paragraph\"><strong>Integre a sua escola, invista em capacita\u00e7\u00e3o de professores e seja uma refer\u00eancia dentro da comunidade escolar.<\/strong><\/p>\n\n\n\n<div class=\"wp-block-image\"><figure class=\"aligncenter is-resized\"><a href=\"https:\/\/materiais.smbrasil.com.br\/gestao-integral-educamos-sm-educacao\" target=\"_blank\" rel=\"noopener\"><img loading=\"lazy\" decoding=\"async\" src=\"https:\/\/www.aeducacaonosmove.com.br\/wp-content\/uploads\/2021\/07\/0GrR8AsR-700x138.png\" alt=\"educamos-sm\" width=\"525\" height=\"104\"\/><\/a><\/figure><\/div>\n","protected":false},"excerpt":{"rendered":"<p>Forma\u00e7\u00e3o continuada e capacita\u00e7\u00e3o de professores s\u00e3o investimentos essenciais para o desenvolvimento do trabalho. Consequentemente, para garantir uma educa\u00e7\u00e3o de qualidade aos alunos. Por isso, \u00e9 importante que a institui\u00e7\u00e3o de ensino esteja atenta para as necessidades de forma\u00e7\u00e3o e atualiza\u00e7\u00e3o dos professores.&nbsp; Afinal de contas, a institui\u00e7\u00e3o sempre vai se beneficiar ao contar com [&hellip;]<\/p>\n","protected":false},"author":2,"featured_media":4461,"comment_status":"open","ping_status":"open","sticky":false,"template":"","format":"standard","meta":{"_acf_changed":false,"footnotes":""},"categories":[4,17],"tags":[],"blog_nivel_escolar":[],"blog_segmento_escolar":[],"class_list":["post-4447","post","type-post","status-publish","format-standard","has-post-thumbnail","hentry","category-dicas-professor","category-solucoes-educacionais"],"acf":[],"yoast_head":"<!-- This site is optimized with the Yoast SEO plugin v28.3 - https:\/\/yoast.com\/product\/yoast-seo-wordpress\/ -->\n<title>Capacita\u00e7\u00e3o de professores: um dos caminhos para a excel\u00eancia<\/title>\n<meta name=\"description\" content=\"Bons alunos s\u00e3o formados por bons educadores. Entenda como forma\u00e7\u00e3o continuada e capacita\u00e7\u00e3o de professores podem posicionar estrategicamente.\" \/>\n<meta name=\"robots\" content=\"noindex, follow, max-snippet:-1, max-image-preview:large, max-video-preview:-1\" \/>\n<meta property=\"og:locale\" content=\"pt_BR\" \/>\n<meta property=\"og:type\" content=\"article\" \/>\n<meta property=\"og:title\" content=\"Capacita\u00e7\u00e3o de professores: um dos caminhos para a excel\u00eancia\" \/>\n<meta property=\"og:description\" content=\"Bons alunos s\u00e3o formados por bons educadores. Entenda como forma\u00e7\u00e3o continuada e capacita\u00e7\u00e3o de professores podem posicionar estrategicamente.\" \/>\n<meta property=\"og:url\" content=\"https:\/\/projetoslayerup.com.br\/smeducacao\/capacitacao-professores-formacao-continuada\/\" \/>\n<meta property=\"og:site_name\" content=\"SM Educa\u00e7\u00e3o - Juntos cuidamos da educa\u00e7\u00e3o!\" \/>\n<meta property=\"article:published_time\" content=\"2021-08-06T19:48:45+00:00\" \/>\n<meta property=\"og:image\" content=\"https:\/\/projetoslayerup.com.br\/smeducacao\/wp-content\/uploads\/2021\/08\/imgpsh_fullsize_anim.png\" \/>\n\t<meta property=\"og:image:width\" content=\"1200\" \/>\n\t<meta property=\"og:image:height\" content=\"803\" \/>\n\t<meta property=\"og:image:type\" content=\"image\/png\" \/>\n<meta name=\"author\" content=\"SM Educa\u00e7\u00e3o\" \/>\n<meta name=\"twitter:card\" content=\"summary_large_image\" \/>\n<meta name=\"twitter:label1\" content=\"Escrito por\" \/>\n\t<meta name=\"twitter:data1\" content=\"SM Educa\u00e7\u00e3o\" \/>\n\t<meta name=\"twitter:label2\" content=\"Est. tempo de leitura\" \/>\n\t<meta name=\"twitter:data2\" content=\"5 minutos\" \/>\n<script type=\"application\/ld+json\" class=\"yoast-schema-graph\">{\"@context\":\"https:\\\/\\\/schema.org\",\"@graph\":[{\"@type\":\"Article\",\"@id\":\"https:\\\/\\\/projetoslayerup.com.br\\\/smeducacao\\\/capacitacao-professores-formacao-continuada\\\/#article\",\"isPartOf\":{\"@id\":\"https:\\\/\\\/projetoslayerup.com.br\\\/smeducacao\\\/capacitacao-professores-formacao-continuada\\\/\"},\"author\":{\"name\":\"SM Educa\u00e7\u00e3o\",\"@id\":\"https:\\\/\\\/projetoslayerup.com.br\\\/smeducacao\\\/#\\\/schema\\\/person\\\/45d7d41388698d0f902ff276caab47f5\"},\"headline\":\"Forma\u00e7\u00e3o continuada e capacita\u00e7\u00e3o\",\"datePublished\":\"2021-08-06T19:48:45+00:00\",\"mainEntityOfPage\":{\"@id\":\"https:\\\/\\\/projetoslayerup.com.br\\\/smeducacao\\\/capacitacao-professores-formacao-continuada\\\/\"},\"wordCount\":1028,\"commentCount\":0,\"image\":{\"@id\":\"https:\\\/\\\/projetoslayerup.com.br\\\/smeducacao\\\/capacitacao-professores-formacao-continuada\\\/#primaryimage\"},\"thumbnailUrl\":\"https:\\\/\\\/projetoslayerup.com.br\\\/smeducacao\\\/wp-content\\\/uploads\\\/2021\\\/08\\\/imgpsh_fullsize_anim.png\",\"articleSection\":[\"Dicas para professores\",\"Solu\u00e7\u00f5es educacionais\"],\"inLanguage\":\"pt-BR\",\"potentialAction\":[{\"@type\":\"CommentAction\",\"name\":\"Comment\",\"target\":[\"https:\\\/\\\/projetoslayerup.com.br\\\/smeducacao\\\/capacitacao-professores-formacao-continuada\\\/#respond\"]}]},{\"@type\":\"WebPage\",\"@id\":\"https:\\\/\\\/projetoslayerup.com.br\\\/smeducacao\\\/capacitacao-professores-formacao-continuada\\\/\",\"url\":\"https:\\\/\\\/projetoslayerup.com.br\\\/smeducacao\\\/capacitacao-professores-formacao-continuada\\\/\",\"name\":\"Capacita\u00e7\u00e3o de professores: um dos caminhos para a excel\u00eancia\",\"isPartOf\":{\"@id\":\"https:\\\/\\\/projetoslayerup.com.br\\\/smeducacao\\\/#website\"},\"primaryImageOfPage\":{\"@id\":\"https:\\\/\\\/projetoslayerup.com.br\\\/smeducacao\\\/capacitacao-professores-formacao-continuada\\\/#primaryimage\"},\"image\":{\"@id\":\"https:\\\/\\\/projetoslayerup.com.br\\\/smeducacao\\\/capacitacao-professores-formacao-continuada\\\/#primaryimage\"},\"thumbnailUrl\":\"https:\\\/\\\/projetoslayerup.com.br\\\/smeducacao\\\/wp-content\\\/uploads\\\/2021\\\/08\\\/imgpsh_fullsize_anim.png\",\"datePublished\":\"2021-08-06T19:48:45+00:00\",\"author\":{\"@id\":\"https:\\\/\\\/projetoslayerup.com.br\\\/smeducacao\\\/#\\\/schema\\\/person\\\/45d7d41388698d0f902ff276caab47f5\"},\"description\":\"Bons alunos s\u00e3o formados por bons educadores. Entenda como forma\u00e7\u00e3o continuada e capacita\u00e7\u00e3o de professores podem posicionar estrategicamente.\",\"breadcrumb\":{\"@id\":\"https:\\\/\\\/projetoslayerup.com.br\\\/smeducacao\\\/capacitacao-professores-formacao-continuada\\\/#breadcrumb\"},\"inLanguage\":\"pt-BR\",\"potentialAction\":[{\"@type\":\"ReadAction\",\"target\":[\"https:\\\/\\\/projetoslayerup.com.br\\\/smeducacao\\\/capacitacao-professores-formacao-continuada\\\/\"]}]},{\"@type\":\"ImageObject\",\"inLanguage\":\"pt-BR\",\"@id\":\"https:\\\/\\\/projetoslayerup.com.br\\\/smeducacao\\\/capacitacao-professores-formacao-continuada\\\/#primaryimage\",\"url\":\"https:\\\/\\\/projetoslayerup.com.br\\\/smeducacao\\\/wp-content\\\/uploads\\\/2021\\\/08\\\/imgpsh_fullsize_anim.png\",\"contentUrl\":\"https:\\\/\\\/projetoslayerup.com.br\\\/smeducacao\\\/wp-content\\\/uploads\\\/2021\\\/08\\\/imgpsh_fullsize_anim.png\",\"width\":1200,\"height\":803,\"caption\":\"Forma\u00e7\u00e3o continuada e capacita\u00e7\u00e3o\"},{\"@type\":\"BreadcrumbList\",\"@id\":\"https:\\\/\\\/projetoslayerup.com.br\\\/smeducacao\\\/capacitacao-professores-formacao-continuada\\\/#breadcrumb\",\"itemListElement\":[{\"@type\":\"ListItem\",\"position\":1,\"name\":\"In\u00edcio\",\"item\":\"https:\\\/\\\/projetoslayerup.com.br\\\/smeducacao\\\/\"},{\"@type\":\"ListItem\",\"position\":2,\"name\":\"Forma\u00e7\u00e3o continuada e capacita\u00e7\u00e3o\"}]},{\"@type\":\"WebSite\",\"@id\":\"https:\\\/\\\/projetoslayerup.com.br\\\/smeducacao\\\/#website\",\"url\":\"https:\\\/\\\/projetoslayerup.com.br\\\/smeducacao\\\/\",\"name\":\"SM Educa\u00e7\u00e3o - Juntos cuidamos da educa\u00e7\u00e3o!\",\"description\":\"Transformamos a educa\u00e7\u00e3o por meio de solu\u00e7\u00f5es digitais, solu\u00e7\u00f5es did\u00e1ticas para uma aprendizagem personalizada e solu\u00e7\u00f5es estrat\u00e9gicas eficientes. Juntos cuidamos da Educa\u00e7\u00e3o!\",\"potentialAction\":[{\"@type\":\"SearchAction\",\"target\":{\"@type\":\"EntryPoint\",\"urlTemplate\":\"https:\\\/\\\/projetoslayerup.com.br\\\/smeducacao\\\/?s={search_term_string}\"},\"query-input\":{\"@type\":\"PropertyValueSpecification\",\"valueRequired\":true,\"valueName\":\"search_term_string\"}}],\"inLanguage\":\"pt-BR\"},{\"@type\":\"Person\",\"@id\":\"https:\\\/\\\/projetoslayerup.com.br\\\/smeducacao\\\/#\\\/schema\\\/person\\\/45d7d41388698d0f902ff276caab47f5\",\"name\":\"SM Educa\u00e7\u00e3o\",\"image\":{\"@type\":\"ImageObject\",\"inLanguage\":\"pt-BR\",\"@id\":\"https:\\\/\\\/secure.gravatar.com\\\/avatar\\\/24327468bc2a6fb95889620b4158620d90c5e352f7a18c30af0e3f8cb70bc104?s=96&d=mm&r=g\",\"url\":\"https:\\\/\\\/secure.gravatar.com\\\/avatar\\\/24327468bc2a6fb95889620b4158620d90c5e352f7a18c30af0e3f8cb70bc104?s=96&d=mm&r=g\",\"contentUrl\":\"https:\\\/\\\/secure.gravatar.com\\\/avatar\\\/24327468bc2a6fb95889620b4158620d90c5e352f7a18c30af0e3f8cb70bc104?s=96&d=mm&r=g\",\"caption\":\"SM Educa\u00e7\u00e3o\"},\"url\":\"https:\\\/\\\/projetoslayerup.com.br\\\/smeducacao\\\/author\\\/smeducacao2021\\\/\"}]}<\/script>\n<!-- \/ Yoast SEO plugin. -->","yoast_head_json":{"title":"Capacita\u00e7\u00e3o de professores: um dos caminhos para a excel\u00eancia","description":"Bons alunos s\u00e3o formados por bons educadores. Entenda como forma\u00e7\u00e3o continuada e capacita\u00e7\u00e3o de professores podem posicionar estrategicamente.","robots":{"index":"noindex","follow":"follow","max-snippet":"max-snippet:-1","max-image-preview":"max-image-preview:large","max-video-preview":"max-video-preview:-1"},"og_locale":"pt_BR","og_type":"article","og_title":"Capacita\u00e7\u00e3o de professores: um dos caminhos para a excel\u00eancia","og_description":"Bons alunos s\u00e3o formados por bons educadores. Entenda como forma\u00e7\u00e3o continuada e capacita\u00e7\u00e3o de professores podem posicionar estrategicamente.","og_url":"https:\/\/projetoslayerup.com.br\/smeducacao\/capacitacao-professores-formacao-continuada\/","og_site_name":"SM Educa\u00e7\u00e3o - Juntos cuidamos da educa\u00e7\u00e3o!","article_published_time":"2021-08-06T19:48:45+00:00","og_image":[{"width":1200,"height":803,"url":"https:\/\/projetoslayerup.com.br\/smeducacao\/wp-content\/uploads\/2021\/08\/imgpsh_fullsize_anim.png","type":"image\/png"}],"author":"SM Educa\u00e7\u00e3o","twitter_card":"summary_large_image","twitter_misc":{"Escrito por":"SM Educa\u00e7\u00e3o","Est. tempo de leitura":"5 minutos"},"schema":{"@context":"https:\/\/schema.org","@graph":[{"@type":"Article","@id":"https:\/\/projetoslayerup.com.br\/smeducacao\/capacitacao-professores-formacao-continuada\/#article","isPartOf":{"@id":"https:\/\/projetoslayerup.com.br\/smeducacao\/capacitacao-professores-formacao-continuada\/"},"author":{"name":"SM Educa\u00e7\u00e3o","@id":"https:\/\/projetoslayerup.com.br\/smeducacao\/#\/schema\/person\/45d7d41388698d0f902ff276caab47f5"},"headline":"Forma\u00e7\u00e3o continuada e capacita\u00e7\u00e3o","datePublished":"2021-08-06T19:48:45+00:00","mainEntityOfPage":{"@id":"https:\/\/projetoslayerup.com.br\/smeducacao\/capacitacao-professores-formacao-continuada\/"},"wordCount":1028,"commentCount":0,"image":{"@id":"https:\/\/projetoslayerup.com.br\/smeducacao\/capacitacao-professores-formacao-continuada\/#primaryimage"},"thumbnailUrl":"https:\/\/projetoslayerup.com.br\/smeducacao\/wp-content\/uploads\/2021\/08\/imgpsh_fullsize_anim.png","articleSection":["Dicas para professores","Solu\u00e7\u00f5es educacionais"],"inLanguage":"pt-BR","potentialAction":[{"@type":"CommentAction","name":"Comment","target":["https:\/\/projetoslayerup.com.br\/smeducacao\/capacitacao-professores-formacao-continuada\/#respond"]}]},{"@type":"WebPage","@id":"https:\/\/projetoslayerup.com.br\/smeducacao\/capacitacao-professores-formacao-continuada\/","url":"https:\/\/projetoslayerup.com.br\/smeducacao\/capacitacao-professores-formacao-continuada\/","name":"Capacita\u00e7\u00e3o de professores: um dos caminhos para a excel\u00eancia","isPartOf":{"@id":"https:\/\/projetoslayerup.com.br\/smeducacao\/#website"},"primaryImageOfPage":{"@id":"https:\/\/projetoslayerup.com.br\/smeducacao\/capacitacao-professores-formacao-continuada\/#primaryimage"},"image":{"@id":"https:\/\/projetoslayerup.com.br\/smeducacao\/capacitacao-professores-formacao-continuada\/#primaryimage"},"thumbnailUrl":"https:\/\/projetoslayerup.com.br\/smeducacao\/wp-content\/uploads\/2021\/08\/imgpsh_fullsize_anim.png","datePublished":"2021-08-06T19:48:45+00:00","author":{"@id":"https:\/\/projetoslayerup.com.br\/smeducacao\/#\/schema\/person\/45d7d41388698d0f902ff276caab47f5"},"description":"Bons alunos s\u00e3o formados por bons educadores. Entenda como forma\u00e7\u00e3o continuada e capacita\u00e7\u00e3o de professores podem posicionar estrategicamente.","breadcrumb":{"@id":"https:\/\/projetoslayerup.com.br\/smeducacao\/capacitacao-professores-formacao-continuada\/#breadcrumb"},"inLanguage":"pt-BR","potentialAction":[{"@type":"ReadAction","target":["https:\/\/projetoslayerup.com.br\/smeducacao\/capacitacao-professores-formacao-continuada\/"]}]},{"@type":"ImageObject","inLanguage":"pt-BR","@id":"https:\/\/projetoslayerup.com.br\/smeducacao\/capacitacao-professores-formacao-continuada\/#primaryimage","url":"https:\/\/projetoslayerup.com.br\/smeducacao\/wp-content\/uploads\/2021\/08\/imgpsh_fullsize_anim.png","contentUrl":"https:\/\/projetoslayerup.com.br\/smeducacao\/wp-content\/uploads\/2021\/08\/imgpsh_fullsize_anim.png","width":1200,"height":803,"caption":"Forma\u00e7\u00e3o continuada e capacita\u00e7\u00e3o"},{"@type":"BreadcrumbList","@id":"https:\/\/projetoslayerup.com.br\/smeducacao\/capacitacao-professores-formacao-continuada\/#breadcrumb","itemListElement":[{"@type":"ListItem","position":1,"name":"In\u00edcio","item":"https:\/\/projetoslayerup.com.br\/smeducacao\/"},{"@type":"ListItem","position":2,"name":"Forma\u00e7\u00e3o continuada e capacita\u00e7\u00e3o"}]},{"@type":"WebSite","@id":"https:\/\/projetoslayerup.com.br\/smeducacao\/#website","url":"https:\/\/projetoslayerup.com.br\/smeducacao\/","name":"SM Educa\u00e7\u00e3o - Juntos cuidamos da educa\u00e7\u00e3o!","description":"Transformamos a educa\u00e7\u00e3o por meio de solu\u00e7\u00f5es digitais, solu\u00e7\u00f5es did\u00e1ticas para uma aprendizagem personalizada e solu\u00e7\u00f5es estrat\u00e9gicas eficientes. Juntos cuidamos da Educa\u00e7\u00e3o!","potentialAction":[{"@type":"SearchAction","target":{"@type":"EntryPoint","urlTemplate":"https:\/\/projetoslayerup.com.br\/smeducacao\/?s={search_term_string}"},"query-input":{"@type":"PropertyValueSpecification","valueRequired":true,"valueName":"search_term_string"}}],"inLanguage":"pt-BR"},{"@type":"Person","@id":"https:\/\/projetoslayerup.com.br\/smeducacao\/#\/schema\/person\/45d7d41388698d0f902ff276caab47f5","name":"SM Educa\u00e7\u00e3o","image":{"@type":"ImageObject","inLanguage":"pt-BR","@id":"https:\/\/secure.gravatar.com\/avatar\/24327468bc2a6fb95889620b4158620d90c5e352f7a18c30af0e3f8cb70bc104?s=96&d=mm&r=g","url":"https:\/\/secure.gravatar.com\/avatar\/24327468bc2a6fb95889620b4158620d90c5e352f7a18c30af0e3f8cb70bc104?s=96&d=mm&r=g","contentUrl":"https:\/\/secure.gravatar.com\/avatar\/24327468bc2a6fb95889620b4158620d90c5e352f7a18c30af0e3f8cb70bc104?s=96&d=mm&r=g","caption":"SM Educa\u00e7\u00e3o"},"url":"https:\/\/projetoslayerup.com.br\/smeducacao\/author\/smeducacao2021\/"}]}},"_links":{"self":[{"href":"https:\/\/projetoslayerup.com.br\/smeducacao\/wp-json\/wp\/v2\/posts\/4447","targetHints":{"allow":["GET"]}}],"collection":[{"href":"https:\/\/projetoslayerup.com.br\/smeducacao\/wp-json\/wp\/v2\/posts"}],"about":[{"href":"https:\/\/projetoslayerup.com.br\/smeducacao\/wp-json\/wp\/v2\/types\/post"}],"author":[{"embeddable":true,"href":"https:\/\/projetoslayerup.com.br\/smeducacao\/wp-json\/wp\/v2\/users\/2"}],"replies":[{"embeddable":true,"href":"https:\/\/projetoslayerup.com.br\/smeducacao\/wp-json\/wp\/v2\/comments?post=4447"}],"version-history":[{"count":0,"href":"https:\/\/projetoslayerup.com.br\/smeducacao\/wp-json\/wp\/v2\/posts\/4447\/revisions"}],"wp:featuredmedia":[{"embeddable":true,"href":"https:\/\/projetoslayerup.com.br\/smeducacao\/wp-json\/wp\/v2\/media\/4461"}],"wp:attachment":[{"href":"https:\/\/projetoslayerup.com.br\/smeducacao\/wp-json\/wp\/v2\/media?parent=4447"}],"wp:term":[{"taxonomy":"category","embeddable":true,"href":"https:\/\/projetoslayerup.com.br\/smeducacao\/wp-json\/wp\/v2\/categories?post=4447"},{"taxonomy":"post_tag","embeddable":true,"href":"https:\/\/projetoslayerup.com.br\/smeducacao\/wp-json\/wp\/v2\/tags?post=4447"},{"taxonomy":"blog_nivel_escolar","embeddable":true,"href":"https:\/\/projetoslayerup.com.br\/smeducacao\/wp-json\/wp\/v2\/blog_nivel_escolar?post=4447"},{"taxonomy":"blog_segmento_escolar","embeddable":true,"href":"https:\/\/projetoslayerup.com.br\/smeducacao\/wp-json\/wp\/v2\/blog_segmento_escolar?post=4447"}],"curies":[{"name":"wp","href":"https:\/\/api.w.org\/{rel}","templated":true}]}}