{"id":495,"date":"2018-11-26T12:33:44","date_gmt":"2018-11-26T14:33:44","guid":{"rendered":"http:\/\/www.aeducacaonosmove.com.br\/?p=495"},"modified":"2018-11-26T12:33:44","modified_gmt":"2018-11-26T14:33:44","slug":"series-e-filmes-sobre-educacao","status":"publish","type":"post","link":"https:\/\/projetoslayerup.com.br\/smeducacao\/series-e-filmes-sobre-educacao\/","title":{"rendered":"S\u00e9ries e filmes sobre educa\u00e7\u00e3o: 11 dicas de produ\u00e7\u00f5es para refletir"},"content":{"rendered":"\n<p class=\"wp-block-paragraph\">A educa\u00e7\u00e3o proporciona experi\u00eancias que nos marcam para toda a vida. As rela\u00e7\u00f5es e aprendizados que surgem na escola entre professores, estudantes e toda a comunidade escolar nos permitem viver experi\u00eancias ricas de desenvolvimento pessoal e supera\u00e7\u00e3o. Por isso, investir em <strong>s\u00e9ries e filmes sobre educa\u00e7\u00e3o<\/strong> \u00e9 fundamental.&nbsp;<\/p>\n\n\n\n<p class=\"wp-block-paragraph\">Antes de mais nada, as hist\u00f3rias do cinema e da TV fazem com que todos se identifiquem de alguma forma com diversas situa\u00e7\u00f5es.&nbsp;Confira sugest\u00f5es de produ\u00e7\u00f5es para refletir sobre <strong>educa\u00e7\u00e3o<\/strong> em <a href=\"https:\/\/projetoslayerup.com.br\/smeducacao\/7-museus-para-explorar-a-cultura-brasileira\/\">diversas culturas<\/a> e pontos de vista:<\/p>\n\n\n\n<h2 class=\"wp-block-heading\"><strong>O Melhor Professor da Minha Vida (2017)<\/strong><\/h2>\n\n\n\n<figure class=\"wp-block-image size-full\"><img loading=\"lazy\" decoding=\"async\" width=\"932\" height=\"582\" src=\"https:\/\/projetoslayerup.com.br\/smeducacao\/wp-content\/uploads\/2022\/12\/3R2QYNKEKCQ3YSEIDHN24J5OXU.jpg\" alt=\"O Melhor Professor da Minha Vida\" class=\"wp-image-6004\" srcset=\"https:\/\/projetoslayerup.com.br\/smeducacao\/wp-content\/uploads\/2022\/12\/3R2QYNKEKCQ3YSEIDHN24J5OXU.jpg 932w, https:\/\/projetoslayerup.com.br\/smeducacao\/wp-content\/uploads\/2022\/12\/3R2QYNKEKCQ3YSEIDHN24J5OXU-300x187.jpg 300w, https:\/\/projetoslayerup.com.br\/smeducacao\/wp-content\/uploads\/2022\/12\/3R2QYNKEKCQ3YSEIDHN24J5OXU-768x480.jpg 768w\" sizes=\"auto, (max-width: 932px) 100vw, 932px\" \/><figcaption class=\"wp-element-caption\"><a href=\"https:\/\/www.leparisien.fr\/culture-loisirs\/cinema\/les-grands-esprits-ce-prof-sait-leur-parler-13-09-2017-7255779.php\">Fonte\/imagem<\/a><\/figcaption><\/figure>\n\n\n\n<p class=\"wp-block-paragraph\">Neste longa franc\u00eas, o professor Fran\u00e7ois Foucault se encontra em uma situa\u00e7\u00e3o delicada quando \u00e9 transferido de seu emprego em uma institui\u00e7\u00e3o de elite para lecionar em uma <strong>escola p\u00fablica<\/strong> na periferia de Paris. Mais do que ensinar, ele ter\u00e1 que aprender com os alunos e mudar sua vis\u00e3o de mundo para lidar com as dificuldades da classe.<\/p>\n\n\n\n<p class=\"wp-block-paragraph\"><strong>Por que assistir: <\/strong>o conflito entre professores r\u00edgidos e alunos rebeldes continua sendo um tema interessante para contar boas hist\u00f3rias. Destaque entre os filmes sobre educa\u00e7\u00e3o, traz novo f\u00f4lego \u00e0 discuss\u00e3o da rela\u00e7\u00e3o entre professor e aluno e ao conceito de <strong>\u201caluno-problema\u201d<\/strong>, com um tom mais leve e doses de humor.<\/p>\n\n\n\n<h2 class=\"wp-block-heading\"><strong>Que Horas Ela Volta? (2015)<\/strong><\/h2>\n\n\n\n<figure class=\"wp-block-image alignnone size-full is-resized wp-image-505 size-large\"><img loading=\"lazy\" decoding=\"async\" src=\"https:\/\/projetoslayerup.com.br\/smeducacao\/wp-content\/uploads\/2018\/11\/regina-case-e-michel-joelsas-no-set-de-que-horas-ela-volta-1392680285794_1890x1299-800x445-1.jpg\" alt=\"Que Horas Ela Volta? \" class=\"wp-image-6005\" width=\"840\" height=\"467\" srcset=\"https:\/\/projetoslayerup.com.br\/smeducacao\/wp-content\/uploads\/2018\/11\/regina-case-e-michel-joelsas-no-set-de-que-horas-ela-volta-1392680285794_1890x1299-800x445-1.jpg 800w, https:\/\/projetoslayerup.com.br\/smeducacao\/wp-content\/uploads\/2018\/11\/regina-case-e-michel-joelsas-no-set-de-que-horas-ela-volta-1392680285794_1890x1299-800x445-1-300x167.jpg 300w, https:\/\/projetoslayerup.com.br\/smeducacao\/wp-content\/uploads\/2018\/11\/regina-case-e-michel-joelsas-no-set-de-que-horas-ela-volta-1392680285794_1890x1299-800x445-1-768x427.jpg 768w\" sizes=\"auto, (max-width: 840px) 100vw, 840px\" \/><figcaption class=\"wp-element-caption\"><a href=\"https:\/\/revistadecinema.com.br\/2015\/08\/que-horas-ela-volta\/\">Fonte\/Imagem<\/a><\/figcaption><\/figure>\n\n\n\n<p class=\"wp-block-paragraph\">Val deixa sua filha pequena em Pernambuco e&nbsp;se muda para S\u00e3o Paulo em busca de emprego. Assim, ela consegue estabilidade como bab\u00e1 e empregada dom\u00e9stica em uma casa de classe alta. Por\u00e9m,&nbsp;depois de 13 anos, sua filha vai a seu encontro na metr\u00f3pole com o objetivo de prestar <strong>vestibular<\/strong> e estudar em uma universidade p\u00fablica, desafiando Val a questionar sua rela\u00e7\u00e3o com seus patr\u00f5es.<\/p>\n\n\n\n<p class=\"wp-block-paragraph\"><strong>Por que assistir:&nbsp;<\/strong>entre seus diversos temas, o filme retrata as maneiras como a <strong>educa\u00e7\u00e3o formal<\/strong> e n\u00edveis de instru\u00e7\u00e3o s\u00e3o desenvolvidos em diferentes gera\u00e7\u00f5es e classes sociais no Brasil, e como a desigualdade social e o preconceito podem influenciar comportamentos e escolhas.<\/p>\n\n\n\n<h2 class=\"wp-block-heading\"><strong>Escritores da Liberdade (2007)<\/strong><\/h2>\n\n\n\n<figure class=\"wp-block-image alignnone size-full is-resized wp-image-506 size-large\"><img loading=\"lazy\" decoding=\"async\" src=\"https:\/\/projetoslayerup.com.br\/smeducacao\/wp-content\/uploads\/2022\/12\/9305526_orig.webp\" alt=\"Escritores da Liberdade (2007)\" class=\"wp-image-6006\" width=\"838\" height=\"558\" srcset=\"https:\/\/projetoslayerup.com.br\/smeducacao\/wp-content\/uploads\/2022\/12\/9305526_orig.webp 800w, https:\/\/projetoslayerup.com.br\/smeducacao\/wp-content\/uploads\/2022\/12\/9305526_orig-300x200.webp 300w, https:\/\/projetoslayerup.com.br\/smeducacao\/wp-content\/uploads\/2022\/12\/9305526_orig-768x512.webp 768w\" sizes=\"auto, (max-width: 838px) 100vw, 838px\" \/><figcaption class=\"wp-element-caption\"><a href=\"https:\/\/2014afo.wordpress.com\/2014\/02\/06\/freedom-writers-2007\/\">Fonte\/Imagem<\/a><\/figcaption><\/figure>\n\n\n\n<p class=\"wp-block-paragraph\">Erin Gruwell \u00e9 uma <strong>professora<\/strong> <strong>rec\u00e9m-formada<\/strong>, disposta a fazer a diferen\u00e7a em sua profiss\u00e3o, at\u00e9 que se v\u00ea diante de uma classe de alunos envolvidos em conflitos de segrega\u00e7\u00e3o racial, colegas de trabalho desmotivados e&nbsp;espa\u00e7os da escola&nbsp;em ru\u00ednas. Ela acredita no potencial da turma e assume o desafio de educar os jovens e melhorar o ambiente violento da escola.<\/p>\n\n\n\n<p class=\"wp-block-paragraph\"><strong>Por que assistir: <\/strong>sucesso entre os filmes sobre educa\u00e7\u00e3o, a produ\u00e7\u00e3o \u00e9 baseada na hist\u00f3ria real de Erin Gruwell, uma professora na Calif\u00f3rnia, Estados Unidos, que conseguiu transformar seus alunos lidando com a intoler\u00e2ncia e o preconceito.<\/p>\n\n\n\n<h2 class=\"wp-block-heading\"><strong>A Onda (2008)<\/strong><\/h2>\n\n\n\n<figure class=\"wp-block-image alignnone size-full is-resized wp-image-507 size-large\"><img loading=\"lazy\" decoding=\"async\" src=\"https:\/\/projetoslayerup.com.br\/smeducacao\/wp-content\/uploads\/2022\/12\/C4n1tXqW8AEV1SH.jpg\" alt=\"A Onda (2008)\" class=\"wp-image-6007\" width=\"841\" height=\"558\" srcset=\"https:\/\/projetoslayerup.com.br\/smeducacao\/wp-content\/uploads\/2022\/12\/C4n1tXqW8AEV1SH.jpg 1000w, https:\/\/projetoslayerup.com.br\/smeducacao\/wp-content\/uploads\/2022\/12\/C4n1tXqW8AEV1SH-300x199.jpg 300w, https:\/\/projetoslayerup.com.br\/smeducacao\/wp-content\/uploads\/2022\/12\/C4n1tXqW8AEV1SH-768x510.jpg 768w\" sizes=\"auto, (max-width: 841px) 100vw, 841px\" \/><figcaption class=\"wp-element-caption\"><a href=\"https:\/\/twitter.com\/maxrbrazil\/status\/831467115320205312\">Fonte\/Imagem<\/a><\/figcaption><\/figure>\n\n\n\n<p class=\"wp-block-paragraph\">Ao enfrentar dificuldades para ganhar a aten\u00e7\u00e3o de seus alunos&nbsp;nas aulas sobre <strong>autocracia<\/strong>, o professor Rainer Wenger decide desenvolver um experimento diferente em sala de aula: simular uma ditadura, similar ao nazismo, em que o professor assume o papel de l\u00edder e os alunos formam seu grupo de seguidores.&nbsp; Em pouco tempo, a experi\u00eancia ganha propor\u00e7\u00f5es assustadoras e mostra o poder do fanatismo no grupo.<\/p>\n\n\n\n<p class=\"wp-block-paragraph\"><strong>Por que assistir:<\/strong>\u00a0com seu roteiro impactante, ambientado em uma escola alem\u00e3 contempor\u00e2nea, <em>A Onda<\/em> \u00e9 um filme sobre educa\u00e7\u00e3o que envolve conceitos de Hist\u00f3ria, Sociologia e Filosofia, e pode ser contextualizado tamb\u00e9m com as quest\u00f5es de dissemina\u00e7\u00e3o de ideias em discursos de \u00f3dio.<\/p>\n\n\n\n<h2 class=\"wp-block-heading\"><strong>Madadayo (1993)<\/strong><\/h2>\n\n\n\n<figure class=\"wp-block-image alignnone size-full wp-image-508 size-large\"><img loading=\"lazy\" decoding=\"async\" width=\"988\" height=\"545\" src=\"https:\/\/projetoslayerup.com.br\/smeducacao\/wp-content\/uploads\/2022\/12\/MV5BZTVjY2U5ODctM2I0ZS00MDhiLWFmZWEtODcxYmIxOTBiOTZiXkEyXkFqcGdeQXVyOTc5MDI5NjE@._V1_.jpg\" alt=\"Madadayo\" class=\"wp-image-6008\" srcset=\"https:\/\/projetoslayerup.com.br\/smeducacao\/wp-content\/uploads\/2022\/12\/MV5BZTVjY2U5ODctM2I0ZS00MDhiLWFmZWEtODcxYmIxOTBiOTZiXkEyXkFqcGdeQXVyOTc5MDI5NjE@._V1_.jpg 988w, https:\/\/projetoslayerup.com.br\/smeducacao\/wp-content\/uploads\/2022\/12\/MV5BZTVjY2U5ODctM2I0ZS00MDhiLWFmZWEtODcxYmIxOTBiOTZiXkEyXkFqcGdeQXVyOTc5MDI5NjE@._V1_-300x165.jpg 300w, https:\/\/projetoslayerup.com.br\/smeducacao\/wp-content\/uploads\/2022\/12\/MV5BZTVjY2U5ODctM2I0ZS00MDhiLWFmZWEtODcxYmIxOTBiOTZiXkEyXkFqcGdeQXVyOTc5MDI5NjE@._V1_-768x424.jpg 768w\" sizes=\"auto, (max-width: 988px) 100vw, 988px\" \/><figcaption class=\"wp-element-caption\"><a href=\"https:\/\/www.imdb.com\/title\/tt0107474\/\">Fonte\/Imagem<\/a><\/figcaption><\/figure>\n\n\n\n<p class=\"wp-block-paragraph\"><em>Madadayo<\/em> acompanha a vida de um <strong>professor<\/strong> no momento de sua aposentadoria que, mesmo ap\u00f3s deixar a sala de aula, continua sendo lembrado por todos com sua influ\u00eancia que atravessa gera\u00e7\u00f5es. Assim, ele mant\u00e9m o elo com sua profiss\u00e3o e seus ex-alunos j\u00e1 adultos, que comemoram o anivers\u00e1rio de seu mestre e se re\u00fanem todo ano. O filme mostra a a\u00e7\u00e3o transformadora da <strong>doc\u00eancia<\/strong> ao longo da vida do professor.<\/p>\n\n\n\n<p class=\"wp-block-paragraph\"><strong>Por que assistir:<\/strong>\u00a0o \u00faltimo filme dirigido por Akira Kurosawa \u00e9 um bom representante da cultura e modelo de educa\u00e7\u00e3o orientais e se passa em um per\u00edodo importante da hist\u00f3ria do Jap\u00e3o, incluindo em seus temas os ataques a Hiroshima e Nagasaki.\u00a0O filme sobre educa\u00e7\u00e3o\u00a0foi inspirado nos relatos autobiogr\u00e1ficos de Hyakken Uchida (1889-1971), professor e autor de diversos romances e ensaios.<\/p>\n\n\n\n<h2 class=\"wp-block-heading\"><strong>Hoje eu Quero Voltar Sozinho (2014)<\/strong><\/h2>\n\n\n\n<figure class=\"wp-block-image alignnone size-full is-resized wp-image-528 size-large\"><img loading=\"lazy\" decoding=\"async\" src=\"https:\/\/projetoslayerup.com.br\/smeducacao\/wp-content\/uploads\/2022\/12\/hoje-eu-quero-voltar-sozinho.jpg\" alt=\"Filmes sobre educa\u00e7\u00e3o: Hoje eu Quero Voltar Sozinho\" class=\"wp-image-6009\" width=\"841\" height=\"628\" srcset=\"https:\/\/projetoslayerup.com.br\/smeducacao\/wp-content\/uploads\/2022\/12\/hoje-eu-quero-voltar-sozinho.jpg 700w, https:\/\/projetoslayerup.com.br\/smeducacao\/wp-content\/uploads\/2022\/12\/hoje-eu-quero-voltar-sozinho-300x224.jpg 300w\" sizes=\"auto, (max-width: 841px) 100vw, 841px\" \/><figcaption class=\"wp-element-caption\"><a href=\"https:\/\/www.guiadasemana.com.br\/cinema\/noticia\/hoje-eu-quero-voltar-sozinho-a-delicadeza-do-olhar-sobre-a-adolescencia\">Fonte\/Imagem<\/a><\/figcaption><\/figure>\n\n\n\n<p class=\"wp-block-paragraph\">Leonardo \u00e9 um estudante no <strong>Ensino M\u00e9dio<\/strong> que passa pela fase de descobertas e mudan\u00e7as t\u00edpicas da adolesc\u00eancia. Por\u00e9m, ele \u00e9 cego desde o nascimento e busca maneiras de ser independente, superar o <strong>preconceito<\/strong> e evitar a superprote\u00e7\u00e3o da fam\u00edlia e dos amigos. Quando ele se aproxima de um novo colega, passa a questionar suas rela\u00e7\u00f5es e sentimentos enquanto lida com seus dilemas.<\/p>\n\n\n\n<p class=\"wp-block-paragraph\"><strong>Por que assistir:<\/strong>\u00a0a hist\u00f3ria aborda o universo adolescente e as rela\u00e7\u00f5es humanas de forma sutil e sens\u00edvel, al\u00e9m da quest\u00e3o da acessibilidade e da educa\u00e7\u00e3o emocional. Destaque do cinema nacional e entre os filmes sobre educa\u00e7\u00e3o, o longa foi premiado no Festival de Berlim e participou da sele\u00e7\u00e3o de indicados ao Oscar na categoria de Melhor Filme Estrangeiro, em 2015.<\/p>\n\n\n\n<h2 class=\"wp-block-heading\"><strong>Sociedade dos Poetas Mortos (1989)<\/strong><\/h2>\n\n\n\n<figure class=\"wp-block-image alignnone size-large wp-image-514\"><img decoding=\"async\" src=\"https:\/\/projetoslayerup.com.br\/smeducacao\/wp-content\/uploads\/2022\/12\/KeatnOnDsk-1024x688.jpg\" alt=\"Filmes sobre educa\u00e7\u00e3o: Sociedade dos Poetas Mortos \" class=\"wp-image-6010\"\/><figcaption class=\"wp-element-caption\">5.0.2<\/figcaption><\/figure>\n\n\n\n<p class=\"wp-block-paragraph\">Os alunos da Academia Welton, um col\u00e9gio de <strong>elite<\/strong> s\u00f3 para meninos, vivem sob constante press\u00e3o para ter notas m\u00e1ximas em seus exames e assim ingressar em universidades de prest\u00edgio no futuro. Mas a chegada de um novo <strong>professor<\/strong> <strong>de<\/strong> <strong>literatura<\/strong>, com sua proposta fora dos padr\u00f5es, faz os jovens questionarem as imposi\u00e7\u00f5es de seus pais e da dire\u00e7\u00e3o da escola, encontrando suas verdadeiras paix\u00f5es por meio da <strong>poesia<\/strong>.<\/p>\n\n\n\n<p class=\"wp-block-paragraph\"><strong>Por que assistir:<\/strong>&nbsp;o filme continua atual ao retratar o poder transformador da arte e da literatura, al\u00e9m de mostrar como a invers\u00e3o de pap\u00e9is na sala de aula pode engajar o estudante. Entre os autores com obras citadas no filme, destacam-se Shakespeare, Walt Whitman e Henry David Thoreau. Vencedor do Oscar de Melhor Roteiro Original.<\/p>\n\n\n\n<h2 class=\"wp-block-heading\"><strong>Como Estrelas na Terra: Toda Crian\u00e7a \u00e9 Especial (2007)<\/strong><\/h2>\n\n\n\n<figure class=\"wp-block-image alignnone size-large wp-image-515\"><img loading=\"lazy\" decoding=\"async\" width=\"1024\" height=\"683\" src=\"https:\/\/projetoslayerup.com.br\/smeducacao\/wp-content\/uploads\/2022\/12\/como-estrlas-na-terra-filme-1024x683.jpg\" alt=\"Filmes sobre educa\u00e7\u00e3o: Como Estrelas na Terra: Toda Crian\u00e7a \u00e9 Especial\" class=\"wp-image-6011\" srcset=\"https:\/\/projetoslayerup.com.br\/smeducacao\/wp-content\/uploads\/2022\/12\/como-estrlas-na-terra-filme-1024x683.jpg 1024w, https:\/\/projetoslayerup.com.br\/smeducacao\/wp-content\/uploads\/2022\/12\/como-estrlas-na-terra-filme-300x200.jpg 300w, https:\/\/projetoslayerup.com.br\/smeducacao\/wp-content\/uploads\/2022\/12\/como-estrlas-na-terra-filme-768x512.jpg 768w, https:\/\/projetoslayerup.com.br\/smeducacao\/wp-content\/uploads\/2022\/12\/como-estrlas-na-terra-filme.jpg 1170w\" sizes=\"auto, (max-width: 1024px) 100vw, 1024px\" \/><figcaption class=\"wp-element-caption\"><a href=\"https:\/\/www.planocritico.com\/critica-como-estrelas-na-terra\/\">Fonte\/Imagem<\/a><\/figcaption><\/figure>\n\n\n\n<p class=\"wp-block-paragraph\">Ishaan tem&nbsp;9 anos e passa por s\u00e9ries dificuldades de <strong>desempenho escolar<\/strong>. Ele j\u00e1 repetiu de ano e n\u00e3o mostra sinais de avan\u00e7o, com chances de ser retido novamente. As dificuldades de Ishaan tamb\u00e9m afetam seu desenvolvimento social e ele est\u00e1 solit\u00e1rio e desmotivado. Suas chances mudam&nbsp;quando o professor substituto Nikumbh chega \u00e0 escola e descobre que o garoto tem <strong>dislexia<\/strong>, e a partir da\u00ed assume o compromisso de mudar a vida da crian\u00e7a.<\/p>\n\n\n\n<p class=\"wp-block-paragraph\"><strong>Por que assistir: <\/strong>um mergulho no sistema educacional indiano, o filme aborda temas muito relevantes tamb\u00e9m para a educa\u00e7\u00e3o brasileira, como a reten\u00e7\u00e3o escolar e a adequa\u00e7\u00e3o das escolas \u00e0s crian\u00e7as com necessidades especiais.<\/p>\n\n\n\n<h2 class=\"wp-block-heading\"><strong>Rita (2014)<\/strong><\/h2>\n\n\n\n<figure class=\"wp-block-image alignnone size-full is-resized wp-image-516 size-large\"><img loading=\"lazy\" decoding=\"async\" src=\"https:\/\/projetoslayerup.com.br\/smeducacao\/wp-content\/uploads\/2022\/12\/rita-saeson-1-og-2-paa-dvd-10211-10211.jpg\" alt=\"Rita - S\u00e9rie sobre educa\u00e7\u00e3o\" class=\"wp-image-6012\" width=\"842\" height=\"468\" srcset=\"https:\/\/projetoslayerup.com.br\/smeducacao\/wp-content\/uploads\/2022\/12\/rita-saeson-1-og-2-paa-dvd-10211-10211.jpg 720w, https:\/\/projetoslayerup.com.br\/smeducacao\/wp-content\/uploads\/2022\/12\/rita-saeson-1-og-2-paa-dvd-10211-10211-300x167.jpg 300w\" sizes=\"auto, (max-width: 842px) 100vw, 842px\" \/><figcaption class=\"wp-element-caption\"><a href=\"https:\/\/minhavisaodocinema.com.br\/2018\/09\/14\/critica-rita-1-4-temporada-2012-2017-de\/\">Fonte\/Imagem<\/a><\/figcaption><\/figure>\n\n\n\n<p class=\"wp-block-paragraph\">Com quatro temporadas, a s\u00e9rie retrata a vida de Rita Madsen, professora em uma <strong>escola<\/strong> na Dinamarca. Enquanto enfrenta as dificuldades de criar seus tr\u00eas filhos sozinha, Rita precisa equilibrar seu dia a dia para lidar com os conflitos da escola e burocracias que prejudicam seu trabalho, pais de alunos furiosos, estresse e outras dificuldades enfrentadas pelos professores.<\/p>\n\n\n\n<p class=\"wp-block-paragraph\"><strong>Por que assistir:<\/strong> <em>Rita<\/em> foge do clich\u00ea de professor super-her\u00f3i para humanizar e aprofundar a vida de uma educadora dentro e fora da escola de forma sincera, com suas dificuldades e imperfei\u00e7\u00f5es, al\u00e9m de valorizar o protagonismo feminino. Tudo embalado por um tom bem-humorado e perspicaz.<\/p>\n\n\n\n<h2 class=\"wp-block-heading\"><strong>Anne com E (2017)<\/strong><\/h2>\n\n\n\n<figure class=\"wp-block-image alignnone size-large wp-image-513\"><img loading=\"lazy\" decoding=\"async\" width=\"1024\" height=\"576\" src=\"https:\/\/projetoslayerup.com.br\/smeducacao\/wp-content\/uploads\/2022\/12\/Anne-1-1024x576.jpg\" alt=\"Anne com E - S\u00e9rie sobre educa\u00e7\u00e3o\" class=\"wp-image-6013\" srcset=\"https:\/\/projetoslayerup.com.br\/smeducacao\/wp-content\/uploads\/2022\/12\/Anne-1-1024x576.jpg 1024w, https:\/\/projetoslayerup.com.br\/smeducacao\/wp-content\/uploads\/2022\/12\/Anne-1-300x169.jpg 300w, https:\/\/projetoslayerup.com.br\/smeducacao\/wp-content\/uploads\/2022\/12\/Anne-1-768x432.jpg 768w, https:\/\/projetoslayerup.com.br\/smeducacao\/wp-content\/uploads\/2022\/12\/Anne-1-1536x864.jpg 1536w, https:\/\/projetoslayerup.com.br\/smeducacao\/wp-content\/uploads\/2022\/12\/Anne-1.jpg 1920w\" sizes=\"auto, (max-width: 1024px) 100vw, 1024px\" \/><figcaption class=\"wp-element-caption\"><a href=\"https:\/\/www.netflix.com\/br\/title\/80136311\">Fonte\/Imagem<\/a><\/figcaption><\/figure>\n\n\n\n<p class=\"wp-block-paragraph\">A s\u00e9rie, atualmente com duas temporadas dispon\u00edveis, conta a hist\u00f3ria de Anne Shirley, uma menina <strong>\u00f3rf\u00e3<\/strong> no Canad\u00e1 do s\u00e9culo XIX que passa a morar em uma fazenda depois de ser adotada por engano por dois irm\u00e3os. Apesar de tudo, ela comemora o fato de finalmente fazer parte de uma fam\u00edlia, e n\u00e3o abrir\u00e1 m\u00e3o de seu otimismo e leveza mesmo diante das dificuldades e inseguran\u00e7as que enfrentar\u00e1 ao frequentar a <strong>escola<\/strong> e conhecer novas pessoas.<\/p>\n\n\n\n<p class=\"wp-block-paragraph\"><strong>Por que assistir: <\/strong>a&nbsp;hist\u00f3ria \u00e9 uma adapta\u00e7\u00e3o do livro cl\u00e1ssico infantojuvenil <em>Anne of Green Gables<\/em>, da escritora canadense Lucy Maud Montgomery, publicado em 1908. A s\u00e9rie \u00e9 produzida em meio as bel\u00edssimas paisagens do interior do Canad\u00e1 e cativa p\u00fablicos de todas as idades.<\/p>\n\n\n\n<h2 class=\"wp-block-heading\"><strong>Merl\u00ed (2015-2018)<\/strong><\/h2>\n\n\n\n<figure class=\"wp-block-image alignnone size-large wp-image-512\"><img loading=\"lazy\" decoding=\"async\" width=\"1024\" height=\"538\" src=\"https:\/\/projetoslayerup.com.br\/smeducacao\/wp-content\/uploads\/2022\/12\/Merli-2temp-1124x590-1-1024x538.jpg\" alt=\"Merl\u00ed - S\u00e9rie sobre educa\u00e7\u00e3o\" class=\"wp-image-6014\" srcset=\"https:\/\/projetoslayerup.com.br\/smeducacao\/wp-content\/uploads\/2022\/12\/Merli-2temp-1124x590-1-1024x538.jpg 1024w, https:\/\/projetoslayerup.com.br\/smeducacao\/wp-content\/uploads\/2022\/12\/Merli-2temp-1124x590-1-300x157.jpg 300w, https:\/\/projetoslayerup.com.br\/smeducacao\/wp-content\/uploads\/2022\/12\/Merli-2temp-1124x590-1-768x403.jpg 768w, https:\/\/projetoslayerup.com.br\/smeducacao\/wp-content\/uploads\/2022\/12\/Merli-2temp-1124x590-1.jpg 1124w\" sizes=\"auto, (max-width: 1024px) 100vw, 1024px\" \/><figcaption class=\"wp-element-caption\"><a href=\"https:\/\/cinemacao.com\/2017\/10\/12\/pontos-positivos-negativos-merli\/\">Fonte\/Imagem<\/a><\/figcaption><\/figure>\n\n\n\n<p class=\"wp-block-paragraph\">A s\u00e9rie espanhola retrata o dia a dia do professor de Filosofia Merl\u00ed Bergeron a partir do momento em que ele \u00e9 contratado para lecionar no Ensino M\u00e9dio. Enquanto passa por mudan\u00e7as dif\u00edceis em sua vida pessoal, Merl\u00ed mobiliza seus alunos&nbsp;com sua abordagem disruptora das principais correntes de <strong>pensamento filos\u00f3fico<\/strong>.<\/p>\n\n\n\n<p class=\"wp-block-paragraph\"><strong>Por que assistir: <\/strong>cada epis\u00f3dio aborda o pensamento de um fil\u00f3sofo, partindo de Arist\u00f3teles e os peripat\u00e9ticos. O professor Merl\u00ed consegue engajar os alunos nas aulas por meio da contextualiza\u00e7\u00e3o da vida dos adolescentes com a Filosofia, mostrando como as correntes de pensamento podem nos ajudar a refletir e esclarecer quest\u00f5es morais e \u00e9ticas da vida social.<\/p>\n","protected":false},"excerpt":{"rendered":"<p>A educa\u00e7\u00e3o proporciona experi\u00eancias que nos marcam para toda a vida. As rela\u00e7\u00f5es e aprendizados que surgem na escola entre professores, estudantes e toda a comunidade escolar nos permitem viver experi\u00eancias ricas de desenvolvimento pessoal e supera\u00e7\u00e3o. Por isso, investir em s\u00e9ries e filmes sobre educa\u00e7\u00e3o \u00e9 fundamental.&nbsp; Antes de mais nada, as hist\u00f3rias do [&hellip;]<\/p>\n","protected":false},"author":2,"featured_media":547,"comment_status":"open","ping_status":"open","sticky":false,"template":"","format":"standard","meta":{"_acf_changed":false,"footnotes":""},"categories":[4],"tags":[63,62,30,61,64],"blog_nivel_escolar":[],"blog_segmento_escolar":[],"class_list":["post-495","post","type-post","status-publish","format-standard","has-post-thumbnail","hentry","category-dicas-professor","tag-cinema","tag-cultura","tag-dicas","tag-educacao","tag-series"],"acf":[],"yoast_head":"<!-- This site is optimized with the Yoast SEO plugin v28.3 - https:\/\/yoast.com\/product\/yoast-seo-wordpress\/ -->\n<title>S\u00e9ries e filmes sobre educa\u00e7\u00e3o: 11 dicas de produ\u00e7\u00f5es para refletir - SM Educa\u00e7\u00e3o - Juntos cuidamos da educa\u00e7\u00e3o!<\/title>\n<meta name=\"description\" content=\"As s\u00e9ries e filmes sobre educa\u00e7\u00e3o s\u00e3o fundamentais para as rela\u00e7\u00f5es e aprendizados que surgem na escola e em toda a comunidade escolar. Veja!\" \/>\n<meta name=\"robots\" content=\"noindex, follow, max-snippet:-1, max-image-preview:large, max-video-preview:-1\" \/>\n<meta property=\"og:locale\" content=\"pt_BR\" \/>\n<meta property=\"og:type\" content=\"article\" \/>\n<meta property=\"og:title\" content=\"S\u00e9ries e filmes sobre educa\u00e7\u00e3o: 11 dicas de produ\u00e7\u00f5es para refletir - SM Educa\u00e7\u00e3o - Juntos cuidamos da educa\u00e7\u00e3o!\" \/>\n<meta property=\"og:description\" content=\"As s\u00e9ries e filmes sobre educa\u00e7\u00e3o s\u00e3o fundamentais para as rela\u00e7\u00f5es e aprendizados que surgem na escola e em toda a comunidade escolar. Veja!\" \/>\n<meta property=\"og:url\" content=\"https:\/\/projetoslayerup.com.br\/smeducacao\/series-e-filmes-sobre-educacao\/\" \/>\n<meta property=\"og:site_name\" content=\"SM Educa\u00e7\u00e3o - Juntos cuidamos da educa\u00e7\u00e3o!\" \/>\n<meta property=\"article:published_time\" content=\"2018-11-26T14:33:44+00:00\" \/>\n<meta property=\"og:image\" content=\"https:\/\/projetoslayerup.com.br\/smeducacao\/wp-content\/uploads\/2018\/11\/SM-filmes-series.jpg\" \/>\n\t<meta property=\"og:image:width\" content=\"1254\" \/>\n\t<meta property=\"og:image:height\" content=\"837\" \/>\n\t<meta property=\"og:image:type\" content=\"image\/jpeg\" \/>\n<meta name=\"author\" content=\"SM Educa\u00e7\u00e3o\" \/>\n<meta name=\"twitter:card\" content=\"summary_large_image\" \/>\n<meta name=\"twitter:label1\" content=\"Escrito por\" \/>\n\t<meta name=\"twitter:data1\" content=\"SM Educa\u00e7\u00e3o\" \/>\n\t<meta name=\"twitter:label2\" content=\"Est. tempo de leitura\" \/>\n\t<meta name=\"twitter:data2\" content=\"9 minutos\" \/>\n<script type=\"application\/ld+json\" class=\"yoast-schema-graph\">{\"@context\":\"https:\\\/\\\/schema.org\",\"@graph\":[{\"@type\":\"Article\",\"@id\":\"https:\\\/\\\/projetoslayerup.com.br\\\/smeducacao\\\/series-e-filmes-sobre-educacao\\\/#article\",\"isPartOf\":{\"@id\":\"https:\\\/\\\/projetoslayerup.com.br\\\/smeducacao\\\/series-e-filmes-sobre-educacao\\\/\"},\"author\":{\"name\":\"SM Educa\u00e7\u00e3o\",\"@id\":\"https:\\\/\\\/projetoslayerup.com.br\\\/smeducacao\\\/#\\\/schema\\\/person\\\/45d7d41388698d0f902ff276caab47f5\"},\"headline\":\"S\u00e9ries e filmes sobre educa\u00e7\u00e3o: 11 dicas de produ\u00e7\u00f5es para refletir\",\"datePublished\":\"2018-11-26T14:33:44+00:00\",\"mainEntityOfPage\":{\"@id\":\"https:\\\/\\\/projetoslayerup.com.br\\\/smeducacao\\\/series-e-filmes-sobre-educacao\\\/\"},\"wordCount\":1546,\"commentCount\":7,\"image\":{\"@id\":\"https:\\\/\\\/projetoslayerup.com.br\\\/smeducacao\\\/series-e-filmes-sobre-educacao\\\/#primaryimage\"},\"thumbnailUrl\":\"https:\\\/\\\/projetoslayerup.com.br\\\/smeducacao\\\/wp-content\\\/uploads\\\/2018\\\/11\\\/SM-filmes-series.jpg\",\"keywords\":[\"cinema\",\"cultura\",\"dicas\",\"educa\u00e7\u00e3o\",\"s\u00e9ries\"],\"articleSection\":[\"Dicas para professores\"],\"inLanguage\":\"pt-BR\",\"potentialAction\":[{\"@type\":\"CommentAction\",\"name\":\"Comment\",\"target\":[\"https:\\\/\\\/projetoslayerup.com.br\\\/smeducacao\\\/series-e-filmes-sobre-educacao\\\/#respond\"]}]},{\"@type\":\"WebPage\",\"@id\":\"https:\\\/\\\/projetoslayerup.com.br\\\/smeducacao\\\/series-e-filmes-sobre-educacao\\\/\",\"url\":\"https:\\\/\\\/projetoslayerup.com.br\\\/smeducacao\\\/series-e-filmes-sobre-educacao\\\/\",\"name\":\"S\u00e9ries e filmes sobre educa\u00e7\u00e3o: 11 dicas de produ\u00e7\u00f5es para refletir - SM Educa\u00e7\u00e3o - Juntos cuidamos da educa\u00e7\u00e3o!\",\"isPartOf\":{\"@id\":\"https:\\\/\\\/projetoslayerup.com.br\\\/smeducacao\\\/#website\"},\"primaryImageOfPage\":{\"@id\":\"https:\\\/\\\/projetoslayerup.com.br\\\/smeducacao\\\/series-e-filmes-sobre-educacao\\\/#primaryimage\"},\"image\":{\"@id\":\"https:\\\/\\\/projetoslayerup.com.br\\\/smeducacao\\\/series-e-filmes-sobre-educacao\\\/#primaryimage\"},\"thumbnailUrl\":\"https:\\\/\\\/projetoslayerup.com.br\\\/smeducacao\\\/wp-content\\\/uploads\\\/2018\\\/11\\\/SM-filmes-series.jpg\",\"datePublished\":\"2018-11-26T14:33:44+00:00\",\"author\":{\"@id\":\"https:\\\/\\\/projetoslayerup.com.br\\\/smeducacao\\\/#\\\/schema\\\/person\\\/45d7d41388698d0f902ff276caab47f5\"},\"description\":\"As s\u00e9ries e filmes sobre educa\u00e7\u00e3o s\u00e3o fundamentais para as rela\u00e7\u00f5es e aprendizados que surgem na escola e em toda a comunidade escolar. Veja!\",\"breadcrumb\":{\"@id\":\"https:\\\/\\\/projetoslayerup.com.br\\\/smeducacao\\\/series-e-filmes-sobre-educacao\\\/#breadcrumb\"},\"inLanguage\":\"pt-BR\",\"potentialAction\":[{\"@type\":\"ReadAction\",\"target\":[\"https:\\\/\\\/projetoslayerup.com.br\\\/smeducacao\\\/series-e-filmes-sobre-educacao\\\/\"]}]},{\"@type\":\"ImageObject\",\"inLanguage\":\"pt-BR\",\"@id\":\"https:\\\/\\\/projetoslayerup.com.br\\\/smeducacao\\\/series-e-filmes-sobre-educacao\\\/#primaryimage\",\"url\":\"https:\\\/\\\/projetoslayerup.com.br\\\/smeducacao\\\/wp-content\\\/uploads\\\/2018\\\/11\\\/SM-filmes-series.jpg\",\"contentUrl\":\"https:\\\/\\\/projetoslayerup.com.br\\\/smeducacao\\\/wp-content\\\/uploads\\\/2018\\\/11\\\/SM-filmes-series.jpg\",\"width\":1254,\"height\":837,\"caption\":\"filmes sobre educa\u00e7\u00e3o\"},{\"@type\":\"BreadcrumbList\",\"@id\":\"https:\\\/\\\/projetoslayerup.com.br\\\/smeducacao\\\/series-e-filmes-sobre-educacao\\\/#breadcrumb\",\"itemListElement\":[{\"@type\":\"ListItem\",\"position\":1,\"name\":\"In\u00edcio\",\"item\":\"https:\\\/\\\/projetoslayerup.com.br\\\/smeducacao\\\/\"},{\"@type\":\"ListItem\",\"position\":2,\"name\":\"S\u00e9ries e filmes sobre educa\u00e7\u00e3o: 11 dicas de produ\u00e7\u00f5es para refletir\"}]},{\"@type\":\"WebSite\",\"@id\":\"https:\\\/\\\/projetoslayerup.com.br\\\/smeducacao\\\/#website\",\"url\":\"https:\\\/\\\/projetoslayerup.com.br\\\/smeducacao\\\/\",\"name\":\"SM Educa\u00e7\u00e3o - Juntos cuidamos da educa\u00e7\u00e3o!\",\"description\":\"Transformamos a educa\u00e7\u00e3o por meio de solu\u00e7\u00f5es digitais, solu\u00e7\u00f5es did\u00e1ticas para uma aprendizagem personalizada e solu\u00e7\u00f5es estrat\u00e9gicas eficientes. Juntos cuidamos da Educa\u00e7\u00e3o!\",\"potentialAction\":[{\"@type\":\"SearchAction\",\"target\":{\"@type\":\"EntryPoint\",\"urlTemplate\":\"https:\\\/\\\/projetoslayerup.com.br\\\/smeducacao\\\/?s={search_term_string}\"},\"query-input\":{\"@type\":\"PropertyValueSpecification\",\"valueRequired\":true,\"valueName\":\"search_term_string\"}}],\"inLanguage\":\"pt-BR\"},{\"@type\":\"Person\",\"@id\":\"https:\\\/\\\/projetoslayerup.com.br\\\/smeducacao\\\/#\\\/schema\\\/person\\\/45d7d41388698d0f902ff276caab47f5\",\"name\":\"SM Educa\u00e7\u00e3o\",\"image\":{\"@type\":\"ImageObject\",\"inLanguage\":\"pt-BR\",\"@id\":\"https:\\\/\\\/secure.gravatar.com\\\/avatar\\\/24327468bc2a6fb95889620b4158620d90c5e352f7a18c30af0e3f8cb70bc104?s=96&d=mm&r=g\",\"url\":\"https:\\\/\\\/secure.gravatar.com\\\/avatar\\\/24327468bc2a6fb95889620b4158620d90c5e352f7a18c30af0e3f8cb70bc104?s=96&d=mm&r=g\",\"contentUrl\":\"https:\\\/\\\/secure.gravatar.com\\\/avatar\\\/24327468bc2a6fb95889620b4158620d90c5e352f7a18c30af0e3f8cb70bc104?s=96&d=mm&r=g\",\"caption\":\"SM Educa\u00e7\u00e3o\"},\"url\":\"https:\\\/\\\/projetoslayerup.com.br\\\/smeducacao\\\/author\\\/smeducacao2021\\\/\"}]}<\/script>\n<!-- \/ Yoast SEO plugin. -->","yoast_head_json":{"title":"S\u00e9ries e filmes sobre educa\u00e7\u00e3o: 11 dicas de produ\u00e7\u00f5es para refletir - SM Educa\u00e7\u00e3o - Juntos cuidamos da educa\u00e7\u00e3o!","description":"As s\u00e9ries e filmes sobre educa\u00e7\u00e3o s\u00e3o fundamentais para as rela\u00e7\u00f5es e aprendizados que surgem na escola e em toda a comunidade escolar. Veja!","robots":{"index":"noindex","follow":"follow","max-snippet":"max-snippet:-1","max-image-preview":"max-image-preview:large","max-video-preview":"max-video-preview:-1"},"og_locale":"pt_BR","og_type":"article","og_title":"S\u00e9ries e filmes sobre educa\u00e7\u00e3o: 11 dicas de produ\u00e7\u00f5es para refletir - SM Educa\u00e7\u00e3o - Juntos cuidamos da educa\u00e7\u00e3o!","og_description":"As s\u00e9ries e filmes sobre educa\u00e7\u00e3o s\u00e3o fundamentais para as rela\u00e7\u00f5es e aprendizados que surgem na escola e em toda a comunidade escolar. Veja!","og_url":"https:\/\/projetoslayerup.com.br\/smeducacao\/series-e-filmes-sobre-educacao\/","og_site_name":"SM Educa\u00e7\u00e3o - Juntos cuidamos da educa\u00e7\u00e3o!","article_published_time":"2018-11-26T14:33:44+00:00","og_image":[{"width":1254,"height":837,"url":"https:\/\/projetoslayerup.com.br\/smeducacao\/wp-content\/uploads\/2018\/11\/SM-filmes-series.jpg","type":"image\/jpeg"}],"author":"SM Educa\u00e7\u00e3o","twitter_card":"summary_large_image","twitter_misc":{"Escrito por":"SM Educa\u00e7\u00e3o","Est. tempo de leitura":"9 minutos"},"schema":{"@context":"https:\/\/schema.org","@graph":[{"@type":"Article","@id":"https:\/\/projetoslayerup.com.br\/smeducacao\/series-e-filmes-sobre-educacao\/#article","isPartOf":{"@id":"https:\/\/projetoslayerup.com.br\/smeducacao\/series-e-filmes-sobre-educacao\/"},"author":{"name":"SM Educa\u00e7\u00e3o","@id":"https:\/\/projetoslayerup.com.br\/smeducacao\/#\/schema\/person\/45d7d41388698d0f902ff276caab47f5"},"headline":"S\u00e9ries e filmes sobre educa\u00e7\u00e3o: 11 dicas de produ\u00e7\u00f5es para refletir","datePublished":"2018-11-26T14:33:44+00:00","mainEntityOfPage":{"@id":"https:\/\/projetoslayerup.com.br\/smeducacao\/series-e-filmes-sobre-educacao\/"},"wordCount":1546,"commentCount":7,"image":{"@id":"https:\/\/projetoslayerup.com.br\/smeducacao\/series-e-filmes-sobre-educacao\/#primaryimage"},"thumbnailUrl":"https:\/\/projetoslayerup.com.br\/smeducacao\/wp-content\/uploads\/2018\/11\/SM-filmes-series.jpg","keywords":["cinema","cultura","dicas","educa\u00e7\u00e3o","s\u00e9ries"],"articleSection":["Dicas para professores"],"inLanguage":"pt-BR","potentialAction":[{"@type":"CommentAction","name":"Comment","target":["https:\/\/projetoslayerup.com.br\/smeducacao\/series-e-filmes-sobre-educacao\/#respond"]}]},{"@type":"WebPage","@id":"https:\/\/projetoslayerup.com.br\/smeducacao\/series-e-filmes-sobre-educacao\/","url":"https:\/\/projetoslayerup.com.br\/smeducacao\/series-e-filmes-sobre-educacao\/","name":"S\u00e9ries e filmes sobre educa\u00e7\u00e3o: 11 dicas de produ\u00e7\u00f5es para refletir - SM Educa\u00e7\u00e3o - Juntos cuidamos da educa\u00e7\u00e3o!","isPartOf":{"@id":"https:\/\/projetoslayerup.com.br\/smeducacao\/#website"},"primaryImageOfPage":{"@id":"https:\/\/projetoslayerup.com.br\/smeducacao\/series-e-filmes-sobre-educacao\/#primaryimage"},"image":{"@id":"https:\/\/projetoslayerup.com.br\/smeducacao\/series-e-filmes-sobre-educacao\/#primaryimage"},"thumbnailUrl":"https:\/\/projetoslayerup.com.br\/smeducacao\/wp-content\/uploads\/2018\/11\/SM-filmes-series.jpg","datePublished":"2018-11-26T14:33:44+00:00","author":{"@id":"https:\/\/projetoslayerup.com.br\/smeducacao\/#\/schema\/person\/45d7d41388698d0f902ff276caab47f5"},"description":"As s\u00e9ries e filmes sobre educa\u00e7\u00e3o s\u00e3o fundamentais para as rela\u00e7\u00f5es e aprendizados que surgem na escola e em toda a comunidade escolar. Veja!","breadcrumb":{"@id":"https:\/\/projetoslayerup.com.br\/smeducacao\/series-e-filmes-sobre-educacao\/#breadcrumb"},"inLanguage":"pt-BR","potentialAction":[{"@type":"ReadAction","target":["https:\/\/projetoslayerup.com.br\/smeducacao\/series-e-filmes-sobre-educacao\/"]}]},{"@type":"ImageObject","inLanguage":"pt-BR","@id":"https:\/\/projetoslayerup.com.br\/smeducacao\/series-e-filmes-sobre-educacao\/#primaryimage","url":"https:\/\/projetoslayerup.com.br\/smeducacao\/wp-content\/uploads\/2018\/11\/SM-filmes-series.jpg","contentUrl":"https:\/\/projetoslayerup.com.br\/smeducacao\/wp-content\/uploads\/2018\/11\/SM-filmes-series.jpg","width":1254,"height":837,"caption":"filmes sobre educa\u00e7\u00e3o"},{"@type":"BreadcrumbList","@id":"https:\/\/projetoslayerup.com.br\/smeducacao\/series-e-filmes-sobre-educacao\/#breadcrumb","itemListElement":[{"@type":"ListItem","position":1,"name":"In\u00edcio","item":"https:\/\/projetoslayerup.com.br\/smeducacao\/"},{"@type":"ListItem","position":2,"name":"S\u00e9ries e filmes sobre educa\u00e7\u00e3o: 11 dicas de produ\u00e7\u00f5es para refletir"}]},{"@type":"WebSite","@id":"https:\/\/projetoslayerup.com.br\/smeducacao\/#website","url":"https:\/\/projetoslayerup.com.br\/smeducacao\/","name":"SM Educa\u00e7\u00e3o - Juntos cuidamos da educa\u00e7\u00e3o!","description":"Transformamos a educa\u00e7\u00e3o por meio de solu\u00e7\u00f5es digitais, solu\u00e7\u00f5es did\u00e1ticas para uma aprendizagem personalizada e solu\u00e7\u00f5es estrat\u00e9gicas eficientes. Juntos cuidamos da Educa\u00e7\u00e3o!","potentialAction":[{"@type":"SearchAction","target":{"@type":"EntryPoint","urlTemplate":"https:\/\/projetoslayerup.com.br\/smeducacao\/?s={search_term_string}"},"query-input":{"@type":"PropertyValueSpecification","valueRequired":true,"valueName":"search_term_string"}}],"inLanguage":"pt-BR"},{"@type":"Person","@id":"https:\/\/projetoslayerup.com.br\/smeducacao\/#\/schema\/person\/45d7d41388698d0f902ff276caab47f5","name":"SM Educa\u00e7\u00e3o","image":{"@type":"ImageObject","inLanguage":"pt-BR","@id":"https:\/\/secure.gravatar.com\/avatar\/24327468bc2a6fb95889620b4158620d90c5e352f7a18c30af0e3f8cb70bc104?s=96&d=mm&r=g","url":"https:\/\/secure.gravatar.com\/avatar\/24327468bc2a6fb95889620b4158620d90c5e352f7a18c30af0e3f8cb70bc104?s=96&d=mm&r=g","contentUrl":"https:\/\/secure.gravatar.com\/avatar\/24327468bc2a6fb95889620b4158620d90c5e352f7a18c30af0e3f8cb70bc104?s=96&d=mm&r=g","caption":"SM Educa\u00e7\u00e3o"},"url":"https:\/\/projetoslayerup.com.br\/smeducacao\/author\/smeducacao2021\/"}]}},"_links":{"self":[{"href":"https:\/\/projetoslayerup.com.br\/smeducacao\/wp-json\/wp\/v2\/posts\/495","targetHints":{"allow":["GET"]}}],"collection":[{"href":"https:\/\/projetoslayerup.com.br\/smeducacao\/wp-json\/wp\/v2\/posts"}],"about":[{"href":"https:\/\/projetoslayerup.com.br\/smeducacao\/wp-json\/wp\/v2\/types\/post"}],"author":[{"embeddable":true,"href":"https:\/\/projetoslayerup.com.br\/smeducacao\/wp-json\/wp\/v2\/users\/2"}],"replies":[{"embeddable":true,"href":"https:\/\/projetoslayerup.com.br\/smeducacao\/wp-json\/wp\/v2\/comments?post=495"}],"version-history":[{"count":0,"href":"https:\/\/projetoslayerup.com.br\/smeducacao\/wp-json\/wp\/v2\/posts\/495\/revisions"}],"wp:featuredmedia":[{"embeddable":true,"href":"https:\/\/projetoslayerup.com.br\/smeducacao\/wp-json\/wp\/v2\/media\/547"}],"wp:attachment":[{"href":"https:\/\/projetoslayerup.com.br\/smeducacao\/wp-json\/wp\/v2\/media?parent=495"}],"wp:term":[{"taxonomy":"category","embeddable":true,"href":"https:\/\/projetoslayerup.com.br\/smeducacao\/wp-json\/wp\/v2\/categories?post=495"},{"taxonomy":"post_tag","embeddable":true,"href":"https:\/\/projetoslayerup.com.br\/smeducacao\/wp-json\/wp\/v2\/tags?post=495"},{"taxonomy":"blog_nivel_escolar","embeddable":true,"href":"https:\/\/projetoslayerup.com.br\/smeducacao\/wp-json\/wp\/v2\/blog_nivel_escolar?post=495"},{"taxonomy":"blog_segmento_escolar","embeddable":true,"href":"https:\/\/projetoslayerup.com.br\/smeducacao\/wp-json\/wp\/v2\/blog_segmento_escolar?post=495"}],"curies":[{"name":"wp","href":"https:\/\/api.w.org\/{rel}","templated":true}]}}