{"id":5313,"date":"2022-02-01T17:42:43","date_gmt":"2022-02-01T20:42:43","guid":{"rendered":"https:\/\/www.smeducacao.com.br\/?p=5313"},"modified":"2022-02-01T17:42:43","modified_gmt":"2022-02-01T20:42:43","slug":"pnld-2023-anos-iniciais-ensino-fundamental-como-funciona","status":"publish","type":"post","link":"https:\/\/projetoslayerup.com.br\/smeducacao\/pnld-2023-anos-iniciais-ensino-fundamental-como-funciona\/","title":{"rendered":"PNLD 2023: saiba como funciona e as recomenda\u00e7\u00f5es para os anos iniciais do Ensino Fundamental\ufffc"},"content":{"rendered":"\n<p class=\"wp-block-paragraph\">Com o in\u00edcio de um novo ano letivo, tamb\u00e9m entra no radar das escolas p\u00fablicas o Programa Nacional do Livro Did\u00e1tico (PNLD). Como de costume, a SM Educa\u00e7\u00e3o inicia essa jornada com um conte\u00fado repleto de informa\u00e7\u00f5es importantes para que voc\u00ea fique por dentro de tudo sobre o assunto. Ent\u00e3o, chegou a hora de conhecer a din\u00e2mica do PNLD 2023!<\/p>\n\n\n\n<h2 class=\"has-text-align-center wp-block-heading\" id=\"como-funciona-e-como-sera-organizado-o-pnld-2023\">Como funciona e como ser\u00e1 organizado o PNLD 2023?<\/h2>\n\n\n\n<div class=\"wp-block-columns are-vertically-aligned-center is-layout-flex wp-container-core-columns-is-layout-8f761849 wp-block-columns-is-layout-flex\">\n<div class=\"wp-block-column is-vertically-aligned-center is-layout-flow wp-block-column-is-layout-flow\" style=\"flex-basis:100%\">\n<style>.text-center{text-align: center !important;}<\/style>\n<figure class=\"wp-block-embed aligncenter is-type-video is-provider-youtube wp-block-embed-youtube text-center wp-embed-aspect-16-9 wp-has-aspect-ratio\"><div class=\"wp-block-embed__wrapper\">\n<iframe loading=\"lazy\" title=\"PNLD 2023 - Como funciona e as recomenda\u00e7\u00f5es para os anos iniciais\" width=\"500\" height=\"281\" src=\"https:\/\/www.youtube.com\/embed\/fvAcT0BB4wY?feature=oembed\" frameborder=\"0\" allow=\"accelerometer; autoplay; clipboard-write; encrypted-media; gyroscope; picture-in-picture; web-share\" referrerpolicy=\"strict-origin-when-cross-origin\" allowfullscreen><\/iframe>\n<\/div><\/figure>\n<\/div>\n<\/div>\n\n\n\n<p class=\"wp-block-paragraph\">Para definir quais obras ser\u00e3o adotadas por escolas p\u00fablicas de todos o Brasil, o sistema de educa\u00e7\u00e3o b\u00e1sica brasileiro segue o Programa Nacional do Livro Did\u00e1tico (PNLD).&nbsp;<\/p>\n\n\n\n<p class=\"wp-block-paragraph\">E funciona da seguinte forma: a cada quatro anos, as editoras &#8211; como a SM Educa\u00e7\u00e3o, produzem novos materiais para um determinado segmento de ensino e, seguindo os crit\u00e9rios do Programa.<\/p>\n\n\n\n<p class=\"wp-block-paragraph\">Caso os livros sejam aprovados, as escolas poder\u00e3o analisar e selecionar as obras que melhor se encaixam em suas propostas de aulas.<br><\/p>\n\n\n\n<p class=\"wp-block-paragraph\">\u00c9 importante destacar que, em 2023, o PNLD ser\u00e1 destinado aos <strong>anos iniciais do Ensino Fundamental (1\u00ba ao 5\u00ba ano)<\/strong> e composto por quatro objetos:<\/p>\n\n\n<div class=\"wp-block-image\">\n<figure class=\"aligncenter size-large\"><img loading=\"lazy\" decoding=\"async\" width=\"1024\" height=\"598\" src=\"https:\/\/projetoslayerup.com.br\/smeducacao\/wp-content\/uploads\/2022\/02\/0dXq5WIg-1024x598.png\" alt=\"Objetos do PNLD 2023. Objeto 01: Obras did\u00e1ticas. Objeto 02: Obras did\u00e1ticas - livro e manual de pr\u00e1ticas e acompanhamento de aprendizagem. Objeto 03: Obras liter\u00e1rias. Objeto 04: Obras pedag\u00f3gicas para professores e gestores e recursos educacionais digitais. \" class=\"wp-image-5315\" srcset=\"https:\/\/projetoslayerup.com.br\/smeducacao\/wp-content\/uploads\/2022\/02\/0dXq5WIg-1024x598.png 1024w, https:\/\/projetoslayerup.com.br\/smeducacao\/wp-content\/uploads\/2022\/02\/0dXq5WIg-300x175.png 300w, https:\/\/projetoslayerup.com.br\/smeducacao\/wp-content\/uploads\/2022\/02\/0dXq5WIg-768x449.png 768w, https:\/\/projetoslayerup.com.br\/smeducacao\/wp-content\/uploads\/2022\/02\/0dXq5WIg.png 1200w\" sizes=\"auto, (max-width: 1024px) 100vw, 1024px\" \/><\/figure>\n<\/div>\n\n\n<p class=\"wp-block-paragraph\">Para ajudar voc\u00ea nesse processo, nas pr\u00f3ximas publica\u00e7\u00f5es da SM Educa\u00e7\u00e3o, traremos alguns pontos-chave do Programa, que ser\u00e3o de grande relev\u00e2ncia para entender o projeto.&nbsp;<\/p>\n\n\n\n<p class=\"wp-block-paragraph\">Veja, na imagem abaixo, a din\u00e2mica dos t\u00f3picos que vamos abordar neste artigo e, em seguida, confira todos os detalhes.<\/p>\n\n\n<div class=\"wp-block-image\">\n<figure class=\"aligncenter size-large\"><img loading=\"lazy\" decoding=\"async\" width=\"1024\" height=\"352\" src=\"https:\/\/projetoslayerup.com.br\/smeducacao\/wp-content\/uploads\/2022\/02\/czk0zMmA-1024x352.png\" alt=\"Fluxograma do PNLD 2023. Objetos do PNLD 2023 - Categorias e componentes - Divis\u00e3o e distribui\u00e7\u00e3o das obras. \" class=\"wp-image-5316\" srcset=\"https:\/\/projetoslayerup.com.br\/smeducacao\/wp-content\/uploads\/2022\/02\/czk0zMmA-1024x352.png 1024w, https:\/\/projetoslayerup.com.br\/smeducacao\/wp-content\/uploads\/2022\/02\/czk0zMmA-300x103.png 300w, https:\/\/projetoslayerup.com.br\/smeducacao\/wp-content\/uploads\/2022\/02\/czk0zMmA-768x264.png 768w, https:\/\/projetoslayerup.com.br\/smeducacao\/wp-content\/uploads\/2022\/02\/czk0zMmA.png 1200w\" sizes=\"auto, (max-width: 1024px) 100vw, 1024px\" \/><\/figure>\n<\/div>\n\n\n<h2 class=\"wp-block-heading\" id=\"entenda-os-objetos-do-pnld-2023\">Entenda os objetos do PNLD 2023<\/h2>\n\n\n\n<h3 class=\"wp-block-heading\" id=\"objeto-1\">Objeto 1<\/h3>\n\n\n\n<p class=\"wp-block-paragraph\">No<strong> Objeto 1<\/strong> do PNLD 2023, cada obra did\u00e1tica poder\u00e1 ser escolhida sob uma das seguintes categorias: <strong>categoria 1<\/strong>, como obra por \u00e1rea, ou na <strong>categoria 2<\/strong>, como componente ou especialidade.<\/p>\n\n\n<div class=\"wp-block-image\">\n<figure class=\"aligncenter size-full\"><img loading=\"lazy\" decoding=\"async\" width=\"1200\" height=\"836\" src=\"https:\/\/projetoslayerup.com.br\/smeducacao\/wp-content\/uploads\/2022\/02\/ipOUyuqg.png\" alt=\"Tabelas apresentando a categoria 1 do Objeto 1 - Obras did\u00e1ticas por \u00e1rea do PNLD 2023. \" class=\"wp-image-5317\" srcset=\"https:\/\/projetoslayerup.com.br\/smeducacao\/wp-content\/uploads\/2022\/02\/ipOUyuqg.png 1200w, https:\/\/projetoslayerup.com.br\/smeducacao\/wp-content\/uploads\/2022\/02\/ipOUyuqg-300x209.png 300w, https:\/\/projetoslayerup.com.br\/smeducacao\/wp-content\/uploads\/2022\/02\/ipOUyuqg-1024x713.png 1024w, https:\/\/projetoslayerup.com.br\/smeducacao\/wp-content\/uploads\/2022\/02\/ipOUyuqg-768x535.png 768w\" sizes=\"auto, (max-width: 1200px) 100vw, 1200px\" \/><\/figure>\n<\/div>\n\n<div class=\"wp-block-image\">\n<figure class=\"aligncenter size-full\"><img loading=\"lazy\" decoding=\"async\" width=\"1200\" height=\"836\" src=\"https:\/\/projetoslayerup.com.br\/smeducacao\/wp-content\/uploads\/2022\/02\/3PZk-GEQ.png\" alt=\"Tabelas apresentando a categoria 2 do Objeto 1 - Obras did\u00e1ticas por componente ou especialidade do PNLD 2023. \" class=\"wp-image-5318\" srcset=\"https:\/\/projetoslayerup.com.br\/smeducacao\/wp-content\/uploads\/2022\/02\/3PZk-GEQ.png 1200w, https:\/\/projetoslayerup.com.br\/smeducacao\/wp-content\/uploads\/2022\/02\/3PZk-GEQ-300x209.png 300w, https:\/\/projetoslayerup.com.br\/smeducacao\/wp-content\/uploads\/2022\/02\/3PZk-GEQ-1024x713.png 1024w, https:\/\/projetoslayerup.com.br\/smeducacao\/wp-content\/uploads\/2022\/02\/3PZk-GEQ-768x535.png 768w\" sizes=\"auto, (max-width: 1200px) 100vw, 1200px\" \/><\/figure>\n<\/div>\n\n\n<h4 class=\"wp-block-heading\" id=\"categoria-area\">Categoria: \u00e1rea<\/h4>\n\n\n\n<p class=\"wp-block-paragraph\">Na categoria <strong>por \u00e1rea<\/strong>, ser\u00e3o consideradas obras de<strong> <\/strong>L\u00edngua Portuguesa, Arte e Educa\u00e7\u00e3o F\u00edsica, Matem\u00e1tica, Ci\u00eancias da Natureza e Ci\u00eancias Humanas.<\/p>\n\n\n\n<h4 class=\"wp-block-heading\" id=\"divisao-distribuicao\">Divis\u00e3o\/Distribui\u00e7\u00e3o<\/h4>\n\n\n\n<p class=\"wp-block-paragraph\"><strong>Para o aluno<\/strong>, s\u00e3o destinados cinco<strong> <\/strong>volumes por \u00e1rea do livro do estudante, em vers\u00e3o <strong>impressa<\/strong> e <strong>digital<\/strong>.<\/p>\n\n\n\n<p class=\"wp-block-paragraph\">J\u00e1 <strong>para o professor, <\/strong>ser\u00e1 direcionado o manual do educador, <strong>impresso<\/strong> e <strong>digital<\/strong>, com cinco volumes cada, exceto Arte e Educa\u00e7\u00e3o F\u00edsica, que acompanham dois volumes adicionais de Educa\u00e7\u00e3o F\u00edsica.<\/p>\n\n\n\n<h4 class=\"wp-block-heading\" id=\"categoria-componente-ou-especialidade\">Categoria: componente ou especialidade<\/h4>\n\n\n\n<p class=\"wp-block-paragraph\">Na categoria <strong>por componente ou especialidade<\/strong>, ser\u00e3o consideradas as obras de Arte, Educa\u00e7\u00e3o F\u00edsica, Geografia, Hist\u00f3ria e projetos integradores.<\/p>\n\n\n\n<h4 class=\"wp-block-heading\" id=\"divisao-distribuicao\">Divis\u00e3o\/Distribui\u00e7\u00e3o<\/h4>\n\n\n\n<p class=\"wp-block-paragraph\">Nessa categoria, s\u00e3o destinados <strong>ao estudante<\/strong> cinco volumes do material <strong>impresso<\/strong> e <strong>digital<\/strong> de Arte, Geografia e Hist\u00f3ria, al\u00e9m de dois volumes de projetos integradores, para alunos do 4\u00b0 e 5\u00b0 ano. <strong>&nbsp;<\/strong><\/p>\n\n\n\n<p class=\"wp-block-paragraph\"><strong>Para o professor, <\/strong>a categoria atribui o manual do professor <strong>impresso<\/strong> e <strong>digital<\/strong> com cinco volumes de Arte, Geografia e Hist\u00f3ria, al\u00e9m de dois de projetos integradores e dois volumes de Educa\u00e7\u00e3o F\u00edsica.<\/p>\n\n\n\n<h3 class=\"wp-block-heading\" id=\"objeto-2\"><br>Objeto 2&nbsp;<\/h3>\n\n\n\n<p class=\"wp-block-paragraph\"><strong>No Objeto 2<\/strong>, em 2023, cada obra de pr\u00e1ticas e acompanhamento da aprendizagem poder\u00e1 ser escolhida sob uma das seguintes categorias:<strong> categoria 1<\/strong>, como<strong> <\/strong>obra por \u00e1rea, ou na <strong>categoria 2<\/strong>, como obra por componente ou especialidade.<\/p>\n\n\n<div class=\"wp-block-image\">\n<figure class=\"aligncenter size-large\"><img loading=\"lazy\" decoding=\"async\" width=\"1024\" height=\"713\" src=\"https:\/\/projetoslayerup.com.br\/smeducacao\/wp-content\/uploads\/2022\/02\/CZ9AKrdg-1-1024x713.png\" alt=\"Tabelas apresentando a categoria 1 do Objeto 2 - Obras did\u00e1ticas por \u00e1rea do PNLD 2023. \" class=\"wp-image-5331\" srcset=\"https:\/\/projetoslayerup.com.br\/smeducacao\/wp-content\/uploads\/2022\/02\/CZ9AKrdg-1-1024x713.png 1024w, https:\/\/projetoslayerup.com.br\/smeducacao\/wp-content\/uploads\/2022\/02\/CZ9AKrdg-1-300x209.png 300w, https:\/\/projetoslayerup.com.br\/smeducacao\/wp-content\/uploads\/2022\/02\/CZ9AKrdg-1-768x535.png 768w, https:\/\/projetoslayerup.com.br\/smeducacao\/wp-content\/uploads\/2022\/02\/CZ9AKrdg-1.png 1200w\" sizes=\"auto, (max-width: 1024px) 100vw, 1024px\" \/><\/figure>\n<\/div>\n\n<div class=\"wp-block-image\">\n<figure class=\"aligncenter size-large\"><img loading=\"lazy\" decoding=\"async\" width=\"1024\" height=\"713\" src=\"https:\/\/projetoslayerup.com.br\/smeducacao\/wp-content\/uploads\/2022\/02\/QoWDpdxA-1-1024x713.png\" alt=\"Tabelas apresentando a categoria 2 do Objeto 2 - Obras did\u00e1ticas por componente ou especialidade do PNLD 2023. \" class=\"wp-image-5332\" srcset=\"https:\/\/projetoslayerup.com.br\/smeducacao\/wp-content\/uploads\/2022\/02\/QoWDpdxA-1-1024x713.png 1024w, https:\/\/projetoslayerup.com.br\/smeducacao\/wp-content\/uploads\/2022\/02\/QoWDpdxA-1-300x209.png 300w, https:\/\/projetoslayerup.com.br\/smeducacao\/wp-content\/uploads\/2022\/02\/QoWDpdxA-1-768x535.png 768w, https:\/\/projetoslayerup.com.br\/smeducacao\/wp-content\/uploads\/2022\/02\/QoWDpdxA-1.png 1200w\" sizes=\"auto, (max-width: 1024px) 100vw, 1024px\" \/><\/figure>\n<\/div>\n\n\n<h4 class=\"wp-block-heading\" id=\"categoria-area-1\">Categoria: \u00e1rea<\/h4>\n\n\n\n<p class=\"wp-block-paragraph\">Na categoria 1, <strong>por \u00e1rea<\/strong>, ser\u00e3o consideradas obras de L\u00edngua Portuguesa, Matem\u00e1tica, Ci\u00eancias da Natureza e Ci\u00eancias Humanas<\/p>\n\n\n\n<h4 class=\"wp-block-heading\" id=\"divisao-distribuicao-1\">Divis\u00e3o\/Distribui\u00e7\u00e3o<\/h4>\n\n\n\n<p class=\"wp-block-paragraph\"><strong>Para o estudante<\/strong>, na categoria por \u00e1rea s\u00e3o destinados aos alunos cinco volumes de pr\u00e1ticas e acompanhamento da aprendizagem de L\u00edngua Portuguesa e Matem\u00e1tica, mais dois volumes de Ci\u00eancias da Natureza e Ci\u00eancias Humanas para 4\u00ba e 5\u00ba apenas no formato impresso.<\/p>\n\n\n\n<p class=\"wp-block-paragraph\">J\u00e1 para<strong> o professor<\/strong>, a escolha por \u00e1rea atribui cinco volumes de manuais de pr\u00e1ticas e acompanhamento da aprendizagem de L\u00edngua Portuguesa e Matem\u00e1tica em <strong>formato PDF<\/strong>.<\/p>\n\n\n\n<p class=\"wp-block-paragraph\">Al\u00e9m disso, disp\u00f5e de dois volumes de manuais de pr\u00e1ticas e acompanhamento da aprendizagem de Ci\u00eancias da Natureza e Ci\u00eancias Humanas, tamb\u00e9m <strong>em<\/strong> <strong>PDF<\/strong>.<\/p>\n\n\n\n<h4 class=\"wp-block-heading\" id=\"categoria-componente-ou-especialidade-1\"><br>Categoria: componente ou especialidade<\/h4>\n\n\n\n<p class=\"wp-block-paragraph\">Na categoria 2, por<strong> componente ou especialidade<\/strong>, o professor pode escolher <strong>Arte, Geografia e Hist\u00f3ria<\/strong>.<\/p>\n\n\n\n<h4 class=\"wp-block-heading\" id=\"divisao-distribuicao-1\"><br>Divis\u00e3o\/Distribui\u00e7\u00e3o<\/h4>\n\n\n\n<p class=\"wp-block-paragraph\">Aqui, s\u00e3o destinados<strong> ao aluno <\/strong>cinco volumes por \u00e1rea do livro do estudante \u201cpr\u00e1ticas e acompanhamento da aprendizagem\u201d de Arte, no formato <strong>impresso<\/strong>, al\u00e9m de dois volumes por \u00e1rea do livro de Geografia e Hist\u00f3ria (do 4\u00ba e 5\u00ba ano), no mesmo formato.<\/p>\n\n\n\n<p class=\"wp-block-paragraph\"><strong>Para o professor, <\/strong>a escolha do material por componente&nbsp; ou especialidade atribui<strong> <\/strong>cinco volumes de manuais de \u201cpr\u00e1ticas e acompanhamento da aprendizagem\u201d de Arte em <strong>PDF<\/strong>, mais dois volumes de Geografia e Hist\u00f3ria.<\/p>\n\n\n\n<h3 class=\"wp-block-heading\" id=\"objeto-3\">Objeto 3<\/h3>\n\n\n\n<p class=\"wp-block-paragraph\">Para o <strong>Objeto 3 &#8211; obras liter\u00e1rias<\/strong>, a escolha poder\u00e1 ser feita nas seguintes categorias: <strong>categoria 1<\/strong>, com obras liter\u00e1rias do 1\u00ba ao 3\u00ba ano do Ensino Fundamental, ou na <strong>categoria 2<\/strong>, com obras liter\u00e1rias do 4\u00ba e 5\u00ba ano do Ensino Fundamental.<\/p>\n\n\n<div class=\"wp-block-image\">\n<figure class=\"aligncenter size-large\"><img loading=\"lazy\" decoding=\"async\" width=\"1024\" height=\"713\" src=\"https:\/\/projetoslayerup.com.br\/smeducacao\/wp-content\/uploads\/2022\/02\/vrbmNZHQ-1024x713.png\" alt=\"Tabelas apresentando a categoria 1 do Objeto 3 - Obras liter\u00e1rias do 1 ao 3 ano.\" class=\"wp-image-5321\" srcset=\"https:\/\/projetoslayerup.com.br\/smeducacao\/wp-content\/uploads\/2022\/02\/vrbmNZHQ-1024x713.png 1024w, https:\/\/projetoslayerup.com.br\/smeducacao\/wp-content\/uploads\/2022\/02\/vrbmNZHQ-300x209.png 300w, https:\/\/projetoslayerup.com.br\/smeducacao\/wp-content\/uploads\/2022\/02\/vrbmNZHQ-768x535.png 768w, https:\/\/projetoslayerup.com.br\/smeducacao\/wp-content\/uploads\/2022\/02\/vrbmNZHQ.png 1200w\" sizes=\"auto, (max-width: 1024px) 100vw, 1024px\" \/><\/figure>\n<\/div>\n\n\n<h4 class=\"wp-block-heading\" id=\"divisao-distribuicao-2\">Divis\u00e3o\/Distribui\u00e7\u00e3o<\/h4>\n\n\n\n<p class=\"wp-block-paragraph\"><strong>Para o estudante<\/strong>, o Objeto 3 destina um<strong> <\/strong>livro liter\u00e1rio <strong>impresso<\/strong> e <strong>digital<\/strong>, al\u00e9m de um videotutorial voltado para suas necessidades.<\/p>\n\n\n\n<p class=\"wp-block-paragraph\">J\u00e1 <strong>para o professor<\/strong>, um<strong> <\/strong>livro liter\u00e1rio <strong>impresso<\/strong> e <strong>digital<\/strong>, um material <strong>digital<\/strong> de apoio \u00e0 pr\u00e1tica do educador, al\u00e9m de um v\u00eddeo tutorial voltado \u00e0s suas atividades.<\/p>\n\n\n\n<h3 class=\"wp-block-heading\" id=\"objeto-4\">Objeto 4<\/h3>\n\n\n\n<p class=\"wp-block-paragraph\">Por fim, o<strong> Objeto 4<\/strong> do PNLD 2023 \u00e9 o de obras pedag\u00f3gicas destinadas a professores e gestores e recursos educacionais digitais destinados aos professores, e est\u00e1 classificado em duas categorias: <strong>categoria 1<\/strong>, como obra pedag\u00f3gica, ou a <strong>categoria 2<\/strong>,<strong> <\/strong>como<strong> <\/strong>recursos educacionais digitais.<\/p>\n\n\n<div class=\"wp-block-image\">\n<figure class=\"aligncenter size-large\"><img loading=\"lazy\" decoding=\"async\" width=\"1024\" height=\"632\" src=\"https:\/\/projetoslayerup.com.br\/smeducacao\/wp-content\/uploads\/2022\/02\/lOUFRnBg-1024x632.png\" alt=\"Tabelas apresentando a categoria 1 do Objeto 4 - Obras pedag\u00f3gicas destinada aos Professores e Gestores do 1 ao 5 ano.\" class=\"wp-image-5322\" srcset=\"https:\/\/projetoslayerup.com.br\/smeducacao\/wp-content\/uploads\/2022\/02\/lOUFRnBg-1024x632.png 1024w, https:\/\/projetoslayerup.com.br\/smeducacao\/wp-content\/uploads\/2022\/02\/lOUFRnBg-300x185.png 300w, https:\/\/projetoslayerup.com.br\/smeducacao\/wp-content\/uploads\/2022\/02\/lOUFRnBg-768x474.png 768w, https:\/\/projetoslayerup.com.br\/smeducacao\/wp-content\/uploads\/2022\/02\/lOUFRnBg.png 1200w\" sizes=\"auto, (max-width: 1024px) 100vw, 1024px\" \/><\/figure>\n<\/div>\n\n<div class=\"wp-block-image\">\n<figure class=\"aligncenter size-large\"><img loading=\"lazy\" decoding=\"async\" width=\"1024\" height=\"656\" src=\"https:\/\/projetoslayerup.com.br\/smeducacao\/wp-content\/uploads\/2022\/02\/U9wkwkww-1024x656.png\" alt=\"Tabelas apresentando a categoria 2 do Objeto 4 - Recursos educacionais digitais por \u00e1rea.\" class=\"wp-image-5323\" srcset=\"https:\/\/projetoslayerup.com.br\/smeducacao\/wp-content\/uploads\/2022\/02\/U9wkwkww-1024x656.png 1024w, https:\/\/projetoslayerup.com.br\/smeducacao\/wp-content\/uploads\/2022\/02\/U9wkwkww-300x192.png 300w, https:\/\/projetoslayerup.com.br\/smeducacao\/wp-content\/uploads\/2022\/02\/U9wkwkww-768x492.png 768w, https:\/\/projetoslayerup.com.br\/smeducacao\/wp-content\/uploads\/2022\/02\/U9wkwkww.png 1200w\" sizes=\"auto, (max-width: 1024px) 100vw, 1024px\" \/><\/figure>\n<\/div>\n\n\n<h4 class=\"wp-block-heading\" id=\"categoria-obra-pedagogica\">Categoria: obra pedag\u00f3gica<\/h4>\n\n\n\n<p class=\"wp-block-paragraph\">Cada obra pedag\u00f3gica da categoria 1 destinada aos professores e gestores dever\u00e1 apoiar os profissionais na <strong>constru\u00e7\u00e3o e aplica\u00e7\u00e3o de procedimentos de avalia\u00e7\u00e3o<\/strong> diagn\u00f3stica, formativa, de processo ou de resultado que levem em conta os contextos e as condi\u00e7\u00f5es de aprendizagem.&nbsp;<\/p>\n\n\n\n<p class=\"wp-block-paragraph\">Isso deve ser feito tomando tais registros como refer\u00eancia para <strong>melhorar o desempenho da escola<\/strong>, <strong>dos professores e dos alunos<\/strong>, contemplando avalia\u00e7\u00f5es para acompanhamento da aprendizagem, e avalia\u00e7\u00f5es educacionais nacionais e internacionais.<\/p>\n\n\n\n<h4 class=\"wp-block-heading\" id=\"divisao-distribuicao-3\">Divis\u00e3o\/Distribui\u00e7\u00e3o<\/h4>\n\n\n\n<p class=\"wp-block-paragraph\"><strong>O professor<\/strong> recebe um livro do educador <strong>impresso<\/strong>, al\u00e9m de uma<strong> <\/strong>vers\u00e3o <strong>digital<\/strong> do mesmo material em PDF e um videotutorial que apresenta a organiza\u00e7\u00e3o e proposta do material.<\/p>\n\n\n\n<p class=\"wp-block-paragraph\"><strong>J\u00e1 para o gestor, <\/strong>um livro do gestor <strong>impresso <\/strong>e um digital, em PDF, al\u00e9m de um videotutorial que apresenta e orienta o melhor uso do livro.<\/p>\n\n\n\n<h4 class=\"wp-block-heading\" id=\"categoria-recursos-educacionais-digitais-por-area\">Categoria: recursos educacionais digitais por \u00e1rea&nbsp;<\/h4>\n\n\n\n<p class=\"wp-block-paragraph\">A categoria 2, <strong>recursos educacionais digitais por \u00e1rea<\/strong>, \u00e9 composta por L\u00edngua Portuguesa, Arte e Educa\u00e7\u00e3o F\u00edsica, Matem\u00e1tica, Ci\u00eancias da Natureza e Ci\u00eancias Humanas.<\/p>\n\n\n\n<p class=\"wp-block-paragraph\">Os professores recebem um videotutorial (exceto para Educa\u00e7\u00e3o F\u00edsica), um material digital em formato PDF, em cinco volumes, um para cada ano (exceto para Educa\u00e7\u00e3o F\u00edsica, que apresenta conte\u00fados dos cinco anos letivos em um \u00fanico volume).&nbsp;<\/p>\n\n\n\n<p class=\"wp-block-paragraph\">Nessa categoria tamb\u00e9m s\u00e3o apresentados cinco conjuntos de audiovisuais para serem usados com os alunos, um conjunto para cada ano letivo dos anos iniciais.<br><\/p>\n\n\n\n<h2 class=\"wp-block-heading\" id=\"a-sm-educacao-estara-pronta-para-oferecer-os-melhores-materiais-no-pnld-2023\">A SM Educa\u00e7\u00e3o estar\u00e1 pronta para oferecer os melhores materiais no PNLD 2023&nbsp;<\/h2>\n\n\n\n<p class=\"wp-block-paragraph\"><br>Assim como acontece todos os anos, a <a href=\"https:\/\/projetoslayerup.com.br\/smeducacao\/solucoes-sm-educacao\/\">SM Educa\u00e7\u00e3o<\/a> estar\u00e1 presente em mais uma edi\u00e7\u00e3o do PNLD, sempre oferecendo <strong>materiais qualificados<\/strong>, <strong>adequados <\/strong>e apoiados por um trabalho que comprovadamente traz <strong>resultados<\/strong>, j\u00e1 que s\u00e3o produzidos com base na expertise de quem \u00e9 refer\u00eancia.<\/p>\n\n\n\n<p class=\"wp-block-paragraph\">Mais do que isso, estaremos lado a lado com a sua escola para oferecer apoio e orienta\u00e7\u00e3o em todas as etapas do Programa, com conte\u00fados indispens\u00e1veis para quem busca fazer a melhor escolha de materiais.<\/p>\n\n\n\n<p class=\"wp-block-paragraph\">Ent\u00e3o, continue acompanhando nossas publica\u00e7\u00f5es e conte com nossa equipe especializada para tirar todas as d\u00favidas.&nbsp;<\/p>\n\n\n\n<p class=\"wp-block-paragraph\"><strong>No PNLD 2023, escolha SM Educa\u00e7\u00e3o, porque juntos cuidamos da educa\u00e7\u00e3o!<\/strong><\/p>\n\n\n\n<p class=\"wp-block-paragraph\"><\/p>\n\n\n\n<p class=\"wp-block-paragraph\"><\/p>\n\n\n\n<p class=\"wp-block-paragraph\"><\/p>\n\n\n\n<p class=\"has-vivid-red-color has-text-color wp-block-paragraph\"><strong>Nos anos iniciais, contar com o apoio da SM Educa\u00e7\u00e3o \u00e9 a melhor op\u00e7\u00e3o<\/strong><\/p>\n\n\n\n<p class=\"wp-block-paragraph\">A melhor forma de acompanhar as mudan\u00e7as no Ensino Fundamental est\u00e1 aqui!<\/p>\n\n\n\n<p class=\"wp-block-paragraph\"><a href=\"https:\/\/materiais.smbrasil.com.br\/ensino-fundamental-anos-iniciais-conteudos-sm-educacao\" target=\"_blank\" rel=\"noreferrer noopener\">Conhe\u00e7a nossa Central de Conte\u00fado | Anos Iniciais<\/a><\/p>\n","protected":false},"excerpt":{"rendered":"<p>Com o in\u00edcio de um novo ano letivo, tamb\u00e9m entra no radar das escolas p\u00fablicas o Programa Nacional do Livro Did\u00e1tico (PNLD). Como de costume, a SM Educa\u00e7\u00e3o inicia essa jornada com um conte\u00fado repleto de informa\u00e7\u00f5es importantes para que voc\u00ea fique por dentro de tudo sobre o assunto. Ent\u00e3o, chegou a hora de conhecer [&hellip;]<\/p>\n","protected":false},"author":2,"featured_media":5324,"comment_status":"open","ping_status":"open","sticky":false,"template":"","format":"standard","meta":{"_acf_changed":false,"footnotes":""},"categories":[4,19,5],"tags":[90,91,61,37,92,6,93],"blog_nivel_escolar":[],"blog_segmento_escolar":[],"class_list":["post-5313","post","type-post","status-publish","format-standard","has-post-thumbnail","hentry","category-dicas-professor","category-gestao-e-coordenacao","category-pnld","tag-90","tag-anos-iniciais","tag-educacao","tag-ensino-fundamental","tag-escolha","tag-pnld","tag-sm-educacao"],"acf":[],"yoast_head":"<!-- This site is optimized with the Yoast SEO plugin v28.3 - https:\/\/yoast.com\/product\/yoast-seo-wordpress\/ -->\n<title>PNLD 2023: como funciona e recomenda\u00e7\u00f5es para os Anos Iniciais do EF<\/title>\n<meta name=\"description\" content=\"PNLD 2023 ser\u00e1 destinado aos anos iniciais do Ensino Fundamental. Para apoiar nessa jornada, a SM Educa\u00e7\u00e3o traz informa\u00e7\u00f5es sobre o Programa.\" \/>\n<meta name=\"robots\" content=\"noindex, follow, max-snippet:-1, max-image-preview:large, max-video-preview:-1\" \/>\n<meta property=\"og:locale\" content=\"pt_BR\" \/>\n<meta property=\"og:type\" content=\"article\" \/>\n<meta property=\"og:title\" content=\"PNLD 2023: como funciona e recomenda\u00e7\u00f5es para os Anos Iniciais do EF\" \/>\n<meta property=\"og:description\" content=\"PNLD 2023 ser\u00e1 destinado aos anos iniciais do Ensino Fundamental. Para apoiar nessa jornada, a SM Educa\u00e7\u00e3o traz informa\u00e7\u00f5es sobre o Programa.\" \/>\n<meta property=\"og:url\" content=\"https:\/\/projetoslayerup.com.br\/smeducacao\/pnld-2023-anos-iniciais-ensino-fundamental-como-funciona\/\" \/>\n<meta property=\"og:site_name\" content=\"SM Educa\u00e7\u00e3o - Juntos cuidamos da educa\u00e7\u00e3o!\" \/>\n<meta property=\"article:published_time\" content=\"2022-02-01T20:42:43+00:00\" \/>\n<meta property=\"og:image\" content=\"https:\/\/projetoslayerup.com.br\/smeducacao\/wp-content\/uploads\/2022\/02\/YQ0BR6vQ.png\" \/>\n\t<meta property=\"og:image:width\" content=\"961\" \/>\n\t<meta property=\"og:image:height\" content=\"361\" \/>\n\t<meta property=\"og:image:type\" content=\"image\/png\" \/>\n<meta name=\"author\" content=\"SM Educa\u00e7\u00e3o\" \/>\n<meta name=\"twitter:card\" content=\"summary_large_image\" \/>\n<meta name=\"twitter:label1\" content=\"Escrito por\" \/>\n\t<meta name=\"twitter:data1\" content=\"SM Educa\u00e7\u00e3o\" \/>\n\t<meta name=\"twitter:label2\" content=\"Est. tempo de leitura\" \/>\n\t<meta name=\"twitter:data2\" content=\"9 minutos\" \/>\n<script type=\"application\/ld+json\" class=\"yoast-schema-graph\">{\"@context\":\"https:\\\/\\\/schema.org\",\"@graph\":[{\"@type\":\"Article\",\"@id\":\"https:\\\/\\\/projetoslayerup.com.br\\\/smeducacao\\\/pnld-2023-anos-iniciais-ensino-fundamental-como-funciona\\\/#article\",\"isPartOf\":{\"@id\":\"https:\\\/\\\/projetoslayerup.com.br\\\/smeducacao\\\/pnld-2023-anos-iniciais-ensino-fundamental-como-funciona\\\/\"},\"author\":{\"name\":\"SM Educa\u00e7\u00e3o\",\"@id\":\"https:\\\/\\\/projetoslayerup.com.br\\\/smeducacao\\\/#\\\/schema\\\/person\\\/45d7d41388698d0f902ff276caab47f5\"},\"headline\":\"PNLD 2023: saiba como funciona e as recomenda\u00e7\u00f5es para os anos iniciais do Ensino Fundamental\ufffc\",\"datePublished\":\"2022-02-01T20:42:43+00:00\",\"mainEntityOfPage\":{\"@id\":\"https:\\\/\\\/projetoslayerup.com.br\\\/smeducacao\\\/pnld-2023-anos-iniciais-ensino-fundamental-como-funciona\\\/\"},\"wordCount\":1321,\"commentCount\":0,\"image\":{\"@id\":\"https:\\\/\\\/projetoslayerup.com.br\\\/smeducacao\\\/pnld-2023-anos-iniciais-ensino-fundamental-como-funciona\\\/#primaryimage\"},\"thumbnailUrl\":\"https:\\\/\\\/projetoslayerup.com.br\\\/smeducacao\\\/wp-content\\\/uploads\\\/2022\\\/02\\\/YQ0BR6vQ.png\",\"keywords\":[\"2023\",\"anos iniciais\",\"educa\u00e7\u00e3o\",\"ensino fundamental\",\"escolha\",\"PNLD\",\"SM Educa\u00e7\u00e3o\"],\"articleSection\":[\"Dicas para professores\",\"Gest\u00e3o e coordena\u00e7\u00e3o\",\"PNLD\"],\"inLanguage\":\"pt-BR\",\"potentialAction\":[{\"@type\":\"CommentAction\",\"name\":\"Comment\",\"target\":[\"https:\\\/\\\/projetoslayerup.com.br\\\/smeducacao\\\/pnld-2023-anos-iniciais-ensino-fundamental-como-funciona\\\/#respond\"]}]},{\"@type\":\"WebPage\",\"@id\":\"https:\\\/\\\/projetoslayerup.com.br\\\/smeducacao\\\/pnld-2023-anos-iniciais-ensino-fundamental-como-funciona\\\/\",\"url\":\"https:\\\/\\\/projetoslayerup.com.br\\\/smeducacao\\\/pnld-2023-anos-iniciais-ensino-fundamental-como-funciona\\\/\",\"name\":\"PNLD 2023: como funciona e recomenda\u00e7\u00f5es para os Anos Iniciais do EF\",\"isPartOf\":{\"@id\":\"https:\\\/\\\/projetoslayerup.com.br\\\/smeducacao\\\/#website\"},\"primaryImageOfPage\":{\"@id\":\"https:\\\/\\\/projetoslayerup.com.br\\\/smeducacao\\\/pnld-2023-anos-iniciais-ensino-fundamental-como-funciona\\\/#primaryimage\"},\"image\":{\"@id\":\"https:\\\/\\\/projetoslayerup.com.br\\\/smeducacao\\\/pnld-2023-anos-iniciais-ensino-fundamental-como-funciona\\\/#primaryimage\"},\"thumbnailUrl\":\"https:\\\/\\\/projetoslayerup.com.br\\\/smeducacao\\\/wp-content\\\/uploads\\\/2022\\\/02\\\/YQ0BR6vQ.png\",\"datePublished\":\"2022-02-01T20:42:43+00:00\",\"author\":{\"@id\":\"https:\\\/\\\/projetoslayerup.com.br\\\/smeducacao\\\/#\\\/schema\\\/person\\\/45d7d41388698d0f902ff276caab47f5\"},\"description\":\"PNLD 2023 ser\u00e1 destinado aos anos iniciais do Ensino Fundamental. Para apoiar nessa jornada, a SM Educa\u00e7\u00e3o traz informa\u00e7\u00f5es sobre o Programa.\",\"breadcrumb\":{\"@id\":\"https:\\\/\\\/projetoslayerup.com.br\\\/smeducacao\\\/pnld-2023-anos-iniciais-ensino-fundamental-como-funciona\\\/#breadcrumb\"},\"inLanguage\":\"pt-BR\",\"potentialAction\":[{\"@type\":\"ReadAction\",\"target\":[\"https:\\\/\\\/projetoslayerup.com.br\\\/smeducacao\\\/pnld-2023-anos-iniciais-ensino-fundamental-como-funciona\\\/\"]}]},{\"@type\":\"ImageObject\",\"inLanguage\":\"pt-BR\",\"@id\":\"https:\\\/\\\/projetoslayerup.com.br\\\/smeducacao\\\/pnld-2023-anos-iniciais-ensino-fundamental-como-funciona\\\/#primaryimage\",\"url\":\"https:\\\/\\\/projetoslayerup.com.br\\\/smeducacao\\\/wp-content\\\/uploads\\\/2022\\\/02\\\/YQ0BR6vQ.png\",\"contentUrl\":\"https:\\\/\\\/projetoslayerup.com.br\\\/smeducacao\\\/wp-content\\\/uploads\\\/2022\\\/02\\\/YQ0BR6vQ.png\",\"width\":961,\"height\":361,\"caption\":\"PNLD 2023 Anos Iniciais Ensino Fundamental\"},{\"@type\":\"BreadcrumbList\",\"@id\":\"https:\\\/\\\/projetoslayerup.com.br\\\/smeducacao\\\/pnld-2023-anos-iniciais-ensino-fundamental-como-funciona\\\/#breadcrumb\",\"itemListElement\":[{\"@type\":\"ListItem\",\"position\":1,\"name\":\"In\u00edcio\",\"item\":\"https:\\\/\\\/projetoslayerup.com.br\\\/smeducacao\\\/\"},{\"@type\":\"ListItem\",\"position\":2,\"name\":\"PNLD 2023: saiba como funciona e as recomenda\u00e7\u00f5es para os anos iniciais do Ensino Fundamental\ufffc\"}]},{\"@type\":\"WebSite\",\"@id\":\"https:\\\/\\\/projetoslayerup.com.br\\\/smeducacao\\\/#website\",\"url\":\"https:\\\/\\\/projetoslayerup.com.br\\\/smeducacao\\\/\",\"name\":\"SM Educa\u00e7\u00e3o - Juntos cuidamos da educa\u00e7\u00e3o!\",\"description\":\"Transformamos a educa\u00e7\u00e3o por meio de solu\u00e7\u00f5es digitais, solu\u00e7\u00f5es did\u00e1ticas para uma aprendizagem personalizada e solu\u00e7\u00f5es estrat\u00e9gicas eficientes. Juntos cuidamos da Educa\u00e7\u00e3o!\",\"potentialAction\":[{\"@type\":\"SearchAction\",\"target\":{\"@type\":\"EntryPoint\",\"urlTemplate\":\"https:\\\/\\\/projetoslayerup.com.br\\\/smeducacao\\\/?s={search_term_string}\"},\"query-input\":{\"@type\":\"PropertyValueSpecification\",\"valueRequired\":true,\"valueName\":\"search_term_string\"}}],\"inLanguage\":\"pt-BR\"},{\"@type\":\"Person\",\"@id\":\"https:\\\/\\\/projetoslayerup.com.br\\\/smeducacao\\\/#\\\/schema\\\/person\\\/45d7d41388698d0f902ff276caab47f5\",\"name\":\"SM Educa\u00e7\u00e3o\",\"image\":{\"@type\":\"ImageObject\",\"inLanguage\":\"pt-BR\",\"@id\":\"https:\\\/\\\/secure.gravatar.com\\\/avatar\\\/24327468bc2a6fb95889620b4158620d90c5e352f7a18c30af0e3f8cb70bc104?s=96&d=mm&r=g\",\"url\":\"https:\\\/\\\/secure.gravatar.com\\\/avatar\\\/24327468bc2a6fb95889620b4158620d90c5e352f7a18c30af0e3f8cb70bc104?s=96&d=mm&r=g\",\"contentUrl\":\"https:\\\/\\\/secure.gravatar.com\\\/avatar\\\/24327468bc2a6fb95889620b4158620d90c5e352f7a18c30af0e3f8cb70bc104?s=96&d=mm&r=g\",\"caption\":\"SM Educa\u00e7\u00e3o\"},\"url\":\"https:\\\/\\\/projetoslayerup.com.br\\\/smeducacao\\\/author\\\/smeducacao2021\\\/\"}]}<\/script>\n<!-- \/ Yoast SEO plugin. -->","yoast_head_json":{"title":"PNLD 2023: como funciona e recomenda\u00e7\u00f5es para os Anos Iniciais do EF","description":"PNLD 2023 ser\u00e1 destinado aos anos iniciais do Ensino Fundamental. Para apoiar nessa jornada, a SM Educa\u00e7\u00e3o traz informa\u00e7\u00f5es sobre o Programa.","robots":{"index":"noindex","follow":"follow","max-snippet":"max-snippet:-1","max-image-preview":"max-image-preview:large","max-video-preview":"max-video-preview:-1"},"og_locale":"pt_BR","og_type":"article","og_title":"PNLD 2023: como funciona e recomenda\u00e7\u00f5es para os Anos Iniciais do EF","og_description":"PNLD 2023 ser\u00e1 destinado aos anos iniciais do Ensino Fundamental. Para apoiar nessa jornada, a SM Educa\u00e7\u00e3o traz informa\u00e7\u00f5es sobre o Programa.","og_url":"https:\/\/projetoslayerup.com.br\/smeducacao\/pnld-2023-anos-iniciais-ensino-fundamental-como-funciona\/","og_site_name":"SM Educa\u00e7\u00e3o - Juntos cuidamos da educa\u00e7\u00e3o!","article_published_time":"2022-02-01T20:42:43+00:00","og_image":[{"width":961,"height":361,"url":"https:\/\/projetoslayerup.com.br\/smeducacao\/wp-content\/uploads\/2022\/02\/YQ0BR6vQ.png","type":"image\/png"}],"author":"SM Educa\u00e7\u00e3o","twitter_card":"summary_large_image","twitter_misc":{"Escrito por":"SM Educa\u00e7\u00e3o","Est. tempo de leitura":"9 minutos"},"schema":{"@context":"https:\/\/schema.org","@graph":[{"@type":"Article","@id":"https:\/\/projetoslayerup.com.br\/smeducacao\/pnld-2023-anos-iniciais-ensino-fundamental-como-funciona\/#article","isPartOf":{"@id":"https:\/\/projetoslayerup.com.br\/smeducacao\/pnld-2023-anos-iniciais-ensino-fundamental-como-funciona\/"},"author":{"name":"SM Educa\u00e7\u00e3o","@id":"https:\/\/projetoslayerup.com.br\/smeducacao\/#\/schema\/person\/45d7d41388698d0f902ff276caab47f5"},"headline":"PNLD 2023: saiba como funciona e as recomenda\u00e7\u00f5es para os anos iniciais do Ensino Fundamental\ufffc","datePublished":"2022-02-01T20:42:43+00:00","mainEntityOfPage":{"@id":"https:\/\/projetoslayerup.com.br\/smeducacao\/pnld-2023-anos-iniciais-ensino-fundamental-como-funciona\/"},"wordCount":1321,"commentCount":0,"image":{"@id":"https:\/\/projetoslayerup.com.br\/smeducacao\/pnld-2023-anos-iniciais-ensino-fundamental-como-funciona\/#primaryimage"},"thumbnailUrl":"https:\/\/projetoslayerup.com.br\/smeducacao\/wp-content\/uploads\/2022\/02\/YQ0BR6vQ.png","keywords":["2023","anos iniciais","educa\u00e7\u00e3o","ensino fundamental","escolha","PNLD","SM Educa\u00e7\u00e3o"],"articleSection":["Dicas para professores","Gest\u00e3o e coordena\u00e7\u00e3o","PNLD"],"inLanguage":"pt-BR","potentialAction":[{"@type":"CommentAction","name":"Comment","target":["https:\/\/projetoslayerup.com.br\/smeducacao\/pnld-2023-anos-iniciais-ensino-fundamental-como-funciona\/#respond"]}]},{"@type":"WebPage","@id":"https:\/\/projetoslayerup.com.br\/smeducacao\/pnld-2023-anos-iniciais-ensino-fundamental-como-funciona\/","url":"https:\/\/projetoslayerup.com.br\/smeducacao\/pnld-2023-anos-iniciais-ensino-fundamental-como-funciona\/","name":"PNLD 2023: como funciona e recomenda\u00e7\u00f5es para os Anos Iniciais do EF","isPartOf":{"@id":"https:\/\/projetoslayerup.com.br\/smeducacao\/#website"},"primaryImageOfPage":{"@id":"https:\/\/projetoslayerup.com.br\/smeducacao\/pnld-2023-anos-iniciais-ensino-fundamental-como-funciona\/#primaryimage"},"image":{"@id":"https:\/\/projetoslayerup.com.br\/smeducacao\/pnld-2023-anos-iniciais-ensino-fundamental-como-funciona\/#primaryimage"},"thumbnailUrl":"https:\/\/projetoslayerup.com.br\/smeducacao\/wp-content\/uploads\/2022\/02\/YQ0BR6vQ.png","datePublished":"2022-02-01T20:42:43+00:00","author":{"@id":"https:\/\/projetoslayerup.com.br\/smeducacao\/#\/schema\/person\/45d7d41388698d0f902ff276caab47f5"},"description":"PNLD 2023 ser\u00e1 destinado aos anos iniciais do Ensino Fundamental. Para apoiar nessa jornada, a SM Educa\u00e7\u00e3o traz informa\u00e7\u00f5es sobre o Programa.","breadcrumb":{"@id":"https:\/\/projetoslayerup.com.br\/smeducacao\/pnld-2023-anos-iniciais-ensino-fundamental-como-funciona\/#breadcrumb"},"inLanguage":"pt-BR","potentialAction":[{"@type":"ReadAction","target":["https:\/\/projetoslayerup.com.br\/smeducacao\/pnld-2023-anos-iniciais-ensino-fundamental-como-funciona\/"]}]},{"@type":"ImageObject","inLanguage":"pt-BR","@id":"https:\/\/projetoslayerup.com.br\/smeducacao\/pnld-2023-anos-iniciais-ensino-fundamental-como-funciona\/#primaryimage","url":"https:\/\/projetoslayerup.com.br\/smeducacao\/wp-content\/uploads\/2022\/02\/YQ0BR6vQ.png","contentUrl":"https:\/\/projetoslayerup.com.br\/smeducacao\/wp-content\/uploads\/2022\/02\/YQ0BR6vQ.png","width":961,"height":361,"caption":"PNLD 2023 Anos Iniciais Ensino Fundamental"},{"@type":"BreadcrumbList","@id":"https:\/\/projetoslayerup.com.br\/smeducacao\/pnld-2023-anos-iniciais-ensino-fundamental-como-funciona\/#breadcrumb","itemListElement":[{"@type":"ListItem","position":1,"name":"In\u00edcio","item":"https:\/\/projetoslayerup.com.br\/smeducacao\/"},{"@type":"ListItem","position":2,"name":"PNLD 2023: saiba como funciona e as recomenda\u00e7\u00f5es para os anos iniciais do Ensino Fundamental\ufffc"}]},{"@type":"WebSite","@id":"https:\/\/projetoslayerup.com.br\/smeducacao\/#website","url":"https:\/\/projetoslayerup.com.br\/smeducacao\/","name":"SM Educa\u00e7\u00e3o - Juntos cuidamos da educa\u00e7\u00e3o!","description":"Transformamos a educa\u00e7\u00e3o por meio de solu\u00e7\u00f5es digitais, solu\u00e7\u00f5es did\u00e1ticas para uma aprendizagem personalizada e solu\u00e7\u00f5es estrat\u00e9gicas eficientes. Juntos cuidamos da Educa\u00e7\u00e3o!","potentialAction":[{"@type":"SearchAction","target":{"@type":"EntryPoint","urlTemplate":"https:\/\/projetoslayerup.com.br\/smeducacao\/?s={search_term_string}"},"query-input":{"@type":"PropertyValueSpecification","valueRequired":true,"valueName":"search_term_string"}}],"inLanguage":"pt-BR"},{"@type":"Person","@id":"https:\/\/projetoslayerup.com.br\/smeducacao\/#\/schema\/person\/45d7d41388698d0f902ff276caab47f5","name":"SM Educa\u00e7\u00e3o","image":{"@type":"ImageObject","inLanguage":"pt-BR","@id":"https:\/\/secure.gravatar.com\/avatar\/24327468bc2a6fb95889620b4158620d90c5e352f7a18c30af0e3f8cb70bc104?s=96&d=mm&r=g","url":"https:\/\/secure.gravatar.com\/avatar\/24327468bc2a6fb95889620b4158620d90c5e352f7a18c30af0e3f8cb70bc104?s=96&d=mm&r=g","contentUrl":"https:\/\/secure.gravatar.com\/avatar\/24327468bc2a6fb95889620b4158620d90c5e352f7a18c30af0e3f8cb70bc104?s=96&d=mm&r=g","caption":"SM Educa\u00e7\u00e3o"},"url":"https:\/\/projetoslayerup.com.br\/smeducacao\/author\/smeducacao2021\/"}]}},"_links":{"self":[{"href":"https:\/\/projetoslayerup.com.br\/smeducacao\/wp-json\/wp\/v2\/posts\/5313","targetHints":{"allow":["GET"]}}],"collection":[{"href":"https:\/\/projetoslayerup.com.br\/smeducacao\/wp-json\/wp\/v2\/posts"}],"about":[{"href":"https:\/\/projetoslayerup.com.br\/smeducacao\/wp-json\/wp\/v2\/types\/post"}],"author":[{"embeddable":true,"href":"https:\/\/projetoslayerup.com.br\/smeducacao\/wp-json\/wp\/v2\/users\/2"}],"replies":[{"embeddable":true,"href":"https:\/\/projetoslayerup.com.br\/smeducacao\/wp-json\/wp\/v2\/comments?post=5313"}],"version-history":[{"count":0,"href":"https:\/\/projetoslayerup.com.br\/smeducacao\/wp-json\/wp\/v2\/posts\/5313\/revisions"}],"wp:featuredmedia":[{"embeddable":true,"href":"https:\/\/projetoslayerup.com.br\/smeducacao\/wp-json\/wp\/v2\/media\/5324"}],"wp:attachment":[{"href":"https:\/\/projetoslayerup.com.br\/smeducacao\/wp-json\/wp\/v2\/media?parent=5313"}],"wp:term":[{"taxonomy":"category","embeddable":true,"href":"https:\/\/projetoslayerup.com.br\/smeducacao\/wp-json\/wp\/v2\/categories?post=5313"},{"taxonomy":"post_tag","embeddable":true,"href":"https:\/\/projetoslayerup.com.br\/smeducacao\/wp-json\/wp\/v2\/tags?post=5313"},{"taxonomy":"blog_nivel_escolar","embeddable":true,"href":"https:\/\/projetoslayerup.com.br\/smeducacao\/wp-json\/wp\/v2\/blog_nivel_escolar?post=5313"},{"taxonomy":"blog_segmento_escolar","embeddable":true,"href":"https:\/\/projetoslayerup.com.br\/smeducacao\/wp-json\/wp\/v2\/blog_segmento_escolar?post=5313"}],"curies":[{"name":"wp","href":"https:\/\/api.w.org\/{rel}","templated":true}]}}