{"id":552,"date":"2019-01-10T15:31:13","date_gmt":"2019-01-10T17:31:13","guid":{"rendered":"http:\/\/www.aeducacaonosmove.com.br\/?p=552"},"modified":"2019-01-10T15:31:13","modified_gmt":"2019-01-10T17:31:13","slug":"cuidados-para-evitar-o-uso-excessivo-de-tecnologia-por-criancas","status":"publish","type":"post","link":"https:\/\/projetoslayerup.com.br\/smeducacao\/cuidados-para-evitar-o-uso-excessivo-de-tecnologia-por-criancas\/","title":{"rendered":"Tecnologia na inf\u00e2ncia: cuidados para evitar o uso excessivo"},"content":{"rendered":"<p>Na era digital, \u00e9 muito comum que crian\u00e7as e adolescentes tenham sido expostos \u00e0 <strong>tecnologia na inf\u00e2ncia<\/strong>. A fam\u00edlia usa o celular, o computador e a televis\u00e3o constantemente de forma passiva, assistindo e lendo conte\u00fado, ou de forma ativa, interagindo com aplicativos diversos e se comunicando por textos, \u00e1udios e v\u00eddeos.<\/p>\n<p>Por isso, o primeiro impulso das crian\u00e7as \u00e9 imitar a fam\u00edlia, e \u00e0s vezes ficamos at\u00e9 surpresos com a rapidez com que os pequenos aprendem os gestos e comandos do celular. Apesar dos aspectos positivos da tecnologia na inf\u00e2ncia, precisamos estar atentos aos males do <strong>excesso de telas<\/strong> para a <strong>sa\u00fade e desenvolvimento<\/strong> f\u00edsico e social da crian\u00e7a, evitando que passem todo o seu tempo livre sozinhos com internet e games, perdendo momentos de conv\u00edvio social com fam\u00edlia e amigos.<\/p>\n<p>Evitar o acesso precoce e desmedido de telas \u00e9 importante para manter a diversidade de atividades e descobertas da inf\u00e2ncia e adolesc\u00eancia.<\/p>\n<p>Pensando nisso, a Sociedade Brasileira de Pediatria (SBP) <a href=\"http:\/\/www.sbp.com.br\/fileadmin\/user_upload\/publicacoes\/19166d-MOrient-Saude-Crian-e-Adolesc.pdf\">recomenda<\/a> que a exposi\u00e7\u00e3o \u00e0s telas e o uso de tecnologia sejam controlados pelos pais ou respons\u00e1veis, especialmente durante a primeira inf\u00e2ncia. As indica\u00e7\u00f5es de restri\u00e7\u00e3o de acesso aos dispositivos variam de acordo com idade, n\u00edveis de autonomia e desenvolvimento da crian\u00e7a.<\/p>\n<p><strong>INF\u00c2NCIA E ADOLESC\u00caNCIA: MENOS TELAS E MAIS DESCOBERTAS NO MUNDO<\/strong><\/p>\n<p>De acordo com a SBP, para crian\u00e7as de <strong>at\u00e9 2 anos de idade<\/strong> o recomendado \u00e9 evitar a exposi\u00e7\u00e3o \u00e0s telas de celulares, <em>tablets<\/em>\u00a0e televis\u00e3o durante as refei\u00e7\u00f5es e nas 2 horas que antecedem o hor\u00e1rio de dormir. As telas podem deixar os beb\u00eas agitados, prejudicando seu sono e alimenta\u00e7\u00e3o, e tirando o foco dos momentos essenciais de descoberta e explora\u00e7\u00e3o dos sentidos.<\/p>\n<p>Entre os <strong>2 e 5 anos<\/strong>, a crian\u00e7a passa a explorar o mundo de forma mais ativa e independente. Nessa fase, recomenda-se que a exposi\u00e7\u00e3o \u00e0s telas digitais seja de <strong>1 hora por dia<\/strong>, no m\u00e1ximo. Aten\u00e7\u00e3o para a presen\u00e7a de <strong>televis\u00e3o e computador no quarto<\/strong>: at\u00e9 os 10 anos de idade, o ideal \u00e9 que o espa\u00e7o de dormir da crian\u00e7a n\u00e3o tenha esses aparelhos.<\/p>\n<p>Para os <strong>adolescentes<\/strong>, caso tenham computador pr\u00f3prio, \u00e9 prejudicial permitir que passem muito tempo sozinhos no quarto, pois eles podem trocar horas de sono e descanso pela internet e videogames. Outro ponto importante \u00e9 o <strong>sedentarismo<\/strong> desencadeado pelo uso da tecnologia, que pode ser evitado com a pr\u00e1tica regular de <strong>atividade f\u00edsica<\/strong>.<\/p>\n<p><strong>DI\u00c1LOGO E SENSO CR\u00cdTICO S\u00c3O ESSENCIAIS<\/strong><\/p>\n<p>Outro fator importante a ser considerado no <a href=\"https:\/\/projetoslayerup.com.br\/smeducacao\/tecnologia-educacional\/\">uso de tecnologia<\/a> por crian\u00e7as \u00e9 o significado que elas extraem das mensagens e atividades na internet. Crian\u00e7as menores de <strong>6 anos<\/strong> precisam de supervis\u00e3o mais rigorosa com o teor dos conte\u00fados a que s\u00e3o expostas, pois ainda n\u00e3o desenvolveram seu <strong>senso cr\u00edtico<\/strong> de distin\u00e7\u00e3o entre fantasia e realidade, sendo facilmente influenciadas por mensagem e jogos que promovem a banaliza\u00e7\u00e3o da viol\u00eancia.<\/p>\n<p>Apesar de muitos aparelhos oferecerem o recurso de\u00a0<strong>controle parental<\/strong>, que permite que a fam\u00edlia bloqueie canais e sites indesejados, tamb\u00e9m \u00e9 necess\u00e1rio ter aten\u00e7\u00e3o com o que est\u00e3o acessando nas redes sociais, j\u00e1 que o conte\u00fado inadequado pode ser encaminhado atrav\u00e9s dessas m\u00eddias em grupos e perfis nocivos. Caso encontre hist\u00f3rico de conte\u00fado e mensagens inadequadas, o indicado \u00e9 que a fam\u00edlia mantenha um <strong>di\u00e1logo aberto<\/strong>, explicando que a internet \u00e9 um ambiente aberto e nem sempre confi\u00e1vel, e por isso \u00e9 preciso ter cautela com o que \u00e9 acessado e publicado.<\/p>\n<p>Di\u00e1logo receptivo, transmiss\u00e3o de valores, defini\u00e7\u00e3o de limites claros e justos e valoriza\u00e7\u00e3o das atividades <em>offline<\/em> em casa e na escola s\u00e3o boas maneiras de conscientizar crian\u00e7as e jovens para que utilizem tudo o que tecnologia pode oferecer sem prejudicar seu desenvolvimento f\u00edsico, mental e social.<\/p>\n<p>Fonte: <em>Manual de\u00a0Orienta\u00e7\u00e3o &#8211; Sa\u00fade de Crian\u00e7as e Adolescentes na Era Digital<\/em>. Dispon\u00edvel em http:\/\/www.sbp.com.br\/fileadmin\/user_upload\/publicacoes\/19166d-MOrient-Saude-Crian-e-Adolesc.pdf.<\/p>\n<div id=\"formulario-para-aplicacao-ao-final-dos-blogposts-382a210f79fd035353bb\" role=\"main\"><\/div>\n<p><script type=\"text\/javascript\" src=\"https:\/\/d335luupugsy2.cloudfront.net\/js\/rdstation-forms\/stable\/rdstation-forms.min.js\"><\/script><br \/>\n<script type=\"text\/javascript\"> new RDStationForms('formulario-para-aplicacao-ao-final-dos-blogposts-382a210f79fd035353bb', 'UA-12840758-1').createForm();<\/script><\/p>\n","protected":false},"excerpt":{"rendered":"<p>Na era digital, \u00e9 muito comum que crian\u00e7as e adolescentes tenham sido expostos \u00e0 tecnologia na inf\u00e2ncia. A fam\u00edlia usa o celular, o computador e a televis\u00e3o constantemente de forma passiva, assistindo e lendo conte\u00fado, ou de forma ativa, interagindo com aplicativos diversos e se comunicando por textos, \u00e1udios e v\u00eddeos. Por isso, o primeiro [&hellip;]<\/p>\n","protected":false},"author":2,"featured_media":558,"comment_status":"open","ping_status":"open","sticky":false,"template":"","format":"standard","meta":{"_acf_changed":false,"footnotes":""},"categories":[4,20,16],"tags":[30],"blog_nivel_escolar":[],"blog_segmento_escolar":[],"class_list":["post-552","post","type-post","status-publish","format-standard","has-post-thumbnail","hentry","category-dicas-professor","category-tecnologia","category-tendencias-educacao","tag-dicas"],"acf":[],"yoast_head":"<!-- This site is optimized with the Yoast SEO plugin v28.3 - https:\/\/yoast.com\/product\/yoast-seo-wordpress\/ -->\n<title>Tecnologia na inf\u00e2ncia: cuidados para evitar o uso excessivo - SM Educa\u00e7\u00e3o - Juntos cuidamos da educa\u00e7\u00e3o!<\/title>\n<meta name=\"description\" content=\"Apesar dos benef\u00edcios da tecnologia na inf\u00e2ncia, precisamos estar atentos aos males do excesso de telas para o desenvolvimento da crian\u00e7a.\" \/>\n<meta name=\"robots\" content=\"noindex, follow, max-snippet:-1, max-image-preview:large, max-video-preview:-1\" \/>\n<meta property=\"og:locale\" content=\"pt_BR\" \/>\n<meta property=\"og:type\" content=\"article\" \/>\n<meta property=\"og:title\" content=\"Tecnologia na inf\u00e2ncia: cuidados para evitar o uso excessivo - SM Educa\u00e7\u00e3o - Juntos cuidamos da educa\u00e7\u00e3o!\" \/>\n<meta property=\"og:description\" content=\"Apesar dos benef\u00edcios da tecnologia na inf\u00e2ncia, precisamos estar atentos aos males do excesso de telas para o desenvolvimento da crian\u00e7a.\" \/>\n<meta property=\"og:url\" content=\"https:\/\/projetoslayerup.com.br\/smeducacao\/cuidados-para-evitar-o-uso-excessivo-de-tecnologia-por-criancas\/\" \/>\n<meta property=\"og:site_name\" content=\"SM Educa\u00e7\u00e3o - Juntos cuidamos da educa\u00e7\u00e3o!\" \/>\n<meta property=\"article:published_time\" content=\"2019-01-10T17:31:13+00:00\" \/>\n<meta property=\"og:image\" content=\"https:\/\/projetoslayerup.com.br\/smeducacao\/wp-content\/uploads\/2019\/01\/iStock-871641228.jpg\" \/>\n\t<meta property=\"og:image:width\" content=\"1254\" \/>\n\t<meta property=\"og:image:height\" content=\"836\" \/>\n\t<meta property=\"og:image:type\" content=\"image\/jpeg\" \/>\n<meta name=\"author\" content=\"SM Educa\u00e7\u00e3o\" \/>\n<meta name=\"twitter:card\" content=\"summary_large_image\" \/>\n<meta name=\"twitter:label1\" content=\"Escrito por\" \/>\n\t<meta name=\"twitter:data1\" content=\"SM Educa\u00e7\u00e3o\" \/>\n\t<meta name=\"twitter:label2\" content=\"Est. tempo de leitura\" \/>\n\t<meta name=\"twitter:data2\" content=\"3 minutos\" \/>\n<script type=\"application\/ld+json\" class=\"yoast-schema-graph\">{\"@context\":\"https:\\\/\\\/schema.org\",\"@graph\":[{\"@type\":\"Article\",\"@id\":\"https:\\\/\\\/projetoslayerup.com.br\\\/smeducacao\\\/cuidados-para-evitar-o-uso-excessivo-de-tecnologia-por-criancas\\\/#article\",\"isPartOf\":{\"@id\":\"https:\\\/\\\/projetoslayerup.com.br\\\/smeducacao\\\/cuidados-para-evitar-o-uso-excessivo-de-tecnologia-por-criancas\\\/\"},\"author\":{\"name\":\"SM Educa\u00e7\u00e3o\",\"@id\":\"https:\\\/\\\/projetoslayerup.com.br\\\/smeducacao\\\/#\\\/schema\\\/person\\\/45d7d41388698d0f902ff276caab47f5\"},\"headline\":\"Tecnologia na inf\u00e2ncia: cuidados para evitar o uso excessivo\",\"datePublished\":\"2019-01-10T17:31:13+00:00\",\"mainEntityOfPage\":{\"@id\":\"https:\\\/\\\/projetoslayerup.com.br\\\/smeducacao\\\/cuidados-para-evitar-o-uso-excessivo-de-tecnologia-por-criancas\\\/\"},\"wordCount\":706,\"commentCount\":1,\"image\":{\"@id\":\"https:\\\/\\\/projetoslayerup.com.br\\\/smeducacao\\\/cuidados-para-evitar-o-uso-excessivo-de-tecnologia-por-criancas\\\/#primaryimage\"},\"thumbnailUrl\":\"https:\\\/\\\/projetoslayerup.com.br\\\/smeducacao\\\/wp-content\\\/uploads\\\/2019\\\/01\\\/iStock-871641228.jpg\",\"keywords\":[\"dicas\"],\"articleSection\":[\"Dicas para professores\",\"Tecnologia\",\"Tend\u00eancias na educa\u00e7\u00e3o\"],\"inLanguage\":\"pt-BR\",\"potentialAction\":[{\"@type\":\"CommentAction\",\"name\":\"Comment\",\"target\":[\"https:\\\/\\\/projetoslayerup.com.br\\\/smeducacao\\\/cuidados-para-evitar-o-uso-excessivo-de-tecnologia-por-criancas\\\/#respond\"]}]},{\"@type\":\"WebPage\",\"@id\":\"https:\\\/\\\/projetoslayerup.com.br\\\/smeducacao\\\/cuidados-para-evitar-o-uso-excessivo-de-tecnologia-por-criancas\\\/\",\"url\":\"https:\\\/\\\/projetoslayerup.com.br\\\/smeducacao\\\/cuidados-para-evitar-o-uso-excessivo-de-tecnologia-por-criancas\\\/\",\"name\":\"Tecnologia na inf\u00e2ncia: cuidados para evitar o uso excessivo - SM Educa\u00e7\u00e3o - Juntos cuidamos da educa\u00e7\u00e3o!\",\"isPartOf\":{\"@id\":\"https:\\\/\\\/projetoslayerup.com.br\\\/smeducacao\\\/#website\"},\"primaryImageOfPage\":{\"@id\":\"https:\\\/\\\/projetoslayerup.com.br\\\/smeducacao\\\/cuidados-para-evitar-o-uso-excessivo-de-tecnologia-por-criancas\\\/#primaryimage\"},\"image\":{\"@id\":\"https:\\\/\\\/projetoslayerup.com.br\\\/smeducacao\\\/cuidados-para-evitar-o-uso-excessivo-de-tecnologia-por-criancas\\\/#primaryimage\"},\"thumbnailUrl\":\"https:\\\/\\\/projetoslayerup.com.br\\\/smeducacao\\\/wp-content\\\/uploads\\\/2019\\\/01\\\/iStock-871641228.jpg\",\"datePublished\":\"2019-01-10T17:31:13+00:00\",\"author\":{\"@id\":\"https:\\\/\\\/projetoslayerup.com.br\\\/smeducacao\\\/#\\\/schema\\\/person\\\/45d7d41388698d0f902ff276caab47f5\"},\"description\":\"Apesar dos benef\u00edcios da tecnologia na inf\u00e2ncia, precisamos estar atentos aos males do excesso de telas para o desenvolvimento da crian\u00e7a.\",\"breadcrumb\":{\"@id\":\"https:\\\/\\\/projetoslayerup.com.br\\\/smeducacao\\\/cuidados-para-evitar-o-uso-excessivo-de-tecnologia-por-criancas\\\/#breadcrumb\"},\"inLanguage\":\"pt-BR\",\"potentialAction\":[{\"@type\":\"ReadAction\",\"target\":[\"https:\\\/\\\/projetoslayerup.com.br\\\/smeducacao\\\/cuidados-para-evitar-o-uso-excessivo-de-tecnologia-por-criancas\\\/\"]}]},{\"@type\":\"ImageObject\",\"inLanguage\":\"pt-BR\",\"@id\":\"https:\\\/\\\/projetoslayerup.com.br\\\/smeducacao\\\/cuidados-para-evitar-o-uso-excessivo-de-tecnologia-por-criancas\\\/#primaryimage\",\"url\":\"https:\\\/\\\/projetoslayerup.com.br\\\/smeducacao\\\/wp-content\\\/uploads\\\/2019\\\/01\\\/iStock-871641228.jpg\",\"contentUrl\":\"https:\\\/\\\/projetoslayerup.com.br\\\/smeducacao\\\/wp-content\\\/uploads\\\/2019\\\/01\\\/iStock-871641228.jpg\",\"width\":1254,\"height\":836,\"caption\":\"Tecnologia na inf\u00e2ncia\"},{\"@type\":\"BreadcrumbList\",\"@id\":\"https:\\\/\\\/projetoslayerup.com.br\\\/smeducacao\\\/cuidados-para-evitar-o-uso-excessivo-de-tecnologia-por-criancas\\\/#breadcrumb\",\"itemListElement\":[{\"@type\":\"ListItem\",\"position\":1,\"name\":\"In\u00edcio\",\"item\":\"https:\\\/\\\/projetoslayerup.com.br\\\/smeducacao\\\/\"},{\"@type\":\"ListItem\",\"position\":2,\"name\":\"Tecnologia na inf\u00e2ncia: cuidados para evitar o uso excessivo\"}]},{\"@type\":\"WebSite\",\"@id\":\"https:\\\/\\\/projetoslayerup.com.br\\\/smeducacao\\\/#website\",\"url\":\"https:\\\/\\\/projetoslayerup.com.br\\\/smeducacao\\\/\",\"name\":\"SM Educa\u00e7\u00e3o - Juntos cuidamos da educa\u00e7\u00e3o!\",\"description\":\"Transformamos a educa\u00e7\u00e3o por meio de solu\u00e7\u00f5es digitais, solu\u00e7\u00f5es did\u00e1ticas para uma aprendizagem personalizada e solu\u00e7\u00f5es estrat\u00e9gicas eficientes. Juntos cuidamos da Educa\u00e7\u00e3o!\",\"potentialAction\":[{\"@type\":\"SearchAction\",\"target\":{\"@type\":\"EntryPoint\",\"urlTemplate\":\"https:\\\/\\\/projetoslayerup.com.br\\\/smeducacao\\\/?s={search_term_string}\"},\"query-input\":{\"@type\":\"PropertyValueSpecification\",\"valueRequired\":true,\"valueName\":\"search_term_string\"}}],\"inLanguage\":\"pt-BR\"},{\"@type\":\"Person\",\"@id\":\"https:\\\/\\\/projetoslayerup.com.br\\\/smeducacao\\\/#\\\/schema\\\/person\\\/45d7d41388698d0f902ff276caab47f5\",\"name\":\"SM Educa\u00e7\u00e3o\",\"image\":{\"@type\":\"ImageObject\",\"inLanguage\":\"pt-BR\",\"@id\":\"https:\\\/\\\/secure.gravatar.com\\\/avatar\\\/24327468bc2a6fb95889620b4158620d90c5e352f7a18c30af0e3f8cb70bc104?s=96&d=mm&r=g\",\"url\":\"https:\\\/\\\/secure.gravatar.com\\\/avatar\\\/24327468bc2a6fb95889620b4158620d90c5e352f7a18c30af0e3f8cb70bc104?s=96&d=mm&r=g\",\"contentUrl\":\"https:\\\/\\\/secure.gravatar.com\\\/avatar\\\/24327468bc2a6fb95889620b4158620d90c5e352f7a18c30af0e3f8cb70bc104?s=96&d=mm&r=g\",\"caption\":\"SM Educa\u00e7\u00e3o\"},\"url\":\"https:\\\/\\\/projetoslayerup.com.br\\\/smeducacao\\\/author\\\/smeducacao2021\\\/\"}]}<\/script>\n<!-- \/ Yoast SEO plugin. -->","yoast_head_json":{"title":"Tecnologia na inf\u00e2ncia: cuidados para evitar o uso excessivo - SM Educa\u00e7\u00e3o - Juntos cuidamos da educa\u00e7\u00e3o!","description":"Apesar dos benef\u00edcios da tecnologia na inf\u00e2ncia, precisamos estar atentos aos males do excesso de telas para o desenvolvimento da crian\u00e7a.","robots":{"index":"noindex","follow":"follow","max-snippet":"max-snippet:-1","max-image-preview":"max-image-preview:large","max-video-preview":"max-video-preview:-1"},"og_locale":"pt_BR","og_type":"article","og_title":"Tecnologia na inf\u00e2ncia: cuidados para evitar o uso excessivo - SM Educa\u00e7\u00e3o - Juntos cuidamos da educa\u00e7\u00e3o!","og_description":"Apesar dos benef\u00edcios da tecnologia na inf\u00e2ncia, precisamos estar atentos aos males do excesso de telas para o desenvolvimento da crian\u00e7a.","og_url":"https:\/\/projetoslayerup.com.br\/smeducacao\/cuidados-para-evitar-o-uso-excessivo-de-tecnologia-por-criancas\/","og_site_name":"SM Educa\u00e7\u00e3o - Juntos cuidamos da educa\u00e7\u00e3o!","article_published_time":"2019-01-10T17:31:13+00:00","og_image":[{"width":1254,"height":836,"url":"https:\/\/projetoslayerup.com.br\/smeducacao\/wp-content\/uploads\/2019\/01\/iStock-871641228.jpg","type":"image\/jpeg"}],"author":"SM Educa\u00e7\u00e3o","twitter_card":"summary_large_image","twitter_misc":{"Escrito por":"SM Educa\u00e7\u00e3o","Est. tempo de leitura":"3 minutos"},"schema":{"@context":"https:\/\/schema.org","@graph":[{"@type":"Article","@id":"https:\/\/projetoslayerup.com.br\/smeducacao\/cuidados-para-evitar-o-uso-excessivo-de-tecnologia-por-criancas\/#article","isPartOf":{"@id":"https:\/\/projetoslayerup.com.br\/smeducacao\/cuidados-para-evitar-o-uso-excessivo-de-tecnologia-por-criancas\/"},"author":{"name":"SM Educa\u00e7\u00e3o","@id":"https:\/\/projetoslayerup.com.br\/smeducacao\/#\/schema\/person\/45d7d41388698d0f902ff276caab47f5"},"headline":"Tecnologia na inf\u00e2ncia: cuidados para evitar o uso excessivo","datePublished":"2019-01-10T17:31:13+00:00","mainEntityOfPage":{"@id":"https:\/\/projetoslayerup.com.br\/smeducacao\/cuidados-para-evitar-o-uso-excessivo-de-tecnologia-por-criancas\/"},"wordCount":706,"commentCount":1,"image":{"@id":"https:\/\/projetoslayerup.com.br\/smeducacao\/cuidados-para-evitar-o-uso-excessivo-de-tecnologia-por-criancas\/#primaryimage"},"thumbnailUrl":"https:\/\/projetoslayerup.com.br\/smeducacao\/wp-content\/uploads\/2019\/01\/iStock-871641228.jpg","keywords":["dicas"],"articleSection":["Dicas para professores","Tecnologia","Tend\u00eancias na educa\u00e7\u00e3o"],"inLanguage":"pt-BR","potentialAction":[{"@type":"CommentAction","name":"Comment","target":["https:\/\/projetoslayerup.com.br\/smeducacao\/cuidados-para-evitar-o-uso-excessivo-de-tecnologia-por-criancas\/#respond"]}]},{"@type":"WebPage","@id":"https:\/\/projetoslayerup.com.br\/smeducacao\/cuidados-para-evitar-o-uso-excessivo-de-tecnologia-por-criancas\/","url":"https:\/\/projetoslayerup.com.br\/smeducacao\/cuidados-para-evitar-o-uso-excessivo-de-tecnologia-por-criancas\/","name":"Tecnologia na inf\u00e2ncia: cuidados para evitar o uso excessivo - SM Educa\u00e7\u00e3o - Juntos cuidamos da educa\u00e7\u00e3o!","isPartOf":{"@id":"https:\/\/projetoslayerup.com.br\/smeducacao\/#website"},"primaryImageOfPage":{"@id":"https:\/\/projetoslayerup.com.br\/smeducacao\/cuidados-para-evitar-o-uso-excessivo-de-tecnologia-por-criancas\/#primaryimage"},"image":{"@id":"https:\/\/projetoslayerup.com.br\/smeducacao\/cuidados-para-evitar-o-uso-excessivo-de-tecnologia-por-criancas\/#primaryimage"},"thumbnailUrl":"https:\/\/projetoslayerup.com.br\/smeducacao\/wp-content\/uploads\/2019\/01\/iStock-871641228.jpg","datePublished":"2019-01-10T17:31:13+00:00","author":{"@id":"https:\/\/projetoslayerup.com.br\/smeducacao\/#\/schema\/person\/45d7d41388698d0f902ff276caab47f5"},"description":"Apesar dos benef\u00edcios da tecnologia na inf\u00e2ncia, precisamos estar atentos aos males do excesso de telas para o desenvolvimento da crian\u00e7a.","breadcrumb":{"@id":"https:\/\/projetoslayerup.com.br\/smeducacao\/cuidados-para-evitar-o-uso-excessivo-de-tecnologia-por-criancas\/#breadcrumb"},"inLanguage":"pt-BR","potentialAction":[{"@type":"ReadAction","target":["https:\/\/projetoslayerup.com.br\/smeducacao\/cuidados-para-evitar-o-uso-excessivo-de-tecnologia-por-criancas\/"]}]},{"@type":"ImageObject","inLanguage":"pt-BR","@id":"https:\/\/projetoslayerup.com.br\/smeducacao\/cuidados-para-evitar-o-uso-excessivo-de-tecnologia-por-criancas\/#primaryimage","url":"https:\/\/projetoslayerup.com.br\/smeducacao\/wp-content\/uploads\/2019\/01\/iStock-871641228.jpg","contentUrl":"https:\/\/projetoslayerup.com.br\/smeducacao\/wp-content\/uploads\/2019\/01\/iStock-871641228.jpg","width":1254,"height":836,"caption":"Tecnologia na inf\u00e2ncia"},{"@type":"BreadcrumbList","@id":"https:\/\/projetoslayerup.com.br\/smeducacao\/cuidados-para-evitar-o-uso-excessivo-de-tecnologia-por-criancas\/#breadcrumb","itemListElement":[{"@type":"ListItem","position":1,"name":"In\u00edcio","item":"https:\/\/projetoslayerup.com.br\/smeducacao\/"},{"@type":"ListItem","position":2,"name":"Tecnologia na inf\u00e2ncia: cuidados para evitar o uso excessivo"}]},{"@type":"WebSite","@id":"https:\/\/projetoslayerup.com.br\/smeducacao\/#website","url":"https:\/\/projetoslayerup.com.br\/smeducacao\/","name":"SM Educa\u00e7\u00e3o - Juntos cuidamos da educa\u00e7\u00e3o!","description":"Transformamos a educa\u00e7\u00e3o por meio de solu\u00e7\u00f5es digitais, solu\u00e7\u00f5es did\u00e1ticas para uma aprendizagem personalizada e solu\u00e7\u00f5es estrat\u00e9gicas eficientes. Juntos cuidamos da Educa\u00e7\u00e3o!","potentialAction":[{"@type":"SearchAction","target":{"@type":"EntryPoint","urlTemplate":"https:\/\/projetoslayerup.com.br\/smeducacao\/?s={search_term_string}"},"query-input":{"@type":"PropertyValueSpecification","valueRequired":true,"valueName":"search_term_string"}}],"inLanguage":"pt-BR"},{"@type":"Person","@id":"https:\/\/projetoslayerup.com.br\/smeducacao\/#\/schema\/person\/45d7d41388698d0f902ff276caab47f5","name":"SM Educa\u00e7\u00e3o","image":{"@type":"ImageObject","inLanguage":"pt-BR","@id":"https:\/\/secure.gravatar.com\/avatar\/24327468bc2a6fb95889620b4158620d90c5e352f7a18c30af0e3f8cb70bc104?s=96&d=mm&r=g","url":"https:\/\/secure.gravatar.com\/avatar\/24327468bc2a6fb95889620b4158620d90c5e352f7a18c30af0e3f8cb70bc104?s=96&d=mm&r=g","contentUrl":"https:\/\/secure.gravatar.com\/avatar\/24327468bc2a6fb95889620b4158620d90c5e352f7a18c30af0e3f8cb70bc104?s=96&d=mm&r=g","caption":"SM Educa\u00e7\u00e3o"},"url":"https:\/\/projetoslayerup.com.br\/smeducacao\/author\/smeducacao2021\/"}]}},"_links":{"self":[{"href":"https:\/\/projetoslayerup.com.br\/smeducacao\/wp-json\/wp\/v2\/posts\/552","targetHints":{"allow":["GET"]}}],"collection":[{"href":"https:\/\/projetoslayerup.com.br\/smeducacao\/wp-json\/wp\/v2\/posts"}],"about":[{"href":"https:\/\/projetoslayerup.com.br\/smeducacao\/wp-json\/wp\/v2\/types\/post"}],"author":[{"embeddable":true,"href":"https:\/\/projetoslayerup.com.br\/smeducacao\/wp-json\/wp\/v2\/users\/2"}],"replies":[{"embeddable":true,"href":"https:\/\/projetoslayerup.com.br\/smeducacao\/wp-json\/wp\/v2\/comments?post=552"}],"version-history":[{"count":0,"href":"https:\/\/projetoslayerup.com.br\/smeducacao\/wp-json\/wp\/v2\/posts\/552\/revisions"}],"wp:featuredmedia":[{"embeddable":true,"href":"https:\/\/projetoslayerup.com.br\/smeducacao\/wp-json\/wp\/v2\/media\/558"}],"wp:attachment":[{"href":"https:\/\/projetoslayerup.com.br\/smeducacao\/wp-json\/wp\/v2\/media?parent=552"}],"wp:term":[{"taxonomy":"category","embeddable":true,"href":"https:\/\/projetoslayerup.com.br\/smeducacao\/wp-json\/wp\/v2\/categories?post=552"},{"taxonomy":"post_tag","embeddable":true,"href":"https:\/\/projetoslayerup.com.br\/smeducacao\/wp-json\/wp\/v2\/tags?post=552"},{"taxonomy":"blog_nivel_escolar","embeddable":true,"href":"https:\/\/projetoslayerup.com.br\/smeducacao\/wp-json\/wp\/v2\/blog_nivel_escolar?post=552"},{"taxonomy":"blog_segmento_escolar","embeddable":true,"href":"https:\/\/projetoslayerup.com.br\/smeducacao\/wp-json\/wp\/v2\/blog_segmento_escolar?post=552"}],"curies":[{"name":"wp","href":"https:\/\/api.w.org\/{rel}","templated":true}]}}