{"id":5808,"date":"2022-07-20T13:36:38","date_gmt":"2022-07-20T16:36:38","guid":{"rendered":"https:\/\/www.smeducacao.com.br\/?p=5808"},"modified":"2022-07-20T13:36:38","modified_gmt":"2022-07-20T16:36:38","slug":"pnld-2023-anos-iniciais-aprender-juntos-colecao-aprovada","status":"publish","type":"post","link":"https:\/\/projetoslayerup.com.br\/smeducacao\/pnld-2023-anos-iniciais-aprender-juntos-colecao-aprovada\/","title":{"rendered":"PNLD 2023 &#8211; Anos Iniciais: Aprender Juntos \u00e9 a cole\u00e7\u00e3o completa para a sua escola"},"content":{"rendered":"\n<p class=\"wp-block-paragraph\">Para definir quais obras ser\u00e3o adotadas por escolas p\u00fablicas de todo o Brasil nos Anos Iniciais, o sistema de educa\u00e7\u00e3o b\u00e1sica brasileiro segue o <strong>Programa Nacional do Livro Did\u00e1tico <\/strong>(PNLD). Neste cen\u00e1rio, cabe \u00e0s institui\u00e7\u00f5es de ensino encontrarem&nbsp; as melhores solu\u00e7\u00f5es educacionais para enriquecer os processos de ensino e aprendizagem.<\/p>\n\n\n\n<p class=\"wp-block-paragraph\">O PNLD 2023 destina-se aos Anos Iniciais do Ensino Fundamental. Ele \u00e9 composto por quatro objetos que oferecem diferentes propostas de recursos did\u00e1ticos a professores e estudantes:\u00a0<\/p>\n\n\n\n<figure class=\"wp-block-image size-large\"><img loading=\"lazy\" decoding=\"async\" width=\"1024\" height=\"451\" src=\"https:\/\/projetoslayerup.com.br\/smeducacao\/wp-content\/uploads\/2022\/07\/bp41-1024x451.png\" alt=\"\" class=\"wp-image-5809\" srcset=\"https:\/\/projetoslayerup.com.br\/smeducacao\/wp-content\/uploads\/2022\/07\/bp41-1024x451.png 1024w, https:\/\/projetoslayerup.com.br\/smeducacao\/wp-content\/uploads\/2022\/07\/bp41-300x132.png 300w, https:\/\/projetoslayerup.com.br\/smeducacao\/wp-content\/uploads\/2022\/07\/bp41-768x338.png 768w, https:\/\/projetoslayerup.com.br\/smeducacao\/wp-content\/uploads\/2022\/07\/bp41.png 1500w\" sizes=\"auto, (max-width: 1024px) 100vw, 1024px\" \/><\/figure>\n\n\n\n<p class=\"wp-block-paragraph\">No momento, voc\u00ea selecionar\u00e1 obras did\u00e1ticas que pertencem ao <strong>objeto 1<\/strong>. Este objeto est\u00e1 dividido em duas categorias: obras por <strong>\u00e1rea do conhecimento<\/strong> e obras por <strong>componente ou especialidade.<\/strong>&nbsp;<\/p>\n\n\n\n<p class=\"wp-block-paragraph\">A SM Educa\u00e7\u00e3o entende a import\u00e2ncia de contar com materiais completos neste cen\u00e1rio, atendendo \u00e0s especifica\u00e7\u00f5es das categorias mencionadas e criando uma uniformiza\u00e7\u00e3o dos livros did\u00e1ticos adotados.&nbsp;<\/p>\n\n\n\n<p class=\"wp-block-paragraph\">Por isso, j\u00e1 contamos com<strong> 100% de aprova\u00e7\u00e3o no PNLD 2023<\/strong>, com cole\u00e7\u00f5es que oferecem \u00e0s escolas p\u00fablicas um grande diferencial na performance dos professores e no resultado de aprendizagem dos estudantes.<\/p>\n\n\n\n<p class=\"wp-block-paragraph\">Na categoria por \u00e1rea, consideramos as obras de <em>L\u00edngua Portuguesa, Arte e Educa\u00e7\u00e3o F\u00edsica, Matem\u00e1tica, Ci\u00eancias da Natureza e Ci\u00eancias Humanas<\/em>. J\u00e1 na categoria por componente ou especialidade, olhamos para as obras de <em>Arte, Educa\u00e7\u00e3o F\u00edsica, Geografia, Hist\u00f3ria<\/em> e <em>projetos integradores<\/em>.<\/p>\n\n\n\n<p class=\"wp-block-paragraph\">Mas, <a href=\"https:\/\/projetoslayerup.com.br\/smeducacao\/colecao-livros-didaticos-aprender-juntos-vantagens\/\"><strong>quais requisitos considerar na escolha de um livro did\u00e1tico<\/strong><\/a><strong> <\/strong>nos Anos Iniciais? Nesse processo, existem algumas observa\u00e7\u00f5es indispens\u00e1veis para oferecer recursos que ajudem a desenvolver e potencializar os sentidos do educador e das crian\u00e7as.<\/p>\n\n\n\n<figure class=\"wp-block-image size-large\"><img loading=\"lazy\" decoding=\"async\" width=\"1024\" height=\"451\" src=\"https:\/\/projetoslayerup.com.br\/smeducacao\/wp-content\/uploads\/2022\/07\/bp42-1024x451.png\" alt=\"\" class=\"wp-image-5810\" srcset=\"https:\/\/projetoslayerup.com.br\/smeducacao\/wp-content\/uploads\/2022\/07\/bp42-1024x451.png 1024w, https:\/\/projetoslayerup.com.br\/smeducacao\/wp-content\/uploads\/2022\/07\/bp42-300x132.png 300w, https:\/\/projetoslayerup.com.br\/smeducacao\/wp-content\/uploads\/2022\/07\/bp42-768x338.png 768w, https:\/\/projetoslayerup.com.br\/smeducacao\/wp-content\/uploads\/2022\/07\/bp42.png 1500w\" sizes=\"auto, (max-width: 1024px) 100vw, 1024px\" \/><\/figure>\n\n\n\n<p class=\"wp-block-paragraph\">Tudo isso e mais um pouco voc\u00ea encontra na <strong>cole\u00e7\u00e3o Aprender Juntos<\/strong>, a melhor escolha para o Ensino Fundamental &#8211; Anos Iniciais.&nbsp;<\/p>\n\n\n\n<h2 class=\"wp-block-heading\"><strong>Nos Anos Iniciais, o que era bom ficou ainda melhor com Aprender Juntos<\/strong><\/h2>\n\n\n\n<p class=\"wp-block-paragraph\">Com 100% de aprova\u00e7\u00e3o no PNLD 2023 &#8211; Anos Iniciais, <a href=\"https:\/\/pnld.smeducacao.com.br\/\"><strong>Aprender Juntos \u00e9 a cole\u00e7\u00e3o completa para a sua escola<\/strong><\/a>.&nbsp;<\/p>\n\n\n\n<p class=\"wp-block-paragraph\">Ainda mais conectivo, l\u00fadico, din\u00e2mico e explorador, o material prop\u00f5e situa\u00e7\u00f5es de aprendizagem que garantem a forma\u00e7\u00e3o integral do aluno, respeitando a progress\u00e3o das habilidades em todos os componentes curriculares indicados no <strong>Objeto 1<\/strong>.<\/p>\n\n\n\n<p class=\"wp-block-paragraph\">Al\u00e9m disso, a cole\u00e7\u00e3o <strong>Aprender Juntos<\/strong> foi cuidadosamente pensada para auxiliar o trabalho dos professores no <strong>Ensino Fundamental 1<\/strong>, oferecendo o melhor caminho para alcan\u00e7arem os objetivos almejados por meio de ferramentas para uma avalia\u00e7\u00e3o diagn\u00f3stica eficiente.&nbsp;<\/p>\n\n\n\n<p class=\"wp-block-paragraph\">Nesse artigo, apresentaremos as cole\u00e7\u00f5es que podem apoiar voc\u00ea a continuar estruturando e instrumentalizando o desenvolvimento da educa\u00e7\u00e3o integral, al\u00e9m de oferecer o <strong>acesso gratuito de cada livro did\u00e1tico<\/strong>.<\/p>\n\n\n\n<p class=\"wp-block-paragraph\">Conhe\u00e7a conte\u00fados completos e mobilizadores para uma aprendizagem significativa nos Anos Iniciais e entenda por que<strong> <\/strong><a href=\"https:\/\/materiais.smbrasil.com.br\/aprender-juntos-sm-educacao\"><strong>quem conhece Aprender Juntos n\u00e3o troca<\/strong><\/a>.<\/p>\n\n\n\n<h3 class=\"wp-block-heading\"><strong>Conhe\u00e7a a cole\u00e7\u00e3o completa para Ensino Fundamental Anos Iniciais<\/strong><\/h3>\n\n\n\n<figure class=\"wp-block-image size-large\"><img loading=\"lazy\" decoding=\"async\" width=\"1024\" height=\"477\" src=\"https:\/\/projetoslayerup.com.br\/smeducacao\/wp-content\/uploads\/2022\/07\/bp43-1024x477.png\" alt=\"\" class=\"wp-image-5811\" srcset=\"https:\/\/projetoslayerup.com.br\/smeducacao\/wp-content\/uploads\/2022\/07\/bp43-1024x477.png 1024w, https:\/\/projetoslayerup.com.br\/smeducacao\/wp-content\/uploads\/2022\/07\/bp43-300x140.png 300w, https:\/\/projetoslayerup.com.br\/smeducacao\/wp-content\/uploads\/2022\/07\/bp43-768x358.png 768w, https:\/\/projetoslayerup.com.br\/smeducacao\/wp-content\/uploads\/2022\/07\/bp43.png 1416w\" sizes=\"auto, (max-width: 1024px) 100vw, 1024px\" \/><\/figure>\n\n\n\n<p class=\"wp-block-paragraph\">A cole\u00e7\u00e3o Aprender Juntos &#8211; L\u00edngua Portuguesa desenvolve compet\u00eancias e habilidades previstas na Base Nacional Curricular Comum (BNCC) de forma l\u00fadica e interativa, despertando no aluno valores como solidariedade e responsabilidade.&nbsp;<\/p>\n\n\n\n<p class=\"wp-block-paragraph\">Pensada para facilitar o trabalho docente, a cole\u00e7\u00e3o vem com indica\u00e7\u00e3o dos Componentes da Alfabetiza\u00e7\u00e3o que est\u00e3o sendo desenvolvidos em sala. Com temas e conte\u00fados mobilizadores, voc\u00ea vai entender porque quem conhece n\u00e3o troca! <a href=\"https:\/\/pnld.smeducacao.com.br\/objeto-1\/area-do-conhecimento\/lingua-portuguesa-aprender-juntos\/\" target=\"_blank\" rel=\"noreferrer noopener\">Acesse a p\u00e1gina e confira.<\/a><\/p>\n\n\n\n<figure class=\"wp-block-image size-large\"><img loading=\"lazy\" decoding=\"async\" width=\"1024\" height=\"477\" src=\"https:\/\/projetoslayerup.com.br\/smeducacao\/wp-content\/uploads\/2022\/07\/bp44-1024x477.png\" alt=\"\" class=\"wp-image-5812\" srcset=\"https:\/\/projetoslayerup.com.br\/smeducacao\/wp-content\/uploads\/2022\/07\/bp44-1024x477.png 1024w, https:\/\/projetoslayerup.com.br\/smeducacao\/wp-content\/uploads\/2022\/07\/bp44-300x140.png 300w, https:\/\/projetoslayerup.com.br\/smeducacao\/wp-content\/uploads\/2022\/07\/bp44-768x358.png 768w, https:\/\/projetoslayerup.com.br\/smeducacao\/wp-content\/uploads\/2022\/07\/bp44.png 1416w\" sizes=\"auto, (max-width: 1024px) 100vw, 1024px\" \/><\/figure>\n\n\n\n<p class=\"wp-block-paragraph\">A cole\u00e7\u00e3o Aprender Juntos &#8211; Matem\u00e1tica foi desenvolvida com conte\u00fados e atividades que incentivam o aluno a relacionar os conhecimentos adquiridos em sala de aula com a sua viv\u00eancia, tornando o ensino mais significativo e real.<\/p>\n\n\n\n<p class=\"wp-block-paragraph\">Al\u00e9m disso, a cole\u00e7\u00e3o vem com a unidade tem\u00e1tica de Probabilidade e Estat\u00edstica refor\u00e7ada e conta com recursos din\u00e2micos para um aprendizado mais interativo. <a href=\"https:\/\/pnld.smeducacao.com.br\/objeto-1\/area-do-conhecimento\/matematica-aprender-juntos\/\" target=\"_blank\" rel=\"noreferrer noopener\">Acesse a p\u00e1gina e conhe\u00e7a<\/a>!\u00a0<\/p>\n\n\n\n<figure class=\"wp-block-image size-large\"><img loading=\"lazy\" decoding=\"async\" width=\"1024\" height=\"477\" src=\"https:\/\/projetoslayerup.com.br\/smeducacao\/wp-content\/uploads\/2022\/07\/bp45-1024x477.png\" alt=\"\" class=\"wp-image-5813\" srcset=\"https:\/\/projetoslayerup.com.br\/smeducacao\/wp-content\/uploads\/2022\/07\/bp45-1024x477.png 1024w, https:\/\/projetoslayerup.com.br\/smeducacao\/wp-content\/uploads\/2022\/07\/bp45-300x140.png 300w, https:\/\/projetoslayerup.com.br\/smeducacao\/wp-content\/uploads\/2022\/07\/bp45-768x358.png 768w, https:\/\/projetoslayerup.com.br\/smeducacao\/wp-content\/uploads\/2022\/07\/bp45.png 1416w\" sizes=\"auto, (max-width: 1024px) 100vw, 1024px\" \/><\/figure>\n\n\n\n<p class=\"wp-block-paragraph\">Conhe\u00e7a Aprender Juntos &#8211; Ci\u00eancias, a cole\u00e7\u00e3o completa para levar aos Anos Iniciais um letramento cient\u00edfico aliado ao respeito \u00e0 diversidade cultural e aos valores \u00e9ticos e democr\u00e1ticos. <\/p>\n\n\n\n<p class=\"wp-block-paragraph\">As obras buscam gerar mais engajamento integrando os saberes de maneira contextualizada e se valendo de recursos digitais mais din\u00e2micos e conectados \u00e0 realidade do aluno. <a href=\"https:\/\/pnld.smeducacao.com.br\/objeto-1\/area-do-conhecimento\/ciencias-natureza\/\" target=\"_blank\" rel=\"noreferrer noopener\">Clique aqui para saber mais<\/a>!<\/p>\n\n\n\n<figure class=\"wp-block-image size-large\"><img loading=\"lazy\" decoding=\"async\" width=\"1024\" height=\"477\" src=\"https:\/\/projetoslayerup.com.br\/smeducacao\/wp-content\/uploads\/2022\/07\/bp46-1024x477.png\" alt=\"\" class=\"wp-image-5814\" srcset=\"https:\/\/projetoslayerup.com.br\/smeducacao\/wp-content\/uploads\/2022\/07\/bp46-1024x477.png 1024w, https:\/\/projetoslayerup.com.br\/smeducacao\/wp-content\/uploads\/2022\/07\/bp46-300x140.png 300w, https:\/\/projetoslayerup.com.br\/smeducacao\/wp-content\/uploads\/2022\/07\/bp46-768x358.png 768w, https:\/\/projetoslayerup.com.br\/smeducacao\/wp-content\/uploads\/2022\/07\/bp46.png 1416w\" sizes=\"auto, (max-width: 1024px) 100vw, 1024px\" \/><\/figure>\n\n\n\n<p class=\"wp-block-paragraph\">A cole\u00e7\u00e3o Aprender Juntos &#8211; Geografia e Hist\u00f3ria foi pensada para auxiliar o seu trabalho!&nbsp;<\/p>\n\n\n\n<p class=\"wp-block-paragraph\">Al\u00e9m de gerar um aprendizado assertivo e aprofundado, as obras contribuem para a forma\u00e7\u00e3o cidad\u00e3 dos estudantes, estimulando sua capacidade de interpretar o contexto pol\u00edtico e social em que vivem. <a href=\"https:\/\/pnld.smeducacao.com.br\/objeto-1\/area-do-conhecimento\/ciencias-humanas\/\" target=\"_blank\" rel=\"noreferrer noopener\">Acesse a p\u00e1gina e conhe\u00e7a<\/a>!\u00a0<\/p>\n\n\n\n<figure class=\"wp-block-image size-large\"><img loading=\"lazy\" decoding=\"async\" width=\"1024\" height=\"477\" src=\"https:\/\/projetoslayerup.com.br\/smeducacao\/wp-content\/uploads\/2022\/07\/bp47-1024x477.png\" alt=\"\" class=\"wp-image-5815\" srcset=\"https:\/\/projetoslayerup.com.br\/smeducacao\/wp-content\/uploads\/2022\/07\/bp47-1024x477.png 1024w, https:\/\/projetoslayerup.com.br\/smeducacao\/wp-content\/uploads\/2022\/07\/bp47-300x140.png 300w, https:\/\/projetoslayerup.com.br\/smeducacao\/wp-content\/uploads\/2022\/07\/bp47-768x358.png 768w, https:\/\/projetoslayerup.com.br\/smeducacao\/wp-content\/uploads\/2022\/07\/bp47.png 1416w\" sizes=\"auto, (max-width: 1024px) 100vw, 1024px\" \/><\/figure>\n\n\n\n<p class=\"wp-block-paragraph\">A cole\u00e7\u00e3o traz a qualidade SM Educa\u00e7\u00e3o proporcionando um aprendizado de arte que coloca o aluno como protagonista e estimula sua criatividade.\u00a0<\/p>\n\n\n\n<p class=\"wp-block-paragraph\">Confira o material repleto de atividades din\u00e2micas e interativas. <a href=\"https:\/\/pnld.smeducacao.com.br\/objeto-1\/componente-especialidade\/arte-aprender-juntos\/\" target=\"_blank\" rel=\"noreferrer noopener\">Quem conhece, escolhe<\/a>.<\/p>\n\n\n\n<figure class=\"wp-block-image size-large\"><img loading=\"lazy\" decoding=\"async\" width=\"1024\" height=\"477\" src=\"https:\/\/projetoslayerup.com.br\/smeducacao\/wp-content\/uploads\/2022\/07\/bp48-1024x477.png\" alt=\"\" class=\"wp-image-5816\" srcset=\"https:\/\/projetoslayerup.com.br\/smeducacao\/wp-content\/uploads\/2022\/07\/bp48-1024x477.png 1024w, https:\/\/projetoslayerup.com.br\/smeducacao\/wp-content\/uploads\/2022\/07\/bp48-300x140.png 300w, https:\/\/projetoslayerup.com.br\/smeducacao\/wp-content\/uploads\/2022\/07\/bp48-768x358.png 768w, https:\/\/projetoslayerup.com.br\/smeducacao\/wp-content\/uploads\/2022\/07\/bp48.png 1416w\" sizes=\"auto, (max-width: 1024px) 100vw, 1024px\" \/><\/figure>\n\n\n\n<p class=\"wp-block-paragraph\">Os pensamentos geogr\u00e1fico e social s\u00e3o os destaques da SM Educa\u00e7\u00e3o na cole\u00e7\u00e3o Aprender Juntos: Geografia, que estimula os alunos a conectarem os conhecimentos com o cotidiano.&nbsp;<\/p>\n\n\n\n<p class=\"wp-block-paragraph\">A ideia \u00e9 que os alunos entrem em contato com atividades e imagens que trazem uma perspectiva da diversidade de paisagens e de indiv\u00edduos, fen\u00f4menos socioecon\u00f4micos e quest\u00f5es ambientais, desenvolvendo tamb\u00e9m a alfabetiza\u00e7\u00e3o cartogr\u00e1fica. <a href=\"https:\/\/pnld.smeducacao.com.br\/objeto-1\/componente-especialidade\/geografia\/\" target=\"_blank\" rel=\"noreferrer noopener\">Clique para conferir<\/a>!\u00a0<\/p>\n\n\n\n<figure class=\"wp-block-image size-large\"><img loading=\"lazy\" decoding=\"async\" width=\"1024\" height=\"477\" src=\"https:\/\/projetoslayerup.com.br\/smeducacao\/wp-content\/uploads\/2022\/07\/bp49-1024x477.png\" alt=\"\" class=\"wp-image-5817\" srcset=\"https:\/\/projetoslayerup.com.br\/smeducacao\/wp-content\/uploads\/2022\/07\/bp49-1024x477.png 1024w, https:\/\/projetoslayerup.com.br\/smeducacao\/wp-content\/uploads\/2022\/07\/bp49-300x140.png 300w, https:\/\/projetoslayerup.com.br\/smeducacao\/wp-content\/uploads\/2022\/07\/bp49-768x358.png 768w, https:\/\/projetoslayerup.com.br\/smeducacao\/wp-content\/uploads\/2022\/07\/bp49.png 1416w\" sizes=\"auto, (max-width: 1024px) 100vw, 1024px\" \/><\/figure>\n\n\n\n<p class=\"wp-block-paragraph\">Na Cole\u00e7\u00e3o Aprender Juntos &#8211; Hist\u00f3ria, a atitude historiadora \u00e9 estimulada pela an\u00e1lise de fontes hist\u00f3ricas e pesquisa sobre a pr\u00f3pria fam\u00edlia, a comunidade e o pa\u00eds, valorizando a identidade de cada estudante e desenvolvendo habilidades socioemocionais.<\/p>\n\n\n\n<p class=\"wp-block-paragraph\">Com volumes organizados em ordem cronol\u00f3gica e temas mobilizadores, \u00e9 a melhor op\u00e7\u00e3o para o PNLD 2023! <a href=\"https:\/\/pnld.smeducacao.com.br\/objeto-1\/componente-especialidade\/historia-aprender-juntos\/\" target=\"_blank\" rel=\"noreferrer noopener\">Clique para conhecer as obras<\/a>.<\/p>\n\n\n\n<figure class=\"wp-block-image size-large\"><img loading=\"lazy\" decoding=\"async\" width=\"1024\" height=\"477\" src=\"https:\/\/projetoslayerup.com.br\/smeducacao\/wp-content\/uploads\/2022\/07\/bp40-1024x477.png\" alt=\"\" class=\"wp-image-5818\" srcset=\"https:\/\/projetoslayerup.com.br\/smeducacao\/wp-content\/uploads\/2022\/07\/bp40-1024x477.png 1024w, https:\/\/projetoslayerup.com.br\/smeducacao\/wp-content\/uploads\/2022\/07\/bp40-300x140.png 300w, https:\/\/projetoslayerup.com.br\/smeducacao\/wp-content\/uploads\/2022\/07\/bp40-768x358.png 768w, https:\/\/projetoslayerup.com.br\/smeducacao\/wp-content\/uploads\/2022\/07\/bp40.png 1416w\" sizes=\"auto, (max-width: 1024px) 100vw, 1024px\" \/><\/figure>\n\n\n\n<p class=\"wp-block-paragraph\">Se o seu objetivo \u00e9 oferecer aprendizagens ativas por meio de projetos contempor\u00e2neos e que colocam o aluno no centro de aprendizagem, \u2018Aprendendo com Projetos&#8217; \u00e9 a melhor escolha!<\/p>\n\n\n\n<p class=\"wp-block-paragraph\">Conhe\u00e7a a cole\u00e7\u00e3o que proporciona um aprendizado interdisciplinar com criatividade, protagonismo e colabora\u00e7\u00e3o. <a href=\"https:\/\/pnld.smeducacao.com.br\/objeto-1\/componente-especialidade\/projetos-integradores\/\" target=\"_blank\" rel=\"noreferrer noopener\">Clique aqui para acessar o material<\/a>!<\/p>\n\n\n\n<p class=\"wp-block-paragraph\">Por fim, vale lembrar que todas as obras do Objeto 1 j\u00e1 est\u00e3o dispon\u00edveis para confer\u00eancia no nosso <a href=\"https:\/\/pnld.smeducacao.com.br\/objeto-1\/\">site oficial do PNLD<\/a>, onde voc\u00ea tamb\u00e9m encontra mais informa\u00e7\u00f5es sobre o programa, sobre a editora e sobre os outros objetos para os Anos Iniciais.\u00a0<\/p>\n\n\n\n<p class=\"wp-block-paragraph\">No \u00faltimo programa, foram 7 milh\u00f5es de exemplares escolhidos e 19 mil escolas adotando as cole\u00e7\u00f5es da SM Educa\u00e7\u00e3o. Quem conhece, escolhe!\u00a0<\/p>\n\n\n\n<p class=\"wp-block-paragraph\">Nossas obras s\u00e3o pensadas para apoiar e enriquecer o trabalho docente, visando uma educa\u00e7\u00e3o do futuro, com protagonismo estudantil, aprendizagem por projetos e um ensino mais interativo, l\u00fadico e real.<\/p>\n\n\n\n<p class=\"wp-block-paragraph\">Promova a aprendizagem cont\u00ednua e a forma\u00e7\u00e3o integral com Aprender Juntos!<\/p>\n\n\n\n<figure class=\"wp-block-image size-large\"><a href=\"https:\/\/pnld.smeducacao.com.br\/objeto-1\/\" target=\"_blank\" rel=\"noreferrer noopener\"><img loading=\"lazy\" decoding=\"async\" width=\"1024\" height=\"532\" src=\"https:\/\/projetoslayerup.com.br\/smeducacao\/wp-content\/uploads\/2022\/07\/Xa3tKWxg-1024x532.png\" alt=\"\" class=\"wp-image-5819\" srcset=\"https:\/\/projetoslayerup.com.br\/smeducacao\/wp-content\/uploads\/2022\/07\/Xa3tKWxg-1024x532.png 1024w, https:\/\/projetoslayerup.com.br\/smeducacao\/wp-content\/uploads\/2022\/07\/Xa3tKWxg-300x156.png 300w, https:\/\/projetoslayerup.com.br\/smeducacao\/wp-content\/uploads\/2022\/07\/Xa3tKWxg-768x399.png 768w, https:\/\/projetoslayerup.com.br\/smeducacao\/wp-content\/uploads\/2022\/07\/Xa3tKWxg.png 1500w\" sizes=\"auto, (max-width: 1024px) 100vw, 1024px\" \/><\/a><\/figure>\n","protected":false},"excerpt":{"rendered":"<p>Para definir quais obras ser\u00e3o adotadas por escolas p\u00fablicas de todo o Brasil nos Anos Iniciais, o sistema de educa\u00e7\u00e3o b\u00e1sica brasileiro segue o Programa Nacional do Livro Did\u00e1tico (PNLD). Neste cen\u00e1rio, cabe \u00e0s institui\u00e7\u00f5es de ensino encontrarem&nbsp; as melhores solu\u00e7\u00f5es educacionais para enriquecer os processos de ensino e aprendizagem. O PNLD 2023 destina-se aos [&hellip;]<\/p>\n","protected":false},"author":2,"featured_media":5820,"comment_status":"open","ping_status":"open","sticky":false,"template":"","format":"standard","meta":{"_acf_changed":false,"footnotes":""},"categories":[4,5,17],"tags":[91,107,108,109,110,111],"blog_nivel_escolar":[],"blog_segmento_escolar":[],"class_list":["post-5808","post","type-post","status-publish","format-standard","has-post-thumbnail","hentry","category-dicas-professor","category-pnld","category-solucoes-educacionais","tag-anos-iniciais","tag-colecao-aprender-juntos","tag-escolha-sm","tag-objeto-1","tag-obras-aprovadas","tag-pnld-2023"],"acf":[],"yoast_head":"<!-- This site is optimized with the Yoast SEO plugin v28.3 - https:\/\/yoast.com\/product\/yoast-seo-wordpress\/ -->\n<title>PNLD 2023 - Anos Iniciais: Aprender Juntos \u00e9 a cole\u00e7\u00e3o completa<\/title>\n<meta name=\"description\" content=\"Conhe\u00e7a Aprender Juntos, a mais completa cole\u00e7\u00e3o did\u00e1tica para a sua escola no Objeto 1 do PNLD 2023: Anos Iniciais. Quem conhece n\u00e3o troca.\" \/>\n<meta name=\"robots\" content=\"noindex, follow, max-snippet:-1, max-image-preview:large, max-video-preview:-1\" \/>\n<meta property=\"og:locale\" content=\"pt_BR\" \/>\n<meta property=\"og:type\" content=\"article\" \/>\n<meta property=\"og:title\" content=\"PNLD 2023 - Anos Iniciais: Aprender Juntos \u00e9 a cole\u00e7\u00e3o completa\" \/>\n<meta property=\"og:description\" content=\"Conhe\u00e7a Aprender Juntos, a mais completa cole\u00e7\u00e3o did\u00e1tica para a sua escola no Objeto 1 do PNLD 2023: Anos Iniciais. Quem conhece n\u00e3o troca.\" \/>\n<meta property=\"og:url\" content=\"https:\/\/projetoslayerup.com.br\/smeducacao\/pnld-2023-anos-iniciais-aprender-juntos-colecao-aprovada\/\" \/>\n<meta property=\"og:site_name\" content=\"SM Educa\u00e7\u00e3o - Juntos cuidamos da educa\u00e7\u00e3o!\" \/>\n<meta property=\"article:published_time\" content=\"2022-07-20T16:36:38+00:00\" \/>\n<meta property=\"og:image\" content=\"https:\/\/projetoslayerup.com.br\/smeducacao\/wp-content\/uploads\/2022\/07\/fgz4kuz0.png\" \/>\n\t<meta property=\"og:image:width\" content=\"1200\" \/>\n\t<meta property=\"og:image:height\" content=\"803\" \/>\n\t<meta property=\"og:image:type\" content=\"image\/png\" \/>\n<meta name=\"author\" content=\"SM Educa\u00e7\u00e3o\" \/>\n<meta name=\"twitter:card\" content=\"summary_large_image\" \/>\n<meta name=\"twitter:label1\" content=\"Escrito por\" \/>\n\t<meta name=\"twitter:data1\" content=\"SM Educa\u00e7\u00e3o\" \/>\n\t<meta name=\"twitter:label2\" content=\"Est. tempo de leitura\" \/>\n\t<meta name=\"twitter:data2\" content=\"6 minutos\" \/>\n<script type=\"application\/ld+json\" class=\"yoast-schema-graph\">{\"@context\":\"https:\\\/\\\/schema.org\",\"@graph\":[{\"@type\":\"Article\",\"@id\":\"https:\\\/\\\/projetoslayerup.com.br\\\/smeducacao\\\/pnld-2023-anos-iniciais-aprender-juntos-colecao-aprovada\\\/#article\",\"isPartOf\":{\"@id\":\"https:\\\/\\\/projetoslayerup.com.br\\\/smeducacao\\\/pnld-2023-anos-iniciais-aprender-juntos-colecao-aprovada\\\/\"},\"author\":{\"name\":\"SM Educa\u00e7\u00e3o\",\"@id\":\"https:\\\/\\\/projetoslayerup.com.br\\\/smeducacao\\\/#\\\/schema\\\/person\\\/45d7d41388698d0f902ff276caab47f5\"},\"headline\":\"PNLD 2023 &#8211; Anos Iniciais: Aprender Juntos \u00e9 a cole\u00e7\u00e3o completa para a sua escola\",\"datePublished\":\"2022-07-20T16:36:38+00:00\",\"mainEntityOfPage\":{\"@id\":\"https:\\\/\\\/projetoslayerup.com.br\\\/smeducacao\\\/pnld-2023-anos-iniciais-aprender-juntos-colecao-aprovada\\\/\"},\"wordCount\":1115,\"commentCount\":0,\"image\":{\"@id\":\"https:\\\/\\\/projetoslayerup.com.br\\\/smeducacao\\\/pnld-2023-anos-iniciais-aprender-juntos-colecao-aprovada\\\/#primaryimage\"},\"thumbnailUrl\":\"https:\\\/\\\/projetoslayerup.com.br\\\/smeducacao\\\/wp-content\\\/uploads\\\/2022\\\/07\\\/fgz4kuz0.png\",\"keywords\":[\"anos iniciais\",\"cole\u00e7\u00e3o aprender juntos\",\"escolha sm\",\"objeto 1\",\"obras aprovadas\",\"pnld 2023\"],\"articleSection\":[\"Dicas para professores\",\"PNLD\",\"Solu\u00e7\u00f5es educacionais\"],\"inLanguage\":\"pt-BR\",\"potentialAction\":[{\"@type\":\"CommentAction\",\"name\":\"Comment\",\"target\":[\"https:\\\/\\\/projetoslayerup.com.br\\\/smeducacao\\\/pnld-2023-anos-iniciais-aprender-juntos-colecao-aprovada\\\/#respond\"]}]},{\"@type\":\"WebPage\",\"@id\":\"https:\\\/\\\/projetoslayerup.com.br\\\/smeducacao\\\/pnld-2023-anos-iniciais-aprender-juntos-colecao-aprovada\\\/\",\"url\":\"https:\\\/\\\/projetoslayerup.com.br\\\/smeducacao\\\/pnld-2023-anos-iniciais-aprender-juntos-colecao-aprovada\\\/\",\"name\":\"PNLD 2023 - Anos Iniciais: Aprender Juntos \u00e9 a cole\u00e7\u00e3o completa\",\"isPartOf\":{\"@id\":\"https:\\\/\\\/projetoslayerup.com.br\\\/smeducacao\\\/#website\"},\"primaryImageOfPage\":{\"@id\":\"https:\\\/\\\/projetoslayerup.com.br\\\/smeducacao\\\/pnld-2023-anos-iniciais-aprender-juntos-colecao-aprovada\\\/#primaryimage\"},\"image\":{\"@id\":\"https:\\\/\\\/projetoslayerup.com.br\\\/smeducacao\\\/pnld-2023-anos-iniciais-aprender-juntos-colecao-aprovada\\\/#primaryimage\"},\"thumbnailUrl\":\"https:\\\/\\\/projetoslayerup.com.br\\\/smeducacao\\\/wp-content\\\/uploads\\\/2022\\\/07\\\/fgz4kuz0.png\",\"datePublished\":\"2022-07-20T16:36:38+00:00\",\"author\":{\"@id\":\"https:\\\/\\\/projetoslayerup.com.br\\\/smeducacao\\\/#\\\/schema\\\/person\\\/45d7d41388698d0f902ff276caab47f5\"},\"description\":\"Conhe\u00e7a Aprender Juntos, a mais completa cole\u00e7\u00e3o did\u00e1tica para a sua escola no Objeto 1 do PNLD 2023: Anos Iniciais. Quem conhece n\u00e3o troca.\",\"breadcrumb\":{\"@id\":\"https:\\\/\\\/projetoslayerup.com.br\\\/smeducacao\\\/pnld-2023-anos-iniciais-aprender-juntos-colecao-aprovada\\\/#breadcrumb\"},\"inLanguage\":\"pt-BR\",\"potentialAction\":[{\"@type\":\"ReadAction\",\"target\":[\"https:\\\/\\\/projetoslayerup.com.br\\\/smeducacao\\\/pnld-2023-anos-iniciais-aprender-juntos-colecao-aprovada\\\/\"]}]},{\"@type\":\"ImageObject\",\"inLanguage\":\"pt-BR\",\"@id\":\"https:\\\/\\\/projetoslayerup.com.br\\\/smeducacao\\\/pnld-2023-anos-iniciais-aprender-juntos-colecao-aprovada\\\/#primaryimage\",\"url\":\"https:\\\/\\\/projetoslayerup.com.br\\\/smeducacao\\\/wp-content\\\/uploads\\\/2022\\\/07\\\/fgz4kuz0.png\",\"contentUrl\":\"https:\\\/\\\/projetoslayerup.com.br\\\/smeducacao\\\/wp-content\\\/uploads\\\/2022\\\/07\\\/fgz4kuz0.png\",\"width\":1200,\"height\":803,\"caption\":\"PNLD 2023 - Anos Iniciais: Aprender Juntos \u00e9 a cole\u00e7\u00e3o completa para a sua escola\"},{\"@type\":\"BreadcrumbList\",\"@id\":\"https:\\\/\\\/projetoslayerup.com.br\\\/smeducacao\\\/pnld-2023-anos-iniciais-aprender-juntos-colecao-aprovada\\\/#breadcrumb\",\"itemListElement\":[{\"@type\":\"ListItem\",\"position\":1,\"name\":\"In\u00edcio\",\"item\":\"https:\\\/\\\/projetoslayerup.com.br\\\/smeducacao\\\/\"},{\"@type\":\"ListItem\",\"position\":2,\"name\":\"PNLD 2023 &#8211; Anos Iniciais: Aprender Juntos \u00e9 a cole\u00e7\u00e3o completa para a sua escola\"}]},{\"@type\":\"WebSite\",\"@id\":\"https:\\\/\\\/projetoslayerup.com.br\\\/smeducacao\\\/#website\",\"url\":\"https:\\\/\\\/projetoslayerup.com.br\\\/smeducacao\\\/\",\"name\":\"SM Educa\u00e7\u00e3o - Juntos cuidamos da educa\u00e7\u00e3o!\",\"description\":\"Transformamos a educa\u00e7\u00e3o por meio de solu\u00e7\u00f5es digitais, solu\u00e7\u00f5es did\u00e1ticas para uma aprendizagem personalizada e solu\u00e7\u00f5es estrat\u00e9gicas eficientes. Juntos cuidamos da Educa\u00e7\u00e3o!\",\"potentialAction\":[{\"@type\":\"SearchAction\",\"target\":{\"@type\":\"EntryPoint\",\"urlTemplate\":\"https:\\\/\\\/projetoslayerup.com.br\\\/smeducacao\\\/?s={search_term_string}\"},\"query-input\":{\"@type\":\"PropertyValueSpecification\",\"valueRequired\":true,\"valueName\":\"search_term_string\"}}],\"inLanguage\":\"pt-BR\"},{\"@type\":\"Person\",\"@id\":\"https:\\\/\\\/projetoslayerup.com.br\\\/smeducacao\\\/#\\\/schema\\\/person\\\/45d7d41388698d0f902ff276caab47f5\",\"name\":\"SM Educa\u00e7\u00e3o\",\"image\":{\"@type\":\"ImageObject\",\"inLanguage\":\"pt-BR\",\"@id\":\"https:\\\/\\\/secure.gravatar.com\\\/avatar\\\/24327468bc2a6fb95889620b4158620d90c5e352f7a18c30af0e3f8cb70bc104?s=96&d=mm&r=g\",\"url\":\"https:\\\/\\\/secure.gravatar.com\\\/avatar\\\/24327468bc2a6fb95889620b4158620d90c5e352f7a18c30af0e3f8cb70bc104?s=96&d=mm&r=g\",\"contentUrl\":\"https:\\\/\\\/secure.gravatar.com\\\/avatar\\\/24327468bc2a6fb95889620b4158620d90c5e352f7a18c30af0e3f8cb70bc104?s=96&d=mm&r=g\",\"caption\":\"SM Educa\u00e7\u00e3o\"},\"url\":\"https:\\\/\\\/projetoslayerup.com.br\\\/smeducacao\\\/author\\\/smeducacao2021\\\/\"}]}<\/script>\n<!-- \/ Yoast SEO plugin. -->","yoast_head_json":{"title":"PNLD 2023 - Anos Iniciais: Aprender Juntos \u00e9 a cole\u00e7\u00e3o completa","description":"Conhe\u00e7a Aprender Juntos, a mais completa cole\u00e7\u00e3o did\u00e1tica para a sua escola no Objeto 1 do PNLD 2023: Anos Iniciais. Quem conhece n\u00e3o troca.","robots":{"index":"noindex","follow":"follow","max-snippet":"max-snippet:-1","max-image-preview":"max-image-preview:large","max-video-preview":"max-video-preview:-1"},"og_locale":"pt_BR","og_type":"article","og_title":"PNLD 2023 - Anos Iniciais: Aprender Juntos \u00e9 a cole\u00e7\u00e3o completa","og_description":"Conhe\u00e7a Aprender Juntos, a mais completa cole\u00e7\u00e3o did\u00e1tica para a sua escola no Objeto 1 do PNLD 2023: Anos Iniciais. Quem conhece n\u00e3o troca.","og_url":"https:\/\/projetoslayerup.com.br\/smeducacao\/pnld-2023-anos-iniciais-aprender-juntos-colecao-aprovada\/","og_site_name":"SM Educa\u00e7\u00e3o - Juntos cuidamos da educa\u00e7\u00e3o!","article_published_time":"2022-07-20T16:36:38+00:00","og_image":[{"width":1200,"height":803,"url":"https:\/\/projetoslayerup.com.br\/smeducacao\/wp-content\/uploads\/2022\/07\/fgz4kuz0.png","type":"image\/png"}],"author":"SM Educa\u00e7\u00e3o","twitter_card":"summary_large_image","twitter_misc":{"Escrito por":"SM Educa\u00e7\u00e3o","Est. tempo de leitura":"6 minutos"},"schema":{"@context":"https:\/\/schema.org","@graph":[{"@type":"Article","@id":"https:\/\/projetoslayerup.com.br\/smeducacao\/pnld-2023-anos-iniciais-aprender-juntos-colecao-aprovada\/#article","isPartOf":{"@id":"https:\/\/projetoslayerup.com.br\/smeducacao\/pnld-2023-anos-iniciais-aprender-juntos-colecao-aprovada\/"},"author":{"name":"SM Educa\u00e7\u00e3o","@id":"https:\/\/projetoslayerup.com.br\/smeducacao\/#\/schema\/person\/45d7d41388698d0f902ff276caab47f5"},"headline":"PNLD 2023 &#8211; Anos Iniciais: Aprender Juntos \u00e9 a cole\u00e7\u00e3o completa para a sua escola","datePublished":"2022-07-20T16:36:38+00:00","mainEntityOfPage":{"@id":"https:\/\/projetoslayerup.com.br\/smeducacao\/pnld-2023-anos-iniciais-aprender-juntos-colecao-aprovada\/"},"wordCount":1115,"commentCount":0,"image":{"@id":"https:\/\/projetoslayerup.com.br\/smeducacao\/pnld-2023-anos-iniciais-aprender-juntos-colecao-aprovada\/#primaryimage"},"thumbnailUrl":"https:\/\/projetoslayerup.com.br\/smeducacao\/wp-content\/uploads\/2022\/07\/fgz4kuz0.png","keywords":["anos iniciais","cole\u00e7\u00e3o aprender juntos","escolha sm","objeto 1","obras aprovadas","pnld 2023"],"articleSection":["Dicas para professores","PNLD","Solu\u00e7\u00f5es educacionais"],"inLanguage":"pt-BR","potentialAction":[{"@type":"CommentAction","name":"Comment","target":["https:\/\/projetoslayerup.com.br\/smeducacao\/pnld-2023-anos-iniciais-aprender-juntos-colecao-aprovada\/#respond"]}]},{"@type":"WebPage","@id":"https:\/\/projetoslayerup.com.br\/smeducacao\/pnld-2023-anos-iniciais-aprender-juntos-colecao-aprovada\/","url":"https:\/\/projetoslayerup.com.br\/smeducacao\/pnld-2023-anos-iniciais-aprender-juntos-colecao-aprovada\/","name":"PNLD 2023 - Anos Iniciais: Aprender Juntos \u00e9 a cole\u00e7\u00e3o completa","isPartOf":{"@id":"https:\/\/projetoslayerup.com.br\/smeducacao\/#website"},"primaryImageOfPage":{"@id":"https:\/\/projetoslayerup.com.br\/smeducacao\/pnld-2023-anos-iniciais-aprender-juntos-colecao-aprovada\/#primaryimage"},"image":{"@id":"https:\/\/projetoslayerup.com.br\/smeducacao\/pnld-2023-anos-iniciais-aprender-juntos-colecao-aprovada\/#primaryimage"},"thumbnailUrl":"https:\/\/projetoslayerup.com.br\/smeducacao\/wp-content\/uploads\/2022\/07\/fgz4kuz0.png","datePublished":"2022-07-20T16:36:38+00:00","author":{"@id":"https:\/\/projetoslayerup.com.br\/smeducacao\/#\/schema\/person\/45d7d41388698d0f902ff276caab47f5"},"description":"Conhe\u00e7a Aprender Juntos, a mais completa cole\u00e7\u00e3o did\u00e1tica para a sua escola no Objeto 1 do PNLD 2023: Anos Iniciais. Quem conhece n\u00e3o troca.","breadcrumb":{"@id":"https:\/\/projetoslayerup.com.br\/smeducacao\/pnld-2023-anos-iniciais-aprender-juntos-colecao-aprovada\/#breadcrumb"},"inLanguage":"pt-BR","potentialAction":[{"@type":"ReadAction","target":["https:\/\/projetoslayerup.com.br\/smeducacao\/pnld-2023-anos-iniciais-aprender-juntos-colecao-aprovada\/"]}]},{"@type":"ImageObject","inLanguage":"pt-BR","@id":"https:\/\/projetoslayerup.com.br\/smeducacao\/pnld-2023-anos-iniciais-aprender-juntos-colecao-aprovada\/#primaryimage","url":"https:\/\/projetoslayerup.com.br\/smeducacao\/wp-content\/uploads\/2022\/07\/fgz4kuz0.png","contentUrl":"https:\/\/projetoslayerup.com.br\/smeducacao\/wp-content\/uploads\/2022\/07\/fgz4kuz0.png","width":1200,"height":803,"caption":"PNLD 2023 - Anos Iniciais: Aprender Juntos \u00e9 a cole\u00e7\u00e3o completa para a sua escola"},{"@type":"BreadcrumbList","@id":"https:\/\/projetoslayerup.com.br\/smeducacao\/pnld-2023-anos-iniciais-aprender-juntos-colecao-aprovada\/#breadcrumb","itemListElement":[{"@type":"ListItem","position":1,"name":"In\u00edcio","item":"https:\/\/projetoslayerup.com.br\/smeducacao\/"},{"@type":"ListItem","position":2,"name":"PNLD 2023 &#8211; Anos Iniciais: Aprender Juntos \u00e9 a cole\u00e7\u00e3o completa para a sua escola"}]},{"@type":"WebSite","@id":"https:\/\/projetoslayerup.com.br\/smeducacao\/#website","url":"https:\/\/projetoslayerup.com.br\/smeducacao\/","name":"SM Educa\u00e7\u00e3o - Juntos cuidamos da educa\u00e7\u00e3o!","description":"Transformamos a educa\u00e7\u00e3o por meio de solu\u00e7\u00f5es digitais, solu\u00e7\u00f5es did\u00e1ticas para uma aprendizagem personalizada e solu\u00e7\u00f5es estrat\u00e9gicas eficientes. Juntos cuidamos da Educa\u00e7\u00e3o!","potentialAction":[{"@type":"SearchAction","target":{"@type":"EntryPoint","urlTemplate":"https:\/\/projetoslayerup.com.br\/smeducacao\/?s={search_term_string}"},"query-input":{"@type":"PropertyValueSpecification","valueRequired":true,"valueName":"search_term_string"}}],"inLanguage":"pt-BR"},{"@type":"Person","@id":"https:\/\/projetoslayerup.com.br\/smeducacao\/#\/schema\/person\/45d7d41388698d0f902ff276caab47f5","name":"SM Educa\u00e7\u00e3o","image":{"@type":"ImageObject","inLanguage":"pt-BR","@id":"https:\/\/secure.gravatar.com\/avatar\/24327468bc2a6fb95889620b4158620d90c5e352f7a18c30af0e3f8cb70bc104?s=96&d=mm&r=g","url":"https:\/\/secure.gravatar.com\/avatar\/24327468bc2a6fb95889620b4158620d90c5e352f7a18c30af0e3f8cb70bc104?s=96&d=mm&r=g","contentUrl":"https:\/\/secure.gravatar.com\/avatar\/24327468bc2a6fb95889620b4158620d90c5e352f7a18c30af0e3f8cb70bc104?s=96&d=mm&r=g","caption":"SM Educa\u00e7\u00e3o"},"url":"https:\/\/projetoslayerup.com.br\/smeducacao\/author\/smeducacao2021\/"}]}},"_links":{"self":[{"href":"https:\/\/projetoslayerup.com.br\/smeducacao\/wp-json\/wp\/v2\/posts\/5808","targetHints":{"allow":["GET"]}}],"collection":[{"href":"https:\/\/projetoslayerup.com.br\/smeducacao\/wp-json\/wp\/v2\/posts"}],"about":[{"href":"https:\/\/projetoslayerup.com.br\/smeducacao\/wp-json\/wp\/v2\/types\/post"}],"author":[{"embeddable":true,"href":"https:\/\/projetoslayerup.com.br\/smeducacao\/wp-json\/wp\/v2\/users\/2"}],"replies":[{"embeddable":true,"href":"https:\/\/projetoslayerup.com.br\/smeducacao\/wp-json\/wp\/v2\/comments?post=5808"}],"version-history":[{"count":0,"href":"https:\/\/projetoslayerup.com.br\/smeducacao\/wp-json\/wp\/v2\/posts\/5808\/revisions"}],"wp:featuredmedia":[{"embeddable":true,"href":"https:\/\/projetoslayerup.com.br\/smeducacao\/wp-json\/wp\/v2\/media\/5820"}],"wp:attachment":[{"href":"https:\/\/projetoslayerup.com.br\/smeducacao\/wp-json\/wp\/v2\/media?parent=5808"}],"wp:term":[{"taxonomy":"category","embeddable":true,"href":"https:\/\/projetoslayerup.com.br\/smeducacao\/wp-json\/wp\/v2\/categories?post=5808"},{"taxonomy":"post_tag","embeddable":true,"href":"https:\/\/projetoslayerup.com.br\/smeducacao\/wp-json\/wp\/v2\/tags?post=5808"},{"taxonomy":"blog_nivel_escolar","embeddable":true,"href":"https:\/\/projetoslayerup.com.br\/smeducacao\/wp-json\/wp\/v2\/blog_nivel_escolar?post=5808"},{"taxonomy":"blog_segmento_escolar","embeddable":true,"href":"https:\/\/projetoslayerup.com.br\/smeducacao\/wp-json\/wp\/v2\/blog_segmento_escolar?post=5808"}],"curies":[{"name":"wp","href":"https:\/\/api.w.org\/{rel}","templated":true}]}}