{"id":5854,"date":"2022-09-09T15:27:42","date_gmt":"2022-09-09T18:27:42","guid":{"rendered":"https:\/\/www.smeducacao.com.br\/?p=5854"},"modified":"2026-08-19T18:27:35","modified_gmt":"2026-08-19T18:27:35","slug":"aprender-juntos-a-melhor-colecao-didatica-do-pnld-2023","status":"publish","type":"post","link":"https:\/\/projetoslayerup.com.br\/smeducacao\/aprender-juntos-a-melhor-colecao-didatica-do-pnld-2023\/","title":{"rendered":"Aprender Juntos: a melhor cole\u00e7\u00e3o did\u00e1tica do PNLD 2023 &#8211; Anos Iniciais"},"content":{"rendered":"<p><span style=\"font-weight: 400;\">O sistema para a <\/span><a href=\"https:\/\/pnld.smeducacao.com.br\/\"><span style=\"font-weight: 400;\">escolha das obras did\u00e1ticas do PNLD 2023 &#8211; Anos Iniciais<\/span><\/a><span style=\"font-weight: 400;\"> j\u00e1 est\u00e1 aberto. Sendo assim, teve in\u00edcio o <\/span><b>processo da ades\u00e3o de uma cole\u00e7\u00e3o did\u00e1tica<\/b><span style=\"font-weight: 400;\"> nas escolas p\u00fablicas de todo o Brasil, o qual deve passar por um rigoroso crit\u00e9rio de qualidade. E a cole\u00e7\u00e3o did\u00e1tica <\/span><a href=\"https:\/\/pnld.smeducacao.com.br\/objeto-1\/\"><span style=\"font-weight: 400;\">Aprender Juntos<\/span><\/a><span style=\"font-weight: 400;\">, da SM Educa\u00e7\u00e3o, \u00e9 a melhor escolha neste cen\u00e1rio.<\/span><\/p>\n<p><span style=\"font-weight: 400;\">Os conte\u00fados inovadores e conectados ao universo infantil de Aprender Juntos j\u00e1 apoiaram <\/span><b>mais de 19 mil escolas no desenvolvimento de compet\u00eancias socioemocionais<\/b><span style=\"font-weight: 400;\">, e tamb\u00e9m possibilitou que as escolas realizassem excelente trabalho educativo com os seus alunos.\u00a0<\/span><\/p>\n<p><span style=\"font-weight: 400;\">Os livros desta cole\u00e7\u00e3o ir\u00e3o <\/span><b>nortear todo o processo de aprendizagem dos alunos de forma integrada<\/b><span style=\"font-weight: 400;\">, algo que, especialmente nos primeiros anos do Ensino Fundamental, exige uma aten\u00e7\u00e3o ainda maior. Continue neste artigo para entender quais crit\u00e9rios seguir para adotar uma cole\u00e7\u00e3o did\u00e1tica e o<\/span><b> porqu\u00ea Aprender Juntos \u00e9 a melhor escolha <\/b><span style=\"font-weight: 400;\">neste cen\u00e1rio.<\/span><\/p>\n<h2><span style=\"font-weight: 400;\">Cole\u00e7\u00e3o did\u00e1tica: uma integra\u00e7\u00e3o necess\u00e1ria<\/span><\/h2>\n<p><span style=\"font-weight: 400;\">Quando a escola opta por uma cole\u00e7\u00e3o did\u00e1tica \u00fanica para todos os componentes curriculares, h\u00e1 uma s\u00e9rie de <\/span><a href=\"https:\/\/projetoslayerup.com.br\/smeducacao\/colecao-livros-didaticos-aprender-juntos-vantagens\/\"><span style=\"font-weight: 400;\">vantagens decisivas<\/span><\/a><span style=\"font-weight: 400;\"> para um aprendizado s\u00f3lido, integral e eficaz. Os <\/span><b>livros da cole\u00e7\u00e3o Aprender Juntos trazem todas essas vantagens<\/b><span style=\"font-weight: 400;\"> &#8211; e muito mais. Descubra quais s\u00e3o as principais:<\/span><\/p>\n<p><a href=\"https:\/\/pnld.smeducacao.com.br\/objeto-1\/\" target=\"_blank\" rel=\"noopener\"><img loading=\"lazy\" decoding=\"async\" class=\"alignnone wp-image-5857 size-full\" src=\"https:\/\/projetoslayerup.com.br\/smeducacao\/wp-content\/uploads\/2022\/09\/BLOGPOST_Prancheta-1.png\" alt=\"Vantagens de uma cole\u00e7\u00e3o did\u00e1tica completa no PNLD 2023\" width=\"800\" height=\"580\" srcset=\"https:\/\/projetoslayerup.com.br\/smeducacao\/wp-content\/uploads\/2022\/09\/BLOGPOST_Prancheta-1.png 800w, https:\/\/projetoslayerup.com.br\/smeducacao\/wp-content\/uploads\/2022\/09\/BLOGPOST_Prancheta-1-300x218.png 300w, https:\/\/projetoslayerup.com.br\/smeducacao\/wp-content\/uploads\/2022\/09\/BLOGPOST_Prancheta-1-768x557.png 768w\" sizes=\"auto, (max-width: 800px) 100vw, 800px\" \/><\/a><\/p>\n<p><span style=\"font-weight: 400;\">Com essas vantagens, uma escola que opta por uma cole\u00e7\u00e3o did\u00e1tica completa est\u00e1 \u00e0 frente na qualidade de ensino, respeitando as exig\u00eancias da Base Nacional Comum Curricular (BNCC).\u00a0<\/span><\/p>\n<h3><span style=\"font-weight: 400;\">Principais crit\u00e9rios de escolha de um material did\u00e1tico<\/span><\/h3>\n<p><span style=\"font-weight: 400;\">Dada a import\u00e2ncia de ter \u00e0 disposi\u00e7\u00e3o uma cole\u00e7\u00e3o did\u00e1tica completa na institui\u00e7\u00e3o de ensino, \u00e9 hora de entender os <\/span><a href=\"https:\/\/projetoslayerup.com.br\/smeducacao\/livros-didaticos-como-escolher-e-qual-a-sua-importancia\"><b>crit\u00e9rios a serem considerados na hora de escolher essas obras<\/b><\/a><span style=\"font-weight: 400;\"> essenciais para o aprendizado.\u00a0<\/span><\/p>\n<p><span style=\"font-weight: 400;\">Dentre os pontos importantes de an\u00e1lise, destacam-se cinco fundamentais:<\/span><\/p>\n<ol>\n<li style=\"font-weight: 400;\" aria-level=\"1\"><span style=\"font-weight: 400;\">Boa diagrama\u00e7\u00e3o das obras, facilidade na leitura e a compreens\u00e3o pelos professores e alunos;<\/span><\/li>\n<li style=\"font-weight: 400;\" aria-level=\"1\"><span style=\"font-weight: 400;\">Livros do professor facilitados, com propostas de avalia\u00e7\u00e3o de acordo com o conte\u00fado abordado e que passem pelos n\u00edveis cognitivos de complexidade;<\/span><\/li>\n<li style=\"font-weight: 400;\" aria-level=\"1\"><span style=\"font-weight: 400;\">Ir al\u00e9m do ensino dos componentes curriculares e abordar compet\u00eancias socioemocionais, propondo um ensino integral para al\u00e9m da sala de aula;<\/span><\/li>\n<li style=\"font-weight: 400;\" aria-level=\"1\"><span style=\"font-weight: 400;\">Propostas de atividades din\u00e2micas<\/span> <span style=\"font-weight: 400;\">e que estimulem o protagonismo do aluno;<\/span><\/li>\n<li style=\"font-weight: 400;\" aria-level=\"1\"><span style=\"font-weight: 400;\">Indica\u00e7\u00e3o de conte\u00fados complementares ao proposto no livro e se os conte\u00fados do livro, como textos, imagens e assuntos, s\u00e3o atuais.<\/span><\/li>\n<\/ol>\n<p><span style=\"font-weight: 400;\">Quer ter acesso a todas essas vantagens na cole\u00e7\u00e3o did\u00e1tica escolhida agora que o sistema est\u00e1 aberto? A SM Educa\u00e7\u00e3o tem a solu\u00e7\u00e3o perfeita: <\/span><a href=\"https:\/\/pnld.smeducacao.com.br\/objeto-1\/\"><i><span style=\"font-weight: 400;\">Aprender Juntos<\/span><\/i><span style=\"font-weight: 400;\">, a cole\u00e7\u00e3o 100% aprovada no PNLD 2023 &#8211; Anos Iniciais<\/span><\/a><span style=\"font-weight: 400;\">.<\/span><\/p>\n<h2><span style=\"font-weight: 400;\">Aprender Juntos \u00e9 a cole\u00e7\u00e3o did\u00e1tica completa para a sua escola<\/span><\/h2>\n<p><i><span style=\"font-weight: 400;\">Aprender Juntos<\/span><\/i><span style=\"font-weight: 400;\"> \u00e9 a <\/span><b>melhor cole\u00e7\u00e3o did\u00e1tica do PNLD 2023<\/b><span style=\"font-weight: 400;\">. Com obras para todas as \u00e1reas do conhecimento, os materiais da SM Educa\u00e7\u00e3o oferecem um ensino integral, de qualidade e com a garantia das exig\u00eancias da BNCC.\u00a0<\/span><\/p>\n<p><span style=\"font-weight: 400;\">Ou seja, essa \u00e9 a oportunidade perfeita de contar com conte\u00fados que ensinam com profundidade, enquanto despertam a cidadania e um olhar para os componentes curriculares que v\u00e3o muito al\u00e9m da sala de aula.<\/span><\/p>\n<p><span style=\"font-weight: 400;\">Veja as principais contribui\u00e7\u00f5es e por que adotar:<\/span><\/p>\n<p><a href=\"https:\/\/pnld.smeducacao.com.br\/objeto-1\/\" target=\"_blank\" rel=\"noopener\"><img loading=\"lazy\" decoding=\"async\" class=\"alignnone wp-image-5858 size-full\" src=\"https:\/\/projetoslayerup.com.br\/smeducacao\/wp-content\/uploads\/2022\/09\/BLOGPOST_Prancheta-1-copiar.png\" alt=\"PNLD 2023: o que era bom ficou ainda melhor\" width=\"800\" height=\"848\" srcset=\"https:\/\/projetoslayerup.com.br\/smeducacao\/wp-content\/uploads\/2022\/09\/BLOGPOST_Prancheta-1-copiar.png 800w, https:\/\/projetoslayerup.com.br\/smeducacao\/wp-content\/uploads\/2022\/09\/BLOGPOST_Prancheta-1-copiar-283x300.png 283w, https:\/\/projetoslayerup.com.br\/smeducacao\/wp-content\/uploads\/2022\/09\/BLOGPOST_Prancheta-1-copiar-768x814.png 768w\" sizes=\"auto, (max-width: 800px) 100vw, 800px\" \/><\/a><\/p>\n<p><span style=\"font-weight: 400;\">Ainda n\u00e3o est\u00e1 convencido(a) de que <\/span><i><span style=\"font-weight: 400;\">Aprender Juntos<\/span><\/i><span style=\"font-weight: 400;\"> \u00e9 a escolha ideal para a sua institui\u00e7\u00e3o? Ent\u00e3o, confira a seguir os componentes e especialidades da cole\u00e7\u00e3o did\u00e1tica, e saiba como ela \u00e9 a forma mais pr\u00e1tica de guiar os alunos a uma <\/span><b>forma\u00e7\u00e3o integral, cont\u00ednua, interativa e l\u00fadica<\/b><span style=\"font-weight: 400;\">.<\/span><\/p>\n<h3><span style=\"font-weight: 400;\">Aprender Juntos &#8211; L\u00edngua Portuguesa<\/span><\/h3>\n<p><span style=\"font-weight: 400;\">A cole\u00e7\u00e3o <\/span><i><span style=\"font-weight: 400;\">Aprender Juntos<\/span><\/i><span style=\"font-weight: 400;\"> destinada ao componente de <\/span><b>L\u00edngua Portuguesa<\/b><span style=\"font-weight: 400;\"> considera a linguagem como elemento fundamental na educa\u00e7\u00e3o integral dos estudantes, sendo a ferramenta de express\u00e3o de todo cidad\u00e3o. Quer saber como? Veja alguns destaques:<\/span><\/p>\n<ul>\n<li style=\"font-weight: 400;\" aria-level=\"1\"><span style=\"font-weight: 400;\">Foco na alfabetiza\u00e7\u00e3o nos dois primeiros anos de maneira sistematizada, mobilizada por meio das pr\u00e1ticas de linguagem;<\/span><\/li>\n<li style=\"font-weight: 400;\" aria-level=\"1\"><span style=\"font-weight: 400;\">Rica colet\u00e2nea de textos, com diversidade de g\u00eaneros e autores, propiciando a amplia\u00e7\u00e3o de repert\u00f3rio dos estudantes e desenvolvendo sua compet\u00eancia leitora;<\/span><\/li>\n<li style=\"font-weight: 400;\" aria-level=\"1\"><span style=\"font-weight: 400;\">Os conte\u00fados lingu\u00edsticos s\u00e3o abordados de maneira contextualizada e articulada com os eixos de leitura e escrita.<\/span><\/li>\n<\/ul>\n<p><span style=\"font-weight: 400;\">Sendo assim, desde a alfabetiza\u00e7\u00e3o at\u00e9 o trabalho consistente com o eixo de produ\u00e7\u00e3o de textos, essa \u00e9 a cole\u00e7\u00e3o ideal para quem busca uma <\/span><b>rica colet\u00e2nea de textos <\/b><span style=\"font-weight: 400;\">e um <\/span><b>design l\u00fadico <\/b><span style=\"font-weight: 400;\">que visa uma aprendizagem verdadeiramente intuitiva.\u00a0<\/span><\/p>\n<p><a href=\"https:\/\/pnld.smeducacao.com.br\/objeto-1\/area-do-conhecimento\/lingua-portuguesa-aprender-juntos\/\" target=\"_blank\" rel=\"noopener\"><img loading=\"lazy\" decoding=\"async\" class=\"alignnone wp-image-5859 size-full\" src=\"https:\/\/projetoslayerup.com.br\/smeducacao\/wp-content\/uploads\/2022\/09\/BLOGPOST_Lingua-portuguesa.png\" alt=\"Aprender Juntos L\u00edngua Portuguesa\" width=\"800\" height=\"416\" srcset=\"https:\/\/projetoslayerup.com.br\/smeducacao\/wp-content\/uploads\/2022\/09\/BLOGPOST_Lingua-portuguesa.png 800w, https:\/\/projetoslayerup.com.br\/smeducacao\/wp-content\/uploads\/2022\/09\/BLOGPOST_Lingua-portuguesa-300x156.png 300w, https:\/\/projetoslayerup.com.br\/smeducacao\/wp-content\/uploads\/2022\/09\/BLOGPOST_Lingua-portuguesa-768x399.png 768w\" sizes=\"auto, (max-width: 800px) 100vw, 800px\" \/><\/a><\/p>\n<h3><span style=\"font-weight: 400;\">Aprender Juntos &#8211; Matem\u00e1tica<\/span><\/h3>\n<p><span style=\"font-weight: 400;\">Agora, com o sistema do PNLD 2023 &#8211; Anos Inicias aberto para escolha, as escolas p\u00fablicas de todo o Brasil ter\u00e3o ainda a oportunidade de receber o apoio da cole\u00e7\u00e3o <\/span><i><span style=\"font-weight: 400;\">Aprender Juntos &#8211; Matem\u00e1tica<\/span><\/i><span style=\"font-weight: 400;\">, que possibilita ao aluno <\/span><b>compreender a fun\u00e7\u00e3o da linguagem matem\u00e1tica<\/b><span style=\"font-weight: 400;\">, proporcionando o desenvolvimento da autonomia e do pensamento cr\u00edtico-reflexivo.\u00a0<\/span><\/p>\n<p><span style=\"font-weight: 400;\">Com <\/span><b>jogos, atividades interativas e o trabalho das compet\u00eancias socioemocionais<\/b><span style=\"font-weight: 400;\">, os materiais se destacam como a melhor escolha para quem deseja um aprendizado ampliado e integral:<\/span><\/p>\n<ul>\n<li style=\"font-weight: 400;\" aria-level=\"1\"><span style=\"font-weight: 400;\">Desenvolvimento de conte\u00fados de maneira espiral. Ou seja, a cada ano \u00e9 feita uma breve retomada para que seja poss\u00edvel ampliar os conhecimentos;<\/span><\/li>\n<li style=\"font-weight: 400;\" aria-level=\"1\"><span style=\"font-weight: 400;\">Prop\u00f5e jogos que envolvem os conte\u00fados estudados e que apresentam atividades que permitem explorar as estrat\u00e9gias de jogo ou analisar as jogadas;<\/span><\/li>\n<li style=\"font-weight: 400;\" aria-level=\"1\"><span style=\"font-weight: 400;\">Trabalha as compet\u00eancias socioemocionais com o intuito de contribuir para que os estudantes desenvolvam o gerenciamento de suas emo\u00e7\u00f5es.<\/span><\/li>\n<\/ul>\n<p><a href=\"https:\/\/pnld.smeducacao.com.br\/objeto-1\/area-do-conhecimento\/matematica-aprender-juntos\/\" target=\"_blank\" rel=\"noopener\"><img loading=\"lazy\" decoding=\"async\" class=\"alignnone wp-image-5860 size-full\" src=\"https:\/\/projetoslayerup.com.br\/smeducacao\/wp-content\/uploads\/2022\/09\/BLOGPOST_matematica.png\" alt=\"Aprender Juntos Matem\u00e1tica\" width=\"800\" height=\"418\" srcset=\"https:\/\/projetoslayerup.com.br\/smeducacao\/wp-content\/uploads\/2022\/09\/BLOGPOST_matematica.png 800w, https:\/\/projetoslayerup.com.br\/smeducacao\/wp-content\/uploads\/2022\/09\/BLOGPOST_matematica-300x157.png 300w, https:\/\/projetoslayerup.com.br\/smeducacao\/wp-content\/uploads\/2022\/09\/BLOGPOST_matematica-768x401.png 768w\" sizes=\"auto, (max-width: 800px) 100vw, 800px\" \/><\/a><\/p>\n<h3><span style=\"font-weight: 400;\">Aprender Juntos &#8211; Geografia e Hist\u00f3ria<\/span><\/h3>\n<p><span style=\"font-weight: 400;\">Para uma <\/span><a href=\"https:\/\/projetoslayerup.com.br\/smeducacao\/pnld-2023-anos-iniciais-ensino-fundamental-como-funciona\/\"><span style=\"font-weight: 400;\">melhor atua\u00e7\u00e3o nos Anos Iniciais do Ensino Fundamental<\/span><\/a><span style=\"font-weight: 400;\">, a cole\u00e7\u00e3o did\u00e1tica <\/span><i><span style=\"font-weight: 400;\">Aprender Juntos &#8211; Geografia e Hist\u00f3ria<\/span><\/i><span style=\"font-weight: 400;\"> est\u00e1 <\/span><b>reformulada, moderna, l\u00fadica e ainda mais completa<\/b><span style=\"font-weight: 400;\">. Nela, voc\u00ea encontra a interdisciplinaridade aliada \u00e0 forma\u00e7\u00e3o cidad\u00e3, ao desenvolvimento de compet\u00eancias socioemocionais e muito mais:<\/span><\/p>\n<ul>\n<li style=\"font-weight: 400;\" aria-level=\"1\"><span style=\"font-weight: 400;\">Apresenta, contextualiza e proporciona a an\u00e1lise e interpreta\u00e7\u00e3o de fontes documentais diversas, especialmente as imag\u00e9ticas;<\/span><\/li>\n<li style=\"font-weight: 400;\" aria-level=\"1\"><span style=\"font-weight: 400;\">Enfatiza o processo de alfabetiza\u00e7\u00e3o cartogr\u00e1fica por meio do trabalho com diferentes formas de representa\u00e7\u00e3o;<\/span><\/li>\n<li style=\"font-weight: 400;\" aria-level=\"1\"><span style=\"font-weight: 400;\">Proporciona diferentes formas de avalia\u00e7\u00e3o de maneira cont\u00ednua e integrada ao desenvolvimento de compet\u00eancias e habilidades.<\/span><\/li>\n<\/ul>\n<p><span style=\"font-weight: 400;\">Agora que voc\u00ea conhece alguns dos destaques dessa cole\u00e7\u00e3o 100% aprovada no PNLD 2023, leve o melhor da educa\u00e7\u00e3o nas ci\u00eancias humanas para a sua escola! Sociedade, espa\u00e7o e tempo s\u00e3o os<\/span><b> eixos integradores para um aprendizado significativo e real<\/b><span style=\"font-weight: 400;\">.<\/span><\/p>\n<p><a href=\"https:\/\/pnld.smeducacao.com.br\/objeto-1\/area-do-conhecimento\/ciencias-humanas\/\" target=\"_blank\" rel=\"noopener\"><img loading=\"lazy\" decoding=\"async\" class=\"alignnone wp-image-5861 size-full\" src=\"https:\/\/projetoslayerup.com.br\/smeducacao\/wp-content\/uploads\/2022\/09\/BLOGPOST_geografia-historia.png\" alt=\"Aprender Juntos Geografia e Hist\u00f3ria\" width=\"800\" height=\"412\" srcset=\"https:\/\/projetoslayerup.com.br\/smeducacao\/wp-content\/uploads\/2022\/09\/BLOGPOST_geografia-historia.png 800w, https:\/\/projetoslayerup.com.br\/smeducacao\/wp-content\/uploads\/2022\/09\/BLOGPOST_geografia-historia-300x155.png 300w, https:\/\/projetoslayerup.com.br\/smeducacao\/wp-content\/uploads\/2022\/09\/BLOGPOST_geografia-historia-768x396.png 768w\" sizes=\"auto, (max-width: 800px) 100vw, 800px\" \/><\/a><\/p>\n<h3><span style=\"font-weight: 400;\">Aprender Juntos &#8211; Ci\u00eancias<\/span><\/h3>\n<p><span style=\"font-weight: 400;\">Buscando por obras que<\/span> <span style=\"font-weight: 400;\">valorizem <\/span><b>conhecimentos e procedimentos cient\u00edficos<\/b><span style=\"font-weight: 400;\">, diversidade sociocultural, contextos, valores e emo\u00e7\u00f5es dos estudantes dos anos iniciais? Ent\u00e3o, <\/span><i><span style=\"font-weight: 400;\">Aprender Juntos &#8211; Ci\u00eancias<\/span><\/i><span style=\"font-weight: 400;\"> \u00e9 para voc\u00ea!<\/span><\/p>\n<p><span style=\"font-weight: 400;\">Permitindo aprender e fazer ci\u00eancias de modo significativo, a cole\u00e7\u00e3o did\u00e1tica <\/span><b>estimula o protagonismo estudantil<\/b><span style=\"font-weight: 400;\">, colocando os alunos em contato com saberes e procedimentos cient\u00edficos, envolve-os em uma variedade de atividades e incentiva-os a trabalhar em grupo com propostas bem elaboradas:<\/span><\/p>\n<ul>\n<li style=\"font-weight: 400;\" aria-level=\"1\"><span style=\"font-weight: 400;\">Incentivo ao fazer cient\u00edfico com atividades de simples execu\u00e7\u00e3o e materiais acess\u00edveis, promovendo a investiga\u00e7\u00e3o cient\u00edfica;<\/span><\/li>\n<li style=\"font-weight: 400;\" aria-level=\"1\"><span style=\"font-weight: 400;\">Valoriza\u00e7\u00e3o da diversidade cultural, de atitudes, de valores e de experi\u00eancias, al\u00e9m de abordagem de compet\u00eancias socioemocionais;<\/span><\/li>\n<li style=\"font-weight: 400;\" aria-level=\"1\"><span style=\"font-weight: 400;\">Promo\u00e7\u00e3o dos componentes essenciais do Plano Nacional de Alfabetiza\u00e7\u00e3o (PNA) aliada ao desenvolvimento de compet\u00eancias e habilidades espec\u00edficos de Ci\u00eancias determinados pela BNCC.<\/span><\/li>\n<\/ul>\n<p><a href=\"https:\/\/pnld.smeducacao.com.br\/objeto-1\/area-do-conhecimento\/ciencias-natureza\/\" target=\"_blank\" rel=\"noopener\"><img loading=\"lazy\" decoding=\"async\" class=\"alignnone wp-image-5862 size-full\" src=\"https:\/\/projetoslayerup.com.br\/smeducacao\/wp-content\/uploads\/2022\/09\/BLOGPOST_CIENCIAS.png\" alt=\"Aprender Juntos Ci\u00eancias\" width=\"800\" height=\"416\" srcset=\"https:\/\/projetoslayerup.com.br\/smeducacao\/wp-content\/uploads\/2022\/09\/BLOGPOST_CIENCIAS.png 800w, https:\/\/projetoslayerup.com.br\/smeducacao\/wp-content\/uploads\/2022\/09\/BLOGPOST_CIENCIAS-300x156.png 300w, https:\/\/projetoslayerup.com.br\/smeducacao\/wp-content\/uploads\/2022\/09\/BLOGPOST_CIENCIAS-768x399.png 768w\" sizes=\"auto, (max-width: 800px) 100vw, 800px\" \/><\/a><\/p>\n<h3><span style=\"font-weight: 400;\">Aprender Juntos &#8211; Arte<\/span><\/h3>\n<p><span style=\"font-weight: 400;\">Com a cole\u00e7\u00e3o <\/span><i><span style=\"font-weight: 400;\">Aprender Juntos &#8211; Arte<\/span><\/i><span style=\"font-weight: 400;\">, os estudantes da sua escola ser\u00e3o estimulados a <\/span><b>viver e explorar as linguagens art\u00edsticas<\/b><span style=\"font-weight: 400;\">, de forma interdisciplinar e integrada. Isso porque o material visa formar cidad\u00e3os capazes de apreciar e se expressar artisticamente, integrando o aprendizado de conceitos das linguagens art\u00edsticas ao dia a dia.\u00a0<\/span><\/p>\n<p><span style=\"font-weight: 400;\">Veja alguns destaques:<\/span><\/p>\n<ul>\n<li style=\"font-weight: 400;\" aria-level=\"1\"><span style=\"font-weight: 400;\">A estrutura da obra possibilita ao professor apresentar as linguagens art\u00edsticas da maneira que lhe for mais adequada, garantindo sua autonomia e protagonismo;<\/span><\/li>\n<li style=\"font-weight: 400;\" aria-level=\"1\"><span style=\"font-weight: 400;\">A sele\u00e7\u00e3o de obras apresentada na cole\u00e7\u00e3o respeita o universo dos estudantes e possibilita aproximar a escola e a comunidade;<\/span><\/li>\n<li style=\"font-weight: 400;\" aria-level=\"1\"><span style=\"font-weight: 400;\">O desenvolvimento de compet\u00eancias socioemocionais se d\u00e1 de modo articulado com os aprendizados disciplinares.<\/span><\/li>\n<\/ul>\n<p><span style=\"font-weight: 400;\">Em resumo, s\u00e3o atividades pr\u00e1ticas, conte\u00fados que aproximam institui\u00e7\u00e3o e comunidade, uma <\/span><b>estrutura flex\u00edvel para os professores terem autonomia no ensino de arte<\/b><span style=\"font-weight: 400;\"> e muito mais. \u00c9 por isso que quem conhece, n\u00e3o troca!<\/span><\/p>\n<p><a href=\"https:\/\/pnld.smeducacao.com.br\/objeto-1\/componente-especialidade\/arte-aprender-juntos\/\" target=\"_blank\" rel=\"noopener\"><span style=\"font-weight: 400;\"><img loading=\"lazy\" decoding=\"async\" class=\"alignnone wp-image-5863 size-full\" src=\"https:\/\/projetoslayerup.com.br\/smeducacao\/wp-content\/uploads\/2022\/09\/BLOGPOST_ARTE.png\" alt=\"Aprender Juntos Arte\" width=\"800\" height=\"418\" srcset=\"https:\/\/projetoslayerup.com.br\/smeducacao\/wp-content\/uploads\/2022\/09\/BLOGPOST_ARTE.png 800w, https:\/\/projetoslayerup.com.br\/smeducacao\/wp-content\/uploads\/2022\/09\/BLOGPOST_ARTE-300x157.png 300w, https:\/\/projetoslayerup.com.br\/smeducacao\/wp-content\/uploads\/2022\/09\/BLOGPOST_ARTE-768x401.png 768w\" sizes=\"auto, (max-width: 800px) 100vw, 800px\" \/><\/span><\/a><\/p>\n<h3><span style=\"font-weight: 400;\">Aprender Juntos &#8211; Geografia<\/span><\/h3>\n<p><span style=\"font-weight: 400;\">Antes de fazer a sua escolha no PNLD 2023 &#8211; Anos Iniciais, considere <\/span><i><span style=\"font-weight: 400;\">Aprender juntos &#8211; Geografia<\/span><\/i><span style=\"font-weight: 400;\">, a cole\u00e7\u00e3o que foi pensada para <\/span><b>promover a compreens\u00e3o dos fen\u00f4menos geogr\u00e1ficos<\/b><span style=\"font-weight: 400;\"> a partir dos lugares de viv\u00eancia do estudante, com propostas inovadoras e significativas:<\/span><\/p>\n<ul>\n<li style=\"font-weight: 400;\" aria-level=\"1\"><span style=\"font-weight: 400;\">Valoriza os conhecimentos pr\u00e9vios do estudante, possibilitando construir novas rela\u00e7\u00f5es e significados, al\u00e9m de dar importantes subs\u00eddios para o professor planejar as aulas;<\/span><\/li>\n<li style=\"font-weight: 400;\" aria-level=\"1\"><span style=\"font-weight: 400;\">Promove o respeito \u00e0 diversidade e o combate ao preconceito de qualquer natureza com um constante trabalho com a diversidade paisag\u00edstica e dos grupos sociais;<\/span><\/li>\n<li style=\"font-weight: 400;\" aria-level=\"1\"><span style=\"font-weight: 400;\">O conte\u00fado apoia, de modo consistente, o processo de alfabetiza\u00e7\u00e3o cartogr\u00e1fica, possibilitando, portanto, o desenvolvimento do racioc\u00ednio geogr\u00e1fico.<\/span><\/li>\n<\/ul>\n<p><span style=\"font-weight: 400;\">A ideia \u00e9 proporcionar um <\/span><b>aprendizado din\u00e2mico e ampliado<\/b><span style=\"font-weight: 400;\">, valorizando a diversidade sociocultural e paisag\u00edstica do Brasil e do mundo. Por isso, com a abertura do per\u00edodo de escolha, contar com esse material enriquecedor na sua escola \u00e9 a melhor op\u00e7\u00e3o!\u00a0<\/span><\/p>\n<p><a href=\"https:\/\/pnld.smeducacao.com.br\/objeto-1\/componente-especialidade\/geografia\/\" target=\"_blank\" rel=\"noopener\"><img loading=\"lazy\" decoding=\"async\" class=\"alignnone wp-image-5864 size-full\" src=\"https:\/\/projetoslayerup.com.br\/smeducacao\/wp-content\/uploads\/2022\/09\/BLOGPOST_GEOGRAFIA.png\" alt=\"Aprender Juntos Geografia\" width=\"800\" height=\"448\" srcset=\"https:\/\/projetoslayerup.com.br\/smeducacao\/wp-content\/uploads\/2022\/09\/BLOGPOST_GEOGRAFIA.png 800w, https:\/\/projetoslayerup.com.br\/smeducacao\/wp-content\/uploads\/2022\/09\/BLOGPOST_GEOGRAFIA-300x168.png 300w, https:\/\/projetoslayerup.com.br\/smeducacao\/wp-content\/uploads\/2022\/09\/BLOGPOST_GEOGRAFIA-768x430.png 768w\" sizes=\"auto, (max-width: 800px) 100vw, 800px\" \/><\/a><\/p>\n<h3><span style=\"font-weight: 400;\">Aprender Juntos &#8211; Hist\u00f3ria<\/span><\/h3>\n<p><span style=\"font-weight: 400;\">A cole\u00e7\u00e3o did\u00e1tica <\/span><i><span style=\"font-weight: 400;\">Aprender juntos &#8211; Hist\u00f3ria<\/span><\/i><span style=\"font-weight: 400;\"> estimula os estudantes dos anos iniciais a investigarem as hist\u00f3rias das fam\u00edlias, das comunidades, dos munic\u00edpios e do Brasil, <\/span><b>trabalhando o seu reconhecimento como sujeitos hist\u00f3ricos<\/b><span style=\"font-weight: 400;\">.\u00a0<\/span><\/p>\n<p><span style=\"font-weight: 400;\">Dessa forma, o material se descata como a escolha perfeita para quem valoriza uma <\/span><b>aprendizagem din\u00e2mica<\/b><span style=\"font-weight: 400;\">. Afinal, possibilita tanto a abordagem tradicional quanto a organizada em projetos, garantindo <\/span><b>flexibilidade ao docente<\/b><span style=\"font-weight: 400;\">, que pode adaptar as propostas de acordo com o grupo de estudantes:<\/span><\/p>\n<ul>\n<li style=\"font-weight: 400;\" aria-level=\"1\"><span style=\"font-weight: 400;\">O trabalho com unidades temporais, sistemas num\u00e9ricos, leitura de textos e produ\u00e7\u00e3o de escrita acompanha a BNCC de L\u00edngua Portuguesa e de Matem\u00e1tica, auxiliando o desenvolvimento do estudante nessas \u00e1reas;<\/span><\/li>\n<li style=\"font-weight: 400;\" aria-level=\"1\"><span style=\"font-weight: 400;\">Oferece fontes hist\u00f3ricas de natureza material e imaterial, incentivando a valoriza\u00e7\u00e3o da diversidade cultural e dos costumes da pr\u00f3pria comunidade.<\/span><\/li>\n<\/ul>\n<p><a href=\"https:\/\/pnld.smeducacao.com.br\/objeto-1\/componente-especialidade\/historia-aprender-juntos\/\" target=\"_blank\" rel=\"noopener\"><img loading=\"lazy\" decoding=\"async\" class=\"alignnone wp-image-5865 size-full\" src=\"https:\/\/projetoslayerup.com.br\/smeducacao\/wp-content\/uploads\/2022\/09\/BLOGPOST_CIENCIAS-copiar.png\" alt=\"Aprender Juntos Hist\u00f3ria\" width=\"800\" height=\"404\" srcset=\"https:\/\/projetoslayerup.com.br\/smeducacao\/wp-content\/uploads\/2022\/09\/BLOGPOST_CIENCIAS-copiar.png 800w, https:\/\/projetoslayerup.com.br\/smeducacao\/wp-content\/uploads\/2022\/09\/BLOGPOST_CIENCIAS-copiar-300x152.png 300w, https:\/\/projetoslayerup.com.br\/smeducacao\/wp-content\/uploads\/2022\/09\/BLOGPOST_CIENCIAS-copiar-768x388.png 768w\" sizes=\"auto, (max-width: 800px) 100vw, 800px\" \/><\/a><\/p>\n<h3><span style=\"font-weight: 400;\">Aprendendendo com Projetos &#8211; Projetos Integradores<\/span><\/h3>\n<p><span style=\"font-weight: 400;\">A cole\u00e7\u00e3o <\/span><i><span style=\"font-weight: 400;\">Aprendendo com Projetos &#8211; Projetos Integradores<\/span><\/i><span style=\"font-weight: 400;\">, da <\/span><b>editora Evoluir<\/b><span style=\"font-weight: 400;\">, \u00e9 a escolha ideal para quem<\/span><b> valoriza uma educa\u00e7\u00e3o inovadora<\/b><span style=\"font-weight: 400;\">, conectando o aluno ao mundo ao seu redor atrav\u00e9s de projetos de aprendizagem com temas contempor\u00e2neos. Veja o motivo:<\/span><\/p>\n<ul>\n<li style=\"font-weight: 400;\" aria-level=\"1\"><span style=\"font-weight: 400;\">Os projetos da cole\u00e7\u00e3o colocam o estudante na posi\u00e7\u00e3o de protagonista do seu aprendizado, com autonomia para escolher o que e como aprender;<\/span><\/li>\n<li style=\"font-weight: 400;\" aria-level=\"1\"><span style=\"font-weight: 400;\">Oferece projetos interdisciplinares que possibilitam a colabora\u00e7\u00e3o entre professores no planejamento, realiza\u00e7\u00e3o e avalia\u00e7\u00e3o da aprendizagem;<\/span><\/li>\n<li style=\"font-weight: 400;\" aria-level=\"1\"><span style=\"font-weight: 400;\">Apresenta planos de aula e orienta\u00e7\u00f5es claras ao professor, para tornar o trabalho com projetos mais f\u00e1cil e integrado \u00e0 pr\u00e1tica docente.<\/span><span style=\"font-weight: 400;\"><br \/>\n<\/span><\/li>\n<\/ul>\n<p><span style=\"font-weight: 400;\">Ou seja, trata-se de uma metodologia ativa que desenvolve entre os estudantes <\/span><b>habilidades de protagonismo<\/b><span style=\"font-weight: 400;\">, resolu\u00e7\u00e3o de problemas, comunica\u00e7\u00e3o, coopera\u00e7\u00e3o, criatividade, pensamento cr\u00edtico e habilidades socioemocionais.\u00a0<\/span><\/p>\n<p><span style=\"font-weight: 400;\">Voc\u00ea tamb\u00e9m j\u00e1 pode escolher essa cole\u00e7\u00e3o enriquecedora para os seus estudantes!\u00a0<\/span><\/p>\n<p><a href=\"https:\/\/pnld.smeducacao.com.br\/objeto-1\/componente-especialidade\/projetos-integradores\/\" target=\"_blank\" rel=\"noopener\"><img loading=\"lazy\" decoding=\"async\" class=\"alignnone wp-image-5866 size-full\" src=\"https:\/\/projetoslayerup.com.br\/smeducacao\/wp-content\/uploads\/2022\/09\/BLOGPOST_-Projetos-Integradores.png\" alt=\"Aprendendo com Projetos\" width=\"800\" height=\"404\" srcset=\"https:\/\/projetoslayerup.com.br\/smeducacao\/wp-content\/uploads\/2022\/09\/BLOGPOST_-Projetos-Integradores.png 800w, https:\/\/projetoslayerup.com.br\/smeducacao\/wp-content\/uploads\/2022\/09\/BLOGPOST_-Projetos-Integradores-300x152.png 300w, https:\/\/projetoslayerup.com.br\/smeducacao\/wp-content\/uploads\/2022\/09\/BLOGPOST_-Projetos-Integradores-768x388.png 768w\" sizes=\"auto, (max-width: 800px) 100vw, 800px\" \/><\/a><\/p>\n<p><span style=\"font-weight: 400;\">Posto tudo isso, para contar com os materiais did\u00e1ticos mais completos do mercado e oferecer uma aprendizagem significativa para os estudantes do Ensino Fundamental, escolha <\/span><a href=\"https:\/\/pnld.smeducacao.com.br\/objeto-1\/\" target=\"_blank\" rel=\"noopener\"><i><span style=\"font-weight: 400;\">Aprender Juntos<\/span><\/i><\/a><span style=\"font-weight: 400;\">, da SM Educa\u00e7\u00e3o.<\/span><\/p>\n<p><a href=\"https:\/\/pnld.smeducacao.com.br\/objeto-1\/\" target=\"_blank\" rel=\"noopener\"><img loading=\"lazy\" decoding=\"async\" class=\"alignnone wp-image-5867 size-full\" src=\"https:\/\/projetoslayerup.com.br\/smeducacao\/wp-content\/uploads\/2022\/09\/BLOGPOST_colecao.png\" alt=\"Fa\u00e7a sua escolha no PNLD 2023\" width=\"800\" height=\"496\" srcset=\"https:\/\/projetoslayerup.com.br\/smeducacao\/wp-content\/uploads\/2022\/09\/BLOGPOST_colecao.png 800w, https:\/\/projetoslayerup.com.br\/smeducacao\/wp-content\/uploads\/2022\/09\/BLOGPOST_colecao-300x186.png 300w, https:\/\/projetoslayerup.com.br\/smeducacao\/wp-content\/uploads\/2022\/09\/BLOGPOST_colecao-768x476.png 768w\" sizes=\"auto, (max-width: 800px) 100vw, 800px\" \/><\/a><\/p>\n","protected":false},"excerpt":{"rendered":"<p>O sistema para a escolha das obras did\u00e1ticas do PNLD 2023 &#8211; Anos Iniciais j\u00e1 est\u00e1 aberto. Sendo assim, teve in\u00edcio o processo da ades\u00e3o de uma cole\u00e7\u00e3o did\u00e1tica nas escolas p\u00fablicas de todo o Brasil, o qual deve passar por um rigoroso crit\u00e9rio de qualidade. E a cole\u00e7\u00e3o did\u00e1tica Aprender Juntos, da SM Educa\u00e7\u00e3o, [&hellip;]<\/p>\n","protected":false},"author":2,"featured_media":5868,"comment_status":"open","ping_status":"open","sticky":false,"template":"","format":"standard","meta":{"_acf_changed":false,"footnotes":""},"categories":[40,5,17],"tags":[105,37,111],"blog_nivel_escolar":[],"blog_segmento_escolar":[],"class_list":["post-5854","post","type-post","status-publish","format-standard","has-post-thumbnail","hentry","category-literatura","category-pnld","category-solucoes-educacionais","tag-aprender-juntos","tag-ensino-fundamental","tag-pnld-2023"],"acf":[],"yoast_head":"<!-- This site is optimized with the Yoast SEO plugin v28.3 - https:\/\/yoast.com\/product\/yoast-seo-wordpress\/ -->\n<title>Aprender Juntos: a melhor cole\u00e7\u00e3o did\u00e1tica do PNLD 2023 - Anos Iniciais - SM Educa\u00e7\u00e3o - Juntos cuidamos da educa\u00e7\u00e3o!<\/title>\n<meta name=\"description\" content=\"Conhe\u00e7a Aprender Juntos, a cole\u00e7\u00e3o did\u00e1tica que \u00e9 a escolha certa para garantir um ensino integral no PNLD 2023 - Anos Iniciais. Saiba mais!\" \/>\n<meta name=\"robots\" content=\"noindex, follow, max-snippet:-1, max-image-preview:large, max-video-preview:-1\" \/>\n<meta property=\"og:locale\" content=\"pt_BR\" \/>\n<meta property=\"og:type\" content=\"article\" \/>\n<meta property=\"og:title\" content=\"Aprender Juntos: a melhor cole\u00e7\u00e3o did\u00e1tica do PNLD 2023 - Anos Iniciais - SM Educa\u00e7\u00e3o - Juntos cuidamos da educa\u00e7\u00e3o!\" \/>\n<meta property=\"og:description\" content=\"Conhe\u00e7a Aprender Juntos, a cole\u00e7\u00e3o did\u00e1tica que \u00e9 a escolha certa para garantir um ensino integral no PNLD 2023 - Anos Iniciais. Saiba mais!\" \/>\n<meta property=\"og:url\" content=\"https:\/\/projetoslayerup.com.br\/smeducacao\/aprender-juntos-a-melhor-colecao-didatica-do-pnld-2023\/\" \/>\n<meta property=\"og:site_name\" content=\"SM Educa\u00e7\u00e3o - Juntos cuidamos da educa\u00e7\u00e3o!\" \/>\n<meta property=\"article:published_time\" content=\"2022-09-09T18:27:42+00:00\" \/>\n<meta property=\"article:modified_time\" content=\"2026-08-19T18:27:35+00:00\" \/>\n<meta property=\"og:image\" content=\"https:\/\/projetoslayerup.com.br\/smeducacao\/wp-content\/uploads\/2022\/09\/HEADER.png\" \/>\n\t<meta property=\"og:image:width\" content=\"1200\" \/>\n\t<meta property=\"og:image:height\" content=\"803\" \/>\n\t<meta property=\"og:image:type\" content=\"image\/png\" \/>\n<meta name=\"author\" content=\"SM Educa\u00e7\u00e3o\" \/>\n<meta name=\"twitter:card\" content=\"summary_large_image\" \/>\n<meta name=\"twitter:label1\" content=\"Escrito por\" \/>\n\t<meta name=\"twitter:data1\" content=\"SM Educa\u00e7\u00e3o\" \/>\n\t<meta name=\"twitter:label2\" content=\"Est. tempo de leitura\" \/>\n\t<meta name=\"twitter:data2\" content=\"10 minutos\" \/>\n<script type=\"application\/ld+json\" class=\"yoast-schema-graph\">{\"@context\":\"https:\\\/\\\/schema.org\",\"@graph\":[{\"@type\":\"Article\",\"@id\":\"https:\\\/\\\/projetoslayerup.com.br\\\/smeducacao\\\/aprender-juntos-a-melhor-colecao-didatica-do-pnld-2023\\\/#article\",\"isPartOf\":{\"@id\":\"https:\\\/\\\/projetoslayerup.com.br\\\/smeducacao\\\/aprender-juntos-a-melhor-colecao-didatica-do-pnld-2023\\\/\"},\"author\":{\"name\":\"SM Educa\u00e7\u00e3o\",\"@id\":\"https:\\\/\\\/projetoslayerup.com.br\\\/smeducacao\\\/#\\\/schema\\\/person\\\/45d7d41388698d0f902ff276caab47f5\"},\"headline\":\"Aprender Juntos: a melhor cole\u00e7\u00e3o did\u00e1tica do PNLD 2023 &#8211; Anos Iniciais\",\"datePublished\":\"2022-09-09T18:27:42+00:00\",\"dateModified\":\"2026-08-19T18:27:35+00:00\",\"mainEntityOfPage\":{\"@id\":\"https:\\\/\\\/projetoslayerup.com.br\\\/smeducacao\\\/aprender-juntos-a-melhor-colecao-didatica-do-pnld-2023\\\/\"},\"wordCount\":1917,\"commentCount\":0,\"image\":{\"@id\":\"https:\\\/\\\/projetoslayerup.com.br\\\/smeducacao\\\/aprender-juntos-a-melhor-colecao-didatica-do-pnld-2023\\\/#primaryimage\"},\"thumbnailUrl\":\"https:\\\/\\\/projetoslayerup.com.br\\\/smeducacao\\\/wp-content\\\/uploads\\\/2022\\\/09\\\/HEADER.png\",\"keywords\":[\"aprender juntos\",\"ensino fundamental\",\"pnld 2023\"],\"articleSection\":[\"Literatura\",\"PNLD\",\"Solu\u00e7\u00f5es educacionais\"],\"inLanguage\":\"pt-BR\",\"potentialAction\":[{\"@type\":\"CommentAction\",\"name\":\"Comment\",\"target\":[\"https:\\\/\\\/projetoslayerup.com.br\\\/smeducacao\\\/aprender-juntos-a-melhor-colecao-didatica-do-pnld-2023\\\/#respond\"]}]},{\"@type\":\"WebPage\",\"@id\":\"https:\\\/\\\/projetoslayerup.com.br\\\/smeducacao\\\/aprender-juntos-a-melhor-colecao-didatica-do-pnld-2023\\\/\",\"url\":\"https:\\\/\\\/projetoslayerup.com.br\\\/smeducacao\\\/aprender-juntos-a-melhor-colecao-didatica-do-pnld-2023\\\/\",\"name\":\"Aprender Juntos: a melhor cole\u00e7\u00e3o did\u00e1tica do PNLD 2023 - Anos Iniciais - SM Educa\u00e7\u00e3o - Juntos cuidamos da educa\u00e7\u00e3o!\",\"isPartOf\":{\"@id\":\"https:\\\/\\\/projetoslayerup.com.br\\\/smeducacao\\\/#website\"},\"primaryImageOfPage\":{\"@id\":\"https:\\\/\\\/projetoslayerup.com.br\\\/smeducacao\\\/aprender-juntos-a-melhor-colecao-didatica-do-pnld-2023\\\/#primaryimage\"},\"image\":{\"@id\":\"https:\\\/\\\/projetoslayerup.com.br\\\/smeducacao\\\/aprender-juntos-a-melhor-colecao-didatica-do-pnld-2023\\\/#primaryimage\"},\"thumbnailUrl\":\"https:\\\/\\\/projetoslayerup.com.br\\\/smeducacao\\\/wp-content\\\/uploads\\\/2022\\\/09\\\/HEADER.png\",\"datePublished\":\"2022-09-09T18:27:42+00:00\",\"dateModified\":\"2026-08-19T18:27:35+00:00\",\"author\":{\"@id\":\"https:\\\/\\\/projetoslayerup.com.br\\\/smeducacao\\\/#\\\/schema\\\/person\\\/45d7d41388698d0f902ff276caab47f5\"},\"description\":\"Conhe\u00e7a Aprender Juntos, a cole\u00e7\u00e3o did\u00e1tica que \u00e9 a escolha certa para garantir um ensino integral no PNLD 2023 - Anos Iniciais. Saiba mais!\",\"breadcrumb\":{\"@id\":\"https:\\\/\\\/projetoslayerup.com.br\\\/smeducacao\\\/aprender-juntos-a-melhor-colecao-didatica-do-pnld-2023\\\/#breadcrumb\"},\"inLanguage\":\"pt-BR\",\"potentialAction\":[{\"@type\":\"ReadAction\",\"target\":[\"https:\\\/\\\/projetoslayerup.com.br\\\/smeducacao\\\/aprender-juntos-a-melhor-colecao-didatica-do-pnld-2023\\\/\"]}]},{\"@type\":\"ImageObject\",\"inLanguage\":\"pt-BR\",\"@id\":\"https:\\\/\\\/projetoslayerup.com.br\\\/smeducacao\\\/aprender-juntos-a-melhor-colecao-didatica-do-pnld-2023\\\/#primaryimage\",\"url\":\"https:\\\/\\\/projetoslayerup.com.br\\\/smeducacao\\\/wp-content\\\/uploads\\\/2022\\\/09\\\/HEADER.png\",\"contentUrl\":\"https:\\\/\\\/projetoslayerup.com.br\\\/smeducacao\\\/wp-content\\\/uploads\\\/2022\\\/09\\\/HEADER.png\",\"width\":1200,\"height\":803,\"caption\":\"A melhor cole\u00e7\u00e3o did\u00e1tica do PNLD 2023 - Anos Iniciais\"},{\"@type\":\"BreadcrumbList\",\"@id\":\"https:\\\/\\\/projetoslayerup.com.br\\\/smeducacao\\\/aprender-juntos-a-melhor-colecao-didatica-do-pnld-2023\\\/#breadcrumb\",\"itemListElement\":[{\"@type\":\"ListItem\",\"position\":1,\"name\":\"In\u00edcio\",\"item\":\"https:\\\/\\\/projetoslayerup.com.br\\\/smeducacao\\\/\"},{\"@type\":\"ListItem\",\"position\":2,\"name\":\"Aprender Juntos: a melhor cole\u00e7\u00e3o did\u00e1tica do PNLD 2023 &#8211; Anos Iniciais\"}]},{\"@type\":\"WebSite\",\"@id\":\"https:\\\/\\\/projetoslayerup.com.br\\\/smeducacao\\\/#website\",\"url\":\"https:\\\/\\\/projetoslayerup.com.br\\\/smeducacao\\\/\",\"name\":\"SM Educa\u00e7\u00e3o - Juntos cuidamos da educa\u00e7\u00e3o!\",\"description\":\"Transformamos a educa\u00e7\u00e3o por meio de solu\u00e7\u00f5es digitais, solu\u00e7\u00f5es did\u00e1ticas para uma aprendizagem personalizada e solu\u00e7\u00f5es estrat\u00e9gicas eficientes. Juntos cuidamos da Educa\u00e7\u00e3o!\",\"potentialAction\":[{\"@type\":\"SearchAction\",\"target\":{\"@type\":\"EntryPoint\",\"urlTemplate\":\"https:\\\/\\\/projetoslayerup.com.br\\\/smeducacao\\\/?s={search_term_string}\"},\"query-input\":{\"@type\":\"PropertyValueSpecification\",\"valueRequired\":true,\"valueName\":\"search_term_string\"}}],\"inLanguage\":\"pt-BR\"},{\"@type\":\"Person\",\"@id\":\"https:\\\/\\\/projetoslayerup.com.br\\\/smeducacao\\\/#\\\/schema\\\/person\\\/45d7d41388698d0f902ff276caab47f5\",\"name\":\"SM Educa\u00e7\u00e3o\",\"image\":{\"@type\":\"ImageObject\",\"inLanguage\":\"pt-BR\",\"@id\":\"https:\\\/\\\/secure.gravatar.com\\\/avatar\\\/24327468bc2a6fb95889620b4158620d90c5e352f7a18c30af0e3f8cb70bc104?s=96&d=mm&r=g\",\"url\":\"https:\\\/\\\/secure.gravatar.com\\\/avatar\\\/24327468bc2a6fb95889620b4158620d90c5e352f7a18c30af0e3f8cb70bc104?s=96&d=mm&r=g\",\"contentUrl\":\"https:\\\/\\\/secure.gravatar.com\\\/avatar\\\/24327468bc2a6fb95889620b4158620d90c5e352f7a18c30af0e3f8cb70bc104?s=96&d=mm&r=g\",\"caption\":\"SM Educa\u00e7\u00e3o\"},\"url\":\"https:\\\/\\\/projetoslayerup.com.br\\\/smeducacao\\\/author\\\/smeducacao2021\\\/\"}]}<\/script>\n<!-- \/ Yoast SEO plugin. -->","yoast_head_json":{"title":"Aprender Juntos: a melhor cole\u00e7\u00e3o did\u00e1tica do PNLD 2023 - Anos Iniciais - SM Educa\u00e7\u00e3o - Juntos cuidamos da educa\u00e7\u00e3o!","description":"Conhe\u00e7a Aprender Juntos, a cole\u00e7\u00e3o did\u00e1tica que \u00e9 a escolha certa para garantir um ensino integral no PNLD 2023 - Anos Iniciais. Saiba mais!","robots":{"index":"noindex","follow":"follow","max-snippet":"max-snippet:-1","max-image-preview":"max-image-preview:large","max-video-preview":"max-video-preview:-1"},"og_locale":"pt_BR","og_type":"article","og_title":"Aprender Juntos: a melhor cole\u00e7\u00e3o did\u00e1tica do PNLD 2023 - Anos Iniciais - SM Educa\u00e7\u00e3o - Juntos cuidamos da educa\u00e7\u00e3o!","og_description":"Conhe\u00e7a Aprender Juntos, a cole\u00e7\u00e3o did\u00e1tica que \u00e9 a escolha certa para garantir um ensino integral no PNLD 2023 - Anos Iniciais. Saiba mais!","og_url":"https:\/\/projetoslayerup.com.br\/smeducacao\/aprender-juntos-a-melhor-colecao-didatica-do-pnld-2023\/","og_site_name":"SM Educa\u00e7\u00e3o - Juntos cuidamos da educa\u00e7\u00e3o!","article_published_time":"2022-09-09T18:27:42+00:00","article_modified_time":"2026-08-19T18:27:35+00:00","og_image":[{"width":1200,"height":803,"url":"https:\/\/projetoslayerup.com.br\/smeducacao\/wp-content\/uploads\/2022\/09\/HEADER.png","type":"image\/png"}],"author":"SM Educa\u00e7\u00e3o","twitter_card":"summary_large_image","twitter_misc":{"Escrito por":"SM Educa\u00e7\u00e3o","Est. tempo de leitura":"10 minutos"},"schema":{"@context":"https:\/\/schema.org","@graph":[{"@type":"Article","@id":"https:\/\/projetoslayerup.com.br\/smeducacao\/aprender-juntos-a-melhor-colecao-didatica-do-pnld-2023\/#article","isPartOf":{"@id":"https:\/\/projetoslayerup.com.br\/smeducacao\/aprender-juntos-a-melhor-colecao-didatica-do-pnld-2023\/"},"author":{"name":"SM Educa\u00e7\u00e3o","@id":"https:\/\/projetoslayerup.com.br\/smeducacao\/#\/schema\/person\/45d7d41388698d0f902ff276caab47f5"},"headline":"Aprender Juntos: a melhor cole\u00e7\u00e3o did\u00e1tica do PNLD 2023 &#8211; Anos Iniciais","datePublished":"2022-09-09T18:27:42+00:00","dateModified":"2026-08-19T18:27:35+00:00","mainEntityOfPage":{"@id":"https:\/\/projetoslayerup.com.br\/smeducacao\/aprender-juntos-a-melhor-colecao-didatica-do-pnld-2023\/"},"wordCount":1917,"commentCount":0,"image":{"@id":"https:\/\/projetoslayerup.com.br\/smeducacao\/aprender-juntos-a-melhor-colecao-didatica-do-pnld-2023\/#primaryimage"},"thumbnailUrl":"https:\/\/projetoslayerup.com.br\/smeducacao\/wp-content\/uploads\/2022\/09\/HEADER.png","keywords":["aprender juntos","ensino fundamental","pnld 2023"],"articleSection":["Literatura","PNLD","Solu\u00e7\u00f5es educacionais"],"inLanguage":"pt-BR","potentialAction":[{"@type":"CommentAction","name":"Comment","target":["https:\/\/projetoslayerup.com.br\/smeducacao\/aprender-juntos-a-melhor-colecao-didatica-do-pnld-2023\/#respond"]}]},{"@type":"WebPage","@id":"https:\/\/projetoslayerup.com.br\/smeducacao\/aprender-juntos-a-melhor-colecao-didatica-do-pnld-2023\/","url":"https:\/\/projetoslayerup.com.br\/smeducacao\/aprender-juntos-a-melhor-colecao-didatica-do-pnld-2023\/","name":"Aprender Juntos: a melhor cole\u00e7\u00e3o did\u00e1tica do PNLD 2023 - Anos Iniciais - SM Educa\u00e7\u00e3o - Juntos cuidamos da educa\u00e7\u00e3o!","isPartOf":{"@id":"https:\/\/projetoslayerup.com.br\/smeducacao\/#website"},"primaryImageOfPage":{"@id":"https:\/\/projetoslayerup.com.br\/smeducacao\/aprender-juntos-a-melhor-colecao-didatica-do-pnld-2023\/#primaryimage"},"image":{"@id":"https:\/\/projetoslayerup.com.br\/smeducacao\/aprender-juntos-a-melhor-colecao-didatica-do-pnld-2023\/#primaryimage"},"thumbnailUrl":"https:\/\/projetoslayerup.com.br\/smeducacao\/wp-content\/uploads\/2022\/09\/HEADER.png","datePublished":"2022-09-09T18:27:42+00:00","dateModified":"2026-08-19T18:27:35+00:00","author":{"@id":"https:\/\/projetoslayerup.com.br\/smeducacao\/#\/schema\/person\/45d7d41388698d0f902ff276caab47f5"},"description":"Conhe\u00e7a Aprender Juntos, a cole\u00e7\u00e3o did\u00e1tica que \u00e9 a escolha certa para garantir um ensino integral no PNLD 2023 - Anos Iniciais. Saiba mais!","breadcrumb":{"@id":"https:\/\/projetoslayerup.com.br\/smeducacao\/aprender-juntos-a-melhor-colecao-didatica-do-pnld-2023\/#breadcrumb"},"inLanguage":"pt-BR","potentialAction":[{"@type":"ReadAction","target":["https:\/\/projetoslayerup.com.br\/smeducacao\/aprender-juntos-a-melhor-colecao-didatica-do-pnld-2023\/"]}]},{"@type":"ImageObject","inLanguage":"pt-BR","@id":"https:\/\/projetoslayerup.com.br\/smeducacao\/aprender-juntos-a-melhor-colecao-didatica-do-pnld-2023\/#primaryimage","url":"https:\/\/projetoslayerup.com.br\/smeducacao\/wp-content\/uploads\/2022\/09\/HEADER.png","contentUrl":"https:\/\/projetoslayerup.com.br\/smeducacao\/wp-content\/uploads\/2022\/09\/HEADER.png","width":1200,"height":803,"caption":"A melhor cole\u00e7\u00e3o did\u00e1tica do PNLD 2023 - Anos Iniciais"},{"@type":"BreadcrumbList","@id":"https:\/\/projetoslayerup.com.br\/smeducacao\/aprender-juntos-a-melhor-colecao-didatica-do-pnld-2023\/#breadcrumb","itemListElement":[{"@type":"ListItem","position":1,"name":"In\u00edcio","item":"https:\/\/projetoslayerup.com.br\/smeducacao\/"},{"@type":"ListItem","position":2,"name":"Aprender Juntos: a melhor cole\u00e7\u00e3o did\u00e1tica do PNLD 2023 &#8211; Anos Iniciais"}]},{"@type":"WebSite","@id":"https:\/\/projetoslayerup.com.br\/smeducacao\/#website","url":"https:\/\/projetoslayerup.com.br\/smeducacao\/","name":"SM Educa\u00e7\u00e3o - Juntos cuidamos da educa\u00e7\u00e3o!","description":"Transformamos a educa\u00e7\u00e3o por meio de solu\u00e7\u00f5es digitais, solu\u00e7\u00f5es did\u00e1ticas para uma aprendizagem personalizada e solu\u00e7\u00f5es estrat\u00e9gicas eficientes. Juntos cuidamos da Educa\u00e7\u00e3o!","potentialAction":[{"@type":"SearchAction","target":{"@type":"EntryPoint","urlTemplate":"https:\/\/projetoslayerup.com.br\/smeducacao\/?s={search_term_string}"},"query-input":{"@type":"PropertyValueSpecification","valueRequired":true,"valueName":"search_term_string"}}],"inLanguage":"pt-BR"},{"@type":"Person","@id":"https:\/\/projetoslayerup.com.br\/smeducacao\/#\/schema\/person\/45d7d41388698d0f902ff276caab47f5","name":"SM Educa\u00e7\u00e3o","image":{"@type":"ImageObject","inLanguage":"pt-BR","@id":"https:\/\/secure.gravatar.com\/avatar\/24327468bc2a6fb95889620b4158620d90c5e352f7a18c30af0e3f8cb70bc104?s=96&d=mm&r=g","url":"https:\/\/secure.gravatar.com\/avatar\/24327468bc2a6fb95889620b4158620d90c5e352f7a18c30af0e3f8cb70bc104?s=96&d=mm&r=g","contentUrl":"https:\/\/secure.gravatar.com\/avatar\/24327468bc2a6fb95889620b4158620d90c5e352f7a18c30af0e3f8cb70bc104?s=96&d=mm&r=g","caption":"SM Educa\u00e7\u00e3o"},"url":"https:\/\/projetoslayerup.com.br\/smeducacao\/author\/smeducacao2021\/"}]}},"_links":{"self":[{"href":"https:\/\/projetoslayerup.com.br\/smeducacao\/wp-json\/wp\/v2\/posts\/5854","targetHints":{"allow":["GET"]}}],"collection":[{"href":"https:\/\/projetoslayerup.com.br\/smeducacao\/wp-json\/wp\/v2\/posts"}],"about":[{"href":"https:\/\/projetoslayerup.com.br\/smeducacao\/wp-json\/wp\/v2\/types\/post"}],"author":[{"embeddable":true,"href":"https:\/\/projetoslayerup.com.br\/smeducacao\/wp-json\/wp\/v2\/users\/2"}],"replies":[{"embeddable":true,"href":"https:\/\/projetoslayerup.com.br\/smeducacao\/wp-json\/wp\/v2\/comments?post=5854"}],"version-history":[{"count":1,"href":"https:\/\/projetoslayerup.com.br\/smeducacao\/wp-json\/wp\/v2\/posts\/5854\/revisions"}],"predecessor-version":[{"id":13391,"href":"https:\/\/projetoslayerup.com.br\/smeducacao\/wp-json\/wp\/v2\/posts\/5854\/revisions\/13391"}],"wp:featuredmedia":[{"embeddable":true,"href":"https:\/\/projetoslayerup.com.br\/smeducacao\/wp-json\/wp\/v2\/media\/5868"}],"wp:attachment":[{"href":"https:\/\/projetoslayerup.com.br\/smeducacao\/wp-json\/wp\/v2\/media?parent=5854"}],"wp:term":[{"taxonomy":"category","embeddable":true,"href":"https:\/\/projetoslayerup.com.br\/smeducacao\/wp-json\/wp\/v2\/categories?post=5854"},{"taxonomy":"post_tag","embeddable":true,"href":"https:\/\/projetoslayerup.com.br\/smeducacao\/wp-json\/wp\/v2\/tags?post=5854"},{"taxonomy":"blog_nivel_escolar","embeddable":true,"href":"https:\/\/projetoslayerup.com.br\/smeducacao\/wp-json\/wp\/v2\/blog_nivel_escolar?post=5854"},{"taxonomy":"blog_segmento_escolar","embeddable":true,"href":"https:\/\/projetoslayerup.com.br\/smeducacao\/wp-json\/wp\/v2\/blog_segmento_escolar?post=5854"}],"curies":[{"name":"wp","href":"https:\/\/api.w.org\/{rel}","templated":true}]}}