{"id":5912,"date":"2022-10-14T12:36:07","date_gmt":"2022-10-14T15:36:07","guid":{"rendered":"https:\/\/www.smeducacao.com.br\/?p=5912"},"modified":"2026-08-19T18:27:14","modified_gmt":"2026-08-19T18:27:14","slug":"profissao-professor-homenagem-ao-educador","status":"publish","type":"post","link":"https:\/\/projetoslayerup.com.br\/smeducacao\/profissao-professor-homenagem-ao-educador\/","title":{"rendered":"Dia do Professor: uma homenagem aos profissionais de educa\u00e7\u00e3o"},"content":{"rendered":"<p><span style=\"font-weight: 400;\">No dia <\/span><b>15 de outubro<\/b><span style=\"font-weight: 400;\">, celebramos o Dia do Professor, uma data especial para reconhecermos a contribui\u00e7\u00e3o indispens\u00e1vel de nossos eternos professores e professoras para nossas vidas.<\/span><\/p>\n<p><span style=\"font-weight: 400;\">Que n\u00e3o apenas nesse dia, mas em todos os outros, possamos demonstrar nossa gratid\u00e3o por todo o aprendizado, de conte\u00fado e tamb\u00e9m de atitudes, valores e emo\u00e7\u00f5es que esses profissionais nos oferecem.<\/span><\/p>\n<p><span style=\"font-weight: 400;\">A SM Educa\u00e7\u00e3o reconhece e agradece a todos por despertarem alegria no aluno por meio dos grandes ensinamentos da vida, bem como da indispens\u00e1vel <\/span><a href=\"https:\/\/projetoslayerup.com.br\/smeducacao\/capacitacao-professores-formacao-continuada\/\"><span style=\"font-weight: 400;\">forma\u00e7\u00e3o continuada e capacita\u00e7\u00e3o<\/span><\/a><span style=\"font-weight: 400;\">, e parabeniza pela voca\u00e7\u00e3o de mudar a hist\u00f3ria de quem aprende.<\/span><\/p>\n<p><span style=\"font-weight: 400;\">Por isso, juntos \u00e0 <\/span><b>Prof\u00aa Tatiana Pita<\/b><span style=\"font-weight: 400;\">, mestre em Educa\u00e7\u00e3o pelo programa Hist\u00f3ria, Pol\u00edtica e Sociedade, da Pontif\u00edcia Universidade Cat\u00f3lica de S\u00e3o Paulo (PUC-SP), <a href=\"https:\/\/projetoslayerup.com.br\/smeducacao\/wp-content\/uploads\/2022\/10\/Material-Rico-Dia-do-Professor-1.pdf\">preparamos uma homenagem<\/a> a todos que nos ajudam a seguir rumo a uma educa\u00e7\u00e3o cada vez mais transformadora. Confira!<\/span><\/p>\n<h2><span style=\"font-weight: 400;\">Uma singela mensagem ao profissional de educa\u00e7\u00e3o<\/span><\/h2>\n<h4><span style=\"font-weight: 400;\">Escrito por Prof\u00aa Me Tatiana Pita<\/span><\/h4>\n<p><span style=\"font-weight: 400;\">Quando me formei em Pedagogia, minha amada av\u00f3 que me criou me deu um avental rosa e, orgulhosa, me disse que eu agora tinha <\/span><b>uma das profiss\u00f5es mais importantes<\/b><span style=\"font-weight: 400;\">, mas nem sempre reconhecidas. Que nos dias dif\u00edceis eu me lembrasse do quanto um professor \u00e9 marcante na vida de seu aluno.\u00a0<\/span><\/p>\n<p><span style=\"font-weight: 400;\">O tempo passou, muitas vidas passaram por mim e hoje tenho o privil\u00e9gio de andar por este pa\u00eds, visitando escolas p\u00fablicas e privadas, para levar o debate por uma educa\u00e7\u00e3o de qualidade. E nestas andan\u00e7as, me deparo com realidades, caracter\u00edsticas e necessidades diferentes. Mas um ponto \u00e9 comum, independentemente de onde eu esteja: <\/span><b>o amor e a dedica\u00e7\u00e3o dos professores e professoras<\/b><span style=\"font-weight: 400;\">.<\/span><\/p>\n<p><span style=\"font-weight: 400;\">E \u00e9 este amor e dedica\u00e7\u00e3o que sempre me fazem acreditar no que<\/span><b> Paulo Freire<\/b><span style=\"font-weight: 400;\"> nos falava:\u00a0<\/span><\/p>\n<p><img loading=\"lazy\" decoding=\"async\" class=\"alignnone wp-image-5913 size-full\" src=\"https:\/\/projetoslayerup.com.br\/smeducacao\/wp-content\/uploads\/2022\/10\/01.png\" alt=\"Paulo Freire\" width=\"1200\" height=\"280\" srcset=\"https:\/\/projetoslayerup.com.br\/smeducacao\/wp-content\/uploads\/2022\/10\/01.png 1200w, https:\/\/projetoslayerup.com.br\/smeducacao\/wp-content\/uploads\/2022\/10\/01-300x70.png 300w, https:\/\/projetoslayerup.com.br\/smeducacao\/wp-content\/uploads\/2022\/10\/01-1024x239.png 1024w, https:\/\/projetoslayerup.com.br\/smeducacao\/wp-content\/uploads\/2022\/10\/01-768x179.png 768w\" sizes=\"auto, (max-width: 1200px) 100vw, 1200px\" \/><\/p>\n<p><span style=\"font-weight: 400;\">Assim, quero aqui come\u00e7ar agradecendo aos professores e professoras de todo o Brasil, que todos os dias trabalham por um mundo com pessoas melhores. Ser professor \u00e9 esperan\u00e7ar, \u00e9 tocar o mundo do outro com responsabilidade, \u00e9 caminhar com o outro, \u00e9 gostar de pessoas e suas hist\u00f3rias.\u00a0<\/span><\/p>\n<p><a href=\"https:\/\/materiais.smbrasil.com.br\/papel-do-professor-espaco-de-apredizagem\"><b>Ser professor \u00e9 deixar marcas na vida dos estudantes<\/b><\/a><span style=\"font-weight: 400;\">. Como \u00e9 bom encontrar um aluno j\u00e1 adulto, que nos olha com os mesmos olhos de crian\u00e7a e diz: <\/span><i><span style=\"font-weight: 400;\">\u201coi, voc\u00ea foi minha professora, meu professor!\u201d.<\/span><\/i><\/p>\n<p><span style=\"font-weight: 400;\">\u00c9 saber que estaremos guardados nas mem\u00f3rias e nos cora\u00e7\u00f5es.\u00a0<\/span><\/p>\n<p><span style=\"font-weight: 400;\">Ser professor \u00e9 tamb\u00e9m sofrer por querer o melhor. Desejar que todas as crian\u00e7as e jovens tenham seus direitos garantidos. \u00c9, muitas vezes, assumir pap\u00e9is que n\u00e3o s\u00e3o nossos, mas necess\u00e1rios em certos momentos porque aquela pessoinha ali precisa de n\u00f3s.<\/span><\/p>\n<p><span style=\"font-weight: 400;\">Somos a voz das crian\u00e7as sem inf\u00e2ncia. O colo que o jovem nunca teve. O esperan\u00e7ar de uma comunidade. <\/span><b>Somos educadores de toda a fam\u00edlia<\/b><span style=\"font-weight: 400;\">.<\/span><\/p>\n<p><span style=\"font-weight: 400;\">\u00c0s vezes choramos. \u00c0s vezes sorrimos. T\u00eam dias que d\u00e1 vontade de desistir. Mas h\u00e1 muitos outros dias que temos certeza de que escolhemos a profiss\u00e3o correta.<\/span><\/p>\n<p><span style=\"font-weight: 400;\">Ser professor \u00e9 entender seu papel social. \u00c9 andar sempre em grupo com aqueles que, como n\u00f3s, acreditam no poder da educa\u00e7\u00e3o. \u00c9 entender que, <\/span><b>juntos, podemos mais<\/b><span style=\"font-weight: 400;\">. Que, ao darmos as m\u00e3os uns para os outros, chegamos mais longe.<\/span><\/p>\n<p><span style=\"font-weight: 400;\">Minha av\u00f3 orgulhosamente contava, para todos que encontrava, que eu era professora.\u00a0<\/span><\/p>\n<p><span style=\"font-weight: 400;\">Por isso, hoje, para homenagear os amigos e amigas que, como eu, s\u00e3o professores e professoras, eu lembro as palavras de minha amada av\u00f3 quando me deu meu primeiro avental: que sempre nos orgulhemos de nossa escolha profissional e, mesmo com todas as dificuldades que enfrentamos no dia a dia, nunca nos esque\u00e7amos das vidas que tocamos.<\/span><\/p>\n<p><span style=\"font-weight: 400;\">E se puder aqui desejar que ganh\u00e1ssemos um presente, que ele fosse o verdadeiro <\/span><b>reconhecimento e valoriza\u00e7\u00e3o de toda a sociedade<\/b><span style=\"font-weight: 400;\"> a este profissional que enfrenta, diariamente, tantos obst\u00e1culos para cumprir sua tarefa de fazer o outro aprender.\u00a0<\/span><\/p>\n<p><span style=\"font-weight: 400;\">Parab\u00e9ns, professores e professoras. Que continuemos a esperan\u00e7ar diariamente, de m\u00e3os dadas e focados em ofertar uma educa\u00e7\u00e3o transformadora e humanizada.<\/span><\/p>\n<h2><span style=\"font-weight: 400;\">Apoio completo para o professor de todas as etapas<\/span><\/h2>\n<p><span style=\"font-weight: 400;\">Por reconhecer que juntos cuidamos da educa\u00e7\u00e3o e contribu\u00edmos para a forma\u00e7\u00e3o cidad\u00e3, a SM Educa\u00e7\u00e3o tem como um de seus objetivos<\/span><b> apoiar professores de todas as etapas<\/b><span style=\"font-weight: 400;\">, com materiais educativos gratuitos e que trazem temas essenciais para as atividades escolares.<\/span><\/p>\n<p><span style=\"font-weight: 400;\">Em nossa <\/span><a href=\"https:\/\/materiais.smbrasil.com.br\/hub-de-conteudos-a-educacao-nao-para\"><span style=\"font-weight: 400;\">plataforma exclusiva<\/span><\/a><span style=\"font-weight: 400;\">, compilamos as melhores a\u00e7\u00f5es, elaboradas por especialistas da \u00e1rea, para que toda a comunidade escolar se adapte e encontre <\/span><b>novos m\u00e9todos e solu\u00e7\u00f5es educacionais<\/b><span style=\"font-weight: 400;\">.<\/span><\/p>\n<p><span style=\"font-weight: 400;\">Essa \u00e9 a nossa forma de auxiliar os profissionais que dedicam tempo e carinho para ofertar grandes ensinamentos da vida aos estudantes. Aproveitem!\u00a0<\/span><\/p>\n<p><a href=\"https:\/\/projetoslayerup.com.br\/smeducacao\/wp-content\/uploads\/2022\/10\/Material-Rico-Dia-do-Professor-1.pdf\"><img loading=\"lazy\" decoding=\"async\" class=\"alignnone wp-image-5915 size-full\" src=\"https:\/\/projetoslayerup.com.br\/smeducacao\/wp-content\/uploads\/2022\/10\/02.png\" alt=\"Apoio completo ao professor\" width=\"1200\" height=\"530\" srcset=\"https:\/\/projetoslayerup.com.br\/smeducacao\/wp-content\/uploads\/2022\/10\/02.png 1200w, https:\/\/projetoslayerup.com.br\/smeducacao\/wp-content\/uploads\/2022\/10\/02-300x133.png 300w, https:\/\/projetoslayerup.com.br\/smeducacao\/wp-content\/uploads\/2022\/10\/02-1024x452.png 1024w, https:\/\/projetoslayerup.com.br\/smeducacao\/wp-content\/uploads\/2022\/10\/02-768x339.png 768w\" sizes=\"auto, (max-width: 1200px) 100vw, 1200px\" \/><\/a><\/p>\n","protected":false},"excerpt":{"rendered":"<p>No dia 15 de outubro, celebramos o Dia do Professor, uma data especial para reconhecermos a contribui\u00e7\u00e3o indispens\u00e1vel de nossos eternos professores e professoras para nossas vidas. Que n\u00e3o apenas nesse dia, mas em todos os outros, possamos demonstrar nossa gratid\u00e3o por todo o aprendizado, de conte\u00fado e tamb\u00e9m de atitudes, valores e emo\u00e7\u00f5es que [&hellip;]<\/p>\n","protected":false},"author":2,"featured_media":5916,"comment_status":"open","ping_status":"open","sticky":false,"template":"","format":"standard","meta":{"_acf_changed":false,"footnotes":""},"categories":[11],"tags":[112,114,1969],"blog_nivel_escolar":[],"blog_segmento_escolar":[],"class_list":["post-5912","post","type-post","status-publish","format-standard","has-post-thumbnail","hentry","category-comunicados","tag-apoio-pedagogico","tag-dia-do-professor","tag-educado"],"acf":[],"yoast_head":"<!-- This site is optimized with the Yoast SEO plugin v28.3 - https:\/\/yoast.com\/product\/yoast-seo-wordpress\/ -->\n<title>Dia do Professor: uma homenagem aos educadores<\/title>\n<meta name=\"description\" content=\"No Dia do Professor, parabenize o educador pela voca\u00e7\u00e3o de mudar a hist\u00f3ria de quem aprende, despertando alegria com os ensinamentos da vida.\" \/>\n<meta name=\"robots\" content=\"noindex, follow, max-snippet:-1, max-image-preview:large, max-video-preview:-1\" \/>\n<meta property=\"og:locale\" content=\"pt_BR\" \/>\n<meta property=\"og:type\" content=\"article\" \/>\n<meta property=\"og:title\" content=\"Dia do Professor: uma homenagem aos educadores\" \/>\n<meta property=\"og:description\" content=\"No Dia do Professor, parabenize o educador pela voca\u00e7\u00e3o de mudar a hist\u00f3ria de quem aprende, despertando alegria com os ensinamentos da vida.\" \/>\n<meta property=\"og:url\" content=\"https:\/\/projetoslayerup.com.br\/smeducacao\/profissao-professor-homenagem-ao-educador\/\" \/>\n<meta property=\"og:site_name\" content=\"SM Educa\u00e7\u00e3o - Juntos cuidamos da educa\u00e7\u00e3o!\" \/>\n<meta property=\"article:published_time\" content=\"2022-10-14T15:36:07+00:00\" \/>\n<meta property=\"article:modified_time\" content=\"2026-08-19T18:27:14+00:00\" \/>\n<meta property=\"og:image\" content=\"https:\/\/projetoslayerup.com.br\/smeducacao\/wp-content\/uploads\/2022\/10\/HEADER-1.png\" \/>\n\t<meta property=\"og:image:width\" content=\"1200\" \/>\n\t<meta property=\"og:image:height\" content=\"803\" \/>\n\t<meta property=\"og:image:type\" content=\"image\/png\" \/>\n<meta name=\"author\" content=\"SM Educa\u00e7\u00e3o\" \/>\n<meta name=\"twitter:card\" content=\"summary_large_image\" \/>\n<meta name=\"twitter:label1\" content=\"Escrito por\" \/>\n\t<meta name=\"twitter:data1\" content=\"SM Educa\u00e7\u00e3o\" \/>\n\t<meta name=\"twitter:label2\" content=\"Est. tempo de leitura\" \/>\n\t<meta name=\"twitter:data2\" content=\"5 minutos\" \/>\n<script type=\"application\/ld+json\" class=\"yoast-schema-graph\">{\"@context\":\"https:\\\/\\\/schema.org\",\"@graph\":[{\"@type\":\"Article\",\"@id\":\"https:\\\/\\\/projetoslayerup.com.br\\\/smeducacao\\\/profissao-professor-homenagem-ao-educador\\\/#article\",\"isPartOf\":{\"@id\":\"https:\\\/\\\/projetoslayerup.com.br\\\/smeducacao\\\/profissao-professor-homenagem-ao-educador\\\/\"},\"author\":{\"name\":\"SM Educa\u00e7\u00e3o\",\"@id\":\"https:\\\/\\\/projetoslayerup.com.br\\\/smeducacao\\\/#\\\/schema\\\/person\\\/45d7d41388698d0f902ff276caab47f5\"},\"headline\":\"Dia do Professor: uma homenagem aos profissionais de educa\u00e7\u00e3o\",\"datePublished\":\"2022-10-14T15:36:07+00:00\",\"dateModified\":\"2026-08-19T18:27:14+00:00\",\"mainEntityOfPage\":{\"@id\":\"https:\\\/\\\/projetoslayerup.com.br\\\/smeducacao\\\/profissao-professor-homenagem-ao-educador\\\/\"},\"wordCount\":800,\"commentCount\":0,\"image\":{\"@id\":\"https:\\\/\\\/projetoslayerup.com.br\\\/smeducacao\\\/profissao-professor-homenagem-ao-educador\\\/#primaryimage\"},\"thumbnailUrl\":\"https:\\\/\\\/projetoslayerup.com.br\\\/smeducacao\\\/wp-content\\\/uploads\\\/2022\\\/10\\\/HEADER-1.png\",\"keywords\":[\"apoio pedag\u00f3gico\",\"dia do professor\",\"educado\"],\"articleSection\":[\"Comunicados\"],\"inLanguage\":\"pt-BR\",\"potentialAction\":[{\"@type\":\"CommentAction\",\"name\":\"Comment\",\"target\":[\"https:\\\/\\\/projetoslayerup.com.br\\\/smeducacao\\\/profissao-professor-homenagem-ao-educador\\\/#respond\"]}]},{\"@type\":\"WebPage\",\"@id\":\"https:\\\/\\\/projetoslayerup.com.br\\\/smeducacao\\\/profissao-professor-homenagem-ao-educador\\\/\",\"url\":\"https:\\\/\\\/projetoslayerup.com.br\\\/smeducacao\\\/profissao-professor-homenagem-ao-educador\\\/\",\"name\":\"Dia do Professor: uma homenagem aos educadores\",\"isPartOf\":{\"@id\":\"https:\\\/\\\/projetoslayerup.com.br\\\/smeducacao\\\/#website\"},\"primaryImageOfPage\":{\"@id\":\"https:\\\/\\\/projetoslayerup.com.br\\\/smeducacao\\\/profissao-professor-homenagem-ao-educador\\\/#primaryimage\"},\"image\":{\"@id\":\"https:\\\/\\\/projetoslayerup.com.br\\\/smeducacao\\\/profissao-professor-homenagem-ao-educador\\\/#primaryimage\"},\"thumbnailUrl\":\"https:\\\/\\\/projetoslayerup.com.br\\\/smeducacao\\\/wp-content\\\/uploads\\\/2022\\\/10\\\/HEADER-1.png\",\"datePublished\":\"2022-10-14T15:36:07+00:00\",\"dateModified\":\"2026-08-19T18:27:14+00:00\",\"author\":{\"@id\":\"https:\\\/\\\/projetoslayerup.com.br\\\/smeducacao\\\/#\\\/schema\\\/person\\\/45d7d41388698d0f902ff276caab47f5\"},\"description\":\"No Dia do Professor, parabenize o educador pela voca\u00e7\u00e3o de mudar a hist\u00f3ria de quem aprende, despertando alegria com os ensinamentos da vida.\",\"breadcrumb\":{\"@id\":\"https:\\\/\\\/projetoslayerup.com.br\\\/smeducacao\\\/profissao-professor-homenagem-ao-educador\\\/#breadcrumb\"},\"inLanguage\":\"pt-BR\",\"potentialAction\":[{\"@type\":\"ReadAction\",\"target\":[\"https:\\\/\\\/projetoslayerup.com.br\\\/smeducacao\\\/profissao-professor-homenagem-ao-educador\\\/\"]}]},{\"@type\":\"ImageObject\",\"inLanguage\":\"pt-BR\",\"@id\":\"https:\\\/\\\/projetoslayerup.com.br\\\/smeducacao\\\/profissao-professor-homenagem-ao-educador\\\/#primaryimage\",\"url\":\"https:\\\/\\\/projetoslayerup.com.br\\\/smeducacao\\\/wp-content\\\/uploads\\\/2022\\\/10\\\/HEADER-1.png\",\"contentUrl\":\"https:\\\/\\\/projetoslayerup.com.br\\\/smeducacao\\\/wp-content\\\/uploads\\\/2022\\\/10\\\/HEADER-1.png\",\"width\":1200,\"height\":803,\"caption\":\"Homenagem ao professor\"},{\"@type\":\"BreadcrumbList\",\"@id\":\"https:\\\/\\\/projetoslayerup.com.br\\\/smeducacao\\\/profissao-professor-homenagem-ao-educador\\\/#breadcrumb\",\"itemListElement\":[{\"@type\":\"ListItem\",\"position\":1,\"name\":\"In\u00edcio\",\"item\":\"https:\\\/\\\/projetoslayerup.com.br\\\/smeducacao\\\/\"},{\"@type\":\"ListItem\",\"position\":2,\"name\":\"Dia do Professor: uma homenagem aos profissionais de educa\u00e7\u00e3o\"}]},{\"@type\":\"WebSite\",\"@id\":\"https:\\\/\\\/projetoslayerup.com.br\\\/smeducacao\\\/#website\",\"url\":\"https:\\\/\\\/projetoslayerup.com.br\\\/smeducacao\\\/\",\"name\":\"SM Educa\u00e7\u00e3o - Juntos cuidamos da educa\u00e7\u00e3o!\",\"description\":\"Transformamos a educa\u00e7\u00e3o por meio de solu\u00e7\u00f5es digitais, solu\u00e7\u00f5es did\u00e1ticas para uma aprendizagem personalizada e solu\u00e7\u00f5es estrat\u00e9gicas eficientes. Juntos cuidamos da Educa\u00e7\u00e3o!\",\"potentialAction\":[{\"@type\":\"SearchAction\",\"target\":{\"@type\":\"EntryPoint\",\"urlTemplate\":\"https:\\\/\\\/projetoslayerup.com.br\\\/smeducacao\\\/?s={search_term_string}\"},\"query-input\":{\"@type\":\"PropertyValueSpecification\",\"valueRequired\":true,\"valueName\":\"search_term_string\"}}],\"inLanguage\":\"pt-BR\"},{\"@type\":\"Person\",\"@id\":\"https:\\\/\\\/projetoslayerup.com.br\\\/smeducacao\\\/#\\\/schema\\\/person\\\/45d7d41388698d0f902ff276caab47f5\",\"name\":\"SM Educa\u00e7\u00e3o\",\"image\":{\"@type\":\"ImageObject\",\"inLanguage\":\"pt-BR\",\"@id\":\"https:\\\/\\\/secure.gravatar.com\\\/avatar\\\/24327468bc2a6fb95889620b4158620d90c5e352f7a18c30af0e3f8cb70bc104?s=96&d=mm&r=g\",\"url\":\"https:\\\/\\\/secure.gravatar.com\\\/avatar\\\/24327468bc2a6fb95889620b4158620d90c5e352f7a18c30af0e3f8cb70bc104?s=96&d=mm&r=g\",\"contentUrl\":\"https:\\\/\\\/secure.gravatar.com\\\/avatar\\\/24327468bc2a6fb95889620b4158620d90c5e352f7a18c30af0e3f8cb70bc104?s=96&d=mm&r=g\",\"caption\":\"SM Educa\u00e7\u00e3o\"},\"url\":\"https:\\\/\\\/projetoslayerup.com.br\\\/smeducacao\\\/author\\\/smeducacao2021\\\/\"}]}<\/script>\n<!-- \/ Yoast SEO plugin. -->","yoast_head_json":{"title":"Dia do Professor: uma homenagem aos educadores","description":"No Dia do Professor, parabenize o educador pela voca\u00e7\u00e3o de mudar a hist\u00f3ria de quem aprende, despertando alegria com os ensinamentos da vida.","robots":{"index":"noindex","follow":"follow","max-snippet":"max-snippet:-1","max-image-preview":"max-image-preview:large","max-video-preview":"max-video-preview:-1"},"og_locale":"pt_BR","og_type":"article","og_title":"Dia do Professor: uma homenagem aos educadores","og_description":"No Dia do Professor, parabenize o educador pela voca\u00e7\u00e3o de mudar a hist\u00f3ria de quem aprende, despertando alegria com os ensinamentos da vida.","og_url":"https:\/\/projetoslayerup.com.br\/smeducacao\/profissao-professor-homenagem-ao-educador\/","og_site_name":"SM Educa\u00e7\u00e3o - Juntos cuidamos da educa\u00e7\u00e3o!","article_published_time":"2022-10-14T15:36:07+00:00","article_modified_time":"2026-08-19T18:27:14+00:00","og_image":[{"width":1200,"height":803,"url":"https:\/\/projetoslayerup.com.br\/smeducacao\/wp-content\/uploads\/2022\/10\/HEADER-1.png","type":"image\/png"}],"author":"SM Educa\u00e7\u00e3o","twitter_card":"summary_large_image","twitter_misc":{"Escrito por":"SM Educa\u00e7\u00e3o","Est. tempo de leitura":"5 minutos"},"schema":{"@context":"https:\/\/schema.org","@graph":[{"@type":"Article","@id":"https:\/\/projetoslayerup.com.br\/smeducacao\/profissao-professor-homenagem-ao-educador\/#article","isPartOf":{"@id":"https:\/\/projetoslayerup.com.br\/smeducacao\/profissao-professor-homenagem-ao-educador\/"},"author":{"name":"SM Educa\u00e7\u00e3o","@id":"https:\/\/projetoslayerup.com.br\/smeducacao\/#\/schema\/person\/45d7d41388698d0f902ff276caab47f5"},"headline":"Dia do Professor: uma homenagem aos profissionais de educa\u00e7\u00e3o","datePublished":"2022-10-14T15:36:07+00:00","dateModified":"2026-08-19T18:27:14+00:00","mainEntityOfPage":{"@id":"https:\/\/projetoslayerup.com.br\/smeducacao\/profissao-professor-homenagem-ao-educador\/"},"wordCount":800,"commentCount":0,"image":{"@id":"https:\/\/projetoslayerup.com.br\/smeducacao\/profissao-professor-homenagem-ao-educador\/#primaryimage"},"thumbnailUrl":"https:\/\/projetoslayerup.com.br\/smeducacao\/wp-content\/uploads\/2022\/10\/HEADER-1.png","keywords":["apoio pedag\u00f3gico","dia do professor","educado"],"articleSection":["Comunicados"],"inLanguage":"pt-BR","potentialAction":[{"@type":"CommentAction","name":"Comment","target":["https:\/\/projetoslayerup.com.br\/smeducacao\/profissao-professor-homenagem-ao-educador\/#respond"]}]},{"@type":"WebPage","@id":"https:\/\/projetoslayerup.com.br\/smeducacao\/profissao-professor-homenagem-ao-educador\/","url":"https:\/\/projetoslayerup.com.br\/smeducacao\/profissao-professor-homenagem-ao-educador\/","name":"Dia do Professor: uma homenagem aos educadores","isPartOf":{"@id":"https:\/\/projetoslayerup.com.br\/smeducacao\/#website"},"primaryImageOfPage":{"@id":"https:\/\/projetoslayerup.com.br\/smeducacao\/profissao-professor-homenagem-ao-educador\/#primaryimage"},"image":{"@id":"https:\/\/projetoslayerup.com.br\/smeducacao\/profissao-professor-homenagem-ao-educador\/#primaryimage"},"thumbnailUrl":"https:\/\/projetoslayerup.com.br\/smeducacao\/wp-content\/uploads\/2022\/10\/HEADER-1.png","datePublished":"2022-10-14T15:36:07+00:00","dateModified":"2026-08-19T18:27:14+00:00","author":{"@id":"https:\/\/projetoslayerup.com.br\/smeducacao\/#\/schema\/person\/45d7d41388698d0f902ff276caab47f5"},"description":"No Dia do Professor, parabenize o educador pela voca\u00e7\u00e3o de mudar a hist\u00f3ria de quem aprende, despertando alegria com os ensinamentos da vida.","breadcrumb":{"@id":"https:\/\/projetoslayerup.com.br\/smeducacao\/profissao-professor-homenagem-ao-educador\/#breadcrumb"},"inLanguage":"pt-BR","potentialAction":[{"@type":"ReadAction","target":["https:\/\/projetoslayerup.com.br\/smeducacao\/profissao-professor-homenagem-ao-educador\/"]}]},{"@type":"ImageObject","inLanguage":"pt-BR","@id":"https:\/\/projetoslayerup.com.br\/smeducacao\/profissao-professor-homenagem-ao-educador\/#primaryimage","url":"https:\/\/projetoslayerup.com.br\/smeducacao\/wp-content\/uploads\/2022\/10\/HEADER-1.png","contentUrl":"https:\/\/projetoslayerup.com.br\/smeducacao\/wp-content\/uploads\/2022\/10\/HEADER-1.png","width":1200,"height":803,"caption":"Homenagem ao professor"},{"@type":"BreadcrumbList","@id":"https:\/\/projetoslayerup.com.br\/smeducacao\/profissao-professor-homenagem-ao-educador\/#breadcrumb","itemListElement":[{"@type":"ListItem","position":1,"name":"In\u00edcio","item":"https:\/\/projetoslayerup.com.br\/smeducacao\/"},{"@type":"ListItem","position":2,"name":"Dia do Professor: uma homenagem aos profissionais de educa\u00e7\u00e3o"}]},{"@type":"WebSite","@id":"https:\/\/projetoslayerup.com.br\/smeducacao\/#website","url":"https:\/\/projetoslayerup.com.br\/smeducacao\/","name":"SM Educa\u00e7\u00e3o - Juntos cuidamos da educa\u00e7\u00e3o!","description":"Transformamos a educa\u00e7\u00e3o por meio de solu\u00e7\u00f5es digitais, solu\u00e7\u00f5es did\u00e1ticas para uma aprendizagem personalizada e solu\u00e7\u00f5es estrat\u00e9gicas eficientes. Juntos cuidamos da Educa\u00e7\u00e3o!","potentialAction":[{"@type":"SearchAction","target":{"@type":"EntryPoint","urlTemplate":"https:\/\/projetoslayerup.com.br\/smeducacao\/?s={search_term_string}"},"query-input":{"@type":"PropertyValueSpecification","valueRequired":true,"valueName":"search_term_string"}}],"inLanguage":"pt-BR"},{"@type":"Person","@id":"https:\/\/projetoslayerup.com.br\/smeducacao\/#\/schema\/person\/45d7d41388698d0f902ff276caab47f5","name":"SM Educa\u00e7\u00e3o","image":{"@type":"ImageObject","inLanguage":"pt-BR","@id":"https:\/\/secure.gravatar.com\/avatar\/24327468bc2a6fb95889620b4158620d90c5e352f7a18c30af0e3f8cb70bc104?s=96&d=mm&r=g","url":"https:\/\/secure.gravatar.com\/avatar\/24327468bc2a6fb95889620b4158620d90c5e352f7a18c30af0e3f8cb70bc104?s=96&d=mm&r=g","contentUrl":"https:\/\/secure.gravatar.com\/avatar\/24327468bc2a6fb95889620b4158620d90c5e352f7a18c30af0e3f8cb70bc104?s=96&d=mm&r=g","caption":"SM Educa\u00e7\u00e3o"},"url":"https:\/\/projetoslayerup.com.br\/smeducacao\/author\/smeducacao2021\/"}]}},"_links":{"self":[{"href":"https:\/\/projetoslayerup.com.br\/smeducacao\/wp-json\/wp\/v2\/posts\/5912","targetHints":{"allow":["GET"]}}],"collection":[{"href":"https:\/\/projetoslayerup.com.br\/smeducacao\/wp-json\/wp\/v2\/posts"}],"about":[{"href":"https:\/\/projetoslayerup.com.br\/smeducacao\/wp-json\/wp\/v2\/types\/post"}],"author":[{"embeddable":true,"href":"https:\/\/projetoslayerup.com.br\/smeducacao\/wp-json\/wp\/v2\/users\/2"}],"replies":[{"embeddable":true,"href":"https:\/\/projetoslayerup.com.br\/smeducacao\/wp-json\/wp\/v2\/comments?post=5912"}],"version-history":[{"count":1,"href":"https:\/\/projetoslayerup.com.br\/smeducacao\/wp-json\/wp\/v2\/posts\/5912\/revisions"}],"predecessor-version":[{"id":13390,"href":"https:\/\/projetoslayerup.com.br\/smeducacao\/wp-json\/wp\/v2\/posts\/5912\/revisions\/13390"}],"wp:featuredmedia":[{"embeddable":true,"href":"https:\/\/projetoslayerup.com.br\/smeducacao\/wp-json\/wp\/v2\/media\/5916"}],"wp:attachment":[{"href":"https:\/\/projetoslayerup.com.br\/smeducacao\/wp-json\/wp\/v2\/media?parent=5912"}],"wp:term":[{"taxonomy":"category","embeddable":true,"href":"https:\/\/projetoslayerup.com.br\/smeducacao\/wp-json\/wp\/v2\/categories?post=5912"},{"taxonomy":"post_tag","embeddable":true,"href":"https:\/\/projetoslayerup.com.br\/smeducacao\/wp-json\/wp\/v2\/tags?post=5912"},{"taxonomy":"blog_nivel_escolar","embeddable":true,"href":"https:\/\/projetoslayerup.com.br\/smeducacao\/wp-json\/wp\/v2\/blog_nivel_escolar?post=5912"},{"taxonomy":"blog_segmento_escolar","embeddable":true,"href":"https:\/\/projetoslayerup.com.br\/smeducacao\/wp-json\/wp\/v2\/blog_segmento_escolar?post=5912"}],"curies":[{"name":"wp","href":"https:\/\/api.w.org\/{rel}","templated":true}]}}