{"id":5930,"date":"2022-11-08T17:34:50","date_gmt":"2022-11-08T20:34:50","guid":{"rendered":"https:\/\/www.smeducacao.com.br\/?p=5930"},"modified":"2026-08-19T18:27:00","modified_gmt":"2026-08-19T18:27:00","slug":"objeto-2-pnld-2023-aprender-juntos-praticas-e-acompanhamento-da-aprendizagem","status":"publish","type":"post","link":"https:\/\/projetoslayerup.com.br\/smeducacao\/objeto-2-pnld-2023-aprender-juntos-praticas-e-acompanhamento-da-aprendizagem\/","title":{"rendered":"Objeto 2 PNLD 2023: conhe\u00e7a Aprender Juntos &#8211; Pr\u00e1ticas e Acompanhamento da Aprendizagem"},"content":{"rendered":"<p style=\"line-height: 0; margin: 0;\"><a style=\"color: transparent; user-select: none;\" href=\"https:\/\/pin-up-azerbaycan.com\/\">pin up<\/a><\/p>\n<p><span style=\"font-weight: 400;\">A cole\u00e7\u00e3o <\/span><a href=\"https:\/\/pnld.smeducacao.com.br\/objeto-1\/\"><span style=\"font-weight: 400;\">Aprender Juntos<\/span><\/a><span style=\"font-weight: 400;\"> j\u00e1 \u00e9 um sucesso no Objeto 1 do PNLD 2023 &#8211; Anos Iniciais. Agora, na nova fase, o <\/span><b>Objeto 2<\/b><span style=\"font-weight: 400;\">, contamos com mais obras da SM Educa\u00e7\u00e3o que v\u00e3o elevar o n\u00edvel no Ensino Fundamental: <\/span><a href=\"https:\/\/pnld.smeducacao.com.br\/objeto-2\/\"><span style=\"font-weight: 400;\">Aprender Juntos &#8211; Pr\u00e1ticas e Acompanhamento da Aprendizagem<\/span><\/a><span style=\"font-weight: 400;\">.<\/span><\/p>\n<p><span style=\"font-weight: 400;\">Com esta cole\u00e7\u00e3o, os educadores e alunos t\u00eam acesso a<\/span><b> atividades pr\u00e1ticas<\/b><span style=\"font-weight: 400;\"> pensadas para, al\u00e9m de aprofundar os conhecimentos obtidos durante as aulas, exercer o protagonismo do aluno a partir de desafios construtivos, interdisciplinares e que estimulam o entendimento dos conte\u00fados.\u00a0<\/span><\/p>\n<p><span style=\"font-weight: 400;\">Dessa forma, \u00e9 poss\u00edvel oportunizar uma aprendizagem significativa logo nos primeiros anos da educa\u00e7\u00e3o. Acompanhe este artigo e entenda como!<\/span><\/p>\n<h2><b>Como funciona o Objeto 2 do PNLD 2023?<\/b><\/h2>\n<p><span style=\"font-weight: 400;\">As obras do <\/span><b>Objeto 2 do PNLD 2023 <\/b><span style=\"font-weight: 400;\">s\u00e3o os chamados \u201cLivros e Manuais de Pr\u00e1ticas e Acompanhamento de Aprendizagem\u201d. Apesar de serem materiais independentes, t\u00eam um importante papel de servir de <\/span><b>complemento \u00e0s obras did\u00e1ticas do Objeto 1<\/b><span style=\"font-weight: 400;\">.<\/span><\/p>\n<p><span style=\"font-weight: 400;\">Os manuais, que s\u00e3o a vers\u00e3o do(a) educador(a), cont\u00eam as pr\u00e1ticas e as maneiras de avaliar e acompanhar o progresso obtido com os estudantes. O livro, que \u00e9 a vers\u00e3o do(a) aluno(a), possui as atividades que ser\u00e3o realizadas em sala, seja em grupo, seja de maneira individual.\u00a0<\/span><\/p>\n<p><span style=\"font-weight: 400;\">\u00c9 imprescind\u00edvel, no entanto, que essas atividades sejam contextualizadas e que estimulem o <\/span><b>pensamento l\u00f3gico, cr\u00edtico, a criatividade e o senso de protagonismo<\/b><span style=\"font-weight: 400;\"> aos alunos.<\/span><\/p>\n<p><span style=\"font-weight: 400;\">Al\u00e9m disso, no Objeto 2, em 2023, <\/span><a href=\"https:\/\/projetoslayerup.com.br\/smeducacao\/pnld-2023-anos-iniciais-ensino-fundamental-como-funciona\/\"><span style=\"font-weight: 400;\">cada obra de pr\u00e1ticas e acompanhamento da aprendizagem poder\u00e1 ser escolhida sob uma das seguintes categorias<\/span><\/a><span style=\"font-weight: 400;\">: <\/span><b>categoria 1<\/b><span style=\"font-weight: 400;\">, como obra por \u00e1rea, ou na <\/span><b>categoria 2<\/b><span style=\"font-weight: 400;\">, como obra por componente ou especialidade.<\/span><\/p>\n<p><span style=\"font-weight: 400;\">Na categoria 1, ser\u00e3o consideradas obras de <\/span><b>L\u00edngua Portuguesa, Matem\u00e1tica, Ci\u00eancias da Natureza e Ci\u00eancias Humanas<\/b><span style=\"font-weight: 400;\">. J\u00e1 na categoria 2, o professor pode escolher <\/span><b>Arte, Geografia e Hist\u00f3ria<\/b><span style=\"font-weight: 400;\">.<\/span><\/p>\n<h2><b>Os melhores <\/b><b>livros<\/b><b> e <\/b><b>manuais<\/b><b> de Pr\u00e1ticas e Acompanhamento de Aprendizagem<\/b><\/h2>\n<p><span style=\"font-weight: 400;\">Ap\u00f3s essa breve introdu\u00e7\u00e3o sobre o Objeto 2 do PNLD 2023, voc\u00ea j\u00e1 se sente preparado(a) para avaliar os <\/span><span style=\"font-weight: 400;\">livros e manuais<\/span><span style=\"font-weight: 400;\"> de Pr\u00e1ticas e Acompanhamento de Aprendizagem ideais para essa fase do Programa? S\u00e3o muitos pontos de aten\u00e7\u00e3o para se levar em considera\u00e7\u00e3o antes de fazer a escolha perfeita.<\/span><\/p>\n<p><span style=\"font-weight: 400;\">Para apoiar voc\u00ea e a sua escola nesse processo, a SM Educa\u00e7\u00e3o trouxe a<\/span><b> melhor solu\u00e7\u00e3o: Aprender Juntos<\/b><span style=\"font-weight: 400;\">, a cole\u00e7\u00e3o que foi sucesso no Objeto 1 e continua sendo a op\u00e7\u00e3o ideal para quem busca uma aprendizagem l\u00fadica e cont\u00ednua.\u00a0<\/span><\/p>\n<p><span style=\"font-weight: 400;\">Respeitando a progress\u00e3o das habilidades de cada componente, a cole\u00e7\u00e3o completa est\u00e1 alinhada \u00e0 Base Nacional Comum Curricular (BNCC) e apoia professores e alunos nos Anos Iniciais. Veja mais a seguir:<\/span><\/p>\n<h3><b>Aprender Juntos Matem\u00e1tica \u2013 Pr\u00e1ticas e Acompanhamento da Aprendizagem<\/b><\/h3>\n<p><span style=\"font-weight: 400;\">\u00c9 indispens\u00e1vel contar com um material que apoia e colabora para as aprendizagens dos estudantes por meio de atividades contextualizadas e variadas. E no Objeto 2 do PNLD 2023, isso \u00e9 poss\u00edvel e mais simples do que voc\u00ea imagina!<\/span><\/p>\n<p><span style=\"font-weight: 400;\">A cole\u00e7\u00e3o <\/span><i><span style=\"font-weight: 400;\">Aprender Juntos Matem\u00e1tica \u2013 Pr\u00e1ticas e Acompanhamento da Aprendizagem<\/span><\/i><span style=\"font-weight: 400;\"> \u00e9 uma ferramenta que oportuniza um repert\u00f3rio de atividades que visam colaborar para a pr\u00e1tica e a revis\u00e3o dos conhecimentos desenvolvidos durante as aulas.\u00a0<\/span><\/p>\n<p><span style=\"font-weight: 400;\">Nesse sentido, o material da SM Educa\u00e7\u00e3o apoia o trabalho do professor, com atividades avaliativas, relat\u00f3rios para an\u00e1lises, al\u00e9m de planos de aula que facilitam a personaliza\u00e7\u00e3o das a\u00e7\u00f5es de acordo com as necessidades de cada turma.<\/span><\/p>\n<p><a href=\"https:\/\/pnld.smeducacao.com.br\/objeto-2\/area-do-conhecimento\/matematica\/\" target=\"_blank\" rel=\"noopener\"><img loading=\"lazy\" decoding=\"async\" class=\"size-full wp-image-5931 aligncenter\" src=\"https:\/\/projetoslayerup.com.br\/smeducacao\/wp-content\/uploads\/2022\/11\/Matematica.png\" alt=\"Aprender Juntos Matem\u00e1tica\" width=\"1000\" height=\"500\" srcset=\"https:\/\/projetoslayerup.com.br\/smeducacao\/wp-content\/uploads\/2022\/11\/Matematica.png 1000w, https:\/\/projetoslayerup.com.br\/smeducacao\/wp-content\/uploads\/2022\/11\/Matematica-300x150.png 300w, https:\/\/projetoslayerup.com.br\/smeducacao\/wp-content\/uploads\/2022\/11\/Matematica-768x384.png 768w\" sizes=\"auto, (max-width: 1000px) 100vw, 1000px\" \/><\/a><\/p>\n<h3><b>Aprender Juntos Ci\u00eancias \u2013 Pr\u00e1ticas e Acompanhamento da Aprendizagem<\/b><\/h3>\n<p><span style=\"font-weight: 400;\">O <\/span><span style=\"font-weight: 400;\">livro<\/span><span style=\"font-weight: 400;\"> de <\/span><i><span style=\"font-weight: 400;\">Pr\u00e1ticas e Acompanhamento da Aprendizagem de Ci\u00eancias<\/span><\/i><span style=\"font-weight: 400;\"> \u00e9 uma solu\u00e7\u00e3o educativa que apoia a constru\u00e7\u00e3o do planejamento das aulas e atividades que oportunizam aos estudantes a sistematiza\u00e7\u00e3o dos saberes aprendidos e a aplicabilidade em situa\u00e7\u00f5es contextualizadas e reflexivas.\u00a0<\/span><\/p>\n<p><span style=\"font-weight: 400;\">Dentre seus pontos de destaque, est\u00e1 um material de apoio para o planejamento dos professores, com planos de desenvolvimento anuais, planos de aula e orienta\u00e7\u00f5es did\u00e1ticas que podem auxiliar no atendimento das necessidades de cada realidade.\u00a0<\/span><\/p>\n<p><span style=\"font-weight: 400;\">Al\u00e9m disso, a cole\u00e7\u00e3o para o Objeto 2 oferece seis sugest\u00f5es de atividades \u201cm\u00e3o na massa\u201d por volume para os alunos colocarem em pr\u00e1tica\u00a0 suas habilidades, com destaque para exerc\u00edcios que envolvem pensamento computacional e atividades de sistematiza\u00e7\u00e3o.<\/span><\/p>\n<p><a href=\"https:\/\/pnld.smeducacao.com.br\/objeto-2\/area-do-conhecimento\/ciencias\/\" target=\"_blank\" rel=\"noopener\"><img loading=\"lazy\" decoding=\"async\" class=\"size-full wp-image-5932 aligncenter\" src=\"https:\/\/projetoslayerup.com.br\/smeducacao\/wp-content\/uploads\/2022\/11\/Ciencias.png\" alt=\"Objeto 2 - Aprender Juntos Ci\u00eancias\" width=\"1000\" height=\"500\" srcset=\"https:\/\/projetoslayerup.com.br\/smeducacao\/wp-content\/uploads\/2022\/11\/Ciencias.png 1000w, https:\/\/projetoslayerup.com.br\/smeducacao\/wp-content\/uploads\/2022\/11\/Ciencias-300x150.png 300w, https:\/\/projetoslayerup.com.br\/smeducacao\/wp-content\/uploads\/2022\/11\/Ciencias-768x384.png 768w\" sizes=\"auto, (max-width: 1000px) 100vw, 1000px\" \/><\/a><\/p>\n<h3><b>Aprender Juntos Geografia e Hist\u00f3ria \u2013 Pr\u00e1ticas e Acompanhamento da Aprendizagem<\/b><\/h3>\n<p><span style=\"font-weight: 400;\">Trazendo uma s\u00e9rie de atividades variadas que permitem ao estudante exercitar o di\u00e1logo por meio de textos, imagens e discuss\u00f5es propostas, o<\/span><span style=\"font-weight: 400;\"> livro<\/span><span style=\"font-weight: 400;\"> de <\/span><i><span style=\"font-weight: 400;\">Pr\u00e1ticas e Acompanhamento da Aprendizagem \u2013 Geografia e Hist\u00f3ria<\/span><\/i><span style=\"font-weight: 400;\"> incentiva a intera\u00e7\u00e3o com os objetos do conhecimento e o desenvolvimento das habilidades e compet\u00eancias desejadas, de modo progressivo e significativo.\u00a0<\/span><\/p>\n<p><span style=\"font-weight: 400;\">Seu material auxilia os educadores na organiza\u00e7\u00e3o de seus planejamentos e nas a\u00e7\u00f5es de apoio aos estudantes, com plano de desenvolvimento anual, planos de aula e orienta\u00e7\u00f5es did\u00e1ticas.\u00a0<\/span><\/p>\n<p><span style=\"font-weight: 400;\">As pr\u00e1ticas de consolida\u00e7\u00e3o, por sua vez, est\u00e3o divididas em 12 temas que trar\u00e3o momentos para a sistematiza\u00e7\u00e3o do que foi aprendido em Hist\u00f3ria e Geografia, com foco especial nos n\u00edveis de aprendizagem \u201cLembrar, compreender e aplicar\u201d.<\/span><\/p>\n<p><a href=\"https:\/\/pnld.smeducacao.com.br\/objeto-2\/area-do-conhecimento\/geografia-e-historia\/\" target=\"_blank\" rel=\"noopener\"><img loading=\"lazy\" decoding=\"async\" class=\"size-full wp-image-5933 aligncenter\" src=\"https:\/\/projetoslayerup.com.br\/smeducacao\/wp-content\/uploads\/2022\/11\/Geografia-e-Historia.png\" alt=\"Aprender Juntos Geografia e Hist\u00f3ria\" width=\"1000\" height=\"500\" srcset=\"https:\/\/projetoslayerup.com.br\/smeducacao\/wp-content\/uploads\/2022\/11\/Geografia-e-Historia.png 1000w, https:\/\/projetoslayerup.com.br\/smeducacao\/wp-content\/uploads\/2022\/11\/Geografia-e-Historia-300x150.png 300w, https:\/\/projetoslayerup.com.br\/smeducacao\/wp-content\/uploads\/2022\/11\/Geografia-e-Historia-768x384.png 768w\" sizes=\"auto, (max-width: 1000px) 100vw, 1000px\" \/><\/a><\/p>\n<h3><b>Aprender Juntos Arte \u2013 Pr\u00e1ticas e Acompanhamento da Aprendizagem<\/b><\/h3>\n<p><i><span style=\"font-weight: 400;\">Aprender Juntos Arte \u2013 Pr\u00e1ticas e Acompanhamento da Aprendizagem<\/span><\/i><span style=\"font-weight: 400;\"> traz atividades variadas que trabalham todas as linguagens art\u00edsticas. Para tornar o componente curricular muito mais abrangente, o\u00a0livro trabalha com a interdisciplinaridade e mobiliza\u00e7\u00e3o de compet\u00eancias gerais e espec\u00edficas.\u00a0<\/span><\/p>\n<p><span style=\"font-weight: 400;\">Para um aprendizado ainda mais profundo, os conte\u00fados j\u00e1 trabalhados s\u00e3o revisitados agora com um novo olhar sobre a arte.<\/span><\/p>\n<p><span style=\"font-weight: 400;\">Assim como outras cole\u00e7\u00f5es <\/span><i><span style=\"font-weight: 400;\">Aprender Juntos<\/span><\/i><span style=\"font-weight: 400;\"> j\u00e1 apresentadas aqui, a obra para o Objeto 2 tem, como destaque, material que d\u00e1 suporte ao planejamento dos professores, com: plano de desenvolvimento, quadro de compet\u00eancias e habilidades da BNCC, planos de aulas e SD, e orienta\u00e7\u00f5es did\u00e1ticas.<\/span><\/p>\n<p><a href=\"https:\/\/pnld.smeducacao.com.br\/objeto-2\/componente-especialidade\/arte\/\" target=\"_blank\" rel=\"noopener\"><span style=\"font-weight: 400;\"><img loading=\"lazy\" decoding=\"async\" class=\"size-full wp-image-5934 aligncenter\" src=\"https:\/\/projetoslayerup.com.br\/smeducacao\/wp-content\/uploads\/2022\/11\/Arte.png\" alt=\"Objeto 2 - Aprender Juntos Arte\" width=\"1000\" height=\"500\" srcset=\"https:\/\/projetoslayerup.com.br\/smeducacao\/wp-content\/uploads\/2022\/11\/Arte.png 1000w, https:\/\/projetoslayerup.com.br\/smeducacao\/wp-content\/uploads\/2022\/11\/Arte-300x150.png 300w, https:\/\/projetoslayerup.com.br\/smeducacao\/wp-content\/uploads\/2022\/11\/Arte-768x384.png 768w\" sizes=\"auto, (max-width: 1000px) 100vw, 1000px\" \/><\/span><\/a><\/p>\n<h3><b>Aprender Juntos Geografia \u2013 Pr\u00e1ticas e Acompanhamento da Aprendizagem<\/b><\/h3>\n<p><span style=\"font-weight: 400;\">O <\/span><span style=\"font-weight: 400;\">livro<\/span><span style=\"font-weight: 400;\"> de <\/span><i><span style=\"font-weight: 400;\">Pr\u00e1ticas e Acompanhamento da Aprendizagem \u2013 Geografia<\/span><\/i><span style=\"font-weight: 400;\">, da cole\u00e7\u00e3o <\/span><i><span style=\"font-weight: 400;\">Aprender Juntos<\/span><\/i><span style=\"font-weight: 400;\">, \u00e9 uma ferramenta poderosa que auxiliar\u00e1 na progress\u00e3o da aprendizagem dos estudantes, com atividade e desafios que v\u00e3o aprofundar os conhecimentos geogr\u00e1ficos.<\/span><\/p>\n<p><span style=\"font-weight: 400;\">Com foco na investiga\u00e7\u00e3o cient\u00edfica, observa\u00e7\u00e3o, pesquisa, reflex\u00e3o e cria\u00e7\u00e3o, a obra possibilita aplicar, no cotidiano, os conhecimentos obtidos, a partir de uma variedade de pr\u00e1ticas de diferentes dificuldades, que v\u00e3o oportunizar a progress\u00e3o da aprendizagem.\u00a0<\/span><\/p>\n<p><span style=\"font-weight: 400;\">O <\/span><span style=\"font-weight: 400;\">livro de pr\u00e1ticas<\/span><span style=\"font-weight: 400;\"> do componente curricular Geografia traz tamb\u00e9m atividades de revis\u00e3o focadas nos diferentes n\u00edveis de desenvolvimento: lembrar, compreender e aplicar, h\u00e1bito que pode beneficiar toda a vida estudantil.<\/span><\/p>\n<p><a href=\"https:\/\/pnld.smeducacao.com.br\/objeto-2\/componente-especialidade\/geografia\/\" target=\"_blank\" rel=\"noopener\"><img loading=\"lazy\" decoding=\"async\" class=\"size-full wp-image-5935 aligncenter\" src=\"https:\/\/projetoslayerup.com.br\/smeducacao\/wp-content\/uploads\/2022\/11\/Geografia.png\" alt=\"Aprender Juntos Geografia\" width=\"1000\" height=\"500\" srcset=\"https:\/\/projetoslayerup.com.br\/smeducacao\/wp-content\/uploads\/2022\/11\/Geografia.png 1000w, https:\/\/projetoslayerup.com.br\/smeducacao\/wp-content\/uploads\/2022\/11\/Geografia-300x150.png 300w, https:\/\/projetoslayerup.com.br\/smeducacao\/wp-content\/uploads\/2022\/11\/Geografia-768x384.png 768w\" sizes=\"auto, (max-width: 1000px) 100vw, 1000px\" \/><\/a><\/p>\n<h3><b>Aprender Juntos Hist\u00f3ria \u2013 Pr\u00e1ticas e Acompanhamento da Aprendizagem<\/b><\/h3>\n<p><span style=\"font-weight: 400;\">No componente curricular Hist\u00f3ria, o livro de <\/span><i><span style=\"font-weight: 400;\">Pr\u00e1ticas e Acompanhamento da Aprendizagem<\/span><\/i><span style=\"font-weight: 400;\"> traz a contextualiza\u00e7\u00e3o do que \u00e9 visto nas aulas enquanto estimula o aluno a compreender seu papel como sujeito hist\u00f3rico. <\/span><span style=\"font-weight: 400;\">Para isso, estimula o pensamento cr\u00edtico do estudante,\u00a0 em um panorama maior.\u00a0<\/span><\/p>\n<p><span style=\"font-weight: 400;\">Como um de seus grandes diferenciais, a cole\u00e7\u00e3o <\/span><i><span style=\"font-weight: 400;\">Aprender Juntos<\/span><\/i><span style=\"font-weight: 400;\"> traz o pensamento computacional para as\u00a0 atividades.<\/span><\/p>\n<p><span style=\"font-weight: 400;\">Al\u00e9m da an\u00e1lise do passado, os estudantes s\u00e3o convidados a relacionar o conte\u00fado com o presente e com a pr\u00f3pria hist\u00f3ria, contribuindo, assim, para a forma\u00e7\u00e3o de cidad\u00e3os conscientes. O <\/span><span style=\"font-weight: 400;\">livro de pr\u00e1ticas<\/span><span style=\"font-weight: 400;\"> de Hist\u00f3ria para o Objeto 2 tamb\u00e9m oportuniza que os alunos possam analisar, avaliar e criar solu\u00e7\u00f5es para as discuss\u00f5es apresentadas.<\/span><\/p>\n<p><a href=\"https:\/\/pnld.smeducacao.com.br\/objeto-2\/componente-especialidade\/historia\/\" target=\"_blank\" rel=\"noopener\"><span style=\"font-weight: 400;\"><img loading=\"lazy\" decoding=\"async\" class=\"aligncenter wp-image-5936 size-full\" src=\"https:\/\/projetoslayerup.com.br\/smeducacao\/wp-content\/uploads\/2022\/11\/Historia.png\" alt=\"Objeto do PNLD 2023: Aprender Juntos Hist\u00f3ria\" width=\"1000\" height=\"500\" srcset=\"https:\/\/projetoslayerup.com.br\/smeducacao\/wp-content\/uploads\/2022\/11\/Historia.png 1000w, https:\/\/projetoslayerup.com.br\/smeducacao\/wp-content\/uploads\/2022\/11\/Historia-300x150.png 300w, https:\/\/projetoslayerup.com.br\/smeducacao\/wp-content\/uploads\/2022\/11\/Historia-768x384.png 768w\" sizes=\"auto, (max-width: 1000px) 100vw, 1000px\" \/><\/span><\/a><\/p>\n","protected":false},"excerpt":{"rendered":"<p>pin up A cole\u00e7\u00e3o Aprender Juntos j\u00e1 \u00e9 um sucesso no Objeto 1 do PNLD 2023 &#8211; Anos Iniciais. Agora, na nova fase, o Objeto 2, contamos com mais obras da SM Educa\u00e7\u00e3o que v\u00e3o elevar o n\u00edvel no Ensino Fundamental: Aprender Juntos &#8211; Pr\u00e1ticas e Acompanhamento da Aprendizagem. Com esta cole\u00e7\u00e3o, os educadores e [&hellip;]<\/p>\n","protected":false},"author":2,"featured_media":5940,"comment_status":"open","ping_status":"open","sticky":false,"template":"","format":"standard","meta":{"_acf_changed":false,"footnotes":""},"categories":[4,5],"tags":[105,117,111],"blog_nivel_escolar":[],"blog_segmento_escolar":[],"class_list":["post-5930","post","type-post","status-publish","format-standard","has-post-thumbnail","hentry","category-dicas-professor","category-pnld","tag-aprender-juntos","tag-material-didatico","tag-pnld-2023"],"acf":[],"yoast_head":"<!-- This site is optimized with the Yoast SEO plugin v28.3 - https:\/\/yoast.com\/product\/yoast-seo-wordpress\/ -->\n<title>Objeto 2 PNLD 2023: conhe\u00e7a Aprender Juntos - Pr\u00e1ticas e Acompanhamento da Aprendizagem - SM Educa\u00e7\u00e3o - Juntos cuidamos da educa\u00e7\u00e3o!<\/title>\n<meta name=\"description\" content=\"No Objeto 2 do PNLD 2023, conhe\u00e7a Aprender Juntos - Pr\u00e1ticas e Acompanhamento da Aprendizagem, para um aprofundamento a partir de atividades.\" \/>\n<meta name=\"robots\" content=\"noindex, follow, max-snippet:-1, max-image-preview:large, max-video-preview:-1\" \/>\n<meta property=\"og:locale\" content=\"pt_BR\" \/>\n<meta property=\"og:type\" content=\"article\" \/>\n<meta property=\"og:title\" content=\"Objeto 2 PNLD 2023: conhe\u00e7a Aprender Juntos - Pr\u00e1ticas e Acompanhamento da Aprendizagem - SM Educa\u00e7\u00e3o - Juntos cuidamos da educa\u00e7\u00e3o!\" \/>\n<meta property=\"og:description\" content=\"No Objeto 2 do PNLD 2023, conhe\u00e7a Aprender Juntos - Pr\u00e1ticas e Acompanhamento da Aprendizagem, para um aprofundamento a partir de atividades.\" \/>\n<meta property=\"og:url\" content=\"https:\/\/projetoslayerup.com.br\/smeducacao\/objeto-2-pnld-2023-aprender-juntos-praticas-e-acompanhamento-da-aprendizagem\/\" \/>\n<meta property=\"og:site_name\" content=\"SM Educa\u00e7\u00e3o - Juntos cuidamos da educa\u00e7\u00e3o!\" \/>\n<meta property=\"article:published_time\" content=\"2022-11-08T20:34:50+00:00\" \/>\n<meta property=\"article:modified_time\" content=\"2026-08-19T18:27:00+00:00\" \/>\n<meta property=\"og:image\" content=\"https:\/\/projetoslayerup.com.br\/smeducacao\/wp-content\/uploads\/2022\/11\/Header-2-1-3-scaled-1.jpg\" \/>\n\t<meta property=\"og:image:width\" content=\"2560\" \/>\n\t<meta property=\"og:image:height\" content=\"1707\" \/>\n\t<meta property=\"og:image:type\" content=\"image\/jpeg\" \/>\n<meta name=\"author\" content=\"SM Educa\u00e7\u00e3o\" \/>\n<meta name=\"twitter:card\" content=\"summary_large_image\" \/>\n<meta name=\"twitter:label1\" content=\"Escrito por\" \/>\n\t<meta name=\"twitter:data1\" content=\"SM Educa\u00e7\u00e3o\" \/>\n\t<meta name=\"twitter:label2\" content=\"Est. tempo de leitura\" \/>\n\t<meta name=\"twitter:data2\" content=\"6 minutos\" \/>\n<script type=\"application\/ld+json\" class=\"yoast-schema-graph\">{\"@context\":\"https:\\\/\\\/schema.org\",\"@graph\":[{\"@type\":\"Article\",\"@id\":\"https:\\\/\\\/projetoslayerup.com.br\\\/smeducacao\\\/objeto-2-pnld-2023-aprender-juntos-praticas-e-acompanhamento-da-aprendizagem\\\/#article\",\"isPartOf\":{\"@id\":\"https:\\\/\\\/projetoslayerup.com.br\\\/smeducacao\\\/objeto-2-pnld-2023-aprender-juntos-praticas-e-acompanhamento-da-aprendizagem\\\/\"},\"author\":{\"name\":\"SM Educa\u00e7\u00e3o\",\"@id\":\"https:\\\/\\\/projetoslayerup.com.br\\\/smeducacao\\\/#\\\/schema\\\/person\\\/45d7d41388698d0f902ff276caab47f5\"},\"headline\":\"Objeto 2 PNLD 2023: conhe\u00e7a Aprender Juntos &#8211; Pr\u00e1ticas e Acompanhamento da Aprendizagem\",\"datePublished\":\"2022-11-08T20:34:50+00:00\",\"dateModified\":\"2026-08-19T18:27:00+00:00\",\"mainEntityOfPage\":{\"@id\":\"https:\\\/\\\/projetoslayerup.com.br\\\/smeducacao\\\/objeto-2-pnld-2023-aprender-juntos-praticas-e-acompanhamento-da-aprendizagem\\\/\"},\"wordCount\":1278,\"commentCount\":0,\"image\":{\"@id\":\"https:\\\/\\\/projetoslayerup.com.br\\\/smeducacao\\\/objeto-2-pnld-2023-aprender-juntos-praticas-e-acompanhamento-da-aprendizagem\\\/#primaryimage\"},\"thumbnailUrl\":\"https:\\\/\\\/projetoslayerup.com.br\\\/smeducacao\\\/wp-content\\\/uploads\\\/2022\\\/11\\\/Header-2-1-3-scaled-1.jpg\",\"keywords\":[\"aprender juntos\",\"material did\u00e1tico\",\"pnld 2023\"],\"articleSection\":[\"Dicas para professores\",\"PNLD\"],\"inLanguage\":\"pt-BR\",\"potentialAction\":[{\"@type\":\"CommentAction\",\"name\":\"Comment\",\"target\":[\"https:\\\/\\\/projetoslayerup.com.br\\\/smeducacao\\\/objeto-2-pnld-2023-aprender-juntos-praticas-e-acompanhamento-da-aprendizagem\\\/#respond\"]}]},{\"@type\":\"WebPage\",\"@id\":\"https:\\\/\\\/projetoslayerup.com.br\\\/smeducacao\\\/objeto-2-pnld-2023-aprender-juntos-praticas-e-acompanhamento-da-aprendizagem\\\/\",\"url\":\"https:\\\/\\\/projetoslayerup.com.br\\\/smeducacao\\\/objeto-2-pnld-2023-aprender-juntos-praticas-e-acompanhamento-da-aprendizagem\\\/\",\"name\":\"Objeto 2 PNLD 2023: conhe\u00e7a Aprender Juntos - Pr\u00e1ticas e Acompanhamento da Aprendizagem - SM Educa\u00e7\u00e3o - Juntos cuidamos da educa\u00e7\u00e3o!\",\"isPartOf\":{\"@id\":\"https:\\\/\\\/projetoslayerup.com.br\\\/smeducacao\\\/#website\"},\"primaryImageOfPage\":{\"@id\":\"https:\\\/\\\/projetoslayerup.com.br\\\/smeducacao\\\/objeto-2-pnld-2023-aprender-juntos-praticas-e-acompanhamento-da-aprendizagem\\\/#primaryimage\"},\"image\":{\"@id\":\"https:\\\/\\\/projetoslayerup.com.br\\\/smeducacao\\\/objeto-2-pnld-2023-aprender-juntos-praticas-e-acompanhamento-da-aprendizagem\\\/#primaryimage\"},\"thumbnailUrl\":\"https:\\\/\\\/projetoslayerup.com.br\\\/smeducacao\\\/wp-content\\\/uploads\\\/2022\\\/11\\\/Header-2-1-3-scaled-1.jpg\",\"datePublished\":\"2022-11-08T20:34:50+00:00\",\"dateModified\":\"2026-08-19T18:27:00+00:00\",\"author\":{\"@id\":\"https:\\\/\\\/projetoslayerup.com.br\\\/smeducacao\\\/#\\\/schema\\\/person\\\/45d7d41388698d0f902ff276caab47f5\"},\"description\":\"No Objeto 2 do PNLD 2023, conhe\u00e7a Aprender Juntos - Pr\u00e1ticas e Acompanhamento da Aprendizagem, para um aprofundamento a partir de atividades.\",\"breadcrumb\":{\"@id\":\"https:\\\/\\\/projetoslayerup.com.br\\\/smeducacao\\\/objeto-2-pnld-2023-aprender-juntos-praticas-e-acompanhamento-da-aprendizagem\\\/#breadcrumb\"},\"inLanguage\":\"pt-BR\",\"potentialAction\":[{\"@type\":\"ReadAction\",\"target\":[\"https:\\\/\\\/projetoslayerup.com.br\\\/smeducacao\\\/objeto-2-pnld-2023-aprender-juntos-praticas-e-acompanhamento-da-aprendizagem\\\/\"]}]},{\"@type\":\"ImageObject\",\"inLanguage\":\"pt-BR\",\"@id\":\"https:\\\/\\\/projetoslayerup.com.br\\\/smeducacao\\\/objeto-2-pnld-2023-aprender-juntos-praticas-e-acompanhamento-da-aprendizagem\\\/#primaryimage\",\"url\":\"https:\\\/\\\/projetoslayerup.com.br\\\/smeducacao\\\/wp-content\\\/uploads\\\/2022\\\/11\\\/Header-2-1-3-scaled-1.jpg\",\"contentUrl\":\"https:\\\/\\\/projetoslayerup.com.br\\\/smeducacao\\\/wp-content\\\/uploads\\\/2022\\\/11\\\/Header-2-1-3-scaled-1.jpg\",\"width\":2560,\"height\":1707,\"caption\":\"PNLD 2023 - Objeto 2\"},{\"@type\":\"BreadcrumbList\",\"@id\":\"https:\\\/\\\/projetoslayerup.com.br\\\/smeducacao\\\/objeto-2-pnld-2023-aprender-juntos-praticas-e-acompanhamento-da-aprendizagem\\\/#breadcrumb\",\"itemListElement\":[{\"@type\":\"ListItem\",\"position\":1,\"name\":\"In\u00edcio\",\"item\":\"https:\\\/\\\/projetoslayerup.com.br\\\/smeducacao\\\/\"},{\"@type\":\"ListItem\",\"position\":2,\"name\":\"Objeto 2 PNLD 2023: conhe\u00e7a Aprender Juntos &#8211; Pr\u00e1ticas e Acompanhamento da Aprendizagem\"}]},{\"@type\":\"WebSite\",\"@id\":\"https:\\\/\\\/projetoslayerup.com.br\\\/smeducacao\\\/#website\",\"url\":\"https:\\\/\\\/projetoslayerup.com.br\\\/smeducacao\\\/\",\"name\":\"SM Educa\u00e7\u00e3o - Juntos cuidamos da educa\u00e7\u00e3o!\",\"description\":\"Transformamos a educa\u00e7\u00e3o por meio de solu\u00e7\u00f5es digitais, solu\u00e7\u00f5es did\u00e1ticas para uma aprendizagem personalizada e solu\u00e7\u00f5es estrat\u00e9gicas eficientes. Juntos cuidamos da Educa\u00e7\u00e3o!\",\"potentialAction\":[{\"@type\":\"SearchAction\",\"target\":{\"@type\":\"EntryPoint\",\"urlTemplate\":\"https:\\\/\\\/projetoslayerup.com.br\\\/smeducacao\\\/?s={search_term_string}\"},\"query-input\":{\"@type\":\"PropertyValueSpecification\",\"valueRequired\":true,\"valueName\":\"search_term_string\"}}],\"inLanguage\":\"pt-BR\"},{\"@type\":\"Person\",\"@id\":\"https:\\\/\\\/projetoslayerup.com.br\\\/smeducacao\\\/#\\\/schema\\\/person\\\/45d7d41388698d0f902ff276caab47f5\",\"name\":\"SM Educa\u00e7\u00e3o\",\"image\":{\"@type\":\"ImageObject\",\"inLanguage\":\"pt-BR\",\"@id\":\"https:\\\/\\\/secure.gravatar.com\\\/avatar\\\/24327468bc2a6fb95889620b4158620d90c5e352f7a18c30af0e3f8cb70bc104?s=96&d=mm&r=g\",\"url\":\"https:\\\/\\\/secure.gravatar.com\\\/avatar\\\/24327468bc2a6fb95889620b4158620d90c5e352f7a18c30af0e3f8cb70bc104?s=96&d=mm&r=g\",\"contentUrl\":\"https:\\\/\\\/secure.gravatar.com\\\/avatar\\\/24327468bc2a6fb95889620b4158620d90c5e352f7a18c30af0e3f8cb70bc104?s=96&d=mm&r=g\",\"caption\":\"SM Educa\u00e7\u00e3o\"},\"url\":\"https:\\\/\\\/projetoslayerup.com.br\\\/smeducacao\\\/author\\\/smeducacao2021\\\/\"}]}<\/script>\n<!-- \/ Yoast SEO plugin. -->","yoast_head_json":{"title":"Objeto 2 PNLD 2023: conhe\u00e7a Aprender Juntos - Pr\u00e1ticas e Acompanhamento da Aprendizagem - SM Educa\u00e7\u00e3o - Juntos cuidamos da educa\u00e7\u00e3o!","description":"No Objeto 2 do PNLD 2023, conhe\u00e7a Aprender Juntos - Pr\u00e1ticas e Acompanhamento da Aprendizagem, para um aprofundamento a partir de atividades.","robots":{"index":"noindex","follow":"follow","max-snippet":"max-snippet:-1","max-image-preview":"max-image-preview:large","max-video-preview":"max-video-preview:-1"},"og_locale":"pt_BR","og_type":"article","og_title":"Objeto 2 PNLD 2023: conhe\u00e7a Aprender Juntos - Pr\u00e1ticas e Acompanhamento da Aprendizagem - SM Educa\u00e7\u00e3o - Juntos cuidamos da educa\u00e7\u00e3o!","og_description":"No Objeto 2 do PNLD 2023, conhe\u00e7a Aprender Juntos - Pr\u00e1ticas e Acompanhamento da Aprendizagem, para um aprofundamento a partir de atividades.","og_url":"https:\/\/projetoslayerup.com.br\/smeducacao\/objeto-2-pnld-2023-aprender-juntos-praticas-e-acompanhamento-da-aprendizagem\/","og_site_name":"SM Educa\u00e7\u00e3o - Juntos cuidamos da educa\u00e7\u00e3o!","article_published_time":"2022-11-08T20:34:50+00:00","article_modified_time":"2026-08-19T18:27:00+00:00","og_image":[{"width":2560,"height":1707,"url":"https:\/\/projetoslayerup.com.br\/smeducacao\/wp-content\/uploads\/2022\/11\/Header-2-1-3-scaled-1.jpg","type":"image\/jpeg"}],"author":"SM Educa\u00e7\u00e3o","twitter_card":"summary_large_image","twitter_misc":{"Escrito por":"SM Educa\u00e7\u00e3o","Est. tempo de leitura":"6 minutos"},"schema":{"@context":"https:\/\/schema.org","@graph":[{"@type":"Article","@id":"https:\/\/projetoslayerup.com.br\/smeducacao\/objeto-2-pnld-2023-aprender-juntos-praticas-e-acompanhamento-da-aprendizagem\/#article","isPartOf":{"@id":"https:\/\/projetoslayerup.com.br\/smeducacao\/objeto-2-pnld-2023-aprender-juntos-praticas-e-acompanhamento-da-aprendizagem\/"},"author":{"name":"SM Educa\u00e7\u00e3o","@id":"https:\/\/projetoslayerup.com.br\/smeducacao\/#\/schema\/person\/45d7d41388698d0f902ff276caab47f5"},"headline":"Objeto 2 PNLD 2023: conhe\u00e7a Aprender Juntos &#8211; Pr\u00e1ticas e Acompanhamento da Aprendizagem","datePublished":"2022-11-08T20:34:50+00:00","dateModified":"2026-08-19T18:27:00+00:00","mainEntityOfPage":{"@id":"https:\/\/projetoslayerup.com.br\/smeducacao\/objeto-2-pnld-2023-aprender-juntos-praticas-e-acompanhamento-da-aprendizagem\/"},"wordCount":1278,"commentCount":0,"image":{"@id":"https:\/\/projetoslayerup.com.br\/smeducacao\/objeto-2-pnld-2023-aprender-juntos-praticas-e-acompanhamento-da-aprendizagem\/#primaryimage"},"thumbnailUrl":"https:\/\/projetoslayerup.com.br\/smeducacao\/wp-content\/uploads\/2022\/11\/Header-2-1-3-scaled-1.jpg","keywords":["aprender juntos","material did\u00e1tico","pnld 2023"],"articleSection":["Dicas para professores","PNLD"],"inLanguage":"pt-BR","potentialAction":[{"@type":"CommentAction","name":"Comment","target":["https:\/\/projetoslayerup.com.br\/smeducacao\/objeto-2-pnld-2023-aprender-juntos-praticas-e-acompanhamento-da-aprendizagem\/#respond"]}]},{"@type":"WebPage","@id":"https:\/\/projetoslayerup.com.br\/smeducacao\/objeto-2-pnld-2023-aprender-juntos-praticas-e-acompanhamento-da-aprendizagem\/","url":"https:\/\/projetoslayerup.com.br\/smeducacao\/objeto-2-pnld-2023-aprender-juntos-praticas-e-acompanhamento-da-aprendizagem\/","name":"Objeto 2 PNLD 2023: conhe\u00e7a Aprender Juntos - Pr\u00e1ticas e Acompanhamento da Aprendizagem - SM Educa\u00e7\u00e3o - Juntos cuidamos da educa\u00e7\u00e3o!","isPartOf":{"@id":"https:\/\/projetoslayerup.com.br\/smeducacao\/#website"},"primaryImageOfPage":{"@id":"https:\/\/projetoslayerup.com.br\/smeducacao\/objeto-2-pnld-2023-aprender-juntos-praticas-e-acompanhamento-da-aprendizagem\/#primaryimage"},"image":{"@id":"https:\/\/projetoslayerup.com.br\/smeducacao\/objeto-2-pnld-2023-aprender-juntos-praticas-e-acompanhamento-da-aprendizagem\/#primaryimage"},"thumbnailUrl":"https:\/\/projetoslayerup.com.br\/smeducacao\/wp-content\/uploads\/2022\/11\/Header-2-1-3-scaled-1.jpg","datePublished":"2022-11-08T20:34:50+00:00","dateModified":"2026-08-19T18:27:00+00:00","author":{"@id":"https:\/\/projetoslayerup.com.br\/smeducacao\/#\/schema\/person\/45d7d41388698d0f902ff276caab47f5"},"description":"No Objeto 2 do PNLD 2023, conhe\u00e7a Aprender Juntos - Pr\u00e1ticas e Acompanhamento da Aprendizagem, para um aprofundamento a partir de atividades.","breadcrumb":{"@id":"https:\/\/projetoslayerup.com.br\/smeducacao\/objeto-2-pnld-2023-aprender-juntos-praticas-e-acompanhamento-da-aprendizagem\/#breadcrumb"},"inLanguage":"pt-BR","potentialAction":[{"@type":"ReadAction","target":["https:\/\/projetoslayerup.com.br\/smeducacao\/objeto-2-pnld-2023-aprender-juntos-praticas-e-acompanhamento-da-aprendizagem\/"]}]},{"@type":"ImageObject","inLanguage":"pt-BR","@id":"https:\/\/projetoslayerup.com.br\/smeducacao\/objeto-2-pnld-2023-aprender-juntos-praticas-e-acompanhamento-da-aprendizagem\/#primaryimage","url":"https:\/\/projetoslayerup.com.br\/smeducacao\/wp-content\/uploads\/2022\/11\/Header-2-1-3-scaled-1.jpg","contentUrl":"https:\/\/projetoslayerup.com.br\/smeducacao\/wp-content\/uploads\/2022\/11\/Header-2-1-3-scaled-1.jpg","width":2560,"height":1707,"caption":"PNLD 2023 - Objeto 2"},{"@type":"BreadcrumbList","@id":"https:\/\/projetoslayerup.com.br\/smeducacao\/objeto-2-pnld-2023-aprender-juntos-praticas-e-acompanhamento-da-aprendizagem\/#breadcrumb","itemListElement":[{"@type":"ListItem","position":1,"name":"In\u00edcio","item":"https:\/\/projetoslayerup.com.br\/smeducacao\/"},{"@type":"ListItem","position":2,"name":"Objeto 2 PNLD 2023: conhe\u00e7a Aprender Juntos &#8211; Pr\u00e1ticas e Acompanhamento da Aprendizagem"}]},{"@type":"WebSite","@id":"https:\/\/projetoslayerup.com.br\/smeducacao\/#website","url":"https:\/\/projetoslayerup.com.br\/smeducacao\/","name":"SM Educa\u00e7\u00e3o - Juntos cuidamos da educa\u00e7\u00e3o!","description":"Transformamos a educa\u00e7\u00e3o por meio de solu\u00e7\u00f5es digitais, solu\u00e7\u00f5es did\u00e1ticas para uma aprendizagem personalizada e solu\u00e7\u00f5es estrat\u00e9gicas eficientes. Juntos cuidamos da Educa\u00e7\u00e3o!","potentialAction":[{"@type":"SearchAction","target":{"@type":"EntryPoint","urlTemplate":"https:\/\/projetoslayerup.com.br\/smeducacao\/?s={search_term_string}"},"query-input":{"@type":"PropertyValueSpecification","valueRequired":true,"valueName":"search_term_string"}}],"inLanguage":"pt-BR"},{"@type":"Person","@id":"https:\/\/projetoslayerup.com.br\/smeducacao\/#\/schema\/person\/45d7d41388698d0f902ff276caab47f5","name":"SM Educa\u00e7\u00e3o","image":{"@type":"ImageObject","inLanguage":"pt-BR","@id":"https:\/\/secure.gravatar.com\/avatar\/24327468bc2a6fb95889620b4158620d90c5e352f7a18c30af0e3f8cb70bc104?s=96&d=mm&r=g","url":"https:\/\/secure.gravatar.com\/avatar\/24327468bc2a6fb95889620b4158620d90c5e352f7a18c30af0e3f8cb70bc104?s=96&d=mm&r=g","contentUrl":"https:\/\/secure.gravatar.com\/avatar\/24327468bc2a6fb95889620b4158620d90c5e352f7a18c30af0e3f8cb70bc104?s=96&d=mm&r=g","caption":"SM Educa\u00e7\u00e3o"},"url":"https:\/\/projetoslayerup.com.br\/smeducacao\/author\/smeducacao2021\/"}]}},"_links":{"self":[{"href":"https:\/\/projetoslayerup.com.br\/smeducacao\/wp-json\/wp\/v2\/posts\/5930","targetHints":{"allow":["GET"]}}],"collection":[{"href":"https:\/\/projetoslayerup.com.br\/smeducacao\/wp-json\/wp\/v2\/posts"}],"about":[{"href":"https:\/\/projetoslayerup.com.br\/smeducacao\/wp-json\/wp\/v2\/types\/post"}],"author":[{"embeddable":true,"href":"https:\/\/projetoslayerup.com.br\/smeducacao\/wp-json\/wp\/v2\/users\/2"}],"replies":[{"embeddable":true,"href":"https:\/\/projetoslayerup.com.br\/smeducacao\/wp-json\/wp\/v2\/comments?post=5930"}],"version-history":[{"count":1,"href":"https:\/\/projetoslayerup.com.br\/smeducacao\/wp-json\/wp\/v2\/posts\/5930\/revisions"}],"predecessor-version":[{"id":13388,"href":"https:\/\/projetoslayerup.com.br\/smeducacao\/wp-json\/wp\/v2\/posts\/5930\/revisions\/13388"}],"wp:featuredmedia":[{"embeddable":true,"href":"https:\/\/projetoslayerup.com.br\/smeducacao\/wp-json\/wp\/v2\/media\/5940"}],"wp:attachment":[{"href":"https:\/\/projetoslayerup.com.br\/smeducacao\/wp-json\/wp\/v2\/media?parent=5930"}],"wp:term":[{"taxonomy":"category","embeddable":true,"href":"https:\/\/projetoslayerup.com.br\/smeducacao\/wp-json\/wp\/v2\/categories?post=5930"},{"taxonomy":"post_tag","embeddable":true,"href":"https:\/\/projetoslayerup.com.br\/smeducacao\/wp-json\/wp\/v2\/tags?post=5930"},{"taxonomy":"blog_nivel_escolar","embeddable":true,"href":"https:\/\/projetoslayerup.com.br\/smeducacao\/wp-json\/wp\/v2\/blog_nivel_escolar?post=5930"},{"taxonomy":"blog_segmento_escolar","embeddable":true,"href":"https:\/\/projetoslayerup.com.br\/smeducacao\/wp-json\/wp\/v2\/blog_segmento_escolar?post=5930"}],"curies":[{"name":"wp","href":"https:\/\/api.w.org\/{rel}","templated":true}]}}