{"id":6128,"date":"2023-01-31T15:41:59","date_gmt":"2023-01-31T18:41:59","guid":{"rendered":"https:\/\/www.smeducacao.com.br\/?p=6128"},"modified":"2026-08-19T18:26:42","modified_gmt":"2026-08-19T18:26:42","slug":"documentacao-pedagogica","status":"publish","type":"post","link":"https:\/\/projetoslayerup.com.br\/smeducacao\/documentacao-pedagogica\/","title":{"rendered":"Documenta\u00e7\u00e3o pedag\u00f3gica: construindo narrativas assertivas para os estudantes"},"content":{"rendered":"<p><span style=\"font-weight: 400;\">Quando falamos em <\/span><b>documenta\u00e7\u00e3o pedag\u00f3gica<\/b><span style=\"font-weight: 400;\">, estamos estamos nos referindo \u00e0 responsabilidade de narrarmos os caminhos que cada estudante est\u00e1 percorrendo e de como est\u00e1 construindo suas hist\u00f3rias de <\/span><a href=\"https:\/\/projetoslayerup.com.br\/smeducacao\/competencias-socioemocionais-ambiente-escolar-como-desenvolver\/\"><span style=\"font-weight: 400;\">aprendizagens e desenvolvimento<\/span><\/a><span style=\"font-weight: 400;\">.<\/span><\/p>\n<p><span style=\"font-weight: 400;\">Neste contexto, a hist\u00f3ria<\/span><i><span style=\"font-weight: 400;\"> \u2018O Alvo\u2019<\/span><\/i><span style=\"font-weight: 400;\">, do escritor Ilan Brenman, nos pauta com uma narrativa encantadora sobre um professor que ensina contando hist\u00f3rias, pois tamb\u00e9m somos contadores de hist\u00f3rias: das nossas e dos estudantes com quem nos relacionamos. Contamos, escrevemos e <\/span><b>participamos da hist\u00f3ria da vida e das aprendizagens uns dos outros<\/b><span style=\"font-weight: 400;\">.\u00a0<\/span><\/p>\n<p><span style=\"font-weight: 400;\">Mas para contar esta hist\u00f3ria de aprendizagens, o docente deve utilizar as a\u00e7\u00f5es das crian\u00e7as, dar \u00eanfase ao seu protagonismo e acrescentar suas reflex\u00f5es sobre o que observa.\u00a0<\/span><\/p>\n<p><span style=\"font-weight: 400;\">Quanto mais rica for esta narrativa, utilizando fotos, falas das crian\u00e7as, produ\u00e7\u00f5es, entre outros, melhor ser\u00e1 o <\/span><b>entendimento do processo de aprendizagem<\/b><span style=\"font-weight: 400;\"> ali registrado. Por\u00e9m, h\u00e1 um ponto importante que se deve destacar:\u00a0<\/span><\/p>\n<p><img loading=\"lazy\" decoding=\"async\" class=\"alignnone size-full wp-image-6242\" src=\"https:\/\/projetoslayerup.com.br\/smeducacao\/wp-content\/uploads\/2023\/01\/01.png\" alt=\"Documenta\u00e7\u00e3o pedag\u00f3gica \" width=\"1000\" height=\"440\" srcset=\"https:\/\/projetoslayerup.com.br\/smeducacao\/wp-content\/uploads\/2023\/01\/01.png 1000w, https:\/\/projetoslayerup.com.br\/smeducacao\/wp-content\/uploads\/2023\/01\/01-300x132.png 300w, https:\/\/projetoslayerup.com.br\/smeducacao\/wp-content\/uploads\/2023\/01\/01-768x338.png 768w\" sizes=\"auto, (max-width: 1000px) 100vw, 1000px\" \/><\/p>\n<p><span style=\"font-weight: 400;\">Sendo assim, n\u00e3o basta colocar uma grande quantidade de fotos e produ\u00e7\u00f5es sem uma l\u00f3gica que permita a quem ler compreender o processo de aprendizagem.<\/span><\/p>\n<h2><span style=\"font-weight: 400;\">Como conseguir uma documenta\u00e7\u00e3o pedag\u00f3gica eficaz?<\/span><\/h2>\n<p><span style=\"font-weight: 400;\">A elabora\u00e7\u00e3o da documenta\u00e7\u00e3o pedag\u00f3gica deve ser tamb\u00e9m um<\/span><b> processo quase que di\u00e1rio<\/b><span style=\"font-weight: 400;\">, em que nos debru\u00e7amos sobre nossa pr\u00e1tica pedag\u00f3gica e as aprendizagens das crian\u00e7as, para que seja um material vivo, rico e que nos auxilie a aproveitar todas as suas vantagens:<\/span><\/p>\n<ul>\n<li style=\"font-weight: 400;\" aria-level=\"1\"><span style=\"font-weight: 400;\">Oportunidade de analisar a pr\u00e1tica educativa;<\/span><\/li>\n<li style=\"font-weight: 400;\" aria-level=\"1\"><span style=\"font-weight: 400;\">Avaliar o desenvolvimento das crian\u00e7as em perspectiva anal\u00edtica;<\/span><\/li>\n<li style=\"font-weight: 400;\" aria-level=\"1\"><span style=\"font-weight: 400;\">Tornar vis\u00edvel a aprendizagem de uma comunidade;<\/span><\/li>\n<li style=\"font-weight: 400;\" aria-level=\"1\"><span style=\"font-weight: 400;\">Possibilitar escutar e ser escutado, ouvir e ser ouvido, ver e ser visto;<\/span><\/li>\n<li style=\"font-weight: 400;\" aria-level=\"1\"><span style=\"font-weight: 400;\">Auxiliar na rela\u00e7\u00e3o com as crian\u00e7as, nos dando pistas de como aprendem.<\/span><\/li>\n<\/ul>\n<p><span style=\"font-weight: 400;\">Ao seguir algumas <\/span><b>orienta\u00e7\u00f5es pr\u00e1ticas e bem definidas<\/b><span style=\"font-weight: 400;\">, a constru\u00e7\u00e3o de momentos assertivos e que colaboram com o real aprender das crian\u00e7as torna-se ainda mais poss\u00edvel. Veja como nos exemplos a seguir.<\/span><\/p>\n<h3>Para as fam\u00edlias<\/h3>\n<p><span style=\"font-weight: 400;\">A documenta\u00e7\u00e3o pedag\u00f3gica para as fam\u00edlias deve ser clara, auxiliando-as a compreender quais os caminhos que as crian\u00e7as percorrem para aprender, quais suas conquistas, como interagem com o meio em que est\u00e3o inseridos, <\/span><b>apresentando os processos e n\u00e3o apenas os resultados<\/b><span style=\"font-weight: 400;\">.<\/span><\/p>\n<p><span style=\"font-weight: 400;\"><img loading=\"lazy\" decoding=\"async\" class=\"alignnone size-full wp-image-6243\" src=\"https:\/\/projetoslayerup.com.br\/smeducacao\/wp-content\/uploads\/2023\/01\/02.png\" alt=\"Documenta\u00e7\u00e3o pedag\u00f3gica para as fam\u00edlias \" width=\"1000\" height=\"800\" srcset=\"https:\/\/projetoslayerup.com.br\/smeducacao\/wp-content\/uploads\/2023\/01\/02.png 1000w, https:\/\/projetoslayerup.com.br\/smeducacao\/wp-content\/uploads\/2023\/01\/02-300x240.png 300w, https:\/\/projetoslayerup.com.br\/smeducacao\/wp-content\/uploads\/2023\/01\/02-768x614.png 768w\" sizes=\"auto, (max-width: 1000px) 100vw, 1000px\" \/><\/span><\/p>\n<h3><strong>Para os educadores<\/strong><\/h3>\n<p><span style=\"font-weight: 400;\">J\u00e1 para o educador que a escreve, deve ser uma ferramenta de reflex\u00e3o, que o ajuda a dialogar sobre seu pr\u00f3prio trabalho e a <\/span><b>olhar de forma personalizada para o aprender de cada crian\u00e7a<\/b><span style=\"font-weight: 400;\">.<\/span><\/p>\n<p><span style=\"font-weight: 400;\">Para outros educadores, deve ser um meio de conhecer o processo da crian\u00e7a com o intuito de poder dar continuidade ao seu caminhar.\u00a0<\/span><\/p>\n<p><img loading=\"lazy\" decoding=\"async\" class=\"alignnone size-full wp-image-6244\" src=\"https:\/\/projetoslayerup.com.br\/smeducacao\/wp-content\/uploads\/2023\/01\/03.png\" alt=\"Documenta\u00e7\u00e3o pedag\u00f3gica para professores \" width=\"1000\" height=\"700\" srcset=\"https:\/\/projetoslayerup.com.br\/smeducacao\/wp-content\/uploads\/2023\/01\/03.png 1000w, https:\/\/projetoslayerup.com.br\/smeducacao\/wp-content\/uploads\/2023\/01\/03-300x210.png 300w, https:\/\/projetoslayerup.com.br\/smeducacao\/wp-content\/uploads\/2023\/01\/03-768x538.png 768w\" sizes=\"auto, (max-width: 1000px) 100vw, 1000px\" \/><\/p>\n<h3><strong>Para a gest\u00e3o escolar<\/strong><\/h3>\n<p><span style=\"font-weight: 400;\">Por fim, a documenta\u00e7\u00e3o pedag\u00f3gica para a gest\u00e3o escolar \u00e9 um meio de <\/span><a href=\"https:\/\/projetoslayerup.com.br\/smeducacao\/escolas-inovadoras-repensando-solucoes-para-uma-formacao-integral\/\"><span style=\"font-weight: 400;\">olhar para a forma\u00e7\u00e3o integral<\/span><\/a><span style=\"font-weight: 400;\">, observando como as aprendizagens acontecem no espa\u00e7o escolar, como est\u00e3o sendo estabelecidos os contratos pedag\u00f3gicos e as rela\u00e7\u00f5es.<\/span><\/p>\n<p><img loading=\"lazy\" decoding=\"async\" class=\"alignnone size-full wp-image-6245\" src=\"https:\/\/projetoslayerup.com.br\/smeducacao\/wp-content\/uploads\/2023\/01\/04.png\" alt=\"Documenta\u00e7\u00e3o pedag\u00f3gica para gest\u00e3o escolar \" width=\"1000\" height=\"865\" srcset=\"https:\/\/projetoslayerup.com.br\/smeducacao\/wp-content\/uploads\/2023\/01\/04.png 1000w, https:\/\/projetoslayerup.com.br\/smeducacao\/wp-content\/uploads\/2023\/01\/04-300x260.png 300w, https:\/\/projetoslayerup.com.br\/smeducacao\/wp-content\/uploads\/2023\/01\/04-768x664.png 768w\" sizes=\"auto, (max-width: 1000px) 100vw, 1000px\" \/><\/p>\n<p><span style=\"font-weight: 400;\">Podemos, portanto, considerar que essa ferramenta precisa trazer a <\/span><b>personaliza\u00e7\u00e3o dos processos e das rela\u00e7\u00f5es<\/b><span style=\"font-weight: 400;\">, sendo no momento de falar de cada crian\u00e7a ou no momento de falar da turma.\u00a0<\/span><\/p>\n<p><span style=\"font-weight: 400;\">Por isso, \u00e9 importante que sejamos assertivos, claros e objetivos em nossas descri\u00e7\u00f5es, evitando qualquer texto ou materiais que sejam gen\u00e9ricos.<\/span><\/p>\n<h2><span style=\"font-weight: 400;\">Os melhores caminhos para um desenvolvimento completo<\/span><\/h2>\n<p><span style=\"font-weight: 400;\">Analisando as considera\u00e7\u00f5es listadas e discutidas acima, pode-se concluir que a documenta\u00e7\u00e3o pedag\u00f3gica \u00e9 um exerc\u00edcio de escrita e de como somos capazes de construir narrativas.\u00a0<\/span><\/p>\n<p><span style=\"font-weight: 400;\">Sendo assim, esse deve ser um convite para o estudo, reflex\u00e3o e o di\u00e1logo sobre nossa pr\u00e1tica e o aprender de nossas crian\u00e7as, nos chamando a cada dia <\/span><b>buscar caminhos cada vez mais assertivos<\/b><span style=\"font-weight: 400;\"> para o pleno desenvolvimento dos estudantes.<\/span><\/p>\n<p><span style=\"font-weight: 400;\">Nesse contexto, <\/span><b>contar com uma consultoria pedag\u00f3gica especializada \u00e9 fundamental para garantir a qualidade dos processos<\/b><span style=\"font-weight: 400;\"> e manter a pr\u00e1tica de registros e documenta\u00e7\u00e3o pedag\u00f3gica.<\/span><\/p>\n<p><span style=\"font-weight: 400;\">Por isso, a SM Educa\u00e7\u00e3o apoia gestores, coordenadores, docentes, pais e alunos a todo momento com<\/span><b> temas essenciais para as atividades escolares<\/b><span style=\"font-weight: 400;\">, por meio de uma <\/span><a href=\"https:\/\/projetoslayerup.com.br\/smeducacao\/hub-de-conteudo\/\"><span style=\"font-weight: 400;\">plataforma de conte\u00fados completos e exclusivos<\/span><\/a><span style=\"font-weight: 400;\">. Acesse e aproveite!<\/span><\/p>\n<p><a href=\"https:\/\/projetoslayerup.com.br\/smeducacao\/hub-de-conteudo\/\"><img loading=\"lazy\" decoding=\"async\" class=\"alignnone size-full wp-image-6246\" src=\"https:\/\/projetoslayerup.com.br\/smeducacao\/wp-content\/uploads\/2023\/01\/05.png\" alt=\"Apoio pedag\u00f3gico\" width=\"1000\" height=\"453\" srcset=\"https:\/\/projetoslayerup.com.br\/smeducacao\/wp-content\/uploads\/2023\/01\/05.png 1000w, https:\/\/projetoslayerup.com.br\/smeducacao\/wp-content\/uploads\/2023\/01\/05-300x136.png 300w, https:\/\/projetoslayerup.com.br\/smeducacao\/wp-content\/uploads\/2023\/01\/05-768x348.png 768w\" sizes=\"auto, (max-width: 1000px) 100vw, 1000px\" \/><\/a><\/p>\n","protected":false},"excerpt":{"rendered":"<p>Quando falamos em documenta\u00e7\u00e3o pedag\u00f3gica, estamos estamos nos referindo \u00e0 responsabilidade de narrarmos os caminhos que cada estudante est\u00e1 percorrendo e de como est\u00e1 construindo suas hist\u00f3rias de aprendizagens e desenvolvimento. Neste contexto, a hist\u00f3ria \u2018O Alvo\u2019, do escritor Ilan Brenman, nos pauta com uma narrativa encantadora sobre um professor que ensina contando hist\u00f3rias, pois [&hellip;]<\/p>\n","protected":false},"author":2,"featured_media":6247,"comment_status":"open","ping_status":"open","sticky":false,"template":"","format":"standard","meta":{"_acf_changed":false,"footnotes":""},"categories":[4],"tags":[112,1968,116],"blog_nivel_escolar":[],"blog_segmento_escolar":[],"class_list":["post-6128","post","type-post","status-publish","format-standard","has-post-thumbnail","hentry","category-dicas-professor","tag-apoio-pedagogico","tag-inovacao","tag-professores"],"acf":[],"yoast_head":"<!-- This site is optimized with the Yoast SEO plugin v28.3 - https:\/\/yoast.com\/product\/yoast-seo-wordpress\/ -->\n<title>Documenta\u00e7\u00e3o pedag\u00f3gica: construindo narrativas assertivas para os estudantes - SM Educa\u00e7\u00e3o - Juntos cuidamos da educa\u00e7\u00e3o!<\/title>\n<meta name=\"description\" content=\"Entenda como a documenta\u00e7\u00e3o pedag\u00f3gica pode narrar as hist\u00f3rias de aprendizagens dos estudantes por meio de processos bem definidos.\" \/>\n<meta name=\"robots\" content=\"noindex, follow, max-snippet:-1, max-image-preview:large, max-video-preview:-1\" \/>\n<meta property=\"og:locale\" content=\"pt_BR\" \/>\n<meta property=\"og:type\" content=\"article\" \/>\n<meta property=\"og:title\" content=\"Documenta\u00e7\u00e3o pedag\u00f3gica: construindo narrativas assertivas para os estudantes - SM Educa\u00e7\u00e3o - Juntos cuidamos da educa\u00e7\u00e3o!\" \/>\n<meta property=\"og:description\" content=\"Entenda como a documenta\u00e7\u00e3o pedag\u00f3gica pode narrar as hist\u00f3rias de aprendizagens dos estudantes por meio de processos bem definidos.\" \/>\n<meta property=\"og:url\" content=\"https:\/\/projetoslayerup.com.br\/smeducacao\/documentacao-pedagogica\/\" \/>\n<meta property=\"og:site_name\" content=\"SM Educa\u00e7\u00e3o - Juntos cuidamos da educa\u00e7\u00e3o!\" \/>\n<meta property=\"article:published_time\" content=\"2023-01-31T18:41:59+00:00\" \/>\n<meta property=\"article:modified_time\" content=\"2026-08-19T18:26:42+00:00\" \/>\n<meta property=\"og:image\" content=\"https:\/\/projetoslayerup.com.br\/smeducacao\/wp-content\/uploads\/2023\/01\/Header.png\" \/>\n\t<meta property=\"og:image:width\" content=\"1200\" \/>\n\t<meta property=\"og:image:height\" content=\"803\" \/>\n\t<meta property=\"og:image:type\" content=\"image\/png\" \/>\n<meta name=\"author\" content=\"SM Educa\u00e7\u00e3o\" \/>\n<meta name=\"twitter:card\" content=\"summary_large_image\" \/>\n<meta name=\"twitter:label1\" content=\"Escrito por\" \/>\n\t<meta name=\"twitter:data1\" content=\"SM Educa\u00e7\u00e3o\" \/>\n\t<meta name=\"twitter:label2\" content=\"Est. tempo de leitura\" \/>\n\t<meta name=\"twitter:data2\" content=\"5 minutos\" \/>\n<script type=\"application\/ld+json\" class=\"yoast-schema-graph\">{\"@context\":\"https:\\\/\\\/schema.org\",\"@graph\":[{\"@type\":\"Article\",\"@id\":\"https:\\\/\\\/projetoslayerup.com.br\\\/smeducacao\\\/documentacao-pedagogica\\\/#article\",\"isPartOf\":{\"@id\":\"https:\\\/\\\/projetoslayerup.com.br\\\/smeducacao\\\/documentacao-pedagogica\\\/\"},\"author\":{\"name\":\"SM Educa\u00e7\u00e3o\",\"@id\":\"https:\\\/\\\/projetoslayerup.com.br\\\/smeducacao\\\/#\\\/schema\\\/person\\\/45d7d41388698d0f902ff276caab47f5\"},\"headline\":\"Documenta\u00e7\u00e3o pedag\u00f3gica: construindo narrativas assertivas para os estudantes\",\"datePublished\":\"2023-01-31T18:41:59+00:00\",\"dateModified\":\"2026-08-19T18:26:42+00:00\",\"mainEntityOfPage\":{\"@id\":\"https:\\\/\\\/projetoslayerup.com.br\\\/smeducacao\\\/documentacao-pedagogica\\\/\"},\"wordCount\":708,\"commentCount\":0,\"image\":{\"@id\":\"https:\\\/\\\/projetoslayerup.com.br\\\/smeducacao\\\/documentacao-pedagogica\\\/#primaryimage\"},\"thumbnailUrl\":\"https:\\\/\\\/projetoslayerup.com.br\\\/smeducacao\\\/wp-content\\\/uploads\\\/2023\\\/01\\\/Header.png\",\"keywords\":[\"apoio pedag\u00f3gico\",\"inova\u00e7\u00e3o\",\"professores\"],\"articleSection\":[\"Dicas para professores\"],\"inLanguage\":\"pt-BR\",\"potentialAction\":[{\"@type\":\"CommentAction\",\"name\":\"Comment\",\"target\":[\"https:\\\/\\\/projetoslayerup.com.br\\\/smeducacao\\\/documentacao-pedagogica\\\/#respond\"]}]},{\"@type\":\"WebPage\",\"@id\":\"https:\\\/\\\/projetoslayerup.com.br\\\/smeducacao\\\/documentacao-pedagogica\\\/\",\"url\":\"https:\\\/\\\/projetoslayerup.com.br\\\/smeducacao\\\/documentacao-pedagogica\\\/\",\"name\":\"Documenta\u00e7\u00e3o pedag\u00f3gica: construindo narrativas assertivas para os estudantes - SM Educa\u00e7\u00e3o - Juntos cuidamos da educa\u00e7\u00e3o!\",\"isPartOf\":{\"@id\":\"https:\\\/\\\/projetoslayerup.com.br\\\/smeducacao\\\/#website\"},\"primaryImageOfPage\":{\"@id\":\"https:\\\/\\\/projetoslayerup.com.br\\\/smeducacao\\\/documentacao-pedagogica\\\/#primaryimage\"},\"image\":{\"@id\":\"https:\\\/\\\/projetoslayerup.com.br\\\/smeducacao\\\/documentacao-pedagogica\\\/#primaryimage\"},\"thumbnailUrl\":\"https:\\\/\\\/projetoslayerup.com.br\\\/smeducacao\\\/wp-content\\\/uploads\\\/2023\\\/01\\\/Header.png\",\"datePublished\":\"2023-01-31T18:41:59+00:00\",\"dateModified\":\"2026-08-19T18:26:42+00:00\",\"author\":{\"@id\":\"https:\\\/\\\/projetoslayerup.com.br\\\/smeducacao\\\/#\\\/schema\\\/person\\\/45d7d41388698d0f902ff276caab47f5\"},\"description\":\"Entenda como a documenta\u00e7\u00e3o pedag\u00f3gica pode narrar as hist\u00f3rias de aprendizagens dos estudantes por meio de processos bem definidos.\",\"breadcrumb\":{\"@id\":\"https:\\\/\\\/projetoslayerup.com.br\\\/smeducacao\\\/documentacao-pedagogica\\\/#breadcrumb\"},\"inLanguage\":\"pt-BR\",\"potentialAction\":[{\"@type\":\"ReadAction\",\"target\":[\"https:\\\/\\\/projetoslayerup.com.br\\\/smeducacao\\\/documentacao-pedagogica\\\/\"]}]},{\"@type\":\"ImageObject\",\"inLanguage\":\"pt-BR\",\"@id\":\"https:\\\/\\\/projetoslayerup.com.br\\\/smeducacao\\\/documentacao-pedagogica\\\/#primaryimage\",\"url\":\"https:\\\/\\\/projetoslayerup.com.br\\\/smeducacao\\\/wp-content\\\/uploads\\\/2023\\\/01\\\/Header.png\",\"contentUrl\":\"https:\\\/\\\/projetoslayerup.com.br\\\/smeducacao\\\/wp-content\\\/uploads\\\/2023\\\/01\\\/Header.png\",\"width\":1200,\"height\":803},{\"@type\":\"BreadcrumbList\",\"@id\":\"https:\\\/\\\/projetoslayerup.com.br\\\/smeducacao\\\/documentacao-pedagogica\\\/#breadcrumb\",\"itemListElement\":[{\"@type\":\"ListItem\",\"position\":1,\"name\":\"In\u00edcio\",\"item\":\"https:\\\/\\\/projetoslayerup.com.br\\\/smeducacao\\\/\"},{\"@type\":\"ListItem\",\"position\":2,\"name\":\"Documenta\u00e7\u00e3o pedag\u00f3gica: construindo narrativas assertivas para os estudantes\"}]},{\"@type\":\"WebSite\",\"@id\":\"https:\\\/\\\/projetoslayerup.com.br\\\/smeducacao\\\/#website\",\"url\":\"https:\\\/\\\/projetoslayerup.com.br\\\/smeducacao\\\/\",\"name\":\"SM Educa\u00e7\u00e3o - Juntos cuidamos da educa\u00e7\u00e3o!\",\"description\":\"Transformamos a educa\u00e7\u00e3o por meio de solu\u00e7\u00f5es digitais, solu\u00e7\u00f5es did\u00e1ticas para uma aprendizagem personalizada e solu\u00e7\u00f5es estrat\u00e9gicas eficientes. Juntos cuidamos da Educa\u00e7\u00e3o!\",\"potentialAction\":[{\"@type\":\"SearchAction\",\"target\":{\"@type\":\"EntryPoint\",\"urlTemplate\":\"https:\\\/\\\/projetoslayerup.com.br\\\/smeducacao\\\/?s={search_term_string}\"},\"query-input\":{\"@type\":\"PropertyValueSpecification\",\"valueRequired\":true,\"valueName\":\"search_term_string\"}}],\"inLanguage\":\"pt-BR\"},{\"@type\":\"Person\",\"@id\":\"https:\\\/\\\/projetoslayerup.com.br\\\/smeducacao\\\/#\\\/schema\\\/person\\\/45d7d41388698d0f902ff276caab47f5\",\"name\":\"SM Educa\u00e7\u00e3o\",\"image\":{\"@type\":\"ImageObject\",\"inLanguage\":\"pt-BR\",\"@id\":\"https:\\\/\\\/secure.gravatar.com\\\/avatar\\\/24327468bc2a6fb95889620b4158620d90c5e352f7a18c30af0e3f8cb70bc104?s=96&d=mm&r=g\",\"url\":\"https:\\\/\\\/secure.gravatar.com\\\/avatar\\\/24327468bc2a6fb95889620b4158620d90c5e352f7a18c30af0e3f8cb70bc104?s=96&d=mm&r=g\",\"contentUrl\":\"https:\\\/\\\/secure.gravatar.com\\\/avatar\\\/24327468bc2a6fb95889620b4158620d90c5e352f7a18c30af0e3f8cb70bc104?s=96&d=mm&r=g\",\"caption\":\"SM Educa\u00e7\u00e3o\"},\"url\":\"https:\\\/\\\/projetoslayerup.com.br\\\/smeducacao\\\/author\\\/smeducacao2021\\\/\"}]}<\/script>\n<!-- \/ Yoast SEO plugin. -->","yoast_head_json":{"title":"Documenta\u00e7\u00e3o pedag\u00f3gica: construindo narrativas assertivas para os estudantes - SM Educa\u00e7\u00e3o - Juntos cuidamos da educa\u00e7\u00e3o!","description":"Entenda como a documenta\u00e7\u00e3o pedag\u00f3gica pode narrar as hist\u00f3rias de aprendizagens dos estudantes por meio de processos bem definidos.","robots":{"index":"noindex","follow":"follow","max-snippet":"max-snippet:-1","max-image-preview":"max-image-preview:large","max-video-preview":"max-video-preview:-1"},"og_locale":"pt_BR","og_type":"article","og_title":"Documenta\u00e7\u00e3o pedag\u00f3gica: construindo narrativas assertivas para os estudantes - SM Educa\u00e7\u00e3o - Juntos cuidamos da educa\u00e7\u00e3o!","og_description":"Entenda como a documenta\u00e7\u00e3o pedag\u00f3gica pode narrar as hist\u00f3rias de aprendizagens dos estudantes por meio de processos bem definidos.","og_url":"https:\/\/projetoslayerup.com.br\/smeducacao\/documentacao-pedagogica\/","og_site_name":"SM Educa\u00e7\u00e3o - Juntos cuidamos da educa\u00e7\u00e3o!","article_published_time":"2023-01-31T18:41:59+00:00","article_modified_time":"2026-08-19T18:26:42+00:00","og_image":[{"width":1200,"height":803,"url":"https:\/\/projetoslayerup.com.br\/smeducacao\/wp-content\/uploads\/2023\/01\/Header.png","type":"image\/png"}],"author":"SM Educa\u00e7\u00e3o","twitter_card":"summary_large_image","twitter_misc":{"Escrito por":"SM Educa\u00e7\u00e3o","Est. tempo de leitura":"5 minutos"},"schema":{"@context":"https:\/\/schema.org","@graph":[{"@type":"Article","@id":"https:\/\/projetoslayerup.com.br\/smeducacao\/documentacao-pedagogica\/#article","isPartOf":{"@id":"https:\/\/projetoslayerup.com.br\/smeducacao\/documentacao-pedagogica\/"},"author":{"name":"SM Educa\u00e7\u00e3o","@id":"https:\/\/projetoslayerup.com.br\/smeducacao\/#\/schema\/person\/45d7d41388698d0f902ff276caab47f5"},"headline":"Documenta\u00e7\u00e3o pedag\u00f3gica: construindo narrativas assertivas para os estudantes","datePublished":"2023-01-31T18:41:59+00:00","dateModified":"2026-08-19T18:26:42+00:00","mainEntityOfPage":{"@id":"https:\/\/projetoslayerup.com.br\/smeducacao\/documentacao-pedagogica\/"},"wordCount":708,"commentCount":0,"image":{"@id":"https:\/\/projetoslayerup.com.br\/smeducacao\/documentacao-pedagogica\/#primaryimage"},"thumbnailUrl":"https:\/\/projetoslayerup.com.br\/smeducacao\/wp-content\/uploads\/2023\/01\/Header.png","keywords":["apoio pedag\u00f3gico","inova\u00e7\u00e3o","professores"],"articleSection":["Dicas para professores"],"inLanguage":"pt-BR","potentialAction":[{"@type":"CommentAction","name":"Comment","target":["https:\/\/projetoslayerup.com.br\/smeducacao\/documentacao-pedagogica\/#respond"]}]},{"@type":"WebPage","@id":"https:\/\/projetoslayerup.com.br\/smeducacao\/documentacao-pedagogica\/","url":"https:\/\/projetoslayerup.com.br\/smeducacao\/documentacao-pedagogica\/","name":"Documenta\u00e7\u00e3o pedag\u00f3gica: construindo narrativas assertivas para os estudantes - SM Educa\u00e7\u00e3o - Juntos cuidamos da educa\u00e7\u00e3o!","isPartOf":{"@id":"https:\/\/projetoslayerup.com.br\/smeducacao\/#website"},"primaryImageOfPage":{"@id":"https:\/\/projetoslayerup.com.br\/smeducacao\/documentacao-pedagogica\/#primaryimage"},"image":{"@id":"https:\/\/projetoslayerup.com.br\/smeducacao\/documentacao-pedagogica\/#primaryimage"},"thumbnailUrl":"https:\/\/projetoslayerup.com.br\/smeducacao\/wp-content\/uploads\/2023\/01\/Header.png","datePublished":"2023-01-31T18:41:59+00:00","dateModified":"2026-08-19T18:26:42+00:00","author":{"@id":"https:\/\/projetoslayerup.com.br\/smeducacao\/#\/schema\/person\/45d7d41388698d0f902ff276caab47f5"},"description":"Entenda como a documenta\u00e7\u00e3o pedag\u00f3gica pode narrar as hist\u00f3rias de aprendizagens dos estudantes por meio de processos bem definidos.","breadcrumb":{"@id":"https:\/\/projetoslayerup.com.br\/smeducacao\/documentacao-pedagogica\/#breadcrumb"},"inLanguage":"pt-BR","potentialAction":[{"@type":"ReadAction","target":["https:\/\/projetoslayerup.com.br\/smeducacao\/documentacao-pedagogica\/"]}]},{"@type":"ImageObject","inLanguage":"pt-BR","@id":"https:\/\/projetoslayerup.com.br\/smeducacao\/documentacao-pedagogica\/#primaryimage","url":"https:\/\/projetoslayerup.com.br\/smeducacao\/wp-content\/uploads\/2023\/01\/Header.png","contentUrl":"https:\/\/projetoslayerup.com.br\/smeducacao\/wp-content\/uploads\/2023\/01\/Header.png","width":1200,"height":803},{"@type":"BreadcrumbList","@id":"https:\/\/projetoslayerup.com.br\/smeducacao\/documentacao-pedagogica\/#breadcrumb","itemListElement":[{"@type":"ListItem","position":1,"name":"In\u00edcio","item":"https:\/\/projetoslayerup.com.br\/smeducacao\/"},{"@type":"ListItem","position":2,"name":"Documenta\u00e7\u00e3o pedag\u00f3gica: construindo narrativas assertivas para os estudantes"}]},{"@type":"WebSite","@id":"https:\/\/projetoslayerup.com.br\/smeducacao\/#website","url":"https:\/\/projetoslayerup.com.br\/smeducacao\/","name":"SM Educa\u00e7\u00e3o - Juntos cuidamos da educa\u00e7\u00e3o!","description":"Transformamos a educa\u00e7\u00e3o por meio de solu\u00e7\u00f5es digitais, solu\u00e7\u00f5es did\u00e1ticas para uma aprendizagem personalizada e solu\u00e7\u00f5es estrat\u00e9gicas eficientes. Juntos cuidamos da Educa\u00e7\u00e3o!","potentialAction":[{"@type":"SearchAction","target":{"@type":"EntryPoint","urlTemplate":"https:\/\/projetoslayerup.com.br\/smeducacao\/?s={search_term_string}"},"query-input":{"@type":"PropertyValueSpecification","valueRequired":true,"valueName":"search_term_string"}}],"inLanguage":"pt-BR"},{"@type":"Person","@id":"https:\/\/projetoslayerup.com.br\/smeducacao\/#\/schema\/person\/45d7d41388698d0f902ff276caab47f5","name":"SM Educa\u00e7\u00e3o","image":{"@type":"ImageObject","inLanguage":"pt-BR","@id":"https:\/\/secure.gravatar.com\/avatar\/24327468bc2a6fb95889620b4158620d90c5e352f7a18c30af0e3f8cb70bc104?s=96&d=mm&r=g","url":"https:\/\/secure.gravatar.com\/avatar\/24327468bc2a6fb95889620b4158620d90c5e352f7a18c30af0e3f8cb70bc104?s=96&d=mm&r=g","contentUrl":"https:\/\/secure.gravatar.com\/avatar\/24327468bc2a6fb95889620b4158620d90c5e352f7a18c30af0e3f8cb70bc104?s=96&d=mm&r=g","caption":"SM Educa\u00e7\u00e3o"},"url":"https:\/\/projetoslayerup.com.br\/smeducacao\/author\/smeducacao2021\/"}]}},"_links":{"self":[{"href":"https:\/\/projetoslayerup.com.br\/smeducacao\/wp-json\/wp\/v2\/posts\/6128","targetHints":{"allow":["GET"]}}],"collection":[{"href":"https:\/\/projetoslayerup.com.br\/smeducacao\/wp-json\/wp\/v2\/posts"}],"about":[{"href":"https:\/\/projetoslayerup.com.br\/smeducacao\/wp-json\/wp\/v2\/types\/post"}],"author":[{"embeddable":true,"href":"https:\/\/projetoslayerup.com.br\/smeducacao\/wp-json\/wp\/v2\/users\/2"}],"replies":[{"embeddable":true,"href":"https:\/\/projetoslayerup.com.br\/smeducacao\/wp-json\/wp\/v2\/comments?post=6128"}],"version-history":[{"count":1,"href":"https:\/\/projetoslayerup.com.br\/smeducacao\/wp-json\/wp\/v2\/posts\/6128\/revisions"}],"predecessor-version":[{"id":13387,"href":"https:\/\/projetoslayerup.com.br\/smeducacao\/wp-json\/wp\/v2\/posts\/6128\/revisions\/13387"}],"wp:featuredmedia":[{"embeddable":true,"href":"https:\/\/projetoslayerup.com.br\/smeducacao\/wp-json\/wp\/v2\/media\/6247"}],"wp:attachment":[{"href":"https:\/\/projetoslayerup.com.br\/smeducacao\/wp-json\/wp\/v2\/media?parent=6128"}],"wp:term":[{"taxonomy":"category","embeddable":true,"href":"https:\/\/projetoslayerup.com.br\/smeducacao\/wp-json\/wp\/v2\/categories?post=6128"},{"taxonomy":"post_tag","embeddable":true,"href":"https:\/\/projetoslayerup.com.br\/smeducacao\/wp-json\/wp\/v2\/tags?post=6128"},{"taxonomy":"blog_nivel_escolar","embeddable":true,"href":"https:\/\/projetoslayerup.com.br\/smeducacao\/wp-json\/wp\/v2\/blog_nivel_escolar?post=6128"},{"taxonomy":"blog_segmento_escolar","embeddable":true,"href":"https:\/\/projetoslayerup.com.br\/smeducacao\/wp-json\/wp\/v2\/blog_segmento_escolar?post=6128"}],"curies":[{"name":"wp","href":"https:\/\/api.w.org\/{rel}","templated":true}]}}