{"id":6330,"date":"2023-05-05T11:54:23","date_gmt":"2023-05-05T14:54:23","guid":{"rendered":"https:\/\/www.smeducacao.com.br\/?p=6330"},"modified":"2026-08-19T18:26:30","modified_gmt":"2026-08-19T18:26:30","slug":"pnld-2024-entenda-a-dinamica-e-o-que-muda-nos-anos-finais-do-ensino-fundamental","status":"publish","type":"post","link":"https:\/\/projetoslayerup.com.br\/smeducacao\/pnld-2024-entenda-a-dinamica-e-o-que-muda-nos-anos-finais-do-ensino-fundamental\/","title":{"rendered":"PNLD 2024: entenda a din\u00e2mica e o que muda nos Anos Finais do Ensino Fundamental"},"content":{"rendered":"<p><span style=\"font-weight: 400;\">Chegamos ao importante momento de escolha das obras para os Anos Finais do Ensino Fundamental, no Programa Nacional do Livro Did\u00e1tico \u2014 <\/span><b>PNLD 2024<\/b><span style=\"font-weight: 400;\">.\u00a0<\/span><\/p>\n<p><span style=\"font-weight: 400;\">Nessa jornada, a <\/span><a href=\"https:\/\/pnld.smeducacao.com.br\/\" target=\"_blank\" rel=\"noopener\"><b>SM Educa\u00e7\u00e3o<\/b><\/a><span style=\"font-weight: 400;\">, refer\u00eancia em educa\u00e7\u00e3o b\u00e1sica no Brasil h\u00e1 mais de 85 anos, segue lado a lado com a sua escola. Para isso, mantemos o prop\u00f3sito de desenvolver conte\u00fados capazes de aproximar a comunidade escolar (professores, alunos e fam\u00edlias), promovendo uma <\/span><b>educa\u00e7\u00e3o verdadeiramente significativa<\/b><span style=\"font-weight: 400;\"> e de qualidade.<\/span><\/p>\n<p><span style=\"font-weight: 400;\">Por meio deste artigo, voc\u00ea ter\u00e1 a oportunidade de conhecer a din\u00e2mica do <\/span><b>PNLD 2024<\/b><span style=\"font-weight: 400;\">, tendo acesso aos pontos fundamentais para preparar uma gera\u00e7\u00e3o alinhada \u00e0s novas experi\u00eancias de aprendizado. Acompanhe!<\/span><\/p>\n<h2><span style=\"font-weight: 400;\">As diretrizes do PNLD 2024 para os Anos Finais<\/span><\/h2>\n<p><span style=\"font-weight: 400;\">Com processos bem definidos e triagem minuciosa, o PNLD organiza-se em per\u00edodos alternados para a sele\u00e7\u00e3o dos livros did\u00e1ticos. A cada quatro anos, as editoras \u2014 como a SM Educa\u00e7\u00e3o, avaliam novos materiais para atender a um determinado segmento de ensino, seguindo os crit\u00e9rios do programa.<\/span><\/p>\n<p><span style=\"font-weight: 400;\">Posto isso, em 2024 o PNLD ser\u00e1 destinado aos <\/span><b>Anos Finais do Ensino Fundamental (6\u00b0 ao 9\u00b0 ano)<\/b><span style=\"font-weight: 400;\">, trazendo consigo obras did\u00e1ticas aprovadas e uma grande novidade: a aquisi\u00e7\u00e3o de livro e manual do professor digital e interativo.\u00a0<\/span><\/p>\n<p><span style=\"font-weight: 400;\">O objetivo \u00e9 ampliar significativamente o uso de tecnologias para apoiar as pr\u00e1ticas de aprendizagem e o desenvolvimento da<\/span><b> cultura digital<\/b> <b>no Ensino Fundamental<\/b><span style=\"font-weight: 400;\">.\u00a0<\/span><\/p>\n<p style=\"text-align: right;\"><i><span style=\"font-weight: 400;\">\u201cOs Recursos Educacionais Digitais fomentam rela\u00e7\u00f5es de ensino e aprendizagem voltada a uma participa\u00e7\u00e3o mais consciente e democr\u00e1tica. [&#8230;] Permite-se trabalhar com avan\u00e7os do mundo digital na sociedade contempor\u00e2nea, ao mesmo tempo em que investe-se na constru\u00e7\u00e3o de uma atitude cr\u00edtica, \u00e9tica e respons\u00e1vel em rela\u00e7\u00e3o \u00e0 multiplicidade de ofertas midi\u00e1ticas e digitais.\u201d<\/span><\/i><\/p>\n<p style=\"text-align: right;\"><span style=\"font-weight: 400;\">&#8211; EDITAL DE CONVOCA\u00c7\u00c3O<\/span><\/p>\n<p><span style=\"font-weight: 400;\">Diferentes do \u00faltimo programa, que foi<\/span> <a href=\"https:\/\/projetoslayerup.com.br\/smeducacao\/pnld-2023-anos-iniciais-ensino-fundamental-como-funciona\/\" target=\"_blank\" rel=\"noopener\"><span style=\"font-weight: 400;\">direcionado aos Anos Iniciais do Ensino Fundamental<\/span><\/a><span style=\"font-weight: 400;\"> e teve quatro objetos, a estrutura do PNLD 2024 ser\u00e1 dividida em <\/span><b>tr\u00eas objetos<\/b><span style=\"font-weight: 400;\"> que poder\u00e3o ser escolhidos por fases.<\/span><\/p>\n<p><a href=\"https:\/\/pnld.smeducacao.com.br\/\" target=\"_blank\" rel=\"noopener\"><img loading=\"lazy\" decoding=\"async\" class=\"alignnone wp-image-6331 size-full\" src=\"https:\/\/projetoslayerup.com.br\/smeducacao\/wp-content\/uploads\/2023\/05\/02-2-e1683296942816.png\" alt=\"Objetos PNLD 2024\" width=\"1000\" height=\"355\" srcset=\"https:\/\/projetoslayerup.com.br\/smeducacao\/wp-content\/uploads\/2023\/05\/02-2-e1683296942816.png 1000w, https:\/\/projetoslayerup.com.br\/smeducacao\/wp-content\/uploads\/2023\/05\/02-2-e1683296942816-300x107.png 300w, https:\/\/projetoslayerup.com.br\/smeducacao\/wp-content\/uploads\/2023\/05\/02-2-e1683296942816-768x273.png 768w\" sizes=\"auto, (max-width: 1000px) 100vw, 1000px\" \/><\/a><\/p>\n<p><span style=\"font-weight: 400;\">Para contemplar os conte\u00fados e as atividades relacionados aos objetos de conhecimento, no entanto, \u00e9 necess\u00e1rio estar atento(a) aos crit\u00e9rios e \u00e0s diferentes caracter\u00edsticas de cada um deles. Entenda como no guia a seguir.\u00a0<\/span><\/p>\n<h2><span style=\"font-weight: 400;\">Um manual pr\u00e1tico dos objetos do PNLD 2024<\/span><\/h2>\n<h3><span style=\"font-weight: 400;\">Objeto 1 \u2013 Obras Did\u00e1ticas<\/span><\/h3>\n<p><span style=\"font-weight: 400;\">No <\/span><b>Objeto 1 do PNLD 2024<\/b><span style=\"font-weight: 400;\">, as <\/span><a href=\"https:\/\/pnld.smeducacao.com.br\/colecoesaprovadas\/pnld-2024\/\" target=\"_blank\" rel=\"noopener\"><span style=\"font-weight: 400;\">cole\u00e7\u00f5es did\u00e1ticas<\/span><\/a><span style=\"font-weight: 400;\"> de cada componente curricular ser\u00e3o compostas por Livro impresso do Estudante, Livro digital-interativo do Estudante, Manual impresso do Professor e Manual digital-interativo do Professor.<\/span><\/p>\n<p><a href=\"https:\/\/pnld.smeducacao.com.br\/\" target=\"_blank\" rel=\"noopener\"><img loading=\"lazy\" decoding=\"async\" class=\"alignnone size-full wp-image-6332\" src=\"https:\/\/projetoslayerup.com.br\/smeducacao\/wp-content\/uploads\/2023\/05\/03-2.png\" alt=\"PNLD 2024 - Objeto 1\" width=\"1000\" height=\"742\" srcset=\"https:\/\/projetoslayerup.com.br\/smeducacao\/wp-content\/uploads\/2023\/05\/03-2.png 1000w, https:\/\/projetoslayerup.com.br\/smeducacao\/wp-content\/uploads\/2023\/05\/03-2-300x223.png 300w, https:\/\/projetoslayerup.com.br\/smeducacao\/wp-content\/uploads\/2023\/05\/03-2-768x570.png 768w\" sizes=\"auto, (max-width: 1000px) 100vw, 1000px\" \/><\/a><\/p>\n<p><span style=\"font-weight: 400;\">No caso de <\/span><b>obras por \u00e1rea do conhecimento<\/b><span style=\"font-weight: 400;\">, ser\u00e3o consideradas livros did\u00e1ticos de<\/span> <span style=\"font-weight: 400;\">Arte, L\u00edngua Portuguesa, L\u00edngua Inglesa, Educa\u00e7\u00e3o F\u00edsica, Matem\u00e1tica, Ci\u00eancias, Hist\u00f3ria e Geografia.\u00a0<\/span><\/p>\n<p><span style=\"font-weight: 400;\">Nessa etapa, todas as cole\u00e7\u00f5es did\u00e1ticas s\u00e3o compostas por materiais reutiliz\u00e1veis, para posterior utiliza\u00e7\u00e3o por outro estudante e\/ou educador.<\/span><\/p>\n<p><b>Para o aluno<\/b><span style=\"font-weight: 400;\">, s\u00e3o destinados quatro<\/span> <span style=\"font-weight: 400;\">volumes por \u00e1rea do livro do estudante, nos formatos <\/span><b>impresso<\/b><span style=\"font-weight: 400;\"> e <\/span><b>digital-interativo<\/b><span style=\"font-weight: 400;\">, al\u00e9m de<\/span> <span style=\"font-weight: 400;\">livro digital com vers\u00e3o HTML5, enriquecida por ferramentas de interatividade em todos os volumes.<\/span><\/p>\n<p><span style=\"font-weight: 400;\">Tamb\u00e9m para o estudante, o Objeto 1 contempla quatro volumes <\/span><b>digital-interativo<\/b><span style=\"font-weight: 400;\"> de L\u00edngua Inglesa e Arte, acompanhados de recursos em \u00e1udio para atividades voltadas ao desenvolvimento de compet\u00eancias e habilidades.<\/span><span style=\"font-weight: 400;\"><br \/>\n<\/span><\/p>\n<p><span style=\"font-weight: 400;\">Da mesma forma, <\/span><b>para o professor<\/b><span style=\"font-weight: 400;\">,<\/span> <span style=\"font-weight: 400;\">ser\u00e3o destinados quatro volumes por \u00e1rea do livro do professor, nos formatos <\/span><b>impresso<\/b><span style=\"font-weight: 400;\"> e <\/span><b>digital-interativo<\/b><span style=\"font-weight: 400;\">, al\u00e9m de livro digital com vers\u00e3o HTML5.<\/span><\/p>\n<h3><span style=\"font-weight: 400;\">Objeto 2 \u2013 Recursos Educacionais Digitais (REDs)<\/span><\/h3>\n<p><span style=\"font-weight: 400;\">No <\/span><b>Objeto 2<\/b><span style=\"font-weight: 400;\">, as cole\u00e7\u00f5es de <\/span><b>Recursos Educacionais Digitais<\/b><span style=\"font-weight: 400;\"> para os Anos Finais do Ensino Fundamental ser\u00e3o distribu\u00eddas por componentes curriculares, apenas em vers\u00e3o digital-interativa.<\/span><\/p>\n<p><span style=\"font-weight: 400;\">Cada RED ter\u00e1, portanto, um <\/span><b>componente curricular guia<\/b><span style=\"font-weight: 400;\">, a partir do qual as propostas de ensino e aprendizagem devem ser desenvolvidas.<\/span><\/p>\n<p><span style=\"font-weight: 400;\">Ser\u00e3o considerados, tanto <\/span><b>para alunos<\/b><span style=\"font-weight: 400;\"> quanto <\/span><b>para professores<\/b><span style=\"font-weight: 400;\">, um volume de <\/span><b>Projeto Integrador <\/b><span style=\"font-weight: 400;\">para os quatro anos, em formato digital-interativo, al\u00e9m de um volume de <\/span><b>Projeto de Vida<\/b><span style=\"font-weight: 400;\"> contemplando os 8\u00ba e 9\u00ba anos, tamb\u00e9m digital-interativo.<\/span><\/p>\n<p><span style=\"font-weight: 400;\">Ainda para alunos e professores, ser\u00e3o oferecidos em formato digital-interativo quatro volumes de <\/span><b>Avalia\u00e7\u00e3o Diagn\u00f3stica e Progressiva <\/b><span style=\"font-weight: 400;\">por ano, bem como um<\/span><b> Item de Avalia\u00e7\u00e3o<\/b><span style=\"font-weight: 400;\"> resolvido e comentado por habilidade da BNCC.\u00a0<\/span><\/p>\n<p><b>Para o professor<\/b><span style=\"font-weight: 400;\">, al\u00e9m dos materiais j\u00e1 mencionados, destinam-se ainda quatro volumes de <\/span><b>Planos de Desenvolvimento<\/b><span style=\"font-weight: 400;\"> por ano e doze <\/span><b>Sequ\u00eancias Did\u00e1ticas <\/b><span style=\"font-weight: 400;\">por ano, ambos em formato digital-interativo.<\/span><\/p>\n<p><a href=\"https:\/\/pnld.smeducacao.com.br\/\" target=\"_blank\" rel=\"noopener\"><img loading=\"lazy\" decoding=\"async\" class=\"alignnone size-full wp-image-6333\" src=\"https:\/\/projetoslayerup.com.br\/smeducacao\/wp-content\/uploads\/2023\/05\/04-2.png\" alt=\"PNLD 2024 - Objeto 2\" width=\"1000\" height=\"1119\" srcset=\"https:\/\/projetoslayerup.com.br\/smeducacao\/wp-content\/uploads\/2023\/05\/04-2.png 1000w, https:\/\/projetoslayerup.com.br\/smeducacao\/wp-content\/uploads\/2023\/05\/04-2-268x300.png 268w, https:\/\/projetoslayerup.com.br\/smeducacao\/wp-content\/uploads\/2023\/05\/04-2-915x1024.png 915w, https:\/\/projetoslayerup.com.br\/smeducacao\/wp-content\/uploads\/2023\/05\/04-2-768x859.png 768w\" sizes=\"auto, (max-width: 1000px) 100vw, 1000px\" \/><\/a><\/p>\n<h3><span style=\"font-weight: 400;\">Objeto 3 &#8211; Obras Liter\u00e1rias<\/span><\/h3>\n<p><span style=\"font-weight: 400;\">Para o <\/span><b>Objeto 3 do PNLD 2024<\/b><span style=\"font-weight: 400;\">, que contempla as obras liter\u00e1rias destinadas aos Anos Finais do Ensino Fundamental, em L\u00edngua Portuguesa e L\u00edngua Inglesa, a escolha poder\u00e1 ser feita nas seguintes categorias:\u00a0<\/span><\/p>\n<ul>\n<li style=\"font-weight: 400;\" aria-level=\"1\"><b>Categoria 1:<\/b><span style=\"font-weight: 400;\"> Obras liter\u00e1rias do 6\u00ba e 7\u00ba ano do Ensino Fundamental.<\/span><\/li>\n<li style=\"font-weight: 400;\" aria-level=\"1\"><b>Categoria 2:<\/b><span style=\"font-weight: 400;\"> Obras liter\u00e1rias do 8\u00ba e 9\u00ba ano do Ensino Fundamental.<\/span><\/li>\n<\/ul>\n<p><b>Para o estudante<\/b><span style=\"font-weight: 400;\">, o Objeto 3 destina um<\/span> <span style=\"font-weight: 400;\">livro liter\u00e1rio <\/span><b>impresso<\/b><span style=\"font-weight: 400;\"> e uma vers\u00e3o <\/span><b>digital<\/b><span style=\"font-weight: 400;\">, em ambas as categorias.<\/span><\/p>\n<p><b>Para o professor<\/b><span style=\"font-weight: 400;\">, tanto na categoria 1 quanto na 2, oferece uma vers\u00e3o <\/span><b>digital <\/b><span style=\"font-weight: 400;\">contemplando o livro liter\u00e1rio <\/span><b>impresso<\/b><span style=\"font-weight: 400;\">, mais o material de apoio destinado ao educador.<\/span><\/p>\n<p><a href=\"https:\/\/pnld.smeducacao.com.br\/\" target=\"_blank\" rel=\"noopener\"><img loading=\"lazy\" decoding=\"async\" class=\"alignnone size-full wp-image-6334\" src=\"https:\/\/projetoslayerup.com.br\/smeducacao\/wp-content\/uploads\/2023\/05\/05-1.png\" alt=\"PNLD 2024 - Objeto 3\" width=\"1000\" height=\"935\" srcset=\"https:\/\/projetoslayerup.com.br\/smeducacao\/wp-content\/uploads\/2023\/05\/05-1.png 1000w, https:\/\/projetoslayerup.com.br\/smeducacao\/wp-content\/uploads\/2023\/05\/05-1-300x281.png 300w, https:\/\/projetoslayerup.com.br\/smeducacao\/wp-content\/uploads\/2023\/05\/05-1-768x718.png 768w\" sizes=\"auto, (max-width: 1000px) 100vw, 1000px\" \/><\/a><\/p>\n<h2><span style=\"font-weight: 400;\">Prepare uma gera\u00e7\u00e3o alinhada \u00e0s novas experi\u00eancias de aprendizado com a qualidade SM Educa\u00e7\u00e3o<\/span><\/h2>\n<p><span style=\"font-weight: 400;\">Sabendo que orientar a escola para um ensino transformador \u00e9 o caminho para <\/span><a href=\"https:\/\/projetoslayerup.com.br\/smeducacao\/#solucoes\" target=\"_blank\" rel=\"noopener\"><b>construir o futuro que come\u00e7a na sala de aula<\/b><\/a><span style=\"font-weight: 400;\">, a SM Educa\u00e7\u00e3o estar\u00e1 presente em mais uma edi\u00e7\u00e3o do Programa Nacional do Livro Did\u00e1tico.<\/span><\/p>\n<p><span style=\"font-weight: 400;\">Com materiais qualificados<\/span> <span style=\"font-weight: 400;\">e apoiados por um trabalho que comprovadamente traz resultados, somente no \u00faltimo ano registramos quase <\/span><b>20 milh\u00f5es de alunos<\/b><span style=\"font-weight: 400;\"> e <\/span><b>15 mil escolas<\/b><span style=\"font-weight: 400;\"> utilizando os livros da editora.<\/span><\/p>\n<p><span style=\"font-weight: 400;\">No PNLD 2024, mais do que n\u00fameros, queremos estar lado a lado com a sua institui\u00e7\u00e3o para oferecer <\/span><b>apoio em todas as etapas<\/b><span style=\"font-weight: 400;\"> do programa, com conte\u00fados indispens\u00e1veis para quem busca fazer a melhor escolha nos Anos Finais.<\/span><\/p>\n<p><span style=\"font-weight: 400;\">Continue acompanhando nossas publica\u00e7\u00f5es e conte com a nossa equipe especializada para tirar todas as d\u00favidas. Juntos cuidamos da educa\u00e7\u00e3o!<\/span><\/p>\n<p><a href=\"https:\/\/pnld.smeducacao.com.br\/\" target=\"_blank\" rel=\"noopener\"><img loading=\"lazy\" decoding=\"async\" class=\"size-full wp-image-6435 aligncenter\" src=\"https:\/\/projetoslayerup.com.br\/smeducacao\/wp-content\/uploads\/2023\/05\/BLOGPOST-01.png\" alt=\"SM Educa\u00e7\u00e3o no PNLD 2024\" width=\"538\" height=\"280\" srcset=\"https:\/\/projetoslayerup.com.br\/smeducacao\/wp-content\/uploads\/2023\/05\/BLOGPOST-01.png 538w, https:\/\/projetoslayerup.com.br\/smeducacao\/wp-content\/uploads\/2023\/05\/BLOGPOST-01-300x156.png 300w\" sizes=\"auto, (max-width: 538px) 100vw, 538px\" \/><\/a><\/p>\n","protected":false},"excerpt":{"rendered":"<p>Chegamos ao importante momento de escolha das obras para os Anos Finais do Ensino Fundamental, no Programa Nacional do Livro Did\u00e1tico \u2014 PNLD 2024.\u00a0 Nessa jornada, a SM Educa\u00e7\u00e3o, refer\u00eancia em educa\u00e7\u00e3o b\u00e1sica no Brasil h\u00e1 mais de 85 anos, segue lado a lado com a sua escola. Para isso, mantemos o prop\u00f3sito de desenvolver [&hellip;]<\/p>\n","protected":false},"author":2,"featured_media":6341,"comment_status":"open","ping_status":"open","sticky":false,"template":"","format":"standard","meta":{"_acf_changed":false,"footnotes":""},"categories":[5,17],"tags":[37,99,119],"blog_nivel_escolar":[],"blog_segmento_escolar":[],"class_list":["post-6330","post","type-post","status-publish","format-standard","has-post-thumbnail","hentry","category-pnld","category-solucoes-educacionais","tag-ensino-fundamental","tag-livros-didaticos","tag-pnld-2024"],"acf":[],"yoast_head":"<!-- This site is optimized with the Yoast SEO plugin v28.3 - https:\/\/yoast.com\/product\/yoast-seo-wordpress\/ -->\n<title>PNLD 2024: entenda a din\u00e2mica e o que muda nos Anos Finais do Ensino Fundamental - SM Educa\u00e7\u00e3o - Juntos cuidamos da educa\u00e7\u00e3o!<\/title>\n<meta name=\"description\" content=\"Destinado aos Anos Finais do Ensino Fundamental, o PNLD 2024 sugere propostas inovadoras para a educa\u00e7\u00e3o nas escolas p\u00fablicas de todo o pa\u00eds.\" \/>\n<meta name=\"robots\" content=\"noindex, follow, max-snippet:-1, max-image-preview:large, max-video-preview:-1\" \/>\n<meta property=\"og:locale\" content=\"pt_BR\" \/>\n<meta property=\"og:type\" content=\"article\" \/>\n<meta property=\"og:title\" content=\"PNLD 2024: entenda a din\u00e2mica e o que muda nos Anos Finais do Ensino Fundamental - SM Educa\u00e7\u00e3o - Juntos cuidamos da educa\u00e7\u00e3o!\" \/>\n<meta property=\"og:description\" content=\"Destinado aos Anos Finais do Ensino Fundamental, o PNLD 2024 sugere propostas inovadoras para a educa\u00e7\u00e3o nas escolas p\u00fablicas de todo o pa\u00eds.\" \/>\n<meta property=\"og:url\" content=\"https:\/\/projetoslayerup.com.br\/smeducacao\/pnld-2024-entenda-a-dinamica-e-o-que-muda-nos-anos-finais-do-ensino-fundamental\/\" \/>\n<meta property=\"og:site_name\" content=\"SM Educa\u00e7\u00e3o - Juntos cuidamos da educa\u00e7\u00e3o!\" \/>\n<meta property=\"article:published_time\" content=\"2023-05-05T14:54:23+00:00\" \/>\n<meta property=\"article:modified_time\" content=\"2026-08-19T18:26:30+00:00\" \/>\n<meta property=\"og:image\" content=\"https:\/\/projetoslayerup.com.br\/smeducacao\/wp-content\/uploads\/2023\/05\/HEADER-3.png\" \/>\n\t<meta property=\"og:image:width\" content=\"1200\" \/>\n\t<meta property=\"og:image:height\" content=\"803\" \/>\n\t<meta property=\"og:image:type\" content=\"image\/png\" \/>\n<meta name=\"author\" content=\"SM Educa\u00e7\u00e3o\" \/>\n<meta name=\"twitter:card\" content=\"summary_large_image\" \/>\n<meta name=\"twitter:label1\" content=\"Escrito por\" \/>\n\t<meta name=\"twitter:data1\" content=\"SM Educa\u00e7\u00e3o\" \/>\n\t<meta name=\"twitter:label2\" content=\"Est. tempo de leitura\" \/>\n\t<meta name=\"twitter:data2\" content=\"7 minutos\" \/>\n<script type=\"application\/ld+json\" class=\"yoast-schema-graph\">{\"@context\":\"https:\\\/\\\/schema.org\",\"@graph\":[{\"@type\":\"Article\",\"@id\":\"https:\\\/\\\/projetoslayerup.com.br\\\/smeducacao\\\/pnld-2024-entenda-a-dinamica-e-o-que-muda-nos-anos-finais-do-ensino-fundamental\\\/#article\",\"isPartOf\":{\"@id\":\"https:\\\/\\\/projetoslayerup.com.br\\\/smeducacao\\\/pnld-2024-entenda-a-dinamica-e-o-que-muda-nos-anos-finais-do-ensino-fundamental\\\/\"},\"author\":{\"name\":\"SM Educa\u00e7\u00e3o\",\"@id\":\"https:\\\/\\\/projetoslayerup.com.br\\\/smeducacao\\\/#\\\/schema\\\/person\\\/45d7d41388698d0f902ff276caab47f5\"},\"headline\":\"PNLD 2024: entenda a din\u00e2mica e o que muda nos Anos Finais do Ensino Fundamental\",\"datePublished\":\"2023-05-05T14:54:23+00:00\",\"dateModified\":\"2026-08-19T18:26:30+00:00\",\"mainEntityOfPage\":{\"@id\":\"https:\\\/\\\/projetoslayerup.com.br\\\/smeducacao\\\/pnld-2024-entenda-a-dinamica-e-o-que-muda-nos-anos-finais-do-ensino-fundamental\\\/\"},\"wordCount\":1005,\"commentCount\":0,\"image\":{\"@id\":\"https:\\\/\\\/projetoslayerup.com.br\\\/smeducacao\\\/pnld-2024-entenda-a-dinamica-e-o-que-muda-nos-anos-finais-do-ensino-fundamental\\\/#primaryimage\"},\"thumbnailUrl\":\"https:\\\/\\\/projetoslayerup.com.br\\\/smeducacao\\\/wp-content\\\/uploads\\\/2023\\\/05\\\/HEADER-3.png\",\"keywords\":[\"ensino fundamental\",\"livros did\u00e1ticos\",\"PNLD 2024\"],\"articleSection\":[\"PNLD\",\"Solu\u00e7\u00f5es educacionais\"],\"inLanguage\":\"pt-BR\",\"potentialAction\":[{\"@type\":\"CommentAction\",\"name\":\"Comment\",\"target\":[\"https:\\\/\\\/projetoslayerup.com.br\\\/smeducacao\\\/pnld-2024-entenda-a-dinamica-e-o-que-muda-nos-anos-finais-do-ensino-fundamental\\\/#respond\"]}]},{\"@type\":\"WebPage\",\"@id\":\"https:\\\/\\\/projetoslayerup.com.br\\\/smeducacao\\\/pnld-2024-entenda-a-dinamica-e-o-que-muda-nos-anos-finais-do-ensino-fundamental\\\/\",\"url\":\"https:\\\/\\\/projetoslayerup.com.br\\\/smeducacao\\\/pnld-2024-entenda-a-dinamica-e-o-que-muda-nos-anos-finais-do-ensino-fundamental\\\/\",\"name\":\"PNLD 2024: entenda a din\u00e2mica e o que muda nos Anos Finais do Ensino Fundamental - SM Educa\u00e7\u00e3o - Juntos cuidamos da educa\u00e7\u00e3o!\",\"isPartOf\":{\"@id\":\"https:\\\/\\\/projetoslayerup.com.br\\\/smeducacao\\\/#website\"},\"primaryImageOfPage\":{\"@id\":\"https:\\\/\\\/projetoslayerup.com.br\\\/smeducacao\\\/pnld-2024-entenda-a-dinamica-e-o-que-muda-nos-anos-finais-do-ensino-fundamental\\\/#primaryimage\"},\"image\":{\"@id\":\"https:\\\/\\\/projetoslayerup.com.br\\\/smeducacao\\\/pnld-2024-entenda-a-dinamica-e-o-que-muda-nos-anos-finais-do-ensino-fundamental\\\/#primaryimage\"},\"thumbnailUrl\":\"https:\\\/\\\/projetoslayerup.com.br\\\/smeducacao\\\/wp-content\\\/uploads\\\/2023\\\/05\\\/HEADER-3.png\",\"datePublished\":\"2023-05-05T14:54:23+00:00\",\"dateModified\":\"2026-08-19T18:26:30+00:00\",\"author\":{\"@id\":\"https:\\\/\\\/projetoslayerup.com.br\\\/smeducacao\\\/#\\\/schema\\\/person\\\/45d7d41388698d0f902ff276caab47f5\"},\"description\":\"Destinado aos Anos Finais do Ensino Fundamental, o PNLD 2024 sugere propostas inovadoras para a educa\u00e7\u00e3o nas escolas p\u00fablicas de todo o pa\u00eds.\",\"breadcrumb\":{\"@id\":\"https:\\\/\\\/projetoslayerup.com.br\\\/smeducacao\\\/pnld-2024-entenda-a-dinamica-e-o-que-muda-nos-anos-finais-do-ensino-fundamental\\\/#breadcrumb\"},\"inLanguage\":\"pt-BR\",\"potentialAction\":[{\"@type\":\"ReadAction\",\"target\":[\"https:\\\/\\\/projetoslayerup.com.br\\\/smeducacao\\\/pnld-2024-entenda-a-dinamica-e-o-que-muda-nos-anos-finais-do-ensino-fundamental\\\/\"]}]},{\"@type\":\"ImageObject\",\"inLanguage\":\"pt-BR\",\"@id\":\"https:\\\/\\\/projetoslayerup.com.br\\\/smeducacao\\\/pnld-2024-entenda-a-dinamica-e-o-que-muda-nos-anos-finais-do-ensino-fundamental\\\/#primaryimage\",\"url\":\"https:\\\/\\\/projetoslayerup.com.br\\\/smeducacao\\\/wp-content\\\/uploads\\\/2023\\\/05\\\/HEADER-3.png\",\"contentUrl\":\"https:\\\/\\\/projetoslayerup.com.br\\\/smeducacao\\\/wp-content\\\/uploads\\\/2023\\\/05\\\/HEADER-3.png\",\"width\":1200,\"height\":803,\"caption\":\"Din\u00e2mica PNLD 2024\"},{\"@type\":\"BreadcrumbList\",\"@id\":\"https:\\\/\\\/projetoslayerup.com.br\\\/smeducacao\\\/pnld-2024-entenda-a-dinamica-e-o-que-muda-nos-anos-finais-do-ensino-fundamental\\\/#breadcrumb\",\"itemListElement\":[{\"@type\":\"ListItem\",\"position\":1,\"name\":\"In\u00edcio\",\"item\":\"https:\\\/\\\/projetoslayerup.com.br\\\/smeducacao\\\/\"},{\"@type\":\"ListItem\",\"position\":2,\"name\":\"PNLD 2024: entenda a din\u00e2mica e o que muda nos Anos Finais do Ensino Fundamental\"}]},{\"@type\":\"WebSite\",\"@id\":\"https:\\\/\\\/projetoslayerup.com.br\\\/smeducacao\\\/#website\",\"url\":\"https:\\\/\\\/projetoslayerup.com.br\\\/smeducacao\\\/\",\"name\":\"SM Educa\u00e7\u00e3o - Juntos cuidamos da educa\u00e7\u00e3o!\",\"description\":\"Transformamos a educa\u00e7\u00e3o por meio de solu\u00e7\u00f5es digitais, solu\u00e7\u00f5es did\u00e1ticas para uma aprendizagem personalizada e solu\u00e7\u00f5es estrat\u00e9gicas eficientes. Juntos cuidamos da Educa\u00e7\u00e3o!\",\"potentialAction\":[{\"@type\":\"SearchAction\",\"target\":{\"@type\":\"EntryPoint\",\"urlTemplate\":\"https:\\\/\\\/projetoslayerup.com.br\\\/smeducacao\\\/?s={search_term_string}\"},\"query-input\":{\"@type\":\"PropertyValueSpecification\",\"valueRequired\":true,\"valueName\":\"search_term_string\"}}],\"inLanguage\":\"pt-BR\"},{\"@type\":\"Person\",\"@id\":\"https:\\\/\\\/projetoslayerup.com.br\\\/smeducacao\\\/#\\\/schema\\\/person\\\/45d7d41388698d0f902ff276caab47f5\",\"name\":\"SM Educa\u00e7\u00e3o\",\"image\":{\"@type\":\"ImageObject\",\"inLanguage\":\"pt-BR\",\"@id\":\"https:\\\/\\\/secure.gravatar.com\\\/avatar\\\/24327468bc2a6fb95889620b4158620d90c5e352f7a18c30af0e3f8cb70bc104?s=96&d=mm&r=g\",\"url\":\"https:\\\/\\\/secure.gravatar.com\\\/avatar\\\/24327468bc2a6fb95889620b4158620d90c5e352f7a18c30af0e3f8cb70bc104?s=96&d=mm&r=g\",\"contentUrl\":\"https:\\\/\\\/secure.gravatar.com\\\/avatar\\\/24327468bc2a6fb95889620b4158620d90c5e352f7a18c30af0e3f8cb70bc104?s=96&d=mm&r=g\",\"caption\":\"SM Educa\u00e7\u00e3o\"},\"url\":\"https:\\\/\\\/projetoslayerup.com.br\\\/smeducacao\\\/author\\\/smeducacao2021\\\/\"}]}<\/script>\n<!-- \/ Yoast SEO plugin. -->","yoast_head_json":{"title":"PNLD 2024: entenda a din\u00e2mica e o que muda nos Anos Finais do Ensino Fundamental - SM Educa\u00e7\u00e3o - Juntos cuidamos da educa\u00e7\u00e3o!","description":"Destinado aos Anos Finais do Ensino Fundamental, o PNLD 2024 sugere propostas inovadoras para a educa\u00e7\u00e3o nas escolas p\u00fablicas de todo o pa\u00eds.","robots":{"index":"noindex","follow":"follow","max-snippet":"max-snippet:-1","max-image-preview":"max-image-preview:large","max-video-preview":"max-video-preview:-1"},"og_locale":"pt_BR","og_type":"article","og_title":"PNLD 2024: entenda a din\u00e2mica e o que muda nos Anos Finais do Ensino Fundamental - SM Educa\u00e7\u00e3o - Juntos cuidamos da educa\u00e7\u00e3o!","og_description":"Destinado aos Anos Finais do Ensino Fundamental, o PNLD 2024 sugere propostas inovadoras para a educa\u00e7\u00e3o nas escolas p\u00fablicas de todo o pa\u00eds.","og_url":"https:\/\/projetoslayerup.com.br\/smeducacao\/pnld-2024-entenda-a-dinamica-e-o-que-muda-nos-anos-finais-do-ensino-fundamental\/","og_site_name":"SM Educa\u00e7\u00e3o - Juntos cuidamos da educa\u00e7\u00e3o!","article_published_time":"2023-05-05T14:54:23+00:00","article_modified_time":"2026-08-19T18:26:30+00:00","og_image":[{"width":1200,"height":803,"url":"https:\/\/projetoslayerup.com.br\/smeducacao\/wp-content\/uploads\/2023\/05\/HEADER-3.png","type":"image\/png"}],"author":"SM Educa\u00e7\u00e3o","twitter_card":"summary_large_image","twitter_misc":{"Escrito por":"SM Educa\u00e7\u00e3o","Est. tempo de leitura":"7 minutos"},"schema":{"@context":"https:\/\/schema.org","@graph":[{"@type":"Article","@id":"https:\/\/projetoslayerup.com.br\/smeducacao\/pnld-2024-entenda-a-dinamica-e-o-que-muda-nos-anos-finais-do-ensino-fundamental\/#article","isPartOf":{"@id":"https:\/\/projetoslayerup.com.br\/smeducacao\/pnld-2024-entenda-a-dinamica-e-o-que-muda-nos-anos-finais-do-ensino-fundamental\/"},"author":{"name":"SM Educa\u00e7\u00e3o","@id":"https:\/\/projetoslayerup.com.br\/smeducacao\/#\/schema\/person\/45d7d41388698d0f902ff276caab47f5"},"headline":"PNLD 2024: entenda a din\u00e2mica e o que muda nos Anos Finais do Ensino Fundamental","datePublished":"2023-05-05T14:54:23+00:00","dateModified":"2026-08-19T18:26:30+00:00","mainEntityOfPage":{"@id":"https:\/\/projetoslayerup.com.br\/smeducacao\/pnld-2024-entenda-a-dinamica-e-o-que-muda-nos-anos-finais-do-ensino-fundamental\/"},"wordCount":1005,"commentCount":0,"image":{"@id":"https:\/\/projetoslayerup.com.br\/smeducacao\/pnld-2024-entenda-a-dinamica-e-o-que-muda-nos-anos-finais-do-ensino-fundamental\/#primaryimage"},"thumbnailUrl":"https:\/\/projetoslayerup.com.br\/smeducacao\/wp-content\/uploads\/2023\/05\/HEADER-3.png","keywords":["ensino fundamental","livros did\u00e1ticos","PNLD 2024"],"articleSection":["PNLD","Solu\u00e7\u00f5es educacionais"],"inLanguage":"pt-BR","potentialAction":[{"@type":"CommentAction","name":"Comment","target":["https:\/\/projetoslayerup.com.br\/smeducacao\/pnld-2024-entenda-a-dinamica-e-o-que-muda-nos-anos-finais-do-ensino-fundamental\/#respond"]}]},{"@type":"WebPage","@id":"https:\/\/projetoslayerup.com.br\/smeducacao\/pnld-2024-entenda-a-dinamica-e-o-que-muda-nos-anos-finais-do-ensino-fundamental\/","url":"https:\/\/projetoslayerup.com.br\/smeducacao\/pnld-2024-entenda-a-dinamica-e-o-que-muda-nos-anos-finais-do-ensino-fundamental\/","name":"PNLD 2024: entenda a din\u00e2mica e o que muda nos Anos Finais do Ensino Fundamental - SM Educa\u00e7\u00e3o - Juntos cuidamos da educa\u00e7\u00e3o!","isPartOf":{"@id":"https:\/\/projetoslayerup.com.br\/smeducacao\/#website"},"primaryImageOfPage":{"@id":"https:\/\/projetoslayerup.com.br\/smeducacao\/pnld-2024-entenda-a-dinamica-e-o-que-muda-nos-anos-finais-do-ensino-fundamental\/#primaryimage"},"image":{"@id":"https:\/\/projetoslayerup.com.br\/smeducacao\/pnld-2024-entenda-a-dinamica-e-o-que-muda-nos-anos-finais-do-ensino-fundamental\/#primaryimage"},"thumbnailUrl":"https:\/\/projetoslayerup.com.br\/smeducacao\/wp-content\/uploads\/2023\/05\/HEADER-3.png","datePublished":"2023-05-05T14:54:23+00:00","dateModified":"2026-08-19T18:26:30+00:00","author":{"@id":"https:\/\/projetoslayerup.com.br\/smeducacao\/#\/schema\/person\/45d7d41388698d0f902ff276caab47f5"},"description":"Destinado aos Anos Finais do Ensino Fundamental, o PNLD 2024 sugere propostas inovadoras para a educa\u00e7\u00e3o nas escolas p\u00fablicas de todo o pa\u00eds.","breadcrumb":{"@id":"https:\/\/projetoslayerup.com.br\/smeducacao\/pnld-2024-entenda-a-dinamica-e-o-que-muda-nos-anos-finais-do-ensino-fundamental\/#breadcrumb"},"inLanguage":"pt-BR","potentialAction":[{"@type":"ReadAction","target":["https:\/\/projetoslayerup.com.br\/smeducacao\/pnld-2024-entenda-a-dinamica-e-o-que-muda-nos-anos-finais-do-ensino-fundamental\/"]}]},{"@type":"ImageObject","inLanguage":"pt-BR","@id":"https:\/\/projetoslayerup.com.br\/smeducacao\/pnld-2024-entenda-a-dinamica-e-o-que-muda-nos-anos-finais-do-ensino-fundamental\/#primaryimage","url":"https:\/\/projetoslayerup.com.br\/smeducacao\/wp-content\/uploads\/2023\/05\/HEADER-3.png","contentUrl":"https:\/\/projetoslayerup.com.br\/smeducacao\/wp-content\/uploads\/2023\/05\/HEADER-3.png","width":1200,"height":803,"caption":"Din\u00e2mica PNLD 2024"},{"@type":"BreadcrumbList","@id":"https:\/\/projetoslayerup.com.br\/smeducacao\/pnld-2024-entenda-a-dinamica-e-o-que-muda-nos-anos-finais-do-ensino-fundamental\/#breadcrumb","itemListElement":[{"@type":"ListItem","position":1,"name":"In\u00edcio","item":"https:\/\/projetoslayerup.com.br\/smeducacao\/"},{"@type":"ListItem","position":2,"name":"PNLD 2024: entenda a din\u00e2mica e o que muda nos Anos Finais do Ensino Fundamental"}]},{"@type":"WebSite","@id":"https:\/\/projetoslayerup.com.br\/smeducacao\/#website","url":"https:\/\/projetoslayerup.com.br\/smeducacao\/","name":"SM Educa\u00e7\u00e3o - Juntos cuidamos da educa\u00e7\u00e3o!","description":"Transformamos a educa\u00e7\u00e3o por meio de solu\u00e7\u00f5es digitais, solu\u00e7\u00f5es did\u00e1ticas para uma aprendizagem personalizada e solu\u00e7\u00f5es estrat\u00e9gicas eficientes. Juntos cuidamos da Educa\u00e7\u00e3o!","potentialAction":[{"@type":"SearchAction","target":{"@type":"EntryPoint","urlTemplate":"https:\/\/projetoslayerup.com.br\/smeducacao\/?s={search_term_string}"},"query-input":{"@type":"PropertyValueSpecification","valueRequired":true,"valueName":"search_term_string"}}],"inLanguage":"pt-BR"},{"@type":"Person","@id":"https:\/\/projetoslayerup.com.br\/smeducacao\/#\/schema\/person\/45d7d41388698d0f902ff276caab47f5","name":"SM Educa\u00e7\u00e3o","image":{"@type":"ImageObject","inLanguage":"pt-BR","@id":"https:\/\/secure.gravatar.com\/avatar\/24327468bc2a6fb95889620b4158620d90c5e352f7a18c30af0e3f8cb70bc104?s=96&d=mm&r=g","url":"https:\/\/secure.gravatar.com\/avatar\/24327468bc2a6fb95889620b4158620d90c5e352f7a18c30af0e3f8cb70bc104?s=96&d=mm&r=g","contentUrl":"https:\/\/secure.gravatar.com\/avatar\/24327468bc2a6fb95889620b4158620d90c5e352f7a18c30af0e3f8cb70bc104?s=96&d=mm&r=g","caption":"SM Educa\u00e7\u00e3o"},"url":"https:\/\/projetoslayerup.com.br\/smeducacao\/author\/smeducacao2021\/"}]}},"_links":{"self":[{"href":"https:\/\/projetoslayerup.com.br\/smeducacao\/wp-json\/wp\/v2\/posts\/6330","targetHints":{"allow":["GET"]}}],"collection":[{"href":"https:\/\/projetoslayerup.com.br\/smeducacao\/wp-json\/wp\/v2\/posts"}],"about":[{"href":"https:\/\/projetoslayerup.com.br\/smeducacao\/wp-json\/wp\/v2\/types\/post"}],"author":[{"embeddable":true,"href":"https:\/\/projetoslayerup.com.br\/smeducacao\/wp-json\/wp\/v2\/users\/2"}],"replies":[{"embeddable":true,"href":"https:\/\/projetoslayerup.com.br\/smeducacao\/wp-json\/wp\/v2\/comments?post=6330"}],"version-history":[{"count":1,"href":"https:\/\/projetoslayerup.com.br\/smeducacao\/wp-json\/wp\/v2\/posts\/6330\/revisions"}],"predecessor-version":[{"id":13386,"href":"https:\/\/projetoslayerup.com.br\/smeducacao\/wp-json\/wp\/v2\/posts\/6330\/revisions\/13386"}],"wp:featuredmedia":[{"embeddable":true,"href":"https:\/\/projetoslayerup.com.br\/smeducacao\/wp-json\/wp\/v2\/media\/6341"}],"wp:attachment":[{"href":"https:\/\/projetoslayerup.com.br\/smeducacao\/wp-json\/wp\/v2\/media?parent=6330"}],"wp:term":[{"taxonomy":"category","embeddable":true,"href":"https:\/\/projetoslayerup.com.br\/smeducacao\/wp-json\/wp\/v2\/categories?post=6330"},{"taxonomy":"post_tag","embeddable":true,"href":"https:\/\/projetoslayerup.com.br\/smeducacao\/wp-json\/wp\/v2\/tags?post=6330"},{"taxonomy":"blog_nivel_escolar","embeddable":true,"href":"https:\/\/projetoslayerup.com.br\/smeducacao\/wp-json\/wp\/v2\/blog_nivel_escolar?post=6330"},{"taxonomy":"blog_segmento_escolar","embeddable":true,"href":"https:\/\/projetoslayerup.com.br\/smeducacao\/wp-json\/wp\/v2\/blog_segmento_escolar?post=6330"}],"curies":[{"name":"wp","href":"https:\/\/api.w.org\/{rel}","templated":true}]}}